{"id":109956,"date":"2025-06-04T19:04:25","date_gmt":"2025-06-05T02:04:25","guid":{"rendered":"https:\/\/fuentesfidedignas.com.mx\/?p=109956"},"modified":"2025-06-04T19:04:25","modified_gmt":"2025-06-05T02:04:25","slug":"cnte-vuelve-a-rechazar-propuestas-de-segob","status":"publish","type":"post","link":"https:\/\/fuentesfidedignas.com.mx\/index.php\/2025\/06\/04\/cnte-vuelve-a-rechazar-propuestas-de-segob\/","title":{"rendered":"CNTE vuelve a rechazar propuestas de Segob"},"content":{"rendered":"\n<p><\/p>\n\n\n\n<p><strong><em>La CNTE indic\u00f3 que los planteamientos del gobierno fueron calificados como \u201cimprecisos, demag\u00f3gicos e insuficientes\u201d<\/em><\/strong><\/p>\n\n\n\n<p>La&nbsp;<strong>Coordinadora Nacional de Trabajadores de la Educaci\u00f3n (CNTE)<\/strong>&nbsp;rechaz\u00f3 nuevamente las propuestas del gobierno federal, tras una reuni\u00f3n de tres horas con los titulares de las secretar\u00edas de&nbsp;<strong>Gobernaci\u00f3n<\/strong>&nbsp;y&nbsp;<strong>Educaci\u00f3n,<\/strong>&nbsp;as\u00ed como con el director del Instituto de Seguridad y Servicios Sociales de los Trabajadores del Estado&nbsp;<strong>(ISSSTE).<\/strong><\/p>\n\n\n\n<p>Seg\u00fan declaraciones de sus representantes, los planteamientos del gobierno fueron calificados como&nbsp;<strong>\u201cimprecisos, demag\u00f3gicos e insuficientes\u201d,<\/strong>&nbsp;motivo por el cual fueron desechados por la coordinadora.<\/p>\n\n\n\n<blockquote class=\"wp-block-quote is-layout-flow wp-block-quote-is-layout-flow\">\n<p>\u201cHoy en esta mesa nos volvieron a decir que tienen voluntad al di\u00e1logo y m\u00e1s di\u00e1logo, y nosotros decimos: llevamos siete a\u00f1os de di\u00e1logo y m\u00e1s di\u00e1logo, ya no queremos di\u00e1logo, queremos respuestas\u201d, expres\u00f3 Yenny P\u00e9rez, dirigente de la Secci\u00f3n 22 de Oaxaca.<\/p>\n<\/blockquote>\n\n\n\n<p>Durante la reuni\u00f3n,<strong>&nbsp;el gobierno reiter\u00f3 que las propuestas presentadas desde el pasado 28 de mayo<\/strong>son las \u00fanicas y definitivas.<\/p>\n\n\n\n<p>Ante ello, la CNTE anunci\u00f3 que no continuar\u00e1 el di\u00e1logo y convoc\u00f3 a una Asamblea esta noche con todas las secciones para&nbsp;<strong>definir el siguiente paso de sus movilizaciones.<\/strong>&nbsp;No obstante, afirmaron que el plant\u00f3n continuar\u00e1.<\/p>\n\n\n\n<blockquote class=\"wp-block-quote is-layout-flow wp-block-quote-is-layout-flow\">\n<p>\u201cLa demanda es muy puntual, compa\u00f1eras y compa\u00f1eros: abrogaci\u00f3n total a la reforma de la Ley del ISSSTE. En tanto eso no se d\u00e9, la lucha sigue hacia adelante. Lo que s\u00ed es cierto es que son nuestras instancias las que definen, dise\u00f1an, y no somos nosotros\u201d, destac\u00f3 Isael Gonz\u00e1lez, de la Secci\u00f3n 7 de la CNTE.<\/p>\n<\/blockquote>\n\n\n\n<p>Los maestros se\u00f1alaron que Claudia Sheinbaum es la \u00fanica que puede dar soluci\u00f3n a sus exigencias, por lo que solicitaron abrir una mesa de di\u00e1logo con la presidenta.<\/p>\n\n\n\n<p>\u201cNecesitamos sentarnos con la Presidenta para que de viva voz nos diga que no est\u00e1 rebasada por este movimiento, porque es la percepci\u00f3n que nos ha dejado ver, que por eso no se quiere sentar, no tiene respuestas con el movimiento democr\u00e1tico. Por eso manda a sus nefastos, que no tienen otro discurso m\u00e1s que repetir lo mismo todos los d\u00edas: \u2018hay di\u00e1logo, di\u00e1logo, di\u00e1logo\u2019, pero no se mueven. Por eso nos paramos\u201d, dijo la representaci\u00f3n de Guerrero.<\/p>\n","protected":false},"excerpt":{"rendered":"<p>La CNTE indic\u00f3 que los planteamientos del gobierno fueron calificados como \u201cimprecisos, demag\u00f3gicos e insuficientes\u201d La&nbsp;Coordinadora Nacional de Trabajadores de la Educaci\u00f3n (CNTE)&nbsp;rechaz\u00f3 nuevamente las propuestas del gobierno federal, tras una reuni\u00f3n de tres horas con los titulares de las secretar\u00edas de&nbsp;Gobernaci\u00f3n&nbsp;y&nbsp;Educaci\u00f3n,&nbsp;as\u00ed como con el director del Instituto de Seguridad y Servicios Sociales de los [&hellip;]<\/p>\n","protected":false},"author":9,"featured_media":109772,"comment_status":"closed","ping_status":"open","sticky":false,"template":"","format":"standard","meta":{"tdm_status":"","tdm_grid_status":"","footnotes":""},"categories":[39],"tags":[],"class_list":{"0":"post-109956","1":"post","2":"type-post","3":"status-publish","4":"format-standard","5":"has-post-thumbnail","7":"category-noticias-nacionales"},"yoast_head":"<!-- This site is optimized with the Yoast SEO plugin v27.4 - https:\/\/yoast.com\/product\/yoast-seo-wordpress\/ -->\n<title>CNTE vuelve a rechazar propuestas de Segob - Fuentes Fidedignas<\/title>\n<meta name=\"robots\" content=\"index, follow, max-snippet:-1, max-image-preview:large, max-video-preview:-1\" \/>\n<link rel=\"canonical\" href=\"https:\/\/fuentesfidedignas.com.mx\/index.php\/2025\/06\/04\/cnte-vuelve-a-rechazar-propuestas-de-segob\/\" \/>\n<meta property=\"og:locale\" content=\"es_MX\" \/>\n<meta property=\"og:type\" content=\"article\" \/>\n<meta property=\"og:title\" content=\"CNTE vuelve a rechazar propuestas de Segob - Fuentes Fidedignas\" \/>\n<meta property=\"og:description\" content=\"La CNTE indic\u00f3 que los planteamientos del gobierno fueron calificados como \u201cimprecisos, demag\u00f3gicos e insuficientes\u201d La&nbsp;Coordinadora Nacional de Trabajadores de la Educaci\u00f3n (CNTE)&nbsp;rechaz\u00f3 nuevamente las propuestas del gobierno federal, tras una reuni\u00f3n de tres horas con los titulares de las secretar\u00edas de&nbsp;Gobernaci\u00f3n&nbsp;y&nbsp;Educaci\u00f3n,&nbsp;as\u00ed como con el director del Instituto de Seguridad y Servicios Sociales de los [&hellip;]\" \/>\n<meta property=\"og:url\" content=\"https:\/\/fuentesfidedignas.com.mx\/index.php\/2025\/06\/04\/cnte-vuelve-a-rechazar-propuestas-de-segob\/\" \/>\n<meta property=\"og:site_name\" content=\"Fuentes Fidedignas\" \/>\n<meta property=\"article:publisher\" content=\"https:\/\/www.facebook.com\/Fuentes-Fidedignas-368234489921644\" \/>\n<meta property=\"article:published_time\" content=\"2025-06-05T02:04:25+00:00\" \/>\n<meta property=\"og:image\" content=\"https:\/\/fuentesfidedignas.com.mx\/wp-content\/uploads\/2025\/06\/img_5578-1.jpg\" \/>\n\t<meta property=\"og:image:width\" content=\"1536\" \/>\n\t<meta property=\"og:image:height\" content=\"1024\" \/>\n\t<meta property=\"og:image:type\" content=\"image\/jpeg\" \/>\n<meta name=\"author\" content=\"Milenio\" \/>\n<meta name=\"twitter:card\" content=\"summary_large_image\" \/>\n<meta name=\"twitter:creator\" content=\"@fidedignas\" \/>\n<meta name=\"twitter:site\" content=\"@fidedignas\" \/>\n<meta name=\"twitter:label1\" content=\"Escrito por\" \/>\n\t<meta name=\"twitter:data1\" content=\"Milenio\" \/>\n\t<meta name=\"twitter:label2\" content=\"Tiempo de lectura\" \/>\n\t<meta name=\"twitter:data2\" content=\"2 minutos\" \/>\n<script type=\"application\/ld+json\" class=\"yoast-schema-graph\">{\"@context\":\"https:\\\/\\\/schema.org\",\"@graph\":[{\"@type\":\"Article\",\"@id\":\"https:\\\/\\\/fuentesfidedignas.com.mx\\\/index.php\\\/2025\\\/06\\\/04\\\/cnte-vuelve-a-rechazar-propuestas-de-segob\\\/#article\",\"isPartOf\":{\"@id\":\"https:\\\/\\\/fuentesfidedignas.com.mx\\\/index.php\\\/2025\\\/06\\\/04\\\/cnte-vuelve-a-rechazar-propuestas-de-segob\\\/\"},\"author\":{\"name\":\"Milenio\",\"@id\":\"https:\\\/\\\/fuentesfidedignas.com.mx\\\/#\\\/schema\\\/person\\\/47ec0135738f4b0c7495f06a77a2c976\"},\"headline\":\"CNTE vuelve a rechazar propuestas de Segob\",\"datePublished\":\"2025-06-05T02:04:25+00:00\",\"mainEntityOfPage\":{\"@id\":\"https:\\\/\\\/fuentesfidedignas.com.mx\\\/index.php\\\/2025\\\/06\\\/04\\\/cnte-vuelve-a-rechazar-propuestas-de-segob\\\/\"},\"wordCount\":406,\"publisher\":{\"@id\":\"https:\\\/\\\/fuentesfidedignas.com.mx\\\/#organization\"},\"image\":{\"@id\":\"https:\\\/\\\/fuentesfidedignas.com.mx\\\/index.php\\\/2025\\\/06\\\/04\\\/cnte-vuelve-a-rechazar-propuestas-de-segob\\\/#primaryimage\"},\"thumbnailUrl\":\"https:\\\/\\\/fuentesfidedignas.com.mx\\\/wp-content\\\/uploads\\\/2025\\\/06\\\/img_5578-1.jpg\",\"articleSection\":[\"NOTICIAS NACIONALES\"],\"inLanguage\":\"es\"},{\"@type\":\"WebPage\",\"@id\":\"https:\\\/\\\/fuentesfidedignas.com.mx\\\/index.php\\\/2025\\\/06\\\/04\\\/cnte-vuelve-a-rechazar-propuestas-de-segob\\\/\",\"url\":\"https:\\\/\\\/fuentesfidedignas.com.mx\\\/index.php\\\/2025\\\/06\\\/04\\\/cnte-vuelve-a-rechazar-propuestas-de-segob\\\/\",\"name\":\"CNTE vuelve a rechazar propuestas de Segob - Fuentes Fidedignas\",\"isPartOf\":{\"@id\":\"https:\\\/\\\/fuentesfidedignas.com.mx\\\/#website\"},\"primaryImageOfPage\":{\"@id\":\"https:\\\/\\\/fuentesfidedignas.com.mx\\\/index.php\\\/2025\\\/06\\\/04\\\/cnte-vuelve-a-rechazar-propuestas-de-segob\\\/#primaryimage\"},\"image\":{\"@id\":\"https:\\\/\\\/fuentesfidedignas.com.mx\\\/index.php\\\/2025\\\/06\\\/04\\\/cnte-vuelve-a-rechazar-propuestas-de-segob\\\/#primaryimage\"},\"thumbnailUrl\":\"https:\\\/\\\/fuentesfidedignas.com.mx\\\/wp-content\\\/uploads\\\/2025\\\/06\\\/img_5578-1.jpg\",\"datePublished\":\"2025-06-05T02:04:25+00:00\",\"breadcrumb\":{\"@id\":\"https:\\\/\\\/fuentesfidedignas.com.mx\\\/index.php\\\/2025\\\/06\\\/04\\\/cnte-vuelve-a-rechazar-propuestas-de-segob\\\/#breadcrumb\"},\"inLanguage\":\"es\",\"potentialAction\":[{\"@type\":\"ReadAction\",\"target\":[\"https:\\\/\\\/fuentesfidedignas.com.mx\\\/index.php\\\/2025\\\/06\\\/04\\\/cnte-vuelve-a-rechazar-propuestas-de-segob\\\/\"]}]},{\"@type\":\"ImageObject\",\"inLanguage\":\"es\",\"@id\":\"https:\\\/\\\/fuentesfidedignas.com.mx\\\/index.php\\\/2025\\\/06\\\/04\\\/cnte-vuelve-a-rechazar-propuestas-de-segob\\\/#primaryimage\",\"url\":\"https:\\\/\\\/fuentesfidedignas.com.mx\\\/wp-content\\\/uploads\\\/2025\\\/06\\\/img_5578-1.jpg\",\"contentUrl\":\"https:\\\/\\\/fuentesfidedignas.com.mx\\\/wp-content\\\/uploads\\\/2025\\\/06\\\/img_5578-1.jpg\",\"width\":1536,\"height\":1024},{\"@type\":\"BreadcrumbList\",\"@id\":\"https:\\\/\\\/fuentesfidedignas.com.mx\\\/index.php\\\/2025\\\/06\\\/04\\\/cnte-vuelve-a-rechazar-propuestas-de-segob\\\/#breadcrumb\",\"itemListElement\":[{\"@type\":\"ListItem\",\"position\":1,\"name\":\"Inicio\",\"item\":\"https:\\\/\\\/fuentesfidedignas.com.mx\\\/\"},{\"@type\":\"ListItem\",\"position\":2,\"name\":\"CNTE vuelve a rechazar propuestas de Segob\"}]},{\"@type\":\"WebSite\",\"@id\":\"https:\\\/\\\/fuentesfidedignas.com.mx\\\/#website\",\"url\":\"https:\\\/\\\/fuentesfidedignas.com.mx\\\/\",\"name\":\"Fuentes Fidedignas\",\"description\":\"Otro sitio realizado con WordPress\",\"publisher\":{\"@id\":\"https:\\\/\\\/fuentesfidedignas.com.mx\\\/#organization\"},\"potentialAction\":[{\"@type\":\"SearchAction\",\"target\":{\"@type\":\"EntryPoint\",\"urlTemplate\":\"https:\\\/\\\/fuentesfidedignas.com.mx\\\/?s={search_term_string}\"},\"query-input\":{\"@type\":\"PropertyValueSpecification\",\"valueRequired\":true,\"valueName\":\"search_term_string\"}}],\"inLanguage\":\"es\"},{\"@type\":\"Organization\",\"@id\":\"https:\\\/\\\/fuentesfidedignas.com.mx\\\/#organization\",\"name\":\"Fuentes Fidedignas\",\"url\":\"https:\\\/\\\/fuentesfidedignas.com.mx\\\/\",\"logo\":{\"@type\":\"ImageObject\",\"inLanguage\":\"es\",\"@id\":\"https:\\\/\\\/fuentesfidedignas.com.mx\\\/#\\\/schema\\\/logo\\\/image\\\/\",\"url\":\"https:\\\/\\\/fuentesfidedignas.com.mx\\\/wp-content\\\/uploads\\\/2021\\\/04\\\/logo-retina.png\",\"contentUrl\":\"https:\\\/\\\/fuentesfidedignas.com.mx\\\/wp-content\\\/uploads\\\/2021\\\/04\\\/logo-retina.png\",\"width\":280,\"height\":51,\"caption\":\"Fuentes Fidedignas\"},\"image\":{\"@id\":\"https:\\\/\\\/fuentesfidedignas.com.mx\\\/#\\\/schema\\\/logo\\\/image\\\/\"},\"sameAs\":[\"https:\\\/\\\/www.facebook.com\\\/Fuentes-Fidedignas-368234489921644\",\"https:\\\/\\\/x.com\\\/fidedignas\"]},{\"@type\":\"Person\",\"@id\":\"https:\\\/\\\/fuentesfidedignas.com.mx\\\/#\\\/schema\\\/person\\\/47ec0135738f4b0c7495f06a77a2c976\",\"name\":\"Milenio\",\"image\":{\"@type\":\"ImageObject\",\"inLanguage\":\"es\",\"@id\":\"https:\\\/\\\/secure.gravatar.com\\\/avatar\\\/acabf7b54753e51c2c76457954577c236b3b764789b19879565769739d1e4a75?s=96&d=mm&r=g\",\"url\":\"https:\\\/\\\/secure.gravatar.com\\\/avatar\\\/acabf7b54753e51c2c76457954577c236b3b764789b19879565769739d1e4a75?s=96&d=mm&r=g\",\"contentUrl\":\"https:\\\/\\\/secure.gravatar.com\\\/avatar\\\/acabf7b54753e51c2c76457954577c236b3b764789b19879565769739d1e4a75?s=96&d=mm&r=g\",\"caption\":\"Milenio\"},\"url\":\"https:\\\/\\\/fuentesfidedignas.com.mx\\\/index.php\\\/author\\\/milenio\\\/\"}]}<\/script>\n<!-- \/ Yoast SEO plugin. -->","yoast_head_json":{"title":"CNTE vuelve a rechazar propuestas de Segob - Fuentes Fidedignas","robots":{"index":"index","follow":"follow","max-snippet":"max-snippet:-1","max-image-preview":"max-image-preview:large","max-video-preview":"max-video-preview:-1"},"canonical":"https:\/\/fuentesfidedignas.com.mx\/index.php\/2025\/06\/04\/cnte-vuelve-a-rechazar-propuestas-de-segob\/","og_locale":"es_MX","og_type":"article","og_title":"CNTE vuelve a rechazar propuestas de Segob - Fuentes Fidedignas","og_description":"La CNTE indic\u00f3 que los planteamientos del gobierno fueron calificados como \u201cimprecisos, demag\u00f3gicos e insuficientes\u201d La&nbsp;Coordinadora Nacional de Trabajadores de la Educaci\u00f3n (CNTE)&nbsp;rechaz\u00f3 nuevamente las propuestas del gobierno federal, tras una reuni\u00f3n de tres horas con los titulares de las secretar\u00edas de&nbsp;Gobernaci\u00f3n&nbsp;y&nbsp;Educaci\u00f3n,&nbsp;as\u00ed como con el director del Instituto de Seguridad y Servicios Sociales de los [&hellip;]","og_url":"https:\/\/fuentesfidedignas.com.mx\/index.php\/2025\/06\/04\/cnte-vuelve-a-rechazar-propuestas-de-segob\/","og_site_name":"Fuentes Fidedignas","article_publisher":"https:\/\/www.facebook.com\/Fuentes-Fidedignas-368234489921644","article_published_time":"2025-06-05T02:04:25+00:00","og_image":[{"width":1536,"height":1024,"url":"https:\/\/fuentesfidedignas.com.mx\/wp-content\/uploads\/2025\/06\/img_5578-1.jpg","type":"image\/jpeg"}],"author":"Milenio","twitter_card":"summary_large_image","twitter_creator":"@fidedignas","twitter_site":"@fidedignas","twitter_misc":{"Escrito por":"Milenio","Tiempo de lectura":"2 minutos"},"schema":{"@context":"https:\/\/schema.org","@graph":[{"@type":"Article","@id":"https:\/\/fuentesfidedignas.com.mx\/index.php\/2025\/06\/04\/cnte-vuelve-a-rechazar-propuestas-de-segob\/#article","isPartOf":{"@id":"https:\/\/fuentesfidedignas.com.mx\/index.php\/2025\/06\/04\/cnte-vuelve-a-rechazar-propuestas-de-segob\/"},"author":{"name":"Milenio","@id":"https:\/\/fuentesfidedignas.com.mx\/#\/schema\/person\/47ec0135738f4b0c7495f06a77a2c976"},"headline":"CNTE vuelve a rechazar propuestas de Segob","datePublished":"2025-06-05T02:04:25+00:00","mainEntityOfPage":{"@id":"https:\/\/fuentesfidedignas.com.mx\/index.php\/2025\/06\/04\/cnte-vuelve-a-rechazar-propuestas-de-segob\/"},"wordCount":406,"publisher":{"@id":"https:\/\/fuentesfidedignas.com.mx\/#organization"},"image":{"@id":"https:\/\/fuentesfidedignas.com.mx\/index.php\/2025\/06\/04\/cnte-vuelve-a-rechazar-propuestas-de-segob\/#primaryimage"},"thumbnailUrl":"https:\/\/fuentesfidedignas.com.mx\/wp-content\/uploads\/2025\/06\/img_5578-1.jpg","articleSection":["NOTICIAS NACIONALES"],"inLanguage":"es"},{"@type":"WebPage","@id":"https:\/\/fuentesfidedignas.com.mx\/index.php\/2025\/06\/04\/cnte-vuelve-a-rechazar-propuestas-de-segob\/","url":"https:\/\/fuentesfidedignas.com.mx\/index.php\/2025\/06\/04\/cnte-vuelve-a-rechazar-propuestas-de-segob\/","name":"CNTE vuelve a rechazar propuestas de Segob - Fuentes Fidedignas","isPartOf":{"@id":"https:\/\/fuentesfidedignas.com.mx\/#website"},"primaryImageOfPage":{"@id":"https:\/\/fuentesfidedignas.com.mx\/index.php\/2025\/06\/04\/cnte-vuelve-a-rechazar-propuestas-de-segob\/#primaryimage"},"image":{"@id":"https:\/\/fuentesfidedignas.com.mx\/index.php\/2025\/06\/04\/cnte-vuelve-a-rechazar-propuestas-de-segob\/#primaryimage"},"thumbnailUrl":"https:\/\/fuentesfidedignas.com.mx\/wp-content\/uploads\/2025\/06\/img_5578-1.jpg","datePublished":"2025-06-05T02:04:25+00:00","breadcrumb":{"@id":"https:\/\/fuentesfidedignas.com.mx\/index.php\/2025\/06\/04\/cnte-vuelve-a-rechazar-propuestas-de-segob\/#breadcrumb"},"inLanguage":"es","potentialAction":[{"@type":"ReadAction","target":["https:\/\/fuentesfidedignas.com.mx\/index.php\/2025\/06\/04\/cnte-vuelve-a-rechazar-propuestas-de-segob\/"]}]},{"@type":"ImageObject","inLanguage":"es","@id":"https:\/\/fuentesfidedignas.com.mx\/index.php\/2025\/06\/04\/cnte-vuelve-a-rechazar-propuestas-de-segob\/#primaryimage","url":"https:\/\/fuentesfidedignas.com.mx\/wp-content\/uploads\/2025\/06\/img_5578-1.jpg","contentUrl":"https:\/\/fuentesfidedignas.com.mx\/wp-content\/uploads\/2025\/06\/img_5578-1.jpg","width":1536,"height":1024},{"@type":"BreadcrumbList","@id":"https:\/\/fuentesfidedignas.com.mx\/index.php\/2025\/06\/04\/cnte-vuelve-a-rechazar-propuestas-de-segob\/#breadcrumb","itemListElement":[{"@type":"ListItem","position":1,"name":"Inicio","item":"https:\/\/fuentesfidedignas.com.mx\/"},{"@type":"ListItem","position":2,"name":"CNTE vuelve a rechazar propuestas de Segob"}]},{"@type":"WebSite","@id":"https:\/\/fuentesfidedignas.com.mx\/#website","url":"https:\/\/fuentesfidedignas.com.mx\/","name":"Fuentes Fidedignas","description":"Otro sitio realizado con WordPress","publisher":{"@id":"https:\/\/fuentesfidedignas.com.mx\/#organization"},"potentialAction":[{"@type":"SearchAction","target":{"@type":"EntryPoint","urlTemplate":"https:\/\/fuentesfidedignas.com.mx\/?s={search_term_string}"},"query-input":{"@type":"PropertyValueSpecification","valueRequired":true,"valueName":"search_term_string"}}],"inLanguage":"es"},{"@type":"Organization","@id":"https:\/\/fuentesfidedignas.com.mx\/#organization","name":"Fuentes Fidedignas","url":"https:\/\/fuentesfidedignas.com.mx\/","logo":{"@type":"ImageObject","inLanguage":"es","@id":"https:\/\/fuentesfidedignas.com.mx\/#\/schema\/logo\/image\/","url":"https:\/\/fuentesfidedignas.com.mx\/wp-content\/uploads\/2021\/04\/logo-retina.png","contentUrl":"https:\/\/fuentesfidedignas.com.mx\/wp-content\/uploads\/2021\/04\/logo-retina.png","width":280,"height":51,"caption":"Fuentes Fidedignas"},"image":{"@id":"https:\/\/fuentesfidedignas.com.mx\/#\/schema\/logo\/image\/"},"sameAs":["https:\/\/www.facebook.com\/Fuentes-Fidedignas-368234489921644","https:\/\/x.com\/fidedignas"]},{"@type":"Person","@id":"https:\/\/fuentesfidedignas.com.mx\/#\/schema\/person\/47ec0135738f4b0c7495f06a77a2c976","name":"Milenio","image":{"@type":"ImageObject","inLanguage":"es","@id":"https:\/\/secure.gravatar.com\/avatar\/acabf7b54753e51c2c76457954577c236b3b764789b19879565769739d1e4a75?s=96&d=mm&r=g","url":"https:\/\/secure.gravatar.com\/avatar\/acabf7b54753e51c2c76457954577c236b3b764789b19879565769739d1e4a75?s=96&d=mm&r=g","contentUrl":"https:\/\/secure.gravatar.com\/avatar\/acabf7b54753e51c2c76457954577c236b3b764789b19879565769739d1e4a75?s=96&d=mm&r=g","caption":"Milenio"},"url":"https:\/\/fuentesfidedignas.com.mx\/index.php\/author\/milenio\/"}]}},"_links":{"self":[{"href":"https:\/\/fuentesfidedignas.com.mx\/index.php\/wp-json\/wp\/v2\/posts\/109956","targetHints":{"allow":["GET"]}}],"collection":[{"href":"https:\/\/fuentesfidedignas.com.mx\/index.php\/wp-json\/wp\/v2\/posts"}],"about":[{"href":"https:\/\/fuentesfidedignas.com.mx\/index.php\/wp-json\/wp\/v2\/types\/post"}],"author":[{"embeddable":true,"href":"https:\/\/fuentesfidedignas.com.mx\/index.php\/wp-json\/wp\/v2\/users\/9"}],"replies":[{"embeddable":true,"href":"https:\/\/fuentesfidedignas.com.mx\/index.php\/wp-json\/wp\/v2\/comments?post=109956"}],"version-history":[{"count":1,"href":"https:\/\/fuentesfidedignas.com.mx\/index.php\/wp-json\/wp\/v2\/posts\/109956\/revisions"}],"predecessor-version":[{"id":109957,"href":"https:\/\/fuentesfidedignas.com.mx\/index.php\/wp-json\/wp\/v2\/posts\/109956\/revisions\/109957"}],"wp:featuredmedia":[{"embeddable":true,"href":"https:\/\/fuentesfidedignas.com.mx\/index.php\/wp-json\/wp\/v2\/media\/109772"}],"wp:attachment":[{"href":"https:\/\/fuentesfidedignas.com.mx\/index.php\/wp-json\/wp\/v2\/media?parent=109956"}],"wp:term":[{"taxonomy":"category","embeddable":true,"href":"https:\/\/fuentesfidedignas.com.mx\/index.php\/wp-json\/wp\/v2\/categories?post=109956"},{"taxonomy":"post_tag","embeddable":true,"href":"https:\/\/fuentesfidedignas.com.mx\/index.php\/wp-json\/wp\/v2\/tags?post=109956"}],"curies":[{"name":"wp","href":"https:\/\/api.w.org\/{rel}","templated":true}]}}