{"id":10992,"date":"2021-08-27T09:29:00","date_gmt":"2021-08-27T16:29:00","guid":{"rendered":"https:\/\/fuentesfidedignas.com.mx\/?p=10992"},"modified":"2021-08-27T08:17:13","modified_gmt":"2021-08-27T15:17:13","slug":"eu-en-alerta-por-posibles-ataques-tras-atentado-en-kabul-suman-85-muertos","status":"publish","type":"post","link":"https:\/\/fuentesfidedignas.com.mx\/index.php\/2021\/08\/27\/eu-en-alerta-por-posibles-ataques-tras-atentado-en-kabul-suman-85-muertos\/","title":{"rendered":"EU, en alerta por posibles ataques tras atentado en Kabul; suman 85 muertos"},"content":{"rendered":"\n<p><strong><em>Autoridades de EU se mantienen en alerta ante posibles ataques que puedan suceder tras el atentado en Kabul y apresuran la evacuaci\u00f3n<\/em><\/strong><\/p>\n\n\n\n<p>Kabul.- Las fuerzas estadounidenses que est\u00e1n colaborando en la evacuaci\u00f3n de afganos desesperados por huir del r\u00e9gimen talib\u00e1n est\u00e1n en alerta por m\u00e1s ataques este viernes despu\u00e9s de que un atentado de Estado Isl\u00e1mico provoc\u00f3 la muerte de 85 personas, incluidos 13 estadounidenses, afuera del aeropuerto de Kabul.<\/p>\n\n\n\n<p>El general Frank McKenzie, jefe del Comando Central de Estados Unidos, dijo que los comandantes estadounidenses estaban atentos a m\u00e1s ataques de EI, incluidos posiblemente cohetes o coches bomba contra el aeropuerto.<\/p>\n\n\n\n<p>\u201cEstamos haciendo todo lo posible para estar preparados\u201d, afirm\u00f3, agregando que se estaba compartiendo informaci\u00f3n de inteligencia con los talibanes y que \u00e9l cre\u00eda que \u201calgunos ataques han sido frustrados por ellos\u201d.<\/p>\n\n\n\n<p>La masacre del jueves tuvo lugar en un \u00e1rea donde miles de personas se hab\u00edan reunido para intentar ingresar al aeropuerto y tomar vuelos de evacuaci\u00f3n desde que los talibanes tomaron el control del pa\u00eds el 15 de agosto.<\/p>\n\n\n\n<p>Las fuerzas estadounidenses y aliadas se apresuran a completar las evacuaciones de sus ciudadanos y afganos vulnerables y para retirarse de Afganist\u00e1n antes de la fecha l\u00edmite del 31 de agosto establecida por el presidente Joe Biden.<\/p>\n\n\n\n<p>EI, enemigo de los talibanes y de Occidente, declar\u00f3 que uno de sus terroristas suicidas ten\u00eda como objetivo \u201ctraductores y colaboradores del ej\u00e9rcito estadounidense\u201d.<\/p>\n\n\n\n<p>El ataque resalta el escenario pol\u00edtico que enfrentan las potencias occidentales en Afganist\u00e1n: comprometerse con los talibanes puede ser su mejor oportunidad para evitar que el pa\u00eds se convierta en caldo de cultivo para la militancia islamista.<\/p>\n\n\n\n<p>Un funcionario de salud y un funcionario talib\u00e1n afirmaron que el n\u00famero de afganos muertos hab\u00eda aumentado a 72, incluidos 28 miembros del Talib\u00e1n, aunque un portavoz neg\u00f3 m\u00e1s tarde que alguno de sus combatientes que custodiaban el per\u00edmetro del aeropuerto hubiera muerto.<\/p>\n\n\n\n<p>Un video tomado despu\u00e9s del ataque mostr\u00f3 cad\u00e1veres en un canal de aguas residuales junto a la valla del aeropuerto. Algunos cuerpos fueron sacados y depositados en montones mientras civiles lloraban buscando a sus seres queridos.<\/p>\n\n\n\n<p>Los guardias talibanes bloquearon el acceso al aeropuerto el viernes, dijeron testigos. \u201cTen\u00edamos un vuelo, pero la situaci\u00f3n es muy dif\u00edcil y las carreteras est\u00e1n bloqueadas\u201d, relat\u00f3 un hombre en una autopista de acceso al aeropuerto.<\/p>\n\n\n\n<p>Otras 12,500 personas fueron evacuadas de Afganist\u00e1n el jueves, elevando a 105,000 el total de extra\u00eddos por v\u00eda a\u00e9rea al exterior por las fuerzas de pa\u00edses occidentales desde que los talibanes tomaron el poder el 14 de agosto, inform\u00f3 el viernes la Casa Blanca<\/p>\n\n\n\n<p>El secretario de Defensa brit\u00e1nico, Ben Wallace, dijo que la amenaza de ataques aumentar\u00e1 a medida que las tropas occidentales est\u00e9n cerca de completar su salida.<\/p>\n\n\n\n<p>\u201cCuando nos vayamos, la narrativa de ciertos grupos como EI ser\u00e1 que han expulsado a Estados Unidos o a Reino Unido\u201d, dijo Wallace a Sky News. Tambi\u00e9n prometi\u00f3 actuar contra EI dondequiera que se manifieste.<\/p>\n\n\n\n<p>Hay un temor creciente de que la poblaci\u00f3n se enfrente a una emergencia humanitaria con la propagaci\u00f3n del coronavirus y la escasez de alimentos y suministros m\u00e9dicos que se avecina.<\/p>\n\n\n\n<p>Los suministros m\u00e9dicos se agotar\u00e1n en unos d\u00edas en Afganist\u00e1n, dijo el viernes la Organizaci\u00f3n Mundial de la Salud, y agreg\u00f3 que espera establecer un puente a\u00e9reo hacia la ciudad norte\u00f1a de Mazar-i-Sharif con la ayuda de Pakist\u00e1n.<\/p>\n","protected":false},"excerpt":{"rendered":"<p>Autoridades de EU se mantienen en alerta ante posibles ataques que puedan suceder tras el atentado en Kabul y apresuran la evacuaci\u00f3n Kabul.- Las fuerzas estadounidenses que est\u00e1n colaborando en la evacuaci\u00f3n de afganos desesperados por huir del r\u00e9gimen talib\u00e1n est\u00e1n en alerta por m\u00e1s ataques este viernes despu\u00e9s de que un atentado de Estado [&hellip;]<\/p>\n","protected":false},"author":5,"featured_media":10993,"comment_status":"open","ping_status":"open","sticky":false,"template":"","format":"standard","meta":{"tdm_status":"","tdm_grid_status":"","footnotes":""},"categories":[39],"tags":[],"class_list":{"0":"post-10992","1":"post","2":"type-post","3":"status-publish","4":"format-standard","5":"has-post-thumbnail","7":"category-noticias-nacionales"},"yoast_head":"<!-- This site is optimized with the Yoast SEO plugin v27.4 - https:\/\/yoast.com\/product\/yoast-seo-wordpress\/ -->\n<title>EU, en alerta por posibles ataques tras atentado en Kabul; suman 85 muertos - Fuentes Fidedignas<\/title>\n<meta name=\"robots\" content=\"index, follow, max-snippet:-1, max-image-preview:large, max-video-preview:-1\" \/>\n<link rel=\"canonical\" href=\"https:\/\/fuentesfidedignas.com.mx\/index.php\/2021\/08\/27\/eu-en-alerta-por-posibles-ataques-tras-atentado-en-kabul-suman-85-muertos\/\" \/>\n<meta property=\"og:locale\" content=\"es_MX\" \/>\n<meta property=\"og:type\" content=\"article\" \/>\n<meta property=\"og:title\" content=\"EU, en alerta por posibles ataques tras atentado en Kabul; suman 85 muertos - Fuentes Fidedignas\" \/>\n<meta property=\"og:description\" content=\"Autoridades de EU se mantienen en alerta ante posibles ataques que puedan suceder tras el atentado en Kabul y apresuran la evacuaci\u00f3n Kabul.- Las fuerzas estadounidenses que est\u00e1n colaborando en la evacuaci\u00f3n de afganos desesperados por huir del r\u00e9gimen talib\u00e1n est\u00e1n en alerta por m\u00e1s ataques este viernes despu\u00e9s de que un atentado de Estado [&hellip;]\" \/>\n<meta property=\"og:url\" content=\"https:\/\/fuentesfidedignas.com.mx\/index.php\/2021\/08\/27\/eu-en-alerta-por-posibles-ataques-tras-atentado-en-kabul-suman-85-muertos\/\" \/>\n<meta property=\"og:site_name\" content=\"Fuentes Fidedignas\" \/>\n<meta property=\"article:publisher\" content=\"https:\/\/www.facebook.com\/Fuentes-Fidedignas-368234489921644\" \/>\n<meta property=\"article:published_time\" content=\"2021-08-27T16:29:00+00:00\" \/>\n<meta property=\"og:image\" content=\"https:\/\/fuentesfidedignas.com.mx\/wp-content\/uploads\/2021\/08\/ATENTADO-VI\u0301CTIMAS-KABUL-768x431-1.jpg\" \/>\n\t<meta property=\"og:image:width\" content=\"768\" \/>\n\t<meta property=\"og:image:height\" content=\"431\" \/>\n\t<meta property=\"og:image:type\" content=\"image\/jpeg\" \/>\n<meta name=\"author\" content=\"Forbes\" \/>\n<meta name=\"twitter:card\" content=\"summary_large_image\" \/>\n<meta name=\"twitter:creator\" content=\"@fidedignas\" \/>\n<meta name=\"twitter:site\" content=\"@fidedignas\" \/>\n<meta name=\"twitter:label1\" content=\"Escrito por\" \/>\n\t<meta name=\"twitter:data1\" content=\"Forbes\" \/>\n\t<meta name=\"twitter:label2\" content=\"Tiempo de lectura\" \/>\n\t<meta name=\"twitter:data2\" content=\"3 minutos\" \/>\n<script type=\"application\/ld+json\" class=\"yoast-schema-graph\">{\"@context\":\"https:\\\/\\\/schema.org\",\"@graph\":[{\"@type\":\"Article\",\"@id\":\"https:\\\/\\\/fuentesfidedignas.com.mx\\\/index.php\\\/2021\\\/08\\\/27\\\/eu-en-alerta-por-posibles-ataques-tras-atentado-en-kabul-suman-85-muertos\\\/#article\",\"isPartOf\":{\"@id\":\"https:\\\/\\\/fuentesfidedignas.com.mx\\\/index.php\\\/2021\\\/08\\\/27\\\/eu-en-alerta-por-posibles-ataques-tras-atentado-en-kabul-suman-85-muertos\\\/\"},\"author\":{\"name\":\"Forbes\",\"@id\":\"https:\\\/\\\/fuentesfidedignas.com.mx\\\/#\\\/schema\\\/person\\\/5623d53fe2e579d825b1679734abcc44\"},\"headline\":\"EU, en alerta por posibles ataques tras atentado en Kabul; suman 85 muertos\",\"datePublished\":\"2021-08-27T16:29:00+00:00\",\"mainEntityOfPage\":{\"@id\":\"https:\\\/\\\/fuentesfidedignas.com.mx\\\/index.php\\\/2021\\\/08\\\/27\\\/eu-en-alerta-por-posibles-ataques-tras-atentado-en-kabul-suman-85-muertos\\\/\"},\"wordCount\":616,\"commentCount\":0,\"publisher\":{\"@id\":\"https:\\\/\\\/fuentesfidedignas.com.mx\\\/#organization\"},\"image\":{\"@id\":\"https:\\\/\\\/fuentesfidedignas.com.mx\\\/index.php\\\/2021\\\/08\\\/27\\\/eu-en-alerta-por-posibles-ataques-tras-atentado-en-kabul-suman-85-muertos\\\/#primaryimage\"},\"thumbnailUrl\":\"https:\\\/\\\/fuentesfidedignas.com.mx\\\/wp-content\\\/uploads\\\/2021\\\/08\\\/ATENTADO-VI\u0301CTIMAS-KABUL-768x431-1.jpg\",\"articleSection\":[\"NOTICIAS NACIONALES\"],\"inLanguage\":\"es\",\"potentialAction\":[{\"@type\":\"CommentAction\",\"name\":\"Comment\",\"target\":[\"https:\\\/\\\/fuentesfidedignas.com.mx\\\/index.php\\\/2021\\\/08\\\/27\\\/eu-en-alerta-por-posibles-ataques-tras-atentado-en-kabul-suman-85-muertos\\\/#respond\"]}]},{\"@type\":\"WebPage\",\"@id\":\"https:\\\/\\\/fuentesfidedignas.com.mx\\\/index.php\\\/2021\\\/08\\\/27\\\/eu-en-alerta-por-posibles-ataques-tras-atentado-en-kabul-suman-85-muertos\\\/\",\"url\":\"https:\\\/\\\/fuentesfidedignas.com.mx\\\/index.php\\\/2021\\\/08\\\/27\\\/eu-en-alerta-por-posibles-ataques-tras-atentado-en-kabul-suman-85-muertos\\\/\",\"name\":\"EU, en alerta por posibles ataques tras atentado en Kabul; suman 85 muertos - Fuentes Fidedignas\",\"isPartOf\":{\"@id\":\"https:\\\/\\\/fuentesfidedignas.com.mx\\\/#website\"},\"primaryImageOfPage\":{\"@id\":\"https:\\\/\\\/fuentesfidedignas.com.mx\\\/index.php\\\/2021\\\/08\\\/27\\\/eu-en-alerta-por-posibles-ataques-tras-atentado-en-kabul-suman-85-muertos\\\/#primaryimage\"},\"image\":{\"@id\":\"https:\\\/\\\/fuentesfidedignas.com.mx\\\/index.php\\\/2021\\\/08\\\/27\\\/eu-en-alerta-por-posibles-ataques-tras-atentado-en-kabul-suman-85-muertos\\\/#primaryimage\"},\"thumbnailUrl\":\"https:\\\/\\\/fuentesfidedignas.com.mx\\\/wp-content\\\/uploads\\\/2021\\\/08\\\/ATENTADO-VI\u0301CTIMAS-KABUL-768x431-1.jpg\",\"datePublished\":\"2021-08-27T16:29:00+00:00\",\"breadcrumb\":{\"@id\":\"https:\\\/\\\/fuentesfidedignas.com.mx\\\/index.php\\\/2021\\\/08\\\/27\\\/eu-en-alerta-por-posibles-ataques-tras-atentado-en-kabul-suman-85-muertos\\\/#breadcrumb\"},\"inLanguage\":\"es\",\"potentialAction\":[{\"@type\":\"ReadAction\",\"target\":[\"https:\\\/\\\/fuentesfidedignas.com.mx\\\/index.php\\\/2021\\\/08\\\/27\\\/eu-en-alerta-por-posibles-ataques-tras-atentado-en-kabul-suman-85-muertos\\\/\"]}]},{\"@type\":\"ImageObject\",\"inLanguage\":\"es\",\"@id\":\"https:\\\/\\\/fuentesfidedignas.com.mx\\\/index.php\\\/2021\\\/08\\\/27\\\/eu-en-alerta-por-posibles-ataques-tras-atentado-en-kabul-suman-85-muertos\\\/#primaryimage\",\"url\":\"https:\\\/\\\/fuentesfidedignas.com.mx\\\/wp-content\\\/uploads\\\/2021\\\/08\\\/ATENTADO-VI\u0301CTIMAS-KABUL-768x431-1.jpg\",\"contentUrl\":\"https:\\\/\\\/fuentesfidedignas.com.mx\\\/wp-content\\\/uploads\\\/2021\\\/08\\\/ATENTADO-VI\u0301CTIMAS-KABUL-768x431-1.jpg\",\"width\":768,\"height\":431},{\"@type\":\"BreadcrumbList\",\"@id\":\"https:\\\/\\\/fuentesfidedignas.com.mx\\\/index.php\\\/2021\\\/08\\\/27\\\/eu-en-alerta-por-posibles-ataques-tras-atentado-en-kabul-suman-85-muertos\\\/#breadcrumb\",\"itemListElement\":[{\"@type\":\"ListItem\",\"position\":1,\"name\":\"Inicio\",\"item\":\"https:\\\/\\\/fuentesfidedignas.com.mx\\\/\"},{\"@type\":\"ListItem\",\"position\":2,\"name\":\"EU, en alerta por posibles ataques tras atentado en Kabul; suman 85 muertos\"}]},{\"@type\":\"WebSite\",\"@id\":\"https:\\\/\\\/fuentesfidedignas.com.mx\\\/#website\",\"url\":\"https:\\\/\\\/fuentesfidedignas.com.mx\\\/\",\"name\":\"Fuentes Fidedignas\",\"description\":\"Otro sitio realizado con WordPress\",\"publisher\":{\"@id\":\"https:\\\/\\\/fuentesfidedignas.com.mx\\\/#organization\"},\"potentialAction\":[{\"@type\":\"SearchAction\",\"target\":{\"@type\":\"EntryPoint\",\"urlTemplate\":\"https:\\\/\\\/fuentesfidedignas.com.mx\\\/?s={search_term_string}\"},\"query-input\":{\"@type\":\"PropertyValueSpecification\",\"valueRequired\":true,\"valueName\":\"search_term_string\"}}],\"inLanguage\":\"es\"},{\"@type\":\"Organization\",\"@id\":\"https:\\\/\\\/fuentesfidedignas.com.mx\\\/#organization\",\"name\":\"Fuentes Fidedignas\",\"url\":\"https:\\\/\\\/fuentesfidedignas.com.mx\\\/\",\"logo\":{\"@type\":\"ImageObject\",\"inLanguage\":\"es\",\"@id\":\"https:\\\/\\\/fuentesfidedignas.com.mx\\\/#\\\/schema\\\/logo\\\/image\\\/\",\"url\":\"https:\\\/\\\/fuentesfidedignas.com.mx\\\/wp-content\\\/uploads\\\/2021\\\/04\\\/logo-retina.png\",\"contentUrl\":\"https:\\\/\\\/fuentesfidedignas.com.mx\\\/wp-content\\\/uploads\\\/2021\\\/04\\\/logo-retina.png\",\"width\":280,\"height\":51,\"caption\":\"Fuentes Fidedignas\"},\"image\":{\"@id\":\"https:\\\/\\\/fuentesfidedignas.com.mx\\\/#\\\/schema\\\/logo\\\/image\\\/\"},\"sameAs\":[\"https:\\\/\\\/www.facebook.com\\\/Fuentes-Fidedignas-368234489921644\",\"https:\\\/\\\/x.com\\\/fidedignas\"]},{\"@type\":\"Person\",\"@id\":\"https:\\\/\\\/fuentesfidedignas.com.mx\\\/#\\\/schema\\\/person\\\/5623d53fe2e579d825b1679734abcc44\",\"name\":\"Forbes\",\"image\":{\"@type\":\"ImageObject\",\"inLanguage\":\"es\",\"@id\":\"https:\\\/\\\/secure.gravatar.com\\\/avatar\\\/87ce3dd4e41e60c22a79c758614f01a6bc2469255fc936ec7b15efb9bb5cb66f?s=96&d=mm&r=g\",\"url\":\"https:\\\/\\\/secure.gravatar.com\\\/avatar\\\/87ce3dd4e41e60c22a79c758614f01a6bc2469255fc936ec7b15efb9bb5cb66f?s=96&d=mm&r=g\",\"contentUrl\":\"https:\\\/\\\/secure.gravatar.com\\\/avatar\\\/87ce3dd4e41e60c22a79c758614f01a6bc2469255fc936ec7b15efb9bb5cb66f?s=96&d=mm&r=g\",\"caption\":\"Forbes\"},\"url\":\"https:\\\/\\\/fuentesfidedignas.com.mx\\\/index.php\\\/author\\\/forbes\\\/\"}]}<\/script>\n<!-- \/ Yoast SEO plugin. -->","yoast_head_json":{"title":"EU, en alerta por posibles ataques tras atentado en Kabul; suman 85 muertos - Fuentes Fidedignas","robots":{"index":"index","follow":"follow","max-snippet":"max-snippet:-1","max-image-preview":"max-image-preview:large","max-video-preview":"max-video-preview:-1"},"canonical":"https:\/\/fuentesfidedignas.com.mx\/index.php\/2021\/08\/27\/eu-en-alerta-por-posibles-ataques-tras-atentado-en-kabul-suman-85-muertos\/","og_locale":"es_MX","og_type":"article","og_title":"EU, en alerta por posibles ataques tras atentado en Kabul; suman 85 muertos - Fuentes Fidedignas","og_description":"Autoridades de EU se mantienen en alerta ante posibles ataques que puedan suceder tras el atentado en Kabul y apresuran la evacuaci\u00f3n Kabul.- Las fuerzas estadounidenses que est\u00e1n colaborando en la evacuaci\u00f3n de afganos desesperados por huir del r\u00e9gimen talib\u00e1n est\u00e1n en alerta por m\u00e1s ataques este viernes despu\u00e9s de que un atentado de Estado [&hellip;]","og_url":"https:\/\/fuentesfidedignas.com.mx\/index.php\/2021\/08\/27\/eu-en-alerta-por-posibles-ataques-tras-atentado-en-kabul-suman-85-muertos\/","og_site_name":"Fuentes Fidedignas","article_publisher":"https:\/\/www.facebook.com\/Fuentes-Fidedignas-368234489921644","article_published_time":"2021-08-27T16:29:00+00:00","og_image":[{"width":768,"height":431,"url":"https:\/\/fuentesfidedignas.com.mx\/wp-content\/uploads\/2021\/08\/ATENTADO-VI\u0301CTIMAS-KABUL-768x431-1.jpg","type":"image\/jpeg"}],"author":"Forbes","twitter_card":"summary_large_image","twitter_creator":"@fidedignas","twitter_site":"@fidedignas","twitter_misc":{"Escrito por":"Forbes","Tiempo de lectura":"3 minutos"},"schema":{"@context":"https:\/\/schema.org","@graph":[{"@type":"Article","@id":"https:\/\/fuentesfidedignas.com.mx\/index.php\/2021\/08\/27\/eu-en-alerta-por-posibles-ataques-tras-atentado-en-kabul-suman-85-muertos\/#article","isPartOf":{"@id":"https:\/\/fuentesfidedignas.com.mx\/index.php\/2021\/08\/27\/eu-en-alerta-por-posibles-ataques-tras-atentado-en-kabul-suman-85-muertos\/"},"author":{"name":"Forbes","@id":"https:\/\/fuentesfidedignas.com.mx\/#\/schema\/person\/5623d53fe2e579d825b1679734abcc44"},"headline":"EU, en alerta por posibles ataques tras atentado en Kabul; suman 85 muertos","datePublished":"2021-08-27T16:29:00+00:00","mainEntityOfPage":{"@id":"https:\/\/fuentesfidedignas.com.mx\/index.php\/2021\/08\/27\/eu-en-alerta-por-posibles-ataques-tras-atentado-en-kabul-suman-85-muertos\/"},"wordCount":616,"commentCount":0,"publisher":{"@id":"https:\/\/fuentesfidedignas.com.mx\/#organization"},"image":{"@id":"https:\/\/fuentesfidedignas.com.mx\/index.php\/2021\/08\/27\/eu-en-alerta-por-posibles-ataques-tras-atentado-en-kabul-suman-85-muertos\/#primaryimage"},"thumbnailUrl":"https:\/\/fuentesfidedignas.com.mx\/wp-content\/uploads\/2021\/08\/ATENTADO-VI\u0301CTIMAS-KABUL-768x431-1.jpg","articleSection":["NOTICIAS NACIONALES"],"inLanguage":"es","potentialAction":[{"@type":"CommentAction","name":"Comment","target":["https:\/\/fuentesfidedignas.com.mx\/index.php\/2021\/08\/27\/eu-en-alerta-por-posibles-ataques-tras-atentado-en-kabul-suman-85-muertos\/#respond"]}]},{"@type":"WebPage","@id":"https:\/\/fuentesfidedignas.com.mx\/index.php\/2021\/08\/27\/eu-en-alerta-por-posibles-ataques-tras-atentado-en-kabul-suman-85-muertos\/","url":"https:\/\/fuentesfidedignas.com.mx\/index.php\/2021\/08\/27\/eu-en-alerta-por-posibles-ataques-tras-atentado-en-kabul-suman-85-muertos\/","name":"EU, en alerta por posibles ataques tras atentado en Kabul; suman 85 muertos - Fuentes Fidedignas","isPartOf":{"@id":"https:\/\/fuentesfidedignas.com.mx\/#website"},"primaryImageOfPage":{"@id":"https:\/\/fuentesfidedignas.com.mx\/index.php\/2021\/08\/27\/eu-en-alerta-por-posibles-ataques-tras-atentado-en-kabul-suman-85-muertos\/#primaryimage"},"image":{"@id":"https:\/\/fuentesfidedignas.com.mx\/index.php\/2021\/08\/27\/eu-en-alerta-por-posibles-ataques-tras-atentado-en-kabul-suman-85-muertos\/#primaryimage"},"thumbnailUrl":"https:\/\/fuentesfidedignas.com.mx\/wp-content\/uploads\/2021\/08\/ATENTADO-VI\u0301CTIMAS-KABUL-768x431-1.jpg","datePublished":"2021-08-27T16:29:00+00:00","breadcrumb":{"@id":"https:\/\/fuentesfidedignas.com.mx\/index.php\/2021\/08\/27\/eu-en-alerta-por-posibles-ataques-tras-atentado-en-kabul-suman-85-muertos\/#breadcrumb"},"inLanguage":"es","potentialAction":[{"@type":"ReadAction","target":["https:\/\/fuentesfidedignas.com.mx\/index.php\/2021\/08\/27\/eu-en-alerta-por-posibles-ataques-tras-atentado-en-kabul-suman-85-muertos\/"]}]},{"@type":"ImageObject","inLanguage":"es","@id":"https:\/\/fuentesfidedignas.com.mx\/index.php\/2021\/08\/27\/eu-en-alerta-por-posibles-ataques-tras-atentado-en-kabul-suman-85-muertos\/#primaryimage","url":"https:\/\/fuentesfidedignas.com.mx\/wp-content\/uploads\/2021\/08\/ATENTADO-VI\u0301CTIMAS-KABUL-768x431-1.jpg","contentUrl":"https:\/\/fuentesfidedignas.com.mx\/wp-content\/uploads\/2021\/08\/ATENTADO-VI\u0301CTIMAS-KABUL-768x431-1.jpg","width":768,"height":431},{"@type":"BreadcrumbList","@id":"https:\/\/fuentesfidedignas.com.mx\/index.php\/2021\/08\/27\/eu-en-alerta-por-posibles-ataques-tras-atentado-en-kabul-suman-85-muertos\/#breadcrumb","itemListElement":[{"@type":"ListItem","position":1,"name":"Inicio","item":"https:\/\/fuentesfidedignas.com.mx\/"},{"@type":"ListItem","position":2,"name":"EU, en alerta por posibles ataques tras atentado en Kabul; suman 85 muertos"}]},{"@type":"WebSite","@id":"https:\/\/fuentesfidedignas.com.mx\/#website","url":"https:\/\/fuentesfidedignas.com.mx\/","name":"Fuentes Fidedignas","description":"Otro sitio realizado con WordPress","publisher":{"@id":"https:\/\/fuentesfidedignas.com.mx\/#organization"},"potentialAction":[{"@type":"SearchAction","target":{"@type":"EntryPoint","urlTemplate":"https:\/\/fuentesfidedignas.com.mx\/?s={search_term_string}"},"query-input":{"@type":"PropertyValueSpecification","valueRequired":true,"valueName":"search_term_string"}}],"inLanguage":"es"},{"@type":"Organization","@id":"https:\/\/fuentesfidedignas.com.mx\/#organization","name":"Fuentes Fidedignas","url":"https:\/\/fuentesfidedignas.com.mx\/","logo":{"@type":"ImageObject","inLanguage":"es","@id":"https:\/\/fuentesfidedignas.com.mx\/#\/schema\/logo\/image\/","url":"https:\/\/fuentesfidedignas.com.mx\/wp-content\/uploads\/2021\/04\/logo-retina.png","contentUrl":"https:\/\/fuentesfidedignas.com.mx\/wp-content\/uploads\/2021\/04\/logo-retina.png","width":280,"height":51,"caption":"Fuentes Fidedignas"},"image":{"@id":"https:\/\/fuentesfidedignas.com.mx\/#\/schema\/logo\/image\/"},"sameAs":["https:\/\/www.facebook.com\/Fuentes-Fidedignas-368234489921644","https:\/\/x.com\/fidedignas"]},{"@type":"Person","@id":"https:\/\/fuentesfidedignas.com.mx\/#\/schema\/person\/5623d53fe2e579d825b1679734abcc44","name":"Forbes","image":{"@type":"ImageObject","inLanguage":"es","@id":"https:\/\/secure.gravatar.com\/avatar\/87ce3dd4e41e60c22a79c758614f01a6bc2469255fc936ec7b15efb9bb5cb66f?s=96&d=mm&r=g","url":"https:\/\/secure.gravatar.com\/avatar\/87ce3dd4e41e60c22a79c758614f01a6bc2469255fc936ec7b15efb9bb5cb66f?s=96&d=mm&r=g","contentUrl":"https:\/\/secure.gravatar.com\/avatar\/87ce3dd4e41e60c22a79c758614f01a6bc2469255fc936ec7b15efb9bb5cb66f?s=96&d=mm&r=g","caption":"Forbes"},"url":"https:\/\/fuentesfidedignas.com.mx\/index.php\/author\/forbes\/"}]}},"_links":{"self":[{"href":"https:\/\/fuentesfidedignas.com.mx\/index.php\/wp-json\/wp\/v2\/posts\/10992","targetHints":{"allow":["GET"]}}],"collection":[{"href":"https:\/\/fuentesfidedignas.com.mx\/index.php\/wp-json\/wp\/v2\/posts"}],"about":[{"href":"https:\/\/fuentesfidedignas.com.mx\/index.php\/wp-json\/wp\/v2\/types\/post"}],"author":[{"embeddable":true,"href":"https:\/\/fuentesfidedignas.com.mx\/index.php\/wp-json\/wp\/v2\/users\/5"}],"replies":[{"embeddable":true,"href":"https:\/\/fuentesfidedignas.com.mx\/index.php\/wp-json\/wp\/v2\/comments?post=10992"}],"version-history":[{"count":1,"href":"https:\/\/fuentesfidedignas.com.mx\/index.php\/wp-json\/wp\/v2\/posts\/10992\/revisions"}],"predecessor-version":[{"id":10994,"href":"https:\/\/fuentesfidedignas.com.mx\/index.php\/wp-json\/wp\/v2\/posts\/10992\/revisions\/10994"}],"wp:featuredmedia":[{"embeddable":true,"href":"https:\/\/fuentesfidedignas.com.mx\/index.php\/wp-json\/wp\/v2\/media\/10993"}],"wp:attachment":[{"href":"https:\/\/fuentesfidedignas.com.mx\/index.php\/wp-json\/wp\/v2\/media?parent=10992"}],"wp:term":[{"taxonomy":"category","embeddable":true,"href":"https:\/\/fuentesfidedignas.com.mx\/index.php\/wp-json\/wp\/v2\/categories?post=10992"},{"taxonomy":"post_tag","embeddable":true,"href":"https:\/\/fuentesfidedignas.com.mx\/index.php\/wp-json\/wp\/v2\/tags?post=10992"}],"curies":[{"name":"wp","href":"https:\/\/api.w.org\/{rel}","templated":true}]}}