{"id":109897,"date":"2025-06-04T09:46:50","date_gmt":"2025-06-04T16:46:50","guid":{"rendered":"https:\/\/fuentesfidedignas.com.mx\/?p=109897"},"modified":"2025-06-04T09:46:52","modified_gmt":"2025-06-04T16:46:52","slug":"grietas-en-el-sistema","status":"publish","type":"post","link":"https:\/\/fuentesfidedignas.com.mx\/index.php\/2025\/06\/04\/grietas-en-el-sistema\/","title":{"rendered":"Grietas en el sistema"},"content":{"rendered":"\n<p>En el silencio de la noche, cuando nos enfrentamos a nosotros mismos sin m\u00e1scaras ni pretensiones, surge una pregunta inquietante: \u00bfcu\u00e1nto de lo que vivimos es aut\u00e9ntico y cu\u00e1nto es una elaborada representaci\u00f3n para encajar en un mundo que no hemos elegido? Es en ese momento de honestidad brutal donde nace la semilla de toda revoluci\u00f3n verdadera. Vivir en la verdad no es un lujo filos\u00f3fico; es un acto de resistencia primordial frente a un sistema que prospera cuando aceptamos sus mentiras como normales. Pi\u00e9nsalo: el simple gesto de negarte a repetir una falsedad, por peque\u00f1a que parezca, hace temblar los cimientos invisibles sobre los que se sostiene todo r\u00e9gimen de opresi\u00f3n.<\/p>\n\n\n\n<p>\u00bfRecuerdas la \u00faltima vez que callaste una verdad por miedo? \u00bfLa sensaci\u00f3n en el est\u00f3mago, ese nudo en la garganta? No era solo incomodidad social; era tu ser m\u00e1s profundo resisti\u00e9ndose a la traici\u00f3n contra s\u00ed mismo. Porque cada vez que elegimos la comodidad del silencio sobre la incomodidad de la verdad, cedemos un fragmento de nuestra humanidad. Y es precisamente ese fragmento, multiplicado por millones, el que construye los muros invisibles de nuestra prisi\u00f3n colectiva.<\/p>\n\n\n\n<p>La transformaci\u00f3n del mundo no comienza en las grandes asambleas ni en los discursos grandilocuentes. Nace en ese instante preciso en que decides que ya no puedes seguir viviendo en la contradicci\u00f3n. No basta con interpretar la realidad desde la comodidad de nuestras teor\u00edas; es necesario intervenir en ella con la totalidad de nuestro ser. Pero, \u00bfc\u00f3mo transformar lo que aceptamos d\u00eda tras d\u00eda con nuestra obediencia silenciosa? Ah\u00ed reside el verdadero dilema existencial de nuestro tiempo.<\/p>\n\n\n\n<p>El poder que nos domina ha evolucionado. Ya no necesita \u00fanicamente de tanques y polic\u00edas; se ha vuelto sutil, ha penetrado nuestros deseos, nuestras conversaciones, nuestros sue\u00f1os. Habita en el lenguaje que usamos, en los miedos que no confrontamos, en las ambiciones que nos han ense\u00f1ado a perseguir. Cada vez que repetimos sin cuestionar las &#8220;verdades&#8221; del sistema, cada vez que nos burlamos de quien se atreve a ser diferente, cada vez que cerramos los ojos ante una injusticia porque &#8220;as\u00ed son las cosas&#8221;, fortalecemos los barrotes de una jaula que ni siquiera reconocemos como tal.<\/p>\n\n\n\n<p>\u00bfHas sentido alguna vez ese v\u00e9rtigo ante la posibilidad de ser completamente libre? Es un abismo aterrador porque intuimos que, al borde de la autenticidad, ya no hay vuelta atr\u00e1s. Decidir vivir en la verdad significa reconstruirte por completo, cuestionar cada aspecto de tu existencia que hasta ahora dabas por sentado. La verdad no es simplemente decir lo que piensas; es reorganizar tu vida entera alrededor de lo que sabes es justo y necesario. Y esto, amigo m\u00edo, es el acto m\u00e1s revolucionario que puedes emprender.<\/p>\n\n\n\n<p>Cuando miramos a nuestro alrededor y vemos un mundo fracturado por la desigualdad, devastado por la codicia, enrarecido por mentiras que se repiten hasta el hartazgo, es f\u00e1cil caer en la desesperanza. Pero recuerda: este sistema que parece omnipotente se sostiene sobre un fr\u00e1gil consenso de pasividad y miedo. No requiere que creamos realmente en \u00e9l; solo que actuemos como si lo hici\u00e9ramos. El d\u00eda que suficientes personas decidan existir en la verdad, ese coloso de pies de barro comenzar\u00e1 a tambalearse.<\/p>\n\n\n\n<p>Piensa en esos momentos luminosos donde has vislumbrado otra manera de estar en el mundo: ese abrazo sincero con un desconocido, esa conversaci\u00f3n profunda que desafi\u00f3 tus certezas, ese instante de belleza compartida que ning\u00fan sistema puede mercantilizar. Son fisuras por donde se filtra la posibilidad de otra realidad. Estos no son escapismos rom\u00e1nticos; son puntos de quiebre donde lo imposible comienza a materializarse, donde la vida resiste a ser reducida a f\u00f3rmulas y estad\u00edsticas.<\/p>\n\n\n\n<p>La paradoja m\u00e1s hermosa de nuestra condici\u00f3n es que el verdadero poder nace de abrazar nuestra aparente fragilidad. Cuando decides existir aut\u00e9nticamente, cuando rechazas participar en la mentira aun sabiendo que tu gesto puede parecer insignificante, te colocas en una posici\u00f3n radical: la de quien ya no puede ser dominado interiormente. Esta libertad, por peque\u00f1a que parezca en el tablero de la historia, contiene la semilla de todas las revoluciones que han cambiado el curso de la humanidad.<\/p>\n\n\n\n<p>El mundo que habitamos, con sus reglas no escritas y sus verdades incuestionables, comienza a transformarse cuando dejamos de sostenerlo con nuestra obediencia. No se trata solo de protestar contra lo injusto, sino de crear espacios donde podamos vivir de otra manera, aqu\u00ed y ahora. Mira a tu alrededor: en los barrios donde vecinos se organizan para protegerse mutuamente, en las comunidades que recuperan saberes ancestrales, en los colectivos que experimentan con formas horizontales de decisi\u00f3n, ya est\u00e1n germinando los mundos que podr\u00edan reemplazar al nuestro.<\/p>\n\n\n\n<p>Las palabras con que nombramos nuestra realidad han sido secuestradas y vaciadas de significado. &#8220;Libertad&#8221; se reduce a elegir entre marcas, &#8220;democracia&#8221; a votar cada ciertos a\u00f1os, &#8220;\u00e9xito&#8221; a acumular posesiones. Reclamar el verdadero sentido de estas palabras, llenarlas nuevamente de su potencia original, es parte esencial de nuestra lucha. Porque las revoluciones m\u00e1s profundas comienzan siempre por recuperar el lenguaje, por nombrar lo real sin eufemismos, por llamar &#8220;opresi\u00f3n&#8221; a lo que es opresi\u00f3n y &#8220;vida&#8221; a lo que realmente es vida.<\/p>\n\n\n\n<p>Cuando despertamos a la verdad de nuestra situaci\u00f3n, empezamos a ver conexiones donde antes solo hab\u00eda eventos aislados. La precariedad laboral, la crisis clim\u00e1tica, la soledad epid\u00e9mica que atraviesa nuestras sociedades hiperconectadas: no son problemas separados sino manifestaciones de una misma l\u00f3gica destructiva. Y esta comprensi\u00f3n nos impulsa a buscar soluciones que no fragmenten la realidad sino que la aborden en toda su compleja interdependencia.<\/p>\n\n\n\n<p>Existir en la verdad no es alcanzar un estado ideal, sino habitar conscientemente la tensi\u00f3n entre lo que somos y lo que podr\u00edamos llegar a ser, entre el mundo tal como est\u00e1 configurado y el mundo que intentamos crear con nuestras acciones cotidianas. Esta tensi\u00f3n no debe paralizarnos; al contrario, nos energiza. Conscientes de nuestras contradicciones, pero tambi\u00e9n de nuestra capacidad para trascenderlas, avanzamos por ese territorio incierto donde la transformaci\u00f3n personal y la transformaci\u00f3n social se entrelazan como dos hebras de una misma cuerda.<\/p>\n\n\n\n<p>\u00bfHas experimentado alguna vez esos momentos de claridad absoluta en que sientes la verdad no como una idea abstracta sino como una corriente el\u00e9ctrica que recorre tu cuerpo? Son instantes en que percibimos que nuestra lucha personal forma parte de algo mayor, de un r\u00edo subterr\u00e1neo que conecta a todos los que, en diferentes tiempos y lugares, han decidido vivir con dignidad. Esta experiencia disuelve la falsa dicotom\u00eda entre lo individual y lo colectivo: comprendemos que al liberarnos a nosotros mismos contribuimos a liberar a todos, y que la liberaci\u00f3n de los dem\u00e1s es inseparable de la nuestra.<\/p>\n\n\n\n<p>Los sistemas que parecen m\u00e1s s\u00f3lidos esconden a menudo las grietas m\u00e1s profundas. Toda estructura de dominaci\u00f3n contiene en su interior las semillas de su propia superaci\u00f3n. Su poder depende, en \u00faltima instancia, de nuestra creencia en su inevitabilidad, de nuestra resignaci\u00f3n ante lo establecido como si fuera el orden natural de las cosas. Pero la historia nos ense\u00f1a que lo imposible se vuelve posible cuando dejamos de temer nuestra propia fuerza.<\/p>\n\n\n\n<p>Vivir en la verdad es rechazar esa resignaci\u00f3n y abrazar la posibilidad radical de que otro mundo no solo es posible, sino que est\u00e1 ya naciendo en los intersticios del presente. Es reconocer que cada acto consciente que realizamos, cada conexi\u00f3n aut\u00e9ntica que establecemos, cada espacio de libertad que creamos, contiene la semilla de esa realidad alternativa. No esperamos una revoluci\u00f3n futura; encarnamos aqu\u00ed y ahora los valores que queremos ver realizados.<\/p>\n\n\n\n<p>La verdadera intervenci\u00f3n en la realidad comienza con este acto existencial de habitar plenamente nuestro ser, de arrancar las m\u00e1scaras que nos han impuesto y asumir la responsabilidad de nuestra libertad. Desde ese centro de autenticidad, nos convertimos en agentes de cambio no porque poseamos alguna verdad definitiva sobre el rumbo del mundo, sino porque existimos como preguntas vivas en un sistema que pretende tener todas las respuestas.<\/p>\n\n\n\n<p>Esta forma de existir cuestiona constantemente lo establecido, desestabiliza las certezas del poder y abre espacios donde lo impensable puede ser imaginado y realizado. La transformaci\u00f3n m\u00e1s profunda es aquella que modifica simult\u00e1neamente la conciencia y la realidad, el ser y el hacer, lo individual y lo colectivo, en un mismo movimiento liberador. Y todo comienza con esa decisi\u00f3n aparentemente simple pero infinitamente poderosa: vivir en la verdad, aqu\u00ed y ahora, cueste lo que cueste.<\/p>\n","protected":false},"excerpt":{"rendered":"<p>En el silencio de la noche, cuando nos enfrentamos a nosotros mismos sin m\u00e1scaras ni pretensiones, surge una pregunta inquietante: \u00bfcu\u00e1nto de lo que vivimos es aut\u00e9ntico y cu\u00e1nto es una elaborada representaci\u00f3n para encajar en un mundo que no hemos elegido? Es en ese momento de honestidad brutal donde nace la semilla de toda [&hellip;]<\/p>\n","protected":false},"author":146,"featured_media":109898,"comment_status":"open","ping_status":"open","sticky":false,"template":"","format":"standard","meta":{"tdm_status":"","tdm_grid_status":"","footnotes":""},"categories":[3064,3089],"tags":[],"class_list":{"0":"post-109897","1":"post","2":"type-post","3":"status-publish","4":"format-standard","5":"has-post-thumbnail","7":"category-columnas","8":"category-nutriendo-la-mente"},"yoast_head":"<!-- This site is optimized with the Yoast SEO plugin v27.5 - https:\/\/yoast.com\/product\/yoast-seo-wordpress\/ -->\n<title>Grietas en el sistema - Fuentes Fidedignas<\/title>\n<meta name=\"robots\" content=\"index, follow, max-snippet:-1, max-image-preview:large, max-video-preview:-1\" \/>\n<link rel=\"canonical\" href=\"https:\/\/fuentesfidedignas.com.mx\/index.php\/2025\/06\/04\/grietas-en-el-sistema\/\" \/>\n<meta property=\"og:locale\" content=\"es_MX\" \/>\n<meta property=\"og:type\" content=\"article\" \/>\n<meta property=\"og:title\" content=\"Grietas en el sistema - Fuentes Fidedignas\" \/>\n<meta property=\"og:description\" content=\"En el silencio de la noche, cuando nos enfrentamos a nosotros mismos sin m\u00e1scaras ni pretensiones, surge una pregunta inquietante: \u00bfcu\u00e1nto de lo que vivimos es aut\u00e9ntico y cu\u00e1nto es una elaborada representaci\u00f3n para encajar en un mundo que no hemos elegido? Es en ese momento de honestidad brutal donde nace la semilla de toda [&hellip;]\" \/>\n<meta property=\"og:url\" content=\"https:\/\/fuentesfidedignas.com.mx\/index.php\/2025\/06\/04\/grietas-en-el-sistema\/\" \/>\n<meta property=\"og:site_name\" content=\"Fuentes Fidedignas\" \/>\n<meta property=\"article:publisher\" content=\"https:\/\/www.facebook.com\/Fuentes-Fidedignas-368234489921644\" \/>\n<meta property=\"article:published_time\" content=\"2025-06-04T16:46:50+00:00\" \/>\n<meta property=\"article:modified_time\" content=\"2025-06-04T16:46:52+00:00\" \/>\n<meta property=\"og:image\" content=\"https:\/\/fuentesfidedignas.com.mx\/wp-content\/uploads\/2025\/06\/WhatsApp-Image-2025-06-04-at-9.43.56-AM.jpeg\" \/>\n\t<meta property=\"og:image:width\" content=\"600\" \/>\n\t<meta property=\"og:image:height\" content=\"399\" \/>\n\t<meta property=\"og:image:type\" content=\"image\/jpeg\" \/>\n<meta name=\"author\" content=\"Mtro. Horacio de Jes\u00fas Malcampo Moreno\" \/>\n<meta name=\"twitter:card\" content=\"summary_large_image\" \/>\n<meta name=\"twitter:creator\" content=\"@fidedignas\" \/>\n<meta name=\"twitter:site\" content=\"@fidedignas\" \/>\n<meta name=\"twitter:label1\" content=\"Escrito por\" \/>\n\t<meta name=\"twitter:data1\" content=\"Mtro. Horacio de Jes\u00fas Malcampo Moreno\" \/>\n\t<meta name=\"twitter:label2\" content=\"Tiempo de lectura\" \/>\n\t<meta name=\"twitter:data2\" content=\"7 minutos\" \/>\n<script type=\"application\/ld+json\" class=\"yoast-schema-graph\">{\"@context\":\"https:\\\/\\\/schema.org\",\"@graph\":[{\"@type\":\"Article\",\"@id\":\"https:\\\/\\\/fuentesfidedignas.com.mx\\\/index.php\\\/2025\\\/06\\\/04\\\/grietas-en-el-sistema\\\/#article\",\"isPartOf\":{\"@id\":\"https:\\\/\\\/fuentesfidedignas.com.mx\\\/index.php\\\/2025\\\/06\\\/04\\\/grietas-en-el-sistema\\\/\"},\"author\":{\"name\":\"Mtro. Horacio de Jes\u00fas Malcampo Moreno\",\"@id\":\"https:\\\/\\\/fuentesfidedignas.com.mx\\\/#\\\/schema\\\/person\\\/3f687c55082c557a647c7836bde45728\"},\"headline\":\"Grietas en el sistema\",\"datePublished\":\"2025-06-04T16:46:50+00:00\",\"dateModified\":\"2025-06-04T16:46:52+00:00\",\"mainEntityOfPage\":{\"@id\":\"https:\\\/\\\/fuentesfidedignas.com.mx\\\/index.php\\\/2025\\\/06\\\/04\\\/grietas-en-el-sistema\\\/\"},\"wordCount\":1476,\"commentCount\":0,\"publisher\":{\"@id\":\"https:\\\/\\\/fuentesfidedignas.com.mx\\\/#organization\"},\"image\":{\"@id\":\"https:\\\/\\\/fuentesfidedignas.com.mx\\\/index.php\\\/2025\\\/06\\\/04\\\/grietas-en-el-sistema\\\/#primaryimage\"},\"thumbnailUrl\":\"https:\\\/\\\/fuentesfidedignas.com.mx\\\/wp-content\\\/uploads\\\/2025\\\/06\\\/WhatsApp-Image-2025-06-04-at-9.43.56-AM.jpeg\",\"articleSection\":[\"COLUMNAS\",\"NUTRIENDO LA MENTE\"],\"inLanguage\":\"es\",\"potentialAction\":[{\"@type\":\"CommentAction\",\"name\":\"Comment\",\"target\":[\"https:\\\/\\\/fuentesfidedignas.com.mx\\\/index.php\\\/2025\\\/06\\\/04\\\/grietas-en-el-sistema\\\/#respond\"]}]},{\"@type\":\"WebPage\",\"@id\":\"https:\\\/\\\/fuentesfidedignas.com.mx\\\/index.php\\\/2025\\\/06\\\/04\\\/grietas-en-el-sistema\\\/\",\"url\":\"https:\\\/\\\/fuentesfidedignas.com.mx\\\/index.php\\\/2025\\\/06\\\/04\\\/grietas-en-el-sistema\\\/\",\"name\":\"Grietas en el sistema - Fuentes Fidedignas\",\"isPartOf\":{\"@id\":\"https:\\\/\\\/fuentesfidedignas.com.mx\\\/#website\"},\"primaryImageOfPage\":{\"@id\":\"https:\\\/\\\/fuentesfidedignas.com.mx\\\/index.php\\\/2025\\\/06\\\/04\\\/grietas-en-el-sistema\\\/#primaryimage\"},\"image\":{\"@id\":\"https:\\\/\\\/fuentesfidedignas.com.mx\\\/index.php\\\/2025\\\/06\\\/04\\\/grietas-en-el-sistema\\\/#primaryimage\"},\"thumbnailUrl\":\"https:\\\/\\\/fuentesfidedignas.com.mx\\\/wp-content\\\/uploads\\\/2025\\\/06\\\/WhatsApp-Image-2025-06-04-at-9.43.56-AM.jpeg\",\"datePublished\":\"2025-06-04T16:46:50+00:00\",\"dateModified\":\"2025-06-04T16:46:52+00:00\",\"breadcrumb\":{\"@id\":\"https:\\\/\\\/fuentesfidedignas.com.mx\\\/index.php\\\/2025\\\/06\\\/04\\\/grietas-en-el-sistema\\\/#breadcrumb\"},\"inLanguage\":\"es\",\"potentialAction\":[{\"@type\":\"ReadAction\",\"target\":[\"https:\\\/\\\/fuentesfidedignas.com.mx\\\/index.php\\\/2025\\\/06\\\/04\\\/grietas-en-el-sistema\\\/\"]}]},{\"@type\":\"ImageObject\",\"inLanguage\":\"es\",\"@id\":\"https:\\\/\\\/fuentesfidedignas.com.mx\\\/index.php\\\/2025\\\/06\\\/04\\\/grietas-en-el-sistema\\\/#primaryimage\",\"url\":\"https:\\\/\\\/fuentesfidedignas.com.mx\\\/wp-content\\\/uploads\\\/2025\\\/06\\\/WhatsApp-Image-2025-06-04-at-9.43.56-AM.jpeg\",\"contentUrl\":\"https:\\\/\\\/fuentesfidedignas.com.mx\\\/wp-content\\\/uploads\\\/2025\\\/06\\\/WhatsApp-Image-2025-06-04-at-9.43.56-AM.jpeg\",\"width\":600,\"height\":399},{\"@type\":\"BreadcrumbList\",\"@id\":\"https:\\\/\\\/fuentesfidedignas.com.mx\\\/index.php\\\/2025\\\/06\\\/04\\\/grietas-en-el-sistema\\\/#breadcrumb\",\"itemListElement\":[{\"@type\":\"ListItem\",\"position\":1,\"name\":\"Inicio\",\"item\":\"https:\\\/\\\/fuentesfidedignas.com.mx\\\/\"},{\"@type\":\"ListItem\",\"position\":2,\"name\":\"Grietas en el sistema\"}]},{\"@type\":\"WebSite\",\"@id\":\"https:\\\/\\\/fuentesfidedignas.com.mx\\\/#website\",\"url\":\"https:\\\/\\\/fuentesfidedignas.com.mx\\\/\",\"name\":\"Fuentes Fidedignas\",\"description\":\"Otro sitio realizado con WordPress\",\"publisher\":{\"@id\":\"https:\\\/\\\/fuentesfidedignas.com.mx\\\/#organization\"},\"potentialAction\":[{\"@type\":\"SearchAction\",\"target\":{\"@type\":\"EntryPoint\",\"urlTemplate\":\"https:\\\/\\\/fuentesfidedignas.com.mx\\\/?s={search_term_string}\"},\"query-input\":{\"@type\":\"PropertyValueSpecification\",\"valueRequired\":true,\"valueName\":\"search_term_string\"}}],\"inLanguage\":\"es\"},{\"@type\":\"Organization\",\"@id\":\"https:\\\/\\\/fuentesfidedignas.com.mx\\\/#organization\",\"name\":\"Fuentes Fidedignas\",\"url\":\"https:\\\/\\\/fuentesfidedignas.com.mx\\\/\",\"logo\":{\"@type\":\"ImageObject\",\"inLanguage\":\"es\",\"@id\":\"https:\\\/\\\/fuentesfidedignas.com.mx\\\/#\\\/schema\\\/logo\\\/image\\\/\",\"url\":\"https:\\\/\\\/fuentesfidedignas.com.mx\\\/wp-content\\\/uploads\\\/2021\\\/04\\\/logo-retina.png\",\"contentUrl\":\"https:\\\/\\\/fuentesfidedignas.com.mx\\\/wp-content\\\/uploads\\\/2021\\\/04\\\/logo-retina.png\",\"width\":280,\"height\":51,\"caption\":\"Fuentes Fidedignas\"},\"image\":{\"@id\":\"https:\\\/\\\/fuentesfidedignas.com.mx\\\/#\\\/schema\\\/logo\\\/image\\\/\"},\"sameAs\":[\"https:\\\/\\\/www.facebook.com\\\/Fuentes-Fidedignas-368234489921644\",\"https:\\\/\\\/x.com\\\/fidedignas\"]},{\"@type\":\"Person\",\"@id\":\"https:\\\/\\\/fuentesfidedignas.com.mx\\\/#\\\/schema\\\/person\\\/3f687c55082c557a647c7836bde45728\",\"name\":\"Mtro. Horacio de Jes\u00fas Malcampo Moreno\",\"image\":{\"@type\":\"ImageObject\",\"inLanguage\":\"es\",\"@id\":\"https:\\\/\\\/secure.gravatar.com\\\/avatar\\\/21fd667a5b9de079d383e44390566d4c728a6ce47b9b5e8419c61f1b793461ac?s=96&d=mm&r=g\",\"url\":\"https:\\\/\\\/secure.gravatar.com\\\/avatar\\\/21fd667a5b9de079d383e44390566d4c728a6ce47b9b5e8419c61f1b793461ac?s=96&d=mm&r=g\",\"contentUrl\":\"https:\\\/\\\/secure.gravatar.com\\\/avatar\\\/21fd667a5b9de079d383e44390566d4c728a6ce47b9b5e8419c61f1b793461ac?s=96&d=mm&r=g\",\"caption\":\"Mtro. Horacio de Jes\u00fas Malcampo Moreno\"},\"url\":\"https:\\\/\\\/fuentesfidedignas.com.mx\\\/index.php\\\/author\\\/horacio\\\/\"}]}<\/script>\n<!-- \/ Yoast SEO plugin. -->","yoast_head_json":{"title":"Grietas en el sistema - Fuentes Fidedignas","robots":{"index":"index","follow":"follow","max-snippet":"max-snippet:-1","max-image-preview":"max-image-preview:large","max-video-preview":"max-video-preview:-1"},"canonical":"https:\/\/fuentesfidedignas.com.mx\/index.php\/2025\/06\/04\/grietas-en-el-sistema\/","og_locale":"es_MX","og_type":"article","og_title":"Grietas en el sistema - Fuentes Fidedignas","og_description":"En el silencio de la noche, cuando nos enfrentamos a nosotros mismos sin m\u00e1scaras ni pretensiones, surge una pregunta inquietante: \u00bfcu\u00e1nto de lo que vivimos es aut\u00e9ntico y cu\u00e1nto es una elaborada representaci\u00f3n para encajar en un mundo que no hemos elegido? Es en ese momento de honestidad brutal donde nace la semilla de toda [&hellip;]","og_url":"https:\/\/fuentesfidedignas.com.mx\/index.php\/2025\/06\/04\/grietas-en-el-sistema\/","og_site_name":"Fuentes Fidedignas","article_publisher":"https:\/\/www.facebook.com\/Fuentes-Fidedignas-368234489921644","article_published_time":"2025-06-04T16:46:50+00:00","article_modified_time":"2025-06-04T16:46:52+00:00","og_image":[{"width":600,"height":399,"url":"https:\/\/fuentesfidedignas.com.mx\/wp-content\/uploads\/2025\/06\/WhatsApp-Image-2025-06-04-at-9.43.56-AM.jpeg","type":"image\/jpeg"}],"author":"Mtro. Horacio de Jes\u00fas Malcampo Moreno","twitter_card":"summary_large_image","twitter_creator":"@fidedignas","twitter_site":"@fidedignas","twitter_misc":{"Escrito por":"Mtro. Horacio de Jes\u00fas Malcampo Moreno","Tiempo de lectura":"7 minutos"},"schema":{"@context":"https:\/\/schema.org","@graph":[{"@type":"Article","@id":"https:\/\/fuentesfidedignas.com.mx\/index.php\/2025\/06\/04\/grietas-en-el-sistema\/#article","isPartOf":{"@id":"https:\/\/fuentesfidedignas.com.mx\/index.php\/2025\/06\/04\/grietas-en-el-sistema\/"},"author":{"name":"Mtro. Horacio de Jes\u00fas Malcampo Moreno","@id":"https:\/\/fuentesfidedignas.com.mx\/#\/schema\/person\/3f687c55082c557a647c7836bde45728"},"headline":"Grietas en el sistema","datePublished":"2025-06-04T16:46:50+00:00","dateModified":"2025-06-04T16:46:52+00:00","mainEntityOfPage":{"@id":"https:\/\/fuentesfidedignas.com.mx\/index.php\/2025\/06\/04\/grietas-en-el-sistema\/"},"wordCount":1476,"commentCount":0,"publisher":{"@id":"https:\/\/fuentesfidedignas.com.mx\/#organization"},"image":{"@id":"https:\/\/fuentesfidedignas.com.mx\/index.php\/2025\/06\/04\/grietas-en-el-sistema\/#primaryimage"},"thumbnailUrl":"https:\/\/fuentesfidedignas.com.mx\/wp-content\/uploads\/2025\/06\/WhatsApp-Image-2025-06-04-at-9.43.56-AM.jpeg","articleSection":["COLUMNAS","NUTRIENDO LA MENTE"],"inLanguage":"es","potentialAction":[{"@type":"CommentAction","name":"Comment","target":["https:\/\/fuentesfidedignas.com.mx\/index.php\/2025\/06\/04\/grietas-en-el-sistema\/#respond"]}]},{"@type":"WebPage","@id":"https:\/\/fuentesfidedignas.com.mx\/index.php\/2025\/06\/04\/grietas-en-el-sistema\/","url":"https:\/\/fuentesfidedignas.com.mx\/index.php\/2025\/06\/04\/grietas-en-el-sistema\/","name":"Grietas en el sistema - Fuentes Fidedignas","isPartOf":{"@id":"https:\/\/fuentesfidedignas.com.mx\/#website"},"primaryImageOfPage":{"@id":"https:\/\/fuentesfidedignas.com.mx\/index.php\/2025\/06\/04\/grietas-en-el-sistema\/#primaryimage"},"image":{"@id":"https:\/\/fuentesfidedignas.com.mx\/index.php\/2025\/06\/04\/grietas-en-el-sistema\/#primaryimage"},"thumbnailUrl":"https:\/\/fuentesfidedignas.com.mx\/wp-content\/uploads\/2025\/06\/WhatsApp-Image-2025-06-04-at-9.43.56-AM.jpeg","datePublished":"2025-06-04T16:46:50+00:00","dateModified":"2025-06-04T16:46:52+00:00","breadcrumb":{"@id":"https:\/\/fuentesfidedignas.com.mx\/index.php\/2025\/06\/04\/grietas-en-el-sistema\/#breadcrumb"},"inLanguage":"es","potentialAction":[{"@type":"ReadAction","target":["https:\/\/fuentesfidedignas.com.mx\/index.php\/2025\/06\/04\/grietas-en-el-sistema\/"]}]},{"@type":"ImageObject","inLanguage":"es","@id":"https:\/\/fuentesfidedignas.com.mx\/index.php\/2025\/06\/04\/grietas-en-el-sistema\/#primaryimage","url":"https:\/\/fuentesfidedignas.com.mx\/wp-content\/uploads\/2025\/06\/WhatsApp-Image-2025-06-04-at-9.43.56-AM.jpeg","contentUrl":"https:\/\/fuentesfidedignas.com.mx\/wp-content\/uploads\/2025\/06\/WhatsApp-Image-2025-06-04-at-9.43.56-AM.jpeg","width":600,"height":399},{"@type":"BreadcrumbList","@id":"https:\/\/fuentesfidedignas.com.mx\/index.php\/2025\/06\/04\/grietas-en-el-sistema\/#breadcrumb","itemListElement":[{"@type":"ListItem","position":1,"name":"Inicio","item":"https:\/\/fuentesfidedignas.com.mx\/"},{"@type":"ListItem","position":2,"name":"Grietas en el sistema"}]},{"@type":"WebSite","@id":"https:\/\/fuentesfidedignas.com.mx\/#website","url":"https:\/\/fuentesfidedignas.com.mx\/","name":"Fuentes Fidedignas","description":"Otro sitio realizado con WordPress","publisher":{"@id":"https:\/\/fuentesfidedignas.com.mx\/#organization"},"potentialAction":[{"@type":"SearchAction","target":{"@type":"EntryPoint","urlTemplate":"https:\/\/fuentesfidedignas.com.mx\/?s={search_term_string}"},"query-input":{"@type":"PropertyValueSpecification","valueRequired":true,"valueName":"search_term_string"}}],"inLanguage":"es"},{"@type":"Organization","@id":"https:\/\/fuentesfidedignas.com.mx\/#organization","name":"Fuentes Fidedignas","url":"https:\/\/fuentesfidedignas.com.mx\/","logo":{"@type":"ImageObject","inLanguage":"es","@id":"https:\/\/fuentesfidedignas.com.mx\/#\/schema\/logo\/image\/","url":"https:\/\/fuentesfidedignas.com.mx\/wp-content\/uploads\/2021\/04\/logo-retina.png","contentUrl":"https:\/\/fuentesfidedignas.com.mx\/wp-content\/uploads\/2021\/04\/logo-retina.png","width":280,"height":51,"caption":"Fuentes Fidedignas"},"image":{"@id":"https:\/\/fuentesfidedignas.com.mx\/#\/schema\/logo\/image\/"},"sameAs":["https:\/\/www.facebook.com\/Fuentes-Fidedignas-368234489921644","https:\/\/x.com\/fidedignas"]},{"@type":"Person","@id":"https:\/\/fuentesfidedignas.com.mx\/#\/schema\/person\/3f687c55082c557a647c7836bde45728","name":"Mtro. Horacio de Jes\u00fas Malcampo Moreno","image":{"@type":"ImageObject","inLanguage":"es","@id":"https:\/\/secure.gravatar.com\/avatar\/21fd667a5b9de079d383e44390566d4c728a6ce47b9b5e8419c61f1b793461ac?s=96&d=mm&r=g","url":"https:\/\/secure.gravatar.com\/avatar\/21fd667a5b9de079d383e44390566d4c728a6ce47b9b5e8419c61f1b793461ac?s=96&d=mm&r=g","contentUrl":"https:\/\/secure.gravatar.com\/avatar\/21fd667a5b9de079d383e44390566d4c728a6ce47b9b5e8419c61f1b793461ac?s=96&d=mm&r=g","caption":"Mtro. Horacio de Jes\u00fas Malcampo Moreno"},"url":"https:\/\/fuentesfidedignas.com.mx\/index.php\/author\/horacio\/"}]}},"_links":{"self":[{"href":"https:\/\/fuentesfidedignas.com.mx\/index.php\/wp-json\/wp\/v2\/posts\/109897","targetHints":{"allow":["GET"]}}],"collection":[{"href":"https:\/\/fuentesfidedignas.com.mx\/index.php\/wp-json\/wp\/v2\/posts"}],"about":[{"href":"https:\/\/fuentesfidedignas.com.mx\/index.php\/wp-json\/wp\/v2\/types\/post"}],"author":[{"embeddable":true,"href":"https:\/\/fuentesfidedignas.com.mx\/index.php\/wp-json\/wp\/v2\/users\/146"}],"replies":[{"embeddable":true,"href":"https:\/\/fuentesfidedignas.com.mx\/index.php\/wp-json\/wp\/v2\/comments?post=109897"}],"version-history":[{"count":1,"href":"https:\/\/fuentesfidedignas.com.mx\/index.php\/wp-json\/wp\/v2\/posts\/109897\/revisions"}],"predecessor-version":[{"id":109899,"href":"https:\/\/fuentesfidedignas.com.mx\/index.php\/wp-json\/wp\/v2\/posts\/109897\/revisions\/109899"}],"wp:featuredmedia":[{"embeddable":true,"href":"https:\/\/fuentesfidedignas.com.mx\/index.php\/wp-json\/wp\/v2\/media\/109898"}],"wp:attachment":[{"href":"https:\/\/fuentesfidedignas.com.mx\/index.php\/wp-json\/wp\/v2\/media?parent=109897"}],"wp:term":[{"taxonomy":"category","embeddable":true,"href":"https:\/\/fuentesfidedignas.com.mx\/index.php\/wp-json\/wp\/v2\/categories?post=109897"},{"taxonomy":"post_tag","embeddable":true,"href":"https:\/\/fuentesfidedignas.com.mx\/index.php\/wp-json\/wp\/v2\/tags?post=109897"}],"curies":[{"name":"wp","href":"https:\/\/api.w.org\/{rel}","templated":true}]}}