{"id":109878,"date":"2025-06-04T06:28:26","date_gmt":"2025-06-04T13:28:26","guid":{"rendered":"https:\/\/fuentesfidedignas.com.mx\/?p=109878"},"modified":"2025-06-04T06:41:47","modified_gmt":"2025-06-04T13:41:47","slug":"presentan-plan-nacional-contra-dengue-van-18-muertes-en-lo-que-va-de-2025","status":"publish","type":"post","link":"https:\/\/fuentesfidedignas.com.mx\/index.php\/2025\/06\/04\/presentan-plan-nacional-contra-dengue-van-18-muertes-en-lo-que-va-de-2025\/","title":{"rendered":"Presentan Plan Nacional contra Dengue; van 18 muertes en lo que va de 2025"},"content":{"rendered":"\n<p><\/p>\n\n\n\n<p><strong><em>El secretario de Salud, David Kershenobich, inform\u00f3 de acciones que se realizan desde febrero y que se intensificar\u00e1n para combatir el dengue<\/em><\/strong><\/p>\n\n\n\n<p>David Kershenobich, titular de la Secretar\u00eda de Salud federal, present\u00f3 el Plan Anual contra el Dengue.<\/p>\n\n\n\n<p class=\"p1\">En la conferencia matutina de Palacio Nacional, Kershenobich Stalnikowitz apunt\u00f3 que este plan tiene la meta de reducir el n\u00famero de casos nuevos de dengue, zika, chikungunya y otras arbovirosis en un 50 por ciento en el periodo 2025-2030 de forma coordinada y sostenible.<\/p>\n\n\n\n<p>\u201cEl programa empez\u00f3 desde febrero de este a\u00f1o con la implementaci\u00f3n del Plan Nacional contra el Control de Dengue y Otros Arbovirosis, recordando que tuvimos un brote muy importante de dengue el a\u00f1o pasado\u201d, declar\u00f3.<\/p>\n\n\n\n<p>En lo que va de 2025 en el pa\u00eds, el funcionario federal inform\u00f3 que se registraron por este enfermedad 18 defunciones, mil 781 casos no graves de dengue, mil 921 casos con alarma, adem\u00e1s de 155 m\u00e1s graves.<\/p>\n\n\n\n<blockquote class=\"wp-block-quote is-layout-flow wp-block-quote-is-layout-flow\">\n<p>\u201cEl 59.5 por ciento de los casos confirmados corresponden a&nbsp;<strong>Jalisco, Veracruz, Michoac\u00e1n, Guerrero y Tamaulipas<\/strong>\u201c, destac\u00f3 el titular de Salud federal.<\/p>\n<\/blockquote>\n\n\n\n<p>\u201cEstamos haciendo un curso taller para el manejo cl\u00ednico del dengue, precisamente para que el personal de salud sepa que el tratamiento es fundamentalmente sintom\u00e1tico y con hidrataci\u00f3n. Lo estamos haciendo en colaboraci\u00f3n con la&nbsp;<strong>Organizaci\u00f3n Panamericana de la Salud<\/strong>, tratando de establecer los criterios cl\u00ednicos del manejo de dengue\u201d, argument\u00f3.<\/p>\n\n\n\n<p>Se indic\u00f3 que en el 2024, se detallaron un total de 26 defunciones y 14 mil 877 casos confirmados de dengue.<\/p>\n\n\n\n<p>Para evitar esta enfermedad, Kershenobich Stalnikowitz recomend\u00f3 a la poblaci\u00f3n mantener el patio limpio para no tener mosquitos acumulados.<\/p>\n\n\n\n<p>\u201cPara eso es importante eliminar los criaderos y las recomendaciones es lavar los sitios en donde se puede acumular agua que se infecte, tapar los recipientes, tirar algunos de los recipientes, voltearlos, deshierbar los patios y finalmente descacharrizar los mismos, evitando, por ejemplo, las llantas donde se retiene el agua y crecen los mosquitos\u201d, enfatiz\u00f3.<\/p>\n","protected":false},"excerpt":{"rendered":"<p>El secretario de Salud, David Kershenobich, inform\u00f3 de acciones que se realizan desde febrero y que se intensificar\u00e1n para combatir el dengue David Kershenobich, titular de la Secretar\u00eda de Salud federal, present\u00f3 el Plan Anual contra el Dengue. En la conferencia matutina de Palacio Nacional, Kershenobich Stalnikowitz apunt\u00f3 que este plan tiene la meta de [&hellip;]<\/p>\n","protected":false},"author":47,"featured_media":78087,"comment_status":"closed","ping_status":"open","sticky":false,"template":"","format":"standard","meta":{"tdm_status":"","tdm_grid_status":"","footnotes":""},"categories":[39],"tags":[],"class_list":{"0":"post-109878","1":"post","2":"type-post","3":"status-publish","4":"format-standard","5":"has-post-thumbnail","7":"category-noticias-nacionales"},"yoast_head":"<!-- This site is optimized with the Yoast SEO plugin v27.4 - https:\/\/yoast.com\/product\/yoast-seo-wordpress\/ -->\n<title>Presentan Plan Nacional contra Dengue; van 18 muertes en lo que va de 2025 - Fuentes Fidedignas<\/title>\n<meta name=\"robots\" content=\"index, follow, max-snippet:-1, max-image-preview:large, max-video-preview:-1\" \/>\n<link rel=\"canonical\" href=\"https:\/\/fuentesfidedignas.com.mx\/index.php\/2025\/06\/04\/presentan-plan-nacional-contra-dengue-van-18-muertes-en-lo-que-va-de-2025\/\" \/>\n<meta property=\"og:locale\" content=\"es_MX\" \/>\n<meta property=\"og:type\" content=\"article\" \/>\n<meta property=\"og:title\" content=\"Presentan Plan Nacional contra Dengue; van 18 muertes en lo que va de 2025 - Fuentes Fidedignas\" \/>\n<meta property=\"og:description\" content=\"El secretario de Salud, David Kershenobich, inform\u00f3 de acciones que se realizan desde febrero y que se intensificar\u00e1n para combatir el dengue David Kershenobich, titular de la Secretar\u00eda de Salud federal, present\u00f3 el Plan Anual contra el Dengue. En la conferencia matutina de Palacio Nacional, Kershenobich Stalnikowitz apunt\u00f3 que este plan tiene la meta de [&hellip;]\" \/>\n<meta property=\"og:url\" content=\"https:\/\/fuentesfidedignas.com.mx\/index.php\/2025\/06\/04\/presentan-plan-nacional-contra-dengue-van-18-muertes-en-lo-que-va-de-2025\/\" \/>\n<meta property=\"og:site_name\" content=\"Fuentes Fidedignas\" \/>\n<meta property=\"article:publisher\" content=\"https:\/\/www.facebook.com\/Fuentes-Fidedignas-368234489921644\" \/>\n<meta property=\"article:published_time\" content=\"2025-06-04T13:28:26+00:00\" \/>\n<meta property=\"article:modified_time\" content=\"2025-06-04T13:41:47+00:00\" \/>\n<meta property=\"og:image\" content=\"https:\/\/fuentesfidedignas.com.mx\/wp-content\/uploads\/2024\/03\/dengue1.png\" \/>\n\t<meta property=\"og:image:width\" content=\"1304\" \/>\n\t<meta property=\"og:image:height\" content=\"733\" \/>\n\t<meta property=\"og:image:type\" content=\"image\/png\" \/>\n<meta name=\"author\" content=\"L\u00f3pez D\u00f3riga\" \/>\n<meta name=\"twitter:card\" content=\"summary_large_image\" \/>\n<meta name=\"twitter:creator\" content=\"@fidedignas\" \/>\n<meta name=\"twitter:site\" content=\"@fidedignas\" \/>\n<meta name=\"twitter:label1\" content=\"Escrito por\" \/>\n\t<meta name=\"twitter:data1\" content=\"L\u00f3pez D\u00f3riga\" \/>\n\t<meta name=\"twitter:label2\" content=\"Tiempo de lectura\" \/>\n\t<meta name=\"twitter:data2\" content=\"2 minutos\" \/>\n<script type=\"application\/ld+json\" class=\"yoast-schema-graph\">{\"@context\":\"https:\\\/\\\/schema.org\",\"@graph\":[{\"@type\":\"Article\",\"@id\":\"https:\\\/\\\/fuentesfidedignas.com.mx\\\/index.php\\\/2025\\\/06\\\/04\\\/presentan-plan-nacional-contra-dengue-van-18-muertes-en-lo-que-va-de-2025\\\/#article\",\"isPartOf\":{\"@id\":\"https:\\\/\\\/fuentesfidedignas.com.mx\\\/index.php\\\/2025\\\/06\\\/04\\\/presentan-plan-nacional-contra-dengue-van-18-muertes-en-lo-que-va-de-2025\\\/\"},\"author\":{\"name\":\"L\u00f3pez D\u00f3riga\",\"@id\":\"https:\\\/\\\/fuentesfidedignas.com.mx\\\/#\\\/schema\\\/person\\\/67d852f0557c8509146a4b9ddebd543a\"},\"headline\":\"Presentan Plan Nacional contra Dengue; van 18 muertes en lo que va de 2025\",\"datePublished\":\"2025-06-04T13:28:26+00:00\",\"dateModified\":\"2025-06-04T13:41:47+00:00\",\"mainEntityOfPage\":{\"@id\":\"https:\\\/\\\/fuentesfidedignas.com.mx\\\/index.php\\\/2025\\\/06\\\/04\\\/presentan-plan-nacional-contra-dengue-van-18-muertes-en-lo-que-va-de-2025\\\/\"},\"wordCount\":343,\"publisher\":{\"@id\":\"https:\\\/\\\/fuentesfidedignas.com.mx\\\/#organization\"},\"image\":{\"@id\":\"https:\\\/\\\/fuentesfidedignas.com.mx\\\/index.php\\\/2025\\\/06\\\/04\\\/presentan-plan-nacional-contra-dengue-van-18-muertes-en-lo-que-va-de-2025\\\/#primaryimage\"},\"thumbnailUrl\":\"https:\\\/\\\/fuentesfidedignas.com.mx\\\/wp-content\\\/uploads\\\/2024\\\/03\\\/dengue1.png\",\"articleSection\":[\"NOTICIAS NACIONALES\"],\"inLanguage\":\"es\"},{\"@type\":\"WebPage\",\"@id\":\"https:\\\/\\\/fuentesfidedignas.com.mx\\\/index.php\\\/2025\\\/06\\\/04\\\/presentan-plan-nacional-contra-dengue-van-18-muertes-en-lo-que-va-de-2025\\\/\",\"url\":\"https:\\\/\\\/fuentesfidedignas.com.mx\\\/index.php\\\/2025\\\/06\\\/04\\\/presentan-plan-nacional-contra-dengue-van-18-muertes-en-lo-que-va-de-2025\\\/\",\"name\":\"Presentan Plan Nacional contra Dengue; van 18 muertes en lo que va de 2025 - Fuentes Fidedignas\",\"isPartOf\":{\"@id\":\"https:\\\/\\\/fuentesfidedignas.com.mx\\\/#website\"},\"primaryImageOfPage\":{\"@id\":\"https:\\\/\\\/fuentesfidedignas.com.mx\\\/index.php\\\/2025\\\/06\\\/04\\\/presentan-plan-nacional-contra-dengue-van-18-muertes-en-lo-que-va-de-2025\\\/#primaryimage\"},\"image\":{\"@id\":\"https:\\\/\\\/fuentesfidedignas.com.mx\\\/index.php\\\/2025\\\/06\\\/04\\\/presentan-plan-nacional-contra-dengue-van-18-muertes-en-lo-que-va-de-2025\\\/#primaryimage\"},\"thumbnailUrl\":\"https:\\\/\\\/fuentesfidedignas.com.mx\\\/wp-content\\\/uploads\\\/2024\\\/03\\\/dengue1.png\",\"datePublished\":\"2025-06-04T13:28:26+00:00\",\"dateModified\":\"2025-06-04T13:41:47+00:00\",\"breadcrumb\":{\"@id\":\"https:\\\/\\\/fuentesfidedignas.com.mx\\\/index.php\\\/2025\\\/06\\\/04\\\/presentan-plan-nacional-contra-dengue-van-18-muertes-en-lo-que-va-de-2025\\\/#breadcrumb\"},\"inLanguage\":\"es\",\"potentialAction\":[{\"@type\":\"ReadAction\",\"target\":[\"https:\\\/\\\/fuentesfidedignas.com.mx\\\/index.php\\\/2025\\\/06\\\/04\\\/presentan-plan-nacional-contra-dengue-van-18-muertes-en-lo-que-va-de-2025\\\/\"]}]},{\"@type\":\"ImageObject\",\"inLanguage\":\"es\",\"@id\":\"https:\\\/\\\/fuentesfidedignas.com.mx\\\/index.php\\\/2025\\\/06\\\/04\\\/presentan-plan-nacional-contra-dengue-van-18-muertes-en-lo-que-va-de-2025\\\/#primaryimage\",\"url\":\"https:\\\/\\\/fuentesfidedignas.com.mx\\\/wp-content\\\/uploads\\\/2024\\\/03\\\/dengue1.png\",\"contentUrl\":\"https:\\\/\\\/fuentesfidedignas.com.mx\\\/wp-content\\\/uploads\\\/2024\\\/03\\\/dengue1.png\",\"width\":1304,\"height\":733},{\"@type\":\"BreadcrumbList\",\"@id\":\"https:\\\/\\\/fuentesfidedignas.com.mx\\\/index.php\\\/2025\\\/06\\\/04\\\/presentan-plan-nacional-contra-dengue-van-18-muertes-en-lo-que-va-de-2025\\\/#breadcrumb\",\"itemListElement\":[{\"@type\":\"ListItem\",\"position\":1,\"name\":\"Inicio\",\"item\":\"https:\\\/\\\/fuentesfidedignas.com.mx\\\/\"},{\"@type\":\"ListItem\",\"position\":2,\"name\":\"Presentan Plan Nacional contra Dengue; van 18 muertes en lo que va de 2025\"}]},{\"@type\":\"WebSite\",\"@id\":\"https:\\\/\\\/fuentesfidedignas.com.mx\\\/#website\",\"url\":\"https:\\\/\\\/fuentesfidedignas.com.mx\\\/\",\"name\":\"Fuentes Fidedignas\",\"description\":\"Otro sitio realizado con WordPress\",\"publisher\":{\"@id\":\"https:\\\/\\\/fuentesfidedignas.com.mx\\\/#organization\"},\"potentialAction\":[{\"@type\":\"SearchAction\",\"target\":{\"@type\":\"EntryPoint\",\"urlTemplate\":\"https:\\\/\\\/fuentesfidedignas.com.mx\\\/?s={search_term_string}\"},\"query-input\":{\"@type\":\"PropertyValueSpecification\",\"valueRequired\":true,\"valueName\":\"search_term_string\"}}],\"inLanguage\":\"es\"},{\"@type\":\"Organization\",\"@id\":\"https:\\\/\\\/fuentesfidedignas.com.mx\\\/#organization\",\"name\":\"Fuentes Fidedignas\",\"url\":\"https:\\\/\\\/fuentesfidedignas.com.mx\\\/\",\"logo\":{\"@type\":\"ImageObject\",\"inLanguage\":\"es\",\"@id\":\"https:\\\/\\\/fuentesfidedignas.com.mx\\\/#\\\/schema\\\/logo\\\/image\\\/\",\"url\":\"https:\\\/\\\/fuentesfidedignas.com.mx\\\/wp-content\\\/uploads\\\/2021\\\/04\\\/logo-retina.png\",\"contentUrl\":\"https:\\\/\\\/fuentesfidedignas.com.mx\\\/wp-content\\\/uploads\\\/2021\\\/04\\\/logo-retina.png\",\"width\":280,\"height\":51,\"caption\":\"Fuentes Fidedignas\"},\"image\":{\"@id\":\"https:\\\/\\\/fuentesfidedignas.com.mx\\\/#\\\/schema\\\/logo\\\/image\\\/\"},\"sameAs\":[\"https:\\\/\\\/www.facebook.com\\\/Fuentes-Fidedignas-368234489921644\",\"https:\\\/\\\/x.com\\\/fidedignas\"]},{\"@type\":\"Person\",\"@id\":\"https:\\\/\\\/fuentesfidedignas.com.mx\\\/#\\\/schema\\\/person\\\/67d852f0557c8509146a4b9ddebd543a\",\"name\":\"L\u00f3pez D\u00f3riga\",\"image\":{\"@type\":\"ImageObject\",\"inLanguage\":\"es\",\"@id\":\"https:\\\/\\\/secure.gravatar.com\\\/avatar\\\/e525b06574ca18b33cded59dfe5778d6c823b9513154eff47da551b0551bdd1e?s=96&d=mm&r=g\",\"url\":\"https:\\\/\\\/secure.gravatar.com\\\/avatar\\\/e525b06574ca18b33cded59dfe5778d6c823b9513154eff47da551b0551bdd1e?s=96&d=mm&r=g\",\"contentUrl\":\"https:\\\/\\\/secure.gravatar.com\\\/avatar\\\/e525b06574ca18b33cded59dfe5778d6c823b9513154eff47da551b0551bdd1e?s=96&d=mm&r=g\",\"caption\":\"L\u00f3pez D\u00f3riga\"},\"url\":\"https:\\\/\\\/fuentesfidedignas.com.mx\\\/index.php\\\/author\\\/doriga\\\/\"}]}<\/script>\n<!-- \/ Yoast SEO plugin. -->","yoast_head_json":{"title":"Presentan Plan Nacional contra Dengue; van 18 muertes en lo que va de 2025 - Fuentes Fidedignas","robots":{"index":"index","follow":"follow","max-snippet":"max-snippet:-1","max-image-preview":"max-image-preview:large","max-video-preview":"max-video-preview:-1"},"canonical":"https:\/\/fuentesfidedignas.com.mx\/index.php\/2025\/06\/04\/presentan-plan-nacional-contra-dengue-van-18-muertes-en-lo-que-va-de-2025\/","og_locale":"es_MX","og_type":"article","og_title":"Presentan Plan Nacional contra Dengue; van 18 muertes en lo que va de 2025 - Fuentes Fidedignas","og_description":"El secretario de Salud, David Kershenobich, inform\u00f3 de acciones que se realizan desde febrero y que se intensificar\u00e1n para combatir el dengue David Kershenobich, titular de la Secretar\u00eda de Salud federal, present\u00f3 el Plan Anual contra el Dengue. En la conferencia matutina de Palacio Nacional, Kershenobich Stalnikowitz apunt\u00f3 que este plan tiene la meta de [&hellip;]","og_url":"https:\/\/fuentesfidedignas.com.mx\/index.php\/2025\/06\/04\/presentan-plan-nacional-contra-dengue-van-18-muertes-en-lo-que-va-de-2025\/","og_site_name":"Fuentes Fidedignas","article_publisher":"https:\/\/www.facebook.com\/Fuentes-Fidedignas-368234489921644","article_published_time":"2025-06-04T13:28:26+00:00","article_modified_time":"2025-06-04T13:41:47+00:00","og_image":[{"width":1304,"height":733,"url":"https:\/\/fuentesfidedignas.com.mx\/wp-content\/uploads\/2024\/03\/dengue1.png","type":"image\/png"}],"author":"L\u00f3pez D\u00f3riga","twitter_card":"summary_large_image","twitter_creator":"@fidedignas","twitter_site":"@fidedignas","twitter_misc":{"Escrito por":"L\u00f3pez D\u00f3riga","Tiempo de lectura":"2 minutos"},"schema":{"@context":"https:\/\/schema.org","@graph":[{"@type":"Article","@id":"https:\/\/fuentesfidedignas.com.mx\/index.php\/2025\/06\/04\/presentan-plan-nacional-contra-dengue-van-18-muertes-en-lo-que-va-de-2025\/#article","isPartOf":{"@id":"https:\/\/fuentesfidedignas.com.mx\/index.php\/2025\/06\/04\/presentan-plan-nacional-contra-dengue-van-18-muertes-en-lo-que-va-de-2025\/"},"author":{"name":"L\u00f3pez D\u00f3riga","@id":"https:\/\/fuentesfidedignas.com.mx\/#\/schema\/person\/67d852f0557c8509146a4b9ddebd543a"},"headline":"Presentan Plan Nacional contra Dengue; van 18 muertes en lo que va de 2025","datePublished":"2025-06-04T13:28:26+00:00","dateModified":"2025-06-04T13:41:47+00:00","mainEntityOfPage":{"@id":"https:\/\/fuentesfidedignas.com.mx\/index.php\/2025\/06\/04\/presentan-plan-nacional-contra-dengue-van-18-muertes-en-lo-que-va-de-2025\/"},"wordCount":343,"publisher":{"@id":"https:\/\/fuentesfidedignas.com.mx\/#organization"},"image":{"@id":"https:\/\/fuentesfidedignas.com.mx\/index.php\/2025\/06\/04\/presentan-plan-nacional-contra-dengue-van-18-muertes-en-lo-que-va-de-2025\/#primaryimage"},"thumbnailUrl":"https:\/\/fuentesfidedignas.com.mx\/wp-content\/uploads\/2024\/03\/dengue1.png","articleSection":["NOTICIAS NACIONALES"],"inLanguage":"es"},{"@type":"WebPage","@id":"https:\/\/fuentesfidedignas.com.mx\/index.php\/2025\/06\/04\/presentan-plan-nacional-contra-dengue-van-18-muertes-en-lo-que-va-de-2025\/","url":"https:\/\/fuentesfidedignas.com.mx\/index.php\/2025\/06\/04\/presentan-plan-nacional-contra-dengue-van-18-muertes-en-lo-que-va-de-2025\/","name":"Presentan Plan Nacional contra Dengue; van 18 muertes en lo que va de 2025 - Fuentes Fidedignas","isPartOf":{"@id":"https:\/\/fuentesfidedignas.com.mx\/#website"},"primaryImageOfPage":{"@id":"https:\/\/fuentesfidedignas.com.mx\/index.php\/2025\/06\/04\/presentan-plan-nacional-contra-dengue-van-18-muertes-en-lo-que-va-de-2025\/#primaryimage"},"image":{"@id":"https:\/\/fuentesfidedignas.com.mx\/index.php\/2025\/06\/04\/presentan-plan-nacional-contra-dengue-van-18-muertes-en-lo-que-va-de-2025\/#primaryimage"},"thumbnailUrl":"https:\/\/fuentesfidedignas.com.mx\/wp-content\/uploads\/2024\/03\/dengue1.png","datePublished":"2025-06-04T13:28:26+00:00","dateModified":"2025-06-04T13:41:47+00:00","breadcrumb":{"@id":"https:\/\/fuentesfidedignas.com.mx\/index.php\/2025\/06\/04\/presentan-plan-nacional-contra-dengue-van-18-muertes-en-lo-que-va-de-2025\/#breadcrumb"},"inLanguage":"es","potentialAction":[{"@type":"ReadAction","target":["https:\/\/fuentesfidedignas.com.mx\/index.php\/2025\/06\/04\/presentan-plan-nacional-contra-dengue-van-18-muertes-en-lo-que-va-de-2025\/"]}]},{"@type":"ImageObject","inLanguage":"es","@id":"https:\/\/fuentesfidedignas.com.mx\/index.php\/2025\/06\/04\/presentan-plan-nacional-contra-dengue-van-18-muertes-en-lo-que-va-de-2025\/#primaryimage","url":"https:\/\/fuentesfidedignas.com.mx\/wp-content\/uploads\/2024\/03\/dengue1.png","contentUrl":"https:\/\/fuentesfidedignas.com.mx\/wp-content\/uploads\/2024\/03\/dengue1.png","width":1304,"height":733},{"@type":"BreadcrumbList","@id":"https:\/\/fuentesfidedignas.com.mx\/index.php\/2025\/06\/04\/presentan-plan-nacional-contra-dengue-van-18-muertes-en-lo-que-va-de-2025\/#breadcrumb","itemListElement":[{"@type":"ListItem","position":1,"name":"Inicio","item":"https:\/\/fuentesfidedignas.com.mx\/"},{"@type":"ListItem","position":2,"name":"Presentan Plan Nacional contra Dengue; van 18 muertes en lo que va de 2025"}]},{"@type":"WebSite","@id":"https:\/\/fuentesfidedignas.com.mx\/#website","url":"https:\/\/fuentesfidedignas.com.mx\/","name":"Fuentes Fidedignas","description":"Otro sitio realizado con WordPress","publisher":{"@id":"https:\/\/fuentesfidedignas.com.mx\/#organization"},"potentialAction":[{"@type":"SearchAction","target":{"@type":"EntryPoint","urlTemplate":"https:\/\/fuentesfidedignas.com.mx\/?s={search_term_string}"},"query-input":{"@type":"PropertyValueSpecification","valueRequired":true,"valueName":"search_term_string"}}],"inLanguage":"es"},{"@type":"Organization","@id":"https:\/\/fuentesfidedignas.com.mx\/#organization","name":"Fuentes Fidedignas","url":"https:\/\/fuentesfidedignas.com.mx\/","logo":{"@type":"ImageObject","inLanguage":"es","@id":"https:\/\/fuentesfidedignas.com.mx\/#\/schema\/logo\/image\/","url":"https:\/\/fuentesfidedignas.com.mx\/wp-content\/uploads\/2021\/04\/logo-retina.png","contentUrl":"https:\/\/fuentesfidedignas.com.mx\/wp-content\/uploads\/2021\/04\/logo-retina.png","width":280,"height":51,"caption":"Fuentes Fidedignas"},"image":{"@id":"https:\/\/fuentesfidedignas.com.mx\/#\/schema\/logo\/image\/"},"sameAs":["https:\/\/www.facebook.com\/Fuentes-Fidedignas-368234489921644","https:\/\/x.com\/fidedignas"]},{"@type":"Person","@id":"https:\/\/fuentesfidedignas.com.mx\/#\/schema\/person\/67d852f0557c8509146a4b9ddebd543a","name":"L\u00f3pez D\u00f3riga","image":{"@type":"ImageObject","inLanguage":"es","@id":"https:\/\/secure.gravatar.com\/avatar\/e525b06574ca18b33cded59dfe5778d6c823b9513154eff47da551b0551bdd1e?s=96&d=mm&r=g","url":"https:\/\/secure.gravatar.com\/avatar\/e525b06574ca18b33cded59dfe5778d6c823b9513154eff47da551b0551bdd1e?s=96&d=mm&r=g","contentUrl":"https:\/\/secure.gravatar.com\/avatar\/e525b06574ca18b33cded59dfe5778d6c823b9513154eff47da551b0551bdd1e?s=96&d=mm&r=g","caption":"L\u00f3pez D\u00f3riga"},"url":"https:\/\/fuentesfidedignas.com.mx\/index.php\/author\/doriga\/"}]}},"_links":{"self":[{"href":"https:\/\/fuentesfidedignas.com.mx\/index.php\/wp-json\/wp\/v2\/posts\/109878","targetHints":{"allow":["GET"]}}],"collection":[{"href":"https:\/\/fuentesfidedignas.com.mx\/index.php\/wp-json\/wp\/v2\/posts"}],"about":[{"href":"https:\/\/fuentesfidedignas.com.mx\/index.php\/wp-json\/wp\/v2\/types\/post"}],"author":[{"embeddable":true,"href":"https:\/\/fuentesfidedignas.com.mx\/index.php\/wp-json\/wp\/v2\/users\/47"}],"replies":[{"embeddable":true,"href":"https:\/\/fuentesfidedignas.com.mx\/index.php\/wp-json\/wp\/v2\/comments?post=109878"}],"version-history":[{"count":1,"href":"https:\/\/fuentesfidedignas.com.mx\/index.php\/wp-json\/wp\/v2\/posts\/109878\/revisions"}],"predecessor-version":[{"id":109879,"href":"https:\/\/fuentesfidedignas.com.mx\/index.php\/wp-json\/wp\/v2\/posts\/109878\/revisions\/109879"}],"wp:featuredmedia":[{"embeddable":true,"href":"https:\/\/fuentesfidedignas.com.mx\/index.php\/wp-json\/wp\/v2\/media\/78087"}],"wp:attachment":[{"href":"https:\/\/fuentesfidedignas.com.mx\/index.php\/wp-json\/wp\/v2\/media?parent=109878"}],"wp:term":[{"taxonomy":"category","embeddable":true,"href":"https:\/\/fuentesfidedignas.com.mx\/index.php\/wp-json\/wp\/v2\/categories?post=109878"},{"taxonomy":"post_tag","embeddable":true,"href":"https:\/\/fuentesfidedignas.com.mx\/index.php\/wp-json\/wp\/v2\/tags?post=109878"}],"curies":[{"name":"wp","href":"https:\/\/api.w.org\/{rel}","templated":true}]}}