{"id":10983,"date":"2021-08-27T07:58:01","date_gmt":"2021-08-27T14:58:01","guid":{"rendered":"https:\/\/fuentesfidedignas.com.mx\/?p=10983"},"modified":"2021-08-27T07:58:03","modified_gmt":"2021-08-27T14:58:03","slug":"el-presidente-de-mexico-no-puede-ser-rehen-de-nadie-amlo-tras-ser-retenido-en-chiapas","status":"publish","type":"post","link":"https:\/\/fuentesfidedignas.com.mx\/index.php\/2021\/08\/27\/el-presidente-de-mexico-no-puede-ser-rehen-de-nadie-amlo-tras-ser-retenido-en-chiapas\/","title":{"rendered":"El presidente de M\u00e9xico no puede ser reh\u00e9n de nadie: AMLO tras ser retenido en Chiapas"},"content":{"rendered":"\n<p><strong><em>&#8220;No voy a ceder a chantajes de nadie&#8221;, dijo el presidente L\u00f3pez Obrador tras ser retenido por maestros de la CNTE de Chiapas<\/em><\/strong><\/p>\n\n\n\n<p>Chiapas. Tras ser retenido este viernes por maestros de la Coordinadora Nacional de la Educaci\u00f3n (CNTE) en Tuxtla Guti\u00e9rrez, en Chiapas, el presidente Andr\u00e9s Manuel L\u00f3pez Obrador dej\u00f3 en claro que no puede ser reh\u00e9n de nadie y que se quedar\u00e1 en la entrada de la VII Regi\u00f3n Militar el tiempo que sea necesario.<\/p>\n\n\n\n<p>En un mensaje transmitido en la conferencia matutina de este viernes, L\u00f3pez Obrador afirm\u00f3 que un grupo de maestros de la CNTE de Chiapas le impidi\u00f3 la entrada a las instalaciones militares bajo la condici\u00f3n de atenderlos de inmediato y responder a sus demandas lo antes posible.<\/p>\n\n\n\n<p>El mensaje del presidente L\u00f3pez Obrador desde su camioneta, en medio del ret\u00e9n de maestros de la CNTE.<\/p>\n\n\n\n<p>Se\u00f1ala que se quedar\u00e1 ah\u00ed \u201cel tiempo que sea necesario\u201d, y que \u201cno va a ceder ante chantajes de nadie\u201d<\/p>\n\n\n\n<p>Y as\u00ed concluy\u00f3 la conferencia de hoy.<\/p>\n\n\n\n<p>Esto no lo puedo permitir, porque el presidente de M\u00e9xico no puede ser reh\u00e9n de nadie.<\/p>\n\n\n\n<p>Hemos estado atendiendo a maestros, he hablado con la CNTE creo que en ocho, diez ocasiones; pero en el caso de Chiapas, y tambi\u00e9n en Michoac\u00e1n, hay intereses creados en la dirigencia. Esto no tiene que ver con las bases del magisterio\u201d, explic\u00f3.<\/p>\n\n\n\n<p>El jefe del Ejecutivo federal detall\u00f3 que respetar\u00e1 el derecho a la manifestaci\u00f3n de los inconformes, raz\u00f3n por la cual no entr\u00f3 por la fuerza.a las instalaciones militares.<\/p>\n\n\n\n<p>Lamentablemente suceden estas cosas. Yo no puedo someterme a un grupo de intereses creados.<\/p>\n\n\n\n<p>Decid\u00ed permanecer aqu\u00ed. No voy a entrar por la fuerza. No son verdaderamente muchos. Podr\u00eda yo entrar y llevar a cabo la conferencia, pero decid\u00ed no hacerlo. Es como una protesta de mi parte para que estos grupos no abusen, respeten, porque esto que est\u00e1n haciendo es completamente ilegal, indebido mejor dicho\u201d, argument\u00f3.<\/p>\n\n\n\n<p>\u201cDesde luego que tienen derecho manifestarse y se los vamos a respetar, nosotros no somos iguales a los gobiernos corruptos, no tengo nada de qu\u00e9 avergonzarme, al contrario: ayudamos a cancelar la mal llamada reforma educativa, se ha respetado al magisterio, no se les maltrata, no es igual que antes, todos los que fueron despedidos con la mal llamada reforma educativa ya est\u00e1n reinstalados\u201d, expuso.<\/p>\n\n\n\n<p>L\u00f3pez Obrador pidi\u00f3 a las bases del magisterio chiapaneco a analizar la situaci\u00f3n por la que pas\u00f3 este viernes en Tuxtla Guti\u00e9rrez, y asever\u00f3 que tiene la consciencia tranquila con respecto a las acciones realizadas por su administraci\u00f3n a favor de los maestros.<\/p>\n\n\n\n<p>\u201cNo tenemos pendientes con los maestros, este es un asunto m\u00e1s de intereses pol\u00edticos, me gustar\u00eda que los maestros de Chiapas, las bases, analizaran esta situaci\u00f3n, si es correcto lo que est\u00e1n haciendo y si es correcto que me den este trato. Vamos a estar aqu\u00ed el tiempo que sea necesario\u201d, refiri\u00f3.<\/p>\n\n\n\n<p>Tengo mi conciencia tranquila. Estoy acostumbrado a enfrentar este tipo de asuntos, y por la dignidad de la investidura presidencial no puedo someterme a chantajes de nadie.<\/p>\n\n\n\n<p>No establezco relaciones de complicidad, mafiosas, con ning\u00fan grupo de inter\u00e9s creado. Si no me dejan entrar, aqu\u00ed me quedo el tiempo que sea necesario\u201d, concluy\u00f3.<\/p>\n","protected":false},"excerpt":{"rendered":"<p>&#8220;No voy a ceder a chantajes de nadie&#8221;, dijo el presidente L\u00f3pez Obrador tras ser retenido por maestros de la CNTE de Chiapas Chiapas. Tras ser retenido este viernes por maestros de la Coordinadora Nacional de la Educaci\u00f3n (CNTE) en Tuxtla Guti\u00e9rrez, en Chiapas, el presidente Andr\u00e9s Manuel L\u00f3pez Obrador dej\u00f3 en claro que no [&hellip;]<\/p>\n","protected":false},"author":47,"featured_media":10984,"comment_status":"open","ping_status":"open","sticky":false,"template":"","format":"standard","meta":{"tdm_status":"","tdm_grid_status":"","footnotes":""},"categories":[37],"tags":[],"class_list":{"0":"post-10983","1":"post","2":"type-post","3":"status-publish","4":"format-standard","5":"has-post-thumbnail","7":"category-nota-principal"},"yoast_head":"<!-- This site is optimized with the Yoast SEO plugin v27.4 - https:\/\/yoast.com\/product\/yoast-seo-wordpress\/ -->\n<title>El presidente de M\u00e9xico no puede ser reh\u00e9n de nadie: AMLO tras ser retenido en Chiapas - Fuentes Fidedignas<\/title>\n<meta name=\"robots\" content=\"index, follow, max-snippet:-1, max-image-preview:large, max-video-preview:-1\" \/>\n<link rel=\"canonical\" href=\"https:\/\/fuentesfidedignas.com.mx\/index.php\/2021\/08\/27\/el-presidente-de-mexico-no-puede-ser-rehen-de-nadie-amlo-tras-ser-retenido-en-chiapas\/\" \/>\n<meta property=\"og:locale\" content=\"es_MX\" \/>\n<meta property=\"og:type\" content=\"article\" \/>\n<meta property=\"og:title\" content=\"El presidente de M\u00e9xico no puede ser reh\u00e9n de nadie: AMLO tras ser retenido en Chiapas - Fuentes Fidedignas\" \/>\n<meta property=\"og:description\" content=\"&#8220;No voy a ceder a chantajes de nadie&#8221;, dijo el presidente L\u00f3pez Obrador tras ser retenido por maestros de la CNTE de Chiapas Chiapas. Tras ser retenido este viernes por maestros de la Coordinadora Nacional de la Educaci\u00f3n (CNTE) en Tuxtla Guti\u00e9rrez, en Chiapas, el presidente Andr\u00e9s Manuel L\u00f3pez Obrador dej\u00f3 en claro que no [&hellip;]\" \/>\n<meta property=\"og:url\" content=\"https:\/\/fuentesfidedignas.com.mx\/index.php\/2021\/08\/27\/el-presidente-de-mexico-no-puede-ser-rehen-de-nadie-amlo-tras-ser-retenido-en-chiapas\/\" \/>\n<meta property=\"og:site_name\" content=\"Fuentes Fidedignas\" \/>\n<meta property=\"article:publisher\" content=\"https:\/\/www.facebook.com\/Fuentes-Fidedignas-368234489921644\" \/>\n<meta property=\"article:published_time\" content=\"2021-08-27T14:58:01+00:00\" \/>\n<meta property=\"article:modified_time\" content=\"2021-08-27T14:58:03+00:00\" \/>\n<meta property=\"og:image\" content=\"https:\/\/fuentesfidedignas.com.mx\/wp-content\/uploads\/2021\/08\/amlo-lopez-obrador-retenido-chiapas.jpg\" \/>\n\t<meta property=\"og:image:width\" content=\"980\" \/>\n\t<meta property=\"og:image:height\" content=\"550\" \/>\n\t<meta property=\"og:image:type\" content=\"image\/jpeg\" \/>\n<meta name=\"author\" content=\"L\u00f3pez D\u00f3riga\" \/>\n<meta name=\"twitter:card\" content=\"summary_large_image\" \/>\n<meta name=\"twitter:creator\" content=\"@fidedignas\" \/>\n<meta name=\"twitter:site\" content=\"@fidedignas\" \/>\n<meta name=\"twitter:label1\" content=\"Escrito por\" \/>\n\t<meta name=\"twitter:data1\" content=\"L\u00f3pez D\u00f3riga\" \/>\n\t<meta name=\"twitter:label2\" content=\"Tiempo de lectura\" \/>\n\t<meta name=\"twitter:data2\" content=\"3 minutos\" \/>\n<script type=\"application\/ld+json\" class=\"yoast-schema-graph\">{\"@context\":\"https:\\\/\\\/schema.org\",\"@graph\":[{\"@type\":\"Article\",\"@id\":\"https:\\\/\\\/fuentesfidedignas.com.mx\\\/index.php\\\/2021\\\/08\\\/27\\\/el-presidente-de-mexico-no-puede-ser-rehen-de-nadie-amlo-tras-ser-retenido-en-chiapas\\\/#article\",\"isPartOf\":{\"@id\":\"https:\\\/\\\/fuentesfidedignas.com.mx\\\/index.php\\\/2021\\\/08\\\/27\\\/el-presidente-de-mexico-no-puede-ser-rehen-de-nadie-amlo-tras-ser-retenido-en-chiapas\\\/\"},\"author\":{\"name\":\"L\u00f3pez D\u00f3riga\",\"@id\":\"https:\\\/\\\/fuentesfidedignas.com.mx\\\/#\\\/schema\\\/person\\\/67d852f0557c8509146a4b9ddebd543a\"},\"headline\":\"El presidente de M\u00e9xico no puede ser reh\u00e9n de nadie: AMLO tras ser retenido en Chiapas\",\"datePublished\":\"2021-08-27T14:58:01+00:00\",\"dateModified\":\"2021-08-27T14:58:03+00:00\",\"mainEntityOfPage\":{\"@id\":\"https:\\\/\\\/fuentesfidedignas.com.mx\\\/index.php\\\/2021\\\/08\\\/27\\\/el-presidente-de-mexico-no-puede-ser-rehen-de-nadie-amlo-tras-ser-retenido-en-chiapas\\\/\"},\"wordCount\":587,\"commentCount\":0,\"publisher\":{\"@id\":\"https:\\\/\\\/fuentesfidedignas.com.mx\\\/#organization\"},\"image\":{\"@id\":\"https:\\\/\\\/fuentesfidedignas.com.mx\\\/index.php\\\/2021\\\/08\\\/27\\\/el-presidente-de-mexico-no-puede-ser-rehen-de-nadie-amlo-tras-ser-retenido-en-chiapas\\\/#primaryimage\"},\"thumbnailUrl\":\"https:\\\/\\\/fuentesfidedignas.com.mx\\\/wp-content\\\/uploads\\\/2021\\\/08\\\/amlo-lopez-obrador-retenido-chiapas.jpg\",\"articleSection\":[\"NOTA PRINCIPAL\"],\"inLanguage\":\"es\",\"potentialAction\":[{\"@type\":\"CommentAction\",\"name\":\"Comment\",\"target\":[\"https:\\\/\\\/fuentesfidedignas.com.mx\\\/index.php\\\/2021\\\/08\\\/27\\\/el-presidente-de-mexico-no-puede-ser-rehen-de-nadie-amlo-tras-ser-retenido-en-chiapas\\\/#respond\"]}]},{\"@type\":\"WebPage\",\"@id\":\"https:\\\/\\\/fuentesfidedignas.com.mx\\\/index.php\\\/2021\\\/08\\\/27\\\/el-presidente-de-mexico-no-puede-ser-rehen-de-nadie-amlo-tras-ser-retenido-en-chiapas\\\/\",\"url\":\"https:\\\/\\\/fuentesfidedignas.com.mx\\\/index.php\\\/2021\\\/08\\\/27\\\/el-presidente-de-mexico-no-puede-ser-rehen-de-nadie-amlo-tras-ser-retenido-en-chiapas\\\/\",\"name\":\"El presidente de M\u00e9xico no puede ser reh\u00e9n de nadie: AMLO tras ser retenido en Chiapas - Fuentes Fidedignas\",\"isPartOf\":{\"@id\":\"https:\\\/\\\/fuentesfidedignas.com.mx\\\/#website\"},\"primaryImageOfPage\":{\"@id\":\"https:\\\/\\\/fuentesfidedignas.com.mx\\\/index.php\\\/2021\\\/08\\\/27\\\/el-presidente-de-mexico-no-puede-ser-rehen-de-nadie-amlo-tras-ser-retenido-en-chiapas\\\/#primaryimage\"},\"image\":{\"@id\":\"https:\\\/\\\/fuentesfidedignas.com.mx\\\/index.php\\\/2021\\\/08\\\/27\\\/el-presidente-de-mexico-no-puede-ser-rehen-de-nadie-amlo-tras-ser-retenido-en-chiapas\\\/#primaryimage\"},\"thumbnailUrl\":\"https:\\\/\\\/fuentesfidedignas.com.mx\\\/wp-content\\\/uploads\\\/2021\\\/08\\\/amlo-lopez-obrador-retenido-chiapas.jpg\",\"datePublished\":\"2021-08-27T14:58:01+00:00\",\"dateModified\":\"2021-08-27T14:58:03+00:00\",\"breadcrumb\":{\"@id\":\"https:\\\/\\\/fuentesfidedignas.com.mx\\\/index.php\\\/2021\\\/08\\\/27\\\/el-presidente-de-mexico-no-puede-ser-rehen-de-nadie-amlo-tras-ser-retenido-en-chiapas\\\/#breadcrumb\"},\"inLanguage\":\"es\",\"potentialAction\":[{\"@type\":\"ReadAction\",\"target\":[\"https:\\\/\\\/fuentesfidedignas.com.mx\\\/index.php\\\/2021\\\/08\\\/27\\\/el-presidente-de-mexico-no-puede-ser-rehen-de-nadie-amlo-tras-ser-retenido-en-chiapas\\\/\"]}]},{\"@type\":\"ImageObject\",\"inLanguage\":\"es\",\"@id\":\"https:\\\/\\\/fuentesfidedignas.com.mx\\\/index.php\\\/2021\\\/08\\\/27\\\/el-presidente-de-mexico-no-puede-ser-rehen-de-nadie-amlo-tras-ser-retenido-en-chiapas\\\/#primaryimage\",\"url\":\"https:\\\/\\\/fuentesfidedignas.com.mx\\\/wp-content\\\/uploads\\\/2021\\\/08\\\/amlo-lopez-obrador-retenido-chiapas.jpg\",\"contentUrl\":\"https:\\\/\\\/fuentesfidedignas.com.mx\\\/wp-content\\\/uploads\\\/2021\\\/08\\\/amlo-lopez-obrador-retenido-chiapas.jpg\",\"width\":980,\"height\":550},{\"@type\":\"BreadcrumbList\",\"@id\":\"https:\\\/\\\/fuentesfidedignas.com.mx\\\/index.php\\\/2021\\\/08\\\/27\\\/el-presidente-de-mexico-no-puede-ser-rehen-de-nadie-amlo-tras-ser-retenido-en-chiapas\\\/#breadcrumb\",\"itemListElement\":[{\"@type\":\"ListItem\",\"position\":1,\"name\":\"Inicio\",\"item\":\"https:\\\/\\\/fuentesfidedignas.com.mx\\\/\"},{\"@type\":\"ListItem\",\"position\":2,\"name\":\"El presidente de M\u00e9xico no puede ser reh\u00e9n de nadie: AMLO tras ser retenido en Chiapas\"}]},{\"@type\":\"WebSite\",\"@id\":\"https:\\\/\\\/fuentesfidedignas.com.mx\\\/#website\",\"url\":\"https:\\\/\\\/fuentesfidedignas.com.mx\\\/\",\"name\":\"Fuentes Fidedignas\",\"description\":\"Otro sitio realizado con WordPress\",\"publisher\":{\"@id\":\"https:\\\/\\\/fuentesfidedignas.com.mx\\\/#organization\"},\"potentialAction\":[{\"@type\":\"SearchAction\",\"target\":{\"@type\":\"EntryPoint\",\"urlTemplate\":\"https:\\\/\\\/fuentesfidedignas.com.mx\\\/?s={search_term_string}\"},\"query-input\":{\"@type\":\"PropertyValueSpecification\",\"valueRequired\":true,\"valueName\":\"search_term_string\"}}],\"inLanguage\":\"es\"},{\"@type\":\"Organization\",\"@id\":\"https:\\\/\\\/fuentesfidedignas.com.mx\\\/#organization\",\"name\":\"Fuentes Fidedignas\",\"url\":\"https:\\\/\\\/fuentesfidedignas.com.mx\\\/\",\"logo\":{\"@type\":\"ImageObject\",\"inLanguage\":\"es\",\"@id\":\"https:\\\/\\\/fuentesfidedignas.com.mx\\\/#\\\/schema\\\/logo\\\/image\\\/\",\"url\":\"https:\\\/\\\/fuentesfidedignas.com.mx\\\/wp-content\\\/uploads\\\/2021\\\/04\\\/logo-retina.png\",\"contentUrl\":\"https:\\\/\\\/fuentesfidedignas.com.mx\\\/wp-content\\\/uploads\\\/2021\\\/04\\\/logo-retina.png\",\"width\":280,\"height\":51,\"caption\":\"Fuentes Fidedignas\"},\"image\":{\"@id\":\"https:\\\/\\\/fuentesfidedignas.com.mx\\\/#\\\/schema\\\/logo\\\/image\\\/\"},\"sameAs\":[\"https:\\\/\\\/www.facebook.com\\\/Fuentes-Fidedignas-368234489921644\",\"https:\\\/\\\/x.com\\\/fidedignas\"]},{\"@type\":\"Person\",\"@id\":\"https:\\\/\\\/fuentesfidedignas.com.mx\\\/#\\\/schema\\\/person\\\/67d852f0557c8509146a4b9ddebd543a\",\"name\":\"L\u00f3pez D\u00f3riga\",\"image\":{\"@type\":\"ImageObject\",\"inLanguage\":\"es\",\"@id\":\"https:\\\/\\\/secure.gravatar.com\\\/avatar\\\/e525b06574ca18b33cded59dfe5778d6c823b9513154eff47da551b0551bdd1e?s=96&d=mm&r=g\",\"url\":\"https:\\\/\\\/secure.gravatar.com\\\/avatar\\\/e525b06574ca18b33cded59dfe5778d6c823b9513154eff47da551b0551bdd1e?s=96&d=mm&r=g\",\"contentUrl\":\"https:\\\/\\\/secure.gravatar.com\\\/avatar\\\/e525b06574ca18b33cded59dfe5778d6c823b9513154eff47da551b0551bdd1e?s=96&d=mm&r=g\",\"caption\":\"L\u00f3pez D\u00f3riga\"},\"url\":\"https:\\\/\\\/fuentesfidedignas.com.mx\\\/index.php\\\/author\\\/doriga\\\/\"}]}<\/script>\n<!-- \/ Yoast SEO plugin. -->","yoast_head_json":{"title":"El presidente de M\u00e9xico no puede ser reh\u00e9n de nadie: AMLO tras ser retenido en Chiapas - Fuentes Fidedignas","robots":{"index":"index","follow":"follow","max-snippet":"max-snippet:-1","max-image-preview":"max-image-preview:large","max-video-preview":"max-video-preview:-1"},"canonical":"https:\/\/fuentesfidedignas.com.mx\/index.php\/2021\/08\/27\/el-presidente-de-mexico-no-puede-ser-rehen-de-nadie-amlo-tras-ser-retenido-en-chiapas\/","og_locale":"es_MX","og_type":"article","og_title":"El presidente de M\u00e9xico no puede ser reh\u00e9n de nadie: AMLO tras ser retenido en Chiapas - Fuentes Fidedignas","og_description":"&#8220;No voy a ceder a chantajes de nadie&#8221;, dijo el presidente L\u00f3pez Obrador tras ser retenido por maestros de la CNTE de Chiapas Chiapas. Tras ser retenido este viernes por maestros de la Coordinadora Nacional de la Educaci\u00f3n (CNTE) en Tuxtla Guti\u00e9rrez, en Chiapas, el presidente Andr\u00e9s Manuel L\u00f3pez Obrador dej\u00f3 en claro que no [&hellip;]","og_url":"https:\/\/fuentesfidedignas.com.mx\/index.php\/2021\/08\/27\/el-presidente-de-mexico-no-puede-ser-rehen-de-nadie-amlo-tras-ser-retenido-en-chiapas\/","og_site_name":"Fuentes Fidedignas","article_publisher":"https:\/\/www.facebook.com\/Fuentes-Fidedignas-368234489921644","article_published_time":"2021-08-27T14:58:01+00:00","article_modified_time":"2021-08-27T14:58:03+00:00","og_image":[{"width":980,"height":550,"url":"https:\/\/fuentesfidedignas.com.mx\/wp-content\/uploads\/2021\/08\/amlo-lopez-obrador-retenido-chiapas.jpg","type":"image\/jpeg"}],"author":"L\u00f3pez D\u00f3riga","twitter_card":"summary_large_image","twitter_creator":"@fidedignas","twitter_site":"@fidedignas","twitter_misc":{"Escrito por":"L\u00f3pez D\u00f3riga","Tiempo de lectura":"3 minutos"},"schema":{"@context":"https:\/\/schema.org","@graph":[{"@type":"Article","@id":"https:\/\/fuentesfidedignas.com.mx\/index.php\/2021\/08\/27\/el-presidente-de-mexico-no-puede-ser-rehen-de-nadie-amlo-tras-ser-retenido-en-chiapas\/#article","isPartOf":{"@id":"https:\/\/fuentesfidedignas.com.mx\/index.php\/2021\/08\/27\/el-presidente-de-mexico-no-puede-ser-rehen-de-nadie-amlo-tras-ser-retenido-en-chiapas\/"},"author":{"name":"L\u00f3pez D\u00f3riga","@id":"https:\/\/fuentesfidedignas.com.mx\/#\/schema\/person\/67d852f0557c8509146a4b9ddebd543a"},"headline":"El presidente de M\u00e9xico no puede ser reh\u00e9n de nadie: AMLO tras ser retenido en Chiapas","datePublished":"2021-08-27T14:58:01+00:00","dateModified":"2021-08-27T14:58:03+00:00","mainEntityOfPage":{"@id":"https:\/\/fuentesfidedignas.com.mx\/index.php\/2021\/08\/27\/el-presidente-de-mexico-no-puede-ser-rehen-de-nadie-amlo-tras-ser-retenido-en-chiapas\/"},"wordCount":587,"commentCount":0,"publisher":{"@id":"https:\/\/fuentesfidedignas.com.mx\/#organization"},"image":{"@id":"https:\/\/fuentesfidedignas.com.mx\/index.php\/2021\/08\/27\/el-presidente-de-mexico-no-puede-ser-rehen-de-nadie-amlo-tras-ser-retenido-en-chiapas\/#primaryimage"},"thumbnailUrl":"https:\/\/fuentesfidedignas.com.mx\/wp-content\/uploads\/2021\/08\/amlo-lopez-obrador-retenido-chiapas.jpg","articleSection":["NOTA PRINCIPAL"],"inLanguage":"es","potentialAction":[{"@type":"CommentAction","name":"Comment","target":["https:\/\/fuentesfidedignas.com.mx\/index.php\/2021\/08\/27\/el-presidente-de-mexico-no-puede-ser-rehen-de-nadie-amlo-tras-ser-retenido-en-chiapas\/#respond"]}]},{"@type":"WebPage","@id":"https:\/\/fuentesfidedignas.com.mx\/index.php\/2021\/08\/27\/el-presidente-de-mexico-no-puede-ser-rehen-de-nadie-amlo-tras-ser-retenido-en-chiapas\/","url":"https:\/\/fuentesfidedignas.com.mx\/index.php\/2021\/08\/27\/el-presidente-de-mexico-no-puede-ser-rehen-de-nadie-amlo-tras-ser-retenido-en-chiapas\/","name":"El presidente de M\u00e9xico no puede ser reh\u00e9n de nadie: AMLO tras ser retenido en Chiapas - Fuentes Fidedignas","isPartOf":{"@id":"https:\/\/fuentesfidedignas.com.mx\/#website"},"primaryImageOfPage":{"@id":"https:\/\/fuentesfidedignas.com.mx\/index.php\/2021\/08\/27\/el-presidente-de-mexico-no-puede-ser-rehen-de-nadie-amlo-tras-ser-retenido-en-chiapas\/#primaryimage"},"image":{"@id":"https:\/\/fuentesfidedignas.com.mx\/index.php\/2021\/08\/27\/el-presidente-de-mexico-no-puede-ser-rehen-de-nadie-amlo-tras-ser-retenido-en-chiapas\/#primaryimage"},"thumbnailUrl":"https:\/\/fuentesfidedignas.com.mx\/wp-content\/uploads\/2021\/08\/amlo-lopez-obrador-retenido-chiapas.jpg","datePublished":"2021-08-27T14:58:01+00:00","dateModified":"2021-08-27T14:58:03+00:00","breadcrumb":{"@id":"https:\/\/fuentesfidedignas.com.mx\/index.php\/2021\/08\/27\/el-presidente-de-mexico-no-puede-ser-rehen-de-nadie-amlo-tras-ser-retenido-en-chiapas\/#breadcrumb"},"inLanguage":"es","potentialAction":[{"@type":"ReadAction","target":["https:\/\/fuentesfidedignas.com.mx\/index.php\/2021\/08\/27\/el-presidente-de-mexico-no-puede-ser-rehen-de-nadie-amlo-tras-ser-retenido-en-chiapas\/"]}]},{"@type":"ImageObject","inLanguage":"es","@id":"https:\/\/fuentesfidedignas.com.mx\/index.php\/2021\/08\/27\/el-presidente-de-mexico-no-puede-ser-rehen-de-nadie-amlo-tras-ser-retenido-en-chiapas\/#primaryimage","url":"https:\/\/fuentesfidedignas.com.mx\/wp-content\/uploads\/2021\/08\/amlo-lopez-obrador-retenido-chiapas.jpg","contentUrl":"https:\/\/fuentesfidedignas.com.mx\/wp-content\/uploads\/2021\/08\/amlo-lopez-obrador-retenido-chiapas.jpg","width":980,"height":550},{"@type":"BreadcrumbList","@id":"https:\/\/fuentesfidedignas.com.mx\/index.php\/2021\/08\/27\/el-presidente-de-mexico-no-puede-ser-rehen-de-nadie-amlo-tras-ser-retenido-en-chiapas\/#breadcrumb","itemListElement":[{"@type":"ListItem","position":1,"name":"Inicio","item":"https:\/\/fuentesfidedignas.com.mx\/"},{"@type":"ListItem","position":2,"name":"El presidente de M\u00e9xico no puede ser reh\u00e9n de nadie: AMLO tras ser retenido en Chiapas"}]},{"@type":"WebSite","@id":"https:\/\/fuentesfidedignas.com.mx\/#website","url":"https:\/\/fuentesfidedignas.com.mx\/","name":"Fuentes Fidedignas","description":"Otro sitio realizado con WordPress","publisher":{"@id":"https:\/\/fuentesfidedignas.com.mx\/#organization"},"potentialAction":[{"@type":"SearchAction","target":{"@type":"EntryPoint","urlTemplate":"https:\/\/fuentesfidedignas.com.mx\/?s={search_term_string}"},"query-input":{"@type":"PropertyValueSpecification","valueRequired":true,"valueName":"search_term_string"}}],"inLanguage":"es"},{"@type":"Organization","@id":"https:\/\/fuentesfidedignas.com.mx\/#organization","name":"Fuentes Fidedignas","url":"https:\/\/fuentesfidedignas.com.mx\/","logo":{"@type":"ImageObject","inLanguage":"es","@id":"https:\/\/fuentesfidedignas.com.mx\/#\/schema\/logo\/image\/","url":"https:\/\/fuentesfidedignas.com.mx\/wp-content\/uploads\/2021\/04\/logo-retina.png","contentUrl":"https:\/\/fuentesfidedignas.com.mx\/wp-content\/uploads\/2021\/04\/logo-retina.png","width":280,"height":51,"caption":"Fuentes Fidedignas"},"image":{"@id":"https:\/\/fuentesfidedignas.com.mx\/#\/schema\/logo\/image\/"},"sameAs":["https:\/\/www.facebook.com\/Fuentes-Fidedignas-368234489921644","https:\/\/x.com\/fidedignas"]},{"@type":"Person","@id":"https:\/\/fuentesfidedignas.com.mx\/#\/schema\/person\/67d852f0557c8509146a4b9ddebd543a","name":"L\u00f3pez D\u00f3riga","image":{"@type":"ImageObject","inLanguage":"es","@id":"https:\/\/secure.gravatar.com\/avatar\/e525b06574ca18b33cded59dfe5778d6c823b9513154eff47da551b0551bdd1e?s=96&d=mm&r=g","url":"https:\/\/secure.gravatar.com\/avatar\/e525b06574ca18b33cded59dfe5778d6c823b9513154eff47da551b0551bdd1e?s=96&d=mm&r=g","contentUrl":"https:\/\/secure.gravatar.com\/avatar\/e525b06574ca18b33cded59dfe5778d6c823b9513154eff47da551b0551bdd1e?s=96&d=mm&r=g","caption":"L\u00f3pez D\u00f3riga"},"url":"https:\/\/fuentesfidedignas.com.mx\/index.php\/author\/doriga\/"}]}},"_links":{"self":[{"href":"https:\/\/fuentesfidedignas.com.mx\/index.php\/wp-json\/wp\/v2\/posts\/10983","targetHints":{"allow":["GET"]}}],"collection":[{"href":"https:\/\/fuentesfidedignas.com.mx\/index.php\/wp-json\/wp\/v2\/posts"}],"about":[{"href":"https:\/\/fuentesfidedignas.com.mx\/index.php\/wp-json\/wp\/v2\/types\/post"}],"author":[{"embeddable":true,"href":"https:\/\/fuentesfidedignas.com.mx\/index.php\/wp-json\/wp\/v2\/users\/47"}],"replies":[{"embeddable":true,"href":"https:\/\/fuentesfidedignas.com.mx\/index.php\/wp-json\/wp\/v2\/comments?post=10983"}],"version-history":[{"count":1,"href":"https:\/\/fuentesfidedignas.com.mx\/index.php\/wp-json\/wp\/v2\/posts\/10983\/revisions"}],"predecessor-version":[{"id":10985,"href":"https:\/\/fuentesfidedignas.com.mx\/index.php\/wp-json\/wp\/v2\/posts\/10983\/revisions\/10985"}],"wp:featuredmedia":[{"embeddable":true,"href":"https:\/\/fuentesfidedignas.com.mx\/index.php\/wp-json\/wp\/v2\/media\/10984"}],"wp:attachment":[{"href":"https:\/\/fuentesfidedignas.com.mx\/index.php\/wp-json\/wp\/v2\/media?parent=10983"}],"wp:term":[{"taxonomy":"category","embeddable":true,"href":"https:\/\/fuentesfidedignas.com.mx\/index.php\/wp-json\/wp\/v2\/categories?post=10983"},{"taxonomy":"post_tag","embeddable":true,"href":"https:\/\/fuentesfidedignas.com.mx\/index.php\/wp-json\/wp\/v2\/tags?post=10983"}],"curies":[{"name":"wp","href":"https:\/\/api.w.org\/{rel}","templated":true}]}}