{"id":109802,"date":"2025-06-03T09:26:20","date_gmt":"2025-06-03T16:26:20","guid":{"rendered":"https:\/\/fuentesfidedignas.com.mx\/?p=109802"},"modified":"2025-06-03T09:26:26","modified_gmt":"2025-06-03T16:26:26","slug":"matan-en-emboscada-a-cinco-policias-en-chiapas","status":"publish","type":"post","link":"https:\/\/fuentesfidedignas.com.mx\/index.php\/2025\/06\/03\/matan-en-emboscada-a-cinco-policias-en-chiapas\/","title":{"rendered":"Matan en emboscada a cinco polic\u00edas en Chiapas"},"content":{"rendered":"\n<p><strong><em>Se localizaron aproximadamente 700 cartuchos percutidos de diferentes calibres en la zona del crimen de los polic\u00edas<\/em><\/strong><\/p>\n\n\n\n<p>La Fiscal\u00eda General del Estado (FGE) de Chiapas investiga el asesinato de cinco agentes -una mujer y cuatro hombres- de la Secretar\u00eda de Seguridad del Pueblo, quienes fueron emboscados en el Ejido Las Champas de Frontera Comalapa, cerca de la frontera con Guatemala.<\/p>\n\n\n\n<blockquote class=\"twitter-tweet\"><p lang=\"es\" dir=\"ltr\"><a href=\"https:\/\/twitter.com\/hashtag\/Chiapas?src=hash&amp;ref_src=twsrc%5Etfw\">#Chiapas<\/a> no cede la <a href=\"https:\/\/twitter.com\/hashtag\/INSEGURIDAD?src=hash&amp;ref_src=twsrc%5Etfw\">#INSEGURIDAD<\/a> \u00a1EMBOSCAN A POLIC\u00cdAS!<br><br>En el camino que conduce al ejido Sabinalito, en el municipio de Frontera Comalapa, elementos de la polic\u00eda estatal fueron v\u00edctimas de un ataqu3 y emboscados por parte de civiles arm4dos.<br><br>Extraoficialmente se habla de cinco\u2026 <a href=\"https:\/\/t.co\/UUMf27L0mN\">pic.twitter.com\/UUMf27L0mN<\/a><\/p>&mdash; El Expreso Noticias (@ExpresoNoticia) <a href=\"https:\/\/twitter.com\/ExpresoNoticia\/status\/1929679989655376213?ref_src=twsrc%5Etfw\">June 2, 2025<\/a><\/blockquote> <script async src=\"https:\/\/platform.twitter.com\/widgets.js\" charset=\"utf-8\"><\/script>\n\n\n\n<p>Mientras que el gobernador de Chiapas, Eduardo Ram\u00edrez, conden\u00f3 los hechos y afirm\u00f3 que el gobierno responder\u00e1 de forma contundente.<\/p>\n\n\n\n<p>\u201cEn el camino que conduce al ejido Sabinalito de Frontera Comalapa, elementos de la polic\u00eda estatal fueron atacados y emboscados. Ante estos hechos, les afirmo que habr\u00e1 una respuesta clara y contundente con la aplicaci\u00f3n irrestricta de la ley. M\u00e1s tarde, el Gabinete de Seguridad proporcionar\u00e1 m\u00e1s informaci\u00f3n y detalles sobre la situaci\u00f3n\u201d, escribi\u00f3 en un mensaje en redes sociales.<\/p>\n\n\n\n<blockquote class=\"twitter-tweet\"><p lang=\"es\" dir=\"ltr\">Hoy lamentamos profundamente el fallecimiento de cinco valientes miembros de la Secretar\u00eda de Seguridad del Pueblo, quienes perdieron la vida en cumplimiento de su deber, protegiendo a nuestra gente con entrega y valent\u00eda.<br><br>Nuestro m\u00e1s sentido p\u00e9same a sus familias, amigos y\u2026 <a href=\"https:\/\/t.co\/7RkxzAaVCH\">pic.twitter.com\/7RkxzAaVCH<\/a><\/p>&mdash; Eduardo Ram\u00edrez (@ramirezlalo_) <a href=\"https:\/\/twitter.com\/ramirezlalo_\/status\/1929751007401001003?ref_src=twsrc%5Etfw\">June 3, 2025<\/a><\/blockquote> <script async src=\"https:\/\/platform.twitter.com\/widgets.js\" charset=\"utf-8\"><\/script>\n\n\n\n<p>En un comunicado, la FGE se\u00f1al\u00f3 que las v\u00edctimas fueron identificadas como Guillermo \u2018N\u2019, Jes\u00fas \u2018N\u2019, Joel \u2018N\u2019, Brenda \u2018N\u2019 y Pedro \u2018N\u2019, quienes se encontraban a bordo de una patrulla oficial de la Polic\u00eda Estatal Preventiva realizando recorridos preventivos cuando fueron emboscados por un grupo de hombres armados.<\/p>\n\n\n\n<p>Durante las primeras investigaciones en el lugar de los hechos, las autoridades localizaron aproximadamente 700 cartuchos percutidos de diferentes calibres, lo que da cuenta de la magnitud y violencia del ataque.<\/p>\n\n\n\n<p>El titular de la fiscal\u00eda Jorge Luis Llaven Abarca detall\u00f3 que un grupo especializado en homicidios est\u00e1 a cargo de la investigaci\u00f3n y se est\u00e1n llevando a cabo las pruebas periciales necesarias para la identificaci\u00f3n formal y posterior entrega de los cuerpos a sus familiares.<\/p>\n\n\n\n<p>\u201cDesde los primeros momentos se coordin\u00f3 un operativo contundente en la regi\u00f3n. Refrendo nuestro compromiso con el pueblo de Chiapas: estos arteros cr\u00edmenes no quedar\u00e1n impunes\u201d, expres\u00f3 el fiscal estatal.<\/p>\n\n\n\n<p>Este hecho se suma a una serie de acciones violentas atribuidas a grupos del crimen organizado que operan en la zona fronteriza con Guatemala.<\/p>\n\n\n\n<p>Como respuesta, autoridades han ordenado el traslado de mil agentes de la Secretar\u00eda de Seguridad del Pueblo (Polic\u00eda estatal) los cuales ser\u00e1n desplegados en la regi\u00f3n para contener la violencia y garantizar la seguridad de los habitantes.<\/p>\n\n\n\n<p>En un comunicado oficial, la Secretar\u00eda de Seguridad del Pueblo se\u00f1al\u00f3 que \u201cla presencia de las fuerzas de seguridad ser\u00e1 fuerte y decidida\u201d, reiterando que no se permitir\u00e1 que la delincuencia organizada arrebate la tranquilidad de las comunidades del estado.<\/p>\n","protected":false},"excerpt":{"rendered":"<p>Se localizaron aproximadamente 700 cartuchos percutidos de diferentes calibres en la zona del crimen de los polic\u00edas La Fiscal\u00eda General del Estado (FGE) de Chiapas investiga el asesinato de cinco agentes -una mujer y cuatro hombres- de la Secretar\u00eda de Seguridad del Pueblo, quienes fueron emboscados en el Ejido Las Champas de Frontera Comalapa, cerca [&hellip;]<\/p>\n","protected":false},"author":47,"featured_media":109803,"comment_status":"open","ping_status":"open","sticky":false,"template":"","format":"standard","meta":{"tdm_status":"","tdm_grid_status":"","footnotes":""},"categories":[39],"tags":[],"class_list":{"0":"post-109802","1":"post","2":"type-post","3":"status-publish","4":"format-standard","5":"has-post-thumbnail","7":"category-noticias-nacionales"},"yoast_head":"<!-- This site is optimized with the Yoast SEO plugin v27.4 - https:\/\/yoast.com\/product\/yoast-seo-wordpress\/ -->\n<title>Matan en emboscada a cinco polic\u00edas en Chiapas - Fuentes Fidedignas<\/title>\n<meta name=\"robots\" content=\"index, follow, max-snippet:-1, max-image-preview:large, max-video-preview:-1\" \/>\n<link rel=\"canonical\" href=\"https:\/\/fuentesfidedignas.com.mx\/index.php\/2025\/06\/03\/matan-en-emboscada-a-cinco-policias-en-chiapas\/\" \/>\n<meta property=\"og:locale\" content=\"es_MX\" \/>\n<meta property=\"og:type\" content=\"article\" \/>\n<meta property=\"og:title\" content=\"Matan en emboscada a cinco polic\u00edas en Chiapas - Fuentes Fidedignas\" \/>\n<meta property=\"og:description\" content=\"Se localizaron aproximadamente 700 cartuchos percutidos de diferentes calibres en la zona del crimen de los polic\u00edas La Fiscal\u00eda General del Estado (FGE) de Chiapas investiga el asesinato de cinco agentes -una mujer y cuatro hombres- de la Secretar\u00eda de Seguridad del Pueblo, quienes fueron emboscados en el Ejido Las Champas de Frontera Comalapa, cerca [&hellip;]\" \/>\n<meta property=\"og:url\" content=\"https:\/\/fuentesfidedignas.com.mx\/index.php\/2025\/06\/03\/matan-en-emboscada-a-cinco-policias-en-chiapas\/\" \/>\n<meta property=\"og:site_name\" content=\"Fuentes Fidedignas\" \/>\n<meta property=\"article:publisher\" content=\"https:\/\/www.facebook.com\/Fuentes-Fidedignas-368234489921644\" \/>\n<meta property=\"article:published_time\" content=\"2025-06-03T16:26:20+00:00\" \/>\n<meta property=\"article:modified_time\" content=\"2025-06-03T16:26:26+00:00\" \/>\n<meta property=\"og:image\" content=\"https:\/\/fuentesfidedignas.com.mx\/wp-content\/uploads\/2025\/06\/asesinato-de-policias-en-chiapas.jpg\" \/>\n\t<meta property=\"og:image:width\" content=\"600\" \/>\n\t<meta property=\"og:image:height\" content=\"337\" \/>\n\t<meta property=\"og:image:type\" content=\"image\/jpeg\" \/>\n<meta name=\"author\" content=\"L\u00f3pez D\u00f3riga\" \/>\n<meta name=\"twitter:card\" content=\"summary_large_image\" \/>\n<meta name=\"twitter:creator\" content=\"@fidedignas\" \/>\n<meta name=\"twitter:site\" content=\"@fidedignas\" \/>\n<meta name=\"twitter:label1\" content=\"Escrito por\" \/>\n\t<meta name=\"twitter:data1\" content=\"L\u00f3pez D\u00f3riga\" \/>\n\t<meta name=\"twitter:label2\" content=\"Tiempo de lectura\" \/>\n\t<meta name=\"twitter:data2\" content=\"3 minutos\" \/>\n<script type=\"application\/ld+json\" class=\"yoast-schema-graph\">{\"@context\":\"https:\\\/\\\/schema.org\",\"@graph\":[{\"@type\":\"Article\",\"@id\":\"https:\\\/\\\/fuentesfidedignas.com.mx\\\/index.php\\\/2025\\\/06\\\/03\\\/matan-en-emboscada-a-cinco-policias-en-chiapas\\\/#article\",\"isPartOf\":{\"@id\":\"https:\\\/\\\/fuentesfidedignas.com.mx\\\/index.php\\\/2025\\\/06\\\/03\\\/matan-en-emboscada-a-cinco-policias-en-chiapas\\\/\"},\"author\":{\"name\":\"L\u00f3pez D\u00f3riga\",\"@id\":\"https:\\\/\\\/fuentesfidedignas.com.mx\\\/#\\\/schema\\\/person\\\/67d852f0557c8509146a4b9ddebd543a\"},\"headline\":\"Matan en emboscada a cinco polic\u00edas en Chiapas\",\"datePublished\":\"2025-06-03T16:26:20+00:00\",\"dateModified\":\"2025-06-03T16:26:26+00:00\",\"mainEntityOfPage\":{\"@id\":\"https:\\\/\\\/fuentesfidedignas.com.mx\\\/index.php\\\/2025\\\/06\\\/03\\\/matan-en-emboscada-a-cinco-policias-en-chiapas\\\/\"},\"wordCount\":546,\"commentCount\":0,\"publisher\":{\"@id\":\"https:\\\/\\\/fuentesfidedignas.com.mx\\\/#organization\"},\"image\":{\"@id\":\"https:\\\/\\\/fuentesfidedignas.com.mx\\\/index.php\\\/2025\\\/06\\\/03\\\/matan-en-emboscada-a-cinco-policias-en-chiapas\\\/#primaryimage\"},\"thumbnailUrl\":\"https:\\\/\\\/fuentesfidedignas.com.mx\\\/wp-content\\\/uploads\\\/2025\\\/06\\\/asesinato-de-policias-en-chiapas.jpg\",\"articleSection\":[\"NOTICIAS NACIONALES\"],\"inLanguage\":\"es\",\"potentialAction\":[{\"@type\":\"CommentAction\",\"name\":\"Comment\",\"target\":[\"https:\\\/\\\/fuentesfidedignas.com.mx\\\/index.php\\\/2025\\\/06\\\/03\\\/matan-en-emboscada-a-cinco-policias-en-chiapas\\\/#respond\"]}]},{\"@type\":\"WebPage\",\"@id\":\"https:\\\/\\\/fuentesfidedignas.com.mx\\\/index.php\\\/2025\\\/06\\\/03\\\/matan-en-emboscada-a-cinco-policias-en-chiapas\\\/\",\"url\":\"https:\\\/\\\/fuentesfidedignas.com.mx\\\/index.php\\\/2025\\\/06\\\/03\\\/matan-en-emboscada-a-cinco-policias-en-chiapas\\\/\",\"name\":\"Matan en emboscada a cinco polic\u00edas en Chiapas - Fuentes Fidedignas\",\"isPartOf\":{\"@id\":\"https:\\\/\\\/fuentesfidedignas.com.mx\\\/#website\"},\"primaryImageOfPage\":{\"@id\":\"https:\\\/\\\/fuentesfidedignas.com.mx\\\/index.php\\\/2025\\\/06\\\/03\\\/matan-en-emboscada-a-cinco-policias-en-chiapas\\\/#primaryimage\"},\"image\":{\"@id\":\"https:\\\/\\\/fuentesfidedignas.com.mx\\\/index.php\\\/2025\\\/06\\\/03\\\/matan-en-emboscada-a-cinco-policias-en-chiapas\\\/#primaryimage\"},\"thumbnailUrl\":\"https:\\\/\\\/fuentesfidedignas.com.mx\\\/wp-content\\\/uploads\\\/2025\\\/06\\\/asesinato-de-policias-en-chiapas.jpg\",\"datePublished\":\"2025-06-03T16:26:20+00:00\",\"dateModified\":\"2025-06-03T16:26:26+00:00\",\"breadcrumb\":{\"@id\":\"https:\\\/\\\/fuentesfidedignas.com.mx\\\/index.php\\\/2025\\\/06\\\/03\\\/matan-en-emboscada-a-cinco-policias-en-chiapas\\\/#breadcrumb\"},\"inLanguage\":\"es\",\"potentialAction\":[{\"@type\":\"ReadAction\",\"target\":[\"https:\\\/\\\/fuentesfidedignas.com.mx\\\/index.php\\\/2025\\\/06\\\/03\\\/matan-en-emboscada-a-cinco-policias-en-chiapas\\\/\"]}]},{\"@type\":\"ImageObject\",\"inLanguage\":\"es\",\"@id\":\"https:\\\/\\\/fuentesfidedignas.com.mx\\\/index.php\\\/2025\\\/06\\\/03\\\/matan-en-emboscada-a-cinco-policias-en-chiapas\\\/#primaryimage\",\"url\":\"https:\\\/\\\/fuentesfidedignas.com.mx\\\/wp-content\\\/uploads\\\/2025\\\/06\\\/asesinato-de-policias-en-chiapas.jpg\",\"contentUrl\":\"https:\\\/\\\/fuentesfidedignas.com.mx\\\/wp-content\\\/uploads\\\/2025\\\/06\\\/asesinato-de-policias-en-chiapas.jpg\",\"width\":600,\"height\":337},{\"@type\":\"BreadcrumbList\",\"@id\":\"https:\\\/\\\/fuentesfidedignas.com.mx\\\/index.php\\\/2025\\\/06\\\/03\\\/matan-en-emboscada-a-cinco-policias-en-chiapas\\\/#breadcrumb\",\"itemListElement\":[{\"@type\":\"ListItem\",\"position\":1,\"name\":\"Inicio\",\"item\":\"https:\\\/\\\/fuentesfidedignas.com.mx\\\/\"},{\"@type\":\"ListItem\",\"position\":2,\"name\":\"Matan en emboscada a cinco polic\u00edas en Chiapas\"}]},{\"@type\":\"WebSite\",\"@id\":\"https:\\\/\\\/fuentesfidedignas.com.mx\\\/#website\",\"url\":\"https:\\\/\\\/fuentesfidedignas.com.mx\\\/\",\"name\":\"Fuentes Fidedignas\",\"description\":\"Otro sitio realizado con WordPress\",\"publisher\":{\"@id\":\"https:\\\/\\\/fuentesfidedignas.com.mx\\\/#organization\"},\"potentialAction\":[{\"@type\":\"SearchAction\",\"target\":{\"@type\":\"EntryPoint\",\"urlTemplate\":\"https:\\\/\\\/fuentesfidedignas.com.mx\\\/?s={search_term_string}\"},\"query-input\":{\"@type\":\"PropertyValueSpecification\",\"valueRequired\":true,\"valueName\":\"search_term_string\"}}],\"inLanguage\":\"es\"},{\"@type\":\"Organization\",\"@id\":\"https:\\\/\\\/fuentesfidedignas.com.mx\\\/#organization\",\"name\":\"Fuentes Fidedignas\",\"url\":\"https:\\\/\\\/fuentesfidedignas.com.mx\\\/\",\"logo\":{\"@type\":\"ImageObject\",\"inLanguage\":\"es\",\"@id\":\"https:\\\/\\\/fuentesfidedignas.com.mx\\\/#\\\/schema\\\/logo\\\/image\\\/\",\"url\":\"https:\\\/\\\/fuentesfidedignas.com.mx\\\/wp-content\\\/uploads\\\/2021\\\/04\\\/logo-retina.png\",\"contentUrl\":\"https:\\\/\\\/fuentesfidedignas.com.mx\\\/wp-content\\\/uploads\\\/2021\\\/04\\\/logo-retina.png\",\"width\":280,\"height\":51,\"caption\":\"Fuentes Fidedignas\"},\"image\":{\"@id\":\"https:\\\/\\\/fuentesfidedignas.com.mx\\\/#\\\/schema\\\/logo\\\/image\\\/\"},\"sameAs\":[\"https:\\\/\\\/www.facebook.com\\\/Fuentes-Fidedignas-368234489921644\",\"https:\\\/\\\/x.com\\\/fidedignas\"]},{\"@type\":\"Person\",\"@id\":\"https:\\\/\\\/fuentesfidedignas.com.mx\\\/#\\\/schema\\\/person\\\/67d852f0557c8509146a4b9ddebd543a\",\"name\":\"L\u00f3pez D\u00f3riga\",\"image\":{\"@type\":\"ImageObject\",\"inLanguage\":\"es\",\"@id\":\"https:\\\/\\\/secure.gravatar.com\\\/avatar\\\/e525b06574ca18b33cded59dfe5778d6c823b9513154eff47da551b0551bdd1e?s=96&d=mm&r=g\",\"url\":\"https:\\\/\\\/secure.gravatar.com\\\/avatar\\\/e525b06574ca18b33cded59dfe5778d6c823b9513154eff47da551b0551bdd1e?s=96&d=mm&r=g\",\"contentUrl\":\"https:\\\/\\\/secure.gravatar.com\\\/avatar\\\/e525b06574ca18b33cded59dfe5778d6c823b9513154eff47da551b0551bdd1e?s=96&d=mm&r=g\",\"caption\":\"L\u00f3pez D\u00f3riga\"},\"url\":\"https:\\\/\\\/fuentesfidedignas.com.mx\\\/index.php\\\/author\\\/doriga\\\/\"}]}<\/script>\n<!-- \/ Yoast SEO plugin. -->","yoast_head_json":{"title":"Matan en emboscada a cinco polic\u00edas en Chiapas - Fuentes Fidedignas","robots":{"index":"index","follow":"follow","max-snippet":"max-snippet:-1","max-image-preview":"max-image-preview:large","max-video-preview":"max-video-preview:-1"},"canonical":"https:\/\/fuentesfidedignas.com.mx\/index.php\/2025\/06\/03\/matan-en-emboscada-a-cinco-policias-en-chiapas\/","og_locale":"es_MX","og_type":"article","og_title":"Matan en emboscada a cinco polic\u00edas en Chiapas - Fuentes Fidedignas","og_description":"Se localizaron aproximadamente 700 cartuchos percutidos de diferentes calibres en la zona del crimen de los polic\u00edas La Fiscal\u00eda General del Estado (FGE) de Chiapas investiga el asesinato de cinco agentes -una mujer y cuatro hombres- de la Secretar\u00eda de Seguridad del Pueblo, quienes fueron emboscados en el Ejido Las Champas de Frontera Comalapa, cerca [&hellip;]","og_url":"https:\/\/fuentesfidedignas.com.mx\/index.php\/2025\/06\/03\/matan-en-emboscada-a-cinco-policias-en-chiapas\/","og_site_name":"Fuentes Fidedignas","article_publisher":"https:\/\/www.facebook.com\/Fuentes-Fidedignas-368234489921644","article_published_time":"2025-06-03T16:26:20+00:00","article_modified_time":"2025-06-03T16:26:26+00:00","og_image":[{"width":600,"height":337,"url":"https:\/\/fuentesfidedignas.com.mx\/wp-content\/uploads\/2025\/06\/asesinato-de-policias-en-chiapas.jpg","type":"image\/jpeg"}],"author":"L\u00f3pez D\u00f3riga","twitter_card":"summary_large_image","twitter_creator":"@fidedignas","twitter_site":"@fidedignas","twitter_misc":{"Escrito por":"L\u00f3pez D\u00f3riga","Tiempo de lectura":"3 minutos"},"schema":{"@context":"https:\/\/schema.org","@graph":[{"@type":"Article","@id":"https:\/\/fuentesfidedignas.com.mx\/index.php\/2025\/06\/03\/matan-en-emboscada-a-cinco-policias-en-chiapas\/#article","isPartOf":{"@id":"https:\/\/fuentesfidedignas.com.mx\/index.php\/2025\/06\/03\/matan-en-emboscada-a-cinco-policias-en-chiapas\/"},"author":{"name":"L\u00f3pez D\u00f3riga","@id":"https:\/\/fuentesfidedignas.com.mx\/#\/schema\/person\/67d852f0557c8509146a4b9ddebd543a"},"headline":"Matan en emboscada a cinco polic\u00edas en Chiapas","datePublished":"2025-06-03T16:26:20+00:00","dateModified":"2025-06-03T16:26:26+00:00","mainEntityOfPage":{"@id":"https:\/\/fuentesfidedignas.com.mx\/index.php\/2025\/06\/03\/matan-en-emboscada-a-cinco-policias-en-chiapas\/"},"wordCount":546,"commentCount":0,"publisher":{"@id":"https:\/\/fuentesfidedignas.com.mx\/#organization"},"image":{"@id":"https:\/\/fuentesfidedignas.com.mx\/index.php\/2025\/06\/03\/matan-en-emboscada-a-cinco-policias-en-chiapas\/#primaryimage"},"thumbnailUrl":"https:\/\/fuentesfidedignas.com.mx\/wp-content\/uploads\/2025\/06\/asesinato-de-policias-en-chiapas.jpg","articleSection":["NOTICIAS NACIONALES"],"inLanguage":"es","potentialAction":[{"@type":"CommentAction","name":"Comment","target":["https:\/\/fuentesfidedignas.com.mx\/index.php\/2025\/06\/03\/matan-en-emboscada-a-cinco-policias-en-chiapas\/#respond"]}]},{"@type":"WebPage","@id":"https:\/\/fuentesfidedignas.com.mx\/index.php\/2025\/06\/03\/matan-en-emboscada-a-cinco-policias-en-chiapas\/","url":"https:\/\/fuentesfidedignas.com.mx\/index.php\/2025\/06\/03\/matan-en-emboscada-a-cinco-policias-en-chiapas\/","name":"Matan en emboscada a cinco polic\u00edas en Chiapas - Fuentes Fidedignas","isPartOf":{"@id":"https:\/\/fuentesfidedignas.com.mx\/#website"},"primaryImageOfPage":{"@id":"https:\/\/fuentesfidedignas.com.mx\/index.php\/2025\/06\/03\/matan-en-emboscada-a-cinco-policias-en-chiapas\/#primaryimage"},"image":{"@id":"https:\/\/fuentesfidedignas.com.mx\/index.php\/2025\/06\/03\/matan-en-emboscada-a-cinco-policias-en-chiapas\/#primaryimage"},"thumbnailUrl":"https:\/\/fuentesfidedignas.com.mx\/wp-content\/uploads\/2025\/06\/asesinato-de-policias-en-chiapas.jpg","datePublished":"2025-06-03T16:26:20+00:00","dateModified":"2025-06-03T16:26:26+00:00","breadcrumb":{"@id":"https:\/\/fuentesfidedignas.com.mx\/index.php\/2025\/06\/03\/matan-en-emboscada-a-cinco-policias-en-chiapas\/#breadcrumb"},"inLanguage":"es","potentialAction":[{"@type":"ReadAction","target":["https:\/\/fuentesfidedignas.com.mx\/index.php\/2025\/06\/03\/matan-en-emboscada-a-cinco-policias-en-chiapas\/"]}]},{"@type":"ImageObject","inLanguage":"es","@id":"https:\/\/fuentesfidedignas.com.mx\/index.php\/2025\/06\/03\/matan-en-emboscada-a-cinco-policias-en-chiapas\/#primaryimage","url":"https:\/\/fuentesfidedignas.com.mx\/wp-content\/uploads\/2025\/06\/asesinato-de-policias-en-chiapas.jpg","contentUrl":"https:\/\/fuentesfidedignas.com.mx\/wp-content\/uploads\/2025\/06\/asesinato-de-policias-en-chiapas.jpg","width":600,"height":337},{"@type":"BreadcrumbList","@id":"https:\/\/fuentesfidedignas.com.mx\/index.php\/2025\/06\/03\/matan-en-emboscada-a-cinco-policias-en-chiapas\/#breadcrumb","itemListElement":[{"@type":"ListItem","position":1,"name":"Inicio","item":"https:\/\/fuentesfidedignas.com.mx\/"},{"@type":"ListItem","position":2,"name":"Matan en emboscada a cinco polic\u00edas en Chiapas"}]},{"@type":"WebSite","@id":"https:\/\/fuentesfidedignas.com.mx\/#website","url":"https:\/\/fuentesfidedignas.com.mx\/","name":"Fuentes Fidedignas","description":"Otro sitio realizado con WordPress","publisher":{"@id":"https:\/\/fuentesfidedignas.com.mx\/#organization"},"potentialAction":[{"@type":"SearchAction","target":{"@type":"EntryPoint","urlTemplate":"https:\/\/fuentesfidedignas.com.mx\/?s={search_term_string}"},"query-input":{"@type":"PropertyValueSpecification","valueRequired":true,"valueName":"search_term_string"}}],"inLanguage":"es"},{"@type":"Organization","@id":"https:\/\/fuentesfidedignas.com.mx\/#organization","name":"Fuentes Fidedignas","url":"https:\/\/fuentesfidedignas.com.mx\/","logo":{"@type":"ImageObject","inLanguage":"es","@id":"https:\/\/fuentesfidedignas.com.mx\/#\/schema\/logo\/image\/","url":"https:\/\/fuentesfidedignas.com.mx\/wp-content\/uploads\/2021\/04\/logo-retina.png","contentUrl":"https:\/\/fuentesfidedignas.com.mx\/wp-content\/uploads\/2021\/04\/logo-retina.png","width":280,"height":51,"caption":"Fuentes Fidedignas"},"image":{"@id":"https:\/\/fuentesfidedignas.com.mx\/#\/schema\/logo\/image\/"},"sameAs":["https:\/\/www.facebook.com\/Fuentes-Fidedignas-368234489921644","https:\/\/x.com\/fidedignas"]},{"@type":"Person","@id":"https:\/\/fuentesfidedignas.com.mx\/#\/schema\/person\/67d852f0557c8509146a4b9ddebd543a","name":"L\u00f3pez D\u00f3riga","image":{"@type":"ImageObject","inLanguage":"es","@id":"https:\/\/secure.gravatar.com\/avatar\/e525b06574ca18b33cded59dfe5778d6c823b9513154eff47da551b0551bdd1e?s=96&d=mm&r=g","url":"https:\/\/secure.gravatar.com\/avatar\/e525b06574ca18b33cded59dfe5778d6c823b9513154eff47da551b0551bdd1e?s=96&d=mm&r=g","contentUrl":"https:\/\/secure.gravatar.com\/avatar\/e525b06574ca18b33cded59dfe5778d6c823b9513154eff47da551b0551bdd1e?s=96&d=mm&r=g","caption":"L\u00f3pez D\u00f3riga"},"url":"https:\/\/fuentesfidedignas.com.mx\/index.php\/author\/doriga\/"}]}},"_links":{"self":[{"href":"https:\/\/fuentesfidedignas.com.mx\/index.php\/wp-json\/wp\/v2\/posts\/109802","targetHints":{"allow":["GET"]}}],"collection":[{"href":"https:\/\/fuentesfidedignas.com.mx\/index.php\/wp-json\/wp\/v2\/posts"}],"about":[{"href":"https:\/\/fuentesfidedignas.com.mx\/index.php\/wp-json\/wp\/v2\/types\/post"}],"author":[{"embeddable":true,"href":"https:\/\/fuentesfidedignas.com.mx\/index.php\/wp-json\/wp\/v2\/users\/47"}],"replies":[{"embeddable":true,"href":"https:\/\/fuentesfidedignas.com.mx\/index.php\/wp-json\/wp\/v2\/comments?post=109802"}],"version-history":[{"count":1,"href":"https:\/\/fuentesfidedignas.com.mx\/index.php\/wp-json\/wp\/v2\/posts\/109802\/revisions"}],"predecessor-version":[{"id":109804,"href":"https:\/\/fuentesfidedignas.com.mx\/index.php\/wp-json\/wp\/v2\/posts\/109802\/revisions\/109804"}],"wp:featuredmedia":[{"embeddable":true,"href":"https:\/\/fuentesfidedignas.com.mx\/index.php\/wp-json\/wp\/v2\/media\/109803"}],"wp:attachment":[{"href":"https:\/\/fuentesfidedignas.com.mx\/index.php\/wp-json\/wp\/v2\/media?parent=109802"}],"wp:term":[{"taxonomy":"category","embeddable":true,"href":"https:\/\/fuentesfidedignas.com.mx\/index.php\/wp-json\/wp\/v2\/categories?post=109802"},{"taxonomy":"post_tag","embeddable":true,"href":"https:\/\/fuentesfidedignas.com.mx\/index.php\/wp-json\/wp\/v2\/tags?post=109802"}],"curies":[{"name":"wp","href":"https:\/\/api.w.org\/{rel}","templated":true}]}}