{"id":10971,"date":"2021-08-27T06:00:55","date_gmt":"2021-08-27T13:00:55","guid":{"rendered":"https:\/\/fuentesfidedignas.com.mx\/?p=10971"},"modified":"2021-08-27T08:00:33","modified_gmt":"2021-08-27T15:00:33","slug":"retienen-maestros-de-la-cnte-a-amlo-inicia-conferencia-sin-el","status":"publish","type":"post","link":"https:\/\/fuentesfidedignas.com.mx\/index.php\/2021\/08\/27\/retienen-maestros-de-la-cnte-a-amlo-inicia-conferencia-sin-el\/","title":{"rendered":"Retienen maestros de la CNTE a AMLO; inicia conferencia sin \u00e9l"},"content":{"rendered":"\n<p><strong><em>Maestros de la CNTE impiden el paso de L\u00f3pez Obrador a cuartel militar donde ya se realiza su conferencia de prensa matutina; los docentes piden di\u00e1logo<\/em><\/strong><\/p>\n\n\n\n<p>Chapas. Alrededor de 400 maestros de la secci\u00f3n 7 de la Coordinadora Nacional de Trabajadores de la Educaci\u00f3n (CNTE) bloquean accesos de la S\u00e9ptima Regi\u00f3n Militar de Tuxtla Guti\u00e9rrez, donde el presidente Andr\u00e9s Manuel L\u00f3pez Obrador encabezar\u00eda su tradicional conferencia de prensa matutina.<\/p>\n\n\n\n<p>Al respecto, el presidente L\u00f3pez Obrador asegur\u00f3 a los manifestantes que no aceptar\u00eda chantajes y exigi\u00f3 respecto a su investidura.<\/p>\n\n\n\n<p>\u201cAqu\u00ed me quedo, no acepto chantajes\u201d, les dijo el mandatario federal desde su camioneta, donde permanece a las puertas del cuartel militar.<\/p>\n\n\n\n<p>\u201cMe dejan pasar, me respetan y luego hablamos\u201d, sostuvo el tabasque\u00f1o.<\/p>\n\n\n\n<p>Los profesores exigen al jefe del Ejecutivo federal abrir el di\u00e1logo sobre la reforma educativa y la reactivaci\u00f3n de las cajas de ahorro.<\/p>\n\n\n\n<p>En tanto, Rutilio Escand\u00f3n C\u00e1rdenas, gobernador de Chiapas, inici\u00f3 y dirige la conferencia de prensa matutina en compa\u00f1\u00eda del gabinete de seguridad: Luis Crescencio Sandoval, titular de la Defensa Nacional; Jos\u00e9 Rafael Ojeda Dur\u00e1n, secretario de la Marina, y Rosa Icela Rodr\u00edguez, titular de Seguridad y Protecci\u00f3n Ciudadana.<\/p>\n\n\n\n<p>\u201cAntes de arribar el ciudadano presidente bloquearon la secci\u00f3n principal de la secci\u00f3n s\u00e9ptima de la regi\u00f3n militar de aqu\u00ed de Chiapas y Tabasco y el presidente est\u00e1 dialogando con la secci\u00f3n 7 del magisterio, la Coordinadora, por eso no est\u00e1 aqu\u00ed con nosotros.<\/p>\n\n\n\n<p>\u201cEsa es la car\u00e1cteristica del presidente L\u00f3pez Obrador que es un dem\u00f3crata, un hombre que a trav\u00e9s del di\u00e1logo y la fuerza de la raz\u00f3n se ha propuesto resolver todos los asuntos de M\u00e9xico sobretodo los conflictos con las organizaciones y en este caso con la CNTE\u201d, coment\u00f3 Escand\u00f3n C\u00e1rdenas.<\/p>\n\n\n\n<p>El presidente L\u00f3pez Obrador encabezar\u00e1 una gira este fin de semana por diversos municipios de Chiapas.<\/p>\n","protected":false},"excerpt":{"rendered":"<p>Maestros de la CNTE impiden el paso de L\u00f3pez Obrador a cuartel militar donde ya se realiza su conferencia de prensa matutina; los docentes piden di\u00e1logo Chapas. Alrededor de 400 maestros de la secci\u00f3n 7 de la Coordinadora Nacional de Trabajadores de la Educaci\u00f3n (CNTE) bloquean accesos de la S\u00e9ptima Regi\u00f3n Militar de Tuxtla Guti\u00e9rrez, [&hellip;]<\/p>\n","protected":false},"author":5,"featured_media":10986,"comment_status":"open","ping_status":"open","sticky":false,"template":"","format":"standard","meta":{"tdm_status":"","tdm_grid_status":"","footnotes":""},"categories":[39],"tags":[],"class_list":{"0":"post-10971","1":"post","2":"type-post","3":"status-publish","4":"format-standard","5":"has-post-thumbnail","7":"category-noticias-nacionales"},"yoast_head":"<!-- This site is optimized with the Yoast SEO plugin v27.5 - https:\/\/yoast.com\/product\/yoast-seo-wordpress\/ -->\n<title>Retienen maestros de la CNTE a AMLO; inicia conferencia sin \u00e9l - Fuentes Fidedignas<\/title>\n<meta name=\"robots\" content=\"index, follow, max-snippet:-1, max-image-preview:large, max-video-preview:-1\" \/>\n<link rel=\"canonical\" href=\"https:\/\/fuentesfidedignas.com.mx\/index.php\/2021\/08\/27\/retienen-maestros-de-la-cnte-a-amlo-inicia-conferencia-sin-el\/\" \/>\n<meta property=\"og:locale\" content=\"es_MX\" \/>\n<meta property=\"og:type\" content=\"article\" \/>\n<meta property=\"og:title\" content=\"Retienen maestros de la CNTE a AMLO; inicia conferencia sin \u00e9l - Fuentes Fidedignas\" \/>\n<meta property=\"og:description\" content=\"Maestros de la CNTE impiden el paso de L\u00f3pez Obrador a cuartel militar donde ya se realiza su conferencia de prensa matutina; los docentes piden di\u00e1logo Chapas. Alrededor de 400 maestros de la secci\u00f3n 7 de la Coordinadora Nacional de Trabajadores de la Educaci\u00f3n (CNTE) bloquean accesos de la S\u00e9ptima Regi\u00f3n Militar de Tuxtla Guti\u00e9rrez, [&hellip;]\" \/>\n<meta property=\"og:url\" content=\"https:\/\/fuentesfidedignas.com.mx\/index.php\/2021\/08\/27\/retienen-maestros-de-la-cnte-a-amlo-inicia-conferencia-sin-el\/\" \/>\n<meta property=\"og:site_name\" content=\"Fuentes Fidedignas\" \/>\n<meta property=\"article:publisher\" content=\"https:\/\/www.facebook.com\/Fuentes-Fidedignas-368234489921644\" \/>\n<meta property=\"article:published_time\" content=\"2021-08-27T13:00:55+00:00\" \/>\n<meta property=\"article:modified_time\" content=\"2021-08-27T15:00:33+00:00\" \/>\n<meta property=\"og:image\" content=\"https:\/\/fuentesfidedignas.com.mx\/wp-content\/uploads\/2021\/08\/f608x342-141484_171207_0.jpeg\" \/>\n\t<meta property=\"og:image:width\" content=\"608\" \/>\n\t<meta property=\"og:image:height\" content=\"342\" \/>\n\t<meta property=\"og:image:type\" content=\"image\/jpeg\" \/>\n<meta name=\"author\" content=\"Forbes\" \/>\n<meta name=\"twitter:card\" content=\"summary_large_image\" \/>\n<meta name=\"twitter:creator\" content=\"@fidedignas\" \/>\n<meta name=\"twitter:site\" content=\"@fidedignas\" \/>\n<meta name=\"twitter:label1\" content=\"Escrito por\" \/>\n\t<meta name=\"twitter:data1\" content=\"Forbes\" \/>\n\t<meta name=\"twitter:label2\" content=\"Tiempo de lectura\" \/>\n\t<meta name=\"twitter:data2\" content=\"2 minutos\" \/>\n<script type=\"application\/ld+json\" class=\"yoast-schema-graph\">{\"@context\":\"https:\\\/\\\/schema.org\",\"@graph\":[{\"@type\":\"Article\",\"@id\":\"https:\\\/\\\/fuentesfidedignas.com.mx\\\/index.php\\\/2021\\\/08\\\/27\\\/retienen-maestros-de-la-cnte-a-amlo-inicia-conferencia-sin-el\\\/#article\",\"isPartOf\":{\"@id\":\"https:\\\/\\\/fuentesfidedignas.com.mx\\\/index.php\\\/2021\\\/08\\\/27\\\/retienen-maestros-de-la-cnte-a-amlo-inicia-conferencia-sin-el\\\/\"},\"author\":{\"name\":\"Forbes\",\"@id\":\"https:\\\/\\\/fuentesfidedignas.com.mx\\\/#\\\/schema\\\/person\\\/5623d53fe2e579d825b1679734abcc44\"},\"headline\":\"Retienen maestros de la CNTE a AMLO; inicia conferencia sin \u00e9l\",\"datePublished\":\"2021-08-27T13:00:55+00:00\",\"dateModified\":\"2021-08-27T15:00:33+00:00\",\"mainEntityOfPage\":{\"@id\":\"https:\\\/\\\/fuentesfidedignas.com.mx\\\/index.php\\\/2021\\\/08\\\/27\\\/retienen-maestros-de-la-cnte-a-amlo-inicia-conferencia-sin-el\\\/\"},\"wordCount\":347,\"commentCount\":0,\"publisher\":{\"@id\":\"https:\\\/\\\/fuentesfidedignas.com.mx\\\/#organization\"},\"image\":{\"@id\":\"https:\\\/\\\/fuentesfidedignas.com.mx\\\/index.php\\\/2021\\\/08\\\/27\\\/retienen-maestros-de-la-cnte-a-amlo-inicia-conferencia-sin-el\\\/#primaryimage\"},\"thumbnailUrl\":\"https:\\\/\\\/fuentesfidedignas.com.mx\\\/wp-content\\\/uploads\\\/2021\\\/08\\\/f608x342-141484_171207_0.jpeg\",\"articleSection\":[\"NOTICIAS NACIONALES\"],\"inLanguage\":\"es\",\"potentialAction\":[{\"@type\":\"CommentAction\",\"name\":\"Comment\",\"target\":[\"https:\\\/\\\/fuentesfidedignas.com.mx\\\/index.php\\\/2021\\\/08\\\/27\\\/retienen-maestros-de-la-cnte-a-amlo-inicia-conferencia-sin-el\\\/#respond\"]}]},{\"@type\":\"WebPage\",\"@id\":\"https:\\\/\\\/fuentesfidedignas.com.mx\\\/index.php\\\/2021\\\/08\\\/27\\\/retienen-maestros-de-la-cnte-a-amlo-inicia-conferencia-sin-el\\\/\",\"url\":\"https:\\\/\\\/fuentesfidedignas.com.mx\\\/index.php\\\/2021\\\/08\\\/27\\\/retienen-maestros-de-la-cnte-a-amlo-inicia-conferencia-sin-el\\\/\",\"name\":\"Retienen maestros de la CNTE a AMLO; inicia conferencia sin \u00e9l - Fuentes Fidedignas\",\"isPartOf\":{\"@id\":\"https:\\\/\\\/fuentesfidedignas.com.mx\\\/#website\"},\"primaryImageOfPage\":{\"@id\":\"https:\\\/\\\/fuentesfidedignas.com.mx\\\/index.php\\\/2021\\\/08\\\/27\\\/retienen-maestros-de-la-cnte-a-amlo-inicia-conferencia-sin-el\\\/#primaryimage\"},\"image\":{\"@id\":\"https:\\\/\\\/fuentesfidedignas.com.mx\\\/index.php\\\/2021\\\/08\\\/27\\\/retienen-maestros-de-la-cnte-a-amlo-inicia-conferencia-sin-el\\\/#primaryimage\"},\"thumbnailUrl\":\"https:\\\/\\\/fuentesfidedignas.com.mx\\\/wp-content\\\/uploads\\\/2021\\\/08\\\/f608x342-141484_171207_0.jpeg\",\"datePublished\":\"2021-08-27T13:00:55+00:00\",\"dateModified\":\"2021-08-27T15:00:33+00:00\",\"breadcrumb\":{\"@id\":\"https:\\\/\\\/fuentesfidedignas.com.mx\\\/index.php\\\/2021\\\/08\\\/27\\\/retienen-maestros-de-la-cnte-a-amlo-inicia-conferencia-sin-el\\\/#breadcrumb\"},\"inLanguage\":\"es\",\"potentialAction\":[{\"@type\":\"ReadAction\",\"target\":[\"https:\\\/\\\/fuentesfidedignas.com.mx\\\/index.php\\\/2021\\\/08\\\/27\\\/retienen-maestros-de-la-cnte-a-amlo-inicia-conferencia-sin-el\\\/\"]}]},{\"@type\":\"ImageObject\",\"inLanguage\":\"es\",\"@id\":\"https:\\\/\\\/fuentesfidedignas.com.mx\\\/index.php\\\/2021\\\/08\\\/27\\\/retienen-maestros-de-la-cnte-a-amlo-inicia-conferencia-sin-el\\\/#primaryimage\",\"url\":\"https:\\\/\\\/fuentesfidedignas.com.mx\\\/wp-content\\\/uploads\\\/2021\\\/08\\\/f608x342-141484_171207_0.jpeg\",\"contentUrl\":\"https:\\\/\\\/fuentesfidedignas.com.mx\\\/wp-content\\\/uploads\\\/2021\\\/08\\\/f608x342-141484_171207_0.jpeg\",\"width\":608,\"height\":342},{\"@type\":\"BreadcrumbList\",\"@id\":\"https:\\\/\\\/fuentesfidedignas.com.mx\\\/index.php\\\/2021\\\/08\\\/27\\\/retienen-maestros-de-la-cnte-a-amlo-inicia-conferencia-sin-el\\\/#breadcrumb\",\"itemListElement\":[{\"@type\":\"ListItem\",\"position\":1,\"name\":\"Inicio\",\"item\":\"https:\\\/\\\/fuentesfidedignas.com.mx\\\/\"},{\"@type\":\"ListItem\",\"position\":2,\"name\":\"Retienen maestros de la CNTE a AMLO; inicia conferencia sin \u00e9l\"}]},{\"@type\":\"WebSite\",\"@id\":\"https:\\\/\\\/fuentesfidedignas.com.mx\\\/#website\",\"url\":\"https:\\\/\\\/fuentesfidedignas.com.mx\\\/\",\"name\":\"Fuentes Fidedignas\",\"description\":\"Otro sitio realizado con WordPress\",\"publisher\":{\"@id\":\"https:\\\/\\\/fuentesfidedignas.com.mx\\\/#organization\"},\"potentialAction\":[{\"@type\":\"SearchAction\",\"target\":{\"@type\":\"EntryPoint\",\"urlTemplate\":\"https:\\\/\\\/fuentesfidedignas.com.mx\\\/?s={search_term_string}\"},\"query-input\":{\"@type\":\"PropertyValueSpecification\",\"valueRequired\":true,\"valueName\":\"search_term_string\"}}],\"inLanguage\":\"es\"},{\"@type\":\"Organization\",\"@id\":\"https:\\\/\\\/fuentesfidedignas.com.mx\\\/#organization\",\"name\":\"Fuentes Fidedignas\",\"url\":\"https:\\\/\\\/fuentesfidedignas.com.mx\\\/\",\"logo\":{\"@type\":\"ImageObject\",\"inLanguage\":\"es\",\"@id\":\"https:\\\/\\\/fuentesfidedignas.com.mx\\\/#\\\/schema\\\/logo\\\/image\\\/\",\"url\":\"https:\\\/\\\/fuentesfidedignas.com.mx\\\/wp-content\\\/uploads\\\/2021\\\/04\\\/logo-retina.png\",\"contentUrl\":\"https:\\\/\\\/fuentesfidedignas.com.mx\\\/wp-content\\\/uploads\\\/2021\\\/04\\\/logo-retina.png\",\"width\":280,\"height\":51,\"caption\":\"Fuentes Fidedignas\"},\"image\":{\"@id\":\"https:\\\/\\\/fuentesfidedignas.com.mx\\\/#\\\/schema\\\/logo\\\/image\\\/\"},\"sameAs\":[\"https:\\\/\\\/www.facebook.com\\\/Fuentes-Fidedignas-368234489921644\",\"https:\\\/\\\/x.com\\\/fidedignas\"]},{\"@type\":\"Person\",\"@id\":\"https:\\\/\\\/fuentesfidedignas.com.mx\\\/#\\\/schema\\\/person\\\/5623d53fe2e579d825b1679734abcc44\",\"name\":\"Forbes\",\"image\":{\"@type\":\"ImageObject\",\"inLanguage\":\"es\",\"@id\":\"https:\\\/\\\/secure.gravatar.com\\\/avatar\\\/87ce3dd4e41e60c22a79c758614f01a6bc2469255fc936ec7b15efb9bb5cb66f?s=96&d=mm&r=g\",\"url\":\"https:\\\/\\\/secure.gravatar.com\\\/avatar\\\/87ce3dd4e41e60c22a79c758614f01a6bc2469255fc936ec7b15efb9bb5cb66f?s=96&d=mm&r=g\",\"contentUrl\":\"https:\\\/\\\/secure.gravatar.com\\\/avatar\\\/87ce3dd4e41e60c22a79c758614f01a6bc2469255fc936ec7b15efb9bb5cb66f?s=96&d=mm&r=g\",\"caption\":\"Forbes\"},\"url\":\"https:\\\/\\\/fuentesfidedignas.com.mx\\\/index.php\\\/author\\\/forbes\\\/\"}]}<\/script>\n<!-- \/ Yoast SEO plugin. -->","yoast_head_json":{"title":"Retienen maestros de la CNTE a AMLO; inicia conferencia sin \u00e9l - Fuentes Fidedignas","robots":{"index":"index","follow":"follow","max-snippet":"max-snippet:-1","max-image-preview":"max-image-preview:large","max-video-preview":"max-video-preview:-1"},"canonical":"https:\/\/fuentesfidedignas.com.mx\/index.php\/2021\/08\/27\/retienen-maestros-de-la-cnte-a-amlo-inicia-conferencia-sin-el\/","og_locale":"es_MX","og_type":"article","og_title":"Retienen maestros de la CNTE a AMLO; inicia conferencia sin \u00e9l - Fuentes Fidedignas","og_description":"Maestros de la CNTE impiden el paso de L\u00f3pez Obrador a cuartel militar donde ya se realiza su conferencia de prensa matutina; los docentes piden di\u00e1logo Chapas. Alrededor de 400 maestros de la secci\u00f3n 7 de la Coordinadora Nacional de Trabajadores de la Educaci\u00f3n (CNTE) bloquean accesos de la S\u00e9ptima Regi\u00f3n Militar de Tuxtla Guti\u00e9rrez, [&hellip;]","og_url":"https:\/\/fuentesfidedignas.com.mx\/index.php\/2021\/08\/27\/retienen-maestros-de-la-cnte-a-amlo-inicia-conferencia-sin-el\/","og_site_name":"Fuentes Fidedignas","article_publisher":"https:\/\/www.facebook.com\/Fuentes-Fidedignas-368234489921644","article_published_time":"2021-08-27T13:00:55+00:00","article_modified_time":"2021-08-27T15:00:33+00:00","og_image":[{"width":608,"height":342,"url":"https:\/\/fuentesfidedignas.com.mx\/wp-content\/uploads\/2021\/08\/f608x342-141484_171207_0.jpeg","type":"image\/jpeg"}],"author":"Forbes","twitter_card":"summary_large_image","twitter_creator":"@fidedignas","twitter_site":"@fidedignas","twitter_misc":{"Escrito por":"Forbes","Tiempo de lectura":"2 minutos"},"schema":{"@context":"https:\/\/schema.org","@graph":[{"@type":"Article","@id":"https:\/\/fuentesfidedignas.com.mx\/index.php\/2021\/08\/27\/retienen-maestros-de-la-cnte-a-amlo-inicia-conferencia-sin-el\/#article","isPartOf":{"@id":"https:\/\/fuentesfidedignas.com.mx\/index.php\/2021\/08\/27\/retienen-maestros-de-la-cnte-a-amlo-inicia-conferencia-sin-el\/"},"author":{"name":"Forbes","@id":"https:\/\/fuentesfidedignas.com.mx\/#\/schema\/person\/5623d53fe2e579d825b1679734abcc44"},"headline":"Retienen maestros de la CNTE a AMLO; inicia conferencia sin \u00e9l","datePublished":"2021-08-27T13:00:55+00:00","dateModified":"2021-08-27T15:00:33+00:00","mainEntityOfPage":{"@id":"https:\/\/fuentesfidedignas.com.mx\/index.php\/2021\/08\/27\/retienen-maestros-de-la-cnte-a-amlo-inicia-conferencia-sin-el\/"},"wordCount":347,"commentCount":0,"publisher":{"@id":"https:\/\/fuentesfidedignas.com.mx\/#organization"},"image":{"@id":"https:\/\/fuentesfidedignas.com.mx\/index.php\/2021\/08\/27\/retienen-maestros-de-la-cnte-a-amlo-inicia-conferencia-sin-el\/#primaryimage"},"thumbnailUrl":"https:\/\/fuentesfidedignas.com.mx\/wp-content\/uploads\/2021\/08\/f608x342-141484_171207_0.jpeg","articleSection":["NOTICIAS NACIONALES"],"inLanguage":"es","potentialAction":[{"@type":"CommentAction","name":"Comment","target":["https:\/\/fuentesfidedignas.com.mx\/index.php\/2021\/08\/27\/retienen-maestros-de-la-cnte-a-amlo-inicia-conferencia-sin-el\/#respond"]}]},{"@type":"WebPage","@id":"https:\/\/fuentesfidedignas.com.mx\/index.php\/2021\/08\/27\/retienen-maestros-de-la-cnte-a-amlo-inicia-conferencia-sin-el\/","url":"https:\/\/fuentesfidedignas.com.mx\/index.php\/2021\/08\/27\/retienen-maestros-de-la-cnte-a-amlo-inicia-conferencia-sin-el\/","name":"Retienen maestros de la CNTE a AMLO; inicia conferencia sin \u00e9l - Fuentes Fidedignas","isPartOf":{"@id":"https:\/\/fuentesfidedignas.com.mx\/#website"},"primaryImageOfPage":{"@id":"https:\/\/fuentesfidedignas.com.mx\/index.php\/2021\/08\/27\/retienen-maestros-de-la-cnte-a-amlo-inicia-conferencia-sin-el\/#primaryimage"},"image":{"@id":"https:\/\/fuentesfidedignas.com.mx\/index.php\/2021\/08\/27\/retienen-maestros-de-la-cnte-a-amlo-inicia-conferencia-sin-el\/#primaryimage"},"thumbnailUrl":"https:\/\/fuentesfidedignas.com.mx\/wp-content\/uploads\/2021\/08\/f608x342-141484_171207_0.jpeg","datePublished":"2021-08-27T13:00:55+00:00","dateModified":"2021-08-27T15:00:33+00:00","breadcrumb":{"@id":"https:\/\/fuentesfidedignas.com.mx\/index.php\/2021\/08\/27\/retienen-maestros-de-la-cnte-a-amlo-inicia-conferencia-sin-el\/#breadcrumb"},"inLanguage":"es","potentialAction":[{"@type":"ReadAction","target":["https:\/\/fuentesfidedignas.com.mx\/index.php\/2021\/08\/27\/retienen-maestros-de-la-cnte-a-amlo-inicia-conferencia-sin-el\/"]}]},{"@type":"ImageObject","inLanguage":"es","@id":"https:\/\/fuentesfidedignas.com.mx\/index.php\/2021\/08\/27\/retienen-maestros-de-la-cnte-a-amlo-inicia-conferencia-sin-el\/#primaryimage","url":"https:\/\/fuentesfidedignas.com.mx\/wp-content\/uploads\/2021\/08\/f608x342-141484_171207_0.jpeg","contentUrl":"https:\/\/fuentesfidedignas.com.mx\/wp-content\/uploads\/2021\/08\/f608x342-141484_171207_0.jpeg","width":608,"height":342},{"@type":"BreadcrumbList","@id":"https:\/\/fuentesfidedignas.com.mx\/index.php\/2021\/08\/27\/retienen-maestros-de-la-cnte-a-amlo-inicia-conferencia-sin-el\/#breadcrumb","itemListElement":[{"@type":"ListItem","position":1,"name":"Inicio","item":"https:\/\/fuentesfidedignas.com.mx\/"},{"@type":"ListItem","position":2,"name":"Retienen maestros de la CNTE a AMLO; inicia conferencia sin \u00e9l"}]},{"@type":"WebSite","@id":"https:\/\/fuentesfidedignas.com.mx\/#website","url":"https:\/\/fuentesfidedignas.com.mx\/","name":"Fuentes Fidedignas","description":"Otro sitio realizado con WordPress","publisher":{"@id":"https:\/\/fuentesfidedignas.com.mx\/#organization"},"potentialAction":[{"@type":"SearchAction","target":{"@type":"EntryPoint","urlTemplate":"https:\/\/fuentesfidedignas.com.mx\/?s={search_term_string}"},"query-input":{"@type":"PropertyValueSpecification","valueRequired":true,"valueName":"search_term_string"}}],"inLanguage":"es"},{"@type":"Organization","@id":"https:\/\/fuentesfidedignas.com.mx\/#organization","name":"Fuentes Fidedignas","url":"https:\/\/fuentesfidedignas.com.mx\/","logo":{"@type":"ImageObject","inLanguage":"es","@id":"https:\/\/fuentesfidedignas.com.mx\/#\/schema\/logo\/image\/","url":"https:\/\/fuentesfidedignas.com.mx\/wp-content\/uploads\/2021\/04\/logo-retina.png","contentUrl":"https:\/\/fuentesfidedignas.com.mx\/wp-content\/uploads\/2021\/04\/logo-retina.png","width":280,"height":51,"caption":"Fuentes Fidedignas"},"image":{"@id":"https:\/\/fuentesfidedignas.com.mx\/#\/schema\/logo\/image\/"},"sameAs":["https:\/\/www.facebook.com\/Fuentes-Fidedignas-368234489921644","https:\/\/x.com\/fidedignas"]},{"@type":"Person","@id":"https:\/\/fuentesfidedignas.com.mx\/#\/schema\/person\/5623d53fe2e579d825b1679734abcc44","name":"Forbes","image":{"@type":"ImageObject","inLanguage":"es","@id":"https:\/\/secure.gravatar.com\/avatar\/87ce3dd4e41e60c22a79c758614f01a6bc2469255fc936ec7b15efb9bb5cb66f?s=96&d=mm&r=g","url":"https:\/\/secure.gravatar.com\/avatar\/87ce3dd4e41e60c22a79c758614f01a6bc2469255fc936ec7b15efb9bb5cb66f?s=96&d=mm&r=g","contentUrl":"https:\/\/secure.gravatar.com\/avatar\/87ce3dd4e41e60c22a79c758614f01a6bc2469255fc936ec7b15efb9bb5cb66f?s=96&d=mm&r=g","caption":"Forbes"},"url":"https:\/\/fuentesfidedignas.com.mx\/index.php\/author\/forbes\/"}]}},"_links":{"self":[{"href":"https:\/\/fuentesfidedignas.com.mx\/index.php\/wp-json\/wp\/v2\/posts\/10971","targetHints":{"allow":["GET"]}}],"collection":[{"href":"https:\/\/fuentesfidedignas.com.mx\/index.php\/wp-json\/wp\/v2\/posts"}],"about":[{"href":"https:\/\/fuentesfidedignas.com.mx\/index.php\/wp-json\/wp\/v2\/types\/post"}],"author":[{"embeddable":true,"href":"https:\/\/fuentesfidedignas.com.mx\/index.php\/wp-json\/wp\/v2\/users\/5"}],"replies":[{"embeddable":true,"href":"https:\/\/fuentesfidedignas.com.mx\/index.php\/wp-json\/wp\/v2\/comments?post=10971"}],"version-history":[{"count":1,"href":"https:\/\/fuentesfidedignas.com.mx\/index.php\/wp-json\/wp\/v2\/posts\/10971\/revisions"}],"predecessor-version":[{"id":10973,"href":"https:\/\/fuentesfidedignas.com.mx\/index.php\/wp-json\/wp\/v2\/posts\/10971\/revisions\/10973"}],"wp:featuredmedia":[{"embeddable":true,"href":"https:\/\/fuentesfidedignas.com.mx\/index.php\/wp-json\/wp\/v2\/media\/10986"}],"wp:attachment":[{"href":"https:\/\/fuentesfidedignas.com.mx\/index.php\/wp-json\/wp\/v2\/media?parent=10971"}],"wp:term":[{"taxonomy":"category","embeddable":true,"href":"https:\/\/fuentesfidedignas.com.mx\/index.php\/wp-json\/wp\/v2\/categories?post=10971"},{"taxonomy":"post_tag","embeddable":true,"href":"https:\/\/fuentesfidedignas.com.mx\/index.php\/wp-json\/wp\/v2\/tags?post=10971"}],"curies":[{"name":"wp","href":"https:\/\/api.w.org\/{rel}","templated":true}]}}