{"id":109699,"date":"2025-06-02T09:24:22","date_gmt":"2025-06-02T16:24:22","guid":{"rendered":"https:\/\/fuentesfidedignas.com.mx\/?p=109699"},"modified":"2025-06-02T09:24:25","modified_gmt":"2025-06-02T16:24:25","slug":"atacan-a-disparos-coordinadora-de-movimiento-ciudadano-en-veracruz","status":"publish","type":"post","link":"https:\/\/fuentesfidedignas.com.mx\/index.php\/2025\/06\/02\/atacan-a-disparos-coordinadora-de-movimiento-ciudadano-en-veracruz\/","title":{"rendered":"Atacan a disparos coordinadora de Movimiento Ciudadano en Veracruz"},"content":{"rendered":"\n<p><strong><em>Sujetos a bordo de una camioneta dispararon en tres ocasiones contra Estela S\u00e1nchez, quien recibi\u00f3 un impacto en la espalda<\/em><\/strong><\/p>\n\n\n\n<p>Estela S\u00e1nchez, coordinadora de Movimiento Ciudadano en Veracruz, fue gravemente herida en un ataque armado.<\/p>\n\n\n\n<p>El hecho ocurri\u00f3 la noche del s\u00e1bado a las afueras del domicilio de la pol\u00edtica, en v\u00edsperas de las elecciones estatales.<\/p>\n\n\n\n<p>Sujetos a bordo de una camioneta dispararon en tres ocasiones contra S\u00e1nchez, quien recibi\u00f3 un impacto en la espalda.<\/p>\n\n\n\n<p>La coordinadora de MC fue trasladada por su esposo a un hospital, donde se reporta grave.<\/p>\n\n\n\n<p>El esposo, Javier Covarrubias, denunci\u00f3 que S\u00e1nchez hab\u00eda recibido amenazas v\u00eda telef\u00f3nica.<\/p>\n\n\n\n<p>&#8220;Recibe una llamada donde le dicen palabras altisonantes y le dicen: te voy a matar\u201d, refiri\u00f3.<\/p>\n\n\n\n<p>Covarrubias calific\u00f3 de preocupante la situaci\u00f3n y dijo temer por su vida y la de su familia.<\/p>\n\n\n\n<p>Belem Palmeros Exsome, candidata a la alcald\u00eda de Veracruz, conden\u00f3 el ataque, mismo que calific\u00f3 de un acto de intimidaci\u00f3n para sembrar temor en el proceso electoral.<\/p>\n\n\n\n<p>Ivonne Ortega, coordinadora de la Bancada Naranja en la C\u00e1mara de Diputados, exigi\u00f3 a las autoridades correspondientes dar con los responsables y esclarecer el hecho.<\/p>\n","protected":false},"excerpt":{"rendered":"<p>Sujetos a bordo de una camioneta dispararon en tres ocasiones contra Estela S\u00e1nchez, quien recibi\u00f3 un impacto en la espalda Estela S\u00e1nchez, coordinadora de Movimiento Ciudadano en Veracruz, fue gravemente herida en un ataque armado. El hecho ocurri\u00f3 la noche del s\u00e1bado a las afueras del domicilio de la pol\u00edtica, en v\u00edsperas de las elecciones [&hellip;]<\/p>\n","protected":false},"author":47,"featured_media":109700,"comment_status":"open","ping_status":"open","sticky":false,"template":"","format":"standard","meta":{"tdm_status":"","tdm_grid_status":"","footnotes":""},"categories":[39],"tags":[],"class_list":{"0":"post-109699","1":"post","2":"type-post","3":"status-publish","4":"format-standard","5":"has-post-thumbnail","7":"category-noticias-nacionales"},"yoast_head":"<!-- This site is optimized with the Yoast SEO plugin v27.4 - https:\/\/yoast.com\/product\/yoast-seo-wordpress\/ -->\n<title>Atacan a disparos coordinadora de Movimiento Ciudadano en Veracruz - Fuentes Fidedignas<\/title>\n<meta name=\"robots\" content=\"index, follow, max-snippet:-1, max-image-preview:large, max-video-preview:-1\" \/>\n<link rel=\"canonical\" href=\"https:\/\/fuentesfidedignas.com.mx\/index.php\/2025\/06\/02\/atacan-a-disparos-coordinadora-de-movimiento-ciudadano-en-veracruz\/\" \/>\n<meta property=\"og:locale\" content=\"es_MX\" \/>\n<meta property=\"og:type\" content=\"article\" \/>\n<meta property=\"og:title\" content=\"Atacan a disparos coordinadora de Movimiento Ciudadano en Veracruz - Fuentes Fidedignas\" \/>\n<meta property=\"og:description\" content=\"Sujetos a bordo de una camioneta dispararon en tres ocasiones contra Estela S\u00e1nchez, quien recibi\u00f3 un impacto en la espalda Estela S\u00e1nchez, coordinadora de Movimiento Ciudadano en Veracruz, fue gravemente herida en un ataque armado. El hecho ocurri\u00f3 la noche del s\u00e1bado a las afueras del domicilio de la pol\u00edtica, en v\u00edsperas de las elecciones [&hellip;]\" \/>\n<meta property=\"og:url\" content=\"https:\/\/fuentesfidedignas.com.mx\/index.php\/2025\/06\/02\/atacan-a-disparos-coordinadora-de-movimiento-ciudadano-en-veracruz\/\" \/>\n<meta property=\"og:site_name\" content=\"Fuentes Fidedignas\" \/>\n<meta property=\"article:publisher\" content=\"https:\/\/www.facebook.com\/Fuentes-Fidedignas-368234489921644\" \/>\n<meta property=\"article:published_time\" content=\"2025-06-02T16:24:22+00:00\" \/>\n<meta property=\"article:modified_time\" content=\"2025-06-02T16:24:25+00:00\" \/>\n<meta property=\"og:image\" content=\"https:\/\/fuentesfidedignas.com.mx\/wp-content\/uploads\/2025\/06\/banderas-de-movimiento-ciudadano.jpg\" \/>\n\t<meta property=\"og:image:width\" content=\"600\" \/>\n\t<meta property=\"og:image:height\" content=\"337\" \/>\n\t<meta property=\"og:image:type\" content=\"image\/jpeg\" \/>\n<meta name=\"author\" content=\"L\u00f3pez D\u00f3riga\" \/>\n<meta name=\"twitter:card\" content=\"summary_large_image\" \/>\n<meta name=\"twitter:creator\" content=\"@fidedignas\" \/>\n<meta name=\"twitter:site\" content=\"@fidedignas\" \/>\n<meta name=\"twitter:label1\" content=\"Escrito por\" \/>\n\t<meta name=\"twitter:data1\" content=\"L\u00f3pez D\u00f3riga\" \/>\n\t<meta name=\"twitter:label2\" content=\"Tiempo de lectura\" \/>\n\t<meta name=\"twitter:data2\" content=\"2 minutos\" \/>\n<script type=\"application\/ld+json\" class=\"yoast-schema-graph\">{\"@context\":\"https:\\\/\\\/schema.org\",\"@graph\":[{\"@type\":\"Article\",\"@id\":\"https:\\\/\\\/fuentesfidedignas.com.mx\\\/index.php\\\/2025\\\/06\\\/02\\\/atacan-a-disparos-coordinadora-de-movimiento-ciudadano-en-veracruz\\\/#article\",\"isPartOf\":{\"@id\":\"https:\\\/\\\/fuentesfidedignas.com.mx\\\/index.php\\\/2025\\\/06\\\/02\\\/atacan-a-disparos-coordinadora-de-movimiento-ciudadano-en-veracruz\\\/\"},\"author\":{\"name\":\"L\u00f3pez D\u00f3riga\",\"@id\":\"https:\\\/\\\/fuentesfidedignas.com.mx\\\/#\\\/schema\\\/person\\\/67d852f0557c8509146a4b9ddebd543a\"},\"headline\":\"Atacan a disparos coordinadora de Movimiento Ciudadano en Veracruz\",\"datePublished\":\"2025-06-02T16:24:22+00:00\",\"dateModified\":\"2025-06-02T16:24:25+00:00\",\"mainEntityOfPage\":{\"@id\":\"https:\\\/\\\/fuentesfidedignas.com.mx\\\/index.php\\\/2025\\\/06\\\/02\\\/atacan-a-disparos-coordinadora-de-movimiento-ciudadano-en-veracruz\\\/\"},\"wordCount\":211,\"commentCount\":0,\"publisher\":{\"@id\":\"https:\\\/\\\/fuentesfidedignas.com.mx\\\/#organization\"},\"image\":{\"@id\":\"https:\\\/\\\/fuentesfidedignas.com.mx\\\/index.php\\\/2025\\\/06\\\/02\\\/atacan-a-disparos-coordinadora-de-movimiento-ciudadano-en-veracruz\\\/#primaryimage\"},\"thumbnailUrl\":\"https:\\\/\\\/fuentesfidedignas.com.mx\\\/wp-content\\\/uploads\\\/2025\\\/06\\\/banderas-de-movimiento-ciudadano.jpg\",\"articleSection\":[\"NOTICIAS NACIONALES\"],\"inLanguage\":\"es\",\"potentialAction\":[{\"@type\":\"CommentAction\",\"name\":\"Comment\",\"target\":[\"https:\\\/\\\/fuentesfidedignas.com.mx\\\/index.php\\\/2025\\\/06\\\/02\\\/atacan-a-disparos-coordinadora-de-movimiento-ciudadano-en-veracruz\\\/#respond\"]}]},{\"@type\":\"WebPage\",\"@id\":\"https:\\\/\\\/fuentesfidedignas.com.mx\\\/index.php\\\/2025\\\/06\\\/02\\\/atacan-a-disparos-coordinadora-de-movimiento-ciudadano-en-veracruz\\\/\",\"url\":\"https:\\\/\\\/fuentesfidedignas.com.mx\\\/index.php\\\/2025\\\/06\\\/02\\\/atacan-a-disparos-coordinadora-de-movimiento-ciudadano-en-veracruz\\\/\",\"name\":\"Atacan a disparos coordinadora de Movimiento Ciudadano en Veracruz - Fuentes Fidedignas\",\"isPartOf\":{\"@id\":\"https:\\\/\\\/fuentesfidedignas.com.mx\\\/#website\"},\"primaryImageOfPage\":{\"@id\":\"https:\\\/\\\/fuentesfidedignas.com.mx\\\/index.php\\\/2025\\\/06\\\/02\\\/atacan-a-disparos-coordinadora-de-movimiento-ciudadano-en-veracruz\\\/#primaryimage\"},\"image\":{\"@id\":\"https:\\\/\\\/fuentesfidedignas.com.mx\\\/index.php\\\/2025\\\/06\\\/02\\\/atacan-a-disparos-coordinadora-de-movimiento-ciudadano-en-veracruz\\\/#primaryimage\"},\"thumbnailUrl\":\"https:\\\/\\\/fuentesfidedignas.com.mx\\\/wp-content\\\/uploads\\\/2025\\\/06\\\/banderas-de-movimiento-ciudadano.jpg\",\"datePublished\":\"2025-06-02T16:24:22+00:00\",\"dateModified\":\"2025-06-02T16:24:25+00:00\",\"breadcrumb\":{\"@id\":\"https:\\\/\\\/fuentesfidedignas.com.mx\\\/index.php\\\/2025\\\/06\\\/02\\\/atacan-a-disparos-coordinadora-de-movimiento-ciudadano-en-veracruz\\\/#breadcrumb\"},\"inLanguage\":\"es\",\"potentialAction\":[{\"@type\":\"ReadAction\",\"target\":[\"https:\\\/\\\/fuentesfidedignas.com.mx\\\/index.php\\\/2025\\\/06\\\/02\\\/atacan-a-disparos-coordinadora-de-movimiento-ciudadano-en-veracruz\\\/\"]}]},{\"@type\":\"ImageObject\",\"inLanguage\":\"es\",\"@id\":\"https:\\\/\\\/fuentesfidedignas.com.mx\\\/index.php\\\/2025\\\/06\\\/02\\\/atacan-a-disparos-coordinadora-de-movimiento-ciudadano-en-veracruz\\\/#primaryimage\",\"url\":\"https:\\\/\\\/fuentesfidedignas.com.mx\\\/wp-content\\\/uploads\\\/2025\\\/06\\\/banderas-de-movimiento-ciudadano.jpg\",\"contentUrl\":\"https:\\\/\\\/fuentesfidedignas.com.mx\\\/wp-content\\\/uploads\\\/2025\\\/06\\\/banderas-de-movimiento-ciudadano.jpg\",\"width\":600,\"height\":337},{\"@type\":\"BreadcrumbList\",\"@id\":\"https:\\\/\\\/fuentesfidedignas.com.mx\\\/index.php\\\/2025\\\/06\\\/02\\\/atacan-a-disparos-coordinadora-de-movimiento-ciudadano-en-veracruz\\\/#breadcrumb\",\"itemListElement\":[{\"@type\":\"ListItem\",\"position\":1,\"name\":\"Inicio\",\"item\":\"https:\\\/\\\/fuentesfidedignas.com.mx\\\/\"},{\"@type\":\"ListItem\",\"position\":2,\"name\":\"Atacan a disparos coordinadora de Movimiento Ciudadano en Veracruz\"}]},{\"@type\":\"WebSite\",\"@id\":\"https:\\\/\\\/fuentesfidedignas.com.mx\\\/#website\",\"url\":\"https:\\\/\\\/fuentesfidedignas.com.mx\\\/\",\"name\":\"Fuentes Fidedignas\",\"description\":\"Otro sitio realizado con WordPress\",\"publisher\":{\"@id\":\"https:\\\/\\\/fuentesfidedignas.com.mx\\\/#organization\"},\"potentialAction\":[{\"@type\":\"SearchAction\",\"target\":{\"@type\":\"EntryPoint\",\"urlTemplate\":\"https:\\\/\\\/fuentesfidedignas.com.mx\\\/?s={search_term_string}\"},\"query-input\":{\"@type\":\"PropertyValueSpecification\",\"valueRequired\":true,\"valueName\":\"search_term_string\"}}],\"inLanguage\":\"es\"},{\"@type\":\"Organization\",\"@id\":\"https:\\\/\\\/fuentesfidedignas.com.mx\\\/#organization\",\"name\":\"Fuentes Fidedignas\",\"url\":\"https:\\\/\\\/fuentesfidedignas.com.mx\\\/\",\"logo\":{\"@type\":\"ImageObject\",\"inLanguage\":\"es\",\"@id\":\"https:\\\/\\\/fuentesfidedignas.com.mx\\\/#\\\/schema\\\/logo\\\/image\\\/\",\"url\":\"https:\\\/\\\/fuentesfidedignas.com.mx\\\/wp-content\\\/uploads\\\/2021\\\/04\\\/logo-retina.png\",\"contentUrl\":\"https:\\\/\\\/fuentesfidedignas.com.mx\\\/wp-content\\\/uploads\\\/2021\\\/04\\\/logo-retina.png\",\"width\":280,\"height\":51,\"caption\":\"Fuentes Fidedignas\"},\"image\":{\"@id\":\"https:\\\/\\\/fuentesfidedignas.com.mx\\\/#\\\/schema\\\/logo\\\/image\\\/\"},\"sameAs\":[\"https:\\\/\\\/www.facebook.com\\\/Fuentes-Fidedignas-368234489921644\",\"https:\\\/\\\/x.com\\\/fidedignas\"]},{\"@type\":\"Person\",\"@id\":\"https:\\\/\\\/fuentesfidedignas.com.mx\\\/#\\\/schema\\\/person\\\/67d852f0557c8509146a4b9ddebd543a\",\"name\":\"L\u00f3pez D\u00f3riga\",\"image\":{\"@type\":\"ImageObject\",\"inLanguage\":\"es\",\"@id\":\"https:\\\/\\\/secure.gravatar.com\\\/avatar\\\/e525b06574ca18b33cded59dfe5778d6c823b9513154eff47da551b0551bdd1e?s=96&d=mm&r=g\",\"url\":\"https:\\\/\\\/secure.gravatar.com\\\/avatar\\\/e525b06574ca18b33cded59dfe5778d6c823b9513154eff47da551b0551bdd1e?s=96&d=mm&r=g\",\"contentUrl\":\"https:\\\/\\\/secure.gravatar.com\\\/avatar\\\/e525b06574ca18b33cded59dfe5778d6c823b9513154eff47da551b0551bdd1e?s=96&d=mm&r=g\",\"caption\":\"L\u00f3pez D\u00f3riga\"},\"url\":\"https:\\\/\\\/fuentesfidedignas.com.mx\\\/index.php\\\/author\\\/doriga\\\/\"}]}<\/script>\n<!-- \/ Yoast SEO plugin. -->","yoast_head_json":{"title":"Atacan a disparos coordinadora de Movimiento Ciudadano en Veracruz - Fuentes Fidedignas","robots":{"index":"index","follow":"follow","max-snippet":"max-snippet:-1","max-image-preview":"max-image-preview:large","max-video-preview":"max-video-preview:-1"},"canonical":"https:\/\/fuentesfidedignas.com.mx\/index.php\/2025\/06\/02\/atacan-a-disparos-coordinadora-de-movimiento-ciudadano-en-veracruz\/","og_locale":"es_MX","og_type":"article","og_title":"Atacan a disparos coordinadora de Movimiento Ciudadano en Veracruz - Fuentes Fidedignas","og_description":"Sujetos a bordo de una camioneta dispararon en tres ocasiones contra Estela S\u00e1nchez, quien recibi\u00f3 un impacto en la espalda Estela S\u00e1nchez, coordinadora de Movimiento Ciudadano en Veracruz, fue gravemente herida en un ataque armado. El hecho ocurri\u00f3 la noche del s\u00e1bado a las afueras del domicilio de la pol\u00edtica, en v\u00edsperas de las elecciones [&hellip;]","og_url":"https:\/\/fuentesfidedignas.com.mx\/index.php\/2025\/06\/02\/atacan-a-disparos-coordinadora-de-movimiento-ciudadano-en-veracruz\/","og_site_name":"Fuentes Fidedignas","article_publisher":"https:\/\/www.facebook.com\/Fuentes-Fidedignas-368234489921644","article_published_time":"2025-06-02T16:24:22+00:00","article_modified_time":"2025-06-02T16:24:25+00:00","og_image":[{"width":600,"height":337,"url":"https:\/\/fuentesfidedignas.com.mx\/wp-content\/uploads\/2025\/06\/banderas-de-movimiento-ciudadano.jpg","type":"image\/jpeg"}],"author":"L\u00f3pez D\u00f3riga","twitter_card":"summary_large_image","twitter_creator":"@fidedignas","twitter_site":"@fidedignas","twitter_misc":{"Escrito por":"L\u00f3pez D\u00f3riga","Tiempo de lectura":"2 minutos"},"schema":{"@context":"https:\/\/schema.org","@graph":[{"@type":"Article","@id":"https:\/\/fuentesfidedignas.com.mx\/index.php\/2025\/06\/02\/atacan-a-disparos-coordinadora-de-movimiento-ciudadano-en-veracruz\/#article","isPartOf":{"@id":"https:\/\/fuentesfidedignas.com.mx\/index.php\/2025\/06\/02\/atacan-a-disparos-coordinadora-de-movimiento-ciudadano-en-veracruz\/"},"author":{"name":"L\u00f3pez D\u00f3riga","@id":"https:\/\/fuentesfidedignas.com.mx\/#\/schema\/person\/67d852f0557c8509146a4b9ddebd543a"},"headline":"Atacan a disparos coordinadora de Movimiento Ciudadano en Veracruz","datePublished":"2025-06-02T16:24:22+00:00","dateModified":"2025-06-02T16:24:25+00:00","mainEntityOfPage":{"@id":"https:\/\/fuentesfidedignas.com.mx\/index.php\/2025\/06\/02\/atacan-a-disparos-coordinadora-de-movimiento-ciudadano-en-veracruz\/"},"wordCount":211,"commentCount":0,"publisher":{"@id":"https:\/\/fuentesfidedignas.com.mx\/#organization"},"image":{"@id":"https:\/\/fuentesfidedignas.com.mx\/index.php\/2025\/06\/02\/atacan-a-disparos-coordinadora-de-movimiento-ciudadano-en-veracruz\/#primaryimage"},"thumbnailUrl":"https:\/\/fuentesfidedignas.com.mx\/wp-content\/uploads\/2025\/06\/banderas-de-movimiento-ciudadano.jpg","articleSection":["NOTICIAS NACIONALES"],"inLanguage":"es","potentialAction":[{"@type":"CommentAction","name":"Comment","target":["https:\/\/fuentesfidedignas.com.mx\/index.php\/2025\/06\/02\/atacan-a-disparos-coordinadora-de-movimiento-ciudadano-en-veracruz\/#respond"]}]},{"@type":"WebPage","@id":"https:\/\/fuentesfidedignas.com.mx\/index.php\/2025\/06\/02\/atacan-a-disparos-coordinadora-de-movimiento-ciudadano-en-veracruz\/","url":"https:\/\/fuentesfidedignas.com.mx\/index.php\/2025\/06\/02\/atacan-a-disparos-coordinadora-de-movimiento-ciudadano-en-veracruz\/","name":"Atacan a disparos coordinadora de Movimiento Ciudadano en Veracruz - Fuentes Fidedignas","isPartOf":{"@id":"https:\/\/fuentesfidedignas.com.mx\/#website"},"primaryImageOfPage":{"@id":"https:\/\/fuentesfidedignas.com.mx\/index.php\/2025\/06\/02\/atacan-a-disparos-coordinadora-de-movimiento-ciudadano-en-veracruz\/#primaryimage"},"image":{"@id":"https:\/\/fuentesfidedignas.com.mx\/index.php\/2025\/06\/02\/atacan-a-disparos-coordinadora-de-movimiento-ciudadano-en-veracruz\/#primaryimage"},"thumbnailUrl":"https:\/\/fuentesfidedignas.com.mx\/wp-content\/uploads\/2025\/06\/banderas-de-movimiento-ciudadano.jpg","datePublished":"2025-06-02T16:24:22+00:00","dateModified":"2025-06-02T16:24:25+00:00","breadcrumb":{"@id":"https:\/\/fuentesfidedignas.com.mx\/index.php\/2025\/06\/02\/atacan-a-disparos-coordinadora-de-movimiento-ciudadano-en-veracruz\/#breadcrumb"},"inLanguage":"es","potentialAction":[{"@type":"ReadAction","target":["https:\/\/fuentesfidedignas.com.mx\/index.php\/2025\/06\/02\/atacan-a-disparos-coordinadora-de-movimiento-ciudadano-en-veracruz\/"]}]},{"@type":"ImageObject","inLanguage":"es","@id":"https:\/\/fuentesfidedignas.com.mx\/index.php\/2025\/06\/02\/atacan-a-disparos-coordinadora-de-movimiento-ciudadano-en-veracruz\/#primaryimage","url":"https:\/\/fuentesfidedignas.com.mx\/wp-content\/uploads\/2025\/06\/banderas-de-movimiento-ciudadano.jpg","contentUrl":"https:\/\/fuentesfidedignas.com.mx\/wp-content\/uploads\/2025\/06\/banderas-de-movimiento-ciudadano.jpg","width":600,"height":337},{"@type":"BreadcrumbList","@id":"https:\/\/fuentesfidedignas.com.mx\/index.php\/2025\/06\/02\/atacan-a-disparos-coordinadora-de-movimiento-ciudadano-en-veracruz\/#breadcrumb","itemListElement":[{"@type":"ListItem","position":1,"name":"Inicio","item":"https:\/\/fuentesfidedignas.com.mx\/"},{"@type":"ListItem","position":2,"name":"Atacan a disparos coordinadora de Movimiento Ciudadano en Veracruz"}]},{"@type":"WebSite","@id":"https:\/\/fuentesfidedignas.com.mx\/#website","url":"https:\/\/fuentesfidedignas.com.mx\/","name":"Fuentes Fidedignas","description":"Otro sitio realizado con WordPress","publisher":{"@id":"https:\/\/fuentesfidedignas.com.mx\/#organization"},"potentialAction":[{"@type":"SearchAction","target":{"@type":"EntryPoint","urlTemplate":"https:\/\/fuentesfidedignas.com.mx\/?s={search_term_string}"},"query-input":{"@type":"PropertyValueSpecification","valueRequired":true,"valueName":"search_term_string"}}],"inLanguage":"es"},{"@type":"Organization","@id":"https:\/\/fuentesfidedignas.com.mx\/#organization","name":"Fuentes Fidedignas","url":"https:\/\/fuentesfidedignas.com.mx\/","logo":{"@type":"ImageObject","inLanguage":"es","@id":"https:\/\/fuentesfidedignas.com.mx\/#\/schema\/logo\/image\/","url":"https:\/\/fuentesfidedignas.com.mx\/wp-content\/uploads\/2021\/04\/logo-retina.png","contentUrl":"https:\/\/fuentesfidedignas.com.mx\/wp-content\/uploads\/2021\/04\/logo-retina.png","width":280,"height":51,"caption":"Fuentes Fidedignas"},"image":{"@id":"https:\/\/fuentesfidedignas.com.mx\/#\/schema\/logo\/image\/"},"sameAs":["https:\/\/www.facebook.com\/Fuentes-Fidedignas-368234489921644","https:\/\/x.com\/fidedignas"]},{"@type":"Person","@id":"https:\/\/fuentesfidedignas.com.mx\/#\/schema\/person\/67d852f0557c8509146a4b9ddebd543a","name":"L\u00f3pez D\u00f3riga","image":{"@type":"ImageObject","inLanguage":"es","@id":"https:\/\/secure.gravatar.com\/avatar\/e525b06574ca18b33cded59dfe5778d6c823b9513154eff47da551b0551bdd1e?s=96&d=mm&r=g","url":"https:\/\/secure.gravatar.com\/avatar\/e525b06574ca18b33cded59dfe5778d6c823b9513154eff47da551b0551bdd1e?s=96&d=mm&r=g","contentUrl":"https:\/\/secure.gravatar.com\/avatar\/e525b06574ca18b33cded59dfe5778d6c823b9513154eff47da551b0551bdd1e?s=96&d=mm&r=g","caption":"L\u00f3pez D\u00f3riga"},"url":"https:\/\/fuentesfidedignas.com.mx\/index.php\/author\/doriga\/"}]}},"_links":{"self":[{"href":"https:\/\/fuentesfidedignas.com.mx\/index.php\/wp-json\/wp\/v2\/posts\/109699","targetHints":{"allow":["GET"]}}],"collection":[{"href":"https:\/\/fuentesfidedignas.com.mx\/index.php\/wp-json\/wp\/v2\/posts"}],"about":[{"href":"https:\/\/fuentesfidedignas.com.mx\/index.php\/wp-json\/wp\/v2\/types\/post"}],"author":[{"embeddable":true,"href":"https:\/\/fuentesfidedignas.com.mx\/index.php\/wp-json\/wp\/v2\/users\/47"}],"replies":[{"embeddable":true,"href":"https:\/\/fuentesfidedignas.com.mx\/index.php\/wp-json\/wp\/v2\/comments?post=109699"}],"version-history":[{"count":1,"href":"https:\/\/fuentesfidedignas.com.mx\/index.php\/wp-json\/wp\/v2\/posts\/109699\/revisions"}],"predecessor-version":[{"id":109701,"href":"https:\/\/fuentesfidedignas.com.mx\/index.php\/wp-json\/wp\/v2\/posts\/109699\/revisions\/109701"}],"wp:featuredmedia":[{"embeddable":true,"href":"https:\/\/fuentesfidedignas.com.mx\/index.php\/wp-json\/wp\/v2\/media\/109700"}],"wp:attachment":[{"href":"https:\/\/fuentesfidedignas.com.mx\/index.php\/wp-json\/wp\/v2\/media?parent=109699"}],"wp:term":[{"taxonomy":"category","embeddable":true,"href":"https:\/\/fuentesfidedignas.com.mx\/index.php\/wp-json\/wp\/v2\/categories?post=109699"},{"taxonomy":"post_tag","embeddable":true,"href":"https:\/\/fuentesfidedignas.com.mx\/index.php\/wp-json\/wp\/v2\/tags?post=109699"}],"curies":[{"name":"wp","href":"https:\/\/api.w.org\/{rel}","templated":true}]}}