{"id":109688,"date":"2025-06-02T05:35:00","date_gmt":"2025-06-02T12:35:00","guid":{"rendered":"https:\/\/fuentesfidedignas.com.mx\/?p=109688"},"modified":"2025-06-01T19:39:37","modified_gmt":"2025-06-02T02:39:37","slug":"iban-a-adoptarlo-pero-desaparecio-23-anos-despues-lo-encuentran-gracias-a-tiktok","status":"publish","type":"post","link":"https:\/\/fuentesfidedignas.com.mx\/index.php\/2025\/06\/02\/iban-a-adoptarlo-pero-desaparecio-23-anos-despues-lo-encuentran-gracias-a-tiktok\/","title":{"rendered":"Iban a adoptarlo, pero desapareci\u00f3: 23 a\u00f1os despu\u00e9s lo encuentran gracias a TikTok"},"content":{"rendered":"\n<p><strong><em>Una joven chilena encontr\u00f3 al ni\u00f1o que su madre quiso adoptar en 2001 gracias a TikTok, tras publicar una foto navide\u00f1a que se volvi\u00f3 viral.<\/em><\/strong><\/p>\n\n\n\n<p>Con la frase &#8220;TikTok, haz lo tuyo&#8221;, una joven chilena conocida como @cedeiaenea public\u00f3 una antigua fotograf\u00eda tomada durante una Navidad del a\u00f1o 2001.<\/p>\n\n\n\n<p>En la imagen, registrada en San Fernando, aparec\u00eda su familia junto a un ni\u00f1o llamado Claudio, quien por entonces viv\u00eda en un hogar de menores.<\/p>\n\n\n\n<p>Su madre hab\u00eda expresado el deseo de adoptarlo, pero justo el d\u00eda en que tomaron la decisi\u00f3n, recibieron la inesperada noticia de que el ni\u00f1o ya no se encontraba en el lugar. Desde entonces, no supieron nada m\u00e1s de \u00e9l. Hasta ahora.<\/p>\n\n\n\n<p>El video con la fotograf\u00eda caus\u00f3 un impacto inmediato: en menos de 4 d\u00edas acumul\u00f3 m\u00e1s de 10 millones de visualizaciones y 775 mil &#8220;me gusta&#8221;, lo que gener\u00f3 una ola de interacciones. Fue gracias a esta viralizaci\u00f3n que un usuario afirm\u00f3 ser hermano de Claudio, y al compartir algunos detalles personales, confirm\u00f3 que se trataba del mismo ni\u00f1o.<\/p>\n\n\n\n<p><strong>El reencuentro, m\u00e1s de dos d\u00e9cadas despu\u00e9s<\/strong><br>La joven actualiz\u00f3 su historia en un segundo video, donde narr\u00f3 c\u00f3mo fue el primer contacto con Claudio. Cont\u00f3 que \u00e9l se comunic\u00f3 primero con ella y luego habl\u00f3 directamente con su madre.<\/p>\n\n\n\n<p>&#8220;Mi mam\u00e1 estaba muy nerviosa, y yo justo estaba trabajando cuando me llam\u00f3&#8221;, relat\u00f3. Claudio record\u00f3 algunos momentos de su infancia, lo que confirm\u00f3 a\u00fan m\u00e1s el v\u00ednculo.<\/p>\n\n\n\n<p>Actualmente, Claudio vive cerca de la cordillera, en las afueras de Curic\u00f3, en una zona con poca se\u00f1al, lo que complic\u00f3 los primeros intentos de comunicaci\u00f3n. Aun as\u00ed, lograron intercambiar mensajes y concretar una larga conversaci\u00f3n telef\u00f3nica con la mujer que alguna vez quiso darle un nuevo hogar.<\/p>\n\n\n\n<p>&#8220;Mi mamita estaba muy feliz por la persona en la que se ha convertido&#8221;, comparti\u00f3 su hija.<\/p>\n\n\n\n<blockquote class=\"tiktok-embed\" cite=\"https:\/\/www.tiktok.com\/@cedeiaenea\/video\/7509656843577330951\" data-video-id=\"7509656843577330951\" style=\"max-width: 605px;min-width: 325px;\" > <section> <a target=\"_blank\" title=\"@cedeiaenea\" href=\"https:\/\/www.tiktok.com\/@cedeiaenea?refer=embed\">@cedeiaenea<\/a> <p>much\u00edsimas gracias a todos!! \ud83e\udd7a\ud83e\udd7a\ud83e\udd7a\ud83e\udd7a\ud83e\udd7a\u2728\u2728\u2728\u2728<\/p> <a target=\"_blank\" title=\"\u266c sonido original - cediana\" href=\"https:\/\/www.tiktok.com\/music\/sonido-original-7509656909880806145?refer=embed\">\u266c sonido original &#8211; cediana<\/a> <\/section> <\/blockquote> <script async src=\"https:\/\/www.tiktok.com\/embed.js\"><\/script>\n\n\n\n<p>Claudio, hoy convertido en padre, acept\u00f3 reencontrarse con la familia que lo hab\u00eda tenido presente todos estos a\u00f1os. El encuentro se organizar\u00e1 en Nancagua, la ciudad donde se encontraba el hogar de menores en el que vivi\u00f3 de ni\u00f1o. Seg\u00fan relat\u00f3, el lugar fue cerrado abruptamente y los ni\u00f1os fueron trasladados a Peumo, lo que hizo imposible para la familia volver a contactarlo en ese entonces.<\/p>\n\n\n\n<p>&#8220;Por algo nunca lo olvidamos. Esa foto siempre fue especial para nosotras&#8221;, expres\u00f3 la joven, agradeciendo a cada persona que comparti\u00f3 su video.<\/p>\n\n\n\n<p>Con la autorizaci\u00f3n de Claudio, espera publicar im\u00e1genes del reencuentro pr\u00f3ximamente y cerrar, con alegr\u00eda, una historia que parec\u00eda perdida en el tiempo.<\/p>\n","protected":false},"excerpt":{"rendered":"<p>Una joven chilena encontr\u00f3 al ni\u00f1o que su madre quiso adoptar en 2001 gracias a TikTok, tras publicar una foto navide\u00f1a que se volvi\u00f3 viral. Con la frase &#8220;TikTok, haz lo tuyo&#8221;, una joven chilena conocida como @cedeiaenea public\u00f3 una antigua fotograf\u00eda tomada durante una Navidad del a\u00f1o 2001. En la imagen, registrada en San [&hellip;]<\/p>\n","protected":false},"author":7,"featured_media":109689,"comment_status":"open","ping_status":"open","sticky":false,"template":"","format":"standard","meta":{"tdm_status":"","tdm_grid_status":"","footnotes":""},"categories":[40],"tags":[],"class_list":{"0":"post-109688","1":"post","2":"type-post","3":"status-publish","4":"format-standard","5":"has-post-thumbnail","7":"category-las-asombrosas"},"yoast_head":"<!-- This site is optimized with the Yoast SEO plugin v27.5 - https:\/\/yoast.com\/product\/yoast-seo-wordpress\/ -->\n<title>Iban a adoptarlo, pero desapareci\u00f3: 23 a\u00f1os despu\u00e9s lo encuentran gracias a TikTok - Fuentes Fidedignas<\/title>\n<meta name=\"robots\" content=\"index, follow, max-snippet:-1, max-image-preview:large, max-video-preview:-1\" \/>\n<link rel=\"canonical\" href=\"https:\/\/fuentesfidedignas.com.mx\/index.php\/2025\/06\/02\/iban-a-adoptarlo-pero-desaparecio-23-anos-despues-lo-encuentran-gracias-a-tiktok\/\" \/>\n<meta property=\"og:locale\" content=\"es_MX\" \/>\n<meta property=\"og:type\" content=\"article\" \/>\n<meta property=\"og:title\" content=\"Iban a adoptarlo, pero desapareci\u00f3: 23 a\u00f1os despu\u00e9s lo encuentran gracias a TikTok - Fuentes Fidedignas\" \/>\n<meta property=\"og:description\" content=\"Una joven chilena encontr\u00f3 al ni\u00f1o que su madre quiso adoptar en 2001 gracias a TikTok, tras publicar una foto navide\u00f1a que se volvi\u00f3 viral. Con la frase &#8220;TikTok, haz lo tuyo&#8221;, una joven chilena conocida como @cedeiaenea public\u00f3 una antigua fotograf\u00eda tomada durante una Navidad del a\u00f1o 2001. En la imagen, registrada en San [&hellip;]\" \/>\n<meta property=\"og:url\" content=\"https:\/\/fuentesfidedignas.com.mx\/index.php\/2025\/06\/02\/iban-a-adoptarlo-pero-desaparecio-23-anos-despues-lo-encuentran-gracias-a-tiktok\/\" \/>\n<meta property=\"og:site_name\" content=\"Fuentes Fidedignas\" \/>\n<meta property=\"article:publisher\" content=\"https:\/\/www.facebook.com\/Fuentes-Fidedignas-368234489921644\" \/>\n<meta property=\"article:published_time\" content=\"2025-06-02T12:35:00+00:00\" \/>\n<meta property=\"og:image\" content=\"https:\/\/fuentesfidedignas.com.mx\/wp-content\/uploads\/2025\/06\/adopcion.jpg\" \/>\n\t<meta property=\"og:image:width\" content=\"600\" \/>\n\t<meta property=\"og:image:height\" content=\"449\" \/>\n\t<meta property=\"og:image:type\" content=\"image\/jpeg\" \/>\n<meta name=\"author\" content=\"Exc\u00e9lsior\" \/>\n<meta name=\"twitter:card\" content=\"summary_large_image\" \/>\n<meta name=\"twitter:creator\" content=\"@fidedignas\" \/>\n<meta name=\"twitter:site\" content=\"@fidedignas\" \/>\n<meta name=\"twitter:label1\" content=\"Escrito por\" \/>\n\t<meta name=\"twitter:data1\" content=\"Exc\u00e9lsior\" \/>\n\t<meta name=\"twitter:label2\" content=\"Tiempo de lectura\" \/>\n\t<meta name=\"twitter:data2\" content=\"3 minutos\" \/>\n<script type=\"application\/ld+json\" class=\"yoast-schema-graph\">{\"@context\":\"https:\\\/\\\/schema.org\",\"@graph\":[{\"@type\":\"Article\",\"@id\":\"https:\\\/\\\/fuentesfidedignas.com.mx\\\/index.php\\\/2025\\\/06\\\/02\\\/iban-a-adoptarlo-pero-desaparecio-23-anos-despues-lo-encuentran-gracias-a-tiktok\\\/#article\",\"isPartOf\":{\"@id\":\"https:\\\/\\\/fuentesfidedignas.com.mx\\\/index.php\\\/2025\\\/06\\\/02\\\/iban-a-adoptarlo-pero-desaparecio-23-anos-despues-lo-encuentran-gracias-a-tiktok\\\/\"},\"author\":{\"name\":\"Exc\u00e9lsior\",\"@id\":\"https:\\\/\\\/fuentesfidedignas.com.mx\\\/#\\\/schema\\\/person\\\/ec4edd1fbf5efa3e44fce34fe2787780\"},\"headline\":\"Iban a adoptarlo, pero desapareci\u00f3: 23 a\u00f1os despu\u00e9s lo encuentran gracias a TikTok\",\"datePublished\":\"2025-06-02T12:35:00+00:00\",\"mainEntityOfPage\":{\"@id\":\"https:\\\/\\\/fuentesfidedignas.com.mx\\\/index.php\\\/2025\\\/06\\\/02\\\/iban-a-adoptarlo-pero-desaparecio-23-anos-despues-lo-encuentran-gracias-a-tiktok\\\/\"},\"wordCount\":477,\"commentCount\":0,\"publisher\":{\"@id\":\"https:\\\/\\\/fuentesfidedignas.com.mx\\\/#organization\"},\"image\":{\"@id\":\"https:\\\/\\\/fuentesfidedignas.com.mx\\\/index.php\\\/2025\\\/06\\\/02\\\/iban-a-adoptarlo-pero-desaparecio-23-anos-despues-lo-encuentran-gracias-a-tiktok\\\/#primaryimage\"},\"thumbnailUrl\":\"https:\\\/\\\/fuentesfidedignas.com.mx\\\/wp-content\\\/uploads\\\/2025\\\/06\\\/adopcion.jpg\",\"articleSection\":[\"LAS ASOMBROSAS\"],\"inLanguage\":\"es\",\"potentialAction\":[{\"@type\":\"CommentAction\",\"name\":\"Comment\",\"target\":[\"https:\\\/\\\/fuentesfidedignas.com.mx\\\/index.php\\\/2025\\\/06\\\/02\\\/iban-a-adoptarlo-pero-desaparecio-23-anos-despues-lo-encuentran-gracias-a-tiktok\\\/#respond\"]}]},{\"@type\":\"WebPage\",\"@id\":\"https:\\\/\\\/fuentesfidedignas.com.mx\\\/index.php\\\/2025\\\/06\\\/02\\\/iban-a-adoptarlo-pero-desaparecio-23-anos-despues-lo-encuentran-gracias-a-tiktok\\\/\",\"url\":\"https:\\\/\\\/fuentesfidedignas.com.mx\\\/index.php\\\/2025\\\/06\\\/02\\\/iban-a-adoptarlo-pero-desaparecio-23-anos-despues-lo-encuentran-gracias-a-tiktok\\\/\",\"name\":\"Iban a adoptarlo, pero desapareci\u00f3: 23 a\u00f1os despu\u00e9s lo encuentran gracias a TikTok - Fuentes Fidedignas\",\"isPartOf\":{\"@id\":\"https:\\\/\\\/fuentesfidedignas.com.mx\\\/#website\"},\"primaryImageOfPage\":{\"@id\":\"https:\\\/\\\/fuentesfidedignas.com.mx\\\/index.php\\\/2025\\\/06\\\/02\\\/iban-a-adoptarlo-pero-desaparecio-23-anos-despues-lo-encuentran-gracias-a-tiktok\\\/#primaryimage\"},\"image\":{\"@id\":\"https:\\\/\\\/fuentesfidedignas.com.mx\\\/index.php\\\/2025\\\/06\\\/02\\\/iban-a-adoptarlo-pero-desaparecio-23-anos-despues-lo-encuentran-gracias-a-tiktok\\\/#primaryimage\"},\"thumbnailUrl\":\"https:\\\/\\\/fuentesfidedignas.com.mx\\\/wp-content\\\/uploads\\\/2025\\\/06\\\/adopcion.jpg\",\"datePublished\":\"2025-06-02T12:35:00+00:00\",\"breadcrumb\":{\"@id\":\"https:\\\/\\\/fuentesfidedignas.com.mx\\\/index.php\\\/2025\\\/06\\\/02\\\/iban-a-adoptarlo-pero-desaparecio-23-anos-despues-lo-encuentran-gracias-a-tiktok\\\/#breadcrumb\"},\"inLanguage\":\"es\",\"potentialAction\":[{\"@type\":\"ReadAction\",\"target\":[\"https:\\\/\\\/fuentesfidedignas.com.mx\\\/index.php\\\/2025\\\/06\\\/02\\\/iban-a-adoptarlo-pero-desaparecio-23-anos-despues-lo-encuentran-gracias-a-tiktok\\\/\"]}]},{\"@type\":\"ImageObject\",\"inLanguage\":\"es\",\"@id\":\"https:\\\/\\\/fuentesfidedignas.com.mx\\\/index.php\\\/2025\\\/06\\\/02\\\/iban-a-adoptarlo-pero-desaparecio-23-anos-despues-lo-encuentran-gracias-a-tiktok\\\/#primaryimage\",\"url\":\"https:\\\/\\\/fuentesfidedignas.com.mx\\\/wp-content\\\/uploads\\\/2025\\\/06\\\/adopcion.jpg\",\"contentUrl\":\"https:\\\/\\\/fuentesfidedignas.com.mx\\\/wp-content\\\/uploads\\\/2025\\\/06\\\/adopcion.jpg\",\"width\":600,\"height\":449},{\"@type\":\"BreadcrumbList\",\"@id\":\"https:\\\/\\\/fuentesfidedignas.com.mx\\\/index.php\\\/2025\\\/06\\\/02\\\/iban-a-adoptarlo-pero-desaparecio-23-anos-despues-lo-encuentran-gracias-a-tiktok\\\/#breadcrumb\",\"itemListElement\":[{\"@type\":\"ListItem\",\"position\":1,\"name\":\"Inicio\",\"item\":\"https:\\\/\\\/fuentesfidedignas.com.mx\\\/\"},{\"@type\":\"ListItem\",\"position\":2,\"name\":\"Iban a adoptarlo, pero desapareci\u00f3: 23 a\u00f1os despu\u00e9s lo encuentran gracias a TikTok\"}]},{\"@type\":\"WebSite\",\"@id\":\"https:\\\/\\\/fuentesfidedignas.com.mx\\\/#website\",\"url\":\"https:\\\/\\\/fuentesfidedignas.com.mx\\\/\",\"name\":\"Fuentes Fidedignas\",\"description\":\"Otro sitio realizado con WordPress\",\"publisher\":{\"@id\":\"https:\\\/\\\/fuentesfidedignas.com.mx\\\/#organization\"},\"potentialAction\":[{\"@type\":\"SearchAction\",\"target\":{\"@type\":\"EntryPoint\",\"urlTemplate\":\"https:\\\/\\\/fuentesfidedignas.com.mx\\\/?s={search_term_string}\"},\"query-input\":{\"@type\":\"PropertyValueSpecification\",\"valueRequired\":true,\"valueName\":\"search_term_string\"}}],\"inLanguage\":\"es\"},{\"@type\":\"Organization\",\"@id\":\"https:\\\/\\\/fuentesfidedignas.com.mx\\\/#organization\",\"name\":\"Fuentes Fidedignas\",\"url\":\"https:\\\/\\\/fuentesfidedignas.com.mx\\\/\",\"logo\":{\"@type\":\"ImageObject\",\"inLanguage\":\"es\",\"@id\":\"https:\\\/\\\/fuentesfidedignas.com.mx\\\/#\\\/schema\\\/logo\\\/image\\\/\",\"url\":\"https:\\\/\\\/fuentesfidedignas.com.mx\\\/wp-content\\\/uploads\\\/2021\\\/04\\\/logo-retina.png\",\"contentUrl\":\"https:\\\/\\\/fuentesfidedignas.com.mx\\\/wp-content\\\/uploads\\\/2021\\\/04\\\/logo-retina.png\",\"width\":280,\"height\":51,\"caption\":\"Fuentes Fidedignas\"},\"image\":{\"@id\":\"https:\\\/\\\/fuentesfidedignas.com.mx\\\/#\\\/schema\\\/logo\\\/image\\\/\"},\"sameAs\":[\"https:\\\/\\\/www.facebook.com\\\/Fuentes-Fidedignas-368234489921644\",\"https:\\\/\\\/x.com\\\/fidedignas\"]},{\"@type\":\"Person\",\"@id\":\"https:\\\/\\\/fuentesfidedignas.com.mx\\\/#\\\/schema\\\/person\\\/ec4edd1fbf5efa3e44fce34fe2787780\",\"name\":\"Exc\u00e9lsior\",\"image\":{\"@type\":\"ImageObject\",\"inLanguage\":\"es\",\"@id\":\"https:\\\/\\\/secure.gravatar.com\\\/avatar\\\/4b7ee9206b48be08447852b3f0814dbc7c0f3b51541b164f1464a2725614020b?s=96&d=mm&r=g\",\"url\":\"https:\\\/\\\/secure.gravatar.com\\\/avatar\\\/4b7ee9206b48be08447852b3f0814dbc7c0f3b51541b164f1464a2725614020b?s=96&d=mm&r=g\",\"contentUrl\":\"https:\\\/\\\/secure.gravatar.com\\\/avatar\\\/4b7ee9206b48be08447852b3f0814dbc7c0f3b51541b164f1464a2725614020b?s=96&d=mm&r=g\",\"caption\":\"Exc\u00e9lsior\"},\"url\":\"https:\\\/\\\/fuentesfidedignas.com.mx\\\/index.php\\\/author\\\/excelsior\\\/\"}]}<\/script>\n<!-- \/ Yoast SEO plugin. -->","yoast_head_json":{"title":"Iban a adoptarlo, pero desapareci\u00f3: 23 a\u00f1os despu\u00e9s lo encuentran gracias a TikTok - Fuentes Fidedignas","robots":{"index":"index","follow":"follow","max-snippet":"max-snippet:-1","max-image-preview":"max-image-preview:large","max-video-preview":"max-video-preview:-1"},"canonical":"https:\/\/fuentesfidedignas.com.mx\/index.php\/2025\/06\/02\/iban-a-adoptarlo-pero-desaparecio-23-anos-despues-lo-encuentran-gracias-a-tiktok\/","og_locale":"es_MX","og_type":"article","og_title":"Iban a adoptarlo, pero desapareci\u00f3: 23 a\u00f1os despu\u00e9s lo encuentran gracias a TikTok - Fuentes Fidedignas","og_description":"Una joven chilena encontr\u00f3 al ni\u00f1o que su madre quiso adoptar en 2001 gracias a TikTok, tras publicar una foto navide\u00f1a que se volvi\u00f3 viral. Con la frase &#8220;TikTok, haz lo tuyo&#8221;, una joven chilena conocida como @cedeiaenea public\u00f3 una antigua fotograf\u00eda tomada durante una Navidad del a\u00f1o 2001. En la imagen, registrada en San [&hellip;]","og_url":"https:\/\/fuentesfidedignas.com.mx\/index.php\/2025\/06\/02\/iban-a-adoptarlo-pero-desaparecio-23-anos-despues-lo-encuentran-gracias-a-tiktok\/","og_site_name":"Fuentes Fidedignas","article_publisher":"https:\/\/www.facebook.com\/Fuentes-Fidedignas-368234489921644","article_published_time":"2025-06-02T12:35:00+00:00","og_image":[{"width":600,"height":449,"url":"https:\/\/fuentesfidedignas.com.mx\/wp-content\/uploads\/2025\/06\/adopcion.jpg","type":"image\/jpeg"}],"author":"Exc\u00e9lsior","twitter_card":"summary_large_image","twitter_creator":"@fidedignas","twitter_site":"@fidedignas","twitter_misc":{"Escrito por":"Exc\u00e9lsior","Tiempo de lectura":"3 minutos"},"schema":{"@context":"https:\/\/schema.org","@graph":[{"@type":"Article","@id":"https:\/\/fuentesfidedignas.com.mx\/index.php\/2025\/06\/02\/iban-a-adoptarlo-pero-desaparecio-23-anos-despues-lo-encuentran-gracias-a-tiktok\/#article","isPartOf":{"@id":"https:\/\/fuentesfidedignas.com.mx\/index.php\/2025\/06\/02\/iban-a-adoptarlo-pero-desaparecio-23-anos-despues-lo-encuentran-gracias-a-tiktok\/"},"author":{"name":"Exc\u00e9lsior","@id":"https:\/\/fuentesfidedignas.com.mx\/#\/schema\/person\/ec4edd1fbf5efa3e44fce34fe2787780"},"headline":"Iban a adoptarlo, pero desapareci\u00f3: 23 a\u00f1os despu\u00e9s lo encuentran gracias a TikTok","datePublished":"2025-06-02T12:35:00+00:00","mainEntityOfPage":{"@id":"https:\/\/fuentesfidedignas.com.mx\/index.php\/2025\/06\/02\/iban-a-adoptarlo-pero-desaparecio-23-anos-despues-lo-encuentran-gracias-a-tiktok\/"},"wordCount":477,"commentCount":0,"publisher":{"@id":"https:\/\/fuentesfidedignas.com.mx\/#organization"},"image":{"@id":"https:\/\/fuentesfidedignas.com.mx\/index.php\/2025\/06\/02\/iban-a-adoptarlo-pero-desaparecio-23-anos-despues-lo-encuentran-gracias-a-tiktok\/#primaryimage"},"thumbnailUrl":"https:\/\/fuentesfidedignas.com.mx\/wp-content\/uploads\/2025\/06\/adopcion.jpg","articleSection":["LAS ASOMBROSAS"],"inLanguage":"es","potentialAction":[{"@type":"CommentAction","name":"Comment","target":["https:\/\/fuentesfidedignas.com.mx\/index.php\/2025\/06\/02\/iban-a-adoptarlo-pero-desaparecio-23-anos-despues-lo-encuentran-gracias-a-tiktok\/#respond"]}]},{"@type":"WebPage","@id":"https:\/\/fuentesfidedignas.com.mx\/index.php\/2025\/06\/02\/iban-a-adoptarlo-pero-desaparecio-23-anos-despues-lo-encuentran-gracias-a-tiktok\/","url":"https:\/\/fuentesfidedignas.com.mx\/index.php\/2025\/06\/02\/iban-a-adoptarlo-pero-desaparecio-23-anos-despues-lo-encuentran-gracias-a-tiktok\/","name":"Iban a adoptarlo, pero desapareci\u00f3: 23 a\u00f1os despu\u00e9s lo encuentran gracias a TikTok - Fuentes Fidedignas","isPartOf":{"@id":"https:\/\/fuentesfidedignas.com.mx\/#website"},"primaryImageOfPage":{"@id":"https:\/\/fuentesfidedignas.com.mx\/index.php\/2025\/06\/02\/iban-a-adoptarlo-pero-desaparecio-23-anos-despues-lo-encuentran-gracias-a-tiktok\/#primaryimage"},"image":{"@id":"https:\/\/fuentesfidedignas.com.mx\/index.php\/2025\/06\/02\/iban-a-adoptarlo-pero-desaparecio-23-anos-despues-lo-encuentran-gracias-a-tiktok\/#primaryimage"},"thumbnailUrl":"https:\/\/fuentesfidedignas.com.mx\/wp-content\/uploads\/2025\/06\/adopcion.jpg","datePublished":"2025-06-02T12:35:00+00:00","breadcrumb":{"@id":"https:\/\/fuentesfidedignas.com.mx\/index.php\/2025\/06\/02\/iban-a-adoptarlo-pero-desaparecio-23-anos-despues-lo-encuentran-gracias-a-tiktok\/#breadcrumb"},"inLanguage":"es","potentialAction":[{"@type":"ReadAction","target":["https:\/\/fuentesfidedignas.com.mx\/index.php\/2025\/06\/02\/iban-a-adoptarlo-pero-desaparecio-23-anos-despues-lo-encuentran-gracias-a-tiktok\/"]}]},{"@type":"ImageObject","inLanguage":"es","@id":"https:\/\/fuentesfidedignas.com.mx\/index.php\/2025\/06\/02\/iban-a-adoptarlo-pero-desaparecio-23-anos-despues-lo-encuentran-gracias-a-tiktok\/#primaryimage","url":"https:\/\/fuentesfidedignas.com.mx\/wp-content\/uploads\/2025\/06\/adopcion.jpg","contentUrl":"https:\/\/fuentesfidedignas.com.mx\/wp-content\/uploads\/2025\/06\/adopcion.jpg","width":600,"height":449},{"@type":"BreadcrumbList","@id":"https:\/\/fuentesfidedignas.com.mx\/index.php\/2025\/06\/02\/iban-a-adoptarlo-pero-desaparecio-23-anos-despues-lo-encuentran-gracias-a-tiktok\/#breadcrumb","itemListElement":[{"@type":"ListItem","position":1,"name":"Inicio","item":"https:\/\/fuentesfidedignas.com.mx\/"},{"@type":"ListItem","position":2,"name":"Iban a adoptarlo, pero desapareci\u00f3: 23 a\u00f1os despu\u00e9s lo encuentran gracias a TikTok"}]},{"@type":"WebSite","@id":"https:\/\/fuentesfidedignas.com.mx\/#website","url":"https:\/\/fuentesfidedignas.com.mx\/","name":"Fuentes Fidedignas","description":"Otro sitio realizado con WordPress","publisher":{"@id":"https:\/\/fuentesfidedignas.com.mx\/#organization"},"potentialAction":[{"@type":"SearchAction","target":{"@type":"EntryPoint","urlTemplate":"https:\/\/fuentesfidedignas.com.mx\/?s={search_term_string}"},"query-input":{"@type":"PropertyValueSpecification","valueRequired":true,"valueName":"search_term_string"}}],"inLanguage":"es"},{"@type":"Organization","@id":"https:\/\/fuentesfidedignas.com.mx\/#organization","name":"Fuentes Fidedignas","url":"https:\/\/fuentesfidedignas.com.mx\/","logo":{"@type":"ImageObject","inLanguage":"es","@id":"https:\/\/fuentesfidedignas.com.mx\/#\/schema\/logo\/image\/","url":"https:\/\/fuentesfidedignas.com.mx\/wp-content\/uploads\/2021\/04\/logo-retina.png","contentUrl":"https:\/\/fuentesfidedignas.com.mx\/wp-content\/uploads\/2021\/04\/logo-retina.png","width":280,"height":51,"caption":"Fuentes Fidedignas"},"image":{"@id":"https:\/\/fuentesfidedignas.com.mx\/#\/schema\/logo\/image\/"},"sameAs":["https:\/\/www.facebook.com\/Fuentes-Fidedignas-368234489921644","https:\/\/x.com\/fidedignas"]},{"@type":"Person","@id":"https:\/\/fuentesfidedignas.com.mx\/#\/schema\/person\/ec4edd1fbf5efa3e44fce34fe2787780","name":"Exc\u00e9lsior","image":{"@type":"ImageObject","inLanguage":"es","@id":"https:\/\/secure.gravatar.com\/avatar\/4b7ee9206b48be08447852b3f0814dbc7c0f3b51541b164f1464a2725614020b?s=96&d=mm&r=g","url":"https:\/\/secure.gravatar.com\/avatar\/4b7ee9206b48be08447852b3f0814dbc7c0f3b51541b164f1464a2725614020b?s=96&d=mm&r=g","contentUrl":"https:\/\/secure.gravatar.com\/avatar\/4b7ee9206b48be08447852b3f0814dbc7c0f3b51541b164f1464a2725614020b?s=96&d=mm&r=g","caption":"Exc\u00e9lsior"},"url":"https:\/\/fuentesfidedignas.com.mx\/index.php\/author\/excelsior\/"}]}},"_links":{"self":[{"href":"https:\/\/fuentesfidedignas.com.mx\/index.php\/wp-json\/wp\/v2\/posts\/109688","targetHints":{"allow":["GET"]}}],"collection":[{"href":"https:\/\/fuentesfidedignas.com.mx\/index.php\/wp-json\/wp\/v2\/posts"}],"about":[{"href":"https:\/\/fuentesfidedignas.com.mx\/index.php\/wp-json\/wp\/v2\/types\/post"}],"author":[{"embeddable":true,"href":"https:\/\/fuentesfidedignas.com.mx\/index.php\/wp-json\/wp\/v2\/users\/7"}],"replies":[{"embeddable":true,"href":"https:\/\/fuentesfidedignas.com.mx\/index.php\/wp-json\/wp\/v2\/comments?post=109688"}],"version-history":[{"count":1,"href":"https:\/\/fuentesfidedignas.com.mx\/index.php\/wp-json\/wp\/v2\/posts\/109688\/revisions"}],"predecessor-version":[{"id":109690,"href":"https:\/\/fuentesfidedignas.com.mx\/index.php\/wp-json\/wp\/v2\/posts\/109688\/revisions\/109690"}],"wp:featuredmedia":[{"embeddable":true,"href":"https:\/\/fuentesfidedignas.com.mx\/index.php\/wp-json\/wp\/v2\/media\/109689"}],"wp:attachment":[{"href":"https:\/\/fuentesfidedignas.com.mx\/index.php\/wp-json\/wp\/v2\/media?parent=109688"}],"wp:term":[{"taxonomy":"category","embeddable":true,"href":"https:\/\/fuentesfidedignas.com.mx\/index.php\/wp-json\/wp\/v2\/categories?post=109688"},{"taxonomy":"post_tag","embeddable":true,"href":"https:\/\/fuentesfidedignas.com.mx\/index.php\/wp-json\/wp\/v2\/tags?post=109688"}],"curies":[{"name":"wp","href":"https:\/\/api.w.org\/{rel}","templated":true}]}}