{"id":109645,"date":"2025-06-01T12:05:36","date_gmt":"2025-06-01T19:05:36","guid":{"rendered":"https:\/\/fuentesfidedignas.com.mx\/?p=109645"},"modified":"2025-06-01T12:05:44","modified_gmt":"2025-06-01T19:05:44","slug":"smn-alerta-por-posible-formacion-del-huracan-barbara-en-el-pacifico","status":"publish","type":"post","link":"https:\/\/fuentesfidedignas.com.mx\/index.php\/2025\/06\/01\/smn-alerta-por-posible-formacion-del-huracan-barbara-en-el-pacifico\/","title":{"rendered":"SMN alerta por posible formaci\u00f3n del hurac\u00e1n B\u00e1rbara en el Pac\u00edfico"},"content":{"rendered":"\n<p><strong><em>El pron\u00f3stico se\u00f1ala que esta posible formaci\u00f3n cicl\u00f3nica se desarrollar\u00e1 frente a las costas de Oaxaca y Chiapas.<\/em><\/strong><\/p>\n\n\n\n<p>M\u00c9XICO.\u2014 El Servicio Meteorol\u00f3gico Nacional (SMN) inform\u00f3 que existe la posibilidad de que la pr\u00f3xima semana se forme una zona de baja presi\u00f3n frente a las costas del Pac\u00edfico mexicano.<\/p>\n\n\n\n<p>Esta zona podr\u00eda evolucionar en los pr\u00f3ximos d\u00edas hasta convertirse en un cicl\u00f3n tropical, y si alcanza la intensidad necesaria, ser\u00eda nombrado Hurac\u00e1n B\u00e1rbara, el segundo de la temporada de huracanes 2025.<\/p>\n\n\n\n<p>El pron\u00f3stico se\u00f1ala que esta posible formaci\u00f3n cicl\u00f3nica se desarrollar\u00e1 frente a las costas de Oaxaca y Chiapas. Ambos estados deben permanecer atentos a la evoluci\u00f3n de este sistema y seguir las indicaciones de las autoridades locales y de Protecci\u00f3n Civil.<\/p>\n\n\n\n<p>Estos fen\u00f3menos pueden traer lluvias intensas, vientos fuertes y provocar afectaciones en comunidades costeras y zonas vulnerables.<\/p>\n\n\n\n<p><strong>\u00bfQu\u00e9 probabilidad hay de que se forme el hurac\u00e1n?<\/strong><br>Hasta este 31 de mayo de 2025, el SMN inform\u00f3 que la zona de baja presi\u00f3n tiene un 40% de probabilidad de desarrollo cicl\u00f3nico en los pr\u00f3ximos 7 d\u00edas. Aunque el porcentaje no es alto, es suficiente para iniciar monitoreo y prevenci\u00f3n.<\/p>\n\n\n\n<p><strong>\u00bfQu\u00e9 hacer ante la posible formaci\u00f3n de un cicl\u00f3n?<\/strong><br>Si vives en la costa de Oaxaca o Chiapas, considera las siguientes acciones:<\/p>\n\n\n\n<ul class=\"wp-block-list\">\n<li>Mantente informado por fuentes oficiales como el SMN o Protecci\u00f3n Civil.<\/li>\n\n\n\n<li>Prepara una mochila de emergencia con documentos importantes, medicamentos, agua y alimentos.<\/li>\n\n\n\n<li>Revisa el estado de tu vivienda, sobre todo techos, ventanas y desag\u00fces.<\/li>\n\n\n\n<li>Planea rutas de evacuaci\u00f3n con tu familia si vives en una zona de riesgo.<\/li>\n<\/ul>\n\n\n\n<p>La prevenci\u00f3n puede evitar situaciones de emergencia graves.<\/p>\n\n\n\n<p><strong>\u00bfQu\u00e9 nombre llevar\u00e1 este hurac\u00e1n si se forma?<\/strong><br>De acuerdo con la lista oficial de nombres para huracanes en el Pac\u00edfico 2025, el siguiente cicl\u00f3n que se forme despu\u00e9s de Alvin ser\u00e1 nombrado B\u00e1rbara. Esta ser\u00eda la segunda tormenta nombrada de la temporada.<\/p>\n\n\n\n<p>La lista completa para el Pac\u00edfico en 2025 incluye:<\/p>\n\n\n\n<ul class=\"wp-block-list\">\n<li>Alvin<\/li>\n\n\n\n<li>B\u00e1rbara<\/li>\n\n\n\n<li>Cosme<\/li>\n\n\n\n<li>Dalila<\/li>\n\n\n\n<li>Erick<\/li>\n\n\n\n<li>Flossie<\/li>\n\n\n\n<li>Gil<\/li>\n\n\n\n<li>Henriette<\/li>\n\n\n\n<li>Ivo<\/li>\n\n\n\n<li>Juliette<\/li>\n\n\n\n<li>Kiko<\/li>\n\n\n\n<li>Lorena<\/li>\n\n\n\n<li>Mario<\/li>\n\n\n\n<li>Narda<\/li>\n\n\n\n<li>Octave<\/li>\n\n\n\n<li>Priscilla<\/li>\n\n\n\n<li>Raymond<\/li>\n\n\n\n<li>Sonia<\/li>\n\n\n\n<li>Tico<\/li>\n\n\n\n<li>Velma<\/li>\n\n\n\n<li>Wallis<\/li>\n\n\n\n<li>Tina<\/li>\n\n\n\n<li>York<\/li>\n\n\n\n<li>Zelda<\/li>\n<\/ul>\n\n\n\n<p>En caso de que el fen\u00f3meno se desplazara hacia el Atl\u00e1ntico, se usar\u00e1 otra lista distinta.<\/p>\n\n\n\n<p><strong>Lista de nombres para huracanes en el Atl\u00e1ntico 2025<\/strong><br>Aunque el actual pron\u00f3stico se concentra en el Pac\u00edfico, es \u00fatil conocer tambi\u00e9n los nombres asignados para el Atl\u00e1ntico, que son:<\/p>\n\n\n\n<ul class=\"wp-block-list\">\n<li>Andrea<\/li>\n\n\n\n<li>Barry<\/li>\n\n\n\n<li>Chantal<\/li>\n\n\n\n<li>Dexter<\/li>\n\n\n\n<li>Erin<\/li>\n\n\n\n<li>Fernand<\/li>\n\n\n\n<li>Gabrielle<\/li>\n\n\n\n<li>Humberto<\/li>\n\n\n\n<li>Imelda<\/li>\n\n\n\n<li>Jerry<\/li>\n\n\n\n<li>Karen<\/li>\n\n\n\n<li>Lorenzo<\/li>\n\n\n\n<li>Melissa<\/li>\n\n\n\n<li>N\u00e9stor<\/li>\n\n\n\n<li>Olga<\/li>\n\n\n\n<li>Pablo<\/li>\n\n\n\n<li>Rebekah<\/li>\n\n\n\n<li>Sebastien<\/li>\n\n\n\n<li>Tanya<\/li>\n\n\n\n<li>Van<\/li>\n\n\n\n<li>Wendy<\/li>\n<\/ul>\n","protected":false},"excerpt":{"rendered":"<p>El pron\u00f3stico se\u00f1ala que esta posible formaci\u00f3n cicl\u00f3nica se desarrollar\u00e1 frente a las costas de Oaxaca y Chiapas. M\u00c9XICO.\u2014 El Servicio Meteorol\u00f3gico Nacional (SMN) inform\u00f3 que existe la posibilidad de que la pr\u00f3xima semana se forme una zona de baja presi\u00f3n frente a las costas del Pac\u00edfico mexicano. Esta zona podr\u00eda evolucionar en los pr\u00f3ximos [&hellip;]<\/p>\n","protected":false},"author":40,"featured_media":109646,"comment_status":"open","ping_status":"open","sticky":false,"template":"","format":"standard","meta":{"tdm_status":"","tdm_grid_status":"","footnotes":""},"categories":[39],"tags":[],"class_list":{"0":"post-109645","1":"post","2":"type-post","3":"status-publish","4":"format-standard","5":"has-post-thumbnail","7":"category-noticias-nacionales"},"yoast_head":"<!-- This site is optimized with the Yoast SEO plugin v27.5 - https:\/\/yoast.com\/product\/yoast-seo-wordpress\/ -->\n<title>SMN alerta por posible formaci\u00f3n del hurac\u00e1n B\u00e1rbara en el Pac\u00edfico - Fuentes Fidedignas<\/title>\n<meta name=\"robots\" content=\"index, follow, max-snippet:-1, max-image-preview:large, max-video-preview:-1\" \/>\n<link rel=\"canonical\" href=\"https:\/\/fuentesfidedignas.com.mx\/index.php\/2025\/06\/01\/smn-alerta-por-posible-formacion-del-huracan-barbara-en-el-pacifico\/\" \/>\n<meta property=\"og:locale\" content=\"es_MX\" \/>\n<meta property=\"og:type\" content=\"article\" \/>\n<meta property=\"og:title\" content=\"SMN alerta por posible formaci\u00f3n del hurac\u00e1n B\u00e1rbara en el Pac\u00edfico - Fuentes Fidedignas\" \/>\n<meta property=\"og:description\" content=\"El pron\u00f3stico se\u00f1ala que esta posible formaci\u00f3n cicl\u00f3nica se desarrollar\u00e1 frente a las costas de Oaxaca y Chiapas. M\u00c9XICO.\u2014 El Servicio Meteorol\u00f3gico Nacional (SMN) inform\u00f3 que existe la posibilidad de que la pr\u00f3xima semana se forme una zona de baja presi\u00f3n frente a las costas del Pac\u00edfico mexicano. Esta zona podr\u00eda evolucionar en los pr\u00f3ximos [&hellip;]\" \/>\n<meta property=\"og:url\" content=\"https:\/\/fuentesfidedignas.com.mx\/index.php\/2025\/06\/01\/smn-alerta-por-posible-formacion-del-huracan-barbara-en-el-pacifico\/\" \/>\n<meta property=\"og:site_name\" content=\"Fuentes Fidedignas\" \/>\n<meta property=\"article:publisher\" content=\"https:\/\/www.facebook.com\/Fuentes-Fidedignas-368234489921644\" \/>\n<meta property=\"article:published_time\" content=\"2025-06-01T19:05:36+00:00\" \/>\n<meta property=\"article:modified_time\" content=\"2025-06-01T19:05:44+00:00\" \/>\n<meta property=\"og:image\" content=\"https:\/\/fuentesfidedignas.com.mx\/wp-content\/uploads\/2025\/06\/barby.jpg\" \/>\n\t<meta property=\"og:image:width\" content=\"600\" \/>\n\t<meta property=\"og:image:height\" content=\"465\" \/>\n\t<meta property=\"og:image:type\" content=\"image\/jpeg\" \/>\n<meta name=\"author\" content=\"El Imparcial\" \/>\n<meta name=\"twitter:card\" content=\"summary_large_image\" \/>\n<meta name=\"twitter:creator\" content=\"@fidedignas\" \/>\n<meta name=\"twitter:site\" content=\"@fidedignas\" \/>\n<meta name=\"twitter:label1\" content=\"Escrito por\" \/>\n\t<meta name=\"twitter:data1\" content=\"El Imparcial\" \/>\n\t<meta name=\"twitter:label2\" content=\"Tiempo de lectura\" \/>\n\t<meta name=\"twitter:data2\" content=\"3 minutos\" \/>\n<script type=\"application\/ld+json\" class=\"yoast-schema-graph\">{\"@context\":\"https:\\\/\\\/schema.org\",\"@graph\":[{\"@type\":\"Article\",\"@id\":\"https:\\\/\\\/fuentesfidedignas.com.mx\\\/index.php\\\/2025\\\/06\\\/01\\\/smn-alerta-por-posible-formacion-del-huracan-barbara-en-el-pacifico\\\/#article\",\"isPartOf\":{\"@id\":\"https:\\\/\\\/fuentesfidedignas.com.mx\\\/index.php\\\/2025\\\/06\\\/01\\\/smn-alerta-por-posible-formacion-del-huracan-barbara-en-el-pacifico\\\/\"},\"author\":{\"name\":\"El Imparcial\",\"@id\":\"https:\\\/\\\/fuentesfidedignas.com.mx\\\/#\\\/schema\\\/person\\\/ff4db17f8fd9c584e0cfc2a0c436b8a1\"},\"headline\":\"SMN alerta por posible formaci\u00f3n del hurac\u00e1n B\u00e1rbara en el Pac\u00edfico\",\"datePublished\":\"2025-06-01T19:05:36+00:00\",\"dateModified\":\"2025-06-01T19:05:44+00:00\",\"mainEntityOfPage\":{\"@id\":\"https:\\\/\\\/fuentesfidedignas.com.mx\\\/index.php\\\/2025\\\/06\\\/01\\\/smn-alerta-por-posible-formacion-del-huracan-barbara-en-el-pacifico\\\/\"},\"wordCount\":469,\"commentCount\":0,\"publisher\":{\"@id\":\"https:\\\/\\\/fuentesfidedignas.com.mx\\\/#organization\"},\"image\":{\"@id\":\"https:\\\/\\\/fuentesfidedignas.com.mx\\\/index.php\\\/2025\\\/06\\\/01\\\/smn-alerta-por-posible-formacion-del-huracan-barbara-en-el-pacifico\\\/#primaryimage\"},\"thumbnailUrl\":\"https:\\\/\\\/fuentesfidedignas.com.mx\\\/wp-content\\\/uploads\\\/2025\\\/06\\\/barby.jpg\",\"articleSection\":[\"NOTICIAS NACIONALES\"],\"inLanguage\":\"es\",\"potentialAction\":[{\"@type\":\"CommentAction\",\"name\":\"Comment\",\"target\":[\"https:\\\/\\\/fuentesfidedignas.com.mx\\\/index.php\\\/2025\\\/06\\\/01\\\/smn-alerta-por-posible-formacion-del-huracan-barbara-en-el-pacifico\\\/#respond\"]}]},{\"@type\":\"WebPage\",\"@id\":\"https:\\\/\\\/fuentesfidedignas.com.mx\\\/index.php\\\/2025\\\/06\\\/01\\\/smn-alerta-por-posible-formacion-del-huracan-barbara-en-el-pacifico\\\/\",\"url\":\"https:\\\/\\\/fuentesfidedignas.com.mx\\\/index.php\\\/2025\\\/06\\\/01\\\/smn-alerta-por-posible-formacion-del-huracan-barbara-en-el-pacifico\\\/\",\"name\":\"SMN alerta por posible formaci\u00f3n del hurac\u00e1n B\u00e1rbara en el Pac\u00edfico - Fuentes Fidedignas\",\"isPartOf\":{\"@id\":\"https:\\\/\\\/fuentesfidedignas.com.mx\\\/#website\"},\"primaryImageOfPage\":{\"@id\":\"https:\\\/\\\/fuentesfidedignas.com.mx\\\/index.php\\\/2025\\\/06\\\/01\\\/smn-alerta-por-posible-formacion-del-huracan-barbara-en-el-pacifico\\\/#primaryimage\"},\"image\":{\"@id\":\"https:\\\/\\\/fuentesfidedignas.com.mx\\\/index.php\\\/2025\\\/06\\\/01\\\/smn-alerta-por-posible-formacion-del-huracan-barbara-en-el-pacifico\\\/#primaryimage\"},\"thumbnailUrl\":\"https:\\\/\\\/fuentesfidedignas.com.mx\\\/wp-content\\\/uploads\\\/2025\\\/06\\\/barby.jpg\",\"datePublished\":\"2025-06-01T19:05:36+00:00\",\"dateModified\":\"2025-06-01T19:05:44+00:00\",\"breadcrumb\":{\"@id\":\"https:\\\/\\\/fuentesfidedignas.com.mx\\\/index.php\\\/2025\\\/06\\\/01\\\/smn-alerta-por-posible-formacion-del-huracan-barbara-en-el-pacifico\\\/#breadcrumb\"},\"inLanguage\":\"es\",\"potentialAction\":[{\"@type\":\"ReadAction\",\"target\":[\"https:\\\/\\\/fuentesfidedignas.com.mx\\\/index.php\\\/2025\\\/06\\\/01\\\/smn-alerta-por-posible-formacion-del-huracan-barbara-en-el-pacifico\\\/\"]}]},{\"@type\":\"ImageObject\",\"inLanguage\":\"es\",\"@id\":\"https:\\\/\\\/fuentesfidedignas.com.mx\\\/index.php\\\/2025\\\/06\\\/01\\\/smn-alerta-por-posible-formacion-del-huracan-barbara-en-el-pacifico\\\/#primaryimage\",\"url\":\"https:\\\/\\\/fuentesfidedignas.com.mx\\\/wp-content\\\/uploads\\\/2025\\\/06\\\/barby.jpg\",\"contentUrl\":\"https:\\\/\\\/fuentesfidedignas.com.mx\\\/wp-content\\\/uploads\\\/2025\\\/06\\\/barby.jpg\",\"width\":600,\"height\":465},{\"@type\":\"BreadcrumbList\",\"@id\":\"https:\\\/\\\/fuentesfidedignas.com.mx\\\/index.php\\\/2025\\\/06\\\/01\\\/smn-alerta-por-posible-formacion-del-huracan-barbara-en-el-pacifico\\\/#breadcrumb\",\"itemListElement\":[{\"@type\":\"ListItem\",\"position\":1,\"name\":\"Inicio\",\"item\":\"https:\\\/\\\/fuentesfidedignas.com.mx\\\/\"},{\"@type\":\"ListItem\",\"position\":2,\"name\":\"SMN alerta por posible formaci\u00f3n del hurac\u00e1n B\u00e1rbara en el Pac\u00edfico\"}]},{\"@type\":\"WebSite\",\"@id\":\"https:\\\/\\\/fuentesfidedignas.com.mx\\\/#website\",\"url\":\"https:\\\/\\\/fuentesfidedignas.com.mx\\\/\",\"name\":\"Fuentes Fidedignas\",\"description\":\"Otro sitio realizado con WordPress\",\"publisher\":{\"@id\":\"https:\\\/\\\/fuentesfidedignas.com.mx\\\/#organization\"},\"potentialAction\":[{\"@type\":\"SearchAction\",\"target\":{\"@type\":\"EntryPoint\",\"urlTemplate\":\"https:\\\/\\\/fuentesfidedignas.com.mx\\\/?s={search_term_string}\"},\"query-input\":{\"@type\":\"PropertyValueSpecification\",\"valueRequired\":true,\"valueName\":\"search_term_string\"}}],\"inLanguage\":\"es\"},{\"@type\":\"Organization\",\"@id\":\"https:\\\/\\\/fuentesfidedignas.com.mx\\\/#organization\",\"name\":\"Fuentes Fidedignas\",\"url\":\"https:\\\/\\\/fuentesfidedignas.com.mx\\\/\",\"logo\":{\"@type\":\"ImageObject\",\"inLanguage\":\"es\",\"@id\":\"https:\\\/\\\/fuentesfidedignas.com.mx\\\/#\\\/schema\\\/logo\\\/image\\\/\",\"url\":\"https:\\\/\\\/fuentesfidedignas.com.mx\\\/wp-content\\\/uploads\\\/2021\\\/04\\\/logo-retina.png\",\"contentUrl\":\"https:\\\/\\\/fuentesfidedignas.com.mx\\\/wp-content\\\/uploads\\\/2021\\\/04\\\/logo-retina.png\",\"width\":280,\"height\":51,\"caption\":\"Fuentes Fidedignas\"},\"image\":{\"@id\":\"https:\\\/\\\/fuentesfidedignas.com.mx\\\/#\\\/schema\\\/logo\\\/image\\\/\"},\"sameAs\":[\"https:\\\/\\\/www.facebook.com\\\/Fuentes-Fidedignas-368234489921644\",\"https:\\\/\\\/x.com\\\/fidedignas\"]},{\"@type\":\"Person\",\"@id\":\"https:\\\/\\\/fuentesfidedignas.com.mx\\\/#\\\/schema\\\/person\\\/ff4db17f8fd9c584e0cfc2a0c436b8a1\",\"name\":\"El Imparcial\",\"image\":{\"@type\":\"ImageObject\",\"inLanguage\":\"es\",\"@id\":\"https:\\\/\\\/secure.gravatar.com\\\/avatar\\\/accd6807585a75316c237ee783498317be6f66ab34c47c940966f26a3f613161?s=96&d=mm&r=g\",\"url\":\"https:\\\/\\\/secure.gravatar.com\\\/avatar\\\/accd6807585a75316c237ee783498317be6f66ab34c47c940966f26a3f613161?s=96&d=mm&r=g\",\"contentUrl\":\"https:\\\/\\\/secure.gravatar.com\\\/avatar\\\/accd6807585a75316c237ee783498317be6f66ab34c47c940966f26a3f613161?s=96&d=mm&r=g\",\"caption\":\"El Imparcial\"},\"url\":\"https:\\\/\\\/fuentesfidedignas.com.mx\\\/index.php\\\/author\\\/imparcial\\\/\"}]}<\/script>\n<!-- \/ Yoast SEO plugin. -->","yoast_head_json":{"title":"SMN alerta por posible formaci\u00f3n del hurac\u00e1n B\u00e1rbara en el Pac\u00edfico - Fuentes Fidedignas","robots":{"index":"index","follow":"follow","max-snippet":"max-snippet:-1","max-image-preview":"max-image-preview:large","max-video-preview":"max-video-preview:-1"},"canonical":"https:\/\/fuentesfidedignas.com.mx\/index.php\/2025\/06\/01\/smn-alerta-por-posible-formacion-del-huracan-barbara-en-el-pacifico\/","og_locale":"es_MX","og_type":"article","og_title":"SMN alerta por posible formaci\u00f3n del hurac\u00e1n B\u00e1rbara en el Pac\u00edfico - Fuentes Fidedignas","og_description":"El pron\u00f3stico se\u00f1ala que esta posible formaci\u00f3n cicl\u00f3nica se desarrollar\u00e1 frente a las costas de Oaxaca y Chiapas. M\u00c9XICO.\u2014 El Servicio Meteorol\u00f3gico Nacional (SMN) inform\u00f3 que existe la posibilidad de que la pr\u00f3xima semana se forme una zona de baja presi\u00f3n frente a las costas del Pac\u00edfico mexicano. Esta zona podr\u00eda evolucionar en los pr\u00f3ximos [&hellip;]","og_url":"https:\/\/fuentesfidedignas.com.mx\/index.php\/2025\/06\/01\/smn-alerta-por-posible-formacion-del-huracan-barbara-en-el-pacifico\/","og_site_name":"Fuentes Fidedignas","article_publisher":"https:\/\/www.facebook.com\/Fuentes-Fidedignas-368234489921644","article_published_time":"2025-06-01T19:05:36+00:00","article_modified_time":"2025-06-01T19:05:44+00:00","og_image":[{"width":600,"height":465,"url":"https:\/\/fuentesfidedignas.com.mx\/wp-content\/uploads\/2025\/06\/barby.jpg","type":"image\/jpeg"}],"author":"El Imparcial","twitter_card":"summary_large_image","twitter_creator":"@fidedignas","twitter_site":"@fidedignas","twitter_misc":{"Escrito por":"El Imparcial","Tiempo de lectura":"3 minutos"},"schema":{"@context":"https:\/\/schema.org","@graph":[{"@type":"Article","@id":"https:\/\/fuentesfidedignas.com.mx\/index.php\/2025\/06\/01\/smn-alerta-por-posible-formacion-del-huracan-barbara-en-el-pacifico\/#article","isPartOf":{"@id":"https:\/\/fuentesfidedignas.com.mx\/index.php\/2025\/06\/01\/smn-alerta-por-posible-formacion-del-huracan-barbara-en-el-pacifico\/"},"author":{"name":"El Imparcial","@id":"https:\/\/fuentesfidedignas.com.mx\/#\/schema\/person\/ff4db17f8fd9c584e0cfc2a0c436b8a1"},"headline":"SMN alerta por posible formaci\u00f3n del hurac\u00e1n B\u00e1rbara en el Pac\u00edfico","datePublished":"2025-06-01T19:05:36+00:00","dateModified":"2025-06-01T19:05:44+00:00","mainEntityOfPage":{"@id":"https:\/\/fuentesfidedignas.com.mx\/index.php\/2025\/06\/01\/smn-alerta-por-posible-formacion-del-huracan-barbara-en-el-pacifico\/"},"wordCount":469,"commentCount":0,"publisher":{"@id":"https:\/\/fuentesfidedignas.com.mx\/#organization"},"image":{"@id":"https:\/\/fuentesfidedignas.com.mx\/index.php\/2025\/06\/01\/smn-alerta-por-posible-formacion-del-huracan-barbara-en-el-pacifico\/#primaryimage"},"thumbnailUrl":"https:\/\/fuentesfidedignas.com.mx\/wp-content\/uploads\/2025\/06\/barby.jpg","articleSection":["NOTICIAS NACIONALES"],"inLanguage":"es","potentialAction":[{"@type":"CommentAction","name":"Comment","target":["https:\/\/fuentesfidedignas.com.mx\/index.php\/2025\/06\/01\/smn-alerta-por-posible-formacion-del-huracan-barbara-en-el-pacifico\/#respond"]}]},{"@type":"WebPage","@id":"https:\/\/fuentesfidedignas.com.mx\/index.php\/2025\/06\/01\/smn-alerta-por-posible-formacion-del-huracan-barbara-en-el-pacifico\/","url":"https:\/\/fuentesfidedignas.com.mx\/index.php\/2025\/06\/01\/smn-alerta-por-posible-formacion-del-huracan-barbara-en-el-pacifico\/","name":"SMN alerta por posible formaci\u00f3n del hurac\u00e1n B\u00e1rbara en el Pac\u00edfico - Fuentes Fidedignas","isPartOf":{"@id":"https:\/\/fuentesfidedignas.com.mx\/#website"},"primaryImageOfPage":{"@id":"https:\/\/fuentesfidedignas.com.mx\/index.php\/2025\/06\/01\/smn-alerta-por-posible-formacion-del-huracan-barbara-en-el-pacifico\/#primaryimage"},"image":{"@id":"https:\/\/fuentesfidedignas.com.mx\/index.php\/2025\/06\/01\/smn-alerta-por-posible-formacion-del-huracan-barbara-en-el-pacifico\/#primaryimage"},"thumbnailUrl":"https:\/\/fuentesfidedignas.com.mx\/wp-content\/uploads\/2025\/06\/barby.jpg","datePublished":"2025-06-01T19:05:36+00:00","dateModified":"2025-06-01T19:05:44+00:00","breadcrumb":{"@id":"https:\/\/fuentesfidedignas.com.mx\/index.php\/2025\/06\/01\/smn-alerta-por-posible-formacion-del-huracan-barbara-en-el-pacifico\/#breadcrumb"},"inLanguage":"es","potentialAction":[{"@type":"ReadAction","target":["https:\/\/fuentesfidedignas.com.mx\/index.php\/2025\/06\/01\/smn-alerta-por-posible-formacion-del-huracan-barbara-en-el-pacifico\/"]}]},{"@type":"ImageObject","inLanguage":"es","@id":"https:\/\/fuentesfidedignas.com.mx\/index.php\/2025\/06\/01\/smn-alerta-por-posible-formacion-del-huracan-barbara-en-el-pacifico\/#primaryimage","url":"https:\/\/fuentesfidedignas.com.mx\/wp-content\/uploads\/2025\/06\/barby.jpg","contentUrl":"https:\/\/fuentesfidedignas.com.mx\/wp-content\/uploads\/2025\/06\/barby.jpg","width":600,"height":465},{"@type":"BreadcrumbList","@id":"https:\/\/fuentesfidedignas.com.mx\/index.php\/2025\/06\/01\/smn-alerta-por-posible-formacion-del-huracan-barbara-en-el-pacifico\/#breadcrumb","itemListElement":[{"@type":"ListItem","position":1,"name":"Inicio","item":"https:\/\/fuentesfidedignas.com.mx\/"},{"@type":"ListItem","position":2,"name":"SMN alerta por posible formaci\u00f3n del hurac\u00e1n B\u00e1rbara en el Pac\u00edfico"}]},{"@type":"WebSite","@id":"https:\/\/fuentesfidedignas.com.mx\/#website","url":"https:\/\/fuentesfidedignas.com.mx\/","name":"Fuentes Fidedignas","description":"Otro sitio realizado con WordPress","publisher":{"@id":"https:\/\/fuentesfidedignas.com.mx\/#organization"},"potentialAction":[{"@type":"SearchAction","target":{"@type":"EntryPoint","urlTemplate":"https:\/\/fuentesfidedignas.com.mx\/?s={search_term_string}"},"query-input":{"@type":"PropertyValueSpecification","valueRequired":true,"valueName":"search_term_string"}}],"inLanguage":"es"},{"@type":"Organization","@id":"https:\/\/fuentesfidedignas.com.mx\/#organization","name":"Fuentes Fidedignas","url":"https:\/\/fuentesfidedignas.com.mx\/","logo":{"@type":"ImageObject","inLanguage":"es","@id":"https:\/\/fuentesfidedignas.com.mx\/#\/schema\/logo\/image\/","url":"https:\/\/fuentesfidedignas.com.mx\/wp-content\/uploads\/2021\/04\/logo-retina.png","contentUrl":"https:\/\/fuentesfidedignas.com.mx\/wp-content\/uploads\/2021\/04\/logo-retina.png","width":280,"height":51,"caption":"Fuentes Fidedignas"},"image":{"@id":"https:\/\/fuentesfidedignas.com.mx\/#\/schema\/logo\/image\/"},"sameAs":["https:\/\/www.facebook.com\/Fuentes-Fidedignas-368234489921644","https:\/\/x.com\/fidedignas"]},{"@type":"Person","@id":"https:\/\/fuentesfidedignas.com.mx\/#\/schema\/person\/ff4db17f8fd9c584e0cfc2a0c436b8a1","name":"El Imparcial","image":{"@type":"ImageObject","inLanguage":"es","@id":"https:\/\/secure.gravatar.com\/avatar\/accd6807585a75316c237ee783498317be6f66ab34c47c940966f26a3f613161?s=96&d=mm&r=g","url":"https:\/\/secure.gravatar.com\/avatar\/accd6807585a75316c237ee783498317be6f66ab34c47c940966f26a3f613161?s=96&d=mm&r=g","contentUrl":"https:\/\/secure.gravatar.com\/avatar\/accd6807585a75316c237ee783498317be6f66ab34c47c940966f26a3f613161?s=96&d=mm&r=g","caption":"El Imparcial"},"url":"https:\/\/fuentesfidedignas.com.mx\/index.php\/author\/imparcial\/"}]}},"_links":{"self":[{"href":"https:\/\/fuentesfidedignas.com.mx\/index.php\/wp-json\/wp\/v2\/posts\/109645","targetHints":{"allow":["GET"]}}],"collection":[{"href":"https:\/\/fuentesfidedignas.com.mx\/index.php\/wp-json\/wp\/v2\/posts"}],"about":[{"href":"https:\/\/fuentesfidedignas.com.mx\/index.php\/wp-json\/wp\/v2\/types\/post"}],"author":[{"embeddable":true,"href":"https:\/\/fuentesfidedignas.com.mx\/index.php\/wp-json\/wp\/v2\/users\/40"}],"replies":[{"embeddable":true,"href":"https:\/\/fuentesfidedignas.com.mx\/index.php\/wp-json\/wp\/v2\/comments?post=109645"}],"version-history":[{"count":1,"href":"https:\/\/fuentesfidedignas.com.mx\/index.php\/wp-json\/wp\/v2\/posts\/109645\/revisions"}],"predecessor-version":[{"id":109647,"href":"https:\/\/fuentesfidedignas.com.mx\/index.php\/wp-json\/wp\/v2\/posts\/109645\/revisions\/109647"}],"wp:featuredmedia":[{"embeddable":true,"href":"https:\/\/fuentesfidedignas.com.mx\/index.php\/wp-json\/wp\/v2\/media\/109646"}],"wp:attachment":[{"href":"https:\/\/fuentesfidedignas.com.mx\/index.php\/wp-json\/wp\/v2\/media?parent=109645"}],"wp:term":[{"taxonomy":"category","embeddable":true,"href":"https:\/\/fuentesfidedignas.com.mx\/index.php\/wp-json\/wp\/v2\/categories?post=109645"},{"taxonomy":"post_tag","embeddable":true,"href":"https:\/\/fuentesfidedignas.com.mx\/index.php\/wp-json\/wp\/v2\/tags?post=109645"}],"curies":[{"name":"wp","href":"https:\/\/api.w.org\/{rel}","templated":true}]}}