{"id":109600,"date":"2025-05-31T15:43:36","date_gmt":"2025-05-31T22:43:36","guid":{"rendered":"https:\/\/fuentesfidedignas.com.mx\/?p=109600"},"modified":"2025-05-31T15:43:36","modified_gmt":"2025-05-31T22:43:36","slug":"psg-vence-al-inter-y-se-corona-en-la-champions-league","status":"publish","type":"post","link":"https:\/\/fuentesfidedignas.com.mx\/index.php\/2025\/05\/31\/psg-vence-al-inter-y-se-corona-en-la-champions-league\/","title":{"rendered":"PSG vence al Inter y se corona en la Champions League"},"content":{"rendered":"\n<p><\/p>\n\n\n\n<p><strong><em>En M\u00fanich, el PSG domin\u00f3 de principio a fin este s\u00e1bado al Inter de Mil\u00e1n para coronarse en la UEFA Champions League<\/em><\/strong><\/p>\n\n\n\n<p>El&nbsp;<strong>PSG<\/strong>&nbsp;se coron\u00f3 este s\u00e1bado nuevo campe\u00f3n de la&nbsp;<strong>UEFA Champions League<\/strong>., al imponerse por marcador de 5-0 al&nbsp;<strong>Inter de Mil\u00e1n<\/strong>&nbsp;en M\u00fanich.<\/p>\n\n\n\n<p>El t\u00e9cnico espa\u00f1ol Luis Enrique hizo historia este s\u00e1bado en M\u00fanich. Bord\u00f3 la primera Champions del PSG y complet\u00f3 el primer triplete del f\u00fatbol franc\u00e9s, el segundo de su carrera, tras destrozar al Inter de Mil\u00e1n con una exhibici\u00f3n sin precedentes en el Allianz Arena y con un equipo que molde\u00f3 a su antojo, que esculpi\u00f3 hasta erigirlo como el rey de Europa en una temporada para el recuerdo.<\/p>\n\n\n\n<p>Al ritmo de \u2018ol\u00e9s\u2019 termin\u00f3 el PSG. Y no es para menos. Nunca en la historia en una final de Liga de Campeones o de Copa de Europa hubo una diferencia de 5 goles. Gigante la gesta de Luis Enrique, que consigui\u00f3 lo que el PSG no pudo con Messi, Neymar o Mbappe. Nuevo rey de Europa. Arquitecto de un equipo temible, l\u00edder de un atropello sin precedentes en un partido de este nivel. Directo al Olimpo de la Liga de Campeones este PSG en su primer triunfo.<\/p>\n\n\n\n<p>Lejos quedan ya esos primeros meses de incertidumbre que a punto estuvieron de dejar fuera al PSG de esta competici\u00f3n. Es como si no hubieran existido, como si no se correspondieran con el equipo que obr\u00f3 el partido perfecto en el Allianz Arena, que despoj\u00f3 de toda personalidad al Inter para golear en una final cuyo resultado pudo ser hasta corto por su apabullante dominio.<\/p>\n\n\n\n<p>Anul\u00f3 por completo Luis Enrique a Simone Inzaghi. Fue un ba\u00f1o t\u00e1ctico del espa\u00f1ol al italiano, desquiciado en la banda ante la superioridad del PSG. Porque pocas veces los \u2018nerazuzrri\u2019 se toparon con un domino tan evidente. Persiguieron sombras. Defendieron encerrados. No pudieron salir a la contra.<\/p>\n\n\n\n<p>Fue un completo ba\u00f1o parisino. Vitinha, Fabi\u00e1n y Joao Neves jugaron al escondite, al pilla-pilla en algunos casos, con un centro del campo tan maduro como el del Inter. William Pacho fue un muro con Lautaro. Marquinhos un l\u00edder contra Thuram. Hakimi un llegador. \u2018Kvara\u2019 una pesadilla en banda. Dembel\u00e9 un alma libre que destroz\u00f3 los planes defensivos italianos, candidato claro al Bal\u00f3n de Oro. Y Doue, el ejecutor.<\/p>\n\n\n\n<p>Tard\u00f3 poco el franc\u00e9s de 19 a\u00f1os en romper el partido. En realidad lo hizo Vitinha con un pase filtrado a la altura de unos elegidos. Pero la sangre fr\u00eda que tuvo el franc\u00e9s, protagonista de un partido de \u00e9poca, ganador del MVP, poseedor de una madurez excesiva para alguien de su edad, sirvi\u00f3 para que Hakimi abriera el marcador a puerta vac\u00eda. Lo hizo en la meta donde anim\u00f3 la afici\u00f3n del Inter. All\u00ed gan\u00f3 un \u2018Scudetto\u2019. Pidi\u00f3 perd\u00f3n.<\/p>\n\n\n\n<p>Fue el primer gol por el lado de un Dimarco que qued\u00f3 se\u00f1alado. Fue el punto d\u00e9bil del Inter y, sumado a la locura de Doue, acab\u00f3 derrotado. Ocho minutos pasaron hasta que volvi\u00f3 a ser protagonista el galo. Culmin\u00f3 una contra casi \u2018made in Inter\u2019. Desde la l\u00ednea de fondo propia empez\u00f3 el ataque rel\u00e1mpago, una contra perfecta.<\/p>\n\n\n\n<p>\u2018Kvara\u2019 cedi\u00f3 en profundidad a Dembel\u00e9, que veloz vio la llegada de Doue. Cambi\u00f3 el lado del ataque y el protagonista del partido, al menos uno de ellos, dispar\u00f3 para recibir el favor de Dimarco, cuyo ligero toque acab\u00f3 por batir a Sommer.<\/p>\n\n\n\n<p>El PSG ya era campe\u00f3n. Por mucho que el Inter intentara reaccionar a bal\u00f3n parado, con dos cabezazos de Thuram y Acerbi. Estaba sobre la lona el equipo italiano. Y no le dejaron levantarse. Porque justo cuando parec\u00eda que pod\u00eda intentar un amago de remontada, nada m\u00e1s empezar el segundo acto, se encontr\u00f3 con la sentencia.<\/p>\n\n\n\n<p>A cargo de un Doue desatado, rematador en una jugada con sello de autor. Tac\u00f3n de Dembel\u00e9 para liberar la presi\u00f3n en el centro del campo. Asistencia de Vitinha. Y definici\u00f3n perfecta del extremo, asentado ya como una realidad.<\/p>\n\n\n\n<p>Era ya una locura de final. Un ba\u00f1o de proporciones b\u00edblicas. Un partido para la historia. Un t\u00edtulo que ten\u00eda due\u00f1o desde el minuto 20 pero que el PSG empez\u00f3 a celebrar en el 63, con el tercer gol, desatado por la ovaci\u00f3n que recibi\u00f3 Doue al ser cambiado justo despu\u00e9s del tanto.<\/p>\n\n\n\n<p>Pero no se qued\u00f3 satisfecho el combinado parisino. Quiso que su primera Champions League quedara en el recuerdo de la historia del f\u00fatbol. Y de eso se encarg\u00f3 \u2018Kvara\u2019, que ten\u00eda un papel especial en este partido por su N\u00e1poles, campe\u00f3n de un&nbsp;<em>Scudetto<\/em>&nbsp;que arrebat\u00f3 al Inter. El georgiano, con la en\u00e9sima exhibici\u00f3n de su corta carrera, firm\u00f3 el cuarto sin miramientos, como un regalo a todos los napolitanos.<\/p>\n\n\n\n<p>No fue, ni siquiera, el colof\u00f3n final, encargado para Mayulu en el minuto 87, autor de un gol que desat\u00f3 la fiesta en Par\u00eds. El PSG, campe\u00f3n de Europa. Merecido ganador de su primera \u2018Champions\u2019. Y Luis Enrique, autor de una gesta de dimensiones gigantes.<\/p>\n","protected":false},"excerpt":{"rendered":"<p>En M\u00fanich, el PSG domin\u00f3 de principio a fin este s\u00e1bado al Inter de Mil\u00e1n para coronarse en la UEFA Champions League El&nbsp;PSG&nbsp;se coron\u00f3 este s\u00e1bado nuevo campe\u00f3n de la&nbsp;UEFA Champions League., al imponerse por marcador de 5-0 al&nbsp;Inter de Mil\u00e1n&nbsp;en M\u00fanich. El t\u00e9cnico espa\u00f1ol Luis Enrique hizo historia este s\u00e1bado en M\u00fanich. Bord\u00f3 la [&hellip;]<\/p>\n","protected":false},"author":22,"featured_media":109599,"comment_status":"closed","ping_status":"open","sticky":false,"template":"","format":"standard","meta":{"tdm_status":"","tdm_grid_status":"","footnotes":""},"categories":[39],"tags":[],"class_list":{"0":"post-109600","1":"post","2":"type-post","3":"status-publish","4":"format-standard","5":"has-post-thumbnail","7":"category-noticias-nacionales"},"yoast_head":"<!-- This site is optimized with the Yoast SEO plugin v27.5 - https:\/\/yoast.com\/product\/yoast-seo-wordpress\/ -->\n<title>PSG vence al Inter y se corona en la Champions League - Fuentes Fidedignas<\/title>\n<meta name=\"robots\" content=\"index, follow, max-snippet:-1, max-image-preview:large, max-video-preview:-1\" \/>\n<link rel=\"canonical\" href=\"https:\/\/fuentesfidedignas.com.mx\/index.php\/2025\/05\/31\/psg-vence-al-inter-y-se-corona-en-la-champions-league\/\" \/>\n<meta property=\"og:locale\" content=\"es_MX\" \/>\n<meta property=\"og:type\" content=\"article\" \/>\n<meta property=\"og:title\" content=\"PSG vence al Inter y se corona en la Champions League - Fuentes Fidedignas\" \/>\n<meta property=\"og:description\" content=\"En M\u00fanich, el PSG domin\u00f3 de principio a fin este s\u00e1bado al Inter de Mil\u00e1n para coronarse en la UEFA Champions League El&nbsp;PSG&nbsp;se coron\u00f3 este s\u00e1bado nuevo campe\u00f3n de la&nbsp;UEFA Champions League., al imponerse por marcador de 5-0 al&nbsp;Inter de Mil\u00e1n&nbsp;en M\u00fanich. El t\u00e9cnico espa\u00f1ol Luis Enrique hizo historia este s\u00e1bado en M\u00fanich. Bord\u00f3 la [&hellip;]\" \/>\n<meta property=\"og:url\" content=\"https:\/\/fuentesfidedignas.com.mx\/index.php\/2025\/05\/31\/psg-vence-al-inter-y-se-corona-en-la-champions-league\/\" \/>\n<meta property=\"og:site_name\" content=\"Fuentes Fidedignas\" \/>\n<meta property=\"article:publisher\" content=\"https:\/\/www.facebook.com\/Fuentes-Fidedignas-368234489921644\" \/>\n<meta property=\"article:published_time\" content=\"2025-05-31T22:43:36+00:00\" \/>\n<meta property=\"og:image\" content=\"https:\/\/fuentesfidedignas.com.mx\/wp-content\/uploads\/2025\/05\/img_5140-1.jpg\" \/>\n\t<meta property=\"og:image:width\" content=\"1536\" \/>\n\t<meta property=\"og:image:height\" content=\"1049\" \/>\n\t<meta property=\"og:image:type\" content=\"image\/jpeg\" \/>\n<meta name=\"author\" content=\"EFE\" \/>\n<meta name=\"twitter:card\" content=\"summary_large_image\" \/>\n<meta name=\"twitter:creator\" content=\"@fidedignas\" \/>\n<meta name=\"twitter:site\" content=\"@fidedignas\" \/>\n<meta name=\"twitter:label1\" content=\"Escrito por\" \/>\n\t<meta name=\"twitter:data1\" content=\"EFE\" \/>\n\t<meta name=\"twitter:label2\" content=\"Tiempo de lectura\" \/>\n\t<meta name=\"twitter:data2\" content=\"4 minutos\" \/>\n<script type=\"application\/ld+json\" class=\"yoast-schema-graph\">{\"@context\":\"https:\\\/\\\/schema.org\",\"@graph\":[{\"@type\":\"Article\",\"@id\":\"https:\\\/\\\/fuentesfidedignas.com.mx\\\/index.php\\\/2025\\\/05\\\/31\\\/psg-vence-al-inter-y-se-corona-en-la-champions-league\\\/#article\",\"isPartOf\":{\"@id\":\"https:\\\/\\\/fuentesfidedignas.com.mx\\\/index.php\\\/2025\\\/05\\\/31\\\/psg-vence-al-inter-y-se-corona-en-la-champions-league\\\/\"},\"author\":{\"name\":\"EFE\",\"@id\":\"https:\\\/\\\/fuentesfidedignas.com.mx\\\/#\\\/schema\\\/person\\\/0d44615087b5a626d5d3f13afe31ac41\"},\"headline\":\"PSG vence al Inter y se corona en la Champions League\",\"datePublished\":\"2025-05-31T22:43:36+00:00\",\"mainEntityOfPage\":{\"@id\":\"https:\\\/\\\/fuentesfidedignas.com.mx\\\/index.php\\\/2025\\\/05\\\/31\\\/psg-vence-al-inter-y-se-corona-en-la-champions-league\\\/\"},\"wordCount\":903,\"publisher\":{\"@id\":\"https:\\\/\\\/fuentesfidedignas.com.mx\\\/#organization\"},\"image\":{\"@id\":\"https:\\\/\\\/fuentesfidedignas.com.mx\\\/index.php\\\/2025\\\/05\\\/31\\\/psg-vence-al-inter-y-se-corona-en-la-champions-league\\\/#primaryimage\"},\"thumbnailUrl\":\"https:\\\/\\\/fuentesfidedignas.com.mx\\\/wp-content\\\/uploads\\\/2025\\\/05\\\/img_5140-1.jpg\",\"articleSection\":[\"NOTICIAS NACIONALES\"],\"inLanguage\":\"es\"},{\"@type\":\"WebPage\",\"@id\":\"https:\\\/\\\/fuentesfidedignas.com.mx\\\/index.php\\\/2025\\\/05\\\/31\\\/psg-vence-al-inter-y-se-corona-en-la-champions-league\\\/\",\"url\":\"https:\\\/\\\/fuentesfidedignas.com.mx\\\/index.php\\\/2025\\\/05\\\/31\\\/psg-vence-al-inter-y-se-corona-en-la-champions-league\\\/\",\"name\":\"PSG vence al Inter y se corona en la Champions League - Fuentes Fidedignas\",\"isPartOf\":{\"@id\":\"https:\\\/\\\/fuentesfidedignas.com.mx\\\/#website\"},\"primaryImageOfPage\":{\"@id\":\"https:\\\/\\\/fuentesfidedignas.com.mx\\\/index.php\\\/2025\\\/05\\\/31\\\/psg-vence-al-inter-y-se-corona-en-la-champions-league\\\/#primaryimage\"},\"image\":{\"@id\":\"https:\\\/\\\/fuentesfidedignas.com.mx\\\/index.php\\\/2025\\\/05\\\/31\\\/psg-vence-al-inter-y-se-corona-en-la-champions-league\\\/#primaryimage\"},\"thumbnailUrl\":\"https:\\\/\\\/fuentesfidedignas.com.mx\\\/wp-content\\\/uploads\\\/2025\\\/05\\\/img_5140-1.jpg\",\"datePublished\":\"2025-05-31T22:43:36+00:00\",\"breadcrumb\":{\"@id\":\"https:\\\/\\\/fuentesfidedignas.com.mx\\\/index.php\\\/2025\\\/05\\\/31\\\/psg-vence-al-inter-y-se-corona-en-la-champions-league\\\/#breadcrumb\"},\"inLanguage\":\"es\",\"potentialAction\":[{\"@type\":\"ReadAction\",\"target\":[\"https:\\\/\\\/fuentesfidedignas.com.mx\\\/index.php\\\/2025\\\/05\\\/31\\\/psg-vence-al-inter-y-se-corona-en-la-champions-league\\\/\"]}]},{\"@type\":\"ImageObject\",\"inLanguage\":\"es\",\"@id\":\"https:\\\/\\\/fuentesfidedignas.com.mx\\\/index.php\\\/2025\\\/05\\\/31\\\/psg-vence-al-inter-y-se-corona-en-la-champions-league\\\/#primaryimage\",\"url\":\"https:\\\/\\\/fuentesfidedignas.com.mx\\\/wp-content\\\/uploads\\\/2025\\\/05\\\/img_5140-1.jpg\",\"contentUrl\":\"https:\\\/\\\/fuentesfidedignas.com.mx\\\/wp-content\\\/uploads\\\/2025\\\/05\\\/img_5140-1.jpg\",\"width\":1536,\"height\":1049},{\"@type\":\"BreadcrumbList\",\"@id\":\"https:\\\/\\\/fuentesfidedignas.com.mx\\\/index.php\\\/2025\\\/05\\\/31\\\/psg-vence-al-inter-y-se-corona-en-la-champions-league\\\/#breadcrumb\",\"itemListElement\":[{\"@type\":\"ListItem\",\"position\":1,\"name\":\"Inicio\",\"item\":\"https:\\\/\\\/fuentesfidedignas.com.mx\\\/\"},{\"@type\":\"ListItem\",\"position\":2,\"name\":\"PSG vence al Inter y se corona en la Champions League\"}]},{\"@type\":\"WebSite\",\"@id\":\"https:\\\/\\\/fuentesfidedignas.com.mx\\\/#website\",\"url\":\"https:\\\/\\\/fuentesfidedignas.com.mx\\\/\",\"name\":\"Fuentes Fidedignas\",\"description\":\"Otro sitio realizado con WordPress\",\"publisher\":{\"@id\":\"https:\\\/\\\/fuentesfidedignas.com.mx\\\/#organization\"},\"potentialAction\":[{\"@type\":\"SearchAction\",\"target\":{\"@type\":\"EntryPoint\",\"urlTemplate\":\"https:\\\/\\\/fuentesfidedignas.com.mx\\\/?s={search_term_string}\"},\"query-input\":{\"@type\":\"PropertyValueSpecification\",\"valueRequired\":true,\"valueName\":\"search_term_string\"}}],\"inLanguage\":\"es\"},{\"@type\":\"Organization\",\"@id\":\"https:\\\/\\\/fuentesfidedignas.com.mx\\\/#organization\",\"name\":\"Fuentes Fidedignas\",\"url\":\"https:\\\/\\\/fuentesfidedignas.com.mx\\\/\",\"logo\":{\"@type\":\"ImageObject\",\"inLanguage\":\"es\",\"@id\":\"https:\\\/\\\/fuentesfidedignas.com.mx\\\/#\\\/schema\\\/logo\\\/image\\\/\",\"url\":\"https:\\\/\\\/fuentesfidedignas.com.mx\\\/wp-content\\\/uploads\\\/2021\\\/04\\\/logo-retina.png\",\"contentUrl\":\"https:\\\/\\\/fuentesfidedignas.com.mx\\\/wp-content\\\/uploads\\\/2021\\\/04\\\/logo-retina.png\",\"width\":280,\"height\":51,\"caption\":\"Fuentes Fidedignas\"},\"image\":{\"@id\":\"https:\\\/\\\/fuentesfidedignas.com.mx\\\/#\\\/schema\\\/logo\\\/image\\\/\"},\"sameAs\":[\"https:\\\/\\\/www.facebook.com\\\/Fuentes-Fidedignas-368234489921644\",\"https:\\\/\\\/x.com\\\/fidedignas\"]},{\"@type\":\"Person\",\"@id\":\"https:\\\/\\\/fuentesfidedignas.com.mx\\\/#\\\/schema\\\/person\\\/0d44615087b5a626d5d3f13afe31ac41\",\"name\":\"EFE\",\"image\":{\"@type\":\"ImageObject\",\"inLanguage\":\"es\",\"@id\":\"https:\\\/\\\/secure.gravatar.com\\\/avatar\\\/7048c2d9b569d9bed55bb53ad23821e6e047aa66338fb6ea9868627bbb9f54e8?s=96&d=mm&r=g\",\"url\":\"https:\\\/\\\/secure.gravatar.com\\\/avatar\\\/7048c2d9b569d9bed55bb53ad23821e6e047aa66338fb6ea9868627bbb9f54e8?s=96&d=mm&r=g\",\"contentUrl\":\"https:\\\/\\\/secure.gravatar.com\\\/avatar\\\/7048c2d9b569d9bed55bb53ad23821e6e047aa66338fb6ea9868627bbb9f54e8?s=96&d=mm&r=g\",\"caption\":\"EFE\"},\"url\":\"https:\\\/\\\/fuentesfidedignas.com.mx\\\/index.php\\\/author\\\/efe\\\/\"}]}<\/script>\n<!-- \/ Yoast SEO plugin. -->","yoast_head_json":{"title":"PSG vence al Inter y se corona en la Champions League - Fuentes Fidedignas","robots":{"index":"index","follow":"follow","max-snippet":"max-snippet:-1","max-image-preview":"max-image-preview:large","max-video-preview":"max-video-preview:-1"},"canonical":"https:\/\/fuentesfidedignas.com.mx\/index.php\/2025\/05\/31\/psg-vence-al-inter-y-se-corona-en-la-champions-league\/","og_locale":"es_MX","og_type":"article","og_title":"PSG vence al Inter y se corona en la Champions League - Fuentes Fidedignas","og_description":"En M\u00fanich, el PSG domin\u00f3 de principio a fin este s\u00e1bado al Inter de Mil\u00e1n para coronarse en la UEFA Champions League El&nbsp;PSG&nbsp;se coron\u00f3 este s\u00e1bado nuevo campe\u00f3n de la&nbsp;UEFA Champions League., al imponerse por marcador de 5-0 al&nbsp;Inter de Mil\u00e1n&nbsp;en M\u00fanich. El t\u00e9cnico espa\u00f1ol Luis Enrique hizo historia este s\u00e1bado en M\u00fanich. Bord\u00f3 la [&hellip;]","og_url":"https:\/\/fuentesfidedignas.com.mx\/index.php\/2025\/05\/31\/psg-vence-al-inter-y-se-corona-en-la-champions-league\/","og_site_name":"Fuentes Fidedignas","article_publisher":"https:\/\/www.facebook.com\/Fuentes-Fidedignas-368234489921644","article_published_time":"2025-05-31T22:43:36+00:00","og_image":[{"width":1536,"height":1049,"url":"https:\/\/fuentesfidedignas.com.mx\/wp-content\/uploads\/2025\/05\/img_5140-1.jpg","type":"image\/jpeg"}],"author":"EFE","twitter_card":"summary_large_image","twitter_creator":"@fidedignas","twitter_site":"@fidedignas","twitter_misc":{"Escrito por":"EFE","Tiempo de lectura":"4 minutos"},"schema":{"@context":"https:\/\/schema.org","@graph":[{"@type":"Article","@id":"https:\/\/fuentesfidedignas.com.mx\/index.php\/2025\/05\/31\/psg-vence-al-inter-y-se-corona-en-la-champions-league\/#article","isPartOf":{"@id":"https:\/\/fuentesfidedignas.com.mx\/index.php\/2025\/05\/31\/psg-vence-al-inter-y-se-corona-en-la-champions-league\/"},"author":{"name":"EFE","@id":"https:\/\/fuentesfidedignas.com.mx\/#\/schema\/person\/0d44615087b5a626d5d3f13afe31ac41"},"headline":"PSG vence al Inter y se corona en la Champions League","datePublished":"2025-05-31T22:43:36+00:00","mainEntityOfPage":{"@id":"https:\/\/fuentesfidedignas.com.mx\/index.php\/2025\/05\/31\/psg-vence-al-inter-y-se-corona-en-la-champions-league\/"},"wordCount":903,"publisher":{"@id":"https:\/\/fuentesfidedignas.com.mx\/#organization"},"image":{"@id":"https:\/\/fuentesfidedignas.com.mx\/index.php\/2025\/05\/31\/psg-vence-al-inter-y-se-corona-en-la-champions-league\/#primaryimage"},"thumbnailUrl":"https:\/\/fuentesfidedignas.com.mx\/wp-content\/uploads\/2025\/05\/img_5140-1.jpg","articleSection":["NOTICIAS NACIONALES"],"inLanguage":"es"},{"@type":"WebPage","@id":"https:\/\/fuentesfidedignas.com.mx\/index.php\/2025\/05\/31\/psg-vence-al-inter-y-se-corona-en-la-champions-league\/","url":"https:\/\/fuentesfidedignas.com.mx\/index.php\/2025\/05\/31\/psg-vence-al-inter-y-se-corona-en-la-champions-league\/","name":"PSG vence al Inter y se corona en la Champions League - Fuentes Fidedignas","isPartOf":{"@id":"https:\/\/fuentesfidedignas.com.mx\/#website"},"primaryImageOfPage":{"@id":"https:\/\/fuentesfidedignas.com.mx\/index.php\/2025\/05\/31\/psg-vence-al-inter-y-se-corona-en-la-champions-league\/#primaryimage"},"image":{"@id":"https:\/\/fuentesfidedignas.com.mx\/index.php\/2025\/05\/31\/psg-vence-al-inter-y-se-corona-en-la-champions-league\/#primaryimage"},"thumbnailUrl":"https:\/\/fuentesfidedignas.com.mx\/wp-content\/uploads\/2025\/05\/img_5140-1.jpg","datePublished":"2025-05-31T22:43:36+00:00","breadcrumb":{"@id":"https:\/\/fuentesfidedignas.com.mx\/index.php\/2025\/05\/31\/psg-vence-al-inter-y-se-corona-en-la-champions-league\/#breadcrumb"},"inLanguage":"es","potentialAction":[{"@type":"ReadAction","target":["https:\/\/fuentesfidedignas.com.mx\/index.php\/2025\/05\/31\/psg-vence-al-inter-y-se-corona-en-la-champions-league\/"]}]},{"@type":"ImageObject","inLanguage":"es","@id":"https:\/\/fuentesfidedignas.com.mx\/index.php\/2025\/05\/31\/psg-vence-al-inter-y-se-corona-en-la-champions-league\/#primaryimage","url":"https:\/\/fuentesfidedignas.com.mx\/wp-content\/uploads\/2025\/05\/img_5140-1.jpg","contentUrl":"https:\/\/fuentesfidedignas.com.mx\/wp-content\/uploads\/2025\/05\/img_5140-1.jpg","width":1536,"height":1049},{"@type":"BreadcrumbList","@id":"https:\/\/fuentesfidedignas.com.mx\/index.php\/2025\/05\/31\/psg-vence-al-inter-y-se-corona-en-la-champions-league\/#breadcrumb","itemListElement":[{"@type":"ListItem","position":1,"name":"Inicio","item":"https:\/\/fuentesfidedignas.com.mx\/"},{"@type":"ListItem","position":2,"name":"PSG vence al Inter y se corona en la Champions League"}]},{"@type":"WebSite","@id":"https:\/\/fuentesfidedignas.com.mx\/#website","url":"https:\/\/fuentesfidedignas.com.mx\/","name":"Fuentes Fidedignas","description":"Otro sitio realizado con WordPress","publisher":{"@id":"https:\/\/fuentesfidedignas.com.mx\/#organization"},"potentialAction":[{"@type":"SearchAction","target":{"@type":"EntryPoint","urlTemplate":"https:\/\/fuentesfidedignas.com.mx\/?s={search_term_string}"},"query-input":{"@type":"PropertyValueSpecification","valueRequired":true,"valueName":"search_term_string"}}],"inLanguage":"es"},{"@type":"Organization","@id":"https:\/\/fuentesfidedignas.com.mx\/#organization","name":"Fuentes Fidedignas","url":"https:\/\/fuentesfidedignas.com.mx\/","logo":{"@type":"ImageObject","inLanguage":"es","@id":"https:\/\/fuentesfidedignas.com.mx\/#\/schema\/logo\/image\/","url":"https:\/\/fuentesfidedignas.com.mx\/wp-content\/uploads\/2021\/04\/logo-retina.png","contentUrl":"https:\/\/fuentesfidedignas.com.mx\/wp-content\/uploads\/2021\/04\/logo-retina.png","width":280,"height":51,"caption":"Fuentes Fidedignas"},"image":{"@id":"https:\/\/fuentesfidedignas.com.mx\/#\/schema\/logo\/image\/"},"sameAs":["https:\/\/www.facebook.com\/Fuentes-Fidedignas-368234489921644","https:\/\/x.com\/fidedignas"]},{"@type":"Person","@id":"https:\/\/fuentesfidedignas.com.mx\/#\/schema\/person\/0d44615087b5a626d5d3f13afe31ac41","name":"EFE","image":{"@type":"ImageObject","inLanguage":"es","@id":"https:\/\/secure.gravatar.com\/avatar\/7048c2d9b569d9bed55bb53ad23821e6e047aa66338fb6ea9868627bbb9f54e8?s=96&d=mm&r=g","url":"https:\/\/secure.gravatar.com\/avatar\/7048c2d9b569d9bed55bb53ad23821e6e047aa66338fb6ea9868627bbb9f54e8?s=96&d=mm&r=g","contentUrl":"https:\/\/secure.gravatar.com\/avatar\/7048c2d9b569d9bed55bb53ad23821e6e047aa66338fb6ea9868627bbb9f54e8?s=96&d=mm&r=g","caption":"EFE"},"url":"https:\/\/fuentesfidedignas.com.mx\/index.php\/author\/efe\/"}]}},"_links":{"self":[{"href":"https:\/\/fuentesfidedignas.com.mx\/index.php\/wp-json\/wp\/v2\/posts\/109600","targetHints":{"allow":["GET"]}}],"collection":[{"href":"https:\/\/fuentesfidedignas.com.mx\/index.php\/wp-json\/wp\/v2\/posts"}],"about":[{"href":"https:\/\/fuentesfidedignas.com.mx\/index.php\/wp-json\/wp\/v2\/types\/post"}],"author":[{"embeddable":true,"href":"https:\/\/fuentesfidedignas.com.mx\/index.php\/wp-json\/wp\/v2\/users\/22"}],"replies":[{"embeddable":true,"href":"https:\/\/fuentesfidedignas.com.mx\/index.php\/wp-json\/wp\/v2\/comments?post=109600"}],"version-history":[{"count":1,"href":"https:\/\/fuentesfidedignas.com.mx\/index.php\/wp-json\/wp\/v2\/posts\/109600\/revisions"}],"predecessor-version":[{"id":109601,"href":"https:\/\/fuentesfidedignas.com.mx\/index.php\/wp-json\/wp\/v2\/posts\/109600\/revisions\/109601"}],"wp:featuredmedia":[{"embeddable":true,"href":"https:\/\/fuentesfidedignas.com.mx\/index.php\/wp-json\/wp\/v2\/media\/109599"}],"wp:attachment":[{"href":"https:\/\/fuentesfidedignas.com.mx\/index.php\/wp-json\/wp\/v2\/media?parent=109600"}],"wp:term":[{"taxonomy":"category","embeddable":true,"href":"https:\/\/fuentesfidedignas.com.mx\/index.php\/wp-json\/wp\/v2\/categories?post=109600"},{"taxonomy":"post_tag","embeddable":true,"href":"https:\/\/fuentesfidedignas.com.mx\/index.php\/wp-json\/wp\/v2\/tags?post=109600"}],"curies":[{"name":"wp","href":"https:\/\/api.w.org\/{rel}","templated":true}]}}