{"id":109326,"date":"2025-05-28T07:32:34","date_gmt":"2025-05-28T14:32:34","guid":{"rendered":"https:\/\/fuentesfidedignas.com.mx\/?p=109326"},"modified":"2025-05-28T07:32:44","modified_gmt":"2025-05-28T14:32:44","slug":"mexico-y-eu-acuerdan-medidas-para-reapertura-de-la-exportacion-de-ganado","status":"publish","type":"post","link":"https:\/\/fuentesfidedignas.com.mx\/index.php\/2025\/05\/28\/mexico-y-eu-acuerdan-medidas-para-reapertura-de-la-exportacion-de-ganado\/","title":{"rendered":"M\u00e9xico y EU acuerdan medidas para reapertura de la exportaci\u00f3n de ganado"},"content":{"rendered":"\n<p><strong><em>El secretario de Agricultura y Desarrollo Rural, Julio Berdegu\u00e9, y la secretaria del Departamento de Agricultura de EU, Brooke Rollins, sostuvieron una videoconferencia para acordar las medidas para levantar la suspensi\u00f3n de las exportaciones de ganado y la campa\u00f1a contra el gusano barrenador.<\/em><\/strong><\/p>\n\n\n\n<p>El titular de la Secretar\u00eda de Agricultura y Desarrollo Rural (Sader), Julio Berdegu\u00e9, y la secretaria del Departamento de Agricultura de Estados Unidos (USDA), Brooke Rollins, acordaron las medidas que tomar\u00e1n ambos gobiernos para la reapertura de las exportaciones de ganado y la campa\u00f1a contra el gusano barrenador.<\/p>\n\n\n\n<p>En un comunicado, la Sader inform\u00f3 que Berdegu\u00e9 y Rollins sostuvieron una videoconferencia este d\u00eda para acordar los pasos siguientes para levantar la suspensi\u00f3n de dichas exportaciones.<\/p>\n\n\n\n<p>Seg\u00fan el texto, Rollins manifest\u00f3 \u201csu satisfacci\u00f3n por las medidas implementadas por M\u00e9xico y solicit\u00f3 m\u00e1s tiempo para concluir su an\u00e1lisis\u201d, mientras que Berdegu\u00e9 extendi\u00f3 una invitaci\u00f3n \u201ca que una misi\u00f3n de expertos de USDA visite M\u00e9xico\u201d para confirmar \u201cla efectividad de la campa\u00f1a contra el gusano barrenador del ganado (GBG)\u201d.<\/p>\n\n\n\n<p>Adem\u00e1s, Rollins comunic\u00f3 a Berdegu\u00e9 la aprobaci\u00f3n de la asistencia estadounidense para instalar una nueva planta para la producci\u00f3n de moscas est\u00e9riles de GBG en el estado de Chiapas, propuesta planteada por M\u00e9xico desde el inicio de la emergencia en noviembre de 2024.<\/p>\n\n\n\n<p>Tambi\u00e9n se iniciar\u00e1 una estrategia de regionalizaci\u00f3n para mantener libre de GBG la zona norte de M\u00e9xico, \u201cmediante el reforzamiento de las medidas de control de movilizaci\u00f3n, inspecci\u00f3n, vigilancia y tratamiento del ganado\u201d, apunt\u00f3 el comunicado.<\/p>\n\n\n\n<p>La Sader indic\u00f3 que M\u00e9xico busca un acuerdo total sobre la estrategia y los protocolos para detener y eliminar el GBG, asegurando que las exportaciones de ganado mexicano a EU no se interrumpan al cumplir los protocolos acordados, lo que dar\u00eda seguridad a productores, importadores y engordadores mexicanos en Estados Unidos.<\/p>\n\n\n\n<p>Resalt\u00f3 adem\u00e1s que la ganader\u00eda de ambos pa\u00edses forma parte de una cadena de valor cada vez m\u00e1s integrada en el marco del Tratado entre M\u00e9xico, Estados Unidos y Canad\u00e1 (T-MEC), que incluye la importaci\u00f3n de ma\u00edz amarillo y otros granos utilizados en la alimentaci\u00f3n del ganado en M\u00e9xico, as\u00ed como de productos c\u00e1rnicos de origen estadounidense.<\/p>\n\n\n\n<p>Berdegu\u00e9 tambi\u00e9n inform\u00f3 a su contraparte que el n\u00famero de nuevos casos semanales de GBG \u201calcanz\u00f3 su punto m\u00e1ximo a mediados de abril y, desde entonces, ha disminuido en 51.8%\u201d, lo que demuestra la \u201cefectividad de las medidas\u201d que se siguen aplicando.<\/p>\n\n\n\n<p>Este martes, la Secretar\u00eda de Salud de M\u00e9xico confirm\u00f3 seis casos de miasis por gusano barrenador en humanos, principalmente en el estado de Chiapas, y que uno de ellos permanece hospitalizado.<\/p>\n\n\n\n<p>Desde el pasado 11 de mayo, Estados Unidos anunci\u00f3 el cierre por 15 d\u00edas de la importaci\u00f3n de ganado mexicano debido a la propagaci\u00f3n del gusano barrenador, cual concluy\u00f3 el 25 de mayo; sin embargo, hasta ahora no se ha reabierto la frontera.<\/p>\n\n\n\n<p>El mexicano Consejo Nacional Agropecuario (CNA) asegur\u00f3 que la decisi\u00f3n de Estados Unidos de frenar las importaciones de ganado mexicano por nuevos brotes del gusano barrenador podr\u00eda significar p\u00e9rdidas de 11.4 millones de d\u00f3lares diarios para el pa\u00eds.<\/p>\n\n\n\n<p>El brote de gusano barrenador, una larva de mosca que deposita sus huevos en heridas abiertas de animales, representa un grave riesgo para la salud animal y la econom\u00eda ganadera de M\u00e9xico, que hab\u00eda logrado erradicar esta plaga en 1991.<\/p>\n","protected":false},"excerpt":{"rendered":"<p>El secretario de Agricultura y Desarrollo Rural, Julio Berdegu\u00e9, y la secretaria del Departamento de Agricultura de EU, Brooke Rollins, sostuvieron una videoconferencia para acordar las medidas para levantar la suspensi\u00f3n de las exportaciones de ganado y la campa\u00f1a contra el gusano barrenador. El titular de la Secretar\u00eda de Agricultura y Desarrollo Rural (Sader), Julio [&hellip;]<\/p>\n","protected":false},"author":22,"featured_media":97476,"comment_status":"open","ping_status":"open","sticky":false,"template":"","format":"standard","meta":{"tdm_status":"","tdm_grid_status":"","footnotes":""},"categories":[39],"tags":[],"class_list":{"0":"post-109326","1":"post","2":"type-post","3":"status-publish","4":"format-standard","5":"has-post-thumbnail","7":"category-noticias-nacionales"},"yoast_head":"<!-- This site is optimized with the Yoast SEO plugin v27.5 - https:\/\/yoast.com\/product\/yoast-seo-wordpress\/ -->\n<title>M\u00e9xico y EU acuerdan medidas para reapertura de la exportaci\u00f3n de ganado - Fuentes Fidedignas<\/title>\n<meta name=\"robots\" content=\"index, follow, max-snippet:-1, max-image-preview:large, max-video-preview:-1\" \/>\n<link rel=\"canonical\" href=\"https:\/\/fuentesfidedignas.com.mx\/index.php\/2025\/05\/28\/mexico-y-eu-acuerdan-medidas-para-reapertura-de-la-exportacion-de-ganado\/\" \/>\n<meta property=\"og:locale\" content=\"es_MX\" \/>\n<meta property=\"og:type\" content=\"article\" \/>\n<meta property=\"og:title\" content=\"M\u00e9xico y EU acuerdan medidas para reapertura de la exportaci\u00f3n de ganado - Fuentes Fidedignas\" \/>\n<meta property=\"og:description\" content=\"El secretario de Agricultura y Desarrollo Rural, Julio Berdegu\u00e9, y la secretaria del Departamento de Agricultura de EU, Brooke Rollins, sostuvieron una videoconferencia para acordar las medidas para levantar la suspensi\u00f3n de las exportaciones de ganado y la campa\u00f1a contra el gusano barrenador. El titular de la Secretar\u00eda de Agricultura y Desarrollo Rural (Sader), Julio [&hellip;]\" \/>\n<meta property=\"og:url\" content=\"https:\/\/fuentesfidedignas.com.mx\/index.php\/2025\/05\/28\/mexico-y-eu-acuerdan-medidas-para-reapertura-de-la-exportacion-de-ganado\/\" \/>\n<meta property=\"og:site_name\" content=\"Fuentes Fidedignas\" \/>\n<meta property=\"article:publisher\" content=\"https:\/\/www.facebook.com\/Fuentes-Fidedignas-368234489921644\" \/>\n<meta property=\"article:published_time\" content=\"2025-05-28T14:32:34+00:00\" \/>\n<meta property=\"article:modified_time\" content=\"2025-05-28T14:32:44+00:00\" \/>\n<meta property=\"og:image\" content=\"https:\/\/fuentesfidedignas.com.mx\/wp-content\/uploads\/2024\/12\/ganado.jpg\" \/>\n\t<meta property=\"og:image:width\" content=\"856\" \/>\n\t<meta property=\"og:image:height\" content=\"437\" \/>\n\t<meta property=\"og:image:type\" content=\"image\/jpeg\" \/>\n<meta name=\"author\" content=\"EFE\" \/>\n<meta name=\"twitter:card\" content=\"summary_large_image\" \/>\n<meta name=\"twitter:creator\" content=\"@fidedignas\" \/>\n<meta name=\"twitter:site\" content=\"@fidedignas\" \/>\n<meta name=\"twitter:label1\" content=\"Escrito por\" \/>\n\t<meta name=\"twitter:data1\" content=\"EFE\" \/>\n\t<meta name=\"twitter:label2\" content=\"Tiempo de lectura\" \/>\n\t<meta name=\"twitter:data2\" content=\"3 minutos\" \/>\n<script type=\"application\/ld+json\" class=\"yoast-schema-graph\">{\"@context\":\"https:\\\/\\\/schema.org\",\"@graph\":[{\"@type\":\"Article\",\"@id\":\"https:\\\/\\\/fuentesfidedignas.com.mx\\\/index.php\\\/2025\\\/05\\\/28\\\/mexico-y-eu-acuerdan-medidas-para-reapertura-de-la-exportacion-de-ganado\\\/#article\",\"isPartOf\":{\"@id\":\"https:\\\/\\\/fuentesfidedignas.com.mx\\\/index.php\\\/2025\\\/05\\\/28\\\/mexico-y-eu-acuerdan-medidas-para-reapertura-de-la-exportacion-de-ganado\\\/\"},\"author\":{\"name\":\"EFE\",\"@id\":\"https:\\\/\\\/fuentesfidedignas.com.mx\\\/#\\\/schema\\\/person\\\/0d44615087b5a626d5d3f13afe31ac41\"},\"headline\":\"M\u00e9xico y EU acuerdan medidas para reapertura de la exportaci\u00f3n de ganado\",\"datePublished\":\"2025-05-28T14:32:34+00:00\",\"dateModified\":\"2025-05-28T14:32:44+00:00\",\"mainEntityOfPage\":{\"@id\":\"https:\\\/\\\/fuentesfidedignas.com.mx\\\/index.php\\\/2025\\\/05\\\/28\\\/mexico-y-eu-acuerdan-medidas-para-reapertura-de-la-exportacion-de-ganado\\\/\"},\"wordCount\":611,\"commentCount\":0,\"publisher\":{\"@id\":\"https:\\\/\\\/fuentesfidedignas.com.mx\\\/#organization\"},\"image\":{\"@id\":\"https:\\\/\\\/fuentesfidedignas.com.mx\\\/index.php\\\/2025\\\/05\\\/28\\\/mexico-y-eu-acuerdan-medidas-para-reapertura-de-la-exportacion-de-ganado\\\/#primaryimage\"},\"thumbnailUrl\":\"https:\\\/\\\/fuentesfidedignas.com.mx\\\/wp-content\\\/uploads\\\/2024\\\/12\\\/ganado.jpg\",\"articleSection\":[\"NOTICIAS NACIONALES\"],\"inLanguage\":\"es\",\"potentialAction\":[{\"@type\":\"CommentAction\",\"name\":\"Comment\",\"target\":[\"https:\\\/\\\/fuentesfidedignas.com.mx\\\/index.php\\\/2025\\\/05\\\/28\\\/mexico-y-eu-acuerdan-medidas-para-reapertura-de-la-exportacion-de-ganado\\\/#respond\"]}]},{\"@type\":\"WebPage\",\"@id\":\"https:\\\/\\\/fuentesfidedignas.com.mx\\\/index.php\\\/2025\\\/05\\\/28\\\/mexico-y-eu-acuerdan-medidas-para-reapertura-de-la-exportacion-de-ganado\\\/\",\"url\":\"https:\\\/\\\/fuentesfidedignas.com.mx\\\/index.php\\\/2025\\\/05\\\/28\\\/mexico-y-eu-acuerdan-medidas-para-reapertura-de-la-exportacion-de-ganado\\\/\",\"name\":\"M\u00e9xico y EU acuerdan medidas para reapertura de la exportaci\u00f3n de ganado - Fuentes Fidedignas\",\"isPartOf\":{\"@id\":\"https:\\\/\\\/fuentesfidedignas.com.mx\\\/#website\"},\"primaryImageOfPage\":{\"@id\":\"https:\\\/\\\/fuentesfidedignas.com.mx\\\/index.php\\\/2025\\\/05\\\/28\\\/mexico-y-eu-acuerdan-medidas-para-reapertura-de-la-exportacion-de-ganado\\\/#primaryimage\"},\"image\":{\"@id\":\"https:\\\/\\\/fuentesfidedignas.com.mx\\\/index.php\\\/2025\\\/05\\\/28\\\/mexico-y-eu-acuerdan-medidas-para-reapertura-de-la-exportacion-de-ganado\\\/#primaryimage\"},\"thumbnailUrl\":\"https:\\\/\\\/fuentesfidedignas.com.mx\\\/wp-content\\\/uploads\\\/2024\\\/12\\\/ganado.jpg\",\"datePublished\":\"2025-05-28T14:32:34+00:00\",\"dateModified\":\"2025-05-28T14:32:44+00:00\",\"breadcrumb\":{\"@id\":\"https:\\\/\\\/fuentesfidedignas.com.mx\\\/index.php\\\/2025\\\/05\\\/28\\\/mexico-y-eu-acuerdan-medidas-para-reapertura-de-la-exportacion-de-ganado\\\/#breadcrumb\"},\"inLanguage\":\"es\",\"potentialAction\":[{\"@type\":\"ReadAction\",\"target\":[\"https:\\\/\\\/fuentesfidedignas.com.mx\\\/index.php\\\/2025\\\/05\\\/28\\\/mexico-y-eu-acuerdan-medidas-para-reapertura-de-la-exportacion-de-ganado\\\/\"]}]},{\"@type\":\"ImageObject\",\"inLanguage\":\"es\",\"@id\":\"https:\\\/\\\/fuentesfidedignas.com.mx\\\/index.php\\\/2025\\\/05\\\/28\\\/mexico-y-eu-acuerdan-medidas-para-reapertura-de-la-exportacion-de-ganado\\\/#primaryimage\",\"url\":\"https:\\\/\\\/fuentesfidedignas.com.mx\\\/wp-content\\\/uploads\\\/2024\\\/12\\\/ganado.jpg\",\"contentUrl\":\"https:\\\/\\\/fuentesfidedignas.com.mx\\\/wp-content\\\/uploads\\\/2024\\\/12\\\/ganado.jpg\",\"width\":856,\"height\":437},{\"@type\":\"BreadcrumbList\",\"@id\":\"https:\\\/\\\/fuentesfidedignas.com.mx\\\/index.php\\\/2025\\\/05\\\/28\\\/mexico-y-eu-acuerdan-medidas-para-reapertura-de-la-exportacion-de-ganado\\\/#breadcrumb\",\"itemListElement\":[{\"@type\":\"ListItem\",\"position\":1,\"name\":\"Inicio\",\"item\":\"https:\\\/\\\/fuentesfidedignas.com.mx\\\/\"},{\"@type\":\"ListItem\",\"position\":2,\"name\":\"M\u00e9xico y EU acuerdan medidas para reapertura de la exportaci\u00f3n de ganado\"}]},{\"@type\":\"WebSite\",\"@id\":\"https:\\\/\\\/fuentesfidedignas.com.mx\\\/#website\",\"url\":\"https:\\\/\\\/fuentesfidedignas.com.mx\\\/\",\"name\":\"Fuentes Fidedignas\",\"description\":\"Otro sitio realizado con WordPress\",\"publisher\":{\"@id\":\"https:\\\/\\\/fuentesfidedignas.com.mx\\\/#organization\"},\"potentialAction\":[{\"@type\":\"SearchAction\",\"target\":{\"@type\":\"EntryPoint\",\"urlTemplate\":\"https:\\\/\\\/fuentesfidedignas.com.mx\\\/?s={search_term_string}\"},\"query-input\":{\"@type\":\"PropertyValueSpecification\",\"valueRequired\":true,\"valueName\":\"search_term_string\"}}],\"inLanguage\":\"es\"},{\"@type\":\"Organization\",\"@id\":\"https:\\\/\\\/fuentesfidedignas.com.mx\\\/#organization\",\"name\":\"Fuentes Fidedignas\",\"url\":\"https:\\\/\\\/fuentesfidedignas.com.mx\\\/\",\"logo\":{\"@type\":\"ImageObject\",\"inLanguage\":\"es\",\"@id\":\"https:\\\/\\\/fuentesfidedignas.com.mx\\\/#\\\/schema\\\/logo\\\/image\\\/\",\"url\":\"https:\\\/\\\/fuentesfidedignas.com.mx\\\/wp-content\\\/uploads\\\/2021\\\/04\\\/logo-retina.png\",\"contentUrl\":\"https:\\\/\\\/fuentesfidedignas.com.mx\\\/wp-content\\\/uploads\\\/2021\\\/04\\\/logo-retina.png\",\"width\":280,\"height\":51,\"caption\":\"Fuentes Fidedignas\"},\"image\":{\"@id\":\"https:\\\/\\\/fuentesfidedignas.com.mx\\\/#\\\/schema\\\/logo\\\/image\\\/\"},\"sameAs\":[\"https:\\\/\\\/www.facebook.com\\\/Fuentes-Fidedignas-368234489921644\",\"https:\\\/\\\/x.com\\\/fidedignas\"]},{\"@type\":\"Person\",\"@id\":\"https:\\\/\\\/fuentesfidedignas.com.mx\\\/#\\\/schema\\\/person\\\/0d44615087b5a626d5d3f13afe31ac41\",\"name\":\"EFE\",\"image\":{\"@type\":\"ImageObject\",\"inLanguage\":\"es\",\"@id\":\"https:\\\/\\\/secure.gravatar.com\\\/avatar\\\/7048c2d9b569d9bed55bb53ad23821e6e047aa66338fb6ea9868627bbb9f54e8?s=96&d=mm&r=g\",\"url\":\"https:\\\/\\\/secure.gravatar.com\\\/avatar\\\/7048c2d9b569d9bed55bb53ad23821e6e047aa66338fb6ea9868627bbb9f54e8?s=96&d=mm&r=g\",\"contentUrl\":\"https:\\\/\\\/secure.gravatar.com\\\/avatar\\\/7048c2d9b569d9bed55bb53ad23821e6e047aa66338fb6ea9868627bbb9f54e8?s=96&d=mm&r=g\",\"caption\":\"EFE\"},\"url\":\"https:\\\/\\\/fuentesfidedignas.com.mx\\\/index.php\\\/author\\\/efe\\\/\"}]}<\/script>\n<!-- \/ Yoast SEO plugin. -->","yoast_head_json":{"title":"M\u00e9xico y EU acuerdan medidas para reapertura de la exportaci\u00f3n de ganado - Fuentes Fidedignas","robots":{"index":"index","follow":"follow","max-snippet":"max-snippet:-1","max-image-preview":"max-image-preview:large","max-video-preview":"max-video-preview:-1"},"canonical":"https:\/\/fuentesfidedignas.com.mx\/index.php\/2025\/05\/28\/mexico-y-eu-acuerdan-medidas-para-reapertura-de-la-exportacion-de-ganado\/","og_locale":"es_MX","og_type":"article","og_title":"M\u00e9xico y EU acuerdan medidas para reapertura de la exportaci\u00f3n de ganado - Fuentes Fidedignas","og_description":"El secretario de Agricultura y Desarrollo Rural, Julio Berdegu\u00e9, y la secretaria del Departamento de Agricultura de EU, Brooke Rollins, sostuvieron una videoconferencia para acordar las medidas para levantar la suspensi\u00f3n de las exportaciones de ganado y la campa\u00f1a contra el gusano barrenador. El titular de la Secretar\u00eda de Agricultura y Desarrollo Rural (Sader), Julio [&hellip;]","og_url":"https:\/\/fuentesfidedignas.com.mx\/index.php\/2025\/05\/28\/mexico-y-eu-acuerdan-medidas-para-reapertura-de-la-exportacion-de-ganado\/","og_site_name":"Fuentes Fidedignas","article_publisher":"https:\/\/www.facebook.com\/Fuentes-Fidedignas-368234489921644","article_published_time":"2025-05-28T14:32:34+00:00","article_modified_time":"2025-05-28T14:32:44+00:00","og_image":[{"width":856,"height":437,"url":"https:\/\/fuentesfidedignas.com.mx\/wp-content\/uploads\/2024\/12\/ganado.jpg","type":"image\/jpeg"}],"author":"EFE","twitter_card":"summary_large_image","twitter_creator":"@fidedignas","twitter_site":"@fidedignas","twitter_misc":{"Escrito por":"EFE","Tiempo de lectura":"3 minutos"},"schema":{"@context":"https:\/\/schema.org","@graph":[{"@type":"Article","@id":"https:\/\/fuentesfidedignas.com.mx\/index.php\/2025\/05\/28\/mexico-y-eu-acuerdan-medidas-para-reapertura-de-la-exportacion-de-ganado\/#article","isPartOf":{"@id":"https:\/\/fuentesfidedignas.com.mx\/index.php\/2025\/05\/28\/mexico-y-eu-acuerdan-medidas-para-reapertura-de-la-exportacion-de-ganado\/"},"author":{"name":"EFE","@id":"https:\/\/fuentesfidedignas.com.mx\/#\/schema\/person\/0d44615087b5a626d5d3f13afe31ac41"},"headline":"M\u00e9xico y EU acuerdan medidas para reapertura de la exportaci\u00f3n de ganado","datePublished":"2025-05-28T14:32:34+00:00","dateModified":"2025-05-28T14:32:44+00:00","mainEntityOfPage":{"@id":"https:\/\/fuentesfidedignas.com.mx\/index.php\/2025\/05\/28\/mexico-y-eu-acuerdan-medidas-para-reapertura-de-la-exportacion-de-ganado\/"},"wordCount":611,"commentCount":0,"publisher":{"@id":"https:\/\/fuentesfidedignas.com.mx\/#organization"},"image":{"@id":"https:\/\/fuentesfidedignas.com.mx\/index.php\/2025\/05\/28\/mexico-y-eu-acuerdan-medidas-para-reapertura-de-la-exportacion-de-ganado\/#primaryimage"},"thumbnailUrl":"https:\/\/fuentesfidedignas.com.mx\/wp-content\/uploads\/2024\/12\/ganado.jpg","articleSection":["NOTICIAS NACIONALES"],"inLanguage":"es","potentialAction":[{"@type":"CommentAction","name":"Comment","target":["https:\/\/fuentesfidedignas.com.mx\/index.php\/2025\/05\/28\/mexico-y-eu-acuerdan-medidas-para-reapertura-de-la-exportacion-de-ganado\/#respond"]}]},{"@type":"WebPage","@id":"https:\/\/fuentesfidedignas.com.mx\/index.php\/2025\/05\/28\/mexico-y-eu-acuerdan-medidas-para-reapertura-de-la-exportacion-de-ganado\/","url":"https:\/\/fuentesfidedignas.com.mx\/index.php\/2025\/05\/28\/mexico-y-eu-acuerdan-medidas-para-reapertura-de-la-exportacion-de-ganado\/","name":"M\u00e9xico y EU acuerdan medidas para reapertura de la exportaci\u00f3n de ganado - Fuentes Fidedignas","isPartOf":{"@id":"https:\/\/fuentesfidedignas.com.mx\/#website"},"primaryImageOfPage":{"@id":"https:\/\/fuentesfidedignas.com.mx\/index.php\/2025\/05\/28\/mexico-y-eu-acuerdan-medidas-para-reapertura-de-la-exportacion-de-ganado\/#primaryimage"},"image":{"@id":"https:\/\/fuentesfidedignas.com.mx\/index.php\/2025\/05\/28\/mexico-y-eu-acuerdan-medidas-para-reapertura-de-la-exportacion-de-ganado\/#primaryimage"},"thumbnailUrl":"https:\/\/fuentesfidedignas.com.mx\/wp-content\/uploads\/2024\/12\/ganado.jpg","datePublished":"2025-05-28T14:32:34+00:00","dateModified":"2025-05-28T14:32:44+00:00","breadcrumb":{"@id":"https:\/\/fuentesfidedignas.com.mx\/index.php\/2025\/05\/28\/mexico-y-eu-acuerdan-medidas-para-reapertura-de-la-exportacion-de-ganado\/#breadcrumb"},"inLanguage":"es","potentialAction":[{"@type":"ReadAction","target":["https:\/\/fuentesfidedignas.com.mx\/index.php\/2025\/05\/28\/mexico-y-eu-acuerdan-medidas-para-reapertura-de-la-exportacion-de-ganado\/"]}]},{"@type":"ImageObject","inLanguage":"es","@id":"https:\/\/fuentesfidedignas.com.mx\/index.php\/2025\/05\/28\/mexico-y-eu-acuerdan-medidas-para-reapertura-de-la-exportacion-de-ganado\/#primaryimage","url":"https:\/\/fuentesfidedignas.com.mx\/wp-content\/uploads\/2024\/12\/ganado.jpg","contentUrl":"https:\/\/fuentesfidedignas.com.mx\/wp-content\/uploads\/2024\/12\/ganado.jpg","width":856,"height":437},{"@type":"BreadcrumbList","@id":"https:\/\/fuentesfidedignas.com.mx\/index.php\/2025\/05\/28\/mexico-y-eu-acuerdan-medidas-para-reapertura-de-la-exportacion-de-ganado\/#breadcrumb","itemListElement":[{"@type":"ListItem","position":1,"name":"Inicio","item":"https:\/\/fuentesfidedignas.com.mx\/"},{"@type":"ListItem","position":2,"name":"M\u00e9xico y EU acuerdan medidas para reapertura de la exportaci\u00f3n de ganado"}]},{"@type":"WebSite","@id":"https:\/\/fuentesfidedignas.com.mx\/#website","url":"https:\/\/fuentesfidedignas.com.mx\/","name":"Fuentes Fidedignas","description":"Otro sitio realizado con WordPress","publisher":{"@id":"https:\/\/fuentesfidedignas.com.mx\/#organization"},"potentialAction":[{"@type":"SearchAction","target":{"@type":"EntryPoint","urlTemplate":"https:\/\/fuentesfidedignas.com.mx\/?s={search_term_string}"},"query-input":{"@type":"PropertyValueSpecification","valueRequired":true,"valueName":"search_term_string"}}],"inLanguage":"es"},{"@type":"Organization","@id":"https:\/\/fuentesfidedignas.com.mx\/#organization","name":"Fuentes Fidedignas","url":"https:\/\/fuentesfidedignas.com.mx\/","logo":{"@type":"ImageObject","inLanguage":"es","@id":"https:\/\/fuentesfidedignas.com.mx\/#\/schema\/logo\/image\/","url":"https:\/\/fuentesfidedignas.com.mx\/wp-content\/uploads\/2021\/04\/logo-retina.png","contentUrl":"https:\/\/fuentesfidedignas.com.mx\/wp-content\/uploads\/2021\/04\/logo-retina.png","width":280,"height":51,"caption":"Fuentes Fidedignas"},"image":{"@id":"https:\/\/fuentesfidedignas.com.mx\/#\/schema\/logo\/image\/"},"sameAs":["https:\/\/www.facebook.com\/Fuentes-Fidedignas-368234489921644","https:\/\/x.com\/fidedignas"]},{"@type":"Person","@id":"https:\/\/fuentesfidedignas.com.mx\/#\/schema\/person\/0d44615087b5a626d5d3f13afe31ac41","name":"EFE","image":{"@type":"ImageObject","inLanguage":"es","@id":"https:\/\/secure.gravatar.com\/avatar\/7048c2d9b569d9bed55bb53ad23821e6e047aa66338fb6ea9868627bbb9f54e8?s=96&d=mm&r=g","url":"https:\/\/secure.gravatar.com\/avatar\/7048c2d9b569d9bed55bb53ad23821e6e047aa66338fb6ea9868627bbb9f54e8?s=96&d=mm&r=g","contentUrl":"https:\/\/secure.gravatar.com\/avatar\/7048c2d9b569d9bed55bb53ad23821e6e047aa66338fb6ea9868627bbb9f54e8?s=96&d=mm&r=g","caption":"EFE"},"url":"https:\/\/fuentesfidedignas.com.mx\/index.php\/author\/efe\/"}]}},"_links":{"self":[{"href":"https:\/\/fuentesfidedignas.com.mx\/index.php\/wp-json\/wp\/v2\/posts\/109326","targetHints":{"allow":["GET"]}}],"collection":[{"href":"https:\/\/fuentesfidedignas.com.mx\/index.php\/wp-json\/wp\/v2\/posts"}],"about":[{"href":"https:\/\/fuentesfidedignas.com.mx\/index.php\/wp-json\/wp\/v2\/types\/post"}],"author":[{"embeddable":true,"href":"https:\/\/fuentesfidedignas.com.mx\/index.php\/wp-json\/wp\/v2\/users\/22"}],"replies":[{"embeddable":true,"href":"https:\/\/fuentesfidedignas.com.mx\/index.php\/wp-json\/wp\/v2\/comments?post=109326"}],"version-history":[{"count":1,"href":"https:\/\/fuentesfidedignas.com.mx\/index.php\/wp-json\/wp\/v2\/posts\/109326\/revisions"}],"predecessor-version":[{"id":109327,"href":"https:\/\/fuentesfidedignas.com.mx\/index.php\/wp-json\/wp\/v2\/posts\/109326\/revisions\/109327"}],"wp:featuredmedia":[{"embeddable":true,"href":"https:\/\/fuentesfidedignas.com.mx\/index.php\/wp-json\/wp\/v2\/media\/97476"}],"wp:attachment":[{"href":"https:\/\/fuentesfidedignas.com.mx\/index.php\/wp-json\/wp\/v2\/media?parent=109326"}],"wp:term":[{"taxonomy":"category","embeddable":true,"href":"https:\/\/fuentesfidedignas.com.mx\/index.php\/wp-json\/wp\/v2\/categories?post=109326"},{"taxonomy":"post_tag","embeddable":true,"href":"https:\/\/fuentesfidedignas.com.mx\/index.php\/wp-json\/wp\/v2\/tags?post=109326"}],"curies":[{"name":"wp","href":"https:\/\/api.w.org\/{rel}","templated":true}]}}