{"id":109183,"date":"2025-05-26T16:57:09","date_gmt":"2025-05-26T23:57:09","guid":{"rendered":"https:\/\/fuentesfidedignas.com.mx\/?p=109183"},"modified":"2025-05-26T16:57:12","modified_gmt":"2025-05-26T23:57:12","slug":"detienen-a-integrante-del-cartel-del-pacifico-con-700-kilos-de-cocaina","status":"publish","type":"post","link":"https:\/\/fuentesfidedignas.com.mx\/index.php\/2025\/05\/26\/detienen-a-integrante-del-cartel-del-pacifico-con-700-kilos-de-cocaina\/","title":{"rendered":"Detienen a integrante del C\u00e1rtel del Pac\u00edfico con 700 kilos de coca\u00edna"},"content":{"rendered":"\n<p><strong><em>Jorge Alberto \u201cN\u201d, presunto integrante del C\u00e1rtel del Pac\u00edfico, trasnportaba en un tractocami\u00f3n m\u00e1s de 700 kilos de coca\u00edna<\/em><\/strong><\/p>\n\n\n\n<p>Omar Garc\u00eda Harfuch, secretario de Seguridad y Protecci\u00f3n Ciudadana (SSPC) confirm\u00f3 la detenci\u00f3n de Jorge Alberto \u201cN\u201d, presunto integrante del C\u00e1rtel del Pac\u00edfico, a quien le fueron decomisados m\u00e1s de 700 kilos de coca\u00edna que transportaba en un tractocami\u00f3n.<\/p>\n\n\n\n<blockquote class=\"twitter-tweet\"><p lang=\"es\" dir=\"ltr\">En San Luis R\u00edo Colorado, Sonora, elementos de <a href=\"https:\/\/twitter.com\/Defensamx1?ref_src=twsrc%5Etfw\">@Defensamx1<\/a> y <a href=\"https:\/\/twitter.com\/GN_MEXICO_?ref_src=twsrc%5Etfw\">@GN_MEXICO_<\/a> detuvieron a Jorge Alberto \u201cN\u201d, integrante del \u201cC\u00e1rtel del Pac\u00edfico\u201d, quien transportaba en un tractocami\u00f3n m\u00e1s de 700 kilos de coca\u00edna ocultos en empaques de caf\u00e9 en grano.<br> Esto en el marco del operativo\u2026 <a href=\"https:\/\/t.co\/IQzXuGquRg\">pic.twitter.com\/IQzXuGquRg<\/a><\/p>&mdash; Omar H Garcia Harfuch (@OHarfuch) <a href=\"https:\/\/twitter.com\/OHarfuch\/status\/1927048717971939822?ref_src=twsrc%5Etfw\">May 26, 2025<\/a><\/blockquote> <script async src=\"https:\/\/platform.twitter.com\/widgets.js\" charset=\"utf-8\"><\/script>\n\n\n\n<p>Por medio de redes sociales, Garc\u00eda Harfuch apunt\u00f3 que la detenci\u00f3n ocurri\u00f3 en San Luis R\u00edo Colorado, Sonora, en el marco del Operaci\u00f3n Frontera Norte.<\/p>\n\n\n\n<p>\u201cEn San Luis R\u00edo Colorado, Sonora, elementos de @Defensamx1 y @GN_MEXICO_ detuvieron a Jorge Alberto \u201cN\u201d, integrante del \u201cC\u00e1rtel del Pac\u00edfico\u201d, quien transportaba en un tractocami\u00f3n m\u00e1s de 700 kilos de coca\u00edna ocultos en empaques de caf\u00e9 en grano\u201d, indic\u00f3.<\/p>\n\n\n\n<p>En un comunicado, la SSPC indic\u00f3 que agentes de seguridad desde un punto de vigilancia ubicado en el municipio de San Luis R\u00edo Colorado, observaron un tractocami\u00f3n que al notar su presencia realiz\u00f3 maniobras evasivas para evitar el puesto de control, por lo que se le dio alcance y le marcaron el alto.<\/p>\n\n\n\n<p>Al realizar una inspecci\u00f3n a la carga, los agentes hallaron 701 kilos de coca\u00edna lo equivalente a 2.1 millones de dosis, ocultos en paquetes de caf\u00e9 en grano.<\/p>\n\n\n\n<p>\u201cPor lo anterior, al hombre de 42 a\u00f1os que conduc\u00eda la unidad fue detenido, se le informaron sus derechos de ley y junto con la droga y el veh\u00edculo asegurado fue puesto a disposici\u00f3n del agente del Ministerio P\u00fablico correspondiente, quien determinar\u00e1 su situaci\u00f3n jur\u00eddica\u201d, destac\u00f3 la SSPC.<\/p>\n\n\n\n<p>\u201cLa afectaci\u00f3n econ\u00f3mica a la delincuencia organizada es de 162 millones de pesos\u201d, apunt\u00f3 la dependencia en su comunicado.<\/p>\n","protected":false},"excerpt":{"rendered":"<p>Jorge Alberto \u201cN\u201d, presunto integrante del C\u00e1rtel del Pac\u00edfico, trasnportaba en un tractocami\u00f3n m\u00e1s de 700 kilos de coca\u00edna Omar Garc\u00eda Harfuch, secretario de Seguridad y Protecci\u00f3n Ciudadana (SSPC) confirm\u00f3 la detenci\u00f3n de Jorge Alberto \u201cN\u201d, presunto integrante del C\u00e1rtel del Pac\u00edfico, a quien le fueron decomisados m\u00e1s de 700 kilos de coca\u00edna que transportaba [&hellip;]<\/p>\n","protected":false},"author":47,"featured_media":109184,"comment_status":"open","ping_status":"open","sticky":false,"template":"","format":"standard","meta":{"tdm_status":"","tdm_grid_status":"","footnotes":""},"categories":[39],"tags":[],"class_list":{"0":"post-109183","1":"post","2":"type-post","3":"status-publish","4":"format-standard","5":"has-post-thumbnail","7":"category-noticias-nacionales"},"yoast_head":"<!-- This site is optimized with the Yoast SEO plugin v27.4 - https:\/\/yoast.com\/product\/yoast-seo-wordpress\/ -->\n<title>Detienen a integrante del C\u00e1rtel del Pac\u00edfico con 700 kilos de coca\u00edna - Fuentes Fidedignas<\/title>\n<meta name=\"robots\" content=\"index, follow, max-snippet:-1, max-image-preview:large, max-video-preview:-1\" \/>\n<link rel=\"canonical\" href=\"https:\/\/fuentesfidedignas.com.mx\/index.php\/2025\/05\/26\/detienen-a-integrante-del-cartel-del-pacifico-con-700-kilos-de-cocaina\/\" \/>\n<meta property=\"og:locale\" content=\"es_MX\" \/>\n<meta property=\"og:type\" content=\"article\" \/>\n<meta property=\"og:title\" content=\"Detienen a integrante del C\u00e1rtel del Pac\u00edfico con 700 kilos de coca\u00edna - Fuentes Fidedignas\" \/>\n<meta property=\"og:description\" content=\"Jorge Alberto \u201cN\u201d, presunto integrante del C\u00e1rtel del Pac\u00edfico, trasnportaba en un tractocami\u00f3n m\u00e1s de 700 kilos de coca\u00edna Omar Garc\u00eda Harfuch, secretario de Seguridad y Protecci\u00f3n Ciudadana (SSPC) confirm\u00f3 la detenci\u00f3n de Jorge Alberto \u201cN\u201d, presunto integrante del C\u00e1rtel del Pac\u00edfico, a quien le fueron decomisados m\u00e1s de 700 kilos de coca\u00edna que transportaba [&hellip;]\" \/>\n<meta property=\"og:url\" content=\"https:\/\/fuentesfidedignas.com.mx\/index.php\/2025\/05\/26\/detienen-a-integrante-del-cartel-del-pacifico-con-700-kilos-de-cocaina\/\" \/>\n<meta property=\"og:site_name\" content=\"Fuentes Fidedignas\" \/>\n<meta property=\"article:publisher\" content=\"https:\/\/www.facebook.com\/Fuentes-Fidedignas-368234489921644\" \/>\n<meta property=\"article:published_time\" content=\"2025-05-26T23:57:09+00:00\" \/>\n<meta property=\"article:modified_time\" content=\"2025-05-26T23:57:12+00:00\" \/>\n<meta property=\"og:image\" content=\"https:\/\/fuentesfidedignas.com.mx\/wp-content\/uploads\/2025\/05\/700-kilos-cocaina-san-luis-rio-colorado-sonora-cartel-del-pacifico.jpg\" \/>\n\t<meta property=\"og:image:width\" content=\"600\" \/>\n\t<meta property=\"og:image:height\" content=\"400\" \/>\n\t<meta property=\"og:image:type\" content=\"image\/jpeg\" \/>\n<meta name=\"author\" content=\"L\u00f3pez D\u00f3riga\" \/>\n<meta name=\"twitter:card\" content=\"summary_large_image\" \/>\n<meta name=\"twitter:creator\" content=\"@fidedignas\" \/>\n<meta name=\"twitter:site\" content=\"@fidedignas\" \/>\n<meta name=\"twitter:label1\" content=\"Escrito por\" \/>\n\t<meta name=\"twitter:data1\" content=\"L\u00f3pez D\u00f3riga\" \/>\n\t<meta name=\"twitter:label2\" content=\"Tiempo de lectura\" \/>\n\t<meta name=\"twitter:data2\" content=\"2 minutos\" \/>\n<script type=\"application\/ld+json\" class=\"yoast-schema-graph\">{\"@context\":\"https:\\\/\\\/schema.org\",\"@graph\":[{\"@type\":\"Article\",\"@id\":\"https:\\\/\\\/fuentesfidedignas.com.mx\\\/index.php\\\/2025\\\/05\\\/26\\\/detienen-a-integrante-del-cartel-del-pacifico-con-700-kilos-de-cocaina\\\/#article\",\"isPartOf\":{\"@id\":\"https:\\\/\\\/fuentesfidedignas.com.mx\\\/index.php\\\/2025\\\/05\\\/26\\\/detienen-a-integrante-del-cartel-del-pacifico-con-700-kilos-de-cocaina\\\/\"},\"author\":{\"name\":\"L\u00f3pez D\u00f3riga\",\"@id\":\"https:\\\/\\\/fuentesfidedignas.com.mx\\\/#\\\/schema\\\/person\\\/67d852f0557c8509146a4b9ddebd543a\"},\"headline\":\"Detienen a integrante del C\u00e1rtel del Pac\u00edfico con 700 kilos de coca\u00edna\",\"datePublished\":\"2025-05-26T23:57:09+00:00\",\"dateModified\":\"2025-05-26T23:57:12+00:00\",\"mainEntityOfPage\":{\"@id\":\"https:\\\/\\\/fuentesfidedignas.com.mx\\\/index.php\\\/2025\\\/05\\\/26\\\/detienen-a-integrante-del-cartel-del-pacifico-con-700-kilos-de-cocaina\\\/\"},\"wordCount\":377,\"commentCount\":0,\"publisher\":{\"@id\":\"https:\\\/\\\/fuentesfidedignas.com.mx\\\/#organization\"},\"image\":{\"@id\":\"https:\\\/\\\/fuentesfidedignas.com.mx\\\/index.php\\\/2025\\\/05\\\/26\\\/detienen-a-integrante-del-cartel-del-pacifico-con-700-kilos-de-cocaina\\\/#primaryimage\"},\"thumbnailUrl\":\"https:\\\/\\\/fuentesfidedignas.com.mx\\\/wp-content\\\/uploads\\\/2025\\\/05\\\/700-kilos-cocaina-san-luis-rio-colorado-sonora-cartel-del-pacifico.jpg\",\"articleSection\":[\"NOTICIAS NACIONALES\"],\"inLanguage\":\"es\",\"potentialAction\":[{\"@type\":\"CommentAction\",\"name\":\"Comment\",\"target\":[\"https:\\\/\\\/fuentesfidedignas.com.mx\\\/index.php\\\/2025\\\/05\\\/26\\\/detienen-a-integrante-del-cartel-del-pacifico-con-700-kilos-de-cocaina\\\/#respond\"]}]},{\"@type\":\"WebPage\",\"@id\":\"https:\\\/\\\/fuentesfidedignas.com.mx\\\/index.php\\\/2025\\\/05\\\/26\\\/detienen-a-integrante-del-cartel-del-pacifico-con-700-kilos-de-cocaina\\\/\",\"url\":\"https:\\\/\\\/fuentesfidedignas.com.mx\\\/index.php\\\/2025\\\/05\\\/26\\\/detienen-a-integrante-del-cartel-del-pacifico-con-700-kilos-de-cocaina\\\/\",\"name\":\"Detienen a integrante del C\u00e1rtel del Pac\u00edfico con 700 kilos de coca\u00edna - Fuentes Fidedignas\",\"isPartOf\":{\"@id\":\"https:\\\/\\\/fuentesfidedignas.com.mx\\\/#website\"},\"primaryImageOfPage\":{\"@id\":\"https:\\\/\\\/fuentesfidedignas.com.mx\\\/index.php\\\/2025\\\/05\\\/26\\\/detienen-a-integrante-del-cartel-del-pacifico-con-700-kilos-de-cocaina\\\/#primaryimage\"},\"image\":{\"@id\":\"https:\\\/\\\/fuentesfidedignas.com.mx\\\/index.php\\\/2025\\\/05\\\/26\\\/detienen-a-integrante-del-cartel-del-pacifico-con-700-kilos-de-cocaina\\\/#primaryimage\"},\"thumbnailUrl\":\"https:\\\/\\\/fuentesfidedignas.com.mx\\\/wp-content\\\/uploads\\\/2025\\\/05\\\/700-kilos-cocaina-san-luis-rio-colorado-sonora-cartel-del-pacifico.jpg\",\"datePublished\":\"2025-05-26T23:57:09+00:00\",\"dateModified\":\"2025-05-26T23:57:12+00:00\",\"breadcrumb\":{\"@id\":\"https:\\\/\\\/fuentesfidedignas.com.mx\\\/index.php\\\/2025\\\/05\\\/26\\\/detienen-a-integrante-del-cartel-del-pacifico-con-700-kilos-de-cocaina\\\/#breadcrumb\"},\"inLanguage\":\"es\",\"potentialAction\":[{\"@type\":\"ReadAction\",\"target\":[\"https:\\\/\\\/fuentesfidedignas.com.mx\\\/index.php\\\/2025\\\/05\\\/26\\\/detienen-a-integrante-del-cartel-del-pacifico-con-700-kilos-de-cocaina\\\/\"]}]},{\"@type\":\"ImageObject\",\"inLanguage\":\"es\",\"@id\":\"https:\\\/\\\/fuentesfidedignas.com.mx\\\/index.php\\\/2025\\\/05\\\/26\\\/detienen-a-integrante-del-cartel-del-pacifico-con-700-kilos-de-cocaina\\\/#primaryimage\",\"url\":\"https:\\\/\\\/fuentesfidedignas.com.mx\\\/wp-content\\\/uploads\\\/2025\\\/05\\\/700-kilos-cocaina-san-luis-rio-colorado-sonora-cartel-del-pacifico.jpg\",\"contentUrl\":\"https:\\\/\\\/fuentesfidedignas.com.mx\\\/wp-content\\\/uploads\\\/2025\\\/05\\\/700-kilos-cocaina-san-luis-rio-colorado-sonora-cartel-del-pacifico.jpg\",\"width\":600,\"height\":400},{\"@type\":\"BreadcrumbList\",\"@id\":\"https:\\\/\\\/fuentesfidedignas.com.mx\\\/index.php\\\/2025\\\/05\\\/26\\\/detienen-a-integrante-del-cartel-del-pacifico-con-700-kilos-de-cocaina\\\/#breadcrumb\",\"itemListElement\":[{\"@type\":\"ListItem\",\"position\":1,\"name\":\"Inicio\",\"item\":\"https:\\\/\\\/fuentesfidedignas.com.mx\\\/\"},{\"@type\":\"ListItem\",\"position\":2,\"name\":\"Detienen a integrante del C\u00e1rtel del Pac\u00edfico con 700 kilos de coca\u00edna\"}]},{\"@type\":\"WebSite\",\"@id\":\"https:\\\/\\\/fuentesfidedignas.com.mx\\\/#website\",\"url\":\"https:\\\/\\\/fuentesfidedignas.com.mx\\\/\",\"name\":\"Fuentes Fidedignas\",\"description\":\"Otro sitio realizado con WordPress\",\"publisher\":{\"@id\":\"https:\\\/\\\/fuentesfidedignas.com.mx\\\/#organization\"},\"potentialAction\":[{\"@type\":\"SearchAction\",\"target\":{\"@type\":\"EntryPoint\",\"urlTemplate\":\"https:\\\/\\\/fuentesfidedignas.com.mx\\\/?s={search_term_string}\"},\"query-input\":{\"@type\":\"PropertyValueSpecification\",\"valueRequired\":true,\"valueName\":\"search_term_string\"}}],\"inLanguage\":\"es\"},{\"@type\":\"Organization\",\"@id\":\"https:\\\/\\\/fuentesfidedignas.com.mx\\\/#organization\",\"name\":\"Fuentes Fidedignas\",\"url\":\"https:\\\/\\\/fuentesfidedignas.com.mx\\\/\",\"logo\":{\"@type\":\"ImageObject\",\"inLanguage\":\"es\",\"@id\":\"https:\\\/\\\/fuentesfidedignas.com.mx\\\/#\\\/schema\\\/logo\\\/image\\\/\",\"url\":\"https:\\\/\\\/fuentesfidedignas.com.mx\\\/wp-content\\\/uploads\\\/2021\\\/04\\\/logo-retina.png\",\"contentUrl\":\"https:\\\/\\\/fuentesfidedignas.com.mx\\\/wp-content\\\/uploads\\\/2021\\\/04\\\/logo-retina.png\",\"width\":280,\"height\":51,\"caption\":\"Fuentes Fidedignas\"},\"image\":{\"@id\":\"https:\\\/\\\/fuentesfidedignas.com.mx\\\/#\\\/schema\\\/logo\\\/image\\\/\"},\"sameAs\":[\"https:\\\/\\\/www.facebook.com\\\/Fuentes-Fidedignas-368234489921644\",\"https:\\\/\\\/x.com\\\/fidedignas\"]},{\"@type\":\"Person\",\"@id\":\"https:\\\/\\\/fuentesfidedignas.com.mx\\\/#\\\/schema\\\/person\\\/67d852f0557c8509146a4b9ddebd543a\",\"name\":\"L\u00f3pez D\u00f3riga\",\"image\":{\"@type\":\"ImageObject\",\"inLanguage\":\"es\",\"@id\":\"https:\\\/\\\/secure.gravatar.com\\\/avatar\\\/e525b06574ca18b33cded59dfe5778d6c823b9513154eff47da551b0551bdd1e?s=96&d=mm&r=g\",\"url\":\"https:\\\/\\\/secure.gravatar.com\\\/avatar\\\/e525b06574ca18b33cded59dfe5778d6c823b9513154eff47da551b0551bdd1e?s=96&d=mm&r=g\",\"contentUrl\":\"https:\\\/\\\/secure.gravatar.com\\\/avatar\\\/e525b06574ca18b33cded59dfe5778d6c823b9513154eff47da551b0551bdd1e?s=96&d=mm&r=g\",\"caption\":\"L\u00f3pez D\u00f3riga\"},\"url\":\"https:\\\/\\\/fuentesfidedignas.com.mx\\\/index.php\\\/author\\\/doriga\\\/\"}]}<\/script>\n<!-- \/ Yoast SEO plugin. -->","yoast_head_json":{"title":"Detienen a integrante del C\u00e1rtel del Pac\u00edfico con 700 kilos de coca\u00edna - Fuentes Fidedignas","robots":{"index":"index","follow":"follow","max-snippet":"max-snippet:-1","max-image-preview":"max-image-preview:large","max-video-preview":"max-video-preview:-1"},"canonical":"https:\/\/fuentesfidedignas.com.mx\/index.php\/2025\/05\/26\/detienen-a-integrante-del-cartel-del-pacifico-con-700-kilos-de-cocaina\/","og_locale":"es_MX","og_type":"article","og_title":"Detienen a integrante del C\u00e1rtel del Pac\u00edfico con 700 kilos de coca\u00edna - Fuentes Fidedignas","og_description":"Jorge Alberto \u201cN\u201d, presunto integrante del C\u00e1rtel del Pac\u00edfico, trasnportaba en un tractocami\u00f3n m\u00e1s de 700 kilos de coca\u00edna Omar Garc\u00eda Harfuch, secretario de Seguridad y Protecci\u00f3n Ciudadana (SSPC) confirm\u00f3 la detenci\u00f3n de Jorge Alberto \u201cN\u201d, presunto integrante del C\u00e1rtel del Pac\u00edfico, a quien le fueron decomisados m\u00e1s de 700 kilos de coca\u00edna que transportaba [&hellip;]","og_url":"https:\/\/fuentesfidedignas.com.mx\/index.php\/2025\/05\/26\/detienen-a-integrante-del-cartel-del-pacifico-con-700-kilos-de-cocaina\/","og_site_name":"Fuentes Fidedignas","article_publisher":"https:\/\/www.facebook.com\/Fuentes-Fidedignas-368234489921644","article_published_time":"2025-05-26T23:57:09+00:00","article_modified_time":"2025-05-26T23:57:12+00:00","og_image":[{"width":600,"height":400,"url":"https:\/\/fuentesfidedignas.com.mx\/wp-content\/uploads\/2025\/05\/700-kilos-cocaina-san-luis-rio-colorado-sonora-cartel-del-pacifico.jpg","type":"image\/jpeg"}],"author":"L\u00f3pez D\u00f3riga","twitter_card":"summary_large_image","twitter_creator":"@fidedignas","twitter_site":"@fidedignas","twitter_misc":{"Escrito por":"L\u00f3pez D\u00f3riga","Tiempo de lectura":"2 minutos"},"schema":{"@context":"https:\/\/schema.org","@graph":[{"@type":"Article","@id":"https:\/\/fuentesfidedignas.com.mx\/index.php\/2025\/05\/26\/detienen-a-integrante-del-cartel-del-pacifico-con-700-kilos-de-cocaina\/#article","isPartOf":{"@id":"https:\/\/fuentesfidedignas.com.mx\/index.php\/2025\/05\/26\/detienen-a-integrante-del-cartel-del-pacifico-con-700-kilos-de-cocaina\/"},"author":{"name":"L\u00f3pez D\u00f3riga","@id":"https:\/\/fuentesfidedignas.com.mx\/#\/schema\/person\/67d852f0557c8509146a4b9ddebd543a"},"headline":"Detienen a integrante del C\u00e1rtel del Pac\u00edfico con 700 kilos de coca\u00edna","datePublished":"2025-05-26T23:57:09+00:00","dateModified":"2025-05-26T23:57:12+00:00","mainEntityOfPage":{"@id":"https:\/\/fuentesfidedignas.com.mx\/index.php\/2025\/05\/26\/detienen-a-integrante-del-cartel-del-pacifico-con-700-kilos-de-cocaina\/"},"wordCount":377,"commentCount":0,"publisher":{"@id":"https:\/\/fuentesfidedignas.com.mx\/#organization"},"image":{"@id":"https:\/\/fuentesfidedignas.com.mx\/index.php\/2025\/05\/26\/detienen-a-integrante-del-cartel-del-pacifico-con-700-kilos-de-cocaina\/#primaryimage"},"thumbnailUrl":"https:\/\/fuentesfidedignas.com.mx\/wp-content\/uploads\/2025\/05\/700-kilos-cocaina-san-luis-rio-colorado-sonora-cartel-del-pacifico.jpg","articleSection":["NOTICIAS NACIONALES"],"inLanguage":"es","potentialAction":[{"@type":"CommentAction","name":"Comment","target":["https:\/\/fuentesfidedignas.com.mx\/index.php\/2025\/05\/26\/detienen-a-integrante-del-cartel-del-pacifico-con-700-kilos-de-cocaina\/#respond"]}]},{"@type":"WebPage","@id":"https:\/\/fuentesfidedignas.com.mx\/index.php\/2025\/05\/26\/detienen-a-integrante-del-cartel-del-pacifico-con-700-kilos-de-cocaina\/","url":"https:\/\/fuentesfidedignas.com.mx\/index.php\/2025\/05\/26\/detienen-a-integrante-del-cartel-del-pacifico-con-700-kilos-de-cocaina\/","name":"Detienen a integrante del C\u00e1rtel del Pac\u00edfico con 700 kilos de coca\u00edna - Fuentes Fidedignas","isPartOf":{"@id":"https:\/\/fuentesfidedignas.com.mx\/#website"},"primaryImageOfPage":{"@id":"https:\/\/fuentesfidedignas.com.mx\/index.php\/2025\/05\/26\/detienen-a-integrante-del-cartel-del-pacifico-con-700-kilos-de-cocaina\/#primaryimage"},"image":{"@id":"https:\/\/fuentesfidedignas.com.mx\/index.php\/2025\/05\/26\/detienen-a-integrante-del-cartel-del-pacifico-con-700-kilos-de-cocaina\/#primaryimage"},"thumbnailUrl":"https:\/\/fuentesfidedignas.com.mx\/wp-content\/uploads\/2025\/05\/700-kilos-cocaina-san-luis-rio-colorado-sonora-cartel-del-pacifico.jpg","datePublished":"2025-05-26T23:57:09+00:00","dateModified":"2025-05-26T23:57:12+00:00","breadcrumb":{"@id":"https:\/\/fuentesfidedignas.com.mx\/index.php\/2025\/05\/26\/detienen-a-integrante-del-cartel-del-pacifico-con-700-kilos-de-cocaina\/#breadcrumb"},"inLanguage":"es","potentialAction":[{"@type":"ReadAction","target":["https:\/\/fuentesfidedignas.com.mx\/index.php\/2025\/05\/26\/detienen-a-integrante-del-cartel-del-pacifico-con-700-kilos-de-cocaina\/"]}]},{"@type":"ImageObject","inLanguage":"es","@id":"https:\/\/fuentesfidedignas.com.mx\/index.php\/2025\/05\/26\/detienen-a-integrante-del-cartel-del-pacifico-con-700-kilos-de-cocaina\/#primaryimage","url":"https:\/\/fuentesfidedignas.com.mx\/wp-content\/uploads\/2025\/05\/700-kilos-cocaina-san-luis-rio-colorado-sonora-cartel-del-pacifico.jpg","contentUrl":"https:\/\/fuentesfidedignas.com.mx\/wp-content\/uploads\/2025\/05\/700-kilos-cocaina-san-luis-rio-colorado-sonora-cartel-del-pacifico.jpg","width":600,"height":400},{"@type":"BreadcrumbList","@id":"https:\/\/fuentesfidedignas.com.mx\/index.php\/2025\/05\/26\/detienen-a-integrante-del-cartel-del-pacifico-con-700-kilos-de-cocaina\/#breadcrumb","itemListElement":[{"@type":"ListItem","position":1,"name":"Inicio","item":"https:\/\/fuentesfidedignas.com.mx\/"},{"@type":"ListItem","position":2,"name":"Detienen a integrante del C\u00e1rtel del Pac\u00edfico con 700 kilos de coca\u00edna"}]},{"@type":"WebSite","@id":"https:\/\/fuentesfidedignas.com.mx\/#website","url":"https:\/\/fuentesfidedignas.com.mx\/","name":"Fuentes Fidedignas","description":"Otro sitio realizado con WordPress","publisher":{"@id":"https:\/\/fuentesfidedignas.com.mx\/#organization"},"potentialAction":[{"@type":"SearchAction","target":{"@type":"EntryPoint","urlTemplate":"https:\/\/fuentesfidedignas.com.mx\/?s={search_term_string}"},"query-input":{"@type":"PropertyValueSpecification","valueRequired":true,"valueName":"search_term_string"}}],"inLanguage":"es"},{"@type":"Organization","@id":"https:\/\/fuentesfidedignas.com.mx\/#organization","name":"Fuentes Fidedignas","url":"https:\/\/fuentesfidedignas.com.mx\/","logo":{"@type":"ImageObject","inLanguage":"es","@id":"https:\/\/fuentesfidedignas.com.mx\/#\/schema\/logo\/image\/","url":"https:\/\/fuentesfidedignas.com.mx\/wp-content\/uploads\/2021\/04\/logo-retina.png","contentUrl":"https:\/\/fuentesfidedignas.com.mx\/wp-content\/uploads\/2021\/04\/logo-retina.png","width":280,"height":51,"caption":"Fuentes Fidedignas"},"image":{"@id":"https:\/\/fuentesfidedignas.com.mx\/#\/schema\/logo\/image\/"},"sameAs":["https:\/\/www.facebook.com\/Fuentes-Fidedignas-368234489921644","https:\/\/x.com\/fidedignas"]},{"@type":"Person","@id":"https:\/\/fuentesfidedignas.com.mx\/#\/schema\/person\/67d852f0557c8509146a4b9ddebd543a","name":"L\u00f3pez D\u00f3riga","image":{"@type":"ImageObject","inLanguage":"es","@id":"https:\/\/secure.gravatar.com\/avatar\/e525b06574ca18b33cded59dfe5778d6c823b9513154eff47da551b0551bdd1e?s=96&d=mm&r=g","url":"https:\/\/secure.gravatar.com\/avatar\/e525b06574ca18b33cded59dfe5778d6c823b9513154eff47da551b0551bdd1e?s=96&d=mm&r=g","contentUrl":"https:\/\/secure.gravatar.com\/avatar\/e525b06574ca18b33cded59dfe5778d6c823b9513154eff47da551b0551bdd1e?s=96&d=mm&r=g","caption":"L\u00f3pez D\u00f3riga"},"url":"https:\/\/fuentesfidedignas.com.mx\/index.php\/author\/doriga\/"}]}},"_links":{"self":[{"href":"https:\/\/fuentesfidedignas.com.mx\/index.php\/wp-json\/wp\/v2\/posts\/109183","targetHints":{"allow":["GET"]}}],"collection":[{"href":"https:\/\/fuentesfidedignas.com.mx\/index.php\/wp-json\/wp\/v2\/posts"}],"about":[{"href":"https:\/\/fuentesfidedignas.com.mx\/index.php\/wp-json\/wp\/v2\/types\/post"}],"author":[{"embeddable":true,"href":"https:\/\/fuentesfidedignas.com.mx\/index.php\/wp-json\/wp\/v2\/users\/47"}],"replies":[{"embeddable":true,"href":"https:\/\/fuentesfidedignas.com.mx\/index.php\/wp-json\/wp\/v2\/comments?post=109183"}],"version-history":[{"count":1,"href":"https:\/\/fuentesfidedignas.com.mx\/index.php\/wp-json\/wp\/v2\/posts\/109183\/revisions"}],"predecessor-version":[{"id":109185,"href":"https:\/\/fuentesfidedignas.com.mx\/index.php\/wp-json\/wp\/v2\/posts\/109183\/revisions\/109185"}],"wp:featuredmedia":[{"embeddable":true,"href":"https:\/\/fuentesfidedignas.com.mx\/index.php\/wp-json\/wp\/v2\/media\/109184"}],"wp:attachment":[{"href":"https:\/\/fuentesfidedignas.com.mx\/index.php\/wp-json\/wp\/v2\/media?parent=109183"}],"wp:term":[{"taxonomy":"category","embeddable":true,"href":"https:\/\/fuentesfidedignas.com.mx\/index.php\/wp-json\/wp\/v2\/categories?post=109183"},{"taxonomy":"post_tag","embeddable":true,"href":"https:\/\/fuentesfidedignas.com.mx\/index.php\/wp-json\/wp\/v2\/tags?post=109183"}],"curies":[{"name":"wp","href":"https:\/\/api.w.org\/{rel}","templated":true}]}}