{"id":109141,"date":"2025-05-26T06:51:31","date_gmt":"2025-05-26T13:51:31","guid":{"rendered":"https:\/\/fuentesfidedignas.com.mx\/?p=109141"},"modified":"2025-05-26T06:51:38","modified_gmt":"2025-05-26T13:51:38","slug":"dictan-nuevo-auto-de-formal-prision-contra-tomas-yarrington","status":"publish","type":"post","link":"https:\/\/fuentesfidedignas.com.mx\/index.php\/2025\/05\/26\/dictan-nuevo-auto-de-formal-prision-contra-tomas-yarrington\/","title":{"rendered":"Dictan nuevo auto de formal prisi\u00f3n contra Tom\u00e1s Yarrington"},"content":{"rendered":"\n<p><strong><em>Se acusa al exgobernador Yarrington de presuntamente haber recibido recursos de una banda criminal con los que adquiri\u00f3 tres inmuebles<\/em><\/strong><\/p>\n\n\n\n<p>La Fiscal\u00eda General de la Rep\u00fablica (FGR) obtuvo un nuevo auto de formal prisi\u00f3n contra Tom\u00e1s Yarrington, exgobernador de Tamaulipas.<\/p>\n\n\n\n<p>El nuevo mandato judicial es por el delito de operaciones con recursos de procedencia il\u00edcita.<\/p>\n\n\n\n<p>Se acusa al exgobernador de presuntamente haber recibido \u201crecursos de una banda criminal con los que adquiri\u00f3, por interp\u00f3sita persona, tres inmuebles dentro y fuera del territorio nacional\u201d.<\/p>\n\n\n\n<figure class=\"wp-block-embed is-type-rich is-provider-twitter wp-block-embed-twitter\"><div class=\"wp-block-embed__wrapper\">\n<blockquote class=\"twitter-tweet\" data-width=\"550\" data-dnt=\"true\"><p lang=\"es\" dir=\"ltr\"><a href=\"https:\/\/twitter.com\/hashtag\/FGR?src=hash&amp;ref_src=twsrc%5Etfw\">#FGR<\/a> obtuvo auto de formal prisi\u00f3n contra Tom\u00e1s \u201cY\u201d, por delito de operaciones con recursos de procedencia il\u00edcita.<br>Actualmente, se encuentra interno en el Centro Federal de Reinserci\u00f3n Social n\u00famero Uno, Altiplano. 1\/2 <a href=\"https:\/\/t.co\/P9lzu8qIlG\">pic.twitter.com\/P9lzu8qIlG<\/a><\/p>&mdash; FGR M\u00e9xico (@FGRMexico) <a href=\"https:\/\/twitter.com\/FGRMexico\/status\/1926725581527290158?ref_src=twsrc%5Etfw\">May 25, 2025<\/a><\/blockquote><script async src=\"https:\/\/platform.twitter.com\/widgets.js\" charset=\"utf-8\"><\/script>\n<\/div><\/figure>\n\n\n\n<p>Cabe destacar que el exgobernador Yarrington se encuentra actualmente interno en el Centro Federal de Reinserci\u00f3n Social N\u00famero Uno, conocido como penal del Altiplano.<\/p>\n\n\n\n<p>Es se\u00f1alado de delitos contra la salud y por operaciones con recursos de procedencia il\u00edcita.<\/p>\n\n\n\n<p>El pasado 9 de abril fue deportado por el Gobierno de Estados Unidos, y entregado a las autoridades mexicanas en la Garita El Chaparral, en Tijuana, Baja California.<\/p>\n","protected":false},"excerpt":{"rendered":"<p>Se acusa al exgobernador Yarrington de presuntamente haber recibido recursos de una banda criminal con los que adquiri\u00f3 tres inmuebles La Fiscal\u00eda General de la Rep\u00fablica (FGR) obtuvo un nuevo auto de formal prisi\u00f3n contra Tom\u00e1s Yarrington, exgobernador de Tamaulipas. El nuevo mandato judicial es por el delito de operaciones con recursos de procedencia il\u00edcita. [&hellip;]<\/p>\n","protected":false},"author":47,"featured_media":105906,"comment_status":"open","ping_status":"open","sticky":false,"template":"","format":"standard","meta":{"tdm_status":"","tdm_grid_status":"","footnotes":""},"categories":[39],"tags":[],"class_list":{"0":"post-109141","1":"post","2":"type-post","3":"status-publish","4":"format-standard","5":"has-post-thumbnail","7":"category-noticias-nacionales"},"yoast_head":"<!-- This site is optimized with the Yoast SEO plugin v27.4 - https:\/\/yoast.com\/product\/yoast-seo-wordpress\/ -->\n<title>Dictan nuevo auto de formal prisi\u00f3n contra Tom\u00e1s Yarrington - Fuentes Fidedignas<\/title>\n<meta name=\"robots\" content=\"index, follow, max-snippet:-1, max-image-preview:large, max-video-preview:-1\" \/>\n<link rel=\"canonical\" href=\"https:\/\/fuentesfidedignas.com.mx\/index.php\/2025\/05\/26\/dictan-nuevo-auto-de-formal-prision-contra-tomas-yarrington\/\" \/>\n<meta property=\"og:locale\" content=\"es_MX\" \/>\n<meta property=\"og:type\" content=\"article\" \/>\n<meta property=\"og:title\" content=\"Dictan nuevo auto de formal prisi\u00f3n contra Tom\u00e1s Yarrington - Fuentes Fidedignas\" \/>\n<meta property=\"og:description\" content=\"Se acusa al exgobernador Yarrington de presuntamente haber recibido recursos de una banda criminal con los que adquiri\u00f3 tres inmuebles La Fiscal\u00eda General de la Rep\u00fablica (FGR) obtuvo un nuevo auto de formal prisi\u00f3n contra Tom\u00e1s Yarrington, exgobernador de Tamaulipas. El nuevo mandato judicial es por el delito de operaciones con recursos de procedencia il\u00edcita. [&hellip;]\" \/>\n<meta property=\"og:url\" content=\"https:\/\/fuentesfidedignas.com.mx\/index.php\/2025\/05\/26\/dictan-nuevo-auto-de-formal-prision-contra-tomas-yarrington\/\" \/>\n<meta property=\"og:site_name\" content=\"Fuentes Fidedignas\" \/>\n<meta property=\"article:publisher\" content=\"https:\/\/www.facebook.com\/Fuentes-Fidedignas-368234489921644\" \/>\n<meta property=\"article:published_time\" content=\"2025-05-26T13:51:31+00:00\" \/>\n<meta property=\"article:modified_time\" content=\"2025-05-26T13:51:38+00:00\" \/>\n<meta property=\"og:image\" content=\"https:\/\/fuentesfidedignas.com.mx\/wp-content\/uploads\/2025\/04\/deporta-eu-a-ex-gobernador-yarrington.jpg\" \/>\n\t<meta property=\"og:image:width\" content=\"625\" \/>\n\t<meta property=\"og:image:height\" content=\"478\" \/>\n\t<meta property=\"og:image:type\" content=\"image\/jpeg\" \/>\n<meta name=\"author\" content=\"L\u00f3pez D\u00f3riga\" \/>\n<meta name=\"twitter:card\" content=\"summary_large_image\" \/>\n<meta name=\"twitter:creator\" content=\"@fidedignas\" \/>\n<meta name=\"twitter:site\" content=\"@fidedignas\" \/>\n<meta name=\"twitter:label1\" content=\"Escrito por\" \/>\n\t<meta name=\"twitter:data1\" content=\"L\u00f3pez D\u00f3riga\" \/>\n\t<meta name=\"twitter:label2\" content=\"Tiempo de lectura\" \/>\n\t<meta name=\"twitter:data2\" content=\"1 minuto\" \/>\n<script type=\"application\/ld+json\" class=\"yoast-schema-graph\">{\"@context\":\"https:\\\/\\\/schema.org\",\"@graph\":[{\"@type\":\"Article\",\"@id\":\"https:\\\/\\\/fuentesfidedignas.com.mx\\\/index.php\\\/2025\\\/05\\\/26\\\/dictan-nuevo-auto-de-formal-prision-contra-tomas-yarrington\\\/#article\",\"isPartOf\":{\"@id\":\"https:\\\/\\\/fuentesfidedignas.com.mx\\\/index.php\\\/2025\\\/05\\\/26\\\/dictan-nuevo-auto-de-formal-prision-contra-tomas-yarrington\\\/\"},\"author\":{\"name\":\"L\u00f3pez D\u00f3riga\",\"@id\":\"https:\\\/\\\/fuentesfidedignas.com.mx\\\/#\\\/schema\\\/person\\\/67d852f0557c8509146a4b9ddebd543a\"},\"headline\":\"Dictan nuevo auto de formal prisi\u00f3n contra Tom\u00e1s Yarrington\",\"datePublished\":\"2025-05-26T13:51:31+00:00\",\"dateModified\":\"2025-05-26T13:51:38+00:00\",\"mainEntityOfPage\":{\"@id\":\"https:\\\/\\\/fuentesfidedignas.com.mx\\\/index.php\\\/2025\\\/05\\\/26\\\/dictan-nuevo-auto-de-formal-prision-contra-tomas-yarrington\\\/\"},\"wordCount\":175,\"commentCount\":0,\"publisher\":{\"@id\":\"https:\\\/\\\/fuentesfidedignas.com.mx\\\/#organization\"},\"image\":{\"@id\":\"https:\\\/\\\/fuentesfidedignas.com.mx\\\/index.php\\\/2025\\\/05\\\/26\\\/dictan-nuevo-auto-de-formal-prision-contra-tomas-yarrington\\\/#primaryimage\"},\"thumbnailUrl\":\"https:\\\/\\\/fuentesfidedignas.com.mx\\\/wp-content\\\/uploads\\\/2025\\\/04\\\/deporta-eu-a-ex-gobernador-yarrington.jpg\",\"articleSection\":[\"NOTICIAS NACIONALES\"],\"inLanguage\":\"es\",\"potentialAction\":[{\"@type\":\"CommentAction\",\"name\":\"Comment\",\"target\":[\"https:\\\/\\\/fuentesfidedignas.com.mx\\\/index.php\\\/2025\\\/05\\\/26\\\/dictan-nuevo-auto-de-formal-prision-contra-tomas-yarrington\\\/#respond\"]}]},{\"@type\":\"WebPage\",\"@id\":\"https:\\\/\\\/fuentesfidedignas.com.mx\\\/index.php\\\/2025\\\/05\\\/26\\\/dictan-nuevo-auto-de-formal-prision-contra-tomas-yarrington\\\/\",\"url\":\"https:\\\/\\\/fuentesfidedignas.com.mx\\\/index.php\\\/2025\\\/05\\\/26\\\/dictan-nuevo-auto-de-formal-prision-contra-tomas-yarrington\\\/\",\"name\":\"Dictan nuevo auto de formal prisi\u00f3n contra Tom\u00e1s Yarrington - Fuentes Fidedignas\",\"isPartOf\":{\"@id\":\"https:\\\/\\\/fuentesfidedignas.com.mx\\\/#website\"},\"primaryImageOfPage\":{\"@id\":\"https:\\\/\\\/fuentesfidedignas.com.mx\\\/index.php\\\/2025\\\/05\\\/26\\\/dictan-nuevo-auto-de-formal-prision-contra-tomas-yarrington\\\/#primaryimage\"},\"image\":{\"@id\":\"https:\\\/\\\/fuentesfidedignas.com.mx\\\/index.php\\\/2025\\\/05\\\/26\\\/dictan-nuevo-auto-de-formal-prision-contra-tomas-yarrington\\\/#primaryimage\"},\"thumbnailUrl\":\"https:\\\/\\\/fuentesfidedignas.com.mx\\\/wp-content\\\/uploads\\\/2025\\\/04\\\/deporta-eu-a-ex-gobernador-yarrington.jpg\",\"datePublished\":\"2025-05-26T13:51:31+00:00\",\"dateModified\":\"2025-05-26T13:51:38+00:00\",\"breadcrumb\":{\"@id\":\"https:\\\/\\\/fuentesfidedignas.com.mx\\\/index.php\\\/2025\\\/05\\\/26\\\/dictan-nuevo-auto-de-formal-prision-contra-tomas-yarrington\\\/#breadcrumb\"},\"inLanguage\":\"es\",\"potentialAction\":[{\"@type\":\"ReadAction\",\"target\":[\"https:\\\/\\\/fuentesfidedignas.com.mx\\\/index.php\\\/2025\\\/05\\\/26\\\/dictan-nuevo-auto-de-formal-prision-contra-tomas-yarrington\\\/\"]}]},{\"@type\":\"ImageObject\",\"inLanguage\":\"es\",\"@id\":\"https:\\\/\\\/fuentesfidedignas.com.mx\\\/index.php\\\/2025\\\/05\\\/26\\\/dictan-nuevo-auto-de-formal-prision-contra-tomas-yarrington\\\/#primaryimage\",\"url\":\"https:\\\/\\\/fuentesfidedignas.com.mx\\\/wp-content\\\/uploads\\\/2025\\\/04\\\/deporta-eu-a-ex-gobernador-yarrington.jpg\",\"contentUrl\":\"https:\\\/\\\/fuentesfidedignas.com.mx\\\/wp-content\\\/uploads\\\/2025\\\/04\\\/deporta-eu-a-ex-gobernador-yarrington.jpg\",\"width\":625,\"height\":478},{\"@type\":\"BreadcrumbList\",\"@id\":\"https:\\\/\\\/fuentesfidedignas.com.mx\\\/index.php\\\/2025\\\/05\\\/26\\\/dictan-nuevo-auto-de-formal-prision-contra-tomas-yarrington\\\/#breadcrumb\",\"itemListElement\":[{\"@type\":\"ListItem\",\"position\":1,\"name\":\"Inicio\",\"item\":\"https:\\\/\\\/fuentesfidedignas.com.mx\\\/\"},{\"@type\":\"ListItem\",\"position\":2,\"name\":\"Dictan nuevo auto de formal prisi\u00f3n contra Tom\u00e1s Yarrington\"}]},{\"@type\":\"WebSite\",\"@id\":\"https:\\\/\\\/fuentesfidedignas.com.mx\\\/#website\",\"url\":\"https:\\\/\\\/fuentesfidedignas.com.mx\\\/\",\"name\":\"Fuentes Fidedignas\",\"description\":\"Otro sitio realizado con WordPress\",\"publisher\":{\"@id\":\"https:\\\/\\\/fuentesfidedignas.com.mx\\\/#organization\"},\"potentialAction\":[{\"@type\":\"SearchAction\",\"target\":{\"@type\":\"EntryPoint\",\"urlTemplate\":\"https:\\\/\\\/fuentesfidedignas.com.mx\\\/?s={search_term_string}\"},\"query-input\":{\"@type\":\"PropertyValueSpecification\",\"valueRequired\":true,\"valueName\":\"search_term_string\"}}],\"inLanguage\":\"es\"},{\"@type\":\"Organization\",\"@id\":\"https:\\\/\\\/fuentesfidedignas.com.mx\\\/#organization\",\"name\":\"Fuentes Fidedignas\",\"url\":\"https:\\\/\\\/fuentesfidedignas.com.mx\\\/\",\"logo\":{\"@type\":\"ImageObject\",\"inLanguage\":\"es\",\"@id\":\"https:\\\/\\\/fuentesfidedignas.com.mx\\\/#\\\/schema\\\/logo\\\/image\\\/\",\"url\":\"https:\\\/\\\/fuentesfidedignas.com.mx\\\/wp-content\\\/uploads\\\/2021\\\/04\\\/logo-retina.png\",\"contentUrl\":\"https:\\\/\\\/fuentesfidedignas.com.mx\\\/wp-content\\\/uploads\\\/2021\\\/04\\\/logo-retina.png\",\"width\":280,\"height\":51,\"caption\":\"Fuentes Fidedignas\"},\"image\":{\"@id\":\"https:\\\/\\\/fuentesfidedignas.com.mx\\\/#\\\/schema\\\/logo\\\/image\\\/\"},\"sameAs\":[\"https:\\\/\\\/www.facebook.com\\\/Fuentes-Fidedignas-368234489921644\",\"https:\\\/\\\/x.com\\\/fidedignas\"]},{\"@type\":\"Person\",\"@id\":\"https:\\\/\\\/fuentesfidedignas.com.mx\\\/#\\\/schema\\\/person\\\/67d852f0557c8509146a4b9ddebd543a\",\"name\":\"L\u00f3pez D\u00f3riga\",\"image\":{\"@type\":\"ImageObject\",\"inLanguage\":\"es\",\"@id\":\"https:\\\/\\\/secure.gravatar.com\\\/avatar\\\/e525b06574ca18b33cded59dfe5778d6c823b9513154eff47da551b0551bdd1e?s=96&d=mm&r=g\",\"url\":\"https:\\\/\\\/secure.gravatar.com\\\/avatar\\\/e525b06574ca18b33cded59dfe5778d6c823b9513154eff47da551b0551bdd1e?s=96&d=mm&r=g\",\"contentUrl\":\"https:\\\/\\\/secure.gravatar.com\\\/avatar\\\/e525b06574ca18b33cded59dfe5778d6c823b9513154eff47da551b0551bdd1e?s=96&d=mm&r=g\",\"caption\":\"L\u00f3pez D\u00f3riga\"},\"url\":\"https:\\\/\\\/fuentesfidedignas.com.mx\\\/index.php\\\/author\\\/doriga\\\/\"}]}<\/script>\n<!-- \/ Yoast SEO plugin. -->","yoast_head_json":{"title":"Dictan nuevo auto de formal prisi\u00f3n contra Tom\u00e1s Yarrington - Fuentes Fidedignas","robots":{"index":"index","follow":"follow","max-snippet":"max-snippet:-1","max-image-preview":"max-image-preview:large","max-video-preview":"max-video-preview:-1"},"canonical":"https:\/\/fuentesfidedignas.com.mx\/index.php\/2025\/05\/26\/dictan-nuevo-auto-de-formal-prision-contra-tomas-yarrington\/","og_locale":"es_MX","og_type":"article","og_title":"Dictan nuevo auto de formal prisi\u00f3n contra Tom\u00e1s Yarrington - Fuentes Fidedignas","og_description":"Se acusa al exgobernador Yarrington de presuntamente haber recibido recursos de una banda criminal con los que adquiri\u00f3 tres inmuebles La Fiscal\u00eda General de la Rep\u00fablica (FGR) obtuvo un nuevo auto de formal prisi\u00f3n contra Tom\u00e1s Yarrington, exgobernador de Tamaulipas. El nuevo mandato judicial es por el delito de operaciones con recursos de procedencia il\u00edcita. [&hellip;]","og_url":"https:\/\/fuentesfidedignas.com.mx\/index.php\/2025\/05\/26\/dictan-nuevo-auto-de-formal-prision-contra-tomas-yarrington\/","og_site_name":"Fuentes Fidedignas","article_publisher":"https:\/\/www.facebook.com\/Fuentes-Fidedignas-368234489921644","article_published_time":"2025-05-26T13:51:31+00:00","article_modified_time":"2025-05-26T13:51:38+00:00","og_image":[{"width":625,"height":478,"url":"https:\/\/fuentesfidedignas.com.mx\/wp-content\/uploads\/2025\/04\/deporta-eu-a-ex-gobernador-yarrington.jpg","type":"image\/jpeg"}],"author":"L\u00f3pez D\u00f3riga","twitter_card":"summary_large_image","twitter_creator":"@fidedignas","twitter_site":"@fidedignas","twitter_misc":{"Escrito por":"L\u00f3pez D\u00f3riga","Tiempo de lectura":"1 minuto"},"schema":{"@context":"https:\/\/schema.org","@graph":[{"@type":"Article","@id":"https:\/\/fuentesfidedignas.com.mx\/index.php\/2025\/05\/26\/dictan-nuevo-auto-de-formal-prision-contra-tomas-yarrington\/#article","isPartOf":{"@id":"https:\/\/fuentesfidedignas.com.mx\/index.php\/2025\/05\/26\/dictan-nuevo-auto-de-formal-prision-contra-tomas-yarrington\/"},"author":{"name":"L\u00f3pez D\u00f3riga","@id":"https:\/\/fuentesfidedignas.com.mx\/#\/schema\/person\/67d852f0557c8509146a4b9ddebd543a"},"headline":"Dictan nuevo auto de formal prisi\u00f3n contra Tom\u00e1s Yarrington","datePublished":"2025-05-26T13:51:31+00:00","dateModified":"2025-05-26T13:51:38+00:00","mainEntityOfPage":{"@id":"https:\/\/fuentesfidedignas.com.mx\/index.php\/2025\/05\/26\/dictan-nuevo-auto-de-formal-prision-contra-tomas-yarrington\/"},"wordCount":175,"commentCount":0,"publisher":{"@id":"https:\/\/fuentesfidedignas.com.mx\/#organization"},"image":{"@id":"https:\/\/fuentesfidedignas.com.mx\/index.php\/2025\/05\/26\/dictan-nuevo-auto-de-formal-prision-contra-tomas-yarrington\/#primaryimage"},"thumbnailUrl":"https:\/\/fuentesfidedignas.com.mx\/wp-content\/uploads\/2025\/04\/deporta-eu-a-ex-gobernador-yarrington.jpg","articleSection":["NOTICIAS NACIONALES"],"inLanguage":"es","potentialAction":[{"@type":"CommentAction","name":"Comment","target":["https:\/\/fuentesfidedignas.com.mx\/index.php\/2025\/05\/26\/dictan-nuevo-auto-de-formal-prision-contra-tomas-yarrington\/#respond"]}]},{"@type":"WebPage","@id":"https:\/\/fuentesfidedignas.com.mx\/index.php\/2025\/05\/26\/dictan-nuevo-auto-de-formal-prision-contra-tomas-yarrington\/","url":"https:\/\/fuentesfidedignas.com.mx\/index.php\/2025\/05\/26\/dictan-nuevo-auto-de-formal-prision-contra-tomas-yarrington\/","name":"Dictan nuevo auto de formal prisi\u00f3n contra Tom\u00e1s Yarrington - Fuentes Fidedignas","isPartOf":{"@id":"https:\/\/fuentesfidedignas.com.mx\/#website"},"primaryImageOfPage":{"@id":"https:\/\/fuentesfidedignas.com.mx\/index.php\/2025\/05\/26\/dictan-nuevo-auto-de-formal-prision-contra-tomas-yarrington\/#primaryimage"},"image":{"@id":"https:\/\/fuentesfidedignas.com.mx\/index.php\/2025\/05\/26\/dictan-nuevo-auto-de-formal-prision-contra-tomas-yarrington\/#primaryimage"},"thumbnailUrl":"https:\/\/fuentesfidedignas.com.mx\/wp-content\/uploads\/2025\/04\/deporta-eu-a-ex-gobernador-yarrington.jpg","datePublished":"2025-05-26T13:51:31+00:00","dateModified":"2025-05-26T13:51:38+00:00","breadcrumb":{"@id":"https:\/\/fuentesfidedignas.com.mx\/index.php\/2025\/05\/26\/dictan-nuevo-auto-de-formal-prision-contra-tomas-yarrington\/#breadcrumb"},"inLanguage":"es","potentialAction":[{"@type":"ReadAction","target":["https:\/\/fuentesfidedignas.com.mx\/index.php\/2025\/05\/26\/dictan-nuevo-auto-de-formal-prision-contra-tomas-yarrington\/"]}]},{"@type":"ImageObject","inLanguage":"es","@id":"https:\/\/fuentesfidedignas.com.mx\/index.php\/2025\/05\/26\/dictan-nuevo-auto-de-formal-prision-contra-tomas-yarrington\/#primaryimage","url":"https:\/\/fuentesfidedignas.com.mx\/wp-content\/uploads\/2025\/04\/deporta-eu-a-ex-gobernador-yarrington.jpg","contentUrl":"https:\/\/fuentesfidedignas.com.mx\/wp-content\/uploads\/2025\/04\/deporta-eu-a-ex-gobernador-yarrington.jpg","width":625,"height":478},{"@type":"BreadcrumbList","@id":"https:\/\/fuentesfidedignas.com.mx\/index.php\/2025\/05\/26\/dictan-nuevo-auto-de-formal-prision-contra-tomas-yarrington\/#breadcrumb","itemListElement":[{"@type":"ListItem","position":1,"name":"Inicio","item":"https:\/\/fuentesfidedignas.com.mx\/"},{"@type":"ListItem","position":2,"name":"Dictan nuevo auto de formal prisi\u00f3n contra Tom\u00e1s Yarrington"}]},{"@type":"WebSite","@id":"https:\/\/fuentesfidedignas.com.mx\/#website","url":"https:\/\/fuentesfidedignas.com.mx\/","name":"Fuentes Fidedignas","description":"Otro sitio realizado con WordPress","publisher":{"@id":"https:\/\/fuentesfidedignas.com.mx\/#organization"},"potentialAction":[{"@type":"SearchAction","target":{"@type":"EntryPoint","urlTemplate":"https:\/\/fuentesfidedignas.com.mx\/?s={search_term_string}"},"query-input":{"@type":"PropertyValueSpecification","valueRequired":true,"valueName":"search_term_string"}}],"inLanguage":"es"},{"@type":"Organization","@id":"https:\/\/fuentesfidedignas.com.mx\/#organization","name":"Fuentes Fidedignas","url":"https:\/\/fuentesfidedignas.com.mx\/","logo":{"@type":"ImageObject","inLanguage":"es","@id":"https:\/\/fuentesfidedignas.com.mx\/#\/schema\/logo\/image\/","url":"https:\/\/fuentesfidedignas.com.mx\/wp-content\/uploads\/2021\/04\/logo-retina.png","contentUrl":"https:\/\/fuentesfidedignas.com.mx\/wp-content\/uploads\/2021\/04\/logo-retina.png","width":280,"height":51,"caption":"Fuentes Fidedignas"},"image":{"@id":"https:\/\/fuentesfidedignas.com.mx\/#\/schema\/logo\/image\/"},"sameAs":["https:\/\/www.facebook.com\/Fuentes-Fidedignas-368234489921644","https:\/\/x.com\/fidedignas"]},{"@type":"Person","@id":"https:\/\/fuentesfidedignas.com.mx\/#\/schema\/person\/67d852f0557c8509146a4b9ddebd543a","name":"L\u00f3pez D\u00f3riga","image":{"@type":"ImageObject","inLanguage":"es","@id":"https:\/\/secure.gravatar.com\/avatar\/e525b06574ca18b33cded59dfe5778d6c823b9513154eff47da551b0551bdd1e?s=96&d=mm&r=g","url":"https:\/\/secure.gravatar.com\/avatar\/e525b06574ca18b33cded59dfe5778d6c823b9513154eff47da551b0551bdd1e?s=96&d=mm&r=g","contentUrl":"https:\/\/secure.gravatar.com\/avatar\/e525b06574ca18b33cded59dfe5778d6c823b9513154eff47da551b0551bdd1e?s=96&d=mm&r=g","caption":"L\u00f3pez D\u00f3riga"},"url":"https:\/\/fuentesfidedignas.com.mx\/index.php\/author\/doriga\/"}]}},"_links":{"self":[{"href":"https:\/\/fuentesfidedignas.com.mx\/index.php\/wp-json\/wp\/v2\/posts\/109141","targetHints":{"allow":["GET"]}}],"collection":[{"href":"https:\/\/fuentesfidedignas.com.mx\/index.php\/wp-json\/wp\/v2\/posts"}],"about":[{"href":"https:\/\/fuentesfidedignas.com.mx\/index.php\/wp-json\/wp\/v2\/types\/post"}],"author":[{"embeddable":true,"href":"https:\/\/fuentesfidedignas.com.mx\/index.php\/wp-json\/wp\/v2\/users\/47"}],"replies":[{"embeddable":true,"href":"https:\/\/fuentesfidedignas.com.mx\/index.php\/wp-json\/wp\/v2\/comments?post=109141"}],"version-history":[{"count":1,"href":"https:\/\/fuentesfidedignas.com.mx\/index.php\/wp-json\/wp\/v2\/posts\/109141\/revisions"}],"predecessor-version":[{"id":109142,"href":"https:\/\/fuentesfidedignas.com.mx\/index.php\/wp-json\/wp\/v2\/posts\/109141\/revisions\/109142"}],"wp:featuredmedia":[{"embeddable":true,"href":"https:\/\/fuentesfidedignas.com.mx\/index.php\/wp-json\/wp\/v2\/media\/105906"}],"wp:attachment":[{"href":"https:\/\/fuentesfidedignas.com.mx\/index.php\/wp-json\/wp\/v2\/media?parent=109141"}],"wp:term":[{"taxonomy":"category","embeddable":true,"href":"https:\/\/fuentesfidedignas.com.mx\/index.php\/wp-json\/wp\/v2\/categories?post=109141"},{"taxonomy":"post_tag","embeddable":true,"href":"https:\/\/fuentesfidedignas.com.mx\/index.php\/wp-json\/wp\/v2\/tags?post=109141"}],"curies":[{"name":"wp","href":"https:\/\/api.w.org\/{rel}","templated":true}]}}