{"id":109105,"date":"2025-05-26T05:44:00","date_gmt":"2025-05-26T12:44:00","guid":{"rendered":"https:\/\/fuentesfidedignas.com.mx\/?p=109105"},"modified":"2025-05-25T17:52:15","modified_gmt":"2025-05-26T00:52:15","slug":"mujer-denuncia-robo-de-su-auto-pero-lo-habia-olvidado-estacionado","status":"publish","type":"post","link":"https:\/\/fuentesfidedignas.com.mx\/index.php\/2025\/05\/26\/mujer-denuncia-robo-de-su-auto-pero-lo-habia-olvidado-estacionado\/","title":{"rendered":"Mujer denuncia robo de su auto, pero lo hab\u00eda olvidado estacionado"},"content":{"rendered":"\n<p><strong><em>&#8220;Por un momento pens\u00e9 que me lo hab\u00edan robado&#8221;, expres\u00f3 la mujer por medio de un video difundido en las redes de la Secretar\u00eda de Seguridad P\u00fablica Municipal de Quer\u00e9taro.<\/em><\/strong><\/p>\n\n\n\n<p>Una mujer de Quer\u00e9taro se viraliz\u00f3 en redes sociales luego de que report\u00f3 el robo de su autom\u00f3vil, solo para descubrir, tras la intervenci\u00f3n de las autoridades, que en realidad hab\u00eda olvidado d\u00f3nde lo hab\u00eda estacionado.&nbsp;<\/p>\n\n\n\n<p>El hecho r\u00e1pidamente provoc\u00f3 decenas de reacciones en redes sociales, despu\u00e9s de que la Secretar\u00eda de Seguridad P\u00fablica Municipal de Quer\u00e9taro (SSPMQ) compartiera un video en el que la ciudadana agradec\u00eda el apoyo de los elementos de polic\u00eda que la ayudaron a resolver el malentendido.<\/p>\n\n\n\n<p><strong>\u00bfC\u00f3mo fue que la mujer report\u00f3 su veh\u00edculo como robado?<\/strong><br>El caso viral ocurri\u00f3 en el Centro Hist\u00f3rico de Quer\u00e9taro, cuando la mujer, cuya identidad a\u00fan se desconoce, se percat\u00f3 de que su veh\u00edculo ya no estaba en el lugar donde lo hab\u00eda dejado, por lo que decidi\u00f3 reportarlo a las autoridades.\u00a0<\/p>\n\n\n\n<p>Al recibir la alerta, elementos de la SSPMQ desplegaron r\u00e1pidamente un operativo de b\u00fasqueda por la zona del Centro Hist\u00f3rico, que incluy\u00f3 recorridos por las principales calles de la ciudad, hasta dar con el veh\u00edculo estacionado sobre la calle Jos\u00e9 Mar\u00eda Arteaga.<\/p>\n\n\n\n<p>Ante ello la joven grab\u00f3 un video en donde agradeci\u00f3 que los elementos le entregaron su veh\u00edculo y aclar\u00f3 que en realidad no fue robado sino que hab\u00eda olvidado en d\u00f3nde lo estacion\u00f3.&nbsp;<\/p>\n\n\n\n<p>&#8220;Hola, quiero agradecer a la polic\u00eda municipal de Quer\u00e9taro por ayudarme a encontrar mi coche. La verdad, por un momento pens\u00e9 que me lo hab\u00edan robado, pero se portaron muy, muy a la altura conmigo y, bueno, me ayudaron a localizarlo pronto. Muchas gracias&#8221;, expres\u00f3 la mujer.<\/p>\n\n\n\n<p>El incidente, que inicialmente pudo haber causado gran preocupaci\u00f3n, termin\u00f3 siendo un malentendido.\u00a0<\/p>\n\n\n\n<p><strong>\u00bfEn d\u00f3nde estaba el carro reportado como robado?<\/strong><br>Seg\u00fan la Secretar\u00eda, &#8220;el veh\u00edculo fue localizado sobre la calle Jos\u00e9 Mar\u00eda Arteaga, descartando que tuviera alg\u00fan da\u00f1o o robo, concluyendo que hab\u00eda olvidado el lugar donde lo estacion\u00f3&#8221;.\u00a0<\/p>\n\n\n\n<p>De acuerdo con la versi\u00f3n oficial, no se reportaron da\u00f1os en el coche ni indicios de robo, lo que permiti\u00f3 a la ciudadana recuperar su autom\u00f3vil sin contratiempos.<\/p>\n\n\n\n<p>El video de la SSPMQ&nbsp;r\u00e1pidamente alcanz\u00f3 miles de visualizaciones y comentarios por parte de los internautas de las redes sociales. Algunos destacaron la actitud de los polic\u00edas municipales, quienes actuaron de manera inmediata y colaborativa para resolver la situaci\u00f3n.&nbsp;<\/p>\n\n\n\n<p><strong>Mira el video aqu\u00ed:\u00a0<\/strong><\/p>\n\n\n\n<iframe loading=\"lazy\" src=\"https:\/\/www.facebook.com\/plugins\/post.php?href=https%3A%2F%2Fwww.facebook.com%2Fsspmqueretaro%2Fposts%2Fpfbid034MJfquoRYZ8kTqMKKJHPzFb68muT9NHYm9yyduKCiyCUjaGEq55ur82rje84NqXHl&#038;show_text=true&#038;width=500\" width=\"500\" height=\"773\" style=\"border:none;overflow:hidden\" scrolling=\"no\" frameborder=\"0\" allowfullscreen=\"true\" allow=\"autoplay; clipboard-write; encrypted-media; picture-in-picture; web-share\"><\/iframe>\n","protected":false},"excerpt":{"rendered":"<p>&#8220;Por un momento pens\u00e9 que me lo hab\u00edan robado&#8221;, expres\u00f3 la mujer por medio de un video difundido en las redes de la Secretar\u00eda de Seguridad P\u00fablica Municipal de Quer\u00e9taro. Una mujer de Quer\u00e9taro se viraliz\u00f3 en redes sociales luego de que report\u00f3 el robo de su autom\u00f3vil, solo para descubrir, tras la intervenci\u00f3n de [&hellip;]<\/p>\n","protected":false},"author":9,"featured_media":109106,"comment_status":"open","ping_status":"open","sticky":false,"template":"","format":"standard","meta":{"tdm_status":"","tdm_grid_status":"","footnotes":""},"categories":[40],"tags":[],"class_list":{"0":"post-109105","1":"post","2":"type-post","3":"status-publish","4":"format-standard","5":"has-post-thumbnail","7":"category-las-asombrosas"},"yoast_head":"<!-- This site is optimized with the Yoast SEO plugin v27.4 - https:\/\/yoast.com\/product\/yoast-seo-wordpress\/ -->\n<title>Mujer denuncia robo de su auto, pero lo hab\u00eda olvidado estacionado - Fuentes Fidedignas<\/title>\n<meta name=\"robots\" content=\"index, follow, max-snippet:-1, max-image-preview:large, max-video-preview:-1\" \/>\n<link rel=\"canonical\" href=\"https:\/\/fuentesfidedignas.com.mx\/index.php\/2025\/05\/26\/mujer-denuncia-robo-de-su-auto-pero-lo-habia-olvidado-estacionado\/\" \/>\n<meta property=\"og:locale\" content=\"es_MX\" \/>\n<meta property=\"og:type\" content=\"article\" \/>\n<meta property=\"og:title\" content=\"Mujer denuncia robo de su auto, pero lo hab\u00eda olvidado estacionado - Fuentes Fidedignas\" \/>\n<meta property=\"og:description\" content=\"&#8220;Por un momento pens\u00e9 que me lo hab\u00edan robado&#8221;, expres\u00f3 la mujer por medio de un video difundido en las redes de la Secretar\u00eda de Seguridad P\u00fablica Municipal de Quer\u00e9taro. Una mujer de Quer\u00e9taro se viraliz\u00f3 en redes sociales luego de que report\u00f3 el robo de su autom\u00f3vil, solo para descubrir, tras la intervenci\u00f3n de [&hellip;]\" \/>\n<meta property=\"og:url\" content=\"https:\/\/fuentesfidedignas.com.mx\/index.php\/2025\/05\/26\/mujer-denuncia-robo-de-su-auto-pero-lo-habia-olvidado-estacionado\/\" \/>\n<meta property=\"og:site_name\" content=\"Fuentes Fidedignas\" \/>\n<meta property=\"article:publisher\" content=\"https:\/\/www.facebook.com\/Fuentes-Fidedignas-368234489921644\" \/>\n<meta property=\"article:published_time\" content=\"2025-05-26T12:44:00+00:00\" \/>\n<meta property=\"og:image\" content=\"https:\/\/fuentesfidedignas.com.mx\/wp-content\/uploads\/2025\/05\/mujer_coche.jpg\" \/>\n\t<meta property=\"og:image:width\" content=\"600\" \/>\n\t<meta property=\"og:image:height\" content=\"330\" \/>\n\t<meta property=\"og:image:type\" content=\"image\/jpeg\" \/>\n<meta name=\"author\" content=\"Milenio\" \/>\n<meta name=\"twitter:card\" content=\"summary_large_image\" \/>\n<meta name=\"twitter:creator\" content=\"@fidedignas\" \/>\n<meta name=\"twitter:site\" content=\"@fidedignas\" \/>\n<meta name=\"twitter:label1\" content=\"Escrito por\" \/>\n\t<meta name=\"twitter:data1\" content=\"Milenio\" \/>\n\t<meta name=\"twitter:label2\" content=\"Tiempo de lectura\" \/>\n\t<meta name=\"twitter:data2\" content=\"3 minutos\" \/>\n<script type=\"application\/ld+json\" class=\"yoast-schema-graph\">{\"@context\":\"https:\\\/\\\/schema.org\",\"@graph\":[{\"@type\":\"Article\",\"@id\":\"https:\\\/\\\/fuentesfidedignas.com.mx\\\/index.php\\\/2025\\\/05\\\/26\\\/mujer-denuncia-robo-de-su-auto-pero-lo-habia-olvidado-estacionado\\\/#article\",\"isPartOf\":{\"@id\":\"https:\\\/\\\/fuentesfidedignas.com.mx\\\/index.php\\\/2025\\\/05\\\/26\\\/mujer-denuncia-robo-de-su-auto-pero-lo-habia-olvidado-estacionado\\\/\"},\"author\":{\"name\":\"Milenio\",\"@id\":\"https:\\\/\\\/fuentesfidedignas.com.mx\\\/#\\\/schema\\\/person\\\/47ec0135738f4b0c7495f06a77a2c976\"},\"headline\":\"Mujer denuncia robo de su auto, pero lo hab\u00eda olvidado estacionado\",\"datePublished\":\"2025-05-26T12:44:00+00:00\",\"mainEntityOfPage\":{\"@id\":\"https:\\\/\\\/fuentesfidedignas.com.mx\\\/index.php\\\/2025\\\/05\\\/26\\\/mujer-denuncia-robo-de-su-auto-pero-lo-habia-olvidado-estacionado\\\/\"},\"wordCount\":473,\"commentCount\":0,\"publisher\":{\"@id\":\"https:\\\/\\\/fuentesfidedignas.com.mx\\\/#organization\"},\"image\":{\"@id\":\"https:\\\/\\\/fuentesfidedignas.com.mx\\\/index.php\\\/2025\\\/05\\\/26\\\/mujer-denuncia-robo-de-su-auto-pero-lo-habia-olvidado-estacionado\\\/#primaryimage\"},\"thumbnailUrl\":\"https:\\\/\\\/fuentesfidedignas.com.mx\\\/wp-content\\\/uploads\\\/2025\\\/05\\\/mujer_coche.jpg\",\"articleSection\":[\"LAS ASOMBROSAS\"],\"inLanguage\":\"es\",\"potentialAction\":[{\"@type\":\"CommentAction\",\"name\":\"Comment\",\"target\":[\"https:\\\/\\\/fuentesfidedignas.com.mx\\\/index.php\\\/2025\\\/05\\\/26\\\/mujer-denuncia-robo-de-su-auto-pero-lo-habia-olvidado-estacionado\\\/#respond\"]}]},{\"@type\":\"WebPage\",\"@id\":\"https:\\\/\\\/fuentesfidedignas.com.mx\\\/index.php\\\/2025\\\/05\\\/26\\\/mujer-denuncia-robo-de-su-auto-pero-lo-habia-olvidado-estacionado\\\/\",\"url\":\"https:\\\/\\\/fuentesfidedignas.com.mx\\\/index.php\\\/2025\\\/05\\\/26\\\/mujer-denuncia-robo-de-su-auto-pero-lo-habia-olvidado-estacionado\\\/\",\"name\":\"Mujer denuncia robo de su auto, pero lo hab\u00eda olvidado estacionado - Fuentes Fidedignas\",\"isPartOf\":{\"@id\":\"https:\\\/\\\/fuentesfidedignas.com.mx\\\/#website\"},\"primaryImageOfPage\":{\"@id\":\"https:\\\/\\\/fuentesfidedignas.com.mx\\\/index.php\\\/2025\\\/05\\\/26\\\/mujer-denuncia-robo-de-su-auto-pero-lo-habia-olvidado-estacionado\\\/#primaryimage\"},\"image\":{\"@id\":\"https:\\\/\\\/fuentesfidedignas.com.mx\\\/index.php\\\/2025\\\/05\\\/26\\\/mujer-denuncia-robo-de-su-auto-pero-lo-habia-olvidado-estacionado\\\/#primaryimage\"},\"thumbnailUrl\":\"https:\\\/\\\/fuentesfidedignas.com.mx\\\/wp-content\\\/uploads\\\/2025\\\/05\\\/mujer_coche.jpg\",\"datePublished\":\"2025-05-26T12:44:00+00:00\",\"breadcrumb\":{\"@id\":\"https:\\\/\\\/fuentesfidedignas.com.mx\\\/index.php\\\/2025\\\/05\\\/26\\\/mujer-denuncia-robo-de-su-auto-pero-lo-habia-olvidado-estacionado\\\/#breadcrumb\"},\"inLanguage\":\"es\",\"potentialAction\":[{\"@type\":\"ReadAction\",\"target\":[\"https:\\\/\\\/fuentesfidedignas.com.mx\\\/index.php\\\/2025\\\/05\\\/26\\\/mujer-denuncia-robo-de-su-auto-pero-lo-habia-olvidado-estacionado\\\/\"]}]},{\"@type\":\"ImageObject\",\"inLanguage\":\"es\",\"@id\":\"https:\\\/\\\/fuentesfidedignas.com.mx\\\/index.php\\\/2025\\\/05\\\/26\\\/mujer-denuncia-robo-de-su-auto-pero-lo-habia-olvidado-estacionado\\\/#primaryimage\",\"url\":\"https:\\\/\\\/fuentesfidedignas.com.mx\\\/wp-content\\\/uploads\\\/2025\\\/05\\\/mujer_coche.jpg\",\"contentUrl\":\"https:\\\/\\\/fuentesfidedignas.com.mx\\\/wp-content\\\/uploads\\\/2025\\\/05\\\/mujer_coche.jpg\",\"width\":600,\"height\":330},{\"@type\":\"BreadcrumbList\",\"@id\":\"https:\\\/\\\/fuentesfidedignas.com.mx\\\/index.php\\\/2025\\\/05\\\/26\\\/mujer-denuncia-robo-de-su-auto-pero-lo-habia-olvidado-estacionado\\\/#breadcrumb\",\"itemListElement\":[{\"@type\":\"ListItem\",\"position\":1,\"name\":\"Inicio\",\"item\":\"https:\\\/\\\/fuentesfidedignas.com.mx\\\/\"},{\"@type\":\"ListItem\",\"position\":2,\"name\":\"Mujer denuncia robo de su auto, pero lo hab\u00eda olvidado estacionado\"}]},{\"@type\":\"WebSite\",\"@id\":\"https:\\\/\\\/fuentesfidedignas.com.mx\\\/#website\",\"url\":\"https:\\\/\\\/fuentesfidedignas.com.mx\\\/\",\"name\":\"Fuentes Fidedignas\",\"description\":\"Otro sitio realizado con WordPress\",\"publisher\":{\"@id\":\"https:\\\/\\\/fuentesfidedignas.com.mx\\\/#organization\"},\"potentialAction\":[{\"@type\":\"SearchAction\",\"target\":{\"@type\":\"EntryPoint\",\"urlTemplate\":\"https:\\\/\\\/fuentesfidedignas.com.mx\\\/?s={search_term_string}\"},\"query-input\":{\"@type\":\"PropertyValueSpecification\",\"valueRequired\":true,\"valueName\":\"search_term_string\"}}],\"inLanguage\":\"es\"},{\"@type\":\"Organization\",\"@id\":\"https:\\\/\\\/fuentesfidedignas.com.mx\\\/#organization\",\"name\":\"Fuentes Fidedignas\",\"url\":\"https:\\\/\\\/fuentesfidedignas.com.mx\\\/\",\"logo\":{\"@type\":\"ImageObject\",\"inLanguage\":\"es\",\"@id\":\"https:\\\/\\\/fuentesfidedignas.com.mx\\\/#\\\/schema\\\/logo\\\/image\\\/\",\"url\":\"https:\\\/\\\/fuentesfidedignas.com.mx\\\/wp-content\\\/uploads\\\/2021\\\/04\\\/logo-retina.png\",\"contentUrl\":\"https:\\\/\\\/fuentesfidedignas.com.mx\\\/wp-content\\\/uploads\\\/2021\\\/04\\\/logo-retina.png\",\"width\":280,\"height\":51,\"caption\":\"Fuentes Fidedignas\"},\"image\":{\"@id\":\"https:\\\/\\\/fuentesfidedignas.com.mx\\\/#\\\/schema\\\/logo\\\/image\\\/\"},\"sameAs\":[\"https:\\\/\\\/www.facebook.com\\\/Fuentes-Fidedignas-368234489921644\",\"https:\\\/\\\/x.com\\\/fidedignas\"]},{\"@type\":\"Person\",\"@id\":\"https:\\\/\\\/fuentesfidedignas.com.mx\\\/#\\\/schema\\\/person\\\/47ec0135738f4b0c7495f06a77a2c976\",\"name\":\"Milenio\",\"image\":{\"@type\":\"ImageObject\",\"inLanguage\":\"es\",\"@id\":\"https:\\\/\\\/secure.gravatar.com\\\/avatar\\\/acabf7b54753e51c2c76457954577c236b3b764789b19879565769739d1e4a75?s=96&d=mm&r=g\",\"url\":\"https:\\\/\\\/secure.gravatar.com\\\/avatar\\\/acabf7b54753e51c2c76457954577c236b3b764789b19879565769739d1e4a75?s=96&d=mm&r=g\",\"contentUrl\":\"https:\\\/\\\/secure.gravatar.com\\\/avatar\\\/acabf7b54753e51c2c76457954577c236b3b764789b19879565769739d1e4a75?s=96&d=mm&r=g\",\"caption\":\"Milenio\"},\"url\":\"https:\\\/\\\/fuentesfidedignas.com.mx\\\/index.php\\\/author\\\/milenio\\\/\"}]}<\/script>\n<!-- \/ Yoast SEO plugin. -->","yoast_head_json":{"title":"Mujer denuncia robo de su auto, pero lo hab\u00eda olvidado estacionado - Fuentes Fidedignas","robots":{"index":"index","follow":"follow","max-snippet":"max-snippet:-1","max-image-preview":"max-image-preview:large","max-video-preview":"max-video-preview:-1"},"canonical":"https:\/\/fuentesfidedignas.com.mx\/index.php\/2025\/05\/26\/mujer-denuncia-robo-de-su-auto-pero-lo-habia-olvidado-estacionado\/","og_locale":"es_MX","og_type":"article","og_title":"Mujer denuncia robo de su auto, pero lo hab\u00eda olvidado estacionado - Fuentes Fidedignas","og_description":"&#8220;Por un momento pens\u00e9 que me lo hab\u00edan robado&#8221;, expres\u00f3 la mujer por medio de un video difundido en las redes de la Secretar\u00eda de Seguridad P\u00fablica Municipal de Quer\u00e9taro. Una mujer de Quer\u00e9taro se viraliz\u00f3 en redes sociales luego de que report\u00f3 el robo de su autom\u00f3vil, solo para descubrir, tras la intervenci\u00f3n de [&hellip;]","og_url":"https:\/\/fuentesfidedignas.com.mx\/index.php\/2025\/05\/26\/mujer-denuncia-robo-de-su-auto-pero-lo-habia-olvidado-estacionado\/","og_site_name":"Fuentes Fidedignas","article_publisher":"https:\/\/www.facebook.com\/Fuentes-Fidedignas-368234489921644","article_published_time":"2025-05-26T12:44:00+00:00","og_image":[{"width":600,"height":330,"url":"https:\/\/fuentesfidedignas.com.mx\/wp-content\/uploads\/2025\/05\/mujer_coche.jpg","type":"image\/jpeg"}],"author":"Milenio","twitter_card":"summary_large_image","twitter_creator":"@fidedignas","twitter_site":"@fidedignas","twitter_misc":{"Escrito por":"Milenio","Tiempo de lectura":"3 minutos"},"schema":{"@context":"https:\/\/schema.org","@graph":[{"@type":"Article","@id":"https:\/\/fuentesfidedignas.com.mx\/index.php\/2025\/05\/26\/mujer-denuncia-robo-de-su-auto-pero-lo-habia-olvidado-estacionado\/#article","isPartOf":{"@id":"https:\/\/fuentesfidedignas.com.mx\/index.php\/2025\/05\/26\/mujer-denuncia-robo-de-su-auto-pero-lo-habia-olvidado-estacionado\/"},"author":{"name":"Milenio","@id":"https:\/\/fuentesfidedignas.com.mx\/#\/schema\/person\/47ec0135738f4b0c7495f06a77a2c976"},"headline":"Mujer denuncia robo de su auto, pero lo hab\u00eda olvidado estacionado","datePublished":"2025-05-26T12:44:00+00:00","mainEntityOfPage":{"@id":"https:\/\/fuentesfidedignas.com.mx\/index.php\/2025\/05\/26\/mujer-denuncia-robo-de-su-auto-pero-lo-habia-olvidado-estacionado\/"},"wordCount":473,"commentCount":0,"publisher":{"@id":"https:\/\/fuentesfidedignas.com.mx\/#organization"},"image":{"@id":"https:\/\/fuentesfidedignas.com.mx\/index.php\/2025\/05\/26\/mujer-denuncia-robo-de-su-auto-pero-lo-habia-olvidado-estacionado\/#primaryimage"},"thumbnailUrl":"https:\/\/fuentesfidedignas.com.mx\/wp-content\/uploads\/2025\/05\/mujer_coche.jpg","articleSection":["LAS ASOMBROSAS"],"inLanguage":"es","potentialAction":[{"@type":"CommentAction","name":"Comment","target":["https:\/\/fuentesfidedignas.com.mx\/index.php\/2025\/05\/26\/mujer-denuncia-robo-de-su-auto-pero-lo-habia-olvidado-estacionado\/#respond"]}]},{"@type":"WebPage","@id":"https:\/\/fuentesfidedignas.com.mx\/index.php\/2025\/05\/26\/mujer-denuncia-robo-de-su-auto-pero-lo-habia-olvidado-estacionado\/","url":"https:\/\/fuentesfidedignas.com.mx\/index.php\/2025\/05\/26\/mujer-denuncia-robo-de-su-auto-pero-lo-habia-olvidado-estacionado\/","name":"Mujer denuncia robo de su auto, pero lo hab\u00eda olvidado estacionado - Fuentes Fidedignas","isPartOf":{"@id":"https:\/\/fuentesfidedignas.com.mx\/#website"},"primaryImageOfPage":{"@id":"https:\/\/fuentesfidedignas.com.mx\/index.php\/2025\/05\/26\/mujer-denuncia-robo-de-su-auto-pero-lo-habia-olvidado-estacionado\/#primaryimage"},"image":{"@id":"https:\/\/fuentesfidedignas.com.mx\/index.php\/2025\/05\/26\/mujer-denuncia-robo-de-su-auto-pero-lo-habia-olvidado-estacionado\/#primaryimage"},"thumbnailUrl":"https:\/\/fuentesfidedignas.com.mx\/wp-content\/uploads\/2025\/05\/mujer_coche.jpg","datePublished":"2025-05-26T12:44:00+00:00","breadcrumb":{"@id":"https:\/\/fuentesfidedignas.com.mx\/index.php\/2025\/05\/26\/mujer-denuncia-robo-de-su-auto-pero-lo-habia-olvidado-estacionado\/#breadcrumb"},"inLanguage":"es","potentialAction":[{"@type":"ReadAction","target":["https:\/\/fuentesfidedignas.com.mx\/index.php\/2025\/05\/26\/mujer-denuncia-robo-de-su-auto-pero-lo-habia-olvidado-estacionado\/"]}]},{"@type":"ImageObject","inLanguage":"es","@id":"https:\/\/fuentesfidedignas.com.mx\/index.php\/2025\/05\/26\/mujer-denuncia-robo-de-su-auto-pero-lo-habia-olvidado-estacionado\/#primaryimage","url":"https:\/\/fuentesfidedignas.com.mx\/wp-content\/uploads\/2025\/05\/mujer_coche.jpg","contentUrl":"https:\/\/fuentesfidedignas.com.mx\/wp-content\/uploads\/2025\/05\/mujer_coche.jpg","width":600,"height":330},{"@type":"BreadcrumbList","@id":"https:\/\/fuentesfidedignas.com.mx\/index.php\/2025\/05\/26\/mujer-denuncia-robo-de-su-auto-pero-lo-habia-olvidado-estacionado\/#breadcrumb","itemListElement":[{"@type":"ListItem","position":1,"name":"Inicio","item":"https:\/\/fuentesfidedignas.com.mx\/"},{"@type":"ListItem","position":2,"name":"Mujer denuncia robo de su auto, pero lo hab\u00eda olvidado estacionado"}]},{"@type":"WebSite","@id":"https:\/\/fuentesfidedignas.com.mx\/#website","url":"https:\/\/fuentesfidedignas.com.mx\/","name":"Fuentes Fidedignas","description":"Otro sitio realizado con WordPress","publisher":{"@id":"https:\/\/fuentesfidedignas.com.mx\/#organization"},"potentialAction":[{"@type":"SearchAction","target":{"@type":"EntryPoint","urlTemplate":"https:\/\/fuentesfidedignas.com.mx\/?s={search_term_string}"},"query-input":{"@type":"PropertyValueSpecification","valueRequired":true,"valueName":"search_term_string"}}],"inLanguage":"es"},{"@type":"Organization","@id":"https:\/\/fuentesfidedignas.com.mx\/#organization","name":"Fuentes Fidedignas","url":"https:\/\/fuentesfidedignas.com.mx\/","logo":{"@type":"ImageObject","inLanguage":"es","@id":"https:\/\/fuentesfidedignas.com.mx\/#\/schema\/logo\/image\/","url":"https:\/\/fuentesfidedignas.com.mx\/wp-content\/uploads\/2021\/04\/logo-retina.png","contentUrl":"https:\/\/fuentesfidedignas.com.mx\/wp-content\/uploads\/2021\/04\/logo-retina.png","width":280,"height":51,"caption":"Fuentes Fidedignas"},"image":{"@id":"https:\/\/fuentesfidedignas.com.mx\/#\/schema\/logo\/image\/"},"sameAs":["https:\/\/www.facebook.com\/Fuentes-Fidedignas-368234489921644","https:\/\/x.com\/fidedignas"]},{"@type":"Person","@id":"https:\/\/fuentesfidedignas.com.mx\/#\/schema\/person\/47ec0135738f4b0c7495f06a77a2c976","name":"Milenio","image":{"@type":"ImageObject","inLanguage":"es","@id":"https:\/\/secure.gravatar.com\/avatar\/acabf7b54753e51c2c76457954577c236b3b764789b19879565769739d1e4a75?s=96&d=mm&r=g","url":"https:\/\/secure.gravatar.com\/avatar\/acabf7b54753e51c2c76457954577c236b3b764789b19879565769739d1e4a75?s=96&d=mm&r=g","contentUrl":"https:\/\/secure.gravatar.com\/avatar\/acabf7b54753e51c2c76457954577c236b3b764789b19879565769739d1e4a75?s=96&d=mm&r=g","caption":"Milenio"},"url":"https:\/\/fuentesfidedignas.com.mx\/index.php\/author\/milenio\/"}]}},"_links":{"self":[{"href":"https:\/\/fuentesfidedignas.com.mx\/index.php\/wp-json\/wp\/v2\/posts\/109105","targetHints":{"allow":["GET"]}}],"collection":[{"href":"https:\/\/fuentesfidedignas.com.mx\/index.php\/wp-json\/wp\/v2\/posts"}],"about":[{"href":"https:\/\/fuentesfidedignas.com.mx\/index.php\/wp-json\/wp\/v2\/types\/post"}],"author":[{"embeddable":true,"href":"https:\/\/fuentesfidedignas.com.mx\/index.php\/wp-json\/wp\/v2\/users\/9"}],"replies":[{"embeddable":true,"href":"https:\/\/fuentesfidedignas.com.mx\/index.php\/wp-json\/wp\/v2\/comments?post=109105"}],"version-history":[{"count":1,"href":"https:\/\/fuentesfidedignas.com.mx\/index.php\/wp-json\/wp\/v2\/posts\/109105\/revisions"}],"predecessor-version":[{"id":109107,"href":"https:\/\/fuentesfidedignas.com.mx\/index.php\/wp-json\/wp\/v2\/posts\/109105\/revisions\/109107"}],"wp:featuredmedia":[{"embeddable":true,"href":"https:\/\/fuentesfidedignas.com.mx\/index.php\/wp-json\/wp\/v2\/media\/109106"}],"wp:attachment":[{"href":"https:\/\/fuentesfidedignas.com.mx\/index.php\/wp-json\/wp\/v2\/media?parent=109105"}],"wp:term":[{"taxonomy":"category","embeddable":true,"href":"https:\/\/fuentesfidedignas.com.mx\/index.php\/wp-json\/wp\/v2\/categories?post=109105"},{"taxonomy":"post_tag","embeddable":true,"href":"https:\/\/fuentesfidedignas.com.mx\/index.php\/wp-json\/wp\/v2\/tags?post=109105"}],"curies":[{"name":"wp","href":"https:\/\/api.w.org\/{rel}","templated":true}]}}