{"id":109102,"date":"2025-05-26T05:36:00","date_gmt":"2025-05-26T12:36:00","guid":{"rendered":"https:\/\/fuentesfidedignas.com.mx\/?p=109102"},"modified":"2025-05-25T17:40:12","modified_gmt":"2025-05-26T00:40:12","slug":"confirman-seis-descendientes-vivos-de-leonardo-da-vinci-por-adn","status":"publish","type":"post","link":"https:\/\/fuentesfidedignas.com.mx\/index.php\/2025\/05\/26\/confirman-seis-descendientes-vivos-de-leonardo-da-vinci-por-adn\/","title":{"rendered":"Confirman seis descendientes vivos de Leonardo da Vinci por ADN"},"content":{"rendered":"\n<p><strong><em>Seis parientes vivos del linaje de Leonardo da Vinci comparten su cromosoma Y<\/em><\/strong><\/p>\n\n\n\n<p>n equipo internacional de investigadores logr\u00f3 identificar seis descendientes vivos por l\u00ednea masculina de la familia Da Vinci, cuyos perfiles gen\u00e9ticos comparten segmentos id\u00e9nticos del cromosoma Y con el linaje paterno de Leonardo da Vinci.<\/p>\n\n\n\n<p>El hallazgo fue revelado a trav\u00e9s del libro Gen\u00eca da Vinci. Genealog\u00eda y gen\u00e9tica del ADN de Leonardo, publicado como parte del Proyecto ADN Leonardo.<\/p>\n\n\n\n<p>La investigaci\u00f3n, resultado de 30 a\u00f1os de an\u00e1lisis geneal\u00f3gicos y estudios gen\u00e9ticos, establece una conexi\u00f3n directa con la familia paterna de Leonardo, remont\u00e1ndose hasta el a\u00f1o 1331, con un total de 21 generaciones y m\u00e1s de 400 individuos rastreados.<\/p>\n\n\n\n<p><strong>Un genio sin herederos directos, pero con linaje activo<\/strong><\/p>\n\n\n\n<p>Aunque Leonardo da Vinci (1452\u20131519) nunca tuvo hijos, los investigadores pudieron seguir el linaje a trav\u00e9s de sus 22 hermanastros, descendientes de su padre Piero da Vinci, lo que permiti\u00f3 rastrear a 15 descendientes por l\u00ednea masculina, de los cuales seis est\u00e1n vivos actualmente y participaron en los an\u00e1lisis de ADN.<\/p>\n\n\n\n<p>El cromosoma Y, que se transmite de padre a hijo, se ha mantenido gen\u00e9ticamente estable por m\u00e1s de 15 generaciones, seg\u00fan confirm\u00f3 David Caramelli, director del equipo gen\u00e9tico de la Universidad de Florencia.<\/p>\n\n\n\n<p><strong>Estudios en tumbas familiares<\/strong><br>La investigaci\u00f3n incluy\u00f3 tambi\u00e9n la exhumaci\u00f3n de restos \u00f3seos en una tumba familiar ubicada en la iglesia de Santa Croce de Vinci, donde se cree que reposan los restos del abuelo de Leonardo, su t\u00edo Francesco y varios hermanastros.<\/p>\n\n\n\n<p>Los fragmentos \u00f3seos analizados presentan caracter\u00edsticas compatibles con los datos geneal\u00f3gicos del linaje Da Vinci.<\/p>\n\n\n\n<p>Los an\u00e1lisis est\u00e1n en curso para verificar si el material gen\u00e9tico recuperado es lo suficientemente viable como para ser secuenciado y comparado con los perfiles actuales.<\/p>\n\n\n\n<p><strong>M\u00e1s all\u00e1 del ADN: casas, documentos y un dibujo oculto<\/strong><br>El trabajo no se limit\u00f3 al an\u00e1lisis gen\u00e9tico. A trav\u00e9s del estudio de registros antiguos, los autores identificaron siete propiedades de la familia Da Vinci en la zona de Vinci, as\u00ed como dos inmuebles que habr\u00edan pertenecido al propio Leonardo, heredados de su t\u00edo Francesco.<\/p>\n\n\n\n<p>Uno de los hallazgos m\u00e1s llamativos fue un dibujo al carboncillo descubierto en una chimenea de una antigua residencia en Vinci. El dibujo, apodado \u201cDrag\u00f3n Unicornio\u201d, muestra una criatura fant\u00e1stica con cuerno espiralado, escamas, alas y lengua flam\u00edgera. Por su estilo y trazo, los expertos no descartan que haya sido realizado por Leonardo en su juventud.<\/p>\n\n\n\n<p><strong>\u00bfLeonardo precursor de la epigen\u00e9tica?<\/strong><br>El libro tambi\u00e9n plantea que Leonardo da Vinci podr\u00eda haber anticipado conceptos similares a la epigen\u00e9tica moderna, bas\u00e1ndose en sus escritos sobre herencia y generaci\u00f3n. Seg\u00fan Agnese Sabato, coautora del libro, Leonardo reflexionaba sobre c\u00f3mo la dieta, la sangre o las emociones de los padres influ\u00edan en la descendencia, ideas que se alinean con nociones actuales sobre la expresi\u00f3n gen\u00e9tica influenciada por factores ambientales.<\/p>\n\n\n\n<p>\u201cEn sus estudios sobre la generaci\u00f3n, la concepci\u00f3n se convierte en un acto complejo donde se cruzan naturaleza, emoci\u00f3n y destino\u201d, escribi\u00f3 Sabato.<\/p>\n\n\n\n<p><strong>Limitaciones del estudio y pr\u00f3ximos pasos<\/strong><br>El proyecto a\u00fan enfrenta limitaciones importantes. Los investigadores reconocen que no existe ADN confirmado de Leonardo da Vinci y que los restos analizados provienen \u00fanicamente de familiares supuestos. Adem\u00e1s, el estudio no ha sido revisado por pares, por lo que los resultados deben considerarse preliminares.<\/p>\n\n\n\n<p>\u201cIncluso una diminuta huella dactilar en una p\u00e1gina podr\u00eda contener c\u00e9lulas para secuenciar\u201d, explic\u00f3 Jesse H. Ausubel, director del proyecto desde la Universidad Rockefeller.<\/p>\n\n\n\n<p>El proyecto, iniciado en 2016 con el apoyo de instituciones como la Universidad de Florencia, el Instituto J. Craig Venter y la Universidad Rockefeller, podr\u00eda marcar un nuevo hito en la intersecci\u00f3n entre historia, ciencia y cultura.<\/p>\n\n\n\n<p><\/p>\n","protected":false},"excerpt":{"rendered":"<p>Seis parientes vivos del linaje de Leonardo da Vinci comparten su cromosoma Y n equipo internacional de investigadores logr\u00f3 identificar seis descendientes vivos por l\u00ednea masculina de la familia Da Vinci, cuyos perfiles gen\u00e9ticos comparten segmentos id\u00e9nticos del cromosoma Y con el linaje paterno de Leonardo da Vinci. El hallazgo fue revelado a trav\u00e9s del [&hellip;]<\/p>\n","protected":false},"author":7,"featured_media":109103,"comment_status":"open","ping_status":"open","sticky":false,"template":"","format":"standard","meta":{"tdm_status":"","tdm_grid_status":"","footnotes":""},"categories":[40],"tags":[],"class_list":{"0":"post-109102","1":"post","2":"type-post","3":"status-publish","4":"format-standard","5":"has-post-thumbnail","7":"category-las-asombrosas"},"yoast_head":"<!-- This site is optimized with the Yoast SEO plugin v27.5 - https:\/\/yoast.com\/product\/yoast-seo-wordpress\/ -->\n<title>Confirman seis descendientes vivos de Leonardo da Vinci por ADN - Fuentes Fidedignas<\/title>\n<meta name=\"robots\" content=\"index, follow, max-snippet:-1, max-image-preview:large, max-video-preview:-1\" \/>\n<link rel=\"canonical\" href=\"https:\/\/fuentesfidedignas.com.mx\/index.php\/2025\/05\/26\/confirman-seis-descendientes-vivos-de-leonardo-da-vinci-por-adn\/\" \/>\n<meta property=\"og:locale\" content=\"es_MX\" \/>\n<meta property=\"og:type\" content=\"article\" \/>\n<meta property=\"og:title\" content=\"Confirman seis descendientes vivos de Leonardo da Vinci por ADN - Fuentes Fidedignas\" \/>\n<meta property=\"og:description\" content=\"Seis parientes vivos del linaje de Leonardo da Vinci comparten su cromosoma Y n equipo internacional de investigadores logr\u00f3 identificar seis descendientes vivos por l\u00ednea masculina de la familia Da Vinci, cuyos perfiles gen\u00e9ticos comparten segmentos id\u00e9nticos del cromosoma Y con el linaje paterno de Leonardo da Vinci. El hallazgo fue revelado a trav\u00e9s del [&hellip;]\" \/>\n<meta property=\"og:url\" content=\"https:\/\/fuentesfidedignas.com.mx\/index.php\/2025\/05\/26\/confirman-seis-descendientes-vivos-de-leonardo-da-vinci-por-adn\/\" \/>\n<meta property=\"og:site_name\" content=\"Fuentes Fidedignas\" \/>\n<meta property=\"article:publisher\" content=\"https:\/\/www.facebook.com\/Fuentes-Fidedignas-368234489921644\" \/>\n<meta property=\"article:published_time\" content=\"2025-05-26T12:36:00+00:00\" \/>\n<meta property=\"og:image\" content=\"https:\/\/fuentesfidedignas.com.mx\/wp-content\/uploads\/2025\/05\/da-vince.jpg\" \/>\n\t<meta property=\"og:image:width\" content=\"600\" \/>\n\t<meta property=\"og:image:height\" content=\"450\" \/>\n\t<meta property=\"og:image:type\" content=\"image\/jpeg\" \/>\n<meta name=\"author\" content=\"Exc\u00e9lsior\" \/>\n<meta name=\"twitter:card\" content=\"summary_large_image\" \/>\n<meta name=\"twitter:creator\" content=\"@fidedignas\" \/>\n<meta name=\"twitter:site\" content=\"@fidedignas\" \/>\n<meta name=\"twitter:label1\" content=\"Escrito por\" \/>\n\t<meta name=\"twitter:data1\" content=\"Exc\u00e9lsior\" \/>\n\t<meta name=\"twitter:label2\" content=\"Tiempo de lectura\" \/>\n\t<meta name=\"twitter:data2\" content=\"3 minutos\" \/>\n<script type=\"application\/ld+json\" class=\"yoast-schema-graph\">{\"@context\":\"https:\\\/\\\/schema.org\",\"@graph\":[{\"@type\":\"Article\",\"@id\":\"https:\\\/\\\/fuentesfidedignas.com.mx\\\/index.php\\\/2025\\\/05\\\/26\\\/confirman-seis-descendientes-vivos-de-leonardo-da-vinci-por-adn\\\/#article\",\"isPartOf\":{\"@id\":\"https:\\\/\\\/fuentesfidedignas.com.mx\\\/index.php\\\/2025\\\/05\\\/26\\\/confirman-seis-descendientes-vivos-de-leonardo-da-vinci-por-adn\\\/\"},\"author\":{\"name\":\"Exc\u00e9lsior\",\"@id\":\"https:\\\/\\\/fuentesfidedignas.com.mx\\\/#\\\/schema\\\/person\\\/ec4edd1fbf5efa3e44fce34fe2787780\"},\"headline\":\"Confirman seis descendientes vivos de Leonardo da Vinci por ADN\",\"datePublished\":\"2025-05-26T12:36:00+00:00\",\"mainEntityOfPage\":{\"@id\":\"https:\\\/\\\/fuentesfidedignas.com.mx\\\/index.php\\\/2025\\\/05\\\/26\\\/confirman-seis-descendientes-vivos-de-leonardo-da-vinci-por-adn\\\/\"},\"wordCount\":670,\"commentCount\":0,\"publisher\":{\"@id\":\"https:\\\/\\\/fuentesfidedignas.com.mx\\\/#organization\"},\"image\":{\"@id\":\"https:\\\/\\\/fuentesfidedignas.com.mx\\\/index.php\\\/2025\\\/05\\\/26\\\/confirman-seis-descendientes-vivos-de-leonardo-da-vinci-por-adn\\\/#primaryimage\"},\"thumbnailUrl\":\"https:\\\/\\\/fuentesfidedignas.com.mx\\\/wp-content\\\/uploads\\\/2025\\\/05\\\/da-vince.jpg\",\"articleSection\":[\"LAS ASOMBROSAS\"],\"inLanguage\":\"es\",\"potentialAction\":[{\"@type\":\"CommentAction\",\"name\":\"Comment\",\"target\":[\"https:\\\/\\\/fuentesfidedignas.com.mx\\\/index.php\\\/2025\\\/05\\\/26\\\/confirman-seis-descendientes-vivos-de-leonardo-da-vinci-por-adn\\\/#respond\"]}]},{\"@type\":\"WebPage\",\"@id\":\"https:\\\/\\\/fuentesfidedignas.com.mx\\\/index.php\\\/2025\\\/05\\\/26\\\/confirman-seis-descendientes-vivos-de-leonardo-da-vinci-por-adn\\\/\",\"url\":\"https:\\\/\\\/fuentesfidedignas.com.mx\\\/index.php\\\/2025\\\/05\\\/26\\\/confirman-seis-descendientes-vivos-de-leonardo-da-vinci-por-adn\\\/\",\"name\":\"Confirman seis descendientes vivos de Leonardo da Vinci por ADN - Fuentes Fidedignas\",\"isPartOf\":{\"@id\":\"https:\\\/\\\/fuentesfidedignas.com.mx\\\/#website\"},\"primaryImageOfPage\":{\"@id\":\"https:\\\/\\\/fuentesfidedignas.com.mx\\\/index.php\\\/2025\\\/05\\\/26\\\/confirman-seis-descendientes-vivos-de-leonardo-da-vinci-por-adn\\\/#primaryimage\"},\"image\":{\"@id\":\"https:\\\/\\\/fuentesfidedignas.com.mx\\\/index.php\\\/2025\\\/05\\\/26\\\/confirman-seis-descendientes-vivos-de-leonardo-da-vinci-por-adn\\\/#primaryimage\"},\"thumbnailUrl\":\"https:\\\/\\\/fuentesfidedignas.com.mx\\\/wp-content\\\/uploads\\\/2025\\\/05\\\/da-vince.jpg\",\"datePublished\":\"2025-05-26T12:36:00+00:00\",\"breadcrumb\":{\"@id\":\"https:\\\/\\\/fuentesfidedignas.com.mx\\\/index.php\\\/2025\\\/05\\\/26\\\/confirman-seis-descendientes-vivos-de-leonardo-da-vinci-por-adn\\\/#breadcrumb\"},\"inLanguage\":\"es\",\"potentialAction\":[{\"@type\":\"ReadAction\",\"target\":[\"https:\\\/\\\/fuentesfidedignas.com.mx\\\/index.php\\\/2025\\\/05\\\/26\\\/confirman-seis-descendientes-vivos-de-leonardo-da-vinci-por-adn\\\/\"]}]},{\"@type\":\"ImageObject\",\"inLanguage\":\"es\",\"@id\":\"https:\\\/\\\/fuentesfidedignas.com.mx\\\/index.php\\\/2025\\\/05\\\/26\\\/confirman-seis-descendientes-vivos-de-leonardo-da-vinci-por-adn\\\/#primaryimage\",\"url\":\"https:\\\/\\\/fuentesfidedignas.com.mx\\\/wp-content\\\/uploads\\\/2025\\\/05\\\/da-vince.jpg\",\"contentUrl\":\"https:\\\/\\\/fuentesfidedignas.com.mx\\\/wp-content\\\/uploads\\\/2025\\\/05\\\/da-vince.jpg\",\"width\":600,\"height\":450},{\"@type\":\"BreadcrumbList\",\"@id\":\"https:\\\/\\\/fuentesfidedignas.com.mx\\\/index.php\\\/2025\\\/05\\\/26\\\/confirman-seis-descendientes-vivos-de-leonardo-da-vinci-por-adn\\\/#breadcrumb\",\"itemListElement\":[{\"@type\":\"ListItem\",\"position\":1,\"name\":\"Inicio\",\"item\":\"https:\\\/\\\/fuentesfidedignas.com.mx\\\/\"},{\"@type\":\"ListItem\",\"position\":2,\"name\":\"Confirman seis descendientes vivos de Leonardo da Vinci por ADN\"}]},{\"@type\":\"WebSite\",\"@id\":\"https:\\\/\\\/fuentesfidedignas.com.mx\\\/#website\",\"url\":\"https:\\\/\\\/fuentesfidedignas.com.mx\\\/\",\"name\":\"Fuentes Fidedignas\",\"description\":\"Otro sitio realizado con WordPress\",\"publisher\":{\"@id\":\"https:\\\/\\\/fuentesfidedignas.com.mx\\\/#organization\"},\"potentialAction\":[{\"@type\":\"SearchAction\",\"target\":{\"@type\":\"EntryPoint\",\"urlTemplate\":\"https:\\\/\\\/fuentesfidedignas.com.mx\\\/?s={search_term_string}\"},\"query-input\":{\"@type\":\"PropertyValueSpecification\",\"valueRequired\":true,\"valueName\":\"search_term_string\"}}],\"inLanguage\":\"es\"},{\"@type\":\"Organization\",\"@id\":\"https:\\\/\\\/fuentesfidedignas.com.mx\\\/#organization\",\"name\":\"Fuentes Fidedignas\",\"url\":\"https:\\\/\\\/fuentesfidedignas.com.mx\\\/\",\"logo\":{\"@type\":\"ImageObject\",\"inLanguage\":\"es\",\"@id\":\"https:\\\/\\\/fuentesfidedignas.com.mx\\\/#\\\/schema\\\/logo\\\/image\\\/\",\"url\":\"https:\\\/\\\/fuentesfidedignas.com.mx\\\/wp-content\\\/uploads\\\/2021\\\/04\\\/logo-retina.png\",\"contentUrl\":\"https:\\\/\\\/fuentesfidedignas.com.mx\\\/wp-content\\\/uploads\\\/2021\\\/04\\\/logo-retina.png\",\"width\":280,\"height\":51,\"caption\":\"Fuentes Fidedignas\"},\"image\":{\"@id\":\"https:\\\/\\\/fuentesfidedignas.com.mx\\\/#\\\/schema\\\/logo\\\/image\\\/\"},\"sameAs\":[\"https:\\\/\\\/www.facebook.com\\\/Fuentes-Fidedignas-368234489921644\",\"https:\\\/\\\/x.com\\\/fidedignas\"]},{\"@type\":\"Person\",\"@id\":\"https:\\\/\\\/fuentesfidedignas.com.mx\\\/#\\\/schema\\\/person\\\/ec4edd1fbf5efa3e44fce34fe2787780\",\"name\":\"Exc\u00e9lsior\",\"image\":{\"@type\":\"ImageObject\",\"inLanguage\":\"es\",\"@id\":\"https:\\\/\\\/secure.gravatar.com\\\/avatar\\\/4b7ee9206b48be08447852b3f0814dbc7c0f3b51541b164f1464a2725614020b?s=96&d=mm&r=g\",\"url\":\"https:\\\/\\\/secure.gravatar.com\\\/avatar\\\/4b7ee9206b48be08447852b3f0814dbc7c0f3b51541b164f1464a2725614020b?s=96&d=mm&r=g\",\"contentUrl\":\"https:\\\/\\\/secure.gravatar.com\\\/avatar\\\/4b7ee9206b48be08447852b3f0814dbc7c0f3b51541b164f1464a2725614020b?s=96&d=mm&r=g\",\"caption\":\"Exc\u00e9lsior\"},\"url\":\"https:\\\/\\\/fuentesfidedignas.com.mx\\\/index.php\\\/author\\\/excelsior\\\/\"}]}<\/script>\n<!-- \/ Yoast SEO plugin. -->","yoast_head_json":{"title":"Confirman seis descendientes vivos de Leonardo da Vinci por ADN - Fuentes Fidedignas","robots":{"index":"index","follow":"follow","max-snippet":"max-snippet:-1","max-image-preview":"max-image-preview:large","max-video-preview":"max-video-preview:-1"},"canonical":"https:\/\/fuentesfidedignas.com.mx\/index.php\/2025\/05\/26\/confirman-seis-descendientes-vivos-de-leonardo-da-vinci-por-adn\/","og_locale":"es_MX","og_type":"article","og_title":"Confirman seis descendientes vivos de Leonardo da Vinci por ADN - Fuentes Fidedignas","og_description":"Seis parientes vivos del linaje de Leonardo da Vinci comparten su cromosoma Y n equipo internacional de investigadores logr\u00f3 identificar seis descendientes vivos por l\u00ednea masculina de la familia Da Vinci, cuyos perfiles gen\u00e9ticos comparten segmentos id\u00e9nticos del cromosoma Y con el linaje paterno de Leonardo da Vinci. El hallazgo fue revelado a trav\u00e9s del [&hellip;]","og_url":"https:\/\/fuentesfidedignas.com.mx\/index.php\/2025\/05\/26\/confirman-seis-descendientes-vivos-de-leonardo-da-vinci-por-adn\/","og_site_name":"Fuentes Fidedignas","article_publisher":"https:\/\/www.facebook.com\/Fuentes-Fidedignas-368234489921644","article_published_time":"2025-05-26T12:36:00+00:00","og_image":[{"width":600,"height":450,"url":"https:\/\/fuentesfidedignas.com.mx\/wp-content\/uploads\/2025\/05\/da-vince.jpg","type":"image\/jpeg"}],"author":"Exc\u00e9lsior","twitter_card":"summary_large_image","twitter_creator":"@fidedignas","twitter_site":"@fidedignas","twitter_misc":{"Escrito por":"Exc\u00e9lsior","Tiempo de lectura":"3 minutos"},"schema":{"@context":"https:\/\/schema.org","@graph":[{"@type":"Article","@id":"https:\/\/fuentesfidedignas.com.mx\/index.php\/2025\/05\/26\/confirman-seis-descendientes-vivos-de-leonardo-da-vinci-por-adn\/#article","isPartOf":{"@id":"https:\/\/fuentesfidedignas.com.mx\/index.php\/2025\/05\/26\/confirman-seis-descendientes-vivos-de-leonardo-da-vinci-por-adn\/"},"author":{"name":"Exc\u00e9lsior","@id":"https:\/\/fuentesfidedignas.com.mx\/#\/schema\/person\/ec4edd1fbf5efa3e44fce34fe2787780"},"headline":"Confirman seis descendientes vivos de Leonardo da Vinci por ADN","datePublished":"2025-05-26T12:36:00+00:00","mainEntityOfPage":{"@id":"https:\/\/fuentesfidedignas.com.mx\/index.php\/2025\/05\/26\/confirman-seis-descendientes-vivos-de-leonardo-da-vinci-por-adn\/"},"wordCount":670,"commentCount":0,"publisher":{"@id":"https:\/\/fuentesfidedignas.com.mx\/#organization"},"image":{"@id":"https:\/\/fuentesfidedignas.com.mx\/index.php\/2025\/05\/26\/confirman-seis-descendientes-vivos-de-leonardo-da-vinci-por-adn\/#primaryimage"},"thumbnailUrl":"https:\/\/fuentesfidedignas.com.mx\/wp-content\/uploads\/2025\/05\/da-vince.jpg","articleSection":["LAS ASOMBROSAS"],"inLanguage":"es","potentialAction":[{"@type":"CommentAction","name":"Comment","target":["https:\/\/fuentesfidedignas.com.mx\/index.php\/2025\/05\/26\/confirman-seis-descendientes-vivos-de-leonardo-da-vinci-por-adn\/#respond"]}]},{"@type":"WebPage","@id":"https:\/\/fuentesfidedignas.com.mx\/index.php\/2025\/05\/26\/confirman-seis-descendientes-vivos-de-leonardo-da-vinci-por-adn\/","url":"https:\/\/fuentesfidedignas.com.mx\/index.php\/2025\/05\/26\/confirman-seis-descendientes-vivos-de-leonardo-da-vinci-por-adn\/","name":"Confirman seis descendientes vivos de Leonardo da Vinci por ADN - Fuentes Fidedignas","isPartOf":{"@id":"https:\/\/fuentesfidedignas.com.mx\/#website"},"primaryImageOfPage":{"@id":"https:\/\/fuentesfidedignas.com.mx\/index.php\/2025\/05\/26\/confirman-seis-descendientes-vivos-de-leonardo-da-vinci-por-adn\/#primaryimage"},"image":{"@id":"https:\/\/fuentesfidedignas.com.mx\/index.php\/2025\/05\/26\/confirman-seis-descendientes-vivos-de-leonardo-da-vinci-por-adn\/#primaryimage"},"thumbnailUrl":"https:\/\/fuentesfidedignas.com.mx\/wp-content\/uploads\/2025\/05\/da-vince.jpg","datePublished":"2025-05-26T12:36:00+00:00","breadcrumb":{"@id":"https:\/\/fuentesfidedignas.com.mx\/index.php\/2025\/05\/26\/confirman-seis-descendientes-vivos-de-leonardo-da-vinci-por-adn\/#breadcrumb"},"inLanguage":"es","potentialAction":[{"@type":"ReadAction","target":["https:\/\/fuentesfidedignas.com.mx\/index.php\/2025\/05\/26\/confirman-seis-descendientes-vivos-de-leonardo-da-vinci-por-adn\/"]}]},{"@type":"ImageObject","inLanguage":"es","@id":"https:\/\/fuentesfidedignas.com.mx\/index.php\/2025\/05\/26\/confirman-seis-descendientes-vivos-de-leonardo-da-vinci-por-adn\/#primaryimage","url":"https:\/\/fuentesfidedignas.com.mx\/wp-content\/uploads\/2025\/05\/da-vince.jpg","contentUrl":"https:\/\/fuentesfidedignas.com.mx\/wp-content\/uploads\/2025\/05\/da-vince.jpg","width":600,"height":450},{"@type":"BreadcrumbList","@id":"https:\/\/fuentesfidedignas.com.mx\/index.php\/2025\/05\/26\/confirman-seis-descendientes-vivos-de-leonardo-da-vinci-por-adn\/#breadcrumb","itemListElement":[{"@type":"ListItem","position":1,"name":"Inicio","item":"https:\/\/fuentesfidedignas.com.mx\/"},{"@type":"ListItem","position":2,"name":"Confirman seis descendientes vivos de Leonardo da Vinci por ADN"}]},{"@type":"WebSite","@id":"https:\/\/fuentesfidedignas.com.mx\/#website","url":"https:\/\/fuentesfidedignas.com.mx\/","name":"Fuentes Fidedignas","description":"Otro sitio realizado con WordPress","publisher":{"@id":"https:\/\/fuentesfidedignas.com.mx\/#organization"},"potentialAction":[{"@type":"SearchAction","target":{"@type":"EntryPoint","urlTemplate":"https:\/\/fuentesfidedignas.com.mx\/?s={search_term_string}"},"query-input":{"@type":"PropertyValueSpecification","valueRequired":true,"valueName":"search_term_string"}}],"inLanguage":"es"},{"@type":"Organization","@id":"https:\/\/fuentesfidedignas.com.mx\/#organization","name":"Fuentes Fidedignas","url":"https:\/\/fuentesfidedignas.com.mx\/","logo":{"@type":"ImageObject","inLanguage":"es","@id":"https:\/\/fuentesfidedignas.com.mx\/#\/schema\/logo\/image\/","url":"https:\/\/fuentesfidedignas.com.mx\/wp-content\/uploads\/2021\/04\/logo-retina.png","contentUrl":"https:\/\/fuentesfidedignas.com.mx\/wp-content\/uploads\/2021\/04\/logo-retina.png","width":280,"height":51,"caption":"Fuentes Fidedignas"},"image":{"@id":"https:\/\/fuentesfidedignas.com.mx\/#\/schema\/logo\/image\/"},"sameAs":["https:\/\/www.facebook.com\/Fuentes-Fidedignas-368234489921644","https:\/\/x.com\/fidedignas"]},{"@type":"Person","@id":"https:\/\/fuentesfidedignas.com.mx\/#\/schema\/person\/ec4edd1fbf5efa3e44fce34fe2787780","name":"Exc\u00e9lsior","image":{"@type":"ImageObject","inLanguage":"es","@id":"https:\/\/secure.gravatar.com\/avatar\/4b7ee9206b48be08447852b3f0814dbc7c0f3b51541b164f1464a2725614020b?s=96&d=mm&r=g","url":"https:\/\/secure.gravatar.com\/avatar\/4b7ee9206b48be08447852b3f0814dbc7c0f3b51541b164f1464a2725614020b?s=96&d=mm&r=g","contentUrl":"https:\/\/secure.gravatar.com\/avatar\/4b7ee9206b48be08447852b3f0814dbc7c0f3b51541b164f1464a2725614020b?s=96&d=mm&r=g","caption":"Exc\u00e9lsior"},"url":"https:\/\/fuentesfidedignas.com.mx\/index.php\/author\/excelsior\/"}]}},"_links":{"self":[{"href":"https:\/\/fuentesfidedignas.com.mx\/index.php\/wp-json\/wp\/v2\/posts\/109102","targetHints":{"allow":["GET"]}}],"collection":[{"href":"https:\/\/fuentesfidedignas.com.mx\/index.php\/wp-json\/wp\/v2\/posts"}],"about":[{"href":"https:\/\/fuentesfidedignas.com.mx\/index.php\/wp-json\/wp\/v2\/types\/post"}],"author":[{"embeddable":true,"href":"https:\/\/fuentesfidedignas.com.mx\/index.php\/wp-json\/wp\/v2\/users\/7"}],"replies":[{"embeddable":true,"href":"https:\/\/fuentesfidedignas.com.mx\/index.php\/wp-json\/wp\/v2\/comments?post=109102"}],"version-history":[{"count":1,"href":"https:\/\/fuentesfidedignas.com.mx\/index.php\/wp-json\/wp\/v2\/posts\/109102\/revisions"}],"predecessor-version":[{"id":109104,"href":"https:\/\/fuentesfidedignas.com.mx\/index.php\/wp-json\/wp\/v2\/posts\/109102\/revisions\/109104"}],"wp:featuredmedia":[{"embeddable":true,"href":"https:\/\/fuentesfidedignas.com.mx\/index.php\/wp-json\/wp\/v2\/media\/109103"}],"wp:attachment":[{"href":"https:\/\/fuentesfidedignas.com.mx\/index.php\/wp-json\/wp\/v2\/media?parent=109102"}],"wp:term":[{"taxonomy":"category","embeddable":true,"href":"https:\/\/fuentesfidedignas.com.mx\/index.php\/wp-json\/wp\/v2\/categories?post=109102"},{"taxonomy":"post_tag","embeddable":true,"href":"https:\/\/fuentesfidedignas.com.mx\/index.php\/wp-json\/wp\/v2\/tags?post=109102"}],"curies":[{"name":"wp","href":"https:\/\/api.w.org\/{rel}","templated":true}]}}