{"id":10903,"date":"2021-08-26T12:39:30","date_gmt":"2021-08-26T19:39:30","guid":{"rendered":"https:\/\/fuentesfidedignas.com.mx\/?p=10903"},"modified":"2021-08-26T12:39:31","modified_gmt":"2021-08-26T19:39:31","slug":"se-prepara-culiacan-para-la-llegada-de-la-tormenta-tropical-nora","status":"publish","type":"post","link":"https:\/\/fuentesfidedignas.com.mx\/index.php\/2021\/08\/26\/se-prepara-culiacan-para-la-llegada-de-la-tormenta-tropical-nora\/","title":{"rendered":"Se prepara Culiac\u00e1n para la llegada de la tormenta tropical &#8216;Nora&#8217;"},"content":{"rendered":"\n<p><strong><em>Listos y en guardia se encuentra los elementos de Protecci\u00f3n Civil de cara a la llegada de la tormenta tropical <\/em><\/strong><\/p>\n\n\n\n<p>Culiac\u00e1n, Sin.- Tras los recientes alertamientos emitidos por el Sistema Nacional de Protecci\u00f3n Civil debido a la evoluci\u00f3n de la tormenta tropical Nora, se instruy\u00f3 por parte del alcalde Jes\u00fas Estrada Ferreiro, la guardia y atenci\u00f3n total del Consejo Municipal de Protecci\u00f3n Civil, el cual se encuentra en sesi\u00f3n permanente.<\/p>\n\n\n\n<p>Al respecto, el titular de la dependencia, Marco Antonio Mart\u00ednez de Alba, se\u00f1al\u00f3 que la posibilidad de que esta tormenta se convierta en hurac\u00e1n existe, sin embargo, aunque es preciso mantenerse alerta, no es momento de asustarse ni tomar medidas extraordinarias.<\/p>\n\n\n\n<p>De igual forma, dijo que ante la posibilidad no confirmada de que este ascenso de categor\u00eda suceda, la Coordinaci\u00f3n de Protecci\u00f3n Civil est\u00e1 preparada, esto a trav\u00e9s de planes de contingencia como la habilitaci\u00f3n de los 42 refugios correspondientes.<\/p>\n\n\n\n<p>Asimismo, el funcionario destac\u00f3 que estos albergues temporales ya han sido supervisados por la Guardia Nacional el Plan DN-III y las autoridades correspondientes por parte de la comuna, lo cual garantiza que en caso de ser necesario utilizar estos inmuebles, se encuentren en \u00f3ptimas condiciones.<\/p>\n","protected":false},"excerpt":{"rendered":"<p>Listos y en guardia se encuentra los elementos de Protecci\u00f3n Civil de cara a la llegada de la tormenta tropical Culiac\u00e1n, Sin.- Tras los recientes alertamientos emitidos por el Sistema Nacional de Protecci\u00f3n Civil debido a la evoluci\u00f3n de la tormenta tropical Nora, se instruy\u00f3 por parte del alcalde Jes\u00fas Estrada Ferreiro, la guardia y [&hellip;]<\/p>\n","protected":false},"author":4,"featured_media":0,"comment_status":"open","ping_status":"open","sticky":false,"template":"","format":"standard","meta":{"tdm_status":"","tdm_grid_status":"","footnotes":""},"categories":[37],"tags":[782,1352],"class_list":{"0":"post-10903","1":"post","2":"type-post","3":"status-publish","4":"format-standard","6":"category-nota-principal","7":"tag-jesus-estrada-ferreiro","8":"tag-tormenta-tropical"},"yoast_head":"<!-- This site is optimized with the Yoast SEO plugin v27.4 - https:\/\/yoast.com\/product\/yoast-seo-wordpress\/ -->\n<title>Se prepara Culiac\u00e1n para la llegada de la tormenta tropical &#039;Nora&#039; - Fuentes Fidedignas<\/title>\n<meta name=\"robots\" content=\"index, follow, max-snippet:-1, max-image-preview:large, max-video-preview:-1\" \/>\n<link rel=\"canonical\" href=\"https:\/\/fuentesfidedignas.com.mx\/index.php\/2021\/08\/26\/se-prepara-culiacan-para-la-llegada-de-la-tormenta-tropical-nora\/\" \/>\n<meta property=\"og:locale\" content=\"es_MX\" \/>\n<meta property=\"og:type\" content=\"article\" \/>\n<meta property=\"og:title\" content=\"Se prepara Culiac\u00e1n para la llegada de la tormenta tropical &#039;Nora&#039; - Fuentes Fidedignas\" \/>\n<meta property=\"og:description\" content=\"Listos y en guardia se encuentra los elementos de Protecci\u00f3n Civil de cara a la llegada de la tormenta tropical Culiac\u00e1n, Sin.- Tras los recientes alertamientos emitidos por el Sistema Nacional de Protecci\u00f3n Civil debido a la evoluci\u00f3n de la tormenta tropical Nora, se instruy\u00f3 por parte del alcalde Jes\u00fas Estrada Ferreiro, la guardia y [&hellip;]\" \/>\n<meta property=\"og:url\" content=\"https:\/\/fuentesfidedignas.com.mx\/index.php\/2021\/08\/26\/se-prepara-culiacan-para-la-llegada-de-la-tormenta-tropical-nora\/\" \/>\n<meta property=\"og:site_name\" content=\"Fuentes Fidedignas\" \/>\n<meta property=\"article:publisher\" content=\"https:\/\/www.facebook.com\/Fuentes-Fidedignas-368234489921644\" \/>\n<meta property=\"article:published_time\" content=\"2021-08-26T19:39:30+00:00\" \/>\n<meta property=\"article:modified_time\" content=\"2021-08-26T19:39:31+00:00\" \/>\n<meta property=\"og:image\" content=\"https:\/\/fuentesfidedignas.com.mx\/wp-content\/uploads\/2021\/08\/WhatsApp-Image-2021-08-26-at-1.36.15-PM.jpeg\" \/>\n\t<meta property=\"og:image:width\" content=\"897\" \/>\n\t<meta property=\"og:image:height\" content=\"736\" \/>\n\t<meta property=\"og:image:type\" content=\"image\/jpeg\" \/>\n<meta name=\"author\" content=\"Redacci\u00f3n\" \/>\n<meta name=\"twitter:card\" content=\"summary_large_image\" \/>\n<meta name=\"twitter:creator\" content=\"@fidedignas\" \/>\n<meta name=\"twitter:site\" content=\"@fidedignas\" \/>\n<meta name=\"twitter:label1\" content=\"Escrito por\" \/>\n\t<meta name=\"twitter:data1\" content=\"Redacci\u00f3n\" \/>\n\t<meta name=\"twitter:label2\" content=\"Tiempo de lectura\" \/>\n\t<meta name=\"twitter:data2\" content=\"1 minuto\" \/>\n<script type=\"application\/ld+json\" class=\"yoast-schema-graph\">{\"@context\":\"https:\\\/\\\/schema.org\",\"@graph\":[{\"@type\":\"Article\",\"@id\":\"https:\\\/\\\/fuentesfidedignas.com.mx\\\/index.php\\\/2021\\\/08\\\/26\\\/se-prepara-culiacan-para-la-llegada-de-la-tormenta-tropical-nora\\\/#article\",\"isPartOf\":{\"@id\":\"https:\\\/\\\/fuentesfidedignas.com.mx\\\/index.php\\\/2021\\\/08\\\/26\\\/se-prepara-culiacan-para-la-llegada-de-la-tormenta-tropical-nora\\\/\"},\"author\":{\"name\":\"Redacci\u00f3n\",\"@id\":\"https:\\\/\\\/fuentesfidedignas.com.mx\\\/#\\\/schema\\\/person\\\/331be9283d37198e2acd5750279085b0\"},\"headline\":\"Se prepara Culiac\u00e1n para la llegada de la tormenta tropical &#8216;Nora&#8217;\",\"datePublished\":\"2021-08-26T19:39:30+00:00\",\"dateModified\":\"2021-08-26T19:39:31+00:00\",\"mainEntityOfPage\":{\"@id\":\"https:\\\/\\\/fuentesfidedignas.com.mx\\\/index.php\\\/2021\\\/08\\\/26\\\/se-prepara-culiacan-para-la-llegada-de-la-tormenta-tropical-nora\\\/\"},\"wordCount\":223,\"commentCount\":0,\"publisher\":{\"@id\":\"https:\\\/\\\/fuentesfidedignas.com.mx\\\/#organization\"},\"keywords\":[\"Jes\u00fas Estrada Ferreiro\",\"Tormenta tropical\"],\"articleSection\":[\"NOTA PRINCIPAL\"],\"inLanguage\":\"es\",\"potentialAction\":[{\"@type\":\"CommentAction\",\"name\":\"Comment\",\"target\":[\"https:\\\/\\\/fuentesfidedignas.com.mx\\\/index.php\\\/2021\\\/08\\\/26\\\/se-prepara-culiacan-para-la-llegada-de-la-tormenta-tropical-nora\\\/#respond\"]}]},{\"@type\":\"WebPage\",\"@id\":\"https:\\\/\\\/fuentesfidedignas.com.mx\\\/index.php\\\/2021\\\/08\\\/26\\\/se-prepara-culiacan-para-la-llegada-de-la-tormenta-tropical-nora\\\/\",\"url\":\"https:\\\/\\\/fuentesfidedignas.com.mx\\\/index.php\\\/2021\\\/08\\\/26\\\/se-prepara-culiacan-para-la-llegada-de-la-tormenta-tropical-nora\\\/\",\"name\":\"Se prepara Culiac\u00e1n para la llegada de la tormenta tropical 'Nora' - Fuentes Fidedignas\",\"isPartOf\":{\"@id\":\"https:\\\/\\\/fuentesfidedignas.com.mx\\\/#website\"},\"datePublished\":\"2021-08-26T19:39:30+00:00\",\"dateModified\":\"2021-08-26T19:39:31+00:00\",\"breadcrumb\":{\"@id\":\"https:\\\/\\\/fuentesfidedignas.com.mx\\\/index.php\\\/2021\\\/08\\\/26\\\/se-prepara-culiacan-para-la-llegada-de-la-tormenta-tropical-nora\\\/#breadcrumb\"},\"inLanguage\":\"es\",\"potentialAction\":[{\"@type\":\"ReadAction\",\"target\":[\"https:\\\/\\\/fuentesfidedignas.com.mx\\\/index.php\\\/2021\\\/08\\\/26\\\/se-prepara-culiacan-para-la-llegada-de-la-tormenta-tropical-nora\\\/\"]}]},{\"@type\":\"BreadcrumbList\",\"@id\":\"https:\\\/\\\/fuentesfidedignas.com.mx\\\/index.php\\\/2021\\\/08\\\/26\\\/se-prepara-culiacan-para-la-llegada-de-la-tormenta-tropical-nora\\\/#breadcrumb\",\"itemListElement\":[{\"@type\":\"ListItem\",\"position\":1,\"name\":\"Inicio\",\"item\":\"https:\\\/\\\/fuentesfidedignas.com.mx\\\/\"},{\"@type\":\"ListItem\",\"position\":2,\"name\":\"Se prepara Culiac\u00e1n para la llegada de la tormenta tropical &#8216;Nora&#8217;\"}]},{\"@type\":\"WebSite\",\"@id\":\"https:\\\/\\\/fuentesfidedignas.com.mx\\\/#website\",\"url\":\"https:\\\/\\\/fuentesfidedignas.com.mx\\\/\",\"name\":\"Fuentes Fidedignas\",\"description\":\"Otro sitio realizado con WordPress\",\"publisher\":{\"@id\":\"https:\\\/\\\/fuentesfidedignas.com.mx\\\/#organization\"},\"potentialAction\":[{\"@type\":\"SearchAction\",\"target\":{\"@type\":\"EntryPoint\",\"urlTemplate\":\"https:\\\/\\\/fuentesfidedignas.com.mx\\\/?s={search_term_string}\"},\"query-input\":{\"@type\":\"PropertyValueSpecification\",\"valueRequired\":true,\"valueName\":\"search_term_string\"}}],\"inLanguage\":\"es\"},{\"@type\":\"Organization\",\"@id\":\"https:\\\/\\\/fuentesfidedignas.com.mx\\\/#organization\",\"name\":\"Fuentes Fidedignas\",\"url\":\"https:\\\/\\\/fuentesfidedignas.com.mx\\\/\",\"logo\":{\"@type\":\"ImageObject\",\"inLanguage\":\"es\",\"@id\":\"https:\\\/\\\/fuentesfidedignas.com.mx\\\/#\\\/schema\\\/logo\\\/image\\\/\",\"url\":\"https:\\\/\\\/fuentesfidedignas.com.mx\\\/wp-content\\\/uploads\\\/2021\\\/04\\\/logo-retina.png\",\"contentUrl\":\"https:\\\/\\\/fuentesfidedignas.com.mx\\\/wp-content\\\/uploads\\\/2021\\\/04\\\/logo-retina.png\",\"width\":280,\"height\":51,\"caption\":\"Fuentes Fidedignas\"},\"image\":{\"@id\":\"https:\\\/\\\/fuentesfidedignas.com.mx\\\/#\\\/schema\\\/logo\\\/image\\\/\"},\"sameAs\":[\"https:\\\/\\\/www.facebook.com\\\/Fuentes-Fidedignas-368234489921644\",\"https:\\\/\\\/x.com\\\/fidedignas\"]},{\"@type\":\"Person\",\"@id\":\"https:\\\/\\\/fuentesfidedignas.com.mx\\\/#\\\/schema\\\/person\\\/331be9283d37198e2acd5750279085b0\",\"name\":\"Redacci\u00f3n\",\"image\":{\"@type\":\"ImageObject\",\"inLanguage\":\"es\",\"@id\":\"https:\\\/\\\/secure.gravatar.com\\\/avatar\\\/f6d8782c11d12b2d4ad3fbb6931aeab5309937a4d6cd2fc9cfaa28a6396a5aec?s=96&d=mm&r=g\",\"url\":\"https:\\\/\\\/secure.gravatar.com\\\/avatar\\\/f6d8782c11d12b2d4ad3fbb6931aeab5309937a4d6cd2fc9cfaa28a6396a5aec?s=96&d=mm&r=g\",\"contentUrl\":\"https:\\\/\\\/secure.gravatar.com\\\/avatar\\\/f6d8782c11d12b2d4ad3fbb6931aeab5309937a4d6cd2fc9cfaa28a6396a5aec?s=96&d=mm&r=g\",\"caption\":\"Redacci\u00f3n\"},\"url\":\"https:\\\/\\\/fuentesfidedignas.com.mx\\\/index.php\\\/author\\\/redaccion\\\/\"}]}<\/script>\n<!-- \/ Yoast SEO plugin. -->","yoast_head_json":{"title":"Se prepara Culiac\u00e1n para la llegada de la tormenta tropical 'Nora' - Fuentes Fidedignas","robots":{"index":"index","follow":"follow","max-snippet":"max-snippet:-1","max-image-preview":"max-image-preview:large","max-video-preview":"max-video-preview:-1"},"canonical":"https:\/\/fuentesfidedignas.com.mx\/index.php\/2021\/08\/26\/se-prepara-culiacan-para-la-llegada-de-la-tormenta-tropical-nora\/","og_locale":"es_MX","og_type":"article","og_title":"Se prepara Culiac\u00e1n para la llegada de la tormenta tropical 'Nora' - Fuentes Fidedignas","og_description":"Listos y en guardia se encuentra los elementos de Protecci\u00f3n Civil de cara a la llegada de la tormenta tropical Culiac\u00e1n, Sin.- Tras los recientes alertamientos emitidos por el Sistema Nacional de Protecci\u00f3n Civil debido a la evoluci\u00f3n de la tormenta tropical Nora, se instruy\u00f3 por parte del alcalde Jes\u00fas Estrada Ferreiro, la guardia y [&hellip;]","og_url":"https:\/\/fuentesfidedignas.com.mx\/index.php\/2021\/08\/26\/se-prepara-culiacan-para-la-llegada-de-la-tormenta-tropical-nora\/","og_site_name":"Fuentes Fidedignas","article_publisher":"https:\/\/www.facebook.com\/Fuentes-Fidedignas-368234489921644","article_published_time":"2021-08-26T19:39:30+00:00","article_modified_time":"2021-08-26T19:39:31+00:00","og_image":[{"width":897,"height":736,"url":"https:\/\/fuentesfidedignas.com.mx\/wp-content\/uploads\/2021\/08\/WhatsApp-Image-2021-08-26-at-1.36.15-PM.jpeg","type":"image\/jpeg"}],"author":"Redacci\u00f3n","twitter_card":"summary_large_image","twitter_creator":"@fidedignas","twitter_site":"@fidedignas","twitter_misc":{"Escrito por":"Redacci\u00f3n","Tiempo de lectura":"1 minuto"},"schema":{"@context":"https:\/\/schema.org","@graph":[{"@type":"Article","@id":"https:\/\/fuentesfidedignas.com.mx\/index.php\/2021\/08\/26\/se-prepara-culiacan-para-la-llegada-de-la-tormenta-tropical-nora\/#article","isPartOf":{"@id":"https:\/\/fuentesfidedignas.com.mx\/index.php\/2021\/08\/26\/se-prepara-culiacan-para-la-llegada-de-la-tormenta-tropical-nora\/"},"author":{"name":"Redacci\u00f3n","@id":"https:\/\/fuentesfidedignas.com.mx\/#\/schema\/person\/331be9283d37198e2acd5750279085b0"},"headline":"Se prepara Culiac\u00e1n para la llegada de la tormenta tropical &#8216;Nora&#8217;","datePublished":"2021-08-26T19:39:30+00:00","dateModified":"2021-08-26T19:39:31+00:00","mainEntityOfPage":{"@id":"https:\/\/fuentesfidedignas.com.mx\/index.php\/2021\/08\/26\/se-prepara-culiacan-para-la-llegada-de-la-tormenta-tropical-nora\/"},"wordCount":223,"commentCount":0,"publisher":{"@id":"https:\/\/fuentesfidedignas.com.mx\/#organization"},"keywords":["Jes\u00fas Estrada Ferreiro","Tormenta tropical"],"articleSection":["NOTA PRINCIPAL"],"inLanguage":"es","potentialAction":[{"@type":"CommentAction","name":"Comment","target":["https:\/\/fuentesfidedignas.com.mx\/index.php\/2021\/08\/26\/se-prepara-culiacan-para-la-llegada-de-la-tormenta-tropical-nora\/#respond"]}]},{"@type":"WebPage","@id":"https:\/\/fuentesfidedignas.com.mx\/index.php\/2021\/08\/26\/se-prepara-culiacan-para-la-llegada-de-la-tormenta-tropical-nora\/","url":"https:\/\/fuentesfidedignas.com.mx\/index.php\/2021\/08\/26\/se-prepara-culiacan-para-la-llegada-de-la-tormenta-tropical-nora\/","name":"Se prepara Culiac\u00e1n para la llegada de la tormenta tropical 'Nora' - Fuentes Fidedignas","isPartOf":{"@id":"https:\/\/fuentesfidedignas.com.mx\/#website"},"datePublished":"2021-08-26T19:39:30+00:00","dateModified":"2021-08-26T19:39:31+00:00","breadcrumb":{"@id":"https:\/\/fuentesfidedignas.com.mx\/index.php\/2021\/08\/26\/se-prepara-culiacan-para-la-llegada-de-la-tormenta-tropical-nora\/#breadcrumb"},"inLanguage":"es","potentialAction":[{"@type":"ReadAction","target":["https:\/\/fuentesfidedignas.com.mx\/index.php\/2021\/08\/26\/se-prepara-culiacan-para-la-llegada-de-la-tormenta-tropical-nora\/"]}]},{"@type":"BreadcrumbList","@id":"https:\/\/fuentesfidedignas.com.mx\/index.php\/2021\/08\/26\/se-prepara-culiacan-para-la-llegada-de-la-tormenta-tropical-nora\/#breadcrumb","itemListElement":[{"@type":"ListItem","position":1,"name":"Inicio","item":"https:\/\/fuentesfidedignas.com.mx\/"},{"@type":"ListItem","position":2,"name":"Se prepara Culiac\u00e1n para la llegada de la tormenta tropical &#8216;Nora&#8217;"}]},{"@type":"WebSite","@id":"https:\/\/fuentesfidedignas.com.mx\/#website","url":"https:\/\/fuentesfidedignas.com.mx\/","name":"Fuentes Fidedignas","description":"Otro sitio realizado con WordPress","publisher":{"@id":"https:\/\/fuentesfidedignas.com.mx\/#organization"},"potentialAction":[{"@type":"SearchAction","target":{"@type":"EntryPoint","urlTemplate":"https:\/\/fuentesfidedignas.com.mx\/?s={search_term_string}"},"query-input":{"@type":"PropertyValueSpecification","valueRequired":true,"valueName":"search_term_string"}}],"inLanguage":"es"},{"@type":"Organization","@id":"https:\/\/fuentesfidedignas.com.mx\/#organization","name":"Fuentes Fidedignas","url":"https:\/\/fuentesfidedignas.com.mx\/","logo":{"@type":"ImageObject","inLanguage":"es","@id":"https:\/\/fuentesfidedignas.com.mx\/#\/schema\/logo\/image\/","url":"https:\/\/fuentesfidedignas.com.mx\/wp-content\/uploads\/2021\/04\/logo-retina.png","contentUrl":"https:\/\/fuentesfidedignas.com.mx\/wp-content\/uploads\/2021\/04\/logo-retina.png","width":280,"height":51,"caption":"Fuentes Fidedignas"},"image":{"@id":"https:\/\/fuentesfidedignas.com.mx\/#\/schema\/logo\/image\/"},"sameAs":["https:\/\/www.facebook.com\/Fuentes-Fidedignas-368234489921644","https:\/\/x.com\/fidedignas"]},{"@type":"Person","@id":"https:\/\/fuentesfidedignas.com.mx\/#\/schema\/person\/331be9283d37198e2acd5750279085b0","name":"Redacci\u00f3n","image":{"@type":"ImageObject","inLanguage":"es","@id":"https:\/\/secure.gravatar.com\/avatar\/f6d8782c11d12b2d4ad3fbb6931aeab5309937a4d6cd2fc9cfaa28a6396a5aec?s=96&d=mm&r=g","url":"https:\/\/secure.gravatar.com\/avatar\/f6d8782c11d12b2d4ad3fbb6931aeab5309937a4d6cd2fc9cfaa28a6396a5aec?s=96&d=mm&r=g","contentUrl":"https:\/\/secure.gravatar.com\/avatar\/f6d8782c11d12b2d4ad3fbb6931aeab5309937a4d6cd2fc9cfaa28a6396a5aec?s=96&d=mm&r=g","caption":"Redacci\u00f3n"},"url":"https:\/\/fuentesfidedignas.com.mx\/index.php\/author\/redaccion\/"}]}},"_links":{"self":[{"href":"https:\/\/fuentesfidedignas.com.mx\/index.php\/wp-json\/wp\/v2\/posts\/10903","targetHints":{"allow":["GET"]}}],"collection":[{"href":"https:\/\/fuentesfidedignas.com.mx\/index.php\/wp-json\/wp\/v2\/posts"}],"about":[{"href":"https:\/\/fuentesfidedignas.com.mx\/index.php\/wp-json\/wp\/v2\/types\/post"}],"author":[{"embeddable":true,"href":"https:\/\/fuentesfidedignas.com.mx\/index.php\/wp-json\/wp\/v2\/users\/4"}],"replies":[{"embeddable":true,"href":"https:\/\/fuentesfidedignas.com.mx\/index.php\/wp-json\/wp\/v2\/comments?post=10903"}],"version-history":[{"count":1,"href":"https:\/\/fuentesfidedignas.com.mx\/index.php\/wp-json\/wp\/v2\/posts\/10903\/revisions"}],"predecessor-version":[{"id":10905,"href":"https:\/\/fuentesfidedignas.com.mx\/index.php\/wp-json\/wp\/v2\/posts\/10903\/revisions\/10905"}],"wp:attachment":[{"href":"https:\/\/fuentesfidedignas.com.mx\/index.php\/wp-json\/wp\/v2\/media?parent=10903"}],"wp:term":[{"taxonomy":"category","embeddable":true,"href":"https:\/\/fuentesfidedignas.com.mx\/index.php\/wp-json\/wp\/v2\/categories?post=10903"},{"taxonomy":"post_tag","embeddable":true,"href":"https:\/\/fuentesfidedignas.com.mx\/index.php\/wp-json\/wp\/v2\/tags?post=10903"}],"curies":[{"name":"wp","href":"https:\/\/api.w.org\/{rel}","templated":true}]}}