{"id":109029,"date":"2025-05-24T11:58:34","date_gmt":"2025-05-24T18:58:34","guid":{"rendered":"https:\/\/fuentesfidedignas.com.mx\/?p=109029"},"modified":"2025-05-24T11:58:34","modified_gmt":"2025-05-24T18:58:34","slug":"auto-cae-desde-tercer-piso-en-plaza-de-la-cdmx-una-mujer-resulta-herida","status":"publish","type":"post","link":"https:\/\/fuentesfidedignas.com.mx\/index.php\/2025\/05\/24\/auto-cae-desde-tercer-piso-en-plaza-de-la-cdmx-una-mujer-resulta-herida\/","title":{"rendered":"Auto cae desde tercer piso en plaza de la CDMX; una mujer resulta herida"},"content":{"rendered":"\n<p><\/p>\n\n\n\n<p><strong><em>El veh\u00edculo era conducido por una mujer de la tercera edad, quien sufri\u00f3 un traumatismo craneoencef\u00e1lico tras el accidente en Plaza Lilas<\/em><\/strong><\/p>\n\n\n\n<p>Este s\u00e1bado se report\u00f3 la ca\u00edda de un autom\u00f3vil desde el tercer piso del estacionamiento en<strong>&nbsp;Plaza Lilas,<\/strong>&nbsp;ubicada sobre Paseo de las Lilas y la carretera M\u00e9xico-Toluca, en la colonia Lomas de Bezares, alcald\u00eda Miguel Hidalgo.<\/p>\n\n\n\n<p>Los pimeros reportes indican que el veh\u00edculo era conducido por una mujer de la tercera edad, quien sufri\u00f3 un<strong>&nbsp;traumatismo craneoencef\u00e1lico<\/strong>&nbsp;tras el accidente.<\/p>\n\n\n\n<p>La v\u00edctima fue atendida por param\u00e9dicos y trasladada a un centro hospitalario, donde&nbsp;<strong>su estado de salud se reporta como reservado.<\/strong><\/p>\n\n\n\n<p>Elementos de la<strong>&nbsp;Secretar\u00eda de Seguridad Ciudadana (<a href=\"https:\/\/x.com\/SSC_CDMX\" target=\"_blank\" rel=\"noreferrer noopener\">SSC<\/a>), bomberos, Cruz Roja<\/strong>&nbsp;y personal de la<strong>&nbsp;Secretar\u00eda de Gesti\u00f3n Integral de Riesgos y Protecci\u00f3n Civil<\/strong>acudieron al lugar para rescatar a la mujer, quien se encontraba atrapada dentro del veh\u00edculo.<\/p>\n\n\n\n<p>Las autoridades informaron que el autom\u00f3vil cay\u00f3 sobre un kiosco de venta de productos b\u00e1sicos. Debido a la baja afluencia de personas,&nbsp;<strong>no se registraron m\u00e1s lesionados.<\/strong><\/p>\n\n\n\n<p>Hasta el momento se desconocen las causas que provocaron el accidente.<\/p>\n\n\n\n<p><\/p>\n","protected":false},"excerpt":{"rendered":"<p>El veh\u00edculo era conducido por una mujer de la tercera edad, quien sufri\u00f3 un traumatismo craneoencef\u00e1lico tras el accidente en Plaza Lilas Este s\u00e1bado se report\u00f3 la ca\u00edda de un autom\u00f3vil desde el tercer piso del estacionamiento en&nbsp;Plaza Lilas,&nbsp;ubicada sobre Paseo de las Lilas y la carretera M\u00e9xico-Toluca, en la colonia Lomas de Bezares, alcald\u00eda [&hellip;]<\/p>\n","protected":false},"author":47,"featured_media":109028,"comment_status":"closed","ping_status":"open","sticky":false,"template":"","format":"standard","meta":{"tdm_status":"","tdm_grid_status":"","footnotes":""},"categories":[39],"tags":[],"class_list":{"0":"post-109029","1":"post","2":"type-post","3":"status-publish","4":"format-standard","5":"has-post-thumbnail","7":"category-noticias-nacionales"},"yoast_head":"<!-- This site is optimized with the Yoast SEO plugin v27.4 - https:\/\/yoast.com\/product\/yoast-seo-wordpress\/ -->\n<title>Auto cae desde tercer piso en plaza de la CDMX; una mujer resulta herida - Fuentes Fidedignas<\/title>\n<meta name=\"robots\" content=\"index, follow, max-snippet:-1, max-image-preview:large, max-video-preview:-1\" \/>\n<link rel=\"canonical\" href=\"https:\/\/fuentesfidedignas.com.mx\/index.php\/2025\/05\/24\/auto-cae-desde-tercer-piso-en-plaza-de-la-cdmx-una-mujer-resulta-herida\/\" \/>\n<meta property=\"og:locale\" content=\"es_MX\" \/>\n<meta property=\"og:type\" content=\"article\" \/>\n<meta property=\"og:title\" content=\"Auto cae desde tercer piso en plaza de la CDMX; una mujer resulta herida - Fuentes Fidedignas\" \/>\n<meta property=\"og:description\" content=\"El veh\u00edculo era conducido por una mujer de la tercera edad, quien sufri\u00f3 un traumatismo craneoencef\u00e1lico tras el accidente en Plaza Lilas Este s\u00e1bado se report\u00f3 la ca\u00edda de un autom\u00f3vil desde el tercer piso del estacionamiento en&nbsp;Plaza Lilas,&nbsp;ubicada sobre Paseo de las Lilas y la carretera M\u00e9xico-Toluca, en la colonia Lomas de Bezares, alcald\u00eda [&hellip;]\" \/>\n<meta property=\"og:url\" content=\"https:\/\/fuentesfidedignas.com.mx\/index.php\/2025\/05\/24\/auto-cae-desde-tercer-piso-en-plaza-de-la-cdmx-una-mujer-resulta-herida\/\" \/>\n<meta property=\"og:site_name\" content=\"Fuentes Fidedignas\" \/>\n<meta property=\"article:publisher\" content=\"https:\/\/www.facebook.com\/Fuentes-Fidedignas-368234489921644\" \/>\n<meta property=\"article:published_time\" content=\"2025-05-24T18:58:34+00:00\" \/>\n<meta property=\"og:image\" content=\"https:\/\/fuentesfidedignas.com.mx\/wp-content\/uploads\/2025\/05\/img_4095-1.jpg\" \/>\n\t<meta property=\"og:image:width\" content=\"1536\" \/>\n\t<meta property=\"og:image:height\" content=\"864\" \/>\n\t<meta property=\"og:image:type\" content=\"image\/jpeg\" \/>\n<meta name=\"author\" content=\"L\u00f3pez D\u00f3riga\" \/>\n<meta name=\"twitter:card\" content=\"summary_large_image\" \/>\n<meta name=\"twitter:creator\" content=\"@fidedignas\" \/>\n<meta name=\"twitter:site\" content=\"@fidedignas\" \/>\n<meta name=\"twitter:label1\" content=\"Escrito por\" \/>\n\t<meta name=\"twitter:data1\" content=\"L\u00f3pez D\u00f3riga\" \/>\n\t<meta name=\"twitter:label2\" content=\"Tiempo de lectura\" \/>\n\t<meta name=\"twitter:data2\" content=\"1 minuto\" \/>\n<script type=\"application\/ld+json\" class=\"yoast-schema-graph\">{\"@context\":\"https:\\\/\\\/schema.org\",\"@graph\":[{\"@type\":\"Article\",\"@id\":\"https:\\\/\\\/fuentesfidedignas.com.mx\\\/index.php\\\/2025\\\/05\\\/24\\\/auto-cae-desde-tercer-piso-en-plaza-de-la-cdmx-una-mujer-resulta-herida\\\/#article\",\"isPartOf\":{\"@id\":\"https:\\\/\\\/fuentesfidedignas.com.mx\\\/index.php\\\/2025\\\/05\\\/24\\\/auto-cae-desde-tercer-piso-en-plaza-de-la-cdmx-una-mujer-resulta-herida\\\/\"},\"author\":{\"name\":\"L\u00f3pez D\u00f3riga\",\"@id\":\"https:\\\/\\\/fuentesfidedignas.com.mx\\\/#\\\/schema\\\/person\\\/67d852f0557c8509146a4b9ddebd543a\"},\"headline\":\"Auto cae desde tercer piso en plaza de la CDMX; una mujer resulta herida\",\"datePublished\":\"2025-05-24T18:58:34+00:00\",\"mainEntityOfPage\":{\"@id\":\"https:\\\/\\\/fuentesfidedignas.com.mx\\\/index.php\\\/2025\\\/05\\\/24\\\/auto-cae-desde-tercer-piso-en-plaza-de-la-cdmx-una-mujer-resulta-herida\\\/\"},\"wordCount\":222,\"publisher\":{\"@id\":\"https:\\\/\\\/fuentesfidedignas.com.mx\\\/#organization\"},\"image\":{\"@id\":\"https:\\\/\\\/fuentesfidedignas.com.mx\\\/index.php\\\/2025\\\/05\\\/24\\\/auto-cae-desde-tercer-piso-en-plaza-de-la-cdmx-una-mujer-resulta-herida\\\/#primaryimage\"},\"thumbnailUrl\":\"https:\\\/\\\/fuentesfidedignas.com.mx\\\/wp-content\\\/uploads\\\/2025\\\/05\\\/img_4095-1.jpg\",\"articleSection\":[\"NOTICIAS NACIONALES\"],\"inLanguage\":\"es\"},{\"@type\":\"WebPage\",\"@id\":\"https:\\\/\\\/fuentesfidedignas.com.mx\\\/index.php\\\/2025\\\/05\\\/24\\\/auto-cae-desde-tercer-piso-en-plaza-de-la-cdmx-una-mujer-resulta-herida\\\/\",\"url\":\"https:\\\/\\\/fuentesfidedignas.com.mx\\\/index.php\\\/2025\\\/05\\\/24\\\/auto-cae-desde-tercer-piso-en-plaza-de-la-cdmx-una-mujer-resulta-herida\\\/\",\"name\":\"Auto cae desde tercer piso en plaza de la CDMX; una mujer resulta herida - Fuentes Fidedignas\",\"isPartOf\":{\"@id\":\"https:\\\/\\\/fuentesfidedignas.com.mx\\\/#website\"},\"primaryImageOfPage\":{\"@id\":\"https:\\\/\\\/fuentesfidedignas.com.mx\\\/index.php\\\/2025\\\/05\\\/24\\\/auto-cae-desde-tercer-piso-en-plaza-de-la-cdmx-una-mujer-resulta-herida\\\/#primaryimage\"},\"image\":{\"@id\":\"https:\\\/\\\/fuentesfidedignas.com.mx\\\/index.php\\\/2025\\\/05\\\/24\\\/auto-cae-desde-tercer-piso-en-plaza-de-la-cdmx-una-mujer-resulta-herida\\\/#primaryimage\"},\"thumbnailUrl\":\"https:\\\/\\\/fuentesfidedignas.com.mx\\\/wp-content\\\/uploads\\\/2025\\\/05\\\/img_4095-1.jpg\",\"datePublished\":\"2025-05-24T18:58:34+00:00\",\"breadcrumb\":{\"@id\":\"https:\\\/\\\/fuentesfidedignas.com.mx\\\/index.php\\\/2025\\\/05\\\/24\\\/auto-cae-desde-tercer-piso-en-plaza-de-la-cdmx-una-mujer-resulta-herida\\\/#breadcrumb\"},\"inLanguage\":\"es\",\"potentialAction\":[{\"@type\":\"ReadAction\",\"target\":[\"https:\\\/\\\/fuentesfidedignas.com.mx\\\/index.php\\\/2025\\\/05\\\/24\\\/auto-cae-desde-tercer-piso-en-plaza-de-la-cdmx-una-mujer-resulta-herida\\\/\"]}]},{\"@type\":\"ImageObject\",\"inLanguage\":\"es\",\"@id\":\"https:\\\/\\\/fuentesfidedignas.com.mx\\\/index.php\\\/2025\\\/05\\\/24\\\/auto-cae-desde-tercer-piso-en-plaza-de-la-cdmx-una-mujer-resulta-herida\\\/#primaryimage\",\"url\":\"https:\\\/\\\/fuentesfidedignas.com.mx\\\/wp-content\\\/uploads\\\/2025\\\/05\\\/img_4095-1.jpg\",\"contentUrl\":\"https:\\\/\\\/fuentesfidedignas.com.mx\\\/wp-content\\\/uploads\\\/2025\\\/05\\\/img_4095-1.jpg\",\"width\":1536,\"height\":864},{\"@type\":\"BreadcrumbList\",\"@id\":\"https:\\\/\\\/fuentesfidedignas.com.mx\\\/index.php\\\/2025\\\/05\\\/24\\\/auto-cae-desde-tercer-piso-en-plaza-de-la-cdmx-una-mujer-resulta-herida\\\/#breadcrumb\",\"itemListElement\":[{\"@type\":\"ListItem\",\"position\":1,\"name\":\"Inicio\",\"item\":\"https:\\\/\\\/fuentesfidedignas.com.mx\\\/\"},{\"@type\":\"ListItem\",\"position\":2,\"name\":\"Auto cae desde tercer piso en plaza de la CDMX; una mujer resulta herida\"}]},{\"@type\":\"WebSite\",\"@id\":\"https:\\\/\\\/fuentesfidedignas.com.mx\\\/#website\",\"url\":\"https:\\\/\\\/fuentesfidedignas.com.mx\\\/\",\"name\":\"Fuentes Fidedignas\",\"description\":\"Otro sitio realizado con WordPress\",\"publisher\":{\"@id\":\"https:\\\/\\\/fuentesfidedignas.com.mx\\\/#organization\"},\"potentialAction\":[{\"@type\":\"SearchAction\",\"target\":{\"@type\":\"EntryPoint\",\"urlTemplate\":\"https:\\\/\\\/fuentesfidedignas.com.mx\\\/?s={search_term_string}\"},\"query-input\":{\"@type\":\"PropertyValueSpecification\",\"valueRequired\":true,\"valueName\":\"search_term_string\"}}],\"inLanguage\":\"es\"},{\"@type\":\"Organization\",\"@id\":\"https:\\\/\\\/fuentesfidedignas.com.mx\\\/#organization\",\"name\":\"Fuentes Fidedignas\",\"url\":\"https:\\\/\\\/fuentesfidedignas.com.mx\\\/\",\"logo\":{\"@type\":\"ImageObject\",\"inLanguage\":\"es\",\"@id\":\"https:\\\/\\\/fuentesfidedignas.com.mx\\\/#\\\/schema\\\/logo\\\/image\\\/\",\"url\":\"https:\\\/\\\/fuentesfidedignas.com.mx\\\/wp-content\\\/uploads\\\/2021\\\/04\\\/logo-retina.png\",\"contentUrl\":\"https:\\\/\\\/fuentesfidedignas.com.mx\\\/wp-content\\\/uploads\\\/2021\\\/04\\\/logo-retina.png\",\"width\":280,\"height\":51,\"caption\":\"Fuentes Fidedignas\"},\"image\":{\"@id\":\"https:\\\/\\\/fuentesfidedignas.com.mx\\\/#\\\/schema\\\/logo\\\/image\\\/\"},\"sameAs\":[\"https:\\\/\\\/www.facebook.com\\\/Fuentes-Fidedignas-368234489921644\",\"https:\\\/\\\/x.com\\\/fidedignas\"]},{\"@type\":\"Person\",\"@id\":\"https:\\\/\\\/fuentesfidedignas.com.mx\\\/#\\\/schema\\\/person\\\/67d852f0557c8509146a4b9ddebd543a\",\"name\":\"L\u00f3pez D\u00f3riga\",\"image\":{\"@type\":\"ImageObject\",\"inLanguage\":\"es\",\"@id\":\"https:\\\/\\\/secure.gravatar.com\\\/avatar\\\/e525b06574ca18b33cded59dfe5778d6c823b9513154eff47da551b0551bdd1e?s=96&d=mm&r=g\",\"url\":\"https:\\\/\\\/secure.gravatar.com\\\/avatar\\\/e525b06574ca18b33cded59dfe5778d6c823b9513154eff47da551b0551bdd1e?s=96&d=mm&r=g\",\"contentUrl\":\"https:\\\/\\\/secure.gravatar.com\\\/avatar\\\/e525b06574ca18b33cded59dfe5778d6c823b9513154eff47da551b0551bdd1e?s=96&d=mm&r=g\",\"caption\":\"L\u00f3pez D\u00f3riga\"},\"url\":\"https:\\\/\\\/fuentesfidedignas.com.mx\\\/index.php\\\/author\\\/doriga\\\/\"}]}<\/script>\n<!-- \/ Yoast SEO plugin. -->","yoast_head_json":{"title":"Auto cae desde tercer piso en plaza de la CDMX; una mujer resulta herida - Fuentes Fidedignas","robots":{"index":"index","follow":"follow","max-snippet":"max-snippet:-1","max-image-preview":"max-image-preview:large","max-video-preview":"max-video-preview:-1"},"canonical":"https:\/\/fuentesfidedignas.com.mx\/index.php\/2025\/05\/24\/auto-cae-desde-tercer-piso-en-plaza-de-la-cdmx-una-mujer-resulta-herida\/","og_locale":"es_MX","og_type":"article","og_title":"Auto cae desde tercer piso en plaza de la CDMX; una mujer resulta herida - Fuentes Fidedignas","og_description":"El veh\u00edculo era conducido por una mujer de la tercera edad, quien sufri\u00f3 un traumatismo craneoencef\u00e1lico tras el accidente en Plaza Lilas Este s\u00e1bado se report\u00f3 la ca\u00edda de un autom\u00f3vil desde el tercer piso del estacionamiento en&nbsp;Plaza Lilas,&nbsp;ubicada sobre Paseo de las Lilas y la carretera M\u00e9xico-Toluca, en la colonia Lomas de Bezares, alcald\u00eda [&hellip;]","og_url":"https:\/\/fuentesfidedignas.com.mx\/index.php\/2025\/05\/24\/auto-cae-desde-tercer-piso-en-plaza-de-la-cdmx-una-mujer-resulta-herida\/","og_site_name":"Fuentes Fidedignas","article_publisher":"https:\/\/www.facebook.com\/Fuentes-Fidedignas-368234489921644","article_published_time":"2025-05-24T18:58:34+00:00","og_image":[{"width":1536,"height":864,"url":"https:\/\/fuentesfidedignas.com.mx\/wp-content\/uploads\/2025\/05\/img_4095-1.jpg","type":"image\/jpeg"}],"author":"L\u00f3pez D\u00f3riga","twitter_card":"summary_large_image","twitter_creator":"@fidedignas","twitter_site":"@fidedignas","twitter_misc":{"Escrito por":"L\u00f3pez D\u00f3riga","Tiempo de lectura":"1 minuto"},"schema":{"@context":"https:\/\/schema.org","@graph":[{"@type":"Article","@id":"https:\/\/fuentesfidedignas.com.mx\/index.php\/2025\/05\/24\/auto-cae-desde-tercer-piso-en-plaza-de-la-cdmx-una-mujer-resulta-herida\/#article","isPartOf":{"@id":"https:\/\/fuentesfidedignas.com.mx\/index.php\/2025\/05\/24\/auto-cae-desde-tercer-piso-en-plaza-de-la-cdmx-una-mujer-resulta-herida\/"},"author":{"name":"L\u00f3pez D\u00f3riga","@id":"https:\/\/fuentesfidedignas.com.mx\/#\/schema\/person\/67d852f0557c8509146a4b9ddebd543a"},"headline":"Auto cae desde tercer piso en plaza de la CDMX; una mujer resulta herida","datePublished":"2025-05-24T18:58:34+00:00","mainEntityOfPage":{"@id":"https:\/\/fuentesfidedignas.com.mx\/index.php\/2025\/05\/24\/auto-cae-desde-tercer-piso-en-plaza-de-la-cdmx-una-mujer-resulta-herida\/"},"wordCount":222,"publisher":{"@id":"https:\/\/fuentesfidedignas.com.mx\/#organization"},"image":{"@id":"https:\/\/fuentesfidedignas.com.mx\/index.php\/2025\/05\/24\/auto-cae-desde-tercer-piso-en-plaza-de-la-cdmx-una-mujer-resulta-herida\/#primaryimage"},"thumbnailUrl":"https:\/\/fuentesfidedignas.com.mx\/wp-content\/uploads\/2025\/05\/img_4095-1.jpg","articleSection":["NOTICIAS NACIONALES"],"inLanguage":"es"},{"@type":"WebPage","@id":"https:\/\/fuentesfidedignas.com.mx\/index.php\/2025\/05\/24\/auto-cae-desde-tercer-piso-en-plaza-de-la-cdmx-una-mujer-resulta-herida\/","url":"https:\/\/fuentesfidedignas.com.mx\/index.php\/2025\/05\/24\/auto-cae-desde-tercer-piso-en-plaza-de-la-cdmx-una-mujer-resulta-herida\/","name":"Auto cae desde tercer piso en plaza de la CDMX; una mujer resulta herida - Fuentes Fidedignas","isPartOf":{"@id":"https:\/\/fuentesfidedignas.com.mx\/#website"},"primaryImageOfPage":{"@id":"https:\/\/fuentesfidedignas.com.mx\/index.php\/2025\/05\/24\/auto-cae-desde-tercer-piso-en-plaza-de-la-cdmx-una-mujer-resulta-herida\/#primaryimage"},"image":{"@id":"https:\/\/fuentesfidedignas.com.mx\/index.php\/2025\/05\/24\/auto-cae-desde-tercer-piso-en-plaza-de-la-cdmx-una-mujer-resulta-herida\/#primaryimage"},"thumbnailUrl":"https:\/\/fuentesfidedignas.com.mx\/wp-content\/uploads\/2025\/05\/img_4095-1.jpg","datePublished":"2025-05-24T18:58:34+00:00","breadcrumb":{"@id":"https:\/\/fuentesfidedignas.com.mx\/index.php\/2025\/05\/24\/auto-cae-desde-tercer-piso-en-plaza-de-la-cdmx-una-mujer-resulta-herida\/#breadcrumb"},"inLanguage":"es","potentialAction":[{"@type":"ReadAction","target":["https:\/\/fuentesfidedignas.com.mx\/index.php\/2025\/05\/24\/auto-cae-desde-tercer-piso-en-plaza-de-la-cdmx-una-mujer-resulta-herida\/"]}]},{"@type":"ImageObject","inLanguage":"es","@id":"https:\/\/fuentesfidedignas.com.mx\/index.php\/2025\/05\/24\/auto-cae-desde-tercer-piso-en-plaza-de-la-cdmx-una-mujer-resulta-herida\/#primaryimage","url":"https:\/\/fuentesfidedignas.com.mx\/wp-content\/uploads\/2025\/05\/img_4095-1.jpg","contentUrl":"https:\/\/fuentesfidedignas.com.mx\/wp-content\/uploads\/2025\/05\/img_4095-1.jpg","width":1536,"height":864},{"@type":"BreadcrumbList","@id":"https:\/\/fuentesfidedignas.com.mx\/index.php\/2025\/05\/24\/auto-cae-desde-tercer-piso-en-plaza-de-la-cdmx-una-mujer-resulta-herida\/#breadcrumb","itemListElement":[{"@type":"ListItem","position":1,"name":"Inicio","item":"https:\/\/fuentesfidedignas.com.mx\/"},{"@type":"ListItem","position":2,"name":"Auto cae desde tercer piso en plaza de la CDMX; una mujer resulta herida"}]},{"@type":"WebSite","@id":"https:\/\/fuentesfidedignas.com.mx\/#website","url":"https:\/\/fuentesfidedignas.com.mx\/","name":"Fuentes Fidedignas","description":"Otro sitio realizado con WordPress","publisher":{"@id":"https:\/\/fuentesfidedignas.com.mx\/#organization"},"potentialAction":[{"@type":"SearchAction","target":{"@type":"EntryPoint","urlTemplate":"https:\/\/fuentesfidedignas.com.mx\/?s={search_term_string}"},"query-input":{"@type":"PropertyValueSpecification","valueRequired":true,"valueName":"search_term_string"}}],"inLanguage":"es"},{"@type":"Organization","@id":"https:\/\/fuentesfidedignas.com.mx\/#organization","name":"Fuentes Fidedignas","url":"https:\/\/fuentesfidedignas.com.mx\/","logo":{"@type":"ImageObject","inLanguage":"es","@id":"https:\/\/fuentesfidedignas.com.mx\/#\/schema\/logo\/image\/","url":"https:\/\/fuentesfidedignas.com.mx\/wp-content\/uploads\/2021\/04\/logo-retina.png","contentUrl":"https:\/\/fuentesfidedignas.com.mx\/wp-content\/uploads\/2021\/04\/logo-retina.png","width":280,"height":51,"caption":"Fuentes Fidedignas"},"image":{"@id":"https:\/\/fuentesfidedignas.com.mx\/#\/schema\/logo\/image\/"},"sameAs":["https:\/\/www.facebook.com\/Fuentes-Fidedignas-368234489921644","https:\/\/x.com\/fidedignas"]},{"@type":"Person","@id":"https:\/\/fuentesfidedignas.com.mx\/#\/schema\/person\/67d852f0557c8509146a4b9ddebd543a","name":"L\u00f3pez D\u00f3riga","image":{"@type":"ImageObject","inLanguage":"es","@id":"https:\/\/secure.gravatar.com\/avatar\/e525b06574ca18b33cded59dfe5778d6c823b9513154eff47da551b0551bdd1e?s=96&d=mm&r=g","url":"https:\/\/secure.gravatar.com\/avatar\/e525b06574ca18b33cded59dfe5778d6c823b9513154eff47da551b0551bdd1e?s=96&d=mm&r=g","contentUrl":"https:\/\/secure.gravatar.com\/avatar\/e525b06574ca18b33cded59dfe5778d6c823b9513154eff47da551b0551bdd1e?s=96&d=mm&r=g","caption":"L\u00f3pez D\u00f3riga"},"url":"https:\/\/fuentesfidedignas.com.mx\/index.php\/author\/doriga\/"}]}},"_links":{"self":[{"href":"https:\/\/fuentesfidedignas.com.mx\/index.php\/wp-json\/wp\/v2\/posts\/109029","targetHints":{"allow":["GET"]}}],"collection":[{"href":"https:\/\/fuentesfidedignas.com.mx\/index.php\/wp-json\/wp\/v2\/posts"}],"about":[{"href":"https:\/\/fuentesfidedignas.com.mx\/index.php\/wp-json\/wp\/v2\/types\/post"}],"author":[{"embeddable":true,"href":"https:\/\/fuentesfidedignas.com.mx\/index.php\/wp-json\/wp\/v2\/users\/47"}],"replies":[{"embeddable":true,"href":"https:\/\/fuentesfidedignas.com.mx\/index.php\/wp-json\/wp\/v2\/comments?post=109029"}],"version-history":[{"count":1,"href":"https:\/\/fuentesfidedignas.com.mx\/index.php\/wp-json\/wp\/v2\/posts\/109029\/revisions"}],"predecessor-version":[{"id":109030,"href":"https:\/\/fuentesfidedignas.com.mx\/index.php\/wp-json\/wp\/v2\/posts\/109029\/revisions\/109030"}],"wp:featuredmedia":[{"embeddable":true,"href":"https:\/\/fuentesfidedignas.com.mx\/index.php\/wp-json\/wp\/v2\/media\/109028"}],"wp:attachment":[{"href":"https:\/\/fuentesfidedignas.com.mx\/index.php\/wp-json\/wp\/v2\/media?parent=109029"}],"wp:term":[{"taxonomy":"category","embeddable":true,"href":"https:\/\/fuentesfidedignas.com.mx\/index.php\/wp-json\/wp\/v2\/categories?post=109029"},{"taxonomy":"post_tag","embeddable":true,"href":"https:\/\/fuentesfidedignas.com.mx\/index.php\/wp-json\/wp\/v2\/tags?post=109029"}],"curies":[{"name":"wp","href":"https:\/\/api.w.org\/{rel}","templated":true}]}}