{"id":109010,"date":"2025-05-23T19:43:20","date_gmt":"2025-05-24T02:43:20","guid":{"rendered":"https:\/\/fuentesfidedignas.com.mx\/?p=109010"},"modified":"2025-05-23T19:43:20","modified_gmt":"2025-05-24T02:43:20","slug":"estados-unidos-cancela-visa-de-trabajo-a-julion-alvarez","status":"publish","type":"post","link":"https:\/\/fuentesfidedignas.com.mx\/index.php\/2025\/05\/23\/estados-unidos-cancela-visa-de-trabajo-a-julion-alvarez\/","title":{"rendered":"Estados Unidos cancela visa de trabajo a Juli\u00f3n \u00c1lvarez"},"content":{"rendered":"\n<p><strong><em><br>El gobierno de Estados Unidos cancela la visa de trabajo al cantante mexicano<\/em><\/strong><\/p>\n\n\n\n<p>El gobierno de&nbsp;<strong>Estados Unidos<\/strong>&nbsp;cancel\u00f3 la&nbsp;<strong>visa de trabajo<\/strong>al cantante mexicano&nbsp;<strong>Juli\u00f3n \u00c1lvarez.<\/strong><\/p>\n\n\n\n<p class=\"p3\">A trav\u00e9s de un video publicado en&nbsp;<strong>Instagram<\/strong>, el cantante confirm\u00f3 que autoridades de&nbsp;<strong>Estados Unidos<\/strong>&nbsp;cancelaron su visa de trabajo, por lo que suspendi\u00f3 el concierto programado para este s\u00e1bado en&nbsp;<strong>Arlington<\/strong>, Texas.<\/p>\n\n\n\n<p>\u201cEl evento no se llevar\u00e1 a cabo por la cancelaci\u00f3n de nuestras visas de trabajo\u201d, dijo&nbsp;<strong>Juli\u00f3n \u00c1lvarez.<\/strong><\/p>\n\n\n\n<p>Explic\u00f3 que este viernes por la ma\u00f1ana recibi\u00f3 la notificaci\u00f3n.<\/p>\n\n\n\n<blockquote class=\"wp-block-quote is-layout-flow wp-block-quote-is-layout-flow\">\n<p class=\"p3\">\u201cNo tenemos la posibilidad de llegar a EE.UU. y poder cumplir nuestro compromiso con todos ustedes, es una situaci\u00f3n que est\u00e1 fuera de nuestras manos\u201d.<\/p>\n<\/blockquote>\n\n\n\n<p class=\"p3\">Se\u00f1al\u00f3 que parte del personal ya se encontraba en Arlington.<\/p>\n\n\n\n<p class=\"p3\">\u201cEs lo \u00fanico que tengo de informaci\u00f3n que puedo compartir con todos ustedes y en conjunto con CMN&nbsp;ya se tom\u00f3 la decisi\u00f3n que el evento se pospone o vamos a estar expensas de lo que se nos brinde de informaci\u00f3n y qu\u00e9 sigue\u201d, concluy\u00f3&nbsp;<strong>Juli\u00f3n \u00c1lvarez.<\/strong><\/p>\n\n\n\n<h2 class=\"wp-block-heading\">Juli\u00f3n \u00c1lvarez y el largo proceso para salir de la \u201cLista Negra\u201d de EE. UU.<\/h2>\n\n\n\n<p>El cantante de regional mexicano,&nbsp;<strong>Juli\u00f3n \u00c1lvarez<\/strong>, vivi\u00f3 uno de los episodios m\u00e1s dif\u00edciles de su carrera y vida personal al ser se\u00f1alado por el Departamento del Tesoro de Estados Unidos en&nbsp;<strong>agosto de 2017<\/strong>&nbsp;por presuntos v\u00ednculos con el narcotr\u00e1fico. Este se\u00f1alamiento lo incluy\u00f3 en la llamada \u201c<strong>Lista Clinton<\/strong>\u201d de la Oficina para el Control de Bienes Extranjeros (<strong>OFAC<\/strong>, por sus siglas en ingl\u00e9s), lo que acarre\u00f3 graves consecuencias.<\/p>\n\n\n\n<h3 class=\"wp-block-heading\">El inicio de las acusaciones y sus repercusiones<\/h3>\n\n\n\n<p>La acusaci\u00f3n principal fue la de actuar como&nbsp;<strong>prestanombres<\/strong>&nbsp;para el presunto narcotraficante&nbsp;<strong>Ra\u00fal Flores Hern\u00e1ndez<\/strong>, l\u00edder de una organizaci\u00f3n criminal con operaciones en Jalisco. Junto a \u00c1lvarez, el futbolista Rafael M\u00e1rquez tambi\u00e9n fue incluido en esta lista. Las sanciones fueron inmediatas y severas:<\/p>\n\n\n\n<ul class=\"wp-block-list\">\n<li><strong>Congelamiento de cuentas y propiedades<\/strong>\u00a0en Estados Unidos.<\/li>\n\n\n\n<li><strong>Cancelaci\u00f3n de su visa<\/strong>, impidi\u00e9ndole la entrada al pa\u00eds.<\/li>\n\n\n\n<li><strong>Prohibici\u00f3n de realizar cualquier tipo de negocio<\/strong>\u00a0o transacci\u00f3n con empresas y ciudadanos estadounidenses.<\/li>\n\n\n\n<li><strong>Retiro de su m\u00fasica<\/strong>\u00a0de plataformas digitales y redes sociales, afectando gravemente su difusi\u00f3n y alcance internacional.<\/li>\n<\/ul>\n\n\n\n<p>El impacto fue demoledor para la carrera de \u00c1lvarez, quien se vio limitado a presentarse \u00fanicamente en M\u00e9xico y algunos pa\u00edses de Latinoam\u00e9rica, donde no exist\u00eda una prohibici\u00f3n directa. \u00c9l siempre mantuvo su inocencia, defendi\u00e9ndose como una persona de \u201crancho, de pueblo\u201d, que se hab\u00eda ganado su patrimonio con el trabajo en la m\u00fasica.<\/p>\n\n\n\n<h3 class=\"wp-block-heading\">El largo camino hacia la liberaci\u00f3n<\/h3>\n\n\n\n<p>A pesar de que en&nbsp;<strong>agosto de 2018<\/strong>&nbsp;la Secretar\u00eda de Hacienda en M\u00e9xico quit\u00f3 cualquier bloqueo sobre Juli\u00f3n \u00c1lvarez, sus activos en Estados Unidos y la prohibici\u00f3n de viajar al pa\u00eds vecino persistieron. El cantante se embarc\u00f3 en un complejo y costoso proceso legal para limpiar su nombre.<\/p>\n","protected":false},"excerpt":{"rendered":"<p>El gobierno de Estados Unidos cancela la visa de trabajo al cantante mexicano El gobierno de&nbsp;Estados Unidos&nbsp;cancel\u00f3 la&nbsp;visa de trabajoal cantante mexicano&nbsp;Juli\u00f3n \u00c1lvarez. A trav\u00e9s de un video publicado en&nbsp;Instagram, el cantante confirm\u00f3 que autoridades de&nbsp;Estados Unidos&nbsp;cancelaron su visa de trabajo, por lo que suspendi\u00f3 el concierto programado para este s\u00e1bado en&nbsp;Arlington, Texas. \u201cEl evento [&hellip;]<\/p>\n","protected":false},"author":47,"featured_media":109009,"comment_status":"closed","ping_status":"open","sticky":false,"template":"","format":"standard","meta":{"tdm_status":"","tdm_grid_status":"","footnotes":""},"categories":[39],"tags":[],"class_list":{"0":"post-109010","1":"post","2":"type-post","3":"status-publish","4":"format-standard","5":"has-post-thumbnail","7":"category-noticias-nacionales"},"yoast_head":"<!-- This site is optimized with the Yoast SEO plugin v27.4 - https:\/\/yoast.com\/product\/yoast-seo-wordpress\/ -->\n<title>Estados Unidos cancela visa de trabajo a Juli\u00f3n \u00c1lvarez - Fuentes Fidedignas<\/title>\n<meta name=\"robots\" content=\"index, follow, max-snippet:-1, max-image-preview:large, max-video-preview:-1\" \/>\n<link rel=\"canonical\" href=\"https:\/\/fuentesfidedignas.com.mx\/index.php\/2025\/05\/23\/estados-unidos-cancela-visa-de-trabajo-a-julion-alvarez\/\" \/>\n<meta property=\"og:locale\" content=\"es_MX\" \/>\n<meta property=\"og:type\" content=\"article\" \/>\n<meta property=\"og:title\" content=\"Estados Unidos cancela visa de trabajo a Juli\u00f3n \u00c1lvarez - Fuentes Fidedignas\" \/>\n<meta property=\"og:description\" content=\"El gobierno de Estados Unidos cancela la visa de trabajo al cantante mexicano El gobierno de&nbsp;Estados Unidos&nbsp;cancel\u00f3 la&nbsp;visa de trabajoal cantante mexicano&nbsp;Juli\u00f3n \u00c1lvarez. A trav\u00e9s de un video publicado en&nbsp;Instagram, el cantante confirm\u00f3 que autoridades de&nbsp;Estados Unidos&nbsp;cancelaron su visa de trabajo, por lo que suspendi\u00f3 el concierto programado para este s\u00e1bado en&nbsp;Arlington, Texas. \u201cEl evento [&hellip;]\" \/>\n<meta property=\"og:url\" content=\"https:\/\/fuentesfidedignas.com.mx\/index.php\/2025\/05\/23\/estados-unidos-cancela-visa-de-trabajo-a-julion-alvarez\/\" \/>\n<meta property=\"og:site_name\" content=\"Fuentes Fidedignas\" \/>\n<meta property=\"article:publisher\" content=\"https:\/\/www.facebook.com\/Fuentes-Fidedignas-368234489921644\" \/>\n<meta property=\"article:published_time\" content=\"2025-05-24T02:43:20+00:00\" \/>\n<meta property=\"og:image\" content=\"https:\/\/fuentesfidedignas.com.mx\/wp-content\/uploads\/2025\/05\/img_4068-1.jpg\" \/>\n\t<meta property=\"og:image:width\" content=\"1536\" \/>\n\t<meta property=\"og:image:height\" content=\"1024\" \/>\n\t<meta property=\"og:image:type\" content=\"image\/jpeg\" \/>\n<meta name=\"author\" content=\"L\u00f3pez D\u00f3riga\" \/>\n<meta name=\"twitter:card\" content=\"summary_large_image\" \/>\n<meta name=\"twitter:creator\" content=\"@fidedignas\" \/>\n<meta name=\"twitter:site\" content=\"@fidedignas\" \/>\n<meta name=\"twitter:label1\" content=\"Escrito por\" \/>\n\t<meta name=\"twitter:data1\" content=\"L\u00f3pez D\u00f3riga\" \/>\n\t<meta name=\"twitter:label2\" content=\"Tiempo de lectura\" \/>\n\t<meta name=\"twitter:data2\" content=\"3 minutos\" \/>\n<script type=\"application\/ld+json\" class=\"yoast-schema-graph\">{\"@context\":\"https:\\\/\\\/schema.org\",\"@graph\":[{\"@type\":\"Article\",\"@id\":\"https:\\\/\\\/fuentesfidedignas.com.mx\\\/index.php\\\/2025\\\/05\\\/23\\\/estados-unidos-cancela-visa-de-trabajo-a-julion-alvarez\\\/#article\",\"isPartOf\":{\"@id\":\"https:\\\/\\\/fuentesfidedignas.com.mx\\\/index.php\\\/2025\\\/05\\\/23\\\/estados-unidos-cancela-visa-de-trabajo-a-julion-alvarez\\\/\"},\"author\":{\"name\":\"L\u00f3pez D\u00f3riga\",\"@id\":\"https:\\\/\\\/fuentesfidedignas.com.mx\\\/#\\\/schema\\\/person\\\/67d852f0557c8509146a4b9ddebd543a\"},\"headline\":\"Estados Unidos cancela visa de trabajo a Juli\u00f3n \u00c1lvarez\",\"datePublished\":\"2025-05-24T02:43:20+00:00\",\"mainEntityOfPage\":{\"@id\":\"https:\\\/\\\/fuentesfidedignas.com.mx\\\/index.php\\\/2025\\\/05\\\/23\\\/estados-unidos-cancela-visa-de-trabajo-a-julion-alvarez\\\/\"},\"wordCount\":543,\"publisher\":{\"@id\":\"https:\\\/\\\/fuentesfidedignas.com.mx\\\/#organization\"},\"image\":{\"@id\":\"https:\\\/\\\/fuentesfidedignas.com.mx\\\/index.php\\\/2025\\\/05\\\/23\\\/estados-unidos-cancela-visa-de-trabajo-a-julion-alvarez\\\/#primaryimage\"},\"thumbnailUrl\":\"https:\\\/\\\/fuentesfidedignas.com.mx\\\/wp-content\\\/uploads\\\/2025\\\/05\\\/img_4068-1.jpg\",\"articleSection\":[\"NOTICIAS NACIONALES\"],\"inLanguage\":\"es\"},{\"@type\":\"WebPage\",\"@id\":\"https:\\\/\\\/fuentesfidedignas.com.mx\\\/index.php\\\/2025\\\/05\\\/23\\\/estados-unidos-cancela-visa-de-trabajo-a-julion-alvarez\\\/\",\"url\":\"https:\\\/\\\/fuentesfidedignas.com.mx\\\/index.php\\\/2025\\\/05\\\/23\\\/estados-unidos-cancela-visa-de-trabajo-a-julion-alvarez\\\/\",\"name\":\"Estados Unidos cancela visa de trabajo a Juli\u00f3n \u00c1lvarez - Fuentes Fidedignas\",\"isPartOf\":{\"@id\":\"https:\\\/\\\/fuentesfidedignas.com.mx\\\/#website\"},\"primaryImageOfPage\":{\"@id\":\"https:\\\/\\\/fuentesfidedignas.com.mx\\\/index.php\\\/2025\\\/05\\\/23\\\/estados-unidos-cancela-visa-de-trabajo-a-julion-alvarez\\\/#primaryimage\"},\"image\":{\"@id\":\"https:\\\/\\\/fuentesfidedignas.com.mx\\\/index.php\\\/2025\\\/05\\\/23\\\/estados-unidos-cancela-visa-de-trabajo-a-julion-alvarez\\\/#primaryimage\"},\"thumbnailUrl\":\"https:\\\/\\\/fuentesfidedignas.com.mx\\\/wp-content\\\/uploads\\\/2025\\\/05\\\/img_4068-1.jpg\",\"datePublished\":\"2025-05-24T02:43:20+00:00\",\"breadcrumb\":{\"@id\":\"https:\\\/\\\/fuentesfidedignas.com.mx\\\/index.php\\\/2025\\\/05\\\/23\\\/estados-unidos-cancela-visa-de-trabajo-a-julion-alvarez\\\/#breadcrumb\"},\"inLanguage\":\"es\",\"potentialAction\":[{\"@type\":\"ReadAction\",\"target\":[\"https:\\\/\\\/fuentesfidedignas.com.mx\\\/index.php\\\/2025\\\/05\\\/23\\\/estados-unidos-cancela-visa-de-trabajo-a-julion-alvarez\\\/\"]}]},{\"@type\":\"ImageObject\",\"inLanguage\":\"es\",\"@id\":\"https:\\\/\\\/fuentesfidedignas.com.mx\\\/index.php\\\/2025\\\/05\\\/23\\\/estados-unidos-cancela-visa-de-trabajo-a-julion-alvarez\\\/#primaryimage\",\"url\":\"https:\\\/\\\/fuentesfidedignas.com.mx\\\/wp-content\\\/uploads\\\/2025\\\/05\\\/img_4068-1.jpg\",\"contentUrl\":\"https:\\\/\\\/fuentesfidedignas.com.mx\\\/wp-content\\\/uploads\\\/2025\\\/05\\\/img_4068-1.jpg\",\"width\":1536,\"height\":1024},{\"@type\":\"BreadcrumbList\",\"@id\":\"https:\\\/\\\/fuentesfidedignas.com.mx\\\/index.php\\\/2025\\\/05\\\/23\\\/estados-unidos-cancela-visa-de-trabajo-a-julion-alvarez\\\/#breadcrumb\",\"itemListElement\":[{\"@type\":\"ListItem\",\"position\":1,\"name\":\"Inicio\",\"item\":\"https:\\\/\\\/fuentesfidedignas.com.mx\\\/\"},{\"@type\":\"ListItem\",\"position\":2,\"name\":\"Estados Unidos cancela visa de trabajo a Juli\u00f3n \u00c1lvarez\"}]},{\"@type\":\"WebSite\",\"@id\":\"https:\\\/\\\/fuentesfidedignas.com.mx\\\/#website\",\"url\":\"https:\\\/\\\/fuentesfidedignas.com.mx\\\/\",\"name\":\"Fuentes Fidedignas\",\"description\":\"Otro sitio realizado con WordPress\",\"publisher\":{\"@id\":\"https:\\\/\\\/fuentesfidedignas.com.mx\\\/#organization\"},\"potentialAction\":[{\"@type\":\"SearchAction\",\"target\":{\"@type\":\"EntryPoint\",\"urlTemplate\":\"https:\\\/\\\/fuentesfidedignas.com.mx\\\/?s={search_term_string}\"},\"query-input\":{\"@type\":\"PropertyValueSpecification\",\"valueRequired\":true,\"valueName\":\"search_term_string\"}}],\"inLanguage\":\"es\"},{\"@type\":\"Organization\",\"@id\":\"https:\\\/\\\/fuentesfidedignas.com.mx\\\/#organization\",\"name\":\"Fuentes Fidedignas\",\"url\":\"https:\\\/\\\/fuentesfidedignas.com.mx\\\/\",\"logo\":{\"@type\":\"ImageObject\",\"inLanguage\":\"es\",\"@id\":\"https:\\\/\\\/fuentesfidedignas.com.mx\\\/#\\\/schema\\\/logo\\\/image\\\/\",\"url\":\"https:\\\/\\\/fuentesfidedignas.com.mx\\\/wp-content\\\/uploads\\\/2021\\\/04\\\/logo-retina.png\",\"contentUrl\":\"https:\\\/\\\/fuentesfidedignas.com.mx\\\/wp-content\\\/uploads\\\/2021\\\/04\\\/logo-retina.png\",\"width\":280,\"height\":51,\"caption\":\"Fuentes Fidedignas\"},\"image\":{\"@id\":\"https:\\\/\\\/fuentesfidedignas.com.mx\\\/#\\\/schema\\\/logo\\\/image\\\/\"},\"sameAs\":[\"https:\\\/\\\/www.facebook.com\\\/Fuentes-Fidedignas-368234489921644\",\"https:\\\/\\\/x.com\\\/fidedignas\"]},{\"@type\":\"Person\",\"@id\":\"https:\\\/\\\/fuentesfidedignas.com.mx\\\/#\\\/schema\\\/person\\\/67d852f0557c8509146a4b9ddebd543a\",\"name\":\"L\u00f3pez D\u00f3riga\",\"image\":{\"@type\":\"ImageObject\",\"inLanguage\":\"es\",\"@id\":\"https:\\\/\\\/secure.gravatar.com\\\/avatar\\\/e525b06574ca18b33cded59dfe5778d6c823b9513154eff47da551b0551bdd1e?s=96&d=mm&r=g\",\"url\":\"https:\\\/\\\/secure.gravatar.com\\\/avatar\\\/e525b06574ca18b33cded59dfe5778d6c823b9513154eff47da551b0551bdd1e?s=96&d=mm&r=g\",\"contentUrl\":\"https:\\\/\\\/secure.gravatar.com\\\/avatar\\\/e525b06574ca18b33cded59dfe5778d6c823b9513154eff47da551b0551bdd1e?s=96&d=mm&r=g\",\"caption\":\"L\u00f3pez D\u00f3riga\"},\"url\":\"https:\\\/\\\/fuentesfidedignas.com.mx\\\/index.php\\\/author\\\/doriga\\\/\"}]}<\/script>\n<!-- \/ Yoast SEO plugin. -->","yoast_head_json":{"title":"Estados Unidos cancela visa de trabajo a Juli\u00f3n \u00c1lvarez - Fuentes Fidedignas","robots":{"index":"index","follow":"follow","max-snippet":"max-snippet:-1","max-image-preview":"max-image-preview:large","max-video-preview":"max-video-preview:-1"},"canonical":"https:\/\/fuentesfidedignas.com.mx\/index.php\/2025\/05\/23\/estados-unidos-cancela-visa-de-trabajo-a-julion-alvarez\/","og_locale":"es_MX","og_type":"article","og_title":"Estados Unidos cancela visa de trabajo a Juli\u00f3n \u00c1lvarez - Fuentes Fidedignas","og_description":"El gobierno de Estados Unidos cancela la visa de trabajo al cantante mexicano El gobierno de&nbsp;Estados Unidos&nbsp;cancel\u00f3 la&nbsp;visa de trabajoal cantante mexicano&nbsp;Juli\u00f3n \u00c1lvarez. A trav\u00e9s de un video publicado en&nbsp;Instagram, el cantante confirm\u00f3 que autoridades de&nbsp;Estados Unidos&nbsp;cancelaron su visa de trabajo, por lo que suspendi\u00f3 el concierto programado para este s\u00e1bado en&nbsp;Arlington, Texas. \u201cEl evento [&hellip;]","og_url":"https:\/\/fuentesfidedignas.com.mx\/index.php\/2025\/05\/23\/estados-unidos-cancela-visa-de-trabajo-a-julion-alvarez\/","og_site_name":"Fuentes Fidedignas","article_publisher":"https:\/\/www.facebook.com\/Fuentes-Fidedignas-368234489921644","article_published_time":"2025-05-24T02:43:20+00:00","og_image":[{"width":1536,"height":1024,"url":"https:\/\/fuentesfidedignas.com.mx\/wp-content\/uploads\/2025\/05\/img_4068-1.jpg","type":"image\/jpeg"}],"author":"L\u00f3pez D\u00f3riga","twitter_card":"summary_large_image","twitter_creator":"@fidedignas","twitter_site":"@fidedignas","twitter_misc":{"Escrito por":"L\u00f3pez D\u00f3riga","Tiempo de lectura":"3 minutos"},"schema":{"@context":"https:\/\/schema.org","@graph":[{"@type":"Article","@id":"https:\/\/fuentesfidedignas.com.mx\/index.php\/2025\/05\/23\/estados-unidos-cancela-visa-de-trabajo-a-julion-alvarez\/#article","isPartOf":{"@id":"https:\/\/fuentesfidedignas.com.mx\/index.php\/2025\/05\/23\/estados-unidos-cancela-visa-de-trabajo-a-julion-alvarez\/"},"author":{"name":"L\u00f3pez D\u00f3riga","@id":"https:\/\/fuentesfidedignas.com.mx\/#\/schema\/person\/67d852f0557c8509146a4b9ddebd543a"},"headline":"Estados Unidos cancela visa de trabajo a Juli\u00f3n \u00c1lvarez","datePublished":"2025-05-24T02:43:20+00:00","mainEntityOfPage":{"@id":"https:\/\/fuentesfidedignas.com.mx\/index.php\/2025\/05\/23\/estados-unidos-cancela-visa-de-trabajo-a-julion-alvarez\/"},"wordCount":543,"publisher":{"@id":"https:\/\/fuentesfidedignas.com.mx\/#organization"},"image":{"@id":"https:\/\/fuentesfidedignas.com.mx\/index.php\/2025\/05\/23\/estados-unidos-cancela-visa-de-trabajo-a-julion-alvarez\/#primaryimage"},"thumbnailUrl":"https:\/\/fuentesfidedignas.com.mx\/wp-content\/uploads\/2025\/05\/img_4068-1.jpg","articleSection":["NOTICIAS NACIONALES"],"inLanguage":"es"},{"@type":"WebPage","@id":"https:\/\/fuentesfidedignas.com.mx\/index.php\/2025\/05\/23\/estados-unidos-cancela-visa-de-trabajo-a-julion-alvarez\/","url":"https:\/\/fuentesfidedignas.com.mx\/index.php\/2025\/05\/23\/estados-unidos-cancela-visa-de-trabajo-a-julion-alvarez\/","name":"Estados Unidos cancela visa de trabajo a Juli\u00f3n \u00c1lvarez - Fuentes Fidedignas","isPartOf":{"@id":"https:\/\/fuentesfidedignas.com.mx\/#website"},"primaryImageOfPage":{"@id":"https:\/\/fuentesfidedignas.com.mx\/index.php\/2025\/05\/23\/estados-unidos-cancela-visa-de-trabajo-a-julion-alvarez\/#primaryimage"},"image":{"@id":"https:\/\/fuentesfidedignas.com.mx\/index.php\/2025\/05\/23\/estados-unidos-cancela-visa-de-trabajo-a-julion-alvarez\/#primaryimage"},"thumbnailUrl":"https:\/\/fuentesfidedignas.com.mx\/wp-content\/uploads\/2025\/05\/img_4068-1.jpg","datePublished":"2025-05-24T02:43:20+00:00","breadcrumb":{"@id":"https:\/\/fuentesfidedignas.com.mx\/index.php\/2025\/05\/23\/estados-unidos-cancela-visa-de-trabajo-a-julion-alvarez\/#breadcrumb"},"inLanguage":"es","potentialAction":[{"@type":"ReadAction","target":["https:\/\/fuentesfidedignas.com.mx\/index.php\/2025\/05\/23\/estados-unidos-cancela-visa-de-trabajo-a-julion-alvarez\/"]}]},{"@type":"ImageObject","inLanguage":"es","@id":"https:\/\/fuentesfidedignas.com.mx\/index.php\/2025\/05\/23\/estados-unidos-cancela-visa-de-trabajo-a-julion-alvarez\/#primaryimage","url":"https:\/\/fuentesfidedignas.com.mx\/wp-content\/uploads\/2025\/05\/img_4068-1.jpg","contentUrl":"https:\/\/fuentesfidedignas.com.mx\/wp-content\/uploads\/2025\/05\/img_4068-1.jpg","width":1536,"height":1024},{"@type":"BreadcrumbList","@id":"https:\/\/fuentesfidedignas.com.mx\/index.php\/2025\/05\/23\/estados-unidos-cancela-visa-de-trabajo-a-julion-alvarez\/#breadcrumb","itemListElement":[{"@type":"ListItem","position":1,"name":"Inicio","item":"https:\/\/fuentesfidedignas.com.mx\/"},{"@type":"ListItem","position":2,"name":"Estados Unidos cancela visa de trabajo a Juli\u00f3n \u00c1lvarez"}]},{"@type":"WebSite","@id":"https:\/\/fuentesfidedignas.com.mx\/#website","url":"https:\/\/fuentesfidedignas.com.mx\/","name":"Fuentes Fidedignas","description":"Otro sitio realizado con WordPress","publisher":{"@id":"https:\/\/fuentesfidedignas.com.mx\/#organization"},"potentialAction":[{"@type":"SearchAction","target":{"@type":"EntryPoint","urlTemplate":"https:\/\/fuentesfidedignas.com.mx\/?s={search_term_string}"},"query-input":{"@type":"PropertyValueSpecification","valueRequired":true,"valueName":"search_term_string"}}],"inLanguage":"es"},{"@type":"Organization","@id":"https:\/\/fuentesfidedignas.com.mx\/#organization","name":"Fuentes Fidedignas","url":"https:\/\/fuentesfidedignas.com.mx\/","logo":{"@type":"ImageObject","inLanguage":"es","@id":"https:\/\/fuentesfidedignas.com.mx\/#\/schema\/logo\/image\/","url":"https:\/\/fuentesfidedignas.com.mx\/wp-content\/uploads\/2021\/04\/logo-retina.png","contentUrl":"https:\/\/fuentesfidedignas.com.mx\/wp-content\/uploads\/2021\/04\/logo-retina.png","width":280,"height":51,"caption":"Fuentes Fidedignas"},"image":{"@id":"https:\/\/fuentesfidedignas.com.mx\/#\/schema\/logo\/image\/"},"sameAs":["https:\/\/www.facebook.com\/Fuentes-Fidedignas-368234489921644","https:\/\/x.com\/fidedignas"]},{"@type":"Person","@id":"https:\/\/fuentesfidedignas.com.mx\/#\/schema\/person\/67d852f0557c8509146a4b9ddebd543a","name":"L\u00f3pez D\u00f3riga","image":{"@type":"ImageObject","inLanguage":"es","@id":"https:\/\/secure.gravatar.com\/avatar\/e525b06574ca18b33cded59dfe5778d6c823b9513154eff47da551b0551bdd1e?s=96&d=mm&r=g","url":"https:\/\/secure.gravatar.com\/avatar\/e525b06574ca18b33cded59dfe5778d6c823b9513154eff47da551b0551bdd1e?s=96&d=mm&r=g","contentUrl":"https:\/\/secure.gravatar.com\/avatar\/e525b06574ca18b33cded59dfe5778d6c823b9513154eff47da551b0551bdd1e?s=96&d=mm&r=g","caption":"L\u00f3pez D\u00f3riga"},"url":"https:\/\/fuentesfidedignas.com.mx\/index.php\/author\/doriga\/"}]}},"_links":{"self":[{"href":"https:\/\/fuentesfidedignas.com.mx\/index.php\/wp-json\/wp\/v2\/posts\/109010","targetHints":{"allow":["GET"]}}],"collection":[{"href":"https:\/\/fuentesfidedignas.com.mx\/index.php\/wp-json\/wp\/v2\/posts"}],"about":[{"href":"https:\/\/fuentesfidedignas.com.mx\/index.php\/wp-json\/wp\/v2\/types\/post"}],"author":[{"embeddable":true,"href":"https:\/\/fuentesfidedignas.com.mx\/index.php\/wp-json\/wp\/v2\/users\/47"}],"replies":[{"embeddable":true,"href":"https:\/\/fuentesfidedignas.com.mx\/index.php\/wp-json\/wp\/v2\/comments?post=109010"}],"version-history":[{"count":1,"href":"https:\/\/fuentesfidedignas.com.mx\/index.php\/wp-json\/wp\/v2\/posts\/109010\/revisions"}],"predecessor-version":[{"id":109011,"href":"https:\/\/fuentesfidedignas.com.mx\/index.php\/wp-json\/wp\/v2\/posts\/109010\/revisions\/109011"}],"wp:featuredmedia":[{"embeddable":true,"href":"https:\/\/fuentesfidedignas.com.mx\/index.php\/wp-json\/wp\/v2\/media\/109009"}],"wp:attachment":[{"href":"https:\/\/fuentesfidedignas.com.mx\/index.php\/wp-json\/wp\/v2\/media?parent=109010"}],"wp:term":[{"taxonomy":"category","embeddable":true,"href":"https:\/\/fuentesfidedignas.com.mx\/index.php\/wp-json\/wp\/v2\/categories?post=109010"},{"taxonomy":"post_tag","embeddable":true,"href":"https:\/\/fuentesfidedignas.com.mx\/index.php\/wp-json\/wp\/v2\/tags?post=109010"}],"curies":[{"name":"wp","href":"https:\/\/api.w.org\/{rel}","templated":true}]}}