{"id":108977,"date":"2025-05-23T05:05:00","date_gmt":"2025-05-23T12:05:00","guid":{"rendered":"https:\/\/fuentesfidedignas.com.mx\/?p=108977"},"modified":"2025-05-22T21:22:14","modified_gmt":"2025-05-23T04:22:14","slug":"descubren-un-vinculo-entre-el-herpes-labial-y-el-riesgo-de-sufrir-alzheimer","status":"publish","type":"post","link":"https:\/\/fuentesfidedignas.com.mx\/index.php\/2025\/05\/23\/descubren-un-vinculo-entre-el-herpes-labial-y-el-riesgo-de-sufrir-alzheimer\/","title":{"rendered":"Descubren un v\u00ednculo entre el herpes labial y el riesgo de sufrir Alzheimer"},"content":{"rendered":"\n<p><strong><em>La investigaci\u00f3n analiz\u00f3 datos de 700.000 pacientes y hall\u00f3 un v\u00ednculo entre el virus que causa la afecci\u00f3n en la piel y un mayor riesgo de sufrir la enfermedad neurodegenerativa. El tratamiento con antivirales podr\u00eda reducir las probabilidades de esta demencia<\/em><\/strong><\/p>\n\n\n\n<p>El herpes labial es una infecci\u00f3n viral frecuente. Se trata de peque\u00f1as ampollas llenas de l\u00edquido sobre los labios o alrededor de ellos. Estas a menudo se agrupan formando manchas. Una vez que las ampollas se rompen, se forma una costra que puede durar varios d\u00edas y suele curarse en 2 o 3 semanas sin dejar cicatriz, explican los expertos de Mayo Clinic.<\/p>\n\n\n\n<p>Los investigadores han descubierto que existe un v\u00ednculo entre el virus del herpes labial (VHS-1) y el desarrollo del Alzheimer.<\/p>\n\n\n\n<p>Seg\u00fan un nuevo estudio, el tratamiento con antivirales podr\u00eda reducir el riesgo de esta demencia. La investigaci\u00f3n fue de car\u00e1cter observacional y analiz\u00f3 datos de 700.000 pacientes en Estados Unidos.<\/p>\n\n\n\n<p>El herpes labial puede contagiarse de una persona a otra por contacto cercano, por ejemplo, al besarse. Generalmente, est\u00e1 causado por el virus del herpes simple de tipo 1 VHS-1, y menos com\u00fanmente por el virus del herpes simple de tipo 2, el VHS-2.<\/p>\n\n\n\n<p><strong>S\u00edntomas del herpes labial<\/strong><\/p>\n\n\n\n<p>Un herpes labial generalmente pasa por varias etapas, seg\u00fan la Mayo Clinic:<\/p>\n\n\n\n<ul class=\"wp-block-list\">\n<li><strong>Hormigueo y picaz\u00f3n.\u00a0<\/strong>Muchas personas sienten picaz\u00f3n, ardor u hormigueo alrededor de los labios durante aproximadamente un d\u00eda antes de que aparezca un punto peque\u00f1o, duro y doloroso, y se formen las ampollas.<\/li>\n\n\n\n<li><strong>Ampollas.\u00a0<\/strong>A menudo se forman peque\u00f1as ampollas llenas de l\u00edquido a lo largo del borde de los labios. A veces, aparecen alrededor de la nariz o las mejillas, o dentro de la boca.<\/li>\n\n\n\n<li><strong>Secreci\u00f3n y costras.\u00a0<\/strong>Las peque\u00f1as ampollas pueden fusionarse y despu\u00e9s romperse. Esto puede dejar llagas abiertas poco profundas que presentan secreci\u00f3n y forman una costra.<\/li>\n<\/ul>\n\n\n\n<p>En un primer brote, tambi\u00e9n se puede experimentar:<\/p>\n\n\n\n<ul class=\"wp-block-list\">\n<li><strong>Fiebre.<\/strong><\/li>\n\n\n\n<li><strong>Dolor en las enc\u00edas.<\/strong><\/li>\n\n\n\n<li><strong>Dolor de garganta.<\/strong><\/li>\n\n\n\n<li><strong>Dolor de cabeza.<\/strong><\/li>\n\n\n\n<li><strong>Dolores musculares.<\/strong><\/li>\n\n\n\n<li><strong>Inflamaci\u00f3n de los ganglios linf\u00e1ticos.<\/strong><\/li>\n<\/ul>\n\n\n\n<p>El herpes labial por lo general&nbsp;<strong>desaparece sin tratamiento<\/strong>. No hay cura, pero los medicamentos o cremas antivirales recetados pueden ayudar a que las llagas sanen m\u00e1s r\u00e1pidamente. Asimismo, pueden hacer que los futuros brotes sean menos frecuentes, m\u00e1s breves y menos graves, explicaron desde Mayo Clinic.<\/p>\n\n\n\n<h2 class=\"wp-block-heading\">C\u00f3mo es la relaci\u00f3n entre herpes y Alzheimer<\/h2>\n\n\n\n<p>El estudio, realizado por la biofarmac\u00e9utica&nbsp;<strong>Gilead Science<\/strong>&nbsp;y la&nbsp;<strong>Universidad de Washington<\/strong>&nbsp;en Seattle, encontr\u00f3 que el riesgo de desarrollar Alzheimer era un&nbsp;<strong>80% mayor en personas con diagn\u00f3stico de VHS-1<\/strong>, tras ajustar factores como la edad y el sexo.<\/p>\n\n\n\n<p>Entre las personas con antecedentes de infecci\u00f3n por VHS-1, el 40 % utilizaron<strong>&nbsp;medicaci\u00f3n antiherp\u00e9tica<\/strong>&nbsp;tras el diagn\u00f3stico y ten\u00edan un&nbsp;<strong>17 % menos de probabilidades de desarrollar la enfermedad de Alzheimer&nbsp;<\/strong>que los que no utilizaron ese tratamiento.<\/p>\n\n\n\n<p>El an\u00e1lisis tambi\u00e9n revel\u00f3 que casi&nbsp;<strong>dos tercios de los pacientes con Alzheimer eran mujeres<\/strong>, con una edad media de 73 a\u00f1os, y que presentaban m\u00e1s enfermedades coexistentes, lo que incrementa el&nbsp;<strong>riesgo de demencia<\/strong>. Sin embargo, los investigadores reconocen&nbsp;<strong>limitaciones&nbsp;<\/strong>en el estudio, como la falta de informaci\u00f3n sobre infecciones previas de VHS-1 y el hecho de que muchos infectados no presentan s\u00edntomas o no buscan tratamiento, lo que podr\u00eda influir en los resultados.<\/p>\n\n\n\n<p>El equipo de investigaci\u00f3n tambi\u00e9n explor\u00f3 el papel de otros virus del herpes, como el&nbsp;<strong>VHS-2<\/strong>, el virus de la&nbsp;<strong>varicela z\u00f3ster<\/strong>&nbsp;y el&nbsp;<strong>citomegalovirus<\/strong>, que tambi\u00e9n se asocian con un mayor riesgo de enfermedad de Alzheimer. A pesar de que no est\u00e1 claro c\u00f3mo estos virus neurotr\u00f3picos afectan al sistema nervioso, \u201cestos resultados hacen a\u00fan m\u00e1s hincapi\u00e9 en considerar la prevenci\u00f3n de los herpesvirus como una prioridad de salud p\u00fablica\u201d, se\u00f1al\u00f3 el equipo.<\/p>\n","protected":false},"excerpt":{"rendered":"<p>La investigaci\u00f3n analiz\u00f3 datos de 700.000 pacientes y hall\u00f3 un v\u00ednculo entre el virus que causa la afecci\u00f3n en la piel y un mayor riesgo de sufrir la enfermedad neurodegenerativa. El tratamiento con antivirales podr\u00eda reducir las probabilidades de esta demencia El herpes labial es una infecci\u00f3n viral frecuente. Se trata de peque\u00f1as ampollas llenas [&hellip;]<\/p>\n","protected":false},"author":41,"featured_media":108978,"comment_status":"open","ping_status":"open","sticky":false,"template":"","format":"standard","meta":{"tdm_status":"","tdm_grid_status":"","footnotes":""},"categories":[40],"tags":[],"class_list":{"0":"post-108977","1":"post","2":"type-post","3":"status-publish","4":"format-standard","5":"has-post-thumbnail","7":"category-las-asombrosas"},"yoast_head":"<!-- This site is optimized with the Yoast SEO plugin v27.4 - https:\/\/yoast.com\/product\/yoast-seo-wordpress\/ -->\n<title>Descubren un v\u00ednculo entre el herpes labial y el riesgo de sufrir Alzheimer - Fuentes Fidedignas<\/title>\n<meta name=\"robots\" content=\"index, follow, max-snippet:-1, max-image-preview:large, max-video-preview:-1\" \/>\n<link rel=\"canonical\" href=\"https:\/\/fuentesfidedignas.com.mx\/index.php\/2025\/05\/23\/descubren-un-vinculo-entre-el-herpes-labial-y-el-riesgo-de-sufrir-alzheimer\/\" \/>\n<meta property=\"og:locale\" content=\"es_MX\" \/>\n<meta property=\"og:type\" content=\"article\" \/>\n<meta property=\"og:title\" content=\"Descubren un v\u00ednculo entre el herpes labial y el riesgo de sufrir Alzheimer - Fuentes Fidedignas\" \/>\n<meta property=\"og:description\" content=\"La investigaci\u00f3n analiz\u00f3 datos de 700.000 pacientes y hall\u00f3 un v\u00ednculo entre el virus que causa la afecci\u00f3n en la piel y un mayor riesgo de sufrir la enfermedad neurodegenerativa. El tratamiento con antivirales podr\u00eda reducir las probabilidades de esta demencia El herpes labial es una infecci\u00f3n viral frecuente. Se trata de peque\u00f1as ampollas llenas [&hellip;]\" \/>\n<meta property=\"og:url\" content=\"https:\/\/fuentesfidedignas.com.mx\/index.php\/2025\/05\/23\/descubren-un-vinculo-entre-el-herpes-labial-y-el-riesgo-de-sufrir-alzheimer\/\" \/>\n<meta property=\"og:site_name\" content=\"Fuentes Fidedignas\" \/>\n<meta property=\"article:publisher\" content=\"https:\/\/www.facebook.com\/Fuentes-Fidedignas-368234489921644\" \/>\n<meta property=\"article:published_time\" content=\"2025-05-23T12:05:00+00:00\" \/>\n<meta property=\"og:image\" content=\"https:\/\/fuentesfidedignas.com.mx\/wp-content\/uploads\/2025\/05\/herpes-labial.jpg\" \/>\n\t<meta property=\"og:image:width\" content=\"600\" \/>\n\t<meta property=\"og:image:height\" content=\"338\" \/>\n\t<meta property=\"og:image:type\" content=\"image\/jpeg\" \/>\n<meta name=\"author\" content=\"Infobae\" \/>\n<meta name=\"twitter:card\" content=\"summary_large_image\" \/>\n<meta name=\"twitter:creator\" content=\"@fidedignas\" \/>\n<meta name=\"twitter:site\" content=\"@fidedignas\" \/>\n<meta name=\"twitter:label1\" content=\"Escrito por\" \/>\n\t<meta name=\"twitter:data1\" content=\"Infobae\" \/>\n\t<meta name=\"twitter:label2\" content=\"Tiempo de lectura\" \/>\n\t<meta name=\"twitter:data2\" content=\"4 minutos\" \/>\n<script type=\"application\/ld+json\" class=\"yoast-schema-graph\">{\"@context\":\"https:\\\/\\\/schema.org\",\"@graph\":[{\"@type\":\"Article\",\"@id\":\"https:\\\/\\\/fuentesfidedignas.com.mx\\\/index.php\\\/2025\\\/05\\\/23\\\/descubren-un-vinculo-entre-el-herpes-labial-y-el-riesgo-de-sufrir-alzheimer\\\/#article\",\"isPartOf\":{\"@id\":\"https:\\\/\\\/fuentesfidedignas.com.mx\\\/index.php\\\/2025\\\/05\\\/23\\\/descubren-un-vinculo-entre-el-herpes-labial-y-el-riesgo-de-sufrir-alzheimer\\\/\"},\"author\":{\"name\":\"Infobae\",\"@id\":\"https:\\\/\\\/fuentesfidedignas.com.mx\\\/#\\\/schema\\\/person\\\/8575896a7c1067d352f6c1cd6582c389\"},\"headline\":\"Descubren un v\u00ednculo entre el herpes labial y el riesgo de sufrir Alzheimer\",\"datePublished\":\"2025-05-23T12:05:00+00:00\",\"mainEntityOfPage\":{\"@id\":\"https:\\\/\\\/fuentesfidedignas.com.mx\\\/index.php\\\/2025\\\/05\\\/23\\\/descubren-un-vinculo-entre-el-herpes-labial-y-el-riesgo-de-sufrir-alzheimer\\\/\"},\"wordCount\":695,\"commentCount\":0,\"publisher\":{\"@id\":\"https:\\\/\\\/fuentesfidedignas.com.mx\\\/#organization\"},\"image\":{\"@id\":\"https:\\\/\\\/fuentesfidedignas.com.mx\\\/index.php\\\/2025\\\/05\\\/23\\\/descubren-un-vinculo-entre-el-herpes-labial-y-el-riesgo-de-sufrir-alzheimer\\\/#primaryimage\"},\"thumbnailUrl\":\"https:\\\/\\\/fuentesfidedignas.com.mx\\\/wp-content\\\/uploads\\\/2025\\\/05\\\/herpes-labial.jpg\",\"articleSection\":[\"LAS ASOMBROSAS\"],\"inLanguage\":\"es\",\"potentialAction\":[{\"@type\":\"CommentAction\",\"name\":\"Comment\",\"target\":[\"https:\\\/\\\/fuentesfidedignas.com.mx\\\/index.php\\\/2025\\\/05\\\/23\\\/descubren-un-vinculo-entre-el-herpes-labial-y-el-riesgo-de-sufrir-alzheimer\\\/#respond\"]}]},{\"@type\":\"WebPage\",\"@id\":\"https:\\\/\\\/fuentesfidedignas.com.mx\\\/index.php\\\/2025\\\/05\\\/23\\\/descubren-un-vinculo-entre-el-herpes-labial-y-el-riesgo-de-sufrir-alzheimer\\\/\",\"url\":\"https:\\\/\\\/fuentesfidedignas.com.mx\\\/index.php\\\/2025\\\/05\\\/23\\\/descubren-un-vinculo-entre-el-herpes-labial-y-el-riesgo-de-sufrir-alzheimer\\\/\",\"name\":\"Descubren un v\u00ednculo entre el herpes labial y el riesgo de sufrir Alzheimer - Fuentes Fidedignas\",\"isPartOf\":{\"@id\":\"https:\\\/\\\/fuentesfidedignas.com.mx\\\/#website\"},\"primaryImageOfPage\":{\"@id\":\"https:\\\/\\\/fuentesfidedignas.com.mx\\\/index.php\\\/2025\\\/05\\\/23\\\/descubren-un-vinculo-entre-el-herpes-labial-y-el-riesgo-de-sufrir-alzheimer\\\/#primaryimage\"},\"image\":{\"@id\":\"https:\\\/\\\/fuentesfidedignas.com.mx\\\/index.php\\\/2025\\\/05\\\/23\\\/descubren-un-vinculo-entre-el-herpes-labial-y-el-riesgo-de-sufrir-alzheimer\\\/#primaryimage\"},\"thumbnailUrl\":\"https:\\\/\\\/fuentesfidedignas.com.mx\\\/wp-content\\\/uploads\\\/2025\\\/05\\\/herpes-labial.jpg\",\"datePublished\":\"2025-05-23T12:05:00+00:00\",\"breadcrumb\":{\"@id\":\"https:\\\/\\\/fuentesfidedignas.com.mx\\\/index.php\\\/2025\\\/05\\\/23\\\/descubren-un-vinculo-entre-el-herpes-labial-y-el-riesgo-de-sufrir-alzheimer\\\/#breadcrumb\"},\"inLanguage\":\"es\",\"potentialAction\":[{\"@type\":\"ReadAction\",\"target\":[\"https:\\\/\\\/fuentesfidedignas.com.mx\\\/index.php\\\/2025\\\/05\\\/23\\\/descubren-un-vinculo-entre-el-herpes-labial-y-el-riesgo-de-sufrir-alzheimer\\\/\"]}]},{\"@type\":\"ImageObject\",\"inLanguage\":\"es\",\"@id\":\"https:\\\/\\\/fuentesfidedignas.com.mx\\\/index.php\\\/2025\\\/05\\\/23\\\/descubren-un-vinculo-entre-el-herpes-labial-y-el-riesgo-de-sufrir-alzheimer\\\/#primaryimage\",\"url\":\"https:\\\/\\\/fuentesfidedignas.com.mx\\\/wp-content\\\/uploads\\\/2025\\\/05\\\/herpes-labial.jpg\",\"contentUrl\":\"https:\\\/\\\/fuentesfidedignas.com.mx\\\/wp-content\\\/uploads\\\/2025\\\/05\\\/herpes-labial.jpg\",\"width\":600,\"height\":338},{\"@type\":\"BreadcrumbList\",\"@id\":\"https:\\\/\\\/fuentesfidedignas.com.mx\\\/index.php\\\/2025\\\/05\\\/23\\\/descubren-un-vinculo-entre-el-herpes-labial-y-el-riesgo-de-sufrir-alzheimer\\\/#breadcrumb\",\"itemListElement\":[{\"@type\":\"ListItem\",\"position\":1,\"name\":\"Inicio\",\"item\":\"https:\\\/\\\/fuentesfidedignas.com.mx\\\/\"},{\"@type\":\"ListItem\",\"position\":2,\"name\":\"Descubren un v\u00ednculo entre el herpes labial y el riesgo de sufrir Alzheimer\"}]},{\"@type\":\"WebSite\",\"@id\":\"https:\\\/\\\/fuentesfidedignas.com.mx\\\/#website\",\"url\":\"https:\\\/\\\/fuentesfidedignas.com.mx\\\/\",\"name\":\"Fuentes Fidedignas\",\"description\":\"Otro sitio realizado con WordPress\",\"publisher\":{\"@id\":\"https:\\\/\\\/fuentesfidedignas.com.mx\\\/#organization\"},\"potentialAction\":[{\"@type\":\"SearchAction\",\"target\":{\"@type\":\"EntryPoint\",\"urlTemplate\":\"https:\\\/\\\/fuentesfidedignas.com.mx\\\/?s={search_term_string}\"},\"query-input\":{\"@type\":\"PropertyValueSpecification\",\"valueRequired\":true,\"valueName\":\"search_term_string\"}}],\"inLanguage\":\"es\"},{\"@type\":\"Organization\",\"@id\":\"https:\\\/\\\/fuentesfidedignas.com.mx\\\/#organization\",\"name\":\"Fuentes Fidedignas\",\"url\":\"https:\\\/\\\/fuentesfidedignas.com.mx\\\/\",\"logo\":{\"@type\":\"ImageObject\",\"inLanguage\":\"es\",\"@id\":\"https:\\\/\\\/fuentesfidedignas.com.mx\\\/#\\\/schema\\\/logo\\\/image\\\/\",\"url\":\"https:\\\/\\\/fuentesfidedignas.com.mx\\\/wp-content\\\/uploads\\\/2021\\\/04\\\/logo-retina.png\",\"contentUrl\":\"https:\\\/\\\/fuentesfidedignas.com.mx\\\/wp-content\\\/uploads\\\/2021\\\/04\\\/logo-retina.png\",\"width\":280,\"height\":51,\"caption\":\"Fuentes Fidedignas\"},\"image\":{\"@id\":\"https:\\\/\\\/fuentesfidedignas.com.mx\\\/#\\\/schema\\\/logo\\\/image\\\/\"},\"sameAs\":[\"https:\\\/\\\/www.facebook.com\\\/Fuentes-Fidedignas-368234489921644\",\"https:\\\/\\\/x.com\\\/fidedignas\"]},{\"@type\":\"Person\",\"@id\":\"https:\\\/\\\/fuentesfidedignas.com.mx\\\/#\\\/schema\\\/person\\\/8575896a7c1067d352f6c1cd6582c389\",\"name\":\"Infobae\",\"image\":{\"@type\":\"ImageObject\",\"inLanguage\":\"es\",\"@id\":\"https:\\\/\\\/secure.gravatar.com\\\/avatar\\\/e4ec95706f8d1670343f6526fdcec45474bab17475a851434a64ca12b5acba1c?s=96&d=mm&r=g\",\"url\":\"https:\\\/\\\/secure.gravatar.com\\\/avatar\\\/e4ec95706f8d1670343f6526fdcec45474bab17475a851434a64ca12b5acba1c?s=96&d=mm&r=g\",\"contentUrl\":\"https:\\\/\\\/secure.gravatar.com\\\/avatar\\\/e4ec95706f8d1670343f6526fdcec45474bab17475a851434a64ca12b5acba1c?s=96&d=mm&r=g\",\"caption\":\"Infobae\"},\"url\":\"https:\\\/\\\/fuentesfidedignas.com.mx\\\/index.php\\\/author\\\/infobae\\\/\"}]}<\/script>\n<!-- \/ Yoast SEO plugin. -->","yoast_head_json":{"title":"Descubren un v\u00ednculo entre el herpes labial y el riesgo de sufrir Alzheimer - Fuentes Fidedignas","robots":{"index":"index","follow":"follow","max-snippet":"max-snippet:-1","max-image-preview":"max-image-preview:large","max-video-preview":"max-video-preview:-1"},"canonical":"https:\/\/fuentesfidedignas.com.mx\/index.php\/2025\/05\/23\/descubren-un-vinculo-entre-el-herpes-labial-y-el-riesgo-de-sufrir-alzheimer\/","og_locale":"es_MX","og_type":"article","og_title":"Descubren un v\u00ednculo entre el herpes labial y el riesgo de sufrir Alzheimer - Fuentes Fidedignas","og_description":"La investigaci\u00f3n analiz\u00f3 datos de 700.000 pacientes y hall\u00f3 un v\u00ednculo entre el virus que causa la afecci\u00f3n en la piel y un mayor riesgo de sufrir la enfermedad neurodegenerativa. El tratamiento con antivirales podr\u00eda reducir las probabilidades de esta demencia El herpes labial es una infecci\u00f3n viral frecuente. Se trata de peque\u00f1as ampollas llenas [&hellip;]","og_url":"https:\/\/fuentesfidedignas.com.mx\/index.php\/2025\/05\/23\/descubren-un-vinculo-entre-el-herpes-labial-y-el-riesgo-de-sufrir-alzheimer\/","og_site_name":"Fuentes Fidedignas","article_publisher":"https:\/\/www.facebook.com\/Fuentes-Fidedignas-368234489921644","article_published_time":"2025-05-23T12:05:00+00:00","og_image":[{"width":600,"height":338,"url":"https:\/\/fuentesfidedignas.com.mx\/wp-content\/uploads\/2025\/05\/herpes-labial.jpg","type":"image\/jpeg"}],"author":"Infobae","twitter_card":"summary_large_image","twitter_creator":"@fidedignas","twitter_site":"@fidedignas","twitter_misc":{"Escrito por":"Infobae","Tiempo de lectura":"4 minutos"},"schema":{"@context":"https:\/\/schema.org","@graph":[{"@type":"Article","@id":"https:\/\/fuentesfidedignas.com.mx\/index.php\/2025\/05\/23\/descubren-un-vinculo-entre-el-herpes-labial-y-el-riesgo-de-sufrir-alzheimer\/#article","isPartOf":{"@id":"https:\/\/fuentesfidedignas.com.mx\/index.php\/2025\/05\/23\/descubren-un-vinculo-entre-el-herpes-labial-y-el-riesgo-de-sufrir-alzheimer\/"},"author":{"name":"Infobae","@id":"https:\/\/fuentesfidedignas.com.mx\/#\/schema\/person\/8575896a7c1067d352f6c1cd6582c389"},"headline":"Descubren un v\u00ednculo entre el herpes labial y el riesgo de sufrir Alzheimer","datePublished":"2025-05-23T12:05:00+00:00","mainEntityOfPage":{"@id":"https:\/\/fuentesfidedignas.com.mx\/index.php\/2025\/05\/23\/descubren-un-vinculo-entre-el-herpes-labial-y-el-riesgo-de-sufrir-alzheimer\/"},"wordCount":695,"commentCount":0,"publisher":{"@id":"https:\/\/fuentesfidedignas.com.mx\/#organization"},"image":{"@id":"https:\/\/fuentesfidedignas.com.mx\/index.php\/2025\/05\/23\/descubren-un-vinculo-entre-el-herpes-labial-y-el-riesgo-de-sufrir-alzheimer\/#primaryimage"},"thumbnailUrl":"https:\/\/fuentesfidedignas.com.mx\/wp-content\/uploads\/2025\/05\/herpes-labial.jpg","articleSection":["LAS ASOMBROSAS"],"inLanguage":"es","potentialAction":[{"@type":"CommentAction","name":"Comment","target":["https:\/\/fuentesfidedignas.com.mx\/index.php\/2025\/05\/23\/descubren-un-vinculo-entre-el-herpes-labial-y-el-riesgo-de-sufrir-alzheimer\/#respond"]}]},{"@type":"WebPage","@id":"https:\/\/fuentesfidedignas.com.mx\/index.php\/2025\/05\/23\/descubren-un-vinculo-entre-el-herpes-labial-y-el-riesgo-de-sufrir-alzheimer\/","url":"https:\/\/fuentesfidedignas.com.mx\/index.php\/2025\/05\/23\/descubren-un-vinculo-entre-el-herpes-labial-y-el-riesgo-de-sufrir-alzheimer\/","name":"Descubren un v\u00ednculo entre el herpes labial y el riesgo de sufrir Alzheimer - Fuentes Fidedignas","isPartOf":{"@id":"https:\/\/fuentesfidedignas.com.mx\/#website"},"primaryImageOfPage":{"@id":"https:\/\/fuentesfidedignas.com.mx\/index.php\/2025\/05\/23\/descubren-un-vinculo-entre-el-herpes-labial-y-el-riesgo-de-sufrir-alzheimer\/#primaryimage"},"image":{"@id":"https:\/\/fuentesfidedignas.com.mx\/index.php\/2025\/05\/23\/descubren-un-vinculo-entre-el-herpes-labial-y-el-riesgo-de-sufrir-alzheimer\/#primaryimage"},"thumbnailUrl":"https:\/\/fuentesfidedignas.com.mx\/wp-content\/uploads\/2025\/05\/herpes-labial.jpg","datePublished":"2025-05-23T12:05:00+00:00","breadcrumb":{"@id":"https:\/\/fuentesfidedignas.com.mx\/index.php\/2025\/05\/23\/descubren-un-vinculo-entre-el-herpes-labial-y-el-riesgo-de-sufrir-alzheimer\/#breadcrumb"},"inLanguage":"es","potentialAction":[{"@type":"ReadAction","target":["https:\/\/fuentesfidedignas.com.mx\/index.php\/2025\/05\/23\/descubren-un-vinculo-entre-el-herpes-labial-y-el-riesgo-de-sufrir-alzheimer\/"]}]},{"@type":"ImageObject","inLanguage":"es","@id":"https:\/\/fuentesfidedignas.com.mx\/index.php\/2025\/05\/23\/descubren-un-vinculo-entre-el-herpes-labial-y-el-riesgo-de-sufrir-alzheimer\/#primaryimage","url":"https:\/\/fuentesfidedignas.com.mx\/wp-content\/uploads\/2025\/05\/herpes-labial.jpg","contentUrl":"https:\/\/fuentesfidedignas.com.mx\/wp-content\/uploads\/2025\/05\/herpes-labial.jpg","width":600,"height":338},{"@type":"BreadcrumbList","@id":"https:\/\/fuentesfidedignas.com.mx\/index.php\/2025\/05\/23\/descubren-un-vinculo-entre-el-herpes-labial-y-el-riesgo-de-sufrir-alzheimer\/#breadcrumb","itemListElement":[{"@type":"ListItem","position":1,"name":"Inicio","item":"https:\/\/fuentesfidedignas.com.mx\/"},{"@type":"ListItem","position":2,"name":"Descubren un v\u00ednculo entre el herpes labial y el riesgo de sufrir Alzheimer"}]},{"@type":"WebSite","@id":"https:\/\/fuentesfidedignas.com.mx\/#website","url":"https:\/\/fuentesfidedignas.com.mx\/","name":"Fuentes Fidedignas","description":"Otro sitio realizado con WordPress","publisher":{"@id":"https:\/\/fuentesfidedignas.com.mx\/#organization"},"potentialAction":[{"@type":"SearchAction","target":{"@type":"EntryPoint","urlTemplate":"https:\/\/fuentesfidedignas.com.mx\/?s={search_term_string}"},"query-input":{"@type":"PropertyValueSpecification","valueRequired":true,"valueName":"search_term_string"}}],"inLanguage":"es"},{"@type":"Organization","@id":"https:\/\/fuentesfidedignas.com.mx\/#organization","name":"Fuentes Fidedignas","url":"https:\/\/fuentesfidedignas.com.mx\/","logo":{"@type":"ImageObject","inLanguage":"es","@id":"https:\/\/fuentesfidedignas.com.mx\/#\/schema\/logo\/image\/","url":"https:\/\/fuentesfidedignas.com.mx\/wp-content\/uploads\/2021\/04\/logo-retina.png","contentUrl":"https:\/\/fuentesfidedignas.com.mx\/wp-content\/uploads\/2021\/04\/logo-retina.png","width":280,"height":51,"caption":"Fuentes Fidedignas"},"image":{"@id":"https:\/\/fuentesfidedignas.com.mx\/#\/schema\/logo\/image\/"},"sameAs":["https:\/\/www.facebook.com\/Fuentes-Fidedignas-368234489921644","https:\/\/x.com\/fidedignas"]},{"@type":"Person","@id":"https:\/\/fuentesfidedignas.com.mx\/#\/schema\/person\/8575896a7c1067d352f6c1cd6582c389","name":"Infobae","image":{"@type":"ImageObject","inLanguage":"es","@id":"https:\/\/secure.gravatar.com\/avatar\/e4ec95706f8d1670343f6526fdcec45474bab17475a851434a64ca12b5acba1c?s=96&d=mm&r=g","url":"https:\/\/secure.gravatar.com\/avatar\/e4ec95706f8d1670343f6526fdcec45474bab17475a851434a64ca12b5acba1c?s=96&d=mm&r=g","contentUrl":"https:\/\/secure.gravatar.com\/avatar\/e4ec95706f8d1670343f6526fdcec45474bab17475a851434a64ca12b5acba1c?s=96&d=mm&r=g","caption":"Infobae"},"url":"https:\/\/fuentesfidedignas.com.mx\/index.php\/author\/infobae\/"}]}},"_links":{"self":[{"href":"https:\/\/fuentesfidedignas.com.mx\/index.php\/wp-json\/wp\/v2\/posts\/108977","targetHints":{"allow":["GET"]}}],"collection":[{"href":"https:\/\/fuentesfidedignas.com.mx\/index.php\/wp-json\/wp\/v2\/posts"}],"about":[{"href":"https:\/\/fuentesfidedignas.com.mx\/index.php\/wp-json\/wp\/v2\/types\/post"}],"author":[{"embeddable":true,"href":"https:\/\/fuentesfidedignas.com.mx\/index.php\/wp-json\/wp\/v2\/users\/41"}],"replies":[{"embeddable":true,"href":"https:\/\/fuentesfidedignas.com.mx\/index.php\/wp-json\/wp\/v2\/comments?post=108977"}],"version-history":[{"count":1,"href":"https:\/\/fuentesfidedignas.com.mx\/index.php\/wp-json\/wp\/v2\/posts\/108977\/revisions"}],"predecessor-version":[{"id":108979,"href":"https:\/\/fuentesfidedignas.com.mx\/index.php\/wp-json\/wp\/v2\/posts\/108977\/revisions\/108979"}],"wp:featuredmedia":[{"embeddable":true,"href":"https:\/\/fuentesfidedignas.com.mx\/index.php\/wp-json\/wp\/v2\/media\/108978"}],"wp:attachment":[{"href":"https:\/\/fuentesfidedignas.com.mx\/index.php\/wp-json\/wp\/v2\/media?parent=108977"}],"wp:term":[{"taxonomy":"category","embeddable":true,"href":"https:\/\/fuentesfidedignas.com.mx\/index.php\/wp-json\/wp\/v2\/categories?post=108977"},{"taxonomy":"post_tag","embeddable":true,"href":"https:\/\/fuentesfidedignas.com.mx\/index.php\/wp-json\/wp\/v2\/tags?post=108977"}],"curies":[{"name":"wp","href":"https:\/\/api.w.org\/{rel}","templated":true}]}}