{"id":108868,"date":"2025-05-21T16:16:00","date_gmt":"2025-05-21T23:16:00","guid":{"rendered":"https:\/\/fuentesfidedignas.com.mx\/?p=108868"},"modified":"2025-05-21T17:17:27","modified_gmt":"2025-05-22T00:17:27","slug":"la-violencia-politica-es-real-en-mexico-marco-rubio-tras-asesinato-de-funcionarios","status":"publish","type":"post","link":"https:\/\/fuentesfidedignas.com.mx\/index.php\/2025\/05\/21\/la-violencia-politica-es-real-en-mexico-marco-rubio-tras-asesinato-de-funcionarios\/","title":{"rendered":"La violencia pol\u00edtica es real en M\u00e9xico: Marco Rubio tras asesinato de funcionarios"},"content":{"rendered":"\n<p><strong><em>El secretario de Estado compareci\u00f3 en el Congreso y record\u00f3 la ejecuci\u00f3n de dos colaboradores de la jefa de Gobierno de Ciudad de M\u00e9xico.<\/em><\/strong><\/p>\n\n\n\n<p>El secretario de Estado de Estados Unidos, Marco Rubio apunt\u00f3 que &#8220;hay partes de M\u00e9xico gobernadas por los c\u00e1rteles&#8221; y record\u00f3 que el martes fueron asesinados dos colaboradores de la jefa de Gobierno de Ciudad de M\u00e9xico, Clara Brugada.<\/p>\n\n\n\n<p>&#8220;La violencia pol\u00edtica all\u00ed es real. Tienen un inter\u00e9s particular y el deseo de perseguir a estos carteles, y queremos ayudarlos a equiparlos y brindarles informaci\u00f3n&#8221;, apunt\u00f3 durante su comparecencia en el Congreso.<\/p>\n\n\n\n<p>Agreg\u00f3 adem\u00e1s que las autoridades mexicanas est\u00e1n &#8220;cooperando m\u00e1s que nunca&#8221; en la captura y extradici\u00f3n de criminales buscados por Estados Unidos.<\/p>\n\n\n\n<p>Marco Rubio habl\u00f3 sobre la relaci\u00f3n con M\u00e9xico al comparecer ante la C\u00e1mara de Representantes, y adelant\u00f3 que viajar\u00e1 al pa\u00eds en &#8220;las pr\u00f3ximas semanas&#8221; para estrechar la cooperaci\u00f3n en materia de seguridad, en la que ser\u00e1 su primera visita oficial.<\/p>\n\n\n\n<p>&#8220;De hecho, en las pr\u00f3ximas semanas, tengo la intenci\u00f3n de viajar a M\u00e9xico junto con otros miembros del gabinete para concretar algunas de estas \u00e1reas de cooperaci\u00f3n&#8221;, revel\u00f3.<br>Aunque abri\u00f3 la puerta a tratar temas migratorios, Rubio apunt\u00f3 que las principales \u00e1reas que Estados Unidos quiere abordar con M\u00e9xico son el comercio y la seguridad.<\/p>\n\n\n\n<p>&#8220;Tenemos un inter\u00e9s mutuo en M\u00e9xico. En esencia, los carteles que operan en M\u00e9xico y amenazan al estado est\u00e1n armados con armas que se compran en Estados Unidos y se env\u00edan all\u00ed. Queremos ayudar a detener ese flujo&#8221;, declar\u00f3.<br>\u00bfQu\u00e9 ocurri\u00f3 con los funcionarios de CdMx?<br>El martes 20 de mayo, Ximena Guzm\u00e1n, secretaria particular de la jefa de Gobierno, y Jos\u00e9 Mu\u00f1oz, asesor de Clara Brugada, fueron asesinados a balazos en Calzada de Tlalpan.<\/p>\n\n\n\n<p>La mujer hab\u00eda pasado a recoger a su compa\u00f1ero de trabajo para dirigirse a realizar sus actividades diarias, cuando un hombre con casco de motocicleta abri\u00f3 fuego contra ellos con una pistola calibre 9 mil\u00edmetros, seg\u00fan la investigaci\u00f3n de la Fiscal\u00eda de CdMx.<\/p>\n\n\n\n<p>Ambos murieron en el lugar, mientras el atacante escap\u00f3 a bordo de una motocicleta que lo esperaba. Seg\u00fan las c\u00e1maras de seguridad, el hombre esper\u00f3 a sus v\u00edctimas por alrededor de 20 minutos, hasta consumar su ataque directo.<\/p>\n\n\n\n<p>Tambi\u00e9n se sigue la pista de dos veh\u00edculos, mientras la presidenta Claudia Sheinbaum prometi\u00f3 dar con los responsables, y para ello instruy\u00f3 a su gabinete de Seguridad que d\u00e9 seguimiento al caso.&nbsp;<\/p>\n\n\n\n<p>Rubio es cuestionado sobre migraci\u00f3n<br>Marco Rubio dijo que los miles de venezolanos que perder\u00e1n el amparo migratorio conocido como Estatus de Protecci\u00f3n Temporal (TPS) pueden solicitar asilo en el pa\u00eds norteamericano.<\/p>\n\n\n\n<p>As\u00ed lo expres\u00f3 el jefe de la diplomacia estadunidense el d\u00eda despu\u00e9s de que el Tribunal Supremo avalara el plan del presidente, Donald Trump, de revocar el TPS de 350 mil venezolanos, que ser\u00e1n aptos para la deportaci\u00f3n.<\/p>\n\n\n\n<p>&#8220;Ahora, las personas que han recibido el TPS solicitar\u00e1n el proceso de asilo. Y creo que muchas de ellas, si no la mayor\u00eda, tendr\u00e1n solicitudes de asilo muy cre\u00edbles&#8221;, declar\u00f3 Rubio durante una audiencia en la C\u00e1mara de Representantes.<\/p>\n\n\n\n<p>Rubio, que como senador fue un gran defensor del TPS y muy cr\u00edtico con el Gobierno de Nicol\u00e1s Maduro en Venezuela, acus\u00f3 sin embargo a la anterior Administraci\u00f3n de Joe Biden (2021-2025) de haber entregado ese amparo de forma generalizada sin revisar adecuadamente los antecedentes de los beneficiarios.<\/p>\n\n\n\n<p>El secretario de Estado dijo que &#8220;por supuesto&#8221; que la mayor\u00eda de venezolanos con TPS no son criminales, pero apunt\u00f3 que algunos s\u00ed lo son: &#8220;Si mil de ellos lo son, tenemos un gran problema&#8221;.<\/p>\n","protected":false},"excerpt":{"rendered":"<p>El secretario de Estado compareci\u00f3 en el Congreso y record\u00f3 la ejecuci\u00f3n de dos colaboradores de la jefa de Gobierno de Ciudad de M\u00e9xico. El secretario de Estado de Estados Unidos, Marco Rubio apunt\u00f3 que &#8220;hay partes de M\u00e9xico gobernadas por los c\u00e1rteles&#8221; y record\u00f3 que el martes fueron asesinados dos colaboradores de la jefa [&hellip;]<\/p>\n","protected":false},"author":22,"featured_media":99935,"comment_status":"open","ping_status":"open","sticky":false,"template":"","format":"standard","meta":{"tdm_status":"","tdm_grid_status":"","footnotes":""},"categories":[39],"tags":[],"class_list":{"0":"post-108868","1":"post","2":"type-post","3":"status-publish","4":"format-standard","5":"has-post-thumbnail","7":"category-noticias-nacionales"},"yoast_head":"<!-- This site is optimized with the Yoast SEO plugin v27.5 - https:\/\/yoast.com\/product\/yoast-seo-wordpress\/ -->\n<title>La violencia pol\u00edtica es real en M\u00e9xico: Marco Rubio tras asesinato de funcionarios - Fuentes Fidedignas<\/title>\n<meta name=\"robots\" content=\"index, follow, max-snippet:-1, max-image-preview:large, max-video-preview:-1\" \/>\n<link rel=\"canonical\" href=\"https:\/\/fuentesfidedignas.com.mx\/index.php\/2025\/05\/21\/la-violencia-politica-es-real-en-mexico-marco-rubio-tras-asesinato-de-funcionarios\/\" \/>\n<meta property=\"og:locale\" content=\"es_MX\" \/>\n<meta property=\"og:type\" content=\"article\" \/>\n<meta property=\"og:title\" content=\"La violencia pol\u00edtica es real en M\u00e9xico: Marco Rubio tras asesinato de funcionarios - Fuentes Fidedignas\" \/>\n<meta property=\"og:description\" content=\"El secretario de Estado compareci\u00f3 en el Congreso y record\u00f3 la ejecuci\u00f3n de dos colaboradores de la jefa de Gobierno de Ciudad de M\u00e9xico. El secretario de Estado de Estados Unidos, Marco Rubio apunt\u00f3 que &#8220;hay partes de M\u00e9xico gobernadas por los c\u00e1rteles&#8221; y record\u00f3 que el martes fueron asesinados dos colaboradores de la jefa [&hellip;]\" \/>\n<meta property=\"og:url\" content=\"https:\/\/fuentesfidedignas.com.mx\/index.php\/2025\/05\/21\/la-violencia-politica-es-real-en-mexico-marco-rubio-tras-asesinato-de-funcionarios\/\" \/>\n<meta property=\"og:site_name\" content=\"Fuentes Fidedignas\" \/>\n<meta property=\"article:publisher\" content=\"https:\/\/www.facebook.com\/Fuentes-Fidedignas-368234489921644\" \/>\n<meta property=\"article:published_time\" content=\"2025-05-21T23:16:00+00:00\" \/>\n<meta property=\"article:modified_time\" content=\"2025-05-22T00:17:27+00:00\" \/>\n<meta property=\"og:image\" content=\"https:\/\/fuentesfidedignas.com.mx\/wp-content\/uploads\/2025\/01\/Marco-Rubio_.jpg\" \/>\n\t<meta property=\"og:image:width\" content=\"600\" \/>\n\t<meta property=\"og:image:height\" content=\"396\" \/>\n\t<meta property=\"og:image:type\" content=\"image\/jpeg\" \/>\n<meta name=\"author\" content=\"EFE\" \/>\n<meta name=\"twitter:card\" content=\"summary_large_image\" \/>\n<meta name=\"twitter:creator\" content=\"@fidedignas\" \/>\n<meta name=\"twitter:site\" content=\"@fidedignas\" \/>\n<meta name=\"twitter:label1\" content=\"Escrito por\" \/>\n\t<meta name=\"twitter:data1\" content=\"EFE\" \/>\n\t<meta name=\"twitter:label2\" content=\"Tiempo de lectura\" \/>\n\t<meta name=\"twitter:data2\" content=\"3 minutos\" \/>\n<script type=\"application\/ld+json\" class=\"yoast-schema-graph\">{\"@context\":\"https:\\\/\\\/schema.org\",\"@graph\":[{\"@type\":\"Article\",\"@id\":\"https:\\\/\\\/fuentesfidedignas.com.mx\\\/index.php\\\/2025\\\/05\\\/21\\\/la-violencia-politica-es-real-en-mexico-marco-rubio-tras-asesinato-de-funcionarios\\\/#article\",\"isPartOf\":{\"@id\":\"https:\\\/\\\/fuentesfidedignas.com.mx\\\/index.php\\\/2025\\\/05\\\/21\\\/la-violencia-politica-es-real-en-mexico-marco-rubio-tras-asesinato-de-funcionarios\\\/\"},\"author\":{\"name\":\"EFE\",\"@id\":\"https:\\\/\\\/fuentesfidedignas.com.mx\\\/#\\\/schema\\\/person\\\/0d44615087b5a626d5d3f13afe31ac41\"},\"headline\":\"La violencia pol\u00edtica es real en M\u00e9xico: Marco Rubio tras asesinato de funcionarios\",\"datePublished\":\"2025-05-21T23:16:00+00:00\",\"dateModified\":\"2025-05-22T00:17:27+00:00\",\"mainEntityOfPage\":{\"@id\":\"https:\\\/\\\/fuentesfidedignas.com.mx\\\/index.php\\\/2025\\\/05\\\/21\\\/la-violencia-politica-es-real-en-mexico-marco-rubio-tras-asesinato-de-funcionarios\\\/\"},\"wordCount\":663,\"commentCount\":0,\"publisher\":{\"@id\":\"https:\\\/\\\/fuentesfidedignas.com.mx\\\/#organization\"},\"image\":{\"@id\":\"https:\\\/\\\/fuentesfidedignas.com.mx\\\/index.php\\\/2025\\\/05\\\/21\\\/la-violencia-politica-es-real-en-mexico-marco-rubio-tras-asesinato-de-funcionarios\\\/#primaryimage\"},\"thumbnailUrl\":\"https:\\\/\\\/fuentesfidedignas.com.mx\\\/wp-content\\\/uploads\\\/2025\\\/01\\\/Marco-Rubio_.jpg\",\"articleSection\":[\"NOTICIAS NACIONALES\"],\"inLanguage\":\"es\",\"potentialAction\":[{\"@type\":\"CommentAction\",\"name\":\"Comment\",\"target\":[\"https:\\\/\\\/fuentesfidedignas.com.mx\\\/index.php\\\/2025\\\/05\\\/21\\\/la-violencia-politica-es-real-en-mexico-marco-rubio-tras-asesinato-de-funcionarios\\\/#respond\"]}]},{\"@type\":\"WebPage\",\"@id\":\"https:\\\/\\\/fuentesfidedignas.com.mx\\\/index.php\\\/2025\\\/05\\\/21\\\/la-violencia-politica-es-real-en-mexico-marco-rubio-tras-asesinato-de-funcionarios\\\/\",\"url\":\"https:\\\/\\\/fuentesfidedignas.com.mx\\\/index.php\\\/2025\\\/05\\\/21\\\/la-violencia-politica-es-real-en-mexico-marco-rubio-tras-asesinato-de-funcionarios\\\/\",\"name\":\"La violencia pol\u00edtica es real en M\u00e9xico: Marco Rubio tras asesinato de funcionarios - Fuentes Fidedignas\",\"isPartOf\":{\"@id\":\"https:\\\/\\\/fuentesfidedignas.com.mx\\\/#website\"},\"primaryImageOfPage\":{\"@id\":\"https:\\\/\\\/fuentesfidedignas.com.mx\\\/index.php\\\/2025\\\/05\\\/21\\\/la-violencia-politica-es-real-en-mexico-marco-rubio-tras-asesinato-de-funcionarios\\\/#primaryimage\"},\"image\":{\"@id\":\"https:\\\/\\\/fuentesfidedignas.com.mx\\\/index.php\\\/2025\\\/05\\\/21\\\/la-violencia-politica-es-real-en-mexico-marco-rubio-tras-asesinato-de-funcionarios\\\/#primaryimage\"},\"thumbnailUrl\":\"https:\\\/\\\/fuentesfidedignas.com.mx\\\/wp-content\\\/uploads\\\/2025\\\/01\\\/Marco-Rubio_.jpg\",\"datePublished\":\"2025-05-21T23:16:00+00:00\",\"dateModified\":\"2025-05-22T00:17:27+00:00\",\"breadcrumb\":{\"@id\":\"https:\\\/\\\/fuentesfidedignas.com.mx\\\/index.php\\\/2025\\\/05\\\/21\\\/la-violencia-politica-es-real-en-mexico-marco-rubio-tras-asesinato-de-funcionarios\\\/#breadcrumb\"},\"inLanguage\":\"es\",\"potentialAction\":[{\"@type\":\"ReadAction\",\"target\":[\"https:\\\/\\\/fuentesfidedignas.com.mx\\\/index.php\\\/2025\\\/05\\\/21\\\/la-violencia-politica-es-real-en-mexico-marco-rubio-tras-asesinato-de-funcionarios\\\/\"]}]},{\"@type\":\"ImageObject\",\"inLanguage\":\"es\",\"@id\":\"https:\\\/\\\/fuentesfidedignas.com.mx\\\/index.php\\\/2025\\\/05\\\/21\\\/la-violencia-politica-es-real-en-mexico-marco-rubio-tras-asesinato-de-funcionarios\\\/#primaryimage\",\"url\":\"https:\\\/\\\/fuentesfidedignas.com.mx\\\/wp-content\\\/uploads\\\/2025\\\/01\\\/Marco-Rubio_.jpg\",\"contentUrl\":\"https:\\\/\\\/fuentesfidedignas.com.mx\\\/wp-content\\\/uploads\\\/2025\\\/01\\\/Marco-Rubio_.jpg\",\"width\":600,\"height\":396},{\"@type\":\"BreadcrumbList\",\"@id\":\"https:\\\/\\\/fuentesfidedignas.com.mx\\\/index.php\\\/2025\\\/05\\\/21\\\/la-violencia-politica-es-real-en-mexico-marco-rubio-tras-asesinato-de-funcionarios\\\/#breadcrumb\",\"itemListElement\":[{\"@type\":\"ListItem\",\"position\":1,\"name\":\"Inicio\",\"item\":\"https:\\\/\\\/fuentesfidedignas.com.mx\\\/\"},{\"@type\":\"ListItem\",\"position\":2,\"name\":\"La violencia pol\u00edtica es real en M\u00e9xico: Marco Rubio tras asesinato de funcionarios\"}]},{\"@type\":\"WebSite\",\"@id\":\"https:\\\/\\\/fuentesfidedignas.com.mx\\\/#website\",\"url\":\"https:\\\/\\\/fuentesfidedignas.com.mx\\\/\",\"name\":\"Fuentes Fidedignas\",\"description\":\"Otro sitio realizado con WordPress\",\"publisher\":{\"@id\":\"https:\\\/\\\/fuentesfidedignas.com.mx\\\/#organization\"},\"potentialAction\":[{\"@type\":\"SearchAction\",\"target\":{\"@type\":\"EntryPoint\",\"urlTemplate\":\"https:\\\/\\\/fuentesfidedignas.com.mx\\\/?s={search_term_string}\"},\"query-input\":{\"@type\":\"PropertyValueSpecification\",\"valueRequired\":true,\"valueName\":\"search_term_string\"}}],\"inLanguage\":\"es\"},{\"@type\":\"Organization\",\"@id\":\"https:\\\/\\\/fuentesfidedignas.com.mx\\\/#organization\",\"name\":\"Fuentes Fidedignas\",\"url\":\"https:\\\/\\\/fuentesfidedignas.com.mx\\\/\",\"logo\":{\"@type\":\"ImageObject\",\"inLanguage\":\"es\",\"@id\":\"https:\\\/\\\/fuentesfidedignas.com.mx\\\/#\\\/schema\\\/logo\\\/image\\\/\",\"url\":\"https:\\\/\\\/fuentesfidedignas.com.mx\\\/wp-content\\\/uploads\\\/2021\\\/04\\\/logo-retina.png\",\"contentUrl\":\"https:\\\/\\\/fuentesfidedignas.com.mx\\\/wp-content\\\/uploads\\\/2021\\\/04\\\/logo-retina.png\",\"width\":280,\"height\":51,\"caption\":\"Fuentes Fidedignas\"},\"image\":{\"@id\":\"https:\\\/\\\/fuentesfidedignas.com.mx\\\/#\\\/schema\\\/logo\\\/image\\\/\"},\"sameAs\":[\"https:\\\/\\\/www.facebook.com\\\/Fuentes-Fidedignas-368234489921644\",\"https:\\\/\\\/x.com\\\/fidedignas\"]},{\"@type\":\"Person\",\"@id\":\"https:\\\/\\\/fuentesfidedignas.com.mx\\\/#\\\/schema\\\/person\\\/0d44615087b5a626d5d3f13afe31ac41\",\"name\":\"EFE\",\"image\":{\"@type\":\"ImageObject\",\"inLanguage\":\"es\",\"@id\":\"https:\\\/\\\/secure.gravatar.com\\\/avatar\\\/7048c2d9b569d9bed55bb53ad23821e6e047aa66338fb6ea9868627bbb9f54e8?s=96&d=mm&r=g\",\"url\":\"https:\\\/\\\/secure.gravatar.com\\\/avatar\\\/7048c2d9b569d9bed55bb53ad23821e6e047aa66338fb6ea9868627bbb9f54e8?s=96&d=mm&r=g\",\"contentUrl\":\"https:\\\/\\\/secure.gravatar.com\\\/avatar\\\/7048c2d9b569d9bed55bb53ad23821e6e047aa66338fb6ea9868627bbb9f54e8?s=96&d=mm&r=g\",\"caption\":\"EFE\"},\"url\":\"https:\\\/\\\/fuentesfidedignas.com.mx\\\/index.php\\\/author\\\/efe\\\/\"}]}<\/script>\n<!-- \/ Yoast SEO plugin. -->","yoast_head_json":{"title":"La violencia pol\u00edtica es real en M\u00e9xico: Marco Rubio tras asesinato de funcionarios - Fuentes Fidedignas","robots":{"index":"index","follow":"follow","max-snippet":"max-snippet:-1","max-image-preview":"max-image-preview:large","max-video-preview":"max-video-preview:-1"},"canonical":"https:\/\/fuentesfidedignas.com.mx\/index.php\/2025\/05\/21\/la-violencia-politica-es-real-en-mexico-marco-rubio-tras-asesinato-de-funcionarios\/","og_locale":"es_MX","og_type":"article","og_title":"La violencia pol\u00edtica es real en M\u00e9xico: Marco Rubio tras asesinato de funcionarios - Fuentes Fidedignas","og_description":"El secretario de Estado compareci\u00f3 en el Congreso y record\u00f3 la ejecuci\u00f3n de dos colaboradores de la jefa de Gobierno de Ciudad de M\u00e9xico. El secretario de Estado de Estados Unidos, Marco Rubio apunt\u00f3 que &#8220;hay partes de M\u00e9xico gobernadas por los c\u00e1rteles&#8221; y record\u00f3 que el martes fueron asesinados dos colaboradores de la jefa [&hellip;]","og_url":"https:\/\/fuentesfidedignas.com.mx\/index.php\/2025\/05\/21\/la-violencia-politica-es-real-en-mexico-marco-rubio-tras-asesinato-de-funcionarios\/","og_site_name":"Fuentes Fidedignas","article_publisher":"https:\/\/www.facebook.com\/Fuentes-Fidedignas-368234489921644","article_published_time":"2025-05-21T23:16:00+00:00","article_modified_time":"2025-05-22T00:17:27+00:00","og_image":[{"width":600,"height":396,"url":"https:\/\/fuentesfidedignas.com.mx\/wp-content\/uploads\/2025\/01\/Marco-Rubio_.jpg","type":"image\/jpeg"}],"author":"EFE","twitter_card":"summary_large_image","twitter_creator":"@fidedignas","twitter_site":"@fidedignas","twitter_misc":{"Escrito por":"EFE","Tiempo de lectura":"3 minutos"},"schema":{"@context":"https:\/\/schema.org","@graph":[{"@type":"Article","@id":"https:\/\/fuentesfidedignas.com.mx\/index.php\/2025\/05\/21\/la-violencia-politica-es-real-en-mexico-marco-rubio-tras-asesinato-de-funcionarios\/#article","isPartOf":{"@id":"https:\/\/fuentesfidedignas.com.mx\/index.php\/2025\/05\/21\/la-violencia-politica-es-real-en-mexico-marco-rubio-tras-asesinato-de-funcionarios\/"},"author":{"name":"EFE","@id":"https:\/\/fuentesfidedignas.com.mx\/#\/schema\/person\/0d44615087b5a626d5d3f13afe31ac41"},"headline":"La violencia pol\u00edtica es real en M\u00e9xico: Marco Rubio tras asesinato de funcionarios","datePublished":"2025-05-21T23:16:00+00:00","dateModified":"2025-05-22T00:17:27+00:00","mainEntityOfPage":{"@id":"https:\/\/fuentesfidedignas.com.mx\/index.php\/2025\/05\/21\/la-violencia-politica-es-real-en-mexico-marco-rubio-tras-asesinato-de-funcionarios\/"},"wordCount":663,"commentCount":0,"publisher":{"@id":"https:\/\/fuentesfidedignas.com.mx\/#organization"},"image":{"@id":"https:\/\/fuentesfidedignas.com.mx\/index.php\/2025\/05\/21\/la-violencia-politica-es-real-en-mexico-marco-rubio-tras-asesinato-de-funcionarios\/#primaryimage"},"thumbnailUrl":"https:\/\/fuentesfidedignas.com.mx\/wp-content\/uploads\/2025\/01\/Marco-Rubio_.jpg","articleSection":["NOTICIAS NACIONALES"],"inLanguage":"es","potentialAction":[{"@type":"CommentAction","name":"Comment","target":["https:\/\/fuentesfidedignas.com.mx\/index.php\/2025\/05\/21\/la-violencia-politica-es-real-en-mexico-marco-rubio-tras-asesinato-de-funcionarios\/#respond"]}]},{"@type":"WebPage","@id":"https:\/\/fuentesfidedignas.com.mx\/index.php\/2025\/05\/21\/la-violencia-politica-es-real-en-mexico-marco-rubio-tras-asesinato-de-funcionarios\/","url":"https:\/\/fuentesfidedignas.com.mx\/index.php\/2025\/05\/21\/la-violencia-politica-es-real-en-mexico-marco-rubio-tras-asesinato-de-funcionarios\/","name":"La violencia pol\u00edtica es real en M\u00e9xico: Marco Rubio tras asesinato de funcionarios - Fuentes Fidedignas","isPartOf":{"@id":"https:\/\/fuentesfidedignas.com.mx\/#website"},"primaryImageOfPage":{"@id":"https:\/\/fuentesfidedignas.com.mx\/index.php\/2025\/05\/21\/la-violencia-politica-es-real-en-mexico-marco-rubio-tras-asesinato-de-funcionarios\/#primaryimage"},"image":{"@id":"https:\/\/fuentesfidedignas.com.mx\/index.php\/2025\/05\/21\/la-violencia-politica-es-real-en-mexico-marco-rubio-tras-asesinato-de-funcionarios\/#primaryimage"},"thumbnailUrl":"https:\/\/fuentesfidedignas.com.mx\/wp-content\/uploads\/2025\/01\/Marco-Rubio_.jpg","datePublished":"2025-05-21T23:16:00+00:00","dateModified":"2025-05-22T00:17:27+00:00","breadcrumb":{"@id":"https:\/\/fuentesfidedignas.com.mx\/index.php\/2025\/05\/21\/la-violencia-politica-es-real-en-mexico-marco-rubio-tras-asesinato-de-funcionarios\/#breadcrumb"},"inLanguage":"es","potentialAction":[{"@type":"ReadAction","target":["https:\/\/fuentesfidedignas.com.mx\/index.php\/2025\/05\/21\/la-violencia-politica-es-real-en-mexico-marco-rubio-tras-asesinato-de-funcionarios\/"]}]},{"@type":"ImageObject","inLanguage":"es","@id":"https:\/\/fuentesfidedignas.com.mx\/index.php\/2025\/05\/21\/la-violencia-politica-es-real-en-mexico-marco-rubio-tras-asesinato-de-funcionarios\/#primaryimage","url":"https:\/\/fuentesfidedignas.com.mx\/wp-content\/uploads\/2025\/01\/Marco-Rubio_.jpg","contentUrl":"https:\/\/fuentesfidedignas.com.mx\/wp-content\/uploads\/2025\/01\/Marco-Rubio_.jpg","width":600,"height":396},{"@type":"BreadcrumbList","@id":"https:\/\/fuentesfidedignas.com.mx\/index.php\/2025\/05\/21\/la-violencia-politica-es-real-en-mexico-marco-rubio-tras-asesinato-de-funcionarios\/#breadcrumb","itemListElement":[{"@type":"ListItem","position":1,"name":"Inicio","item":"https:\/\/fuentesfidedignas.com.mx\/"},{"@type":"ListItem","position":2,"name":"La violencia pol\u00edtica es real en M\u00e9xico: Marco Rubio tras asesinato de funcionarios"}]},{"@type":"WebSite","@id":"https:\/\/fuentesfidedignas.com.mx\/#website","url":"https:\/\/fuentesfidedignas.com.mx\/","name":"Fuentes Fidedignas","description":"Otro sitio realizado con WordPress","publisher":{"@id":"https:\/\/fuentesfidedignas.com.mx\/#organization"},"potentialAction":[{"@type":"SearchAction","target":{"@type":"EntryPoint","urlTemplate":"https:\/\/fuentesfidedignas.com.mx\/?s={search_term_string}"},"query-input":{"@type":"PropertyValueSpecification","valueRequired":true,"valueName":"search_term_string"}}],"inLanguage":"es"},{"@type":"Organization","@id":"https:\/\/fuentesfidedignas.com.mx\/#organization","name":"Fuentes Fidedignas","url":"https:\/\/fuentesfidedignas.com.mx\/","logo":{"@type":"ImageObject","inLanguage":"es","@id":"https:\/\/fuentesfidedignas.com.mx\/#\/schema\/logo\/image\/","url":"https:\/\/fuentesfidedignas.com.mx\/wp-content\/uploads\/2021\/04\/logo-retina.png","contentUrl":"https:\/\/fuentesfidedignas.com.mx\/wp-content\/uploads\/2021\/04\/logo-retina.png","width":280,"height":51,"caption":"Fuentes Fidedignas"},"image":{"@id":"https:\/\/fuentesfidedignas.com.mx\/#\/schema\/logo\/image\/"},"sameAs":["https:\/\/www.facebook.com\/Fuentes-Fidedignas-368234489921644","https:\/\/x.com\/fidedignas"]},{"@type":"Person","@id":"https:\/\/fuentesfidedignas.com.mx\/#\/schema\/person\/0d44615087b5a626d5d3f13afe31ac41","name":"EFE","image":{"@type":"ImageObject","inLanguage":"es","@id":"https:\/\/secure.gravatar.com\/avatar\/7048c2d9b569d9bed55bb53ad23821e6e047aa66338fb6ea9868627bbb9f54e8?s=96&d=mm&r=g","url":"https:\/\/secure.gravatar.com\/avatar\/7048c2d9b569d9bed55bb53ad23821e6e047aa66338fb6ea9868627bbb9f54e8?s=96&d=mm&r=g","contentUrl":"https:\/\/secure.gravatar.com\/avatar\/7048c2d9b569d9bed55bb53ad23821e6e047aa66338fb6ea9868627bbb9f54e8?s=96&d=mm&r=g","caption":"EFE"},"url":"https:\/\/fuentesfidedignas.com.mx\/index.php\/author\/efe\/"}]}},"_links":{"self":[{"href":"https:\/\/fuentesfidedignas.com.mx\/index.php\/wp-json\/wp\/v2\/posts\/108868","targetHints":{"allow":["GET"]}}],"collection":[{"href":"https:\/\/fuentesfidedignas.com.mx\/index.php\/wp-json\/wp\/v2\/posts"}],"about":[{"href":"https:\/\/fuentesfidedignas.com.mx\/index.php\/wp-json\/wp\/v2\/types\/post"}],"author":[{"embeddable":true,"href":"https:\/\/fuentesfidedignas.com.mx\/index.php\/wp-json\/wp\/v2\/users\/22"}],"replies":[{"embeddable":true,"href":"https:\/\/fuentesfidedignas.com.mx\/index.php\/wp-json\/wp\/v2\/comments?post=108868"}],"version-history":[{"count":1,"href":"https:\/\/fuentesfidedignas.com.mx\/index.php\/wp-json\/wp\/v2\/posts\/108868\/revisions"}],"predecessor-version":[{"id":108869,"href":"https:\/\/fuentesfidedignas.com.mx\/index.php\/wp-json\/wp\/v2\/posts\/108868\/revisions\/108869"}],"wp:featuredmedia":[{"embeddable":true,"href":"https:\/\/fuentesfidedignas.com.mx\/index.php\/wp-json\/wp\/v2\/media\/99935"}],"wp:attachment":[{"href":"https:\/\/fuentesfidedignas.com.mx\/index.php\/wp-json\/wp\/v2\/media?parent=108868"}],"wp:term":[{"taxonomy":"category","embeddable":true,"href":"https:\/\/fuentesfidedignas.com.mx\/index.php\/wp-json\/wp\/v2\/categories?post=108868"},{"taxonomy":"post_tag","embeddable":true,"href":"https:\/\/fuentesfidedignas.com.mx\/index.php\/wp-json\/wp\/v2\/tags?post=108868"}],"curies":[{"name":"wp","href":"https:\/\/api.w.org\/{rel}","templated":true}]}}