{"id":108855,"date":"2025-05-21T11:52:33","date_gmt":"2025-05-21T18:52:33","guid":{"rendered":"https:\/\/fuentesfidedignas.com.mx\/?p=108855"},"modified":"2025-05-21T11:52:33","modified_gmt":"2025-05-21T18:52:33","slug":"pan-sinaloa-exige-visita-de-claudia-sheinbaum-a-culiacan-y-plantea-reclamos-por-inseguridad-y-sequia","status":"publish","type":"post","link":"https:\/\/fuentesfidedignas.com.mx\/index.php\/2025\/05\/21\/pan-sinaloa-exige-visita-de-claudia-sheinbaum-a-culiacan-y-plantea-reclamos-por-inseguridad-y-sequia\/","title":{"rendered":"PAN Sinaloa exige visita de Claudia Sheinbaum a Culiac\u00e1n y plantea reclamos por inseguridad y sequ\u00eda"},"content":{"rendered":"\n<p class=\"p1\"><\/p>\n\n\n\n<p class=\"p1\">Culiac\u00e1n, Sinaloa.\u2013 La presidenta del Comit\u00e9 Directivo Estatal del PAN en Sinaloa, Wendy Barajas Cort\u00e9s, urgi\u00f3 a la presidenta Claudia Sheinbaum a que realice una visita a la capital del estado durante su pr\u00f3xima gira, al considerar que Culiac\u00e1n necesita atenci\u00f3n prioritaria en materia de seguridad y paz social.<\/p>\n\n\n\n<p class=\"p1\">Durante una conferencia de prensa, la dirigente panista cuestion\u00f3 la ausencia de la mandataria en la ciudad y expres\u00f3 que la ciudadan\u00eda espera su presencia no solo como un acto simb\u00f3lico, sino como un compromiso real para atender la creciente violencia en la regi\u00f3n. Se\u00f1al\u00f3 que Culiac\u00e1n vive un recrudecimiento de hechos violentos que genera un sentimiento de abandono entre los habitantes.<\/p>\n\n\n\n<p class=\"p1\">Barajas Cort\u00e9s hizo un llamado a que la visita presidencial venga acompa\u00f1ada de resultados concretos, particularmente a trav\u00e9s del anuncio de un plan integral de paz, seguridad y reactivaci\u00f3n econ\u00f3mica. Subray\u00f3 que el estado necesita respuestas inmediatas y estrategias eficaces para frenar la escalada de inseguridad.<\/p>\n\n\n\n<p class=\"p1\">Adem\u00e1s, la dirigente del PAN demand\u00f3 que el Gobierno Federal emita una declaratoria de emergencia por sequ\u00eda en Sinaloa, ya que la falta de agua se ha convertido en un problema urgente en distintas regiones del estado. Cuestion\u00f3 la aparente falta de recursos en instancias como CONAGUA y critic\u00f3 el uso del presupuesto p\u00fablico, al considerar que no se est\u00e1 destinando adecuadamente a las necesidades reales de la poblaci\u00f3n.<\/p>\n\n\n\n<p class=\"p1\">En su mensaje, Barajas advirti\u00f3 que la sociedad ya no tolera simulaciones ni recorridos oficiales sin resultados. Reiter\u00f3 que la ciudadan\u00eda espera acciones concretas del Gobierno Federal en temas clave como seguridad, acceso al agua y desarrollo econ\u00f3mico.<\/p>\n","protected":false},"excerpt":{"rendered":"<p>Culiac\u00e1n, Sinaloa.\u2013 La presidenta del Comit\u00e9 Directivo Estatal del PAN en Sinaloa, Wendy Barajas Cort\u00e9s, urgi\u00f3 a la presidenta Claudia Sheinbaum a que realice una visita a la capital del estado durante su pr\u00f3xima gira, al considerar que Culiac\u00e1n necesita atenci\u00f3n prioritaria en materia de seguridad y paz social. Durante una conferencia de prensa, la [&hellip;]<\/p>\n","protected":false},"author":11,"featured_media":108854,"comment_status":"closed","ping_status":"open","sticky":false,"template":"","format":"standard","meta":{"tdm_status":"","tdm_grid_status":"","footnotes":""},"categories":[38],"tags":[],"class_list":{"0":"post-108855","1":"post","2":"type-post","3":"status-publish","4":"format-standard","5":"has-post-thumbnail","7":"category-noticias-locales"},"yoast_head":"<!-- This site is optimized with the Yoast SEO plugin v27.5 - https:\/\/yoast.com\/product\/yoast-seo-wordpress\/ -->\n<title>PAN Sinaloa exige visita de Claudia Sheinbaum a Culiac\u00e1n y plantea reclamos por inseguridad y sequ\u00eda - Fuentes Fidedignas<\/title>\n<meta name=\"robots\" content=\"index, follow, max-snippet:-1, max-image-preview:large, max-video-preview:-1\" \/>\n<link rel=\"canonical\" href=\"https:\/\/fuentesfidedignas.com.mx\/index.php\/2025\/05\/21\/pan-sinaloa-exige-visita-de-claudia-sheinbaum-a-culiacan-y-plantea-reclamos-por-inseguridad-y-sequia\/\" \/>\n<meta property=\"og:locale\" content=\"es_MX\" \/>\n<meta property=\"og:type\" content=\"article\" \/>\n<meta property=\"og:title\" content=\"PAN Sinaloa exige visita de Claudia Sheinbaum a Culiac\u00e1n y plantea reclamos por inseguridad y sequ\u00eda - Fuentes Fidedignas\" \/>\n<meta property=\"og:description\" content=\"Culiac\u00e1n, Sinaloa.\u2013 La presidenta del Comit\u00e9 Directivo Estatal del PAN en Sinaloa, Wendy Barajas Cort\u00e9s, urgi\u00f3 a la presidenta Claudia Sheinbaum a que realice una visita a la capital del estado durante su pr\u00f3xima gira, al considerar que Culiac\u00e1n necesita atenci\u00f3n prioritaria en materia de seguridad y paz social. Durante una conferencia de prensa, la [&hellip;]\" \/>\n<meta property=\"og:url\" content=\"https:\/\/fuentesfidedignas.com.mx\/index.php\/2025\/05\/21\/pan-sinaloa-exige-visita-de-claudia-sheinbaum-a-culiacan-y-plantea-reclamos-por-inseguridad-y-sequia\/\" \/>\n<meta property=\"og:site_name\" content=\"Fuentes Fidedignas\" \/>\n<meta property=\"article:publisher\" content=\"https:\/\/www.facebook.com\/Fuentes-Fidedignas-368234489921644\" \/>\n<meta property=\"article:published_time\" content=\"2025-05-21T18:52:33+00:00\" \/>\n<meta property=\"og:image\" content=\"https:\/\/fuentesfidedignas.com.mx\/wp-content\/uploads\/2025\/05\/img_3554-1.jpg\" \/>\n\t<meta property=\"og:image:width\" content=\"1170\" \/>\n\t<meta property=\"og:image:height\" content=\"854\" \/>\n\t<meta property=\"og:image:type\" content=\"image\/jpeg\" \/>\n<meta name=\"author\" content=\"Marissa Palafox\" \/>\n<meta name=\"twitter:card\" content=\"summary_large_image\" \/>\n<meta name=\"twitter:creator\" content=\"@fidedignas\" \/>\n<meta name=\"twitter:site\" content=\"@fidedignas\" \/>\n<meta name=\"twitter:label1\" content=\"Escrito por\" \/>\n\t<meta name=\"twitter:data1\" content=\"Marissa Palafox\" \/>\n\t<meta name=\"twitter:label2\" content=\"Tiempo de lectura\" \/>\n\t<meta name=\"twitter:data2\" content=\"1 minuto\" \/>\n<script type=\"application\/ld+json\" class=\"yoast-schema-graph\">{\"@context\":\"https:\\\/\\\/schema.org\",\"@graph\":[{\"@type\":\"Article\",\"@id\":\"https:\\\/\\\/fuentesfidedignas.com.mx\\\/index.php\\\/2025\\\/05\\\/21\\\/pan-sinaloa-exige-visita-de-claudia-sheinbaum-a-culiacan-y-plantea-reclamos-por-inseguridad-y-sequia\\\/#article\",\"isPartOf\":{\"@id\":\"https:\\\/\\\/fuentesfidedignas.com.mx\\\/index.php\\\/2025\\\/05\\\/21\\\/pan-sinaloa-exige-visita-de-claudia-sheinbaum-a-culiacan-y-plantea-reclamos-por-inseguridad-y-sequia\\\/\"},\"author\":{\"name\":\"Marissa Palafox\",\"@id\":\"https:\\\/\\\/fuentesfidedignas.com.mx\\\/#\\\/schema\\\/person\\\/2c10028b4a30078c05a056a215342ab9\"},\"headline\":\"PAN Sinaloa exige visita de Claudia Sheinbaum a Culiac\u00e1n y plantea reclamos por inseguridad y sequ\u00eda\",\"datePublished\":\"2025-05-21T18:52:33+00:00\",\"mainEntityOfPage\":{\"@id\":\"https:\\\/\\\/fuentesfidedignas.com.mx\\\/index.php\\\/2025\\\/05\\\/21\\\/pan-sinaloa-exige-visita-de-claudia-sheinbaum-a-culiacan-y-plantea-reclamos-por-inseguridad-y-sequia\\\/\"},\"wordCount\":303,\"publisher\":{\"@id\":\"https:\\\/\\\/fuentesfidedignas.com.mx\\\/#organization\"},\"image\":{\"@id\":\"https:\\\/\\\/fuentesfidedignas.com.mx\\\/index.php\\\/2025\\\/05\\\/21\\\/pan-sinaloa-exige-visita-de-claudia-sheinbaum-a-culiacan-y-plantea-reclamos-por-inseguridad-y-sequia\\\/#primaryimage\"},\"thumbnailUrl\":\"https:\\\/\\\/fuentesfidedignas.com.mx\\\/wp-content\\\/uploads\\\/2025\\\/05\\\/img_3554-1.jpg\",\"articleSection\":[\"NOTICIAS LOCALES\"],\"inLanguage\":\"es\"},{\"@type\":\"WebPage\",\"@id\":\"https:\\\/\\\/fuentesfidedignas.com.mx\\\/index.php\\\/2025\\\/05\\\/21\\\/pan-sinaloa-exige-visita-de-claudia-sheinbaum-a-culiacan-y-plantea-reclamos-por-inseguridad-y-sequia\\\/\",\"url\":\"https:\\\/\\\/fuentesfidedignas.com.mx\\\/index.php\\\/2025\\\/05\\\/21\\\/pan-sinaloa-exige-visita-de-claudia-sheinbaum-a-culiacan-y-plantea-reclamos-por-inseguridad-y-sequia\\\/\",\"name\":\"PAN Sinaloa exige visita de Claudia Sheinbaum a Culiac\u00e1n y plantea reclamos por inseguridad y sequ\u00eda - Fuentes Fidedignas\",\"isPartOf\":{\"@id\":\"https:\\\/\\\/fuentesfidedignas.com.mx\\\/#website\"},\"primaryImageOfPage\":{\"@id\":\"https:\\\/\\\/fuentesfidedignas.com.mx\\\/index.php\\\/2025\\\/05\\\/21\\\/pan-sinaloa-exige-visita-de-claudia-sheinbaum-a-culiacan-y-plantea-reclamos-por-inseguridad-y-sequia\\\/#primaryimage\"},\"image\":{\"@id\":\"https:\\\/\\\/fuentesfidedignas.com.mx\\\/index.php\\\/2025\\\/05\\\/21\\\/pan-sinaloa-exige-visita-de-claudia-sheinbaum-a-culiacan-y-plantea-reclamos-por-inseguridad-y-sequia\\\/#primaryimage\"},\"thumbnailUrl\":\"https:\\\/\\\/fuentesfidedignas.com.mx\\\/wp-content\\\/uploads\\\/2025\\\/05\\\/img_3554-1.jpg\",\"datePublished\":\"2025-05-21T18:52:33+00:00\",\"breadcrumb\":{\"@id\":\"https:\\\/\\\/fuentesfidedignas.com.mx\\\/index.php\\\/2025\\\/05\\\/21\\\/pan-sinaloa-exige-visita-de-claudia-sheinbaum-a-culiacan-y-plantea-reclamos-por-inseguridad-y-sequia\\\/#breadcrumb\"},\"inLanguage\":\"es\",\"potentialAction\":[{\"@type\":\"ReadAction\",\"target\":[\"https:\\\/\\\/fuentesfidedignas.com.mx\\\/index.php\\\/2025\\\/05\\\/21\\\/pan-sinaloa-exige-visita-de-claudia-sheinbaum-a-culiacan-y-plantea-reclamos-por-inseguridad-y-sequia\\\/\"]}]},{\"@type\":\"ImageObject\",\"inLanguage\":\"es\",\"@id\":\"https:\\\/\\\/fuentesfidedignas.com.mx\\\/index.php\\\/2025\\\/05\\\/21\\\/pan-sinaloa-exige-visita-de-claudia-sheinbaum-a-culiacan-y-plantea-reclamos-por-inseguridad-y-sequia\\\/#primaryimage\",\"url\":\"https:\\\/\\\/fuentesfidedignas.com.mx\\\/wp-content\\\/uploads\\\/2025\\\/05\\\/img_3554-1.jpg\",\"contentUrl\":\"https:\\\/\\\/fuentesfidedignas.com.mx\\\/wp-content\\\/uploads\\\/2025\\\/05\\\/img_3554-1.jpg\",\"width\":1170,\"height\":854},{\"@type\":\"BreadcrumbList\",\"@id\":\"https:\\\/\\\/fuentesfidedignas.com.mx\\\/index.php\\\/2025\\\/05\\\/21\\\/pan-sinaloa-exige-visita-de-claudia-sheinbaum-a-culiacan-y-plantea-reclamos-por-inseguridad-y-sequia\\\/#breadcrumb\",\"itemListElement\":[{\"@type\":\"ListItem\",\"position\":1,\"name\":\"Inicio\",\"item\":\"https:\\\/\\\/fuentesfidedignas.com.mx\\\/\"},{\"@type\":\"ListItem\",\"position\":2,\"name\":\"PAN Sinaloa exige visita de Claudia Sheinbaum a Culiac\u00e1n y plantea reclamos por inseguridad y sequ\u00eda\"}]},{\"@type\":\"WebSite\",\"@id\":\"https:\\\/\\\/fuentesfidedignas.com.mx\\\/#website\",\"url\":\"https:\\\/\\\/fuentesfidedignas.com.mx\\\/\",\"name\":\"Fuentes Fidedignas\",\"description\":\"Otro sitio realizado con WordPress\",\"publisher\":{\"@id\":\"https:\\\/\\\/fuentesfidedignas.com.mx\\\/#organization\"},\"potentialAction\":[{\"@type\":\"SearchAction\",\"target\":{\"@type\":\"EntryPoint\",\"urlTemplate\":\"https:\\\/\\\/fuentesfidedignas.com.mx\\\/?s={search_term_string}\"},\"query-input\":{\"@type\":\"PropertyValueSpecification\",\"valueRequired\":true,\"valueName\":\"search_term_string\"}}],\"inLanguage\":\"es\"},{\"@type\":\"Organization\",\"@id\":\"https:\\\/\\\/fuentesfidedignas.com.mx\\\/#organization\",\"name\":\"Fuentes Fidedignas\",\"url\":\"https:\\\/\\\/fuentesfidedignas.com.mx\\\/\",\"logo\":{\"@type\":\"ImageObject\",\"inLanguage\":\"es\",\"@id\":\"https:\\\/\\\/fuentesfidedignas.com.mx\\\/#\\\/schema\\\/logo\\\/image\\\/\",\"url\":\"https:\\\/\\\/fuentesfidedignas.com.mx\\\/wp-content\\\/uploads\\\/2021\\\/04\\\/logo-retina.png\",\"contentUrl\":\"https:\\\/\\\/fuentesfidedignas.com.mx\\\/wp-content\\\/uploads\\\/2021\\\/04\\\/logo-retina.png\",\"width\":280,\"height\":51,\"caption\":\"Fuentes Fidedignas\"},\"image\":{\"@id\":\"https:\\\/\\\/fuentesfidedignas.com.mx\\\/#\\\/schema\\\/logo\\\/image\\\/\"},\"sameAs\":[\"https:\\\/\\\/www.facebook.com\\\/Fuentes-Fidedignas-368234489921644\",\"https:\\\/\\\/x.com\\\/fidedignas\"]},{\"@type\":\"Person\",\"@id\":\"https:\\\/\\\/fuentesfidedignas.com.mx\\\/#\\\/schema\\\/person\\\/2c10028b4a30078c05a056a215342ab9\",\"name\":\"Marissa Palafox\",\"image\":{\"@type\":\"ImageObject\",\"inLanguage\":\"es\",\"@id\":\"https:\\\/\\\/secure.gravatar.com\\\/avatar\\\/20a43bdb2f2db10f20b22d4e98b96eb027faf98f7f76d29854dc5fab46d1cf71?s=96&d=mm&r=g\",\"url\":\"https:\\\/\\\/secure.gravatar.com\\\/avatar\\\/20a43bdb2f2db10f20b22d4e98b96eb027faf98f7f76d29854dc5fab46d1cf71?s=96&d=mm&r=g\",\"contentUrl\":\"https:\\\/\\\/secure.gravatar.com\\\/avatar\\\/20a43bdb2f2db10f20b22d4e98b96eb027faf98f7f76d29854dc5fab46d1cf71?s=96&d=mm&r=g\",\"caption\":\"Marissa Palafox\"},\"url\":\"https:\\\/\\\/fuentesfidedignas.com.mx\\\/index.php\\\/author\\\/marissa\\\/\"}]}<\/script>\n<!-- \/ Yoast SEO plugin. -->","yoast_head_json":{"title":"PAN Sinaloa exige visita de Claudia Sheinbaum a Culiac\u00e1n y plantea reclamos por inseguridad y sequ\u00eda - Fuentes Fidedignas","robots":{"index":"index","follow":"follow","max-snippet":"max-snippet:-1","max-image-preview":"max-image-preview:large","max-video-preview":"max-video-preview:-1"},"canonical":"https:\/\/fuentesfidedignas.com.mx\/index.php\/2025\/05\/21\/pan-sinaloa-exige-visita-de-claudia-sheinbaum-a-culiacan-y-plantea-reclamos-por-inseguridad-y-sequia\/","og_locale":"es_MX","og_type":"article","og_title":"PAN Sinaloa exige visita de Claudia Sheinbaum a Culiac\u00e1n y plantea reclamos por inseguridad y sequ\u00eda - Fuentes Fidedignas","og_description":"Culiac\u00e1n, Sinaloa.\u2013 La presidenta del Comit\u00e9 Directivo Estatal del PAN en Sinaloa, Wendy Barajas Cort\u00e9s, urgi\u00f3 a la presidenta Claudia Sheinbaum a que realice una visita a la capital del estado durante su pr\u00f3xima gira, al considerar que Culiac\u00e1n necesita atenci\u00f3n prioritaria en materia de seguridad y paz social. Durante una conferencia de prensa, la [&hellip;]","og_url":"https:\/\/fuentesfidedignas.com.mx\/index.php\/2025\/05\/21\/pan-sinaloa-exige-visita-de-claudia-sheinbaum-a-culiacan-y-plantea-reclamos-por-inseguridad-y-sequia\/","og_site_name":"Fuentes Fidedignas","article_publisher":"https:\/\/www.facebook.com\/Fuentes-Fidedignas-368234489921644","article_published_time":"2025-05-21T18:52:33+00:00","og_image":[{"width":1170,"height":854,"url":"https:\/\/fuentesfidedignas.com.mx\/wp-content\/uploads\/2025\/05\/img_3554-1.jpg","type":"image\/jpeg"}],"author":"Marissa Palafox","twitter_card":"summary_large_image","twitter_creator":"@fidedignas","twitter_site":"@fidedignas","twitter_misc":{"Escrito por":"Marissa Palafox","Tiempo de lectura":"1 minuto"},"schema":{"@context":"https:\/\/schema.org","@graph":[{"@type":"Article","@id":"https:\/\/fuentesfidedignas.com.mx\/index.php\/2025\/05\/21\/pan-sinaloa-exige-visita-de-claudia-sheinbaum-a-culiacan-y-plantea-reclamos-por-inseguridad-y-sequia\/#article","isPartOf":{"@id":"https:\/\/fuentesfidedignas.com.mx\/index.php\/2025\/05\/21\/pan-sinaloa-exige-visita-de-claudia-sheinbaum-a-culiacan-y-plantea-reclamos-por-inseguridad-y-sequia\/"},"author":{"name":"Marissa Palafox","@id":"https:\/\/fuentesfidedignas.com.mx\/#\/schema\/person\/2c10028b4a30078c05a056a215342ab9"},"headline":"PAN Sinaloa exige visita de Claudia Sheinbaum a Culiac\u00e1n y plantea reclamos por inseguridad y sequ\u00eda","datePublished":"2025-05-21T18:52:33+00:00","mainEntityOfPage":{"@id":"https:\/\/fuentesfidedignas.com.mx\/index.php\/2025\/05\/21\/pan-sinaloa-exige-visita-de-claudia-sheinbaum-a-culiacan-y-plantea-reclamos-por-inseguridad-y-sequia\/"},"wordCount":303,"publisher":{"@id":"https:\/\/fuentesfidedignas.com.mx\/#organization"},"image":{"@id":"https:\/\/fuentesfidedignas.com.mx\/index.php\/2025\/05\/21\/pan-sinaloa-exige-visita-de-claudia-sheinbaum-a-culiacan-y-plantea-reclamos-por-inseguridad-y-sequia\/#primaryimage"},"thumbnailUrl":"https:\/\/fuentesfidedignas.com.mx\/wp-content\/uploads\/2025\/05\/img_3554-1.jpg","articleSection":["NOTICIAS LOCALES"],"inLanguage":"es"},{"@type":"WebPage","@id":"https:\/\/fuentesfidedignas.com.mx\/index.php\/2025\/05\/21\/pan-sinaloa-exige-visita-de-claudia-sheinbaum-a-culiacan-y-plantea-reclamos-por-inseguridad-y-sequia\/","url":"https:\/\/fuentesfidedignas.com.mx\/index.php\/2025\/05\/21\/pan-sinaloa-exige-visita-de-claudia-sheinbaum-a-culiacan-y-plantea-reclamos-por-inseguridad-y-sequia\/","name":"PAN Sinaloa exige visita de Claudia Sheinbaum a Culiac\u00e1n y plantea reclamos por inseguridad y sequ\u00eda - Fuentes Fidedignas","isPartOf":{"@id":"https:\/\/fuentesfidedignas.com.mx\/#website"},"primaryImageOfPage":{"@id":"https:\/\/fuentesfidedignas.com.mx\/index.php\/2025\/05\/21\/pan-sinaloa-exige-visita-de-claudia-sheinbaum-a-culiacan-y-plantea-reclamos-por-inseguridad-y-sequia\/#primaryimage"},"image":{"@id":"https:\/\/fuentesfidedignas.com.mx\/index.php\/2025\/05\/21\/pan-sinaloa-exige-visita-de-claudia-sheinbaum-a-culiacan-y-plantea-reclamos-por-inseguridad-y-sequia\/#primaryimage"},"thumbnailUrl":"https:\/\/fuentesfidedignas.com.mx\/wp-content\/uploads\/2025\/05\/img_3554-1.jpg","datePublished":"2025-05-21T18:52:33+00:00","breadcrumb":{"@id":"https:\/\/fuentesfidedignas.com.mx\/index.php\/2025\/05\/21\/pan-sinaloa-exige-visita-de-claudia-sheinbaum-a-culiacan-y-plantea-reclamos-por-inseguridad-y-sequia\/#breadcrumb"},"inLanguage":"es","potentialAction":[{"@type":"ReadAction","target":["https:\/\/fuentesfidedignas.com.mx\/index.php\/2025\/05\/21\/pan-sinaloa-exige-visita-de-claudia-sheinbaum-a-culiacan-y-plantea-reclamos-por-inseguridad-y-sequia\/"]}]},{"@type":"ImageObject","inLanguage":"es","@id":"https:\/\/fuentesfidedignas.com.mx\/index.php\/2025\/05\/21\/pan-sinaloa-exige-visita-de-claudia-sheinbaum-a-culiacan-y-plantea-reclamos-por-inseguridad-y-sequia\/#primaryimage","url":"https:\/\/fuentesfidedignas.com.mx\/wp-content\/uploads\/2025\/05\/img_3554-1.jpg","contentUrl":"https:\/\/fuentesfidedignas.com.mx\/wp-content\/uploads\/2025\/05\/img_3554-1.jpg","width":1170,"height":854},{"@type":"BreadcrumbList","@id":"https:\/\/fuentesfidedignas.com.mx\/index.php\/2025\/05\/21\/pan-sinaloa-exige-visita-de-claudia-sheinbaum-a-culiacan-y-plantea-reclamos-por-inseguridad-y-sequia\/#breadcrumb","itemListElement":[{"@type":"ListItem","position":1,"name":"Inicio","item":"https:\/\/fuentesfidedignas.com.mx\/"},{"@type":"ListItem","position":2,"name":"PAN Sinaloa exige visita de Claudia Sheinbaum a Culiac\u00e1n y plantea reclamos por inseguridad y sequ\u00eda"}]},{"@type":"WebSite","@id":"https:\/\/fuentesfidedignas.com.mx\/#website","url":"https:\/\/fuentesfidedignas.com.mx\/","name":"Fuentes Fidedignas","description":"Otro sitio realizado con WordPress","publisher":{"@id":"https:\/\/fuentesfidedignas.com.mx\/#organization"},"potentialAction":[{"@type":"SearchAction","target":{"@type":"EntryPoint","urlTemplate":"https:\/\/fuentesfidedignas.com.mx\/?s={search_term_string}"},"query-input":{"@type":"PropertyValueSpecification","valueRequired":true,"valueName":"search_term_string"}}],"inLanguage":"es"},{"@type":"Organization","@id":"https:\/\/fuentesfidedignas.com.mx\/#organization","name":"Fuentes Fidedignas","url":"https:\/\/fuentesfidedignas.com.mx\/","logo":{"@type":"ImageObject","inLanguage":"es","@id":"https:\/\/fuentesfidedignas.com.mx\/#\/schema\/logo\/image\/","url":"https:\/\/fuentesfidedignas.com.mx\/wp-content\/uploads\/2021\/04\/logo-retina.png","contentUrl":"https:\/\/fuentesfidedignas.com.mx\/wp-content\/uploads\/2021\/04\/logo-retina.png","width":280,"height":51,"caption":"Fuentes Fidedignas"},"image":{"@id":"https:\/\/fuentesfidedignas.com.mx\/#\/schema\/logo\/image\/"},"sameAs":["https:\/\/www.facebook.com\/Fuentes-Fidedignas-368234489921644","https:\/\/x.com\/fidedignas"]},{"@type":"Person","@id":"https:\/\/fuentesfidedignas.com.mx\/#\/schema\/person\/2c10028b4a30078c05a056a215342ab9","name":"Marissa Palafox","image":{"@type":"ImageObject","inLanguage":"es","@id":"https:\/\/secure.gravatar.com\/avatar\/20a43bdb2f2db10f20b22d4e98b96eb027faf98f7f76d29854dc5fab46d1cf71?s=96&d=mm&r=g","url":"https:\/\/secure.gravatar.com\/avatar\/20a43bdb2f2db10f20b22d4e98b96eb027faf98f7f76d29854dc5fab46d1cf71?s=96&d=mm&r=g","contentUrl":"https:\/\/secure.gravatar.com\/avatar\/20a43bdb2f2db10f20b22d4e98b96eb027faf98f7f76d29854dc5fab46d1cf71?s=96&d=mm&r=g","caption":"Marissa Palafox"},"url":"https:\/\/fuentesfidedignas.com.mx\/index.php\/author\/marissa\/"}]}},"_links":{"self":[{"href":"https:\/\/fuentesfidedignas.com.mx\/index.php\/wp-json\/wp\/v2\/posts\/108855","targetHints":{"allow":["GET"]}}],"collection":[{"href":"https:\/\/fuentesfidedignas.com.mx\/index.php\/wp-json\/wp\/v2\/posts"}],"about":[{"href":"https:\/\/fuentesfidedignas.com.mx\/index.php\/wp-json\/wp\/v2\/types\/post"}],"author":[{"embeddable":true,"href":"https:\/\/fuentesfidedignas.com.mx\/index.php\/wp-json\/wp\/v2\/users\/11"}],"replies":[{"embeddable":true,"href":"https:\/\/fuentesfidedignas.com.mx\/index.php\/wp-json\/wp\/v2\/comments?post=108855"}],"version-history":[{"count":1,"href":"https:\/\/fuentesfidedignas.com.mx\/index.php\/wp-json\/wp\/v2\/posts\/108855\/revisions"}],"predecessor-version":[{"id":108856,"href":"https:\/\/fuentesfidedignas.com.mx\/index.php\/wp-json\/wp\/v2\/posts\/108855\/revisions\/108856"}],"wp:featuredmedia":[{"embeddable":true,"href":"https:\/\/fuentesfidedignas.com.mx\/index.php\/wp-json\/wp\/v2\/media\/108854"}],"wp:attachment":[{"href":"https:\/\/fuentesfidedignas.com.mx\/index.php\/wp-json\/wp\/v2\/media?parent=108855"}],"wp:term":[{"taxonomy":"category","embeddable":true,"href":"https:\/\/fuentesfidedignas.com.mx\/index.php\/wp-json\/wp\/v2\/categories?post=108855"},{"taxonomy":"post_tag","embeddable":true,"href":"https:\/\/fuentesfidedignas.com.mx\/index.php\/wp-json\/wp\/v2\/tags?post=108855"}],"curies":[{"name":"wp","href":"https:\/\/api.w.org\/{rel}","templated":true}]}}