{"id":108852,"date":"2025-05-21T11:46:01","date_gmt":"2025-05-21T18:46:01","guid":{"rendered":"https:\/\/fuentesfidedignas.com.mx\/?p=108852"},"modified":"2025-05-21T11:46:01","modified_gmt":"2025-05-21T18:46:01","slug":"gobierno-de-sinaloa-fortalece-acciones-para-enfrentar-la-sequia-en-comunidades-afectadas","status":"publish","type":"post","link":"https:\/\/fuentesfidedignas.com.mx\/index.php\/2025\/05\/21\/gobierno-de-sinaloa-fortalece-acciones-para-enfrentar-la-sequia-en-comunidades-afectadas\/","title":{"rendered":"Gobierno de Sinaloa fortalece acciones para enfrentar la sequ\u00eda en comunidades afectadas"},"content":{"rendered":"\n<p class=\"p1\"><\/p>\n\n\n\n<p class=\"p1\">Culiac\u00e1n, Sinaloa.\u2013 Con el objetivo de garantizar el abasto de agua en las zonas m\u00e1s afectadas por la sequ\u00eda, el Gobierno del Estado mantiene activas una serie de acciones estrat\u00e9gicas en distintas regiones de la entidad. Durante la conferencia semanal de la Vocer\u00eda Estatal, se inform\u00f3 que estas medidas forman parte de una respuesta integral ante las condiciones cr\u00edticas que enfrentan diversas comunidades rurales.<\/p>\n\n\n\n<p class=\"p1\">Entre las acciones desplegadas se encuentra el env\u00edo de pipas con agua potable a localidades donde los sistemas tradicionales de suministro han dejado de ser suficientes. Adem\u00e1s, se realizan labores de perforaci\u00f3n de pozos con el fin de habilitar nuevas fuentes de abastecimiento en puntos estrat\u00e9gicos. Paralelamente, contin\u00faa la distribuci\u00f3n de agua embotellada en aquellas zonas donde la infraestructura h\u00eddrica es limitada o nula.<\/p>\n\n\n\n<p class=\"p1\">El Gobierno del Estado, a trav\u00e9s de sus diferentes dependencias, ha coordinado estos esfuerzos bajo una l\u00f3gica de atenci\u00f3n prioritaria, poniendo especial \u00e9nfasis en los municipios con mayor grado de afectaci\u00f3n. La estrategia incluye tambi\u00e9n un seguimiento constante a los reportes ciudadanos y a los estudios t\u00e9cnicos emitidos por las \u00e1reas responsables del monitoreo del fen\u00f3meno.<\/p>\n\n\n\n<p class=\"p1\">Las autoridades estatales han se\u00f1alado que el compromiso es mantener estas acciones durante el tiempo que sea necesario, asegurando que las comunidades tengan acceso al agua para sus necesidades b\u00e1sicas. Asimismo, se ha reforzado la coordinaci\u00f3n interinstitucional para agilizar la respuesta ante nuevos reportes y anticiparse a posibles escenarios de mayor gravedad.<\/p>\n\n\n\n<p class=\"p1\">El panorama de sequ\u00eda en Sinaloa se mantiene como un desaf\u00edo significativo, por lo que la administraci\u00f3n estatal continuar\u00e1 enfocando recursos humanos, t\u00e9cnicos y materiales en la atenci\u00f3n oportuna y eficaz de esta situaci\u00f3n. El trabajo conjunto entre gobierno y sociedad ser\u00e1 clave para hacer frente a este fen\u00f3meno con responsabilidad y solidaridad.<\/p>\n\n\n\n<p class=\"p1\">A pesar de la gravedad del problema, hasta el momento las autoridades federales no han emitido una declaratoria de emergencia por sequ\u00eda para el estado, lo que ha limitado el acceso a recursos extraordinarios que podr\u00edan reforzar las acciones emprendidas a nivel estatal.<\/p>\n","protected":false},"excerpt":{"rendered":"<p>Culiac\u00e1n, Sinaloa.\u2013 Con el objetivo de garantizar el abasto de agua en las zonas m\u00e1s afectadas por la sequ\u00eda, el Gobierno del Estado mantiene activas una serie de acciones estrat\u00e9gicas en distintas regiones de la entidad. Durante la conferencia semanal de la Vocer\u00eda Estatal, se inform\u00f3 que estas medidas forman parte de una respuesta integral [&hellip;]<\/p>\n","protected":false},"author":11,"featured_media":25912,"comment_status":"closed","ping_status":"open","sticky":false,"template":"","format":"standard","meta":{"tdm_status":"","tdm_grid_status":"","footnotes":""},"categories":[37],"tags":[],"class_list":{"0":"post-108852","1":"post","2":"type-post","3":"status-publish","4":"format-standard","5":"has-post-thumbnail","7":"category-nota-principal"},"yoast_head":"<!-- This site is optimized with the Yoast SEO plugin v27.5 - https:\/\/yoast.com\/product\/yoast-seo-wordpress\/ -->\n<title>Gobierno de Sinaloa fortalece acciones para enfrentar la sequ\u00eda en comunidades afectadas - Fuentes Fidedignas<\/title>\n<meta name=\"robots\" content=\"index, follow, max-snippet:-1, max-image-preview:large, max-video-preview:-1\" \/>\n<link rel=\"canonical\" href=\"https:\/\/fuentesfidedignas.com.mx\/index.php\/2025\/05\/21\/gobierno-de-sinaloa-fortalece-acciones-para-enfrentar-la-sequia-en-comunidades-afectadas\/\" \/>\n<meta property=\"og:locale\" content=\"es_MX\" \/>\n<meta property=\"og:type\" content=\"article\" \/>\n<meta property=\"og:title\" content=\"Gobierno de Sinaloa fortalece acciones para enfrentar la sequ\u00eda en comunidades afectadas - Fuentes Fidedignas\" \/>\n<meta property=\"og:description\" content=\"Culiac\u00e1n, Sinaloa.\u2013 Con el objetivo de garantizar el abasto de agua en las zonas m\u00e1s afectadas por la sequ\u00eda, el Gobierno del Estado mantiene activas una serie de acciones estrat\u00e9gicas en distintas regiones de la entidad. Durante la conferencia semanal de la Vocer\u00eda Estatal, se inform\u00f3 que estas medidas forman parte de una respuesta integral [&hellip;]\" \/>\n<meta property=\"og:url\" content=\"https:\/\/fuentesfidedignas.com.mx\/index.php\/2025\/05\/21\/gobierno-de-sinaloa-fortalece-acciones-para-enfrentar-la-sequia-en-comunidades-afectadas\/\" \/>\n<meta property=\"og:site_name\" content=\"Fuentes Fidedignas\" \/>\n<meta property=\"article:publisher\" content=\"https:\/\/www.facebook.com\/Fuentes-Fidedignas-368234489921644\" \/>\n<meta property=\"article:published_time\" content=\"2025-05-21T18:46:01+00:00\" \/>\n<meta property=\"og:image\" content=\"https:\/\/fuentesfidedignas.com.mx\/wp-content\/uploads\/2022\/03\/SEQUIA-5.jpeg\" \/>\n\t<meta property=\"og:image:width\" content=\"960\" \/>\n\t<meta property=\"og:image:height\" content=\"599\" \/>\n\t<meta property=\"og:image:type\" content=\"image\/jpeg\" \/>\n<meta name=\"author\" content=\"Marissa Palafox\" \/>\n<meta name=\"twitter:card\" content=\"summary_large_image\" \/>\n<meta name=\"twitter:creator\" content=\"@fidedignas\" \/>\n<meta name=\"twitter:site\" content=\"@fidedignas\" \/>\n<meta name=\"twitter:label1\" content=\"Escrito por\" \/>\n\t<meta name=\"twitter:data1\" content=\"Marissa Palafox\" \/>\n\t<meta name=\"twitter:label2\" content=\"Tiempo de lectura\" \/>\n\t<meta name=\"twitter:data2\" content=\"2 minutos\" \/>\n<script type=\"application\/ld+json\" class=\"yoast-schema-graph\">{\"@context\":\"https:\\\/\\\/schema.org\",\"@graph\":[{\"@type\":\"Article\",\"@id\":\"https:\\\/\\\/fuentesfidedignas.com.mx\\\/index.php\\\/2025\\\/05\\\/21\\\/gobierno-de-sinaloa-fortalece-acciones-para-enfrentar-la-sequia-en-comunidades-afectadas\\\/#article\",\"isPartOf\":{\"@id\":\"https:\\\/\\\/fuentesfidedignas.com.mx\\\/index.php\\\/2025\\\/05\\\/21\\\/gobierno-de-sinaloa-fortalece-acciones-para-enfrentar-la-sequia-en-comunidades-afectadas\\\/\"},\"author\":{\"name\":\"Marissa Palafox\",\"@id\":\"https:\\\/\\\/fuentesfidedignas.com.mx\\\/#\\\/schema\\\/person\\\/2c10028b4a30078c05a056a215342ab9\"},\"headline\":\"Gobierno de Sinaloa fortalece acciones para enfrentar la sequ\u00eda en comunidades afectadas\",\"datePublished\":\"2025-05-21T18:46:01+00:00\",\"mainEntityOfPage\":{\"@id\":\"https:\\\/\\\/fuentesfidedignas.com.mx\\\/index.php\\\/2025\\\/05\\\/21\\\/gobierno-de-sinaloa-fortalece-acciones-para-enfrentar-la-sequia-en-comunidades-afectadas\\\/\"},\"wordCount\":377,\"publisher\":{\"@id\":\"https:\\\/\\\/fuentesfidedignas.com.mx\\\/#organization\"},\"image\":{\"@id\":\"https:\\\/\\\/fuentesfidedignas.com.mx\\\/index.php\\\/2025\\\/05\\\/21\\\/gobierno-de-sinaloa-fortalece-acciones-para-enfrentar-la-sequia-en-comunidades-afectadas\\\/#primaryimage\"},\"thumbnailUrl\":\"https:\\\/\\\/fuentesfidedignas.com.mx\\\/wp-content\\\/uploads\\\/2022\\\/03\\\/SEQUIA-5.jpeg\",\"articleSection\":[\"NOTA PRINCIPAL\"],\"inLanguage\":\"es\"},{\"@type\":\"WebPage\",\"@id\":\"https:\\\/\\\/fuentesfidedignas.com.mx\\\/index.php\\\/2025\\\/05\\\/21\\\/gobierno-de-sinaloa-fortalece-acciones-para-enfrentar-la-sequia-en-comunidades-afectadas\\\/\",\"url\":\"https:\\\/\\\/fuentesfidedignas.com.mx\\\/index.php\\\/2025\\\/05\\\/21\\\/gobierno-de-sinaloa-fortalece-acciones-para-enfrentar-la-sequia-en-comunidades-afectadas\\\/\",\"name\":\"Gobierno de Sinaloa fortalece acciones para enfrentar la sequ\u00eda en comunidades afectadas - Fuentes Fidedignas\",\"isPartOf\":{\"@id\":\"https:\\\/\\\/fuentesfidedignas.com.mx\\\/#website\"},\"primaryImageOfPage\":{\"@id\":\"https:\\\/\\\/fuentesfidedignas.com.mx\\\/index.php\\\/2025\\\/05\\\/21\\\/gobierno-de-sinaloa-fortalece-acciones-para-enfrentar-la-sequia-en-comunidades-afectadas\\\/#primaryimage\"},\"image\":{\"@id\":\"https:\\\/\\\/fuentesfidedignas.com.mx\\\/index.php\\\/2025\\\/05\\\/21\\\/gobierno-de-sinaloa-fortalece-acciones-para-enfrentar-la-sequia-en-comunidades-afectadas\\\/#primaryimage\"},\"thumbnailUrl\":\"https:\\\/\\\/fuentesfidedignas.com.mx\\\/wp-content\\\/uploads\\\/2022\\\/03\\\/SEQUIA-5.jpeg\",\"datePublished\":\"2025-05-21T18:46:01+00:00\",\"breadcrumb\":{\"@id\":\"https:\\\/\\\/fuentesfidedignas.com.mx\\\/index.php\\\/2025\\\/05\\\/21\\\/gobierno-de-sinaloa-fortalece-acciones-para-enfrentar-la-sequia-en-comunidades-afectadas\\\/#breadcrumb\"},\"inLanguage\":\"es\",\"potentialAction\":[{\"@type\":\"ReadAction\",\"target\":[\"https:\\\/\\\/fuentesfidedignas.com.mx\\\/index.php\\\/2025\\\/05\\\/21\\\/gobierno-de-sinaloa-fortalece-acciones-para-enfrentar-la-sequia-en-comunidades-afectadas\\\/\"]}]},{\"@type\":\"ImageObject\",\"inLanguage\":\"es\",\"@id\":\"https:\\\/\\\/fuentesfidedignas.com.mx\\\/index.php\\\/2025\\\/05\\\/21\\\/gobierno-de-sinaloa-fortalece-acciones-para-enfrentar-la-sequia-en-comunidades-afectadas\\\/#primaryimage\",\"url\":\"https:\\\/\\\/fuentesfidedignas.com.mx\\\/wp-content\\\/uploads\\\/2022\\\/03\\\/SEQUIA-5.jpeg\",\"contentUrl\":\"https:\\\/\\\/fuentesfidedignas.com.mx\\\/wp-content\\\/uploads\\\/2022\\\/03\\\/SEQUIA-5.jpeg\",\"width\":960,\"height\":599},{\"@type\":\"BreadcrumbList\",\"@id\":\"https:\\\/\\\/fuentesfidedignas.com.mx\\\/index.php\\\/2025\\\/05\\\/21\\\/gobierno-de-sinaloa-fortalece-acciones-para-enfrentar-la-sequia-en-comunidades-afectadas\\\/#breadcrumb\",\"itemListElement\":[{\"@type\":\"ListItem\",\"position\":1,\"name\":\"Inicio\",\"item\":\"https:\\\/\\\/fuentesfidedignas.com.mx\\\/\"},{\"@type\":\"ListItem\",\"position\":2,\"name\":\"Gobierno de Sinaloa fortalece acciones para enfrentar la sequ\u00eda en comunidades afectadas\"}]},{\"@type\":\"WebSite\",\"@id\":\"https:\\\/\\\/fuentesfidedignas.com.mx\\\/#website\",\"url\":\"https:\\\/\\\/fuentesfidedignas.com.mx\\\/\",\"name\":\"Fuentes Fidedignas\",\"description\":\"Otro sitio realizado con WordPress\",\"publisher\":{\"@id\":\"https:\\\/\\\/fuentesfidedignas.com.mx\\\/#organization\"},\"potentialAction\":[{\"@type\":\"SearchAction\",\"target\":{\"@type\":\"EntryPoint\",\"urlTemplate\":\"https:\\\/\\\/fuentesfidedignas.com.mx\\\/?s={search_term_string}\"},\"query-input\":{\"@type\":\"PropertyValueSpecification\",\"valueRequired\":true,\"valueName\":\"search_term_string\"}}],\"inLanguage\":\"es\"},{\"@type\":\"Organization\",\"@id\":\"https:\\\/\\\/fuentesfidedignas.com.mx\\\/#organization\",\"name\":\"Fuentes Fidedignas\",\"url\":\"https:\\\/\\\/fuentesfidedignas.com.mx\\\/\",\"logo\":{\"@type\":\"ImageObject\",\"inLanguage\":\"es\",\"@id\":\"https:\\\/\\\/fuentesfidedignas.com.mx\\\/#\\\/schema\\\/logo\\\/image\\\/\",\"url\":\"https:\\\/\\\/fuentesfidedignas.com.mx\\\/wp-content\\\/uploads\\\/2021\\\/04\\\/logo-retina.png\",\"contentUrl\":\"https:\\\/\\\/fuentesfidedignas.com.mx\\\/wp-content\\\/uploads\\\/2021\\\/04\\\/logo-retina.png\",\"width\":280,\"height\":51,\"caption\":\"Fuentes Fidedignas\"},\"image\":{\"@id\":\"https:\\\/\\\/fuentesfidedignas.com.mx\\\/#\\\/schema\\\/logo\\\/image\\\/\"},\"sameAs\":[\"https:\\\/\\\/www.facebook.com\\\/Fuentes-Fidedignas-368234489921644\",\"https:\\\/\\\/x.com\\\/fidedignas\"]},{\"@type\":\"Person\",\"@id\":\"https:\\\/\\\/fuentesfidedignas.com.mx\\\/#\\\/schema\\\/person\\\/2c10028b4a30078c05a056a215342ab9\",\"name\":\"Marissa Palafox\",\"image\":{\"@type\":\"ImageObject\",\"inLanguage\":\"es\",\"@id\":\"https:\\\/\\\/secure.gravatar.com\\\/avatar\\\/20a43bdb2f2db10f20b22d4e98b96eb027faf98f7f76d29854dc5fab46d1cf71?s=96&d=mm&r=g\",\"url\":\"https:\\\/\\\/secure.gravatar.com\\\/avatar\\\/20a43bdb2f2db10f20b22d4e98b96eb027faf98f7f76d29854dc5fab46d1cf71?s=96&d=mm&r=g\",\"contentUrl\":\"https:\\\/\\\/secure.gravatar.com\\\/avatar\\\/20a43bdb2f2db10f20b22d4e98b96eb027faf98f7f76d29854dc5fab46d1cf71?s=96&d=mm&r=g\",\"caption\":\"Marissa Palafox\"},\"url\":\"https:\\\/\\\/fuentesfidedignas.com.mx\\\/index.php\\\/author\\\/marissa\\\/\"}]}<\/script>\n<!-- \/ Yoast SEO plugin. -->","yoast_head_json":{"title":"Gobierno de Sinaloa fortalece acciones para enfrentar la sequ\u00eda en comunidades afectadas - Fuentes Fidedignas","robots":{"index":"index","follow":"follow","max-snippet":"max-snippet:-1","max-image-preview":"max-image-preview:large","max-video-preview":"max-video-preview:-1"},"canonical":"https:\/\/fuentesfidedignas.com.mx\/index.php\/2025\/05\/21\/gobierno-de-sinaloa-fortalece-acciones-para-enfrentar-la-sequia-en-comunidades-afectadas\/","og_locale":"es_MX","og_type":"article","og_title":"Gobierno de Sinaloa fortalece acciones para enfrentar la sequ\u00eda en comunidades afectadas - Fuentes Fidedignas","og_description":"Culiac\u00e1n, Sinaloa.\u2013 Con el objetivo de garantizar el abasto de agua en las zonas m\u00e1s afectadas por la sequ\u00eda, el Gobierno del Estado mantiene activas una serie de acciones estrat\u00e9gicas en distintas regiones de la entidad. Durante la conferencia semanal de la Vocer\u00eda Estatal, se inform\u00f3 que estas medidas forman parte de una respuesta integral [&hellip;]","og_url":"https:\/\/fuentesfidedignas.com.mx\/index.php\/2025\/05\/21\/gobierno-de-sinaloa-fortalece-acciones-para-enfrentar-la-sequia-en-comunidades-afectadas\/","og_site_name":"Fuentes Fidedignas","article_publisher":"https:\/\/www.facebook.com\/Fuentes-Fidedignas-368234489921644","article_published_time":"2025-05-21T18:46:01+00:00","og_image":[{"width":960,"height":599,"url":"https:\/\/fuentesfidedignas.com.mx\/wp-content\/uploads\/2022\/03\/SEQUIA-5.jpeg","type":"image\/jpeg"}],"author":"Marissa Palafox","twitter_card":"summary_large_image","twitter_creator":"@fidedignas","twitter_site":"@fidedignas","twitter_misc":{"Escrito por":"Marissa Palafox","Tiempo de lectura":"2 minutos"},"schema":{"@context":"https:\/\/schema.org","@graph":[{"@type":"Article","@id":"https:\/\/fuentesfidedignas.com.mx\/index.php\/2025\/05\/21\/gobierno-de-sinaloa-fortalece-acciones-para-enfrentar-la-sequia-en-comunidades-afectadas\/#article","isPartOf":{"@id":"https:\/\/fuentesfidedignas.com.mx\/index.php\/2025\/05\/21\/gobierno-de-sinaloa-fortalece-acciones-para-enfrentar-la-sequia-en-comunidades-afectadas\/"},"author":{"name":"Marissa Palafox","@id":"https:\/\/fuentesfidedignas.com.mx\/#\/schema\/person\/2c10028b4a30078c05a056a215342ab9"},"headline":"Gobierno de Sinaloa fortalece acciones para enfrentar la sequ\u00eda en comunidades afectadas","datePublished":"2025-05-21T18:46:01+00:00","mainEntityOfPage":{"@id":"https:\/\/fuentesfidedignas.com.mx\/index.php\/2025\/05\/21\/gobierno-de-sinaloa-fortalece-acciones-para-enfrentar-la-sequia-en-comunidades-afectadas\/"},"wordCount":377,"publisher":{"@id":"https:\/\/fuentesfidedignas.com.mx\/#organization"},"image":{"@id":"https:\/\/fuentesfidedignas.com.mx\/index.php\/2025\/05\/21\/gobierno-de-sinaloa-fortalece-acciones-para-enfrentar-la-sequia-en-comunidades-afectadas\/#primaryimage"},"thumbnailUrl":"https:\/\/fuentesfidedignas.com.mx\/wp-content\/uploads\/2022\/03\/SEQUIA-5.jpeg","articleSection":["NOTA PRINCIPAL"],"inLanguage":"es"},{"@type":"WebPage","@id":"https:\/\/fuentesfidedignas.com.mx\/index.php\/2025\/05\/21\/gobierno-de-sinaloa-fortalece-acciones-para-enfrentar-la-sequia-en-comunidades-afectadas\/","url":"https:\/\/fuentesfidedignas.com.mx\/index.php\/2025\/05\/21\/gobierno-de-sinaloa-fortalece-acciones-para-enfrentar-la-sequia-en-comunidades-afectadas\/","name":"Gobierno de Sinaloa fortalece acciones para enfrentar la sequ\u00eda en comunidades afectadas - Fuentes Fidedignas","isPartOf":{"@id":"https:\/\/fuentesfidedignas.com.mx\/#website"},"primaryImageOfPage":{"@id":"https:\/\/fuentesfidedignas.com.mx\/index.php\/2025\/05\/21\/gobierno-de-sinaloa-fortalece-acciones-para-enfrentar-la-sequia-en-comunidades-afectadas\/#primaryimage"},"image":{"@id":"https:\/\/fuentesfidedignas.com.mx\/index.php\/2025\/05\/21\/gobierno-de-sinaloa-fortalece-acciones-para-enfrentar-la-sequia-en-comunidades-afectadas\/#primaryimage"},"thumbnailUrl":"https:\/\/fuentesfidedignas.com.mx\/wp-content\/uploads\/2022\/03\/SEQUIA-5.jpeg","datePublished":"2025-05-21T18:46:01+00:00","breadcrumb":{"@id":"https:\/\/fuentesfidedignas.com.mx\/index.php\/2025\/05\/21\/gobierno-de-sinaloa-fortalece-acciones-para-enfrentar-la-sequia-en-comunidades-afectadas\/#breadcrumb"},"inLanguage":"es","potentialAction":[{"@type":"ReadAction","target":["https:\/\/fuentesfidedignas.com.mx\/index.php\/2025\/05\/21\/gobierno-de-sinaloa-fortalece-acciones-para-enfrentar-la-sequia-en-comunidades-afectadas\/"]}]},{"@type":"ImageObject","inLanguage":"es","@id":"https:\/\/fuentesfidedignas.com.mx\/index.php\/2025\/05\/21\/gobierno-de-sinaloa-fortalece-acciones-para-enfrentar-la-sequia-en-comunidades-afectadas\/#primaryimage","url":"https:\/\/fuentesfidedignas.com.mx\/wp-content\/uploads\/2022\/03\/SEQUIA-5.jpeg","contentUrl":"https:\/\/fuentesfidedignas.com.mx\/wp-content\/uploads\/2022\/03\/SEQUIA-5.jpeg","width":960,"height":599},{"@type":"BreadcrumbList","@id":"https:\/\/fuentesfidedignas.com.mx\/index.php\/2025\/05\/21\/gobierno-de-sinaloa-fortalece-acciones-para-enfrentar-la-sequia-en-comunidades-afectadas\/#breadcrumb","itemListElement":[{"@type":"ListItem","position":1,"name":"Inicio","item":"https:\/\/fuentesfidedignas.com.mx\/"},{"@type":"ListItem","position":2,"name":"Gobierno de Sinaloa fortalece acciones para enfrentar la sequ\u00eda en comunidades afectadas"}]},{"@type":"WebSite","@id":"https:\/\/fuentesfidedignas.com.mx\/#website","url":"https:\/\/fuentesfidedignas.com.mx\/","name":"Fuentes Fidedignas","description":"Otro sitio realizado con WordPress","publisher":{"@id":"https:\/\/fuentesfidedignas.com.mx\/#organization"},"potentialAction":[{"@type":"SearchAction","target":{"@type":"EntryPoint","urlTemplate":"https:\/\/fuentesfidedignas.com.mx\/?s={search_term_string}"},"query-input":{"@type":"PropertyValueSpecification","valueRequired":true,"valueName":"search_term_string"}}],"inLanguage":"es"},{"@type":"Organization","@id":"https:\/\/fuentesfidedignas.com.mx\/#organization","name":"Fuentes Fidedignas","url":"https:\/\/fuentesfidedignas.com.mx\/","logo":{"@type":"ImageObject","inLanguage":"es","@id":"https:\/\/fuentesfidedignas.com.mx\/#\/schema\/logo\/image\/","url":"https:\/\/fuentesfidedignas.com.mx\/wp-content\/uploads\/2021\/04\/logo-retina.png","contentUrl":"https:\/\/fuentesfidedignas.com.mx\/wp-content\/uploads\/2021\/04\/logo-retina.png","width":280,"height":51,"caption":"Fuentes Fidedignas"},"image":{"@id":"https:\/\/fuentesfidedignas.com.mx\/#\/schema\/logo\/image\/"},"sameAs":["https:\/\/www.facebook.com\/Fuentes-Fidedignas-368234489921644","https:\/\/x.com\/fidedignas"]},{"@type":"Person","@id":"https:\/\/fuentesfidedignas.com.mx\/#\/schema\/person\/2c10028b4a30078c05a056a215342ab9","name":"Marissa Palafox","image":{"@type":"ImageObject","inLanguage":"es","@id":"https:\/\/secure.gravatar.com\/avatar\/20a43bdb2f2db10f20b22d4e98b96eb027faf98f7f76d29854dc5fab46d1cf71?s=96&d=mm&r=g","url":"https:\/\/secure.gravatar.com\/avatar\/20a43bdb2f2db10f20b22d4e98b96eb027faf98f7f76d29854dc5fab46d1cf71?s=96&d=mm&r=g","contentUrl":"https:\/\/secure.gravatar.com\/avatar\/20a43bdb2f2db10f20b22d4e98b96eb027faf98f7f76d29854dc5fab46d1cf71?s=96&d=mm&r=g","caption":"Marissa Palafox"},"url":"https:\/\/fuentesfidedignas.com.mx\/index.php\/author\/marissa\/"}]}},"_links":{"self":[{"href":"https:\/\/fuentesfidedignas.com.mx\/index.php\/wp-json\/wp\/v2\/posts\/108852","targetHints":{"allow":["GET"]}}],"collection":[{"href":"https:\/\/fuentesfidedignas.com.mx\/index.php\/wp-json\/wp\/v2\/posts"}],"about":[{"href":"https:\/\/fuentesfidedignas.com.mx\/index.php\/wp-json\/wp\/v2\/types\/post"}],"author":[{"embeddable":true,"href":"https:\/\/fuentesfidedignas.com.mx\/index.php\/wp-json\/wp\/v2\/users\/11"}],"replies":[{"embeddable":true,"href":"https:\/\/fuentesfidedignas.com.mx\/index.php\/wp-json\/wp\/v2\/comments?post=108852"}],"version-history":[{"count":1,"href":"https:\/\/fuentesfidedignas.com.mx\/index.php\/wp-json\/wp\/v2\/posts\/108852\/revisions"}],"predecessor-version":[{"id":108853,"href":"https:\/\/fuentesfidedignas.com.mx\/index.php\/wp-json\/wp\/v2\/posts\/108852\/revisions\/108853"}],"wp:featuredmedia":[{"embeddable":true,"href":"https:\/\/fuentesfidedignas.com.mx\/index.php\/wp-json\/wp\/v2\/media\/25912"}],"wp:attachment":[{"href":"https:\/\/fuentesfidedignas.com.mx\/index.php\/wp-json\/wp\/v2\/media?parent=108852"}],"wp:term":[{"taxonomy":"category","embeddable":true,"href":"https:\/\/fuentesfidedignas.com.mx\/index.php\/wp-json\/wp\/v2\/categories?post=108852"},{"taxonomy":"post_tag","embeddable":true,"href":"https:\/\/fuentesfidedignas.com.mx\/index.php\/wp-json\/wp\/v2\/tags?post=108852"}],"curies":[{"name":"wp","href":"https:\/\/api.w.org\/{rel}","templated":true}]}}