{"id":108825,"date":"2025-05-21T05:33:00","date_gmt":"2025-05-21T12:33:00","guid":{"rendered":"https:\/\/fuentesfidedignas.com.mx\/?p=108825"},"modified":"2025-05-20T21:38:46","modified_gmt":"2025-05-21T04:38:46","slug":"una-mascarilla-detecta-enfermedad-renal-cronica-con-solo-respirar","status":"publish","type":"post","link":"https:\/\/fuentesfidedignas.com.mx\/index.php\/2025\/05\/21\/una-mascarilla-detecta-enfermedad-renal-cronica-con-solo-respirar\/","title":{"rendered":"Una mascarilla detecta enfermedad renal cr\u00f3nica con solo respirar"},"content":{"rendered":"\n<p><strong><em>Cient\u00edficos crean una mascarilla con sensores qu\u00edmicos que identifica enfermedad renal cr\u00f3nica a trav\u00e9s del aliento, con 84% de precisi\u00f3n<\/em><\/strong><\/p>\n\n\n\n<p>Investigadores de la Universidad de Roma Tor Vergata desarrollaron una mascarilla quir\u00fargica especializada que puede detectar enfermedad renal cr\u00f3nica (ERC) analizando \u00fanicamente el aliento del paciente.<\/p>\n\n\n\n<p>Los resultados del estudio se publicaron en la revista cient\u00edfica ACS Sensors y sugieren que esta tecnolog\u00eda podr\u00eda facilitar el diagn\u00f3stico temprano y el monitoreo no invasivo de la ERC.<\/p>\n\n\n\n<p><strong>\u00bfQu\u00e9 es la enfermedad renal cr\u00f3nica?<\/strong><\/p>\n\n\n\n<p>La ERC ocurre cuando los ri\u00f1ones pierden progresivamente su capacidad para filtrar los desechos metab\u00f3licos del cuerpo. Seg\u00fan el Hospital Civil de Guadalajara, se estima que alrededor del 11% de la poblaci\u00f3n mexicana padece esta enfermedad y M\u00e9xico ha sido l\u00edder en el n\u00famero de personas que necesitan di\u00e1lisis. Muchos casos no se diagnostican a tiempo, ya que en sus primeras fases puede no presentar s\u00edntomas evidentes.<\/p>\n\n\n\n<p>Actualmente, el diagn\u00f3stico se realiza mediante an\u00e1lisis de sangre y orina para detectar metabolitos, pero los investigadores buscan alternativas econ\u00f3micas y no invasivas que permitan identificar la enfermedad de forma m\u00e1s accesible.<\/p>\n\n\n\n<p><strong>\u00bfC\u00f3mo funciona la mascarilla?<\/strong><br>El dispositivo desarrollado por el equipo italiano utiliza un sensor qu\u00edmico integrado entre las capas de una mascarilla desechable. Este sensor est\u00e1 compuesto por electrodos de plata recubiertos con un pol\u00edmero conductor, modificado con porfirinas, compuestos qu\u00edmicos sensibles a ciertos gases.<\/p>\n\n\n\n<p>Cuando una persona con enfermedad renal exhala, libera niveles elevados de amon\u00edaco y otros compuestos vol\u00e1tiles como etanol, propanol y acetona. El sensor reacciona ante estos gases, generando un cambio medible en la resistencia el\u00e9ctrica, que luego se analiza mediante un lector electr\u00f3nico conectado por cables.<\/p>\n\n\n\n<figure class=\"wp-block-image size-full\"><img decoding=\"async\" width=\"830\" height=\"505\" src=\"https:\/\/fuentesfidedignas.com.mx\/wp-content\/uploads\/2025\/05\/image-3-10.jpg\" alt=\"\" class=\"wp-image-108827\" srcset=\"https:\/\/fuentesfidedignas.com.mx\/wp-content\/uploads\/2025\/05\/image-3-10.jpg 830w, https:\/\/fuentesfidedignas.com.mx\/wp-content\/uploads\/2025\/05\/image-3-10-300x183.jpg 300w, https:\/\/fuentesfidedignas.com.mx\/wp-content\/uploads\/2025\/05\/image-3-10-768x467.jpg 768w, https:\/\/fuentesfidedignas.com.mx\/wp-content\/uploads\/2025\/05\/image-3-10-690x420.jpg 690w, https:\/\/fuentesfidedignas.com.mx\/wp-content\/uploads\/2025\/05\/image-3-10-600x365.jpg 600w, https:\/\/fuentesfidedignas.com.mx\/wp-content\/uploads\/2025\/05\/image-3-10-696x423.jpg 696w\" sizes=\"(max-width: 830px) 100vw, 830px\" \/><\/figure>\n\n\n\n<p><strong>\u00bfQu\u00e9 resultados mostr\u00f3 el estudio?<\/strong><br>El equipo prob\u00f3 la mascarilla en 100 personas, de las cuales aproximadamente la mitad ten\u00edan un diagn\u00f3stico confirmado de ERC. El sensor logr\u00f3 identificar correctamente a los pacientes con enfermedad renal en el 84% de los casos (verdadero positivo) y a las personas sin la enfermedad en el 88% de los casos (verdadero negativo).<\/p>\n\n\n\n<p>Los investigadores tambi\u00e9n observaron que los datos recolectados podr\u00edan ayudar a estimar el estadio de progresi\u00f3n de la ERC, lo cual es relevante para el manejo cl\u00ednico y la toma de decisiones m\u00e9dicas.<\/p>\n\n\n\n<p>\u201cSe espera que la implementaci\u00f3n de esta tecnolog\u00eda mejore el manejo de los pacientes con ERC al facilitar la identificaci\u00f3n oportuna de cambios en la progresi\u00f3n de la enfermedad\u201d, se\u00f1alaron Sergio Bernardini y Annalisa Noce, coautores del estudio.<\/p>\n\n\n\n<p><strong>Las ventajas frente a m\u00e9todos tradicionales<\/strong><br>El uso de una mascarilla equipada con sensores qu\u00edmicos representa una opci\u00f3n con varias ventajas:<\/p>\n\n\n\n<p>No invasiva, a diferencia de los an\u00e1lisis de sangre.<br>Econ\u00f3mica, en comparaci\u00f3n con pruebas de laboratorio.<br>Port\u00e1til y f\u00e1cil de usar, incluso fuera de entornos cl\u00ednicos.<br>Potencial de monitoreo continuo, \u00fatil en pacientes con diagn\u00f3stico previo.<br>Aunque el sensor no sustituye los m\u00e9todos cl\u00ednicos actuales, podr\u00eda utilizarse como una herramienta de cribado r\u00e1pido o como parte de programas de detecci\u00f3n en poblaciones con alto riesgo de ERC.<\/p>\n\n\n\n<figure class=\"wp-block-image size-full\"><img decoding=\"async\" width=\"830\" height=\"473\" src=\"https:\/\/fuentesfidedignas.com.mx\/wp-content\/uploads\/2025\/05\/image-3-9.jpg\" alt=\"\" class=\"wp-image-108826\" srcset=\"https:\/\/fuentesfidedignas.com.mx\/wp-content\/uploads\/2025\/05\/image-3-9.jpg 830w, https:\/\/fuentesfidedignas.com.mx\/wp-content\/uploads\/2025\/05\/image-3-9-300x171.jpg 300w, https:\/\/fuentesfidedignas.com.mx\/wp-content\/uploads\/2025\/05\/image-3-9-768x438.jpg 768w, https:\/\/fuentesfidedignas.com.mx\/wp-content\/uploads\/2025\/05\/image-3-9-737x420.jpg 737w, https:\/\/fuentesfidedignas.com.mx\/wp-content\/uploads\/2025\/05\/image-3-9-600x342.jpg 600w, https:\/\/fuentesfidedignas.com.mx\/wp-content\/uploads\/2025\/05\/image-3-9-696x397.jpg 696w\" sizes=\"(max-width: 830px) 100vw, 830px\" \/><\/figure>\n\n\n\n<p><strong>Los pr\u00f3ximos pasos de la mascarilla<\/strong><br>El estudio es considerado un avance en el desarrollo de tecnolog\u00edas port\u00e1tiles y de diagn\u00f3stico temprano basadas en el aliento humano.<\/p>\n\n\n\n<p>Los investigadores indican que se requieren m\u00e1s pruebas en cohortes amplias y diversas, as\u00ed como mejoras en la miniaturizaci\u00f3n del lector electr\u00f3nico para su eventual comercializaci\u00f3n.<\/p>\n","protected":false},"excerpt":{"rendered":"<p>Cient\u00edficos crean una mascarilla con sensores qu\u00edmicos que identifica enfermedad renal cr\u00f3nica a trav\u00e9s del aliento, con 84% de precisi\u00f3n Investigadores de la Universidad de Roma Tor Vergata desarrollaron una mascarilla quir\u00fargica especializada que puede detectar enfermedad renal cr\u00f3nica (ERC) analizando \u00fanicamente el aliento del paciente. Los resultados del estudio se publicaron en la revista [&hellip;]<\/p>\n","protected":false},"author":7,"featured_media":108828,"comment_status":"open","ping_status":"open","sticky":false,"template":"","format":"standard","meta":{"tdm_status":"","tdm_grid_status":"","footnotes":""},"categories":[40],"tags":[],"class_list":{"0":"post-108825","1":"post","2":"type-post","3":"status-publish","4":"format-standard","5":"has-post-thumbnail","7":"category-las-asombrosas"},"yoast_head":"<!-- This site is optimized with the Yoast SEO plugin v27.5 - https:\/\/yoast.com\/product\/yoast-seo-wordpress\/ -->\n<title>Una mascarilla detecta enfermedad renal cr\u00f3nica con solo respirar - Fuentes Fidedignas<\/title>\n<meta name=\"robots\" content=\"index, follow, max-snippet:-1, max-image-preview:large, max-video-preview:-1\" \/>\n<link rel=\"canonical\" href=\"https:\/\/fuentesfidedignas.com.mx\/index.php\/2025\/05\/21\/una-mascarilla-detecta-enfermedad-renal-cronica-con-solo-respirar\/\" \/>\n<meta property=\"og:locale\" content=\"es_MX\" \/>\n<meta property=\"og:type\" content=\"article\" \/>\n<meta property=\"og:title\" content=\"Una mascarilla detecta enfermedad renal cr\u00f3nica con solo respirar - Fuentes Fidedignas\" \/>\n<meta property=\"og:description\" content=\"Cient\u00edficos crean una mascarilla con sensores qu\u00edmicos que identifica enfermedad renal cr\u00f3nica a trav\u00e9s del aliento, con 84% de precisi\u00f3n Investigadores de la Universidad de Roma Tor Vergata desarrollaron una mascarilla quir\u00fargica especializada que puede detectar enfermedad renal cr\u00f3nica (ERC) analizando \u00fanicamente el aliento del paciente. Los resultados del estudio se publicaron en la revista [&hellip;]\" \/>\n<meta property=\"og:url\" content=\"https:\/\/fuentesfidedignas.com.mx\/index.php\/2025\/05\/21\/una-mascarilla-detecta-enfermedad-renal-cronica-con-solo-respirar\/\" \/>\n<meta property=\"og:site_name\" content=\"Fuentes Fidedignas\" \/>\n<meta property=\"article:publisher\" content=\"https:\/\/www.facebook.com\/Fuentes-Fidedignas-368234489921644\" \/>\n<meta property=\"article:published_time\" content=\"2025-05-21T12:33:00+00:00\" \/>\n<meta property=\"og:image\" content=\"https:\/\/fuentesfidedignas.com.mx\/wp-content\/uploads\/2025\/05\/mascarilla_.jpg\" \/>\n\t<meta property=\"og:image:width\" content=\"600\" \/>\n\t<meta property=\"og:image:height\" content=\"449\" \/>\n\t<meta property=\"og:image:type\" content=\"image\/jpeg\" \/>\n<meta name=\"author\" content=\"Exc\u00e9lsior\" \/>\n<meta name=\"twitter:card\" content=\"summary_large_image\" \/>\n<meta name=\"twitter:creator\" content=\"@fidedignas\" \/>\n<meta name=\"twitter:site\" content=\"@fidedignas\" \/>\n<meta name=\"twitter:label1\" content=\"Escrito por\" \/>\n\t<meta name=\"twitter:data1\" content=\"Exc\u00e9lsior\" \/>\n\t<meta name=\"twitter:label2\" content=\"Tiempo de lectura\" \/>\n\t<meta name=\"twitter:data2\" content=\"4 minutos\" \/>\n<script type=\"application\/ld+json\" class=\"yoast-schema-graph\">{\"@context\":\"https:\\\/\\\/schema.org\",\"@graph\":[{\"@type\":\"Article\",\"@id\":\"https:\\\/\\\/fuentesfidedignas.com.mx\\\/index.php\\\/2025\\\/05\\\/21\\\/una-mascarilla-detecta-enfermedad-renal-cronica-con-solo-respirar\\\/#article\",\"isPartOf\":{\"@id\":\"https:\\\/\\\/fuentesfidedignas.com.mx\\\/index.php\\\/2025\\\/05\\\/21\\\/una-mascarilla-detecta-enfermedad-renal-cronica-con-solo-respirar\\\/\"},\"author\":{\"name\":\"Exc\u00e9lsior\",\"@id\":\"https:\\\/\\\/fuentesfidedignas.com.mx\\\/#\\\/schema\\\/person\\\/ec4edd1fbf5efa3e44fce34fe2787780\"},\"headline\":\"Una mascarilla detecta enfermedad renal cr\u00f3nica con solo respirar\",\"datePublished\":\"2025-05-21T12:33:00+00:00\",\"mainEntityOfPage\":{\"@id\":\"https:\\\/\\\/fuentesfidedignas.com.mx\\\/index.php\\\/2025\\\/05\\\/21\\\/una-mascarilla-detecta-enfermedad-renal-cronica-con-solo-respirar\\\/\"},\"wordCount\":616,\"commentCount\":0,\"publisher\":{\"@id\":\"https:\\\/\\\/fuentesfidedignas.com.mx\\\/#organization\"},\"image\":{\"@id\":\"https:\\\/\\\/fuentesfidedignas.com.mx\\\/index.php\\\/2025\\\/05\\\/21\\\/una-mascarilla-detecta-enfermedad-renal-cronica-con-solo-respirar\\\/#primaryimage\"},\"thumbnailUrl\":\"https:\\\/\\\/fuentesfidedignas.com.mx\\\/wp-content\\\/uploads\\\/2025\\\/05\\\/mascarilla_.jpg\",\"articleSection\":[\"LAS ASOMBROSAS\"],\"inLanguage\":\"es\",\"potentialAction\":[{\"@type\":\"CommentAction\",\"name\":\"Comment\",\"target\":[\"https:\\\/\\\/fuentesfidedignas.com.mx\\\/index.php\\\/2025\\\/05\\\/21\\\/una-mascarilla-detecta-enfermedad-renal-cronica-con-solo-respirar\\\/#respond\"]}]},{\"@type\":\"WebPage\",\"@id\":\"https:\\\/\\\/fuentesfidedignas.com.mx\\\/index.php\\\/2025\\\/05\\\/21\\\/una-mascarilla-detecta-enfermedad-renal-cronica-con-solo-respirar\\\/\",\"url\":\"https:\\\/\\\/fuentesfidedignas.com.mx\\\/index.php\\\/2025\\\/05\\\/21\\\/una-mascarilla-detecta-enfermedad-renal-cronica-con-solo-respirar\\\/\",\"name\":\"Una mascarilla detecta enfermedad renal cr\u00f3nica con solo respirar - Fuentes Fidedignas\",\"isPartOf\":{\"@id\":\"https:\\\/\\\/fuentesfidedignas.com.mx\\\/#website\"},\"primaryImageOfPage\":{\"@id\":\"https:\\\/\\\/fuentesfidedignas.com.mx\\\/index.php\\\/2025\\\/05\\\/21\\\/una-mascarilla-detecta-enfermedad-renal-cronica-con-solo-respirar\\\/#primaryimage\"},\"image\":{\"@id\":\"https:\\\/\\\/fuentesfidedignas.com.mx\\\/index.php\\\/2025\\\/05\\\/21\\\/una-mascarilla-detecta-enfermedad-renal-cronica-con-solo-respirar\\\/#primaryimage\"},\"thumbnailUrl\":\"https:\\\/\\\/fuentesfidedignas.com.mx\\\/wp-content\\\/uploads\\\/2025\\\/05\\\/mascarilla_.jpg\",\"datePublished\":\"2025-05-21T12:33:00+00:00\",\"breadcrumb\":{\"@id\":\"https:\\\/\\\/fuentesfidedignas.com.mx\\\/index.php\\\/2025\\\/05\\\/21\\\/una-mascarilla-detecta-enfermedad-renal-cronica-con-solo-respirar\\\/#breadcrumb\"},\"inLanguage\":\"es\",\"potentialAction\":[{\"@type\":\"ReadAction\",\"target\":[\"https:\\\/\\\/fuentesfidedignas.com.mx\\\/index.php\\\/2025\\\/05\\\/21\\\/una-mascarilla-detecta-enfermedad-renal-cronica-con-solo-respirar\\\/\"]}]},{\"@type\":\"ImageObject\",\"inLanguage\":\"es\",\"@id\":\"https:\\\/\\\/fuentesfidedignas.com.mx\\\/index.php\\\/2025\\\/05\\\/21\\\/una-mascarilla-detecta-enfermedad-renal-cronica-con-solo-respirar\\\/#primaryimage\",\"url\":\"https:\\\/\\\/fuentesfidedignas.com.mx\\\/wp-content\\\/uploads\\\/2025\\\/05\\\/mascarilla_.jpg\",\"contentUrl\":\"https:\\\/\\\/fuentesfidedignas.com.mx\\\/wp-content\\\/uploads\\\/2025\\\/05\\\/mascarilla_.jpg\",\"width\":600,\"height\":449},{\"@type\":\"BreadcrumbList\",\"@id\":\"https:\\\/\\\/fuentesfidedignas.com.mx\\\/index.php\\\/2025\\\/05\\\/21\\\/una-mascarilla-detecta-enfermedad-renal-cronica-con-solo-respirar\\\/#breadcrumb\",\"itemListElement\":[{\"@type\":\"ListItem\",\"position\":1,\"name\":\"Inicio\",\"item\":\"https:\\\/\\\/fuentesfidedignas.com.mx\\\/\"},{\"@type\":\"ListItem\",\"position\":2,\"name\":\"Una mascarilla detecta enfermedad renal cr\u00f3nica con solo respirar\"}]},{\"@type\":\"WebSite\",\"@id\":\"https:\\\/\\\/fuentesfidedignas.com.mx\\\/#website\",\"url\":\"https:\\\/\\\/fuentesfidedignas.com.mx\\\/\",\"name\":\"Fuentes Fidedignas\",\"description\":\"Otro sitio realizado con WordPress\",\"publisher\":{\"@id\":\"https:\\\/\\\/fuentesfidedignas.com.mx\\\/#organization\"},\"potentialAction\":[{\"@type\":\"SearchAction\",\"target\":{\"@type\":\"EntryPoint\",\"urlTemplate\":\"https:\\\/\\\/fuentesfidedignas.com.mx\\\/?s={search_term_string}\"},\"query-input\":{\"@type\":\"PropertyValueSpecification\",\"valueRequired\":true,\"valueName\":\"search_term_string\"}}],\"inLanguage\":\"es\"},{\"@type\":\"Organization\",\"@id\":\"https:\\\/\\\/fuentesfidedignas.com.mx\\\/#organization\",\"name\":\"Fuentes Fidedignas\",\"url\":\"https:\\\/\\\/fuentesfidedignas.com.mx\\\/\",\"logo\":{\"@type\":\"ImageObject\",\"inLanguage\":\"es\",\"@id\":\"https:\\\/\\\/fuentesfidedignas.com.mx\\\/#\\\/schema\\\/logo\\\/image\\\/\",\"url\":\"https:\\\/\\\/fuentesfidedignas.com.mx\\\/wp-content\\\/uploads\\\/2021\\\/04\\\/logo-retina.png\",\"contentUrl\":\"https:\\\/\\\/fuentesfidedignas.com.mx\\\/wp-content\\\/uploads\\\/2021\\\/04\\\/logo-retina.png\",\"width\":280,\"height\":51,\"caption\":\"Fuentes Fidedignas\"},\"image\":{\"@id\":\"https:\\\/\\\/fuentesfidedignas.com.mx\\\/#\\\/schema\\\/logo\\\/image\\\/\"},\"sameAs\":[\"https:\\\/\\\/www.facebook.com\\\/Fuentes-Fidedignas-368234489921644\",\"https:\\\/\\\/x.com\\\/fidedignas\"]},{\"@type\":\"Person\",\"@id\":\"https:\\\/\\\/fuentesfidedignas.com.mx\\\/#\\\/schema\\\/person\\\/ec4edd1fbf5efa3e44fce34fe2787780\",\"name\":\"Exc\u00e9lsior\",\"image\":{\"@type\":\"ImageObject\",\"inLanguage\":\"es\",\"@id\":\"https:\\\/\\\/secure.gravatar.com\\\/avatar\\\/4b7ee9206b48be08447852b3f0814dbc7c0f3b51541b164f1464a2725614020b?s=96&d=mm&r=g\",\"url\":\"https:\\\/\\\/secure.gravatar.com\\\/avatar\\\/4b7ee9206b48be08447852b3f0814dbc7c0f3b51541b164f1464a2725614020b?s=96&d=mm&r=g\",\"contentUrl\":\"https:\\\/\\\/secure.gravatar.com\\\/avatar\\\/4b7ee9206b48be08447852b3f0814dbc7c0f3b51541b164f1464a2725614020b?s=96&d=mm&r=g\",\"caption\":\"Exc\u00e9lsior\"},\"url\":\"https:\\\/\\\/fuentesfidedignas.com.mx\\\/index.php\\\/author\\\/excelsior\\\/\"}]}<\/script>\n<!-- \/ Yoast SEO plugin. -->","yoast_head_json":{"title":"Una mascarilla detecta enfermedad renal cr\u00f3nica con solo respirar - Fuentes Fidedignas","robots":{"index":"index","follow":"follow","max-snippet":"max-snippet:-1","max-image-preview":"max-image-preview:large","max-video-preview":"max-video-preview:-1"},"canonical":"https:\/\/fuentesfidedignas.com.mx\/index.php\/2025\/05\/21\/una-mascarilla-detecta-enfermedad-renal-cronica-con-solo-respirar\/","og_locale":"es_MX","og_type":"article","og_title":"Una mascarilla detecta enfermedad renal cr\u00f3nica con solo respirar - Fuentes Fidedignas","og_description":"Cient\u00edficos crean una mascarilla con sensores qu\u00edmicos que identifica enfermedad renal cr\u00f3nica a trav\u00e9s del aliento, con 84% de precisi\u00f3n Investigadores de la Universidad de Roma Tor Vergata desarrollaron una mascarilla quir\u00fargica especializada que puede detectar enfermedad renal cr\u00f3nica (ERC) analizando \u00fanicamente el aliento del paciente. Los resultados del estudio se publicaron en la revista [&hellip;]","og_url":"https:\/\/fuentesfidedignas.com.mx\/index.php\/2025\/05\/21\/una-mascarilla-detecta-enfermedad-renal-cronica-con-solo-respirar\/","og_site_name":"Fuentes Fidedignas","article_publisher":"https:\/\/www.facebook.com\/Fuentes-Fidedignas-368234489921644","article_published_time":"2025-05-21T12:33:00+00:00","og_image":[{"width":600,"height":449,"url":"https:\/\/fuentesfidedignas.com.mx\/wp-content\/uploads\/2025\/05\/mascarilla_.jpg","type":"image\/jpeg"}],"author":"Exc\u00e9lsior","twitter_card":"summary_large_image","twitter_creator":"@fidedignas","twitter_site":"@fidedignas","twitter_misc":{"Escrito por":"Exc\u00e9lsior","Tiempo de lectura":"4 minutos"},"schema":{"@context":"https:\/\/schema.org","@graph":[{"@type":"Article","@id":"https:\/\/fuentesfidedignas.com.mx\/index.php\/2025\/05\/21\/una-mascarilla-detecta-enfermedad-renal-cronica-con-solo-respirar\/#article","isPartOf":{"@id":"https:\/\/fuentesfidedignas.com.mx\/index.php\/2025\/05\/21\/una-mascarilla-detecta-enfermedad-renal-cronica-con-solo-respirar\/"},"author":{"name":"Exc\u00e9lsior","@id":"https:\/\/fuentesfidedignas.com.mx\/#\/schema\/person\/ec4edd1fbf5efa3e44fce34fe2787780"},"headline":"Una mascarilla detecta enfermedad renal cr\u00f3nica con solo respirar","datePublished":"2025-05-21T12:33:00+00:00","mainEntityOfPage":{"@id":"https:\/\/fuentesfidedignas.com.mx\/index.php\/2025\/05\/21\/una-mascarilla-detecta-enfermedad-renal-cronica-con-solo-respirar\/"},"wordCount":616,"commentCount":0,"publisher":{"@id":"https:\/\/fuentesfidedignas.com.mx\/#organization"},"image":{"@id":"https:\/\/fuentesfidedignas.com.mx\/index.php\/2025\/05\/21\/una-mascarilla-detecta-enfermedad-renal-cronica-con-solo-respirar\/#primaryimage"},"thumbnailUrl":"https:\/\/fuentesfidedignas.com.mx\/wp-content\/uploads\/2025\/05\/mascarilla_.jpg","articleSection":["LAS ASOMBROSAS"],"inLanguage":"es","potentialAction":[{"@type":"CommentAction","name":"Comment","target":["https:\/\/fuentesfidedignas.com.mx\/index.php\/2025\/05\/21\/una-mascarilla-detecta-enfermedad-renal-cronica-con-solo-respirar\/#respond"]}]},{"@type":"WebPage","@id":"https:\/\/fuentesfidedignas.com.mx\/index.php\/2025\/05\/21\/una-mascarilla-detecta-enfermedad-renal-cronica-con-solo-respirar\/","url":"https:\/\/fuentesfidedignas.com.mx\/index.php\/2025\/05\/21\/una-mascarilla-detecta-enfermedad-renal-cronica-con-solo-respirar\/","name":"Una mascarilla detecta enfermedad renal cr\u00f3nica con solo respirar - Fuentes Fidedignas","isPartOf":{"@id":"https:\/\/fuentesfidedignas.com.mx\/#website"},"primaryImageOfPage":{"@id":"https:\/\/fuentesfidedignas.com.mx\/index.php\/2025\/05\/21\/una-mascarilla-detecta-enfermedad-renal-cronica-con-solo-respirar\/#primaryimage"},"image":{"@id":"https:\/\/fuentesfidedignas.com.mx\/index.php\/2025\/05\/21\/una-mascarilla-detecta-enfermedad-renal-cronica-con-solo-respirar\/#primaryimage"},"thumbnailUrl":"https:\/\/fuentesfidedignas.com.mx\/wp-content\/uploads\/2025\/05\/mascarilla_.jpg","datePublished":"2025-05-21T12:33:00+00:00","breadcrumb":{"@id":"https:\/\/fuentesfidedignas.com.mx\/index.php\/2025\/05\/21\/una-mascarilla-detecta-enfermedad-renal-cronica-con-solo-respirar\/#breadcrumb"},"inLanguage":"es","potentialAction":[{"@type":"ReadAction","target":["https:\/\/fuentesfidedignas.com.mx\/index.php\/2025\/05\/21\/una-mascarilla-detecta-enfermedad-renal-cronica-con-solo-respirar\/"]}]},{"@type":"ImageObject","inLanguage":"es","@id":"https:\/\/fuentesfidedignas.com.mx\/index.php\/2025\/05\/21\/una-mascarilla-detecta-enfermedad-renal-cronica-con-solo-respirar\/#primaryimage","url":"https:\/\/fuentesfidedignas.com.mx\/wp-content\/uploads\/2025\/05\/mascarilla_.jpg","contentUrl":"https:\/\/fuentesfidedignas.com.mx\/wp-content\/uploads\/2025\/05\/mascarilla_.jpg","width":600,"height":449},{"@type":"BreadcrumbList","@id":"https:\/\/fuentesfidedignas.com.mx\/index.php\/2025\/05\/21\/una-mascarilla-detecta-enfermedad-renal-cronica-con-solo-respirar\/#breadcrumb","itemListElement":[{"@type":"ListItem","position":1,"name":"Inicio","item":"https:\/\/fuentesfidedignas.com.mx\/"},{"@type":"ListItem","position":2,"name":"Una mascarilla detecta enfermedad renal cr\u00f3nica con solo respirar"}]},{"@type":"WebSite","@id":"https:\/\/fuentesfidedignas.com.mx\/#website","url":"https:\/\/fuentesfidedignas.com.mx\/","name":"Fuentes Fidedignas","description":"Otro sitio realizado con WordPress","publisher":{"@id":"https:\/\/fuentesfidedignas.com.mx\/#organization"},"potentialAction":[{"@type":"SearchAction","target":{"@type":"EntryPoint","urlTemplate":"https:\/\/fuentesfidedignas.com.mx\/?s={search_term_string}"},"query-input":{"@type":"PropertyValueSpecification","valueRequired":true,"valueName":"search_term_string"}}],"inLanguage":"es"},{"@type":"Organization","@id":"https:\/\/fuentesfidedignas.com.mx\/#organization","name":"Fuentes Fidedignas","url":"https:\/\/fuentesfidedignas.com.mx\/","logo":{"@type":"ImageObject","inLanguage":"es","@id":"https:\/\/fuentesfidedignas.com.mx\/#\/schema\/logo\/image\/","url":"https:\/\/fuentesfidedignas.com.mx\/wp-content\/uploads\/2021\/04\/logo-retina.png","contentUrl":"https:\/\/fuentesfidedignas.com.mx\/wp-content\/uploads\/2021\/04\/logo-retina.png","width":280,"height":51,"caption":"Fuentes Fidedignas"},"image":{"@id":"https:\/\/fuentesfidedignas.com.mx\/#\/schema\/logo\/image\/"},"sameAs":["https:\/\/www.facebook.com\/Fuentes-Fidedignas-368234489921644","https:\/\/x.com\/fidedignas"]},{"@type":"Person","@id":"https:\/\/fuentesfidedignas.com.mx\/#\/schema\/person\/ec4edd1fbf5efa3e44fce34fe2787780","name":"Exc\u00e9lsior","image":{"@type":"ImageObject","inLanguage":"es","@id":"https:\/\/secure.gravatar.com\/avatar\/4b7ee9206b48be08447852b3f0814dbc7c0f3b51541b164f1464a2725614020b?s=96&d=mm&r=g","url":"https:\/\/secure.gravatar.com\/avatar\/4b7ee9206b48be08447852b3f0814dbc7c0f3b51541b164f1464a2725614020b?s=96&d=mm&r=g","contentUrl":"https:\/\/secure.gravatar.com\/avatar\/4b7ee9206b48be08447852b3f0814dbc7c0f3b51541b164f1464a2725614020b?s=96&d=mm&r=g","caption":"Exc\u00e9lsior"},"url":"https:\/\/fuentesfidedignas.com.mx\/index.php\/author\/excelsior\/"}]}},"_links":{"self":[{"href":"https:\/\/fuentesfidedignas.com.mx\/index.php\/wp-json\/wp\/v2\/posts\/108825","targetHints":{"allow":["GET"]}}],"collection":[{"href":"https:\/\/fuentesfidedignas.com.mx\/index.php\/wp-json\/wp\/v2\/posts"}],"about":[{"href":"https:\/\/fuentesfidedignas.com.mx\/index.php\/wp-json\/wp\/v2\/types\/post"}],"author":[{"embeddable":true,"href":"https:\/\/fuentesfidedignas.com.mx\/index.php\/wp-json\/wp\/v2\/users\/7"}],"replies":[{"embeddable":true,"href":"https:\/\/fuentesfidedignas.com.mx\/index.php\/wp-json\/wp\/v2\/comments?post=108825"}],"version-history":[{"count":1,"href":"https:\/\/fuentesfidedignas.com.mx\/index.php\/wp-json\/wp\/v2\/posts\/108825\/revisions"}],"predecessor-version":[{"id":108829,"href":"https:\/\/fuentesfidedignas.com.mx\/index.php\/wp-json\/wp\/v2\/posts\/108825\/revisions\/108829"}],"wp:featuredmedia":[{"embeddable":true,"href":"https:\/\/fuentesfidedignas.com.mx\/index.php\/wp-json\/wp\/v2\/media\/108828"}],"wp:attachment":[{"href":"https:\/\/fuentesfidedignas.com.mx\/index.php\/wp-json\/wp\/v2\/media?parent=108825"}],"wp:term":[{"taxonomy":"category","embeddable":true,"href":"https:\/\/fuentesfidedignas.com.mx\/index.php\/wp-json\/wp\/v2\/categories?post=108825"},{"taxonomy":"post_tag","embeddable":true,"href":"https:\/\/fuentesfidedignas.com.mx\/index.php\/wp-json\/wp\/v2\/tags?post=108825"}],"curies":[{"name":"wp","href":"https:\/\/api.w.org\/{rel}","templated":true}]}}