{"id":108808,"date":"2025-05-20T17:21:00","date_gmt":"2025-05-21T00:21:00","guid":{"rendered":"https:\/\/fuentesfidedignas.com.mx\/?p=108808"},"modified":"2025-05-20T16:49:00","modified_gmt":"2025-05-20T23:49:00","slug":"adios-navojoa-mayos-anuncian-su-mudanza-a-tucson-arizona","status":"publish","type":"post","link":"https:\/\/fuentesfidedignas.com.mx\/index.php\/2025\/05\/20\/adios-navojoa-mayos-anuncian-su-mudanza-a-tucson-arizona\/","title":{"rendered":"\u00a1Adi\u00f3s Navojoa! Mayos anuncian su mudanza a Tucson, Arizona"},"content":{"rendered":"\n<p><strong><em>Luego de varios meses de especulaci\u00f3n, se confirm\u00f3 que el equipo se mudar\u00e1 a los Estados Unidos.<\/em><\/strong><\/p>\n\n\n\n<p>Este martes, la Liga Arco Mexicana del Pac\u00edfico (LMP) dio a conocer que el equipo de los Mayos de Navojoa no continuar\u00e1 participando en la liga esta pr\u00f3xima temporada, as\u00ed lo confirm\u00f3 el Lic. Salvador Escobar, presidente ejecutivo de la LMP.<\/p>\n\n\n\n<p>Es un hecho que la franquicia sale de Navojoa y con base en eso tambi\u00e9n muy avanzados en su nueva sede, que todo apunta que ser\u00e1 Tucson, Arizona.\u201c, mencion\u00f3 en rueda de prensa.<\/p>\n\n\n\n<p><strong>\u00bfEl equipo cambiar\u00e1 de nombre?<\/strong><br>El presidente de los Mayos, el Lic. V\u00edctor Cuevas Valenzuela, confirm\u00f3 tras ser preguntado que el equipo navojoense adoptar\u00e1 otro nombre en su nueva entidad.<\/p>\n\n\n\n<p>Vamos con otro nombre; tenemos que, como equipo, tomar la identidad de la afici\u00f3n en Tucson, Arizona\u201d, destac\u00f3.<\/p>\n\n\n\n<p>Cuevas dijo que el nombre del equipo se determinar\u00e1 con base en la afici\u00f3n, destacando que involucrar\u00e1n a los seguidores para que sean ellos quienes le den vida a esta nueva escuadra. La franquicia estar\u00eda jugando como local en el Kino Sports Complex.<\/p>\n\n\n\n<p>&#8220;Vamos a hacer din\u00e1micas para que la afici\u00f3n arrope a su nuevo equipo y participe en escoger ese nombre\u201d, afirm\u00f3.<\/p>\n\n\n\n<p>Tambi\u00e9n destac\u00f3 haber pasado varios a\u00f1os complicados en la sede sonorense, donde, tras la pandemia, la franquicia nunca pudo recuperarse, puntualmente en temas de patrocinadores, infraestructura y afici\u00f3n.<\/p>\n\n\n\n<p>&#8220;Me duele, puse todo de mi parte para que siguiera la franquicia ah\u00ed, pero ni modo. Son cambios y son necesidades\u201d, expres\u00f3 Cuevas Valenzuela.<\/p>\n\n\n\n<p><strong>Nayarit nuevo equipo en la LMP<\/strong><br>La liga le dio la bienvenida al nuevo equipo, Jaguares de Nayarit, que estaba a la espera de su confirmaci\u00f3n y ahora, de forma oficial, podr\u00e1 participar en la siguiente temporada de la Liga Arco Mexicana del Pac\u00edfico. Esta escuadra entra en sustituci\u00f3n de los Sultanes de Monterrey.<\/p>\n\n\n\n<iframe loading=\"lazy\" width=\"560\" height=\"315\" src=\"https:\/\/www.youtube.com\/embed\/v2Jd2XqI4Tg\" title=\"Rueda de Prensa Post-Tercera Asamblea de Presidentes LAMP\" frameborder=\"0\" allow=\"accelerometer; autoplay; clipboard-write; encrypted-media; gyroscope; picture-in-picture; web-share\" referrerpolicy=\"strict-origin-when-cross-origin\" allowfullscreen><\/iframe>\n","protected":false},"excerpt":{"rendered":"<p>Luego de varios meses de especulaci\u00f3n, se confirm\u00f3 que el equipo se mudar\u00e1 a los Estados Unidos. Este martes, la Liga Arco Mexicana del Pac\u00edfico (LMP) dio a conocer que el equipo de los Mayos de Navojoa no continuar\u00e1 participando en la liga esta pr\u00f3xima temporada, as\u00ed lo confirm\u00f3 el Lic. Salvador Escobar, presidente ejecutivo [&hellip;]<\/p>\n","protected":false},"author":40,"featured_media":108809,"comment_status":"open","ping_status":"open","sticky":false,"template":"","format":"standard","meta":{"tdm_status":"","tdm_grid_status":"","footnotes":""},"categories":[39],"tags":[],"class_list":{"0":"post-108808","1":"post","2":"type-post","3":"status-publish","4":"format-standard","5":"has-post-thumbnail","7":"category-noticias-nacionales"},"yoast_head":"<!-- This site is optimized with the Yoast SEO plugin v27.5 - https:\/\/yoast.com\/product\/yoast-seo-wordpress\/ -->\n<title>\u00a1Adi\u00f3s Navojoa! Mayos anuncian su mudanza a Tucson, Arizona - Fuentes Fidedignas<\/title>\n<meta name=\"robots\" content=\"index, follow, max-snippet:-1, max-image-preview:large, max-video-preview:-1\" \/>\n<link rel=\"canonical\" href=\"https:\/\/fuentesfidedignas.com.mx\/index.php\/2025\/05\/20\/adios-navojoa-mayos-anuncian-su-mudanza-a-tucson-arizona\/\" \/>\n<meta property=\"og:locale\" content=\"es_MX\" \/>\n<meta property=\"og:type\" content=\"article\" \/>\n<meta property=\"og:title\" content=\"\u00a1Adi\u00f3s Navojoa! Mayos anuncian su mudanza a Tucson, Arizona - Fuentes Fidedignas\" \/>\n<meta property=\"og:description\" content=\"Luego de varios meses de especulaci\u00f3n, se confirm\u00f3 que el equipo se mudar\u00e1 a los Estados Unidos. Este martes, la Liga Arco Mexicana del Pac\u00edfico (LMP) dio a conocer que el equipo de los Mayos de Navojoa no continuar\u00e1 participando en la liga esta pr\u00f3xima temporada, as\u00ed lo confirm\u00f3 el Lic. Salvador Escobar, presidente ejecutivo [&hellip;]\" \/>\n<meta property=\"og:url\" content=\"https:\/\/fuentesfidedignas.com.mx\/index.php\/2025\/05\/20\/adios-navojoa-mayos-anuncian-su-mudanza-a-tucson-arizona\/\" \/>\n<meta property=\"og:site_name\" content=\"Fuentes Fidedignas\" \/>\n<meta property=\"article:publisher\" content=\"https:\/\/www.facebook.com\/Fuentes-Fidedignas-368234489921644\" \/>\n<meta property=\"article:published_time\" content=\"2025-05-21T00:21:00+00:00\" \/>\n<meta property=\"og:image\" content=\"https:\/\/fuentesfidedignas.com.mx\/wp-content\/uploads\/2025\/05\/mayos.jpg\" \/>\n\t<meta property=\"og:image:width\" content=\"600\" \/>\n\t<meta property=\"og:image:height\" content=\"315\" \/>\n\t<meta property=\"og:image:type\" content=\"image\/jpeg\" \/>\n<meta name=\"author\" content=\"El Imparcial\" \/>\n<meta name=\"twitter:card\" content=\"summary_large_image\" \/>\n<meta name=\"twitter:creator\" content=\"@fidedignas\" \/>\n<meta name=\"twitter:site\" content=\"@fidedignas\" \/>\n<meta name=\"twitter:label1\" content=\"Escrito por\" \/>\n\t<meta name=\"twitter:data1\" content=\"El Imparcial\" \/>\n\t<meta name=\"twitter:label2\" content=\"Tiempo de lectura\" \/>\n\t<meta name=\"twitter:data2\" content=\"2 minutos\" \/>\n<script type=\"application\/ld+json\" class=\"yoast-schema-graph\">{\"@context\":\"https:\\\/\\\/schema.org\",\"@graph\":[{\"@type\":\"Article\",\"@id\":\"https:\\\/\\\/fuentesfidedignas.com.mx\\\/index.php\\\/2025\\\/05\\\/20\\\/adios-navojoa-mayos-anuncian-su-mudanza-a-tucson-arizona\\\/#article\",\"isPartOf\":{\"@id\":\"https:\\\/\\\/fuentesfidedignas.com.mx\\\/index.php\\\/2025\\\/05\\\/20\\\/adios-navojoa-mayos-anuncian-su-mudanza-a-tucson-arizona\\\/\"},\"author\":{\"name\":\"El Imparcial\",\"@id\":\"https:\\\/\\\/fuentesfidedignas.com.mx\\\/#\\\/schema\\\/person\\\/ff4db17f8fd9c584e0cfc2a0c436b8a1\"},\"headline\":\"\u00a1Adi\u00f3s Navojoa! Mayos anuncian su mudanza a Tucson, Arizona\",\"datePublished\":\"2025-05-21T00:21:00+00:00\",\"mainEntityOfPage\":{\"@id\":\"https:\\\/\\\/fuentesfidedignas.com.mx\\\/index.php\\\/2025\\\/05\\\/20\\\/adios-navojoa-mayos-anuncian-su-mudanza-a-tucson-arizona\\\/\"},\"wordCount\":335,\"commentCount\":0,\"publisher\":{\"@id\":\"https:\\\/\\\/fuentesfidedignas.com.mx\\\/#organization\"},\"image\":{\"@id\":\"https:\\\/\\\/fuentesfidedignas.com.mx\\\/index.php\\\/2025\\\/05\\\/20\\\/adios-navojoa-mayos-anuncian-su-mudanza-a-tucson-arizona\\\/#primaryimage\"},\"thumbnailUrl\":\"https:\\\/\\\/fuentesfidedignas.com.mx\\\/wp-content\\\/uploads\\\/2025\\\/05\\\/mayos.jpg\",\"articleSection\":[\"NOTICIAS NACIONALES\"],\"inLanguage\":\"es\",\"potentialAction\":[{\"@type\":\"CommentAction\",\"name\":\"Comment\",\"target\":[\"https:\\\/\\\/fuentesfidedignas.com.mx\\\/index.php\\\/2025\\\/05\\\/20\\\/adios-navojoa-mayos-anuncian-su-mudanza-a-tucson-arizona\\\/#respond\"]}]},{\"@type\":\"WebPage\",\"@id\":\"https:\\\/\\\/fuentesfidedignas.com.mx\\\/index.php\\\/2025\\\/05\\\/20\\\/adios-navojoa-mayos-anuncian-su-mudanza-a-tucson-arizona\\\/\",\"url\":\"https:\\\/\\\/fuentesfidedignas.com.mx\\\/index.php\\\/2025\\\/05\\\/20\\\/adios-navojoa-mayos-anuncian-su-mudanza-a-tucson-arizona\\\/\",\"name\":\"\u00a1Adi\u00f3s Navojoa! Mayos anuncian su mudanza a Tucson, Arizona - Fuentes Fidedignas\",\"isPartOf\":{\"@id\":\"https:\\\/\\\/fuentesfidedignas.com.mx\\\/#website\"},\"primaryImageOfPage\":{\"@id\":\"https:\\\/\\\/fuentesfidedignas.com.mx\\\/index.php\\\/2025\\\/05\\\/20\\\/adios-navojoa-mayos-anuncian-su-mudanza-a-tucson-arizona\\\/#primaryimage\"},\"image\":{\"@id\":\"https:\\\/\\\/fuentesfidedignas.com.mx\\\/index.php\\\/2025\\\/05\\\/20\\\/adios-navojoa-mayos-anuncian-su-mudanza-a-tucson-arizona\\\/#primaryimage\"},\"thumbnailUrl\":\"https:\\\/\\\/fuentesfidedignas.com.mx\\\/wp-content\\\/uploads\\\/2025\\\/05\\\/mayos.jpg\",\"datePublished\":\"2025-05-21T00:21:00+00:00\",\"breadcrumb\":{\"@id\":\"https:\\\/\\\/fuentesfidedignas.com.mx\\\/index.php\\\/2025\\\/05\\\/20\\\/adios-navojoa-mayos-anuncian-su-mudanza-a-tucson-arizona\\\/#breadcrumb\"},\"inLanguage\":\"es\",\"potentialAction\":[{\"@type\":\"ReadAction\",\"target\":[\"https:\\\/\\\/fuentesfidedignas.com.mx\\\/index.php\\\/2025\\\/05\\\/20\\\/adios-navojoa-mayos-anuncian-su-mudanza-a-tucson-arizona\\\/\"]}]},{\"@type\":\"ImageObject\",\"inLanguage\":\"es\",\"@id\":\"https:\\\/\\\/fuentesfidedignas.com.mx\\\/index.php\\\/2025\\\/05\\\/20\\\/adios-navojoa-mayos-anuncian-su-mudanza-a-tucson-arizona\\\/#primaryimage\",\"url\":\"https:\\\/\\\/fuentesfidedignas.com.mx\\\/wp-content\\\/uploads\\\/2025\\\/05\\\/mayos.jpg\",\"contentUrl\":\"https:\\\/\\\/fuentesfidedignas.com.mx\\\/wp-content\\\/uploads\\\/2025\\\/05\\\/mayos.jpg\",\"width\":600,\"height\":315},{\"@type\":\"BreadcrumbList\",\"@id\":\"https:\\\/\\\/fuentesfidedignas.com.mx\\\/index.php\\\/2025\\\/05\\\/20\\\/adios-navojoa-mayos-anuncian-su-mudanza-a-tucson-arizona\\\/#breadcrumb\",\"itemListElement\":[{\"@type\":\"ListItem\",\"position\":1,\"name\":\"Inicio\",\"item\":\"https:\\\/\\\/fuentesfidedignas.com.mx\\\/\"},{\"@type\":\"ListItem\",\"position\":2,\"name\":\"\u00a1Adi\u00f3s Navojoa! Mayos anuncian su mudanza a Tucson, Arizona\"}]},{\"@type\":\"WebSite\",\"@id\":\"https:\\\/\\\/fuentesfidedignas.com.mx\\\/#website\",\"url\":\"https:\\\/\\\/fuentesfidedignas.com.mx\\\/\",\"name\":\"Fuentes Fidedignas\",\"description\":\"Otro sitio realizado con WordPress\",\"publisher\":{\"@id\":\"https:\\\/\\\/fuentesfidedignas.com.mx\\\/#organization\"},\"potentialAction\":[{\"@type\":\"SearchAction\",\"target\":{\"@type\":\"EntryPoint\",\"urlTemplate\":\"https:\\\/\\\/fuentesfidedignas.com.mx\\\/?s={search_term_string}\"},\"query-input\":{\"@type\":\"PropertyValueSpecification\",\"valueRequired\":true,\"valueName\":\"search_term_string\"}}],\"inLanguage\":\"es\"},{\"@type\":\"Organization\",\"@id\":\"https:\\\/\\\/fuentesfidedignas.com.mx\\\/#organization\",\"name\":\"Fuentes Fidedignas\",\"url\":\"https:\\\/\\\/fuentesfidedignas.com.mx\\\/\",\"logo\":{\"@type\":\"ImageObject\",\"inLanguage\":\"es\",\"@id\":\"https:\\\/\\\/fuentesfidedignas.com.mx\\\/#\\\/schema\\\/logo\\\/image\\\/\",\"url\":\"https:\\\/\\\/fuentesfidedignas.com.mx\\\/wp-content\\\/uploads\\\/2021\\\/04\\\/logo-retina.png\",\"contentUrl\":\"https:\\\/\\\/fuentesfidedignas.com.mx\\\/wp-content\\\/uploads\\\/2021\\\/04\\\/logo-retina.png\",\"width\":280,\"height\":51,\"caption\":\"Fuentes Fidedignas\"},\"image\":{\"@id\":\"https:\\\/\\\/fuentesfidedignas.com.mx\\\/#\\\/schema\\\/logo\\\/image\\\/\"},\"sameAs\":[\"https:\\\/\\\/www.facebook.com\\\/Fuentes-Fidedignas-368234489921644\",\"https:\\\/\\\/x.com\\\/fidedignas\"]},{\"@type\":\"Person\",\"@id\":\"https:\\\/\\\/fuentesfidedignas.com.mx\\\/#\\\/schema\\\/person\\\/ff4db17f8fd9c584e0cfc2a0c436b8a1\",\"name\":\"El Imparcial\",\"image\":{\"@type\":\"ImageObject\",\"inLanguage\":\"es\",\"@id\":\"https:\\\/\\\/secure.gravatar.com\\\/avatar\\\/accd6807585a75316c237ee783498317be6f66ab34c47c940966f26a3f613161?s=96&d=mm&r=g\",\"url\":\"https:\\\/\\\/secure.gravatar.com\\\/avatar\\\/accd6807585a75316c237ee783498317be6f66ab34c47c940966f26a3f613161?s=96&d=mm&r=g\",\"contentUrl\":\"https:\\\/\\\/secure.gravatar.com\\\/avatar\\\/accd6807585a75316c237ee783498317be6f66ab34c47c940966f26a3f613161?s=96&d=mm&r=g\",\"caption\":\"El Imparcial\"},\"url\":\"https:\\\/\\\/fuentesfidedignas.com.mx\\\/index.php\\\/author\\\/imparcial\\\/\"}]}<\/script>\n<!-- \/ Yoast SEO plugin. -->","yoast_head_json":{"title":"\u00a1Adi\u00f3s Navojoa! Mayos anuncian su mudanza a Tucson, Arizona - Fuentes Fidedignas","robots":{"index":"index","follow":"follow","max-snippet":"max-snippet:-1","max-image-preview":"max-image-preview:large","max-video-preview":"max-video-preview:-1"},"canonical":"https:\/\/fuentesfidedignas.com.mx\/index.php\/2025\/05\/20\/adios-navojoa-mayos-anuncian-su-mudanza-a-tucson-arizona\/","og_locale":"es_MX","og_type":"article","og_title":"\u00a1Adi\u00f3s Navojoa! Mayos anuncian su mudanza a Tucson, Arizona - Fuentes Fidedignas","og_description":"Luego de varios meses de especulaci\u00f3n, se confirm\u00f3 que el equipo se mudar\u00e1 a los Estados Unidos. Este martes, la Liga Arco Mexicana del Pac\u00edfico (LMP) dio a conocer que el equipo de los Mayos de Navojoa no continuar\u00e1 participando en la liga esta pr\u00f3xima temporada, as\u00ed lo confirm\u00f3 el Lic. Salvador Escobar, presidente ejecutivo [&hellip;]","og_url":"https:\/\/fuentesfidedignas.com.mx\/index.php\/2025\/05\/20\/adios-navojoa-mayos-anuncian-su-mudanza-a-tucson-arizona\/","og_site_name":"Fuentes Fidedignas","article_publisher":"https:\/\/www.facebook.com\/Fuentes-Fidedignas-368234489921644","article_published_time":"2025-05-21T00:21:00+00:00","og_image":[{"width":600,"height":315,"url":"https:\/\/fuentesfidedignas.com.mx\/wp-content\/uploads\/2025\/05\/mayos.jpg","type":"image\/jpeg"}],"author":"El Imparcial","twitter_card":"summary_large_image","twitter_creator":"@fidedignas","twitter_site":"@fidedignas","twitter_misc":{"Escrito por":"El Imparcial","Tiempo de lectura":"2 minutos"},"schema":{"@context":"https:\/\/schema.org","@graph":[{"@type":"Article","@id":"https:\/\/fuentesfidedignas.com.mx\/index.php\/2025\/05\/20\/adios-navojoa-mayos-anuncian-su-mudanza-a-tucson-arizona\/#article","isPartOf":{"@id":"https:\/\/fuentesfidedignas.com.mx\/index.php\/2025\/05\/20\/adios-navojoa-mayos-anuncian-su-mudanza-a-tucson-arizona\/"},"author":{"name":"El Imparcial","@id":"https:\/\/fuentesfidedignas.com.mx\/#\/schema\/person\/ff4db17f8fd9c584e0cfc2a0c436b8a1"},"headline":"\u00a1Adi\u00f3s Navojoa! Mayos anuncian su mudanza a Tucson, Arizona","datePublished":"2025-05-21T00:21:00+00:00","mainEntityOfPage":{"@id":"https:\/\/fuentesfidedignas.com.mx\/index.php\/2025\/05\/20\/adios-navojoa-mayos-anuncian-su-mudanza-a-tucson-arizona\/"},"wordCount":335,"commentCount":0,"publisher":{"@id":"https:\/\/fuentesfidedignas.com.mx\/#organization"},"image":{"@id":"https:\/\/fuentesfidedignas.com.mx\/index.php\/2025\/05\/20\/adios-navojoa-mayos-anuncian-su-mudanza-a-tucson-arizona\/#primaryimage"},"thumbnailUrl":"https:\/\/fuentesfidedignas.com.mx\/wp-content\/uploads\/2025\/05\/mayos.jpg","articleSection":["NOTICIAS NACIONALES"],"inLanguage":"es","potentialAction":[{"@type":"CommentAction","name":"Comment","target":["https:\/\/fuentesfidedignas.com.mx\/index.php\/2025\/05\/20\/adios-navojoa-mayos-anuncian-su-mudanza-a-tucson-arizona\/#respond"]}]},{"@type":"WebPage","@id":"https:\/\/fuentesfidedignas.com.mx\/index.php\/2025\/05\/20\/adios-navojoa-mayos-anuncian-su-mudanza-a-tucson-arizona\/","url":"https:\/\/fuentesfidedignas.com.mx\/index.php\/2025\/05\/20\/adios-navojoa-mayos-anuncian-su-mudanza-a-tucson-arizona\/","name":"\u00a1Adi\u00f3s Navojoa! Mayos anuncian su mudanza a Tucson, Arizona - Fuentes Fidedignas","isPartOf":{"@id":"https:\/\/fuentesfidedignas.com.mx\/#website"},"primaryImageOfPage":{"@id":"https:\/\/fuentesfidedignas.com.mx\/index.php\/2025\/05\/20\/adios-navojoa-mayos-anuncian-su-mudanza-a-tucson-arizona\/#primaryimage"},"image":{"@id":"https:\/\/fuentesfidedignas.com.mx\/index.php\/2025\/05\/20\/adios-navojoa-mayos-anuncian-su-mudanza-a-tucson-arizona\/#primaryimage"},"thumbnailUrl":"https:\/\/fuentesfidedignas.com.mx\/wp-content\/uploads\/2025\/05\/mayos.jpg","datePublished":"2025-05-21T00:21:00+00:00","breadcrumb":{"@id":"https:\/\/fuentesfidedignas.com.mx\/index.php\/2025\/05\/20\/adios-navojoa-mayos-anuncian-su-mudanza-a-tucson-arizona\/#breadcrumb"},"inLanguage":"es","potentialAction":[{"@type":"ReadAction","target":["https:\/\/fuentesfidedignas.com.mx\/index.php\/2025\/05\/20\/adios-navojoa-mayos-anuncian-su-mudanza-a-tucson-arizona\/"]}]},{"@type":"ImageObject","inLanguage":"es","@id":"https:\/\/fuentesfidedignas.com.mx\/index.php\/2025\/05\/20\/adios-navojoa-mayos-anuncian-su-mudanza-a-tucson-arizona\/#primaryimage","url":"https:\/\/fuentesfidedignas.com.mx\/wp-content\/uploads\/2025\/05\/mayos.jpg","contentUrl":"https:\/\/fuentesfidedignas.com.mx\/wp-content\/uploads\/2025\/05\/mayos.jpg","width":600,"height":315},{"@type":"BreadcrumbList","@id":"https:\/\/fuentesfidedignas.com.mx\/index.php\/2025\/05\/20\/adios-navojoa-mayos-anuncian-su-mudanza-a-tucson-arizona\/#breadcrumb","itemListElement":[{"@type":"ListItem","position":1,"name":"Inicio","item":"https:\/\/fuentesfidedignas.com.mx\/"},{"@type":"ListItem","position":2,"name":"\u00a1Adi\u00f3s Navojoa! Mayos anuncian su mudanza a Tucson, Arizona"}]},{"@type":"WebSite","@id":"https:\/\/fuentesfidedignas.com.mx\/#website","url":"https:\/\/fuentesfidedignas.com.mx\/","name":"Fuentes Fidedignas","description":"Otro sitio realizado con WordPress","publisher":{"@id":"https:\/\/fuentesfidedignas.com.mx\/#organization"},"potentialAction":[{"@type":"SearchAction","target":{"@type":"EntryPoint","urlTemplate":"https:\/\/fuentesfidedignas.com.mx\/?s={search_term_string}"},"query-input":{"@type":"PropertyValueSpecification","valueRequired":true,"valueName":"search_term_string"}}],"inLanguage":"es"},{"@type":"Organization","@id":"https:\/\/fuentesfidedignas.com.mx\/#organization","name":"Fuentes Fidedignas","url":"https:\/\/fuentesfidedignas.com.mx\/","logo":{"@type":"ImageObject","inLanguage":"es","@id":"https:\/\/fuentesfidedignas.com.mx\/#\/schema\/logo\/image\/","url":"https:\/\/fuentesfidedignas.com.mx\/wp-content\/uploads\/2021\/04\/logo-retina.png","contentUrl":"https:\/\/fuentesfidedignas.com.mx\/wp-content\/uploads\/2021\/04\/logo-retina.png","width":280,"height":51,"caption":"Fuentes Fidedignas"},"image":{"@id":"https:\/\/fuentesfidedignas.com.mx\/#\/schema\/logo\/image\/"},"sameAs":["https:\/\/www.facebook.com\/Fuentes-Fidedignas-368234489921644","https:\/\/x.com\/fidedignas"]},{"@type":"Person","@id":"https:\/\/fuentesfidedignas.com.mx\/#\/schema\/person\/ff4db17f8fd9c584e0cfc2a0c436b8a1","name":"El Imparcial","image":{"@type":"ImageObject","inLanguage":"es","@id":"https:\/\/secure.gravatar.com\/avatar\/accd6807585a75316c237ee783498317be6f66ab34c47c940966f26a3f613161?s=96&d=mm&r=g","url":"https:\/\/secure.gravatar.com\/avatar\/accd6807585a75316c237ee783498317be6f66ab34c47c940966f26a3f613161?s=96&d=mm&r=g","contentUrl":"https:\/\/secure.gravatar.com\/avatar\/accd6807585a75316c237ee783498317be6f66ab34c47c940966f26a3f613161?s=96&d=mm&r=g","caption":"El Imparcial"},"url":"https:\/\/fuentesfidedignas.com.mx\/index.php\/author\/imparcial\/"}]}},"_links":{"self":[{"href":"https:\/\/fuentesfidedignas.com.mx\/index.php\/wp-json\/wp\/v2\/posts\/108808","targetHints":{"allow":["GET"]}}],"collection":[{"href":"https:\/\/fuentesfidedignas.com.mx\/index.php\/wp-json\/wp\/v2\/posts"}],"about":[{"href":"https:\/\/fuentesfidedignas.com.mx\/index.php\/wp-json\/wp\/v2\/types\/post"}],"author":[{"embeddable":true,"href":"https:\/\/fuentesfidedignas.com.mx\/index.php\/wp-json\/wp\/v2\/users\/40"}],"replies":[{"embeddable":true,"href":"https:\/\/fuentesfidedignas.com.mx\/index.php\/wp-json\/wp\/v2\/comments?post=108808"}],"version-history":[{"count":1,"href":"https:\/\/fuentesfidedignas.com.mx\/index.php\/wp-json\/wp\/v2\/posts\/108808\/revisions"}],"predecessor-version":[{"id":108810,"href":"https:\/\/fuentesfidedignas.com.mx\/index.php\/wp-json\/wp\/v2\/posts\/108808\/revisions\/108810"}],"wp:featuredmedia":[{"embeddable":true,"href":"https:\/\/fuentesfidedignas.com.mx\/index.php\/wp-json\/wp\/v2\/media\/108809"}],"wp:attachment":[{"href":"https:\/\/fuentesfidedignas.com.mx\/index.php\/wp-json\/wp\/v2\/media?parent=108808"}],"wp:term":[{"taxonomy":"category","embeddable":true,"href":"https:\/\/fuentesfidedignas.com.mx\/index.php\/wp-json\/wp\/v2\/categories?post=108808"},{"taxonomy":"post_tag","embeddable":true,"href":"https:\/\/fuentesfidedignas.com.mx\/index.php\/wp-json\/wp\/v2\/tags?post=108808"}],"curies":[{"name":"wp","href":"https:\/\/api.w.org\/{rel}","templated":true}]}}