{"id":108767,"date":"2025-05-20T11:03:57","date_gmt":"2025-05-20T18:03:57","guid":{"rendered":"https:\/\/fuentesfidedignas.com.mx\/?p=108767"},"modified":"2025-05-20T12:43:42","modified_gmt":"2025-05-20T19:43:42","slug":"no-habra-impunidad-sheinbaum-tras-asesinatos-de-funcionarios-de-brugada","status":"publish","type":"post","link":"https:\/\/fuentesfidedignas.com.mx\/index.php\/2025\/05\/20\/no-habra-impunidad-sheinbaum-tras-asesinatos-de-funcionarios-de-brugada\/","title":{"rendered":"\u201cNo habr\u00e1 impunidad\u201d: Sheinbaum tras asesinatos de funcionarios de Brugada"},"content":{"rendered":"\n<p><br><strong><em>La presienta Sheinbaum apunt\u00f3 que se investigar\u00e1 a fondo los homicidios de dos funcionarios del Gobierno de Clara Brugada<\/em><\/strong><\/p>\n\n\n\n<p>Claudia Sheinbaum Pardo, presidenta de M\u00e9xico, conden\u00f3 los asesinatos de funcionarios del Gobierno de la Ciudad de M\u00e9xico, entre ellos el de la secretaria particular de Clara Brugada.<\/p>\n\n\n\n<p class=\"p1\">En la conferencia matutina de Palacio Nacional, Sheinbaum Pardo dej\u00f3 en claro que se llegar\u00e1 al fondo del asunto y que no habr\u00e1 impunidad.<\/p>\n\n\n\n<blockquote class=\"wp-block-quote is-layout-flow wp-block-quote-is-layout-flow\">\n<p>&nbsp;\u201cQue no haya impunidad, con apoyo del Gobierno de M\u00e9xico ya realizan las investigaciones correspondientes\u201d, sostuvo.<\/p>\n<\/blockquote>\n\n\n\n<p>\u201cDesde el primer momento&nbsp;<strong>Omar (Garc\u00eda Harfuch<\/strong>, titular de SSPC) gir\u00f3 instrucciones para que tengan todo el apoyo del CNI, de la Defensa y Marina todo el apoyo que requiera la jefa de Gobierno para la investigaci\u00f3n y llegar al fondo de esta situaci\u00f3n, que no haya impunidad\u201d, destac\u00f3.<\/p>\n\n\n\n<p>\u201cDesde el Gobierno de M\u00e9xico enviamos condolencias a sus familiares, todo el apoyo que requiera la jefa de gobierno, vamos a llegar al fondo de esta situaci\u00f3n y que haya justicia&nbsp; Nuestro apoyo incondicional a la jefa de Gobierno y por supuesto nuestra solidaridad y apoyo a los familiares de estas dos personas, que vienen. trabajando en nuestro movimiento desde hace mucho tiempo\u201d, puntualiz\u00f3.<\/p>\n\n\n\n<figure class=\"wp-block-embed is-type-rich is-provider-twitter wp-block-embed-twitter\"><div class=\"wp-block-embed__wrapper\">\n<blockquote class=\"twitter-tweet\" data-width=\"550\" data-dnt=\"true\"><p lang=\"es\" dir=\"ltr\">Este el momento de la agresi\u00f3n directa contra los dos funcionarios de la jefa de Gobierno de la Ciudad de M\u00e9xico, Clara Brugada, sobre Calzada de Tlalpan.<br><br>M\u00e1s en <a href=\"https:\/\/t.co\/BjdELZkpfR\">https:\/\/t.co\/BjdELZkpfR<\/a> <a href=\"https:\/\/t.co\/AWmNnBIkxq\">pic.twitter.com\/AWmNnBIkxq<\/a><\/p>&mdash; Joaqu\u00edn L\u00f3pez-D\u00f3riga (@lopezdoriga) <a href=\"https:\/\/twitter.com\/lopezdoriga\/status\/1924878343322624282?ref_src=twsrc%5Etfw\">May 20, 2025<\/a><\/blockquote><script async src=\"https:\/\/platform.twitter.com\/widgets.js\" charset=\"utf-8\"><\/script>\n<\/div><\/figure>\n\n\n\n<p><strong>Ximena Guzm\u00e1n<\/strong>, secretaria particular de la jefa de Gobierno, Clara Brugada, y el asesor&nbsp;<strong>Jos\u00e9 Guzm\u00e1n<\/strong>fueron asesinados a balazos la ma\u00f1ana de este 20 de mayo en plena Calzada de Tlapan.<\/p>\n\n\n\n<p>Los homicidios, confirmados por la propia Brugada Molina en un comunicado, ocurrieron durante un ataque armado por parte de personas que se trasladaban en motocicleta justo a la altura de la&nbsp;<strong>colonia Moderna<\/strong>.<\/p>\n","protected":false},"excerpt":{"rendered":"<p>La presienta Sheinbaum apunt\u00f3 que se investigar\u00e1 a fondo los homicidios de dos funcionarios del Gobierno de Clara Brugada Claudia Sheinbaum Pardo, presidenta de M\u00e9xico, conden\u00f3 los asesinatos de funcionarios del Gobierno de la Ciudad de M\u00e9xico, entre ellos el de la secretaria particular de Clara Brugada. En la conferencia matutina de Palacio Nacional, Sheinbaum [&hellip;]<\/p>\n","protected":false},"author":47,"featured_media":108766,"comment_status":"closed","ping_status":"open","sticky":false,"template":"","format":"standard","meta":{"tdm_status":"","tdm_grid_status":"","footnotes":""},"categories":[39],"tags":[],"class_list":{"0":"post-108767","1":"post","2":"type-post","3":"status-publish","4":"format-standard","5":"has-post-thumbnail","7":"category-noticias-nacionales"},"yoast_head":"<!-- This site is optimized with the Yoast SEO plugin v27.4 - https:\/\/yoast.com\/product\/yoast-seo-wordpress\/ -->\n<title>\u201cNo habr\u00e1 impunidad\u201d: Sheinbaum tras asesinatos de funcionarios de Brugada - Fuentes Fidedignas<\/title>\n<meta name=\"robots\" content=\"index, follow, max-snippet:-1, max-image-preview:large, max-video-preview:-1\" \/>\n<link rel=\"canonical\" href=\"https:\/\/fuentesfidedignas.com.mx\/index.php\/2025\/05\/20\/no-habra-impunidad-sheinbaum-tras-asesinatos-de-funcionarios-de-brugada\/\" \/>\n<meta property=\"og:locale\" content=\"es_MX\" \/>\n<meta property=\"og:type\" content=\"article\" \/>\n<meta property=\"og:title\" content=\"\u201cNo habr\u00e1 impunidad\u201d: Sheinbaum tras asesinatos de funcionarios de Brugada - Fuentes Fidedignas\" \/>\n<meta property=\"og:description\" content=\"La presienta Sheinbaum apunt\u00f3 que se investigar\u00e1 a fondo los homicidios de dos funcionarios del Gobierno de Clara Brugada Claudia Sheinbaum Pardo, presidenta de M\u00e9xico, conden\u00f3 los asesinatos de funcionarios del Gobierno de la Ciudad de M\u00e9xico, entre ellos el de la secretaria particular de Clara Brugada. En la conferencia matutina de Palacio Nacional, Sheinbaum [&hellip;]\" \/>\n<meta property=\"og:url\" content=\"https:\/\/fuentesfidedignas.com.mx\/index.php\/2025\/05\/20\/no-habra-impunidad-sheinbaum-tras-asesinatos-de-funcionarios-de-brugada\/\" \/>\n<meta property=\"og:site_name\" content=\"Fuentes Fidedignas\" \/>\n<meta property=\"article:publisher\" content=\"https:\/\/www.facebook.com\/Fuentes-Fidedignas-368234489921644\" \/>\n<meta property=\"article:published_time\" content=\"2025-05-20T18:03:57+00:00\" \/>\n<meta property=\"article:modified_time\" content=\"2025-05-20T19:43:42+00:00\" \/>\n<meta property=\"og:image\" content=\"https:\/\/fuentesfidedignas.com.mx\/wp-content\/uploads\/2025\/05\/img_3335-1.jpg\" \/>\n\t<meta property=\"og:image:width\" content=\"1536\" \/>\n\t<meta property=\"og:image:height\" content=\"1024\" \/>\n\t<meta property=\"og:image:type\" content=\"image\/jpeg\" \/>\n<meta name=\"author\" content=\"L\u00f3pez D\u00f3riga\" \/>\n<meta name=\"twitter:card\" content=\"summary_large_image\" \/>\n<meta name=\"twitter:creator\" content=\"@fidedignas\" \/>\n<meta name=\"twitter:site\" content=\"@fidedignas\" \/>\n<meta name=\"twitter:label1\" content=\"Escrito por\" \/>\n\t<meta name=\"twitter:data1\" content=\"L\u00f3pez D\u00f3riga\" \/>\n\t<meta name=\"twitter:label2\" content=\"Tiempo de lectura\" \/>\n\t<meta name=\"twitter:data2\" content=\"2 minutos\" \/>\n<script type=\"application\/ld+json\" class=\"yoast-schema-graph\">{\"@context\":\"https:\\\/\\\/schema.org\",\"@graph\":[{\"@type\":\"Article\",\"@id\":\"https:\\\/\\\/fuentesfidedignas.com.mx\\\/index.php\\\/2025\\\/05\\\/20\\\/no-habra-impunidad-sheinbaum-tras-asesinatos-de-funcionarios-de-brugada\\\/#article\",\"isPartOf\":{\"@id\":\"https:\\\/\\\/fuentesfidedignas.com.mx\\\/index.php\\\/2025\\\/05\\\/20\\\/no-habra-impunidad-sheinbaum-tras-asesinatos-de-funcionarios-de-brugada\\\/\"},\"author\":{\"name\":\"L\u00f3pez D\u00f3riga\",\"@id\":\"https:\\\/\\\/fuentesfidedignas.com.mx\\\/#\\\/schema\\\/person\\\/67d852f0557c8509146a4b9ddebd543a\"},\"headline\":\"\u201cNo habr\u00e1 impunidad\u201d: Sheinbaum tras asesinatos de funcionarios de Brugada\",\"datePublished\":\"2025-05-20T18:03:57+00:00\",\"dateModified\":\"2025-05-20T19:43:42+00:00\",\"mainEntityOfPage\":{\"@id\":\"https:\\\/\\\/fuentesfidedignas.com.mx\\\/index.php\\\/2025\\\/05\\\/20\\\/no-habra-impunidad-sheinbaum-tras-asesinatos-de-funcionarios-de-brugada\\\/\"},\"wordCount\":327,\"publisher\":{\"@id\":\"https:\\\/\\\/fuentesfidedignas.com.mx\\\/#organization\"},\"image\":{\"@id\":\"https:\\\/\\\/fuentesfidedignas.com.mx\\\/index.php\\\/2025\\\/05\\\/20\\\/no-habra-impunidad-sheinbaum-tras-asesinatos-de-funcionarios-de-brugada\\\/#primaryimage\"},\"thumbnailUrl\":\"https:\\\/\\\/fuentesfidedignas.com.mx\\\/wp-content\\\/uploads\\\/2025\\\/05\\\/img_3335-1.jpg\",\"articleSection\":[\"NOTICIAS NACIONALES\"],\"inLanguage\":\"es\"},{\"@type\":\"WebPage\",\"@id\":\"https:\\\/\\\/fuentesfidedignas.com.mx\\\/index.php\\\/2025\\\/05\\\/20\\\/no-habra-impunidad-sheinbaum-tras-asesinatos-de-funcionarios-de-brugada\\\/\",\"url\":\"https:\\\/\\\/fuentesfidedignas.com.mx\\\/index.php\\\/2025\\\/05\\\/20\\\/no-habra-impunidad-sheinbaum-tras-asesinatos-de-funcionarios-de-brugada\\\/\",\"name\":\"\u201cNo habr\u00e1 impunidad\u201d: Sheinbaum tras asesinatos de funcionarios de Brugada - Fuentes Fidedignas\",\"isPartOf\":{\"@id\":\"https:\\\/\\\/fuentesfidedignas.com.mx\\\/#website\"},\"primaryImageOfPage\":{\"@id\":\"https:\\\/\\\/fuentesfidedignas.com.mx\\\/index.php\\\/2025\\\/05\\\/20\\\/no-habra-impunidad-sheinbaum-tras-asesinatos-de-funcionarios-de-brugada\\\/#primaryimage\"},\"image\":{\"@id\":\"https:\\\/\\\/fuentesfidedignas.com.mx\\\/index.php\\\/2025\\\/05\\\/20\\\/no-habra-impunidad-sheinbaum-tras-asesinatos-de-funcionarios-de-brugada\\\/#primaryimage\"},\"thumbnailUrl\":\"https:\\\/\\\/fuentesfidedignas.com.mx\\\/wp-content\\\/uploads\\\/2025\\\/05\\\/img_3335-1.jpg\",\"datePublished\":\"2025-05-20T18:03:57+00:00\",\"dateModified\":\"2025-05-20T19:43:42+00:00\",\"breadcrumb\":{\"@id\":\"https:\\\/\\\/fuentesfidedignas.com.mx\\\/index.php\\\/2025\\\/05\\\/20\\\/no-habra-impunidad-sheinbaum-tras-asesinatos-de-funcionarios-de-brugada\\\/#breadcrumb\"},\"inLanguage\":\"es\",\"potentialAction\":[{\"@type\":\"ReadAction\",\"target\":[\"https:\\\/\\\/fuentesfidedignas.com.mx\\\/index.php\\\/2025\\\/05\\\/20\\\/no-habra-impunidad-sheinbaum-tras-asesinatos-de-funcionarios-de-brugada\\\/\"]}]},{\"@type\":\"ImageObject\",\"inLanguage\":\"es\",\"@id\":\"https:\\\/\\\/fuentesfidedignas.com.mx\\\/index.php\\\/2025\\\/05\\\/20\\\/no-habra-impunidad-sheinbaum-tras-asesinatos-de-funcionarios-de-brugada\\\/#primaryimage\",\"url\":\"https:\\\/\\\/fuentesfidedignas.com.mx\\\/wp-content\\\/uploads\\\/2025\\\/05\\\/img_3335-1.jpg\",\"contentUrl\":\"https:\\\/\\\/fuentesfidedignas.com.mx\\\/wp-content\\\/uploads\\\/2025\\\/05\\\/img_3335-1.jpg\",\"width\":1536,\"height\":1024},{\"@type\":\"BreadcrumbList\",\"@id\":\"https:\\\/\\\/fuentesfidedignas.com.mx\\\/index.php\\\/2025\\\/05\\\/20\\\/no-habra-impunidad-sheinbaum-tras-asesinatos-de-funcionarios-de-brugada\\\/#breadcrumb\",\"itemListElement\":[{\"@type\":\"ListItem\",\"position\":1,\"name\":\"Inicio\",\"item\":\"https:\\\/\\\/fuentesfidedignas.com.mx\\\/\"},{\"@type\":\"ListItem\",\"position\":2,\"name\":\"\u201cNo habr\u00e1 impunidad\u201d: Sheinbaum tras asesinatos de funcionarios de Brugada\"}]},{\"@type\":\"WebSite\",\"@id\":\"https:\\\/\\\/fuentesfidedignas.com.mx\\\/#website\",\"url\":\"https:\\\/\\\/fuentesfidedignas.com.mx\\\/\",\"name\":\"Fuentes Fidedignas\",\"description\":\"Otro sitio realizado con WordPress\",\"publisher\":{\"@id\":\"https:\\\/\\\/fuentesfidedignas.com.mx\\\/#organization\"},\"potentialAction\":[{\"@type\":\"SearchAction\",\"target\":{\"@type\":\"EntryPoint\",\"urlTemplate\":\"https:\\\/\\\/fuentesfidedignas.com.mx\\\/?s={search_term_string}\"},\"query-input\":{\"@type\":\"PropertyValueSpecification\",\"valueRequired\":true,\"valueName\":\"search_term_string\"}}],\"inLanguage\":\"es\"},{\"@type\":\"Organization\",\"@id\":\"https:\\\/\\\/fuentesfidedignas.com.mx\\\/#organization\",\"name\":\"Fuentes Fidedignas\",\"url\":\"https:\\\/\\\/fuentesfidedignas.com.mx\\\/\",\"logo\":{\"@type\":\"ImageObject\",\"inLanguage\":\"es\",\"@id\":\"https:\\\/\\\/fuentesfidedignas.com.mx\\\/#\\\/schema\\\/logo\\\/image\\\/\",\"url\":\"https:\\\/\\\/fuentesfidedignas.com.mx\\\/wp-content\\\/uploads\\\/2021\\\/04\\\/logo-retina.png\",\"contentUrl\":\"https:\\\/\\\/fuentesfidedignas.com.mx\\\/wp-content\\\/uploads\\\/2021\\\/04\\\/logo-retina.png\",\"width\":280,\"height\":51,\"caption\":\"Fuentes Fidedignas\"},\"image\":{\"@id\":\"https:\\\/\\\/fuentesfidedignas.com.mx\\\/#\\\/schema\\\/logo\\\/image\\\/\"},\"sameAs\":[\"https:\\\/\\\/www.facebook.com\\\/Fuentes-Fidedignas-368234489921644\",\"https:\\\/\\\/x.com\\\/fidedignas\"]},{\"@type\":\"Person\",\"@id\":\"https:\\\/\\\/fuentesfidedignas.com.mx\\\/#\\\/schema\\\/person\\\/67d852f0557c8509146a4b9ddebd543a\",\"name\":\"L\u00f3pez D\u00f3riga\",\"image\":{\"@type\":\"ImageObject\",\"inLanguage\":\"es\",\"@id\":\"https:\\\/\\\/secure.gravatar.com\\\/avatar\\\/e525b06574ca18b33cded59dfe5778d6c823b9513154eff47da551b0551bdd1e?s=96&d=mm&r=g\",\"url\":\"https:\\\/\\\/secure.gravatar.com\\\/avatar\\\/e525b06574ca18b33cded59dfe5778d6c823b9513154eff47da551b0551bdd1e?s=96&d=mm&r=g\",\"contentUrl\":\"https:\\\/\\\/secure.gravatar.com\\\/avatar\\\/e525b06574ca18b33cded59dfe5778d6c823b9513154eff47da551b0551bdd1e?s=96&d=mm&r=g\",\"caption\":\"L\u00f3pez D\u00f3riga\"},\"url\":\"https:\\\/\\\/fuentesfidedignas.com.mx\\\/index.php\\\/author\\\/doriga\\\/\"}]}<\/script>\n<!-- \/ Yoast SEO plugin. -->","yoast_head_json":{"title":"\u201cNo habr\u00e1 impunidad\u201d: Sheinbaum tras asesinatos de funcionarios de Brugada - Fuentes Fidedignas","robots":{"index":"index","follow":"follow","max-snippet":"max-snippet:-1","max-image-preview":"max-image-preview:large","max-video-preview":"max-video-preview:-1"},"canonical":"https:\/\/fuentesfidedignas.com.mx\/index.php\/2025\/05\/20\/no-habra-impunidad-sheinbaum-tras-asesinatos-de-funcionarios-de-brugada\/","og_locale":"es_MX","og_type":"article","og_title":"\u201cNo habr\u00e1 impunidad\u201d: Sheinbaum tras asesinatos de funcionarios de Brugada - Fuentes Fidedignas","og_description":"La presienta Sheinbaum apunt\u00f3 que se investigar\u00e1 a fondo los homicidios de dos funcionarios del Gobierno de Clara Brugada Claudia Sheinbaum Pardo, presidenta de M\u00e9xico, conden\u00f3 los asesinatos de funcionarios del Gobierno de la Ciudad de M\u00e9xico, entre ellos el de la secretaria particular de Clara Brugada. En la conferencia matutina de Palacio Nacional, Sheinbaum [&hellip;]","og_url":"https:\/\/fuentesfidedignas.com.mx\/index.php\/2025\/05\/20\/no-habra-impunidad-sheinbaum-tras-asesinatos-de-funcionarios-de-brugada\/","og_site_name":"Fuentes Fidedignas","article_publisher":"https:\/\/www.facebook.com\/Fuentes-Fidedignas-368234489921644","article_published_time":"2025-05-20T18:03:57+00:00","article_modified_time":"2025-05-20T19:43:42+00:00","og_image":[{"width":1536,"height":1024,"url":"https:\/\/fuentesfidedignas.com.mx\/wp-content\/uploads\/2025\/05\/img_3335-1.jpg","type":"image\/jpeg"}],"author":"L\u00f3pez D\u00f3riga","twitter_card":"summary_large_image","twitter_creator":"@fidedignas","twitter_site":"@fidedignas","twitter_misc":{"Escrito por":"L\u00f3pez D\u00f3riga","Tiempo de lectura":"2 minutos"},"schema":{"@context":"https:\/\/schema.org","@graph":[{"@type":"Article","@id":"https:\/\/fuentesfidedignas.com.mx\/index.php\/2025\/05\/20\/no-habra-impunidad-sheinbaum-tras-asesinatos-de-funcionarios-de-brugada\/#article","isPartOf":{"@id":"https:\/\/fuentesfidedignas.com.mx\/index.php\/2025\/05\/20\/no-habra-impunidad-sheinbaum-tras-asesinatos-de-funcionarios-de-brugada\/"},"author":{"name":"L\u00f3pez D\u00f3riga","@id":"https:\/\/fuentesfidedignas.com.mx\/#\/schema\/person\/67d852f0557c8509146a4b9ddebd543a"},"headline":"\u201cNo habr\u00e1 impunidad\u201d: Sheinbaum tras asesinatos de funcionarios de Brugada","datePublished":"2025-05-20T18:03:57+00:00","dateModified":"2025-05-20T19:43:42+00:00","mainEntityOfPage":{"@id":"https:\/\/fuentesfidedignas.com.mx\/index.php\/2025\/05\/20\/no-habra-impunidad-sheinbaum-tras-asesinatos-de-funcionarios-de-brugada\/"},"wordCount":327,"publisher":{"@id":"https:\/\/fuentesfidedignas.com.mx\/#organization"},"image":{"@id":"https:\/\/fuentesfidedignas.com.mx\/index.php\/2025\/05\/20\/no-habra-impunidad-sheinbaum-tras-asesinatos-de-funcionarios-de-brugada\/#primaryimage"},"thumbnailUrl":"https:\/\/fuentesfidedignas.com.mx\/wp-content\/uploads\/2025\/05\/img_3335-1.jpg","articleSection":["NOTICIAS NACIONALES"],"inLanguage":"es"},{"@type":"WebPage","@id":"https:\/\/fuentesfidedignas.com.mx\/index.php\/2025\/05\/20\/no-habra-impunidad-sheinbaum-tras-asesinatos-de-funcionarios-de-brugada\/","url":"https:\/\/fuentesfidedignas.com.mx\/index.php\/2025\/05\/20\/no-habra-impunidad-sheinbaum-tras-asesinatos-de-funcionarios-de-brugada\/","name":"\u201cNo habr\u00e1 impunidad\u201d: Sheinbaum tras asesinatos de funcionarios de Brugada - Fuentes Fidedignas","isPartOf":{"@id":"https:\/\/fuentesfidedignas.com.mx\/#website"},"primaryImageOfPage":{"@id":"https:\/\/fuentesfidedignas.com.mx\/index.php\/2025\/05\/20\/no-habra-impunidad-sheinbaum-tras-asesinatos-de-funcionarios-de-brugada\/#primaryimage"},"image":{"@id":"https:\/\/fuentesfidedignas.com.mx\/index.php\/2025\/05\/20\/no-habra-impunidad-sheinbaum-tras-asesinatos-de-funcionarios-de-brugada\/#primaryimage"},"thumbnailUrl":"https:\/\/fuentesfidedignas.com.mx\/wp-content\/uploads\/2025\/05\/img_3335-1.jpg","datePublished":"2025-05-20T18:03:57+00:00","dateModified":"2025-05-20T19:43:42+00:00","breadcrumb":{"@id":"https:\/\/fuentesfidedignas.com.mx\/index.php\/2025\/05\/20\/no-habra-impunidad-sheinbaum-tras-asesinatos-de-funcionarios-de-brugada\/#breadcrumb"},"inLanguage":"es","potentialAction":[{"@type":"ReadAction","target":["https:\/\/fuentesfidedignas.com.mx\/index.php\/2025\/05\/20\/no-habra-impunidad-sheinbaum-tras-asesinatos-de-funcionarios-de-brugada\/"]}]},{"@type":"ImageObject","inLanguage":"es","@id":"https:\/\/fuentesfidedignas.com.mx\/index.php\/2025\/05\/20\/no-habra-impunidad-sheinbaum-tras-asesinatos-de-funcionarios-de-brugada\/#primaryimage","url":"https:\/\/fuentesfidedignas.com.mx\/wp-content\/uploads\/2025\/05\/img_3335-1.jpg","contentUrl":"https:\/\/fuentesfidedignas.com.mx\/wp-content\/uploads\/2025\/05\/img_3335-1.jpg","width":1536,"height":1024},{"@type":"BreadcrumbList","@id":"https:\/\/fuentesfidedignas.com.mx\/index.php\/2025\/05\/20\/no-habra-impunidad-sheinbaum-tras-asesinatos-de-funcionarios-de-brugada\/#breadcrumb","itemListElement":[{"@type":"ListItem","position":1,"name":"Inicio","item":"https:\/\/fuentesfidedignas.com.mx\/"},{"@type":"ListItem","position":2,"name":"\u201cNo habr\u00e1 impunidad\u201d: Sheinbaum tras asesinatos de funcionarios de Brugada"}]},{"@type":"WebSite","@id":"https:\/\/fuentesfidedignas.com.mx\/#website","url":"https:\/\/fuentesfidedignas.com.mx\/","name":"Fuentes Fidedignas","description":"Otro sitio realizado con WordPress","publisher":{"@id":"https:\/\/fuentesfidedignas.com.mx\/#organization"},"potentialAction":[{"@type":"SearchAction","target":{"@type":"EntryPoint","urlTemplate":"https:\/\/fuentesfidedignas.com.mx\/?s={search_term_string}"},"query-input":{"@type":"PropertyValueSpecification","valueRequired":true,"valueName":"search_term_string"}}],"inLanguage":"es"},{"@type":"Organization","@id":"https:\/\/fuentesfidedignas.com.mx\/#organization","name":"Fuentes Fidedignas","url":"https:\/\/fuentesfidedignas.com.mx\/","logo":{"@type":"ImageObject","inLanguage":"es","@id":"https:\/\/fuentesfidedignas.com.mx\/#\/schema\/logo\/image\/","url":"https:\/\/fuentesfidedignas.com.mx\/wp-content\/uploads\/2021\/04\/logo-retina.png","contentUrl":"https:\/\/fuentesfidedignas.com.mx\/wp-content\/uploads\/2021\/04\/logo-retina.png","width":280,"height":51,"caption":"Fuentes Fidedignas"},"image":{"@id":"https:\/\/fuentesfidedignas.com.mx\/#\/schema\/logo\/image\/"},"sameAs":["https:\/\/www.facebook.com\/Fuentes-Fidedignas-368234489921644","https:\/\/x.com\/fidedignas"]},{"@type":"Person","@id":"https:\/\/fuentesfidedignas.com.mx\/#\/schema\/person\/67d852f0557c8509146a4b9ddebd543a","name":"L\u00f3pez D\u00f3riga","image":{"@type":"ImageObject","inLanguage":"es","@id":"https:\/\/secure.gravatar.com\/avatar\/e525b06574ca18b33cded59dfe5778d6c823b9513154eff47da551b0551bdd1e?s=96&d=mm&r=g","url":"https:\/\/secure.gravatar.com\/avatar\/e525b06574ca18b33cded59dfe5778d6c823b9513154eff47da551b0551bdd1e?s=96&d=mm&r=g","contentUrl":"https:\/\/secure.gravatar.com\/avatar\/e525b06574ca18b33cded59dfe5778d6c823b9513154eff47da551b0551bdd1e?s=96&d=mm&r=g","caption":"L\u00f3pez D\u00f3riga"},"url":"https:\/\/fuentesfidedignas.com.mx\/index.php\/author\/doriga\/"}]}},"_links":{"self":[{"href":"https:\/\/fuentesfidedignas.com.mx\/index.php\/wp-json\/wp\/v2\/posts\/108767","targetHints":{"allow":["GET"]}}],"collection":[{"href":"https:\/\/fuentesfidedignas.com.mx\/index.php\/wp-json\/wp\/v2\/posts"}],"about":[{"href":"https:\/\/fuentesfidedignas.com.mx\/index.php\/wp-json\/wp\/v2\/types\/post"}],"author":[{"embeddable":true,"href":"https:\/\/fuentesfidedignas.com.mx\/index.php\/wp-json\/wp\/v2\/users\/47"}],"replies":[{"embeddable":true,"href":"https:\/\/fuentesfidedignas.com.mx\/index.php\/wp-json\/wp\/v2\/comments?post=108767"}],"version-history":[{"count":2,"href":"https:\/\/fuentesfidedignas.com.mx\/index.php\/wp-json\/wp\/v2\/posts\/108767\/revisions"}],"predecessor-version":[{"id":108779,"href":"https:\/\/fuentesfidedignas.com.mx\/index.php\/wp-json\/wp\/v2\/posts\/108767\/revisions\/108779"}],"wp:featuredmedia":[{"embeddable":true,"href":"https:\/\/fuentesfidedignas.com.mx\/index.php\/wp-json\/wp\/v2\/media\/108766"}],"wp:attachment":[{"href":"https:\/\/fuentesfidedignas.com.mx\/index.php\/wp-json\/wp\/v2\/media?parent=108767"}],"wp:term":[{"taxonomy":"category","embeddable":true,"href":"https:\/\/fuentesfidedignas.com.mx\/index.php\/wp-json\/wp\/v2\/categories?post=108767"},{"taxonomy":"post_tag","embeddable":true,"href":"https:\/\/fuentesfidedignas.com.mx\/index.php\/wp-json\/wp\/v2\/tags?post=108767"}],"curies":[{"name":"wp","href":"https:\/\/api.w.org\/{rel}","templated":true}]}}