{"id":108759,"date":"2025-05-20T07:56:48","date_gmt":"2025-05-20T14:56:48","guid":{"rendered":"https:\/\/fuentesfidedignas.com.mx\/?p=108759"},"modified":"2025-05-20T08:11:31","modified_gmt":"2025-05-20T15:11:31","slug":"matan-a-secretaria-particular-y-un-asesor-de-clara-brugada","status":"publish","type":"post","link":"https:\/\/fuentesfidedignas.com.mx\/index.php\/2025\/05\/20\/matan-a-secretaria-particular-y-un-asesor-de-clara-brugada\/","title":{"rendered":"Matan a secretaria particular y un asesor de Clara Brugada"},"content":{"rendered":"\n<p><strong><em>La polic\u00eda capitalina acudi\u00f3 a acordonar la escena del crimen, ubicada en la colonia La Moderna<\/em><\/strong><\/p>\n\n\n\n<p>El gobierno de la Ciudad de M\u00e9xico confirm\u00f3 este martes el asesinato de dos funcionarios tras un ataque directo ocurrido en la alcald\u00eda Benito Ju\u00e1rez.<\/p>\n\n\n\n<p>Las v\u00edctimas fueron identificadas como Ximena Guzm\u00e1n, secretaria particular de la jefa de Gobierno, y Jos\u00e9 Mu\u00f1oz, asesor.<\/p>\n\n\n\n<p><strong>Funcionarios fueron atacados en la colonia Moderna<\/strong><br>La agresi\u00f3n se registr\u00f3 en la intersecci\u00f3n de calzada de Tlalpan y la calle Napole\u00f3n, en la colonia Moderna. Los funcionarios fueron agredidos mientras se desplazaban por la zona.<\/p>\n\n\n\n<p>Las autoridades capitalinas, a trav\u00e9s de la Secretar\u00eda de Seguridad Ciudadana y la Fiscal\u00eda de la Ciudad de M\u00e9xico, ya iniciaron las investigaciones correspondientes con apoyo del gobierno federal.<\/p>\n\n\n\n<p><strong>As\u00ed se report\u00f3 la agresi\u00f3n | VIDEO<\/strong><\/p>\n\n\n\n<figure class=\"wp-block-embed is-type-rich is-provider-twitter wp-block-embed-twitter\"><div class=\"wp-block-embed__wrapper\">\n<blockquote class=\"twitter-tweet\" data-width=\"550\" data-dnt=\"true\"><p lang=\"es\" dir=\"ltr\">\ud83d\udea8 <a href=\"https:\/\/twitter.com\/hashtag\/%C3%9ALTIMAHORA?src=hash&amp;ref_src=twsrc%5Etfw\">#\u00daLTIMAHORA<\/a> \ud83d\udea8   <br><br>Asesinan a secretaria particular de la jefa de Gobierno, Clara Brugada, tras ataque en Calzada de Tlalpan, <a href=\"https:\/\/twitter.com\/hashtag\/CdMx?src=hash&amp;ref_src=twsrc%5Etfw\">#CdMx<\/a> <a href=\"https:\/\/t.co\/vK0BGozaGR\">https:\/\/t.co\/vK0BGozaGR<\/a> <a href=\"https:\/\/t.co\/iMM2UYImtp\">pic.twitter.com\/iMM2UYImtp<\/a><\/p>&mdash; Milenio (@Milenio) <a href=\"https:\/\/twitter.com\/Milenio\/status\/1924838528136933703?ref_src=twsrc%5Etfw\">May 20, 2025<\/a><\/blockquote><script async src=\"https:\/\/platform.twitter.com\/widgets.js\" charset=\"utf-8\"><\/script>\n<\/div><\/figure>\n\n\n\n<p><strong>\u200bAnalizan c\u00e1maras de vigilancia<\/strong><br>\u200bSe est\u00e1n analizando las im\u00e1genes captadas por c\u00e1maras de videovigilancia para identificar a los agresores, quienes, seg\u00fan los primeros reportes, escaparon a bordo de una motocicleta.<\/p>\n\n\n\n<p>\u201cEl compromiso es claro: no habr\u00e1 impunidad. Los responsables ser\u00e1n detenidos y deber\u00e1n enfrentar a la justicia\u201d, se\u00f1al\u00f3 el gobierno de la Ciudad de M\u00e9xico mediante un comunicado oficial.<\/p>\n\n\n\n<p><blockquote class=\"twitter-tweet\"><p lang=\"es\" dir=\"ltr\">Con profunda tristeza me permito informar lo siguiente: <a href=\"https:\/\/t.co\/BGuk7nhlWs\">pic.twitter.com\/BGuk7nhlWs<\/a><\/p>\u2014 Clara Brugada Molina (@ClaraBrugadaM) <a href=\"https:\/\/twitter.com\/ClaraBrugadaM\/status\/1924835586352804179?ref_src=twsrc%5Etfw\">May 20, 2025<\/a><\/blockquote> <script async=\"\" src=\"https:\/\/platform.twitter.com\/widgets.js\" charset=\"utf-8\"><\/script><\/p>\n\n\n\n<p><strong>Gobierno de CdMx lamenta asesinato<\/strong><br>Asimismo, se enviaron condolencias a los familiares y seres queridos de las v\u00edctimas, y se asegur\u00f3 que se brindar\u00e1 todo el apoyo necesario durante este dif\u00edcil momento.<\/p>\n\n\n\n<p>El doble homicidio ha generado conmoci\u00f3n entre autoridades y ciudadan\u00eda, al tratarse de un ataque directo contra integrantes del equipo cercano a la jefa de Gobierno. Se espera que en las pr\u00f3ximas horas se den a conocer m\u00e1s avances sobre el caso.<\/p>\n\n\n\n<p><blockquote class=\"twitter-tweet\"><p lang=\"zxx\" dir=\"ltr\"><a href=\"https:\/\/t.co\/TJ4qmujyKe\">pic.twitter.com\/TJ4qmujyKe<\/a><\/p>\u2014 SSC CDMX (@SSC_CDMX) <a href=\"https:\/\/twitter.com\/SSC_CDMX\/status\/1924840614073426351?ref_src=twsrc%5Etfw\">May 20, 2025<\/a><\/blockquote> <script async=\"\" src=\"https:\/\/platform.twitter.com\/widgets.js\" charset=\"utf-8\"><\/script><\/p>\n","protected":false},"excerpt":{"rendered":"<p>La polic\u00eda capitalina acudi\u00f3 a acordonar la escena del crimen, ubicada en la colonia La Moderna El gobierno de la Ciudad de M\u00e9xico confirm\u00f3 este martes el asesinato de dos funcionarios tras un ataque directo ocurrido en la alcald\u00eda Benito Ju\u00e1rez. Las v\u00edctimas fueron identificadas como Ximena Guzm\u00e1n, secretaria particular de la jefa de Gobierno, [&hellip;]<\/p>\n","protected":false},"author":9,"featured_media":108760,"comment_status":"open","ping_status":"open","sticky":false,"template":"","format":"standard","meta":{"tdm_status":"","tdm_grid_status":"","footnotes":""},"categories":[39],"tags":[],"class_list":{"0":"post-108759","1":"post","2":"type-post","3":"status-publish","4":"format-standard","5":"has-post-thumbnail","7":"category-noticias-nacionales"},"yoast_head":"<!-- This site is optimized with the Yoast SEO plugin v27.4 - https:\/\/yoast.com\/product\/yoast-seo-wordpress\/ -->\n<title>Matan a secretaria particular y un asesor de Clara Brugada - Fuentes Fidedignas<\/title>\n<meta name=\"robots\" content=\"index, follow, max-snippet:-1, max-image-preview:large, max-video-preview:-1\" \/>\n<link rel=\"canonical\" href=\"https:\/\/fuentesfidedignas.com.mx\/index.php\/2025\/05\/20\/matan-a-secretaria-particular-y-un-asesor-de-clara-brugada\/\" \/>\n<meta property=\"og:locale\" content=\"es_MX\" \/>\n<meta property=\"og:type\" content=\"article\" \/>\n<meta property=\"og:title\" content=\"Matan a secretaria particular y un asesor de Clara Brugada - Fuentes Fidedignas\" \/>\n<meta property=\"og:description\" content=\"La polic\u00eda capitalina acudi\u00f3 a acordonar la escena del crimen, ubicada en la colonia La Moderna El gobierno de la Ciudad de M\u00e9xico confirm\u00f3 este martes el asesinato de dos funcionarios tras un ataque directo ocurrido en la alcald\u00eda Benito Ju\u00e1rez. Las v\u00edctimas fueron identificadas como Ximena Guzm\u00e1n, secretaria particular de la jefa de Gobierno, [&hellip;]\" \/>\n<meta property=\"og:url\" content=\"https:\/\/fuentesfidedignas.com.mx\/index.php\/2025\/05\/20\/matan-a-secretaria-particular-y-un-asesor-de-clara-brugada\/\" \/>\n<meta property=\"og:site_name\" content=\"Fuentes Fidedignas\" \/>\n<meta property=\"article:publisher\" content=\"https:\/\/www.facebook.com\/Fuentes-Fidedignas-368234489921644\" \/>\n<meta property=\"article:published_time\" content=\"2025-05-20T14:56:48+00:00\" \/>\n<meta property=\"article:modified_time\" content=\"2025-05-20T15:11:31+00:00\" \/>\n<meta property=\"og:image\" content=\"https:\/\/fuentesfidedignas.com.mx\/wp-content\/uploads\/2025\/05\/unidades-de-emergencia-tras-balacera.jpg\" \/>\n\t<meta property=\"og:image:width\" content=\"600\" \/>\n\t<meta property=\"og:image:height\" content=\"338\" \/>\n\t<meta property=\"og:image:type\" content=\"image\/jpeg\" \/>\n<meta name=\"author\" content=\"Milenio\" \/>\n<meta name=\"twitter:card\" content=\"summary_large_image\" \/>\n<meta name=\"twitter:creator\" content=\"@fidedignas\" \/>\n<meta name=\"twitter:site\" content=\"@fidedignas\" \/>\n<meta name=\"twitter:label1\" content=\"Escrito por\" \/>\n\t<meta name=\"twitter:data1\" content=\"Milenio\" \/>\n\t<meta name=\"twitter:label2\" content=\"Tiempo de lectura\" \/>\n\t<meta name=\"twitter:data2\" content=\"2 minutos\" \/>\n<script type=\"application\/ld+json\" class=\"yoast-schema-graph\">{\"@context\":\"https:\\\/\\\/schema.org\",\"@graph\":[{\"@type\":\"Article\",\"@id\":\"https:\\\/\\\/fuentesfidedignas.com.mx\\\/index.php\\\/2025\\\/05\\\/20\\\/matan-a-secretaria-particular-y-un-asesor-de-clara-brugada\\\/#article\",\"isPartOf\":{\"@id\":\"https:\\\/\\\/fuentesfidedignas.com.mx\\\/index.php\\\/2025\\\/05\\\/20\\\/matan-a-secretaria-particular-y-un-asesor-de-clara-brugada\\\/\"},\"author\":{\"name\":\"Milenio\",\"@id\":\"https:\\\/\\\/fuentesfidedignas.com.mx\\\/#\\\/schema\\\/person\\\/47ec0135738f4b0c7495f06a77a2c976\"},\"headline\":\"Matan a secretaria particular y un asesor de Clara Brugada\",\"datePublished\":\"2025-05-20T14:56:48+00:00\",\"dateModified\":\"2025-05-20T15:11:31+00:00\",\"mainEntityOfPage\":{\"@id\":\"https:\\\/\\\/fuentesfidedignas.com.mx\\\/index.php\\\/2025\\\/05\\\/20\\\/matan-a-secretaria-particular-y-un-asesor-de-clara-brugada\\\/\"},\"wordCount\":336,\"commentCount\":0,\"publisher\":{\"@id\":\"https:\\\/\\\/fuentesfidedignas.com.mx\\\/#organization\"},\"image\":{\"@id\":\"https:\\\/\\\/fuentesfidedignas.com.mx\\\/index.php\\\/2025\\\/05\\\/20\\\/matan-a-secretaria-particular-y-un-asesor-de-clara-brugada\\\/#primaryimage\"},\"thumbnailUrl\":\"https:\\\/\\\/fuentesfidedignas.com.mx\\\/wp-content\\\/uploads\\\/2025\\\/05\\\/unidades-de-emergencia-tras-balacera.jpg\",\"articleSection\":[\"NOTICIAS NACIONALES\"],\"inLanguage\":\"es\",\"potentialAction\":[{\"@type\":\"CommentAction\",\"name\":\"Comment\",\"target\":[\"https:\\\/\\\/fuentesfidedignas.com.mx\\\/index.php\\\/2025\\\/05\\\/20\\\/matan-a-secretaria-particular-y-un-asesor-de-clara-brugada\\\/#respond\"]}]},{\"@type\":\"WebPage\",\"@id\":\"https:\\\/\\\/fuentesfidedignas.com.mx\\\/index.php\\\/2025\\\/05\\\/20\\\/matan-a-secretaria-particular-y-un-asesor-de-clara-brugada\\\/\",\"url\":\"https:\\\/\\\/fuentesfidedignas.com.mx\\\/index.php\\\/2025\\\/05\\\/20\\\/matan-a-secretaria-particular-y-un-asesor-de-clara-brugada\\\/\",\"name\":\"Matan a secretaria particular y un asesor de Clara Brugada - Fuentes Fidedignas\",\"isPartOf\":{\"@id\":\"https:\\\/\\\/fuentesfidedignas.com.mx\\\/#website\"},\"primaryImageOfPage\":{\"@id\":\"https:\\\/\\\/fuentesfidedignas.com.mx\\\/index.php\\\/2025\\\/05\\\/20\\\/matan-a-secretaria-particular-y-un-asesor-de-clara-brugada\\\/#primaryimage\"},\"image\":{\"@id\":\"https:\\\/\\\/fuentesfidedignas.com.mx\\\/index.php\\\/2025\\\/05\\\/20\\\/matan-a-secretaria-particular-y-un-asesor-de-clara-brugada\\\/#primaryimage\"},\"thumbnailUrl\":\"https:\\\/\\\/fuentesfidedignas.com.mx\\\/wp-content\\\/uploads\\\/2025\\\/05\\\/unidades-de-emergencia-tras-balacera.jpg\",\"datePublished\":\"2025-05-20T14:56:48+00:00\",\"dateModified\":\"2025-05-20T15:11:31+00:00\",\"breadcrumb\":{\"@id\":\"https:\\\/\\\/fuentesfidedignas.com.mx\\\/index.php\\\/2025\\\/05\\\/20\\\/matan-a-secretaria-particular-y-un-asesor-de-clara-brugada\\\/#breadcrumb\"},\"inLanguage\":\"es\",\"potentialAction\":[{\"@type\":\"ReadAction\",\"target\":[\"https:\\\/\\\/fuentesfidedignas.com.mx\\\/index.php\\\/2025\\\/05\\\/20\\\/matan-a-secretaria-particular-y-un-asesor-de-clara-brugada\\\/\"]}]},{\"@type\":\"ImageObject\",\"inLanguage\":\"es\",\"@id\":\"https:\\\/\\\/fuentesfidedignas.com.mx\\\/index.php\\\/2025\\\/05\\\/20\\\/matan-a-secretaria-particular-y-un-asesor-de-clara-brugada\\\/#primaryimage\",\"url\":\"https:\\\/\\\/fuentesfidedignas.com.mx\\\/wp-content\\\/uploads\\\/2025\\\/05\\\/unidades-de-emergencia-tras-balacera.jpg\",\"contentUrl\":\"https:\\\/\\\/fuentesfidedignas.com.mx\\\/wp-content\\\/uploads\\\/2025\\\/05\\\/unidades-de-emergencia-tras-balacera.jpg\",\"width\":600,\"height\":338},{\"@type\":\"BreadcrumbList\",\"@id\":\"https:\\\/\\\/fuentesfidedignas.com.mx\\\/index.php\\\/2025\\\/05\\\/20\\\/matan-a-secretaria-particular-y-un-asesor-de-clara-brugada\\\/#breadcrumb\",\"itemListElement\":[{\"@type\":\"ListItem\",\"position\":1,\"name\":\"Inicio\",\"item\":\"https:\\\/\\\/fuentesfidedignas.com.mx\\\/\"},{\"@type\":\"ListItem\",\"position\":2,\"name\":\"Matan a secretaria particular y un asesor de Clara Brugada\"}]},{\"@type\":\"WebSite\",\"@id\":\"https:\\\/\\\/fuentesfidedignas.com.mx\\\/#website\",\"url\":\"https:\\\/\\\/fuentesfidedignas.com.mx\\\/\",\"name\":\"Fuentes Fidedignas\",\"description\":\"Otro sitio realizado con WordPress\",\"publisher\":{\"@id\":\"https:\\\/\\\/fuentesfidedignas.com.mx\\\/#organization\"},\"potentialAction\":[{\"@type\":\"SearchAction\",\"target\":{\"@type\":\"EntryPoint\",\"urlTemplate\":\"https:\\\/\\\/fuentesfidedignas.com.mx\\\/?s={search_term_string}\"},\"query-input\":{\"@type\":\"PropertyValueSpecification\",\"valueRequired\":true,\"valueName\":\"search_term_string\"}}],\"inLanguage\":\"es\"},{\"@type\":\"Organization\",\"@id\":\"https:\\\/\\\/fuentesfidedignas.com.mx\\\/#organization\",\"name\":\"Fuentes Fidedignas\",\"url\":\"https:\\\/\\\/fuentesfidedignas.com.mx\\\/\",\"logo\":{\"@type\":\"ImageObject\",\"inLanguage\":\"es\",\"@id\":\"https:\\\/\\\/fuentesfidedignas.com.mx\\\/#\\\/schema\\\/logo\\\/image\\\/\",\"url\":\"https:\\\/\\\/fuentesfidedignas.com.mx\\\/wp-content\\\/uploads\\\/2021\\\/04\\\/logo-retina.png\",\"contentUrl\":\"https:\\\/\\\/fuentesfidedignas.com.mx\\\/wp-content\\\/uploads\\\/2021\\\/04\\\/logo-retina.png\",\"width\":280,\"height\":51,\"caption\":\"Fuentes Fidedignas\"},\"image\":{\"@id\":\"https:\\\/\\\/fuentesfidedignas.com.mx\\\/#\\\/schema\\\/logo\\\/image\\\/\"},\"sameAs\":[\"https:\\\/\\\/www.facebook.com\\\/Fuentes-Fidedignas-368234489921644\",\"https:\\\/\\\/x.com\\\/fidedignas\"]},{\"@type\":\"Person\",\"@id\":\"https:\\\/\\\/fuentesfidedignas.com.mx\\\/#\\\/schema\\\/person\\\/47ec0135738f4b0c7495f06a77a2c976\",\"name\":\"Milenio\",\"image\":{\"@type\":\"ImageObject\",\"inLanguage\":\"es\",\"@id\":\"https:\\\/\\\/secure.gravatar.com\\\/avatar\\\/acabf7b54753e51c2c76457954577c236b3b764789b19879565769739d1e4a75?s=96&d=mm&r=g\",\"url\":\"https:\\\/\\\/secure.gravatar.com\\\/avatar\\\/acabf7b54753e51c2c76457954577c236b3b764789b19879565769739d1e4a75?s=96&d=mm&r=g\",\"contentUrl\":\"https:\\\/\\\/secure.gravatar.com\\\/avatar\\\/acabf7b54753e51c2c76457954577c236b3b764789b19879565769739d1e4a75?s=96&d=mm&r=g\",\"caption\":\"Milenio\"},\"url\":\"https:\\\/\\\/fuentesfidedignas.com.mx\\\/index.php\\\/author\\\/milenio\\\/\"}]}<\/script>\n<!-- \/ Yoast SEO plugin. -->","yoast_head_json":{"title":"Matan a secretaria particular y un asesor de Clara Brugada - Fuentes Fidedignas","robots":{"index":"index","follow":"follow","max-snippet":"max-snippet:-1","max-image-preview":"max-image-preview:large","max-video-preview":"max-video-preview:-1"},"canonical":"https:\/\/fuentesfidedignas.com.mx\/index.php\/2025\/05\/20\/matan-a-secretaria-particular-y-un-asesor-de-clara-brugada\/","og_locale":"es_MX","og_type":"article","og_title":"Matan a secretaria particular y un asesor de Clara Brugada - Fuentes Fidedignas","og_description":"La polic\u00eda capitalina acudi\u00f3 a acordonar la escena del crimen, ubicada en la colonia La Moderna El gobierno de la Ciudad de M\u00e9xico confirm\u00f3 este martes el asesinato de dos funcionarios tras un ataque directo ocurrido en la alcald\u00eda Benito Ju\u00e1rez. Las v\u00edctimas fueron identificadas como Ximena Guzm\u00e1n, secretaria particular de la jefa de Gobierno, [&hellip;]","og_url":"https:\/\/fuentesfidedignas.com.mx\/index.php\/2025\/05\/20\/matan-a-secretaria-particular-y-un-asesor-de-clara-brugada\/","og_site_name":"Fuentes Fidedignas","article_publisher":"https:\/\/www.facebook.com\/Fuentes-Fidedignas-368234489921644","article_published_time":"2025-05-20T14:56:48+00:00","article_modified_time":"2025-05-20T15:11:31+00:00","og_image":[{"width":600,"height":338,"url":"https:\/\/fuentesfidedignas.com.mx\/wp-content\/uploads\/2025\/05\/unidades-de-emergencia-tras-balacera.jpg","type":"image\/jpeg"}],"author":"Milenio","twitter_card":"summary_large_image","twitter_creator":"@fidedignas","twitter_site":"@fidedignas","twitter_misc":{"Escrito por":"Milenio","Tiempo de lectura":"2 minutos"},"schema":{"@context":"https:\/\/schema.org","@graph":[{"@type":"Article","@id":"https:\/\/fuentesfidedignas.com.mx\/index.php\/2025\/05\/20\/matan-a-secretaria-particular-y-un-asesor-de-clara-brugada\/#article","isPartOf":{"@id":"https:\/\/fuentesfidedignas.com.mx\/index.php\/2025\/05\/20\/matan-a-secretaria-particular-y-un-asesor-de-clara-brugada\/"},"author":{"name":"Milenio","@id":"https:\/\/fuentesfidedignas.com.mx\/#\/schema\/person\/47ec0135738f4b0c7495f06a77a2c976"},"headline":"Matan a secretaria particular y un asesor de Clara Brugada","datePublished":"2025-05-20T14:56:48+00:00","dateModified":"2025-05-20T15:11:31+00:00","mainEntityOfPage":{"@id":"https:\/\/fuentesfidedignas.com.mx\/index.php\/2025\/05\/20\/matan-a-secretaria-particular-y-un-asesor-de-clara-brugada\/"},"wordCount":336,"commentCount":0,"publisher":{"@id":"https:\/\/fuentesfidedignas.com.mx\/#organization"},"image":{"@id":"https:\/\/fuentesfidedignas.com.mx\/index.php\/2025\/05\/20\/matan-a-secretaria-particular-y-un-asesor-de-clara-brugada\/#primaryimage"},"thumbnailUrl":"https:\/\/fuentesfidedignas.com.mx\/wp-content\/uploads\/2025\/05\/unidades-de-emergencia-tras-balacera.jpg","articleSection":["NOTICIAS NACIONALES"],"inLanguage":"es","potentialAction":[{"@type":"CommentAction","name":"Comment","target":["https:\/\/fuentesfidedignas.com.mx\/index.php\/2025\/05\/20\/matan-a-secretaria-particular-y-un-asesor-de-clara-brugada\/#respond"]}]},{"@type":"WebPage","@id":"https:\/\/fuentesfidedignas.com.mx\/index.php\/2025\/05\/20\/matan-a-secretaria-particular-y-un-asesor-de-clara-brugada\/","url":"https:\/\/fuentesfidedignas.com.mx\/index.php\/2025\/05\/20\/matan-a-secretaria-particular-y-un-asesor-de-clara-brugada\/","name":"Matan a secretaria particular y un asesor de Clara Brugada - Fuentes Fidedignas","isPartOf":{"@id":"https:\/\/fuentesfidedignas.com.mx\/#website"},"primaryImageOfPage":{"@id":"https:\/\/fuentesfidedignas.com.mx\/index.php\/2025\/05\/20\/matan-a-secretaria-particular-y-un-asesor-de-clara-brugada\/#primaryimage"},"image":{"@id":"https:\/\/fuentesfidedignas.com.mx\/index.php\/2025\/05\/20\/matan-a-secretaria-particular-y-un-asesor-de-clara-brugada\/#primaryimage"},"thumbnailUrl":"https:\/\/fuentesfidedignas.com.mx\/wp-content\/uploads\/2025\/05\/unidades-de-emergencia-tras-balacera.jpg","datePublished":"2025-05-20T14:56:48+00:00","dateModified":"2025-05-20T15:11:31+00:00","breadcrumb":{"@id":"https:\/\/fuentesfidedignas.com.mx\/index.php\/2025\/05\/20\/matan-a-secretaria-particular-y-un-asesor-de-clara-brugada\/#breadcrumb"},"inLanguage":"es","potentialAction":[{"@type":"ReadAction","target":["https:\/\/fuentesfidedignas.com.mx\/index.php\/2025\/05\/20\/matan-a-secretaria-particular-y-un-asesor-de-clara-brugada\/"]}]},{"@type":"ImageObject","inLanguage":"es","@id":"https:\/\/fuentesfidedignas.com.mx\/index.php\/2025\/05\/20\/matan-a-secretaria-particular-y-un-asesor-de-clara-brugada\/#primaryimage","url":"https:\/\/fuentesfidedignas.com.mx\/wp-content\/uploads\/2025\/05\/unidades-de-emergencia-tras-balacera.jpg","contentUrl":"https:\/\/fuentesfidedignas.com.mx\/wp-content\/uploads\/2025\/05\/unidades-de-emergencia-tras-balacera.jpg","width":600,"height":338},{"@type":"BreadcrumbList","@id":"https:\/\/fuentesfidedignas.com.mx\/index.php\/2025\/05\/20\/matan-a-secretaria-particular-y-un-asesor-de-clara-brugada\/#breadcrumb","itemListElement":[{"@type":"ListItem","position":1,"name":"Inicio","item":"https:\/\/fuentesfidedignas.com.mx\/"},{"@type":"ListItem","position":2,"name":"Matan a secretaria particular y un asesor de Clara Brugada"}]},{"@type":"WebSite","@id":"https:\/\/fuentesfidedignas.com.mx\/#website","url":"https:\/\/fuentesfidedignas.com.mx\/","name":"Fuentes Fidedignas","description":"Otro sitio realizado con WordPress","publisher":{"@id":"https:\/\/fuentesfidedignas.com.mx\/#organization"},"potentialAction":[{"@type":"SearchAction","target":{"@type":"EntryPoint","urlTemplate":"https:\/\/fuentesfidedignas.com.mx\/?s={search_term_string}"},"query-input":{"@type":"PropertyValueSpecification","valueRequired":true,"valueName":"search_term_string"}}],"inLanguage":"es"},{"@type":"Organization","@id":"https:\/\/fuentesfidedignas.com.mx\/#organization","name":"Fuentes Fidedignas","url":"https:\/\/fuentesfidedignas.com.mx\/","logo":{"@type":"ImageObject","inLanguage":"es","@id":"https:\/\/fuentesfidedignas.com.mx\/#\/schema\/logo\/image\/","url":"https:\/\/fuentesfidedignas.com.mx\/wp-content\/uploads\/2021\/04\/logo-retina.png","contentUrl":"https:\/\/fuentesfidedignas.com.mx\/wp-content\/uploads\/2021\/04\/logo-retina.png","width":280,"height":51,"caption":"Fuentes Fidedignas"},"image":{"@id":"https:\/\/fuentesfidedignas.com.mx\/#\/schema\/logo\/image\/"},"sameAs":["https:\/\/www.facebook.com\/Fuentes-Fidedignas-368234489921644","https:\/\/x.com\/fidedignas"]},{"@type":"Person","@id":"https:\/\/fuentesfidedignas.com.mx\/#\/schema\/person\/47ec0135738f4b0c7495f06a77a2c976","name":"Milenio","image":{"@type":"ImageObject","inLanguage":"es","@id":"https:\/\/secure.gravatar.com\/avatar\/acabf7b54753e51c2c76457954577c236b3b764789b19879565769739d1e4a75?s=96&d=mm&r=g","url":"https:\/\/secure.gravatar.com\/avatar\/acabf7b54753e51c2c76457954577c236b3b764789b19879565769739d1e4a75?s=96&d=mm&r=g","contentUrl":"https:\/\/secure.gravatar.com\/avatar\/acabf7b54753e51c2c76457954577c236b3b764789b19879565769739d1e4a75?s=96&d=mm&r=g","caption":"Milenio"},"url":"https:\/\/fuentesfidedignas.com.mx\/index.php\/author\/milenio\/"}]}},"_links":{"self":[{"href":"https:\/\/fuentesfidedignas.com.mx\/index.php\/wp-json\/wp\/v2\/posts\/108759","targetHints":{"allow":["GET"]}}],"collection":[{"href":"https:\/\/fuentesfidedignas.com.mx\/index.php\/wp-json\/wp\/v2\/posts"}],"about":[{"href":"https:\/\/fuentesfidedignas.com.mx\/index.php\/wp-json\/wp\/v2\/types\/post"}],"author":[{"embeddable":true,"href":"https:\/\/fuentesfidedignas.com.mx\/index.php\/wp-json\/wp\/v2\/users\/9"}],"replies":[{"embeddable":true,"href":"https:\/\/fuentesfidedignas.com.mx\/index.php\/wp-json\/wp\/v2\/comments?post=108759"}],"version-history":[{"count":4,"href":"https:\/\/fuentesfidedignas.com.mx\/index.php\/wp-json\/wp\/v2\/posts\/108759\/revisions"}],"predecessor-version":[{"id":108765,"href":"https:\/\/fuentesfidedignas.com.mx\/index.php\/wp-json\/wp\/v2\/posts\/108759\/revisions\/108765"}],"wp:featuredmedia":[{"embeddable":true,"href":"https:\/\/fuentesfidedignas.com.mx\/index.php\/wp-json\/wp\/v2\/media\/108760"}],"wp:attachment":[{"href":"https:\/\/fuentesfidedignas.com.mx\/index.php\/wp-json\/wp\/v2\/media?parent=108759"}],"wp:term":[{"taxonomy":"category","embeddable":true,"href":"https:\/\/fuentesfidedignas.com.mx\/index.php\/wp-json\/wp\/v2\/categories?post=108759"},{"taxonomy":"post_tag","embeddable":true,"href":"https:\/\/fuentesfidedignas.com.mx\/index.php\/wp-json\/wp\/v2\/tags?post=108759"}],"curies":[{"name":"wp","href":"https:\/\/api.w.org\/{rel}","templated":true}]}}