{"id":108734,"date":"2025-05-19T20:47:24","date_gmt":"2025-05-20T03:47:24","guid":{"rendered":"https:\/\/fuentesfidedignas.com.mx\/?p=108734"},"modified":"2025-05-19T20:54:12","modified_gmt":"2025-05-20T03:54:12","slug":"caso-valeria-marquez-dejan-flores-con-la-frase-perdon-afuera-de-su-estetica-fiscalia-investiga","status":"publish","type":"post","link":"https:\/\/fuentesfidedignas.com.mx\/index.php\/2025\/05\/19\/caso-valeria-marquez-dejan-flores-con-la-frase-perdon-afuera-de-su-estetica-fiscalia-investiga\/","title":{"rendered":"Caso Valeria M\u00e1rquez: Dejan flores con la frase \u201cPerd\u00f3n\u201d afuera de su est\u00e9tica; Fiscal\u00eda investiga"},"content":{"rendered":"\n<p><strong><em>La Fiscal\u00eda investiga el caso como feminicidio, con varias l\u00edneas de investigaci\u00f3n abiertas.<\/em><\/strong><\/p>\n\n\n\n<p>Un arreglo floral con 24 rosas rojas y un list\u00f3n blanco con la palabra \u201cPerd\u00f3n\u201d escrita en letras doradas fue dejado afuera del sal\u00f3n de belleza Blossom Beauty Lounge, donde ocurri\u00f3 el asesinato de la influencer Valeria M\u00e1rquez. Testigos afirman que un repartidor dej\u00f3 el ramo aproximadamente a las 2:35 de la tarde y se retir\u00f3 sin m\u00e1s.<\/p>\n\n\n\n<p>El ramo fue colocado junto a dos peque\u00f1os ramos de flores blancas y al menos 26 veladoras, que fueron dejadas por seguidores de Valeria como homenaje.<\/p>\n\n\n\n<p>Las autoridades han recogido el arreglo floral para su an\u00e1lisis, pues no descartan que se trate de un mensaje directo del responsable o de alguien relacionado con el crimen.<\/p>\n\n\n\n<blockquote class=\"twitter-tweet\"><p lang=\"es\" dir=\"ltr\">Dejan un ramo de rosas con la leyenda \u201cPerd\u00f3n\u201d frente al sal\u00f3n de belleza donde asesinaron a la influencer Valeria M\u00e1rquez en Jalisco. <a href=\"https:\/\/t.co\/9x3UoFnJdN\">pic.twitter.com\/9x3UoFnJdN<\/a><\/p>&mdash; Manuel Lopez San Martin (@MLopezSanMartin) <a href=\"https:\/\/twitter.com\/MLopezSanMartin\/status\/1924629364714483926?ref_src=twsrc%5Etfw\">May 20, 2025<\/a><\/blockquote> <script async src=\"https:\/\/platform.twitter.com\/widgets.js\" charset=\"utf-8\"><\/script>\n\n\n\n<p>La joven de 23 a\u00f1os fue asesinada mientras realizaba una transmisi\u00f3n en vivo desde su sal\u00f3n de belleza en Zapopan, Jalisco.<\/p>\n\n\n\n<p>El asesinato ocurri\u00f3 el 13 de mayo de 2025, cuando un hombre que se hizo pasar por repartidor ingres\u00f3 al establecimiento y dispar\u00f3 contra Valeria en al menos tres ocasiones, provocando su muerte inmediata.<\/p>\n\n\n\n<p>Minutos antes del ataque, la influencer hab\u00eda manifestado sospechas sobre un paquete costoso que alguien le hab\u00eda dejado en el negocio, lo que qued\u00f3 registrado en la transmisi\u00f3n y fue comentado por sus seguidores.<\/p>\n\n\n\n<p><strong>Investigaci\u00f3n en curso<\/strong><\/p>\n\n\n\n<p>La Fiscal\u00eda de Jalisco est\u00e1 investigando el caso bajo el protocolo de feminicidio, y ha entrevistado a al menos 20 personas cercanas a Valeria. Adem\u00e1s, se han identificado tres l\u00edneas de investigaci\u00f3n activas para esclarecer el crimen.<\/p>\n\n\n\n<p>En redes sociales, han surgido diversas teor\u00edas sobre el asesinato. Algunos internautas han se\u00f1alado a Erika, una trabajadora del sal\u00f3n, como posible sospechosa debido a su reacci\u00f3n tras el crimen. Tambi\u00e9n se ha mencionado a Vivian de la Torre, amiga de Valeria, quien supuestamente tuvo contacto con ella minutos antes del ataque.<\/p>\n\n\n\n<p>El asesinato de Valeria M\u00e1rquez ha resonado no solo en M\u00e9xico, sino tambi\u00e9n en otros pa\u00edses de Latinoam\u00e9rica. La violencia de g\u00e9nero sigue siendo un problema grave en el pa\u00eds, donde un promedio de 10 mujeres son asesinadas cada d\u00eda.<\/p>\n","protected":false},"excerpt":{"rendered":"<p>La Fiscal\u00eda investiga el caso como feminicidio, con varias l\u00edneas de investigaci\u00f3n abiertas. Un arreglo floral con 24 rosas rojas y un list\u00f3n blanco con la palabra \u201cPerd\u00f3n\u201d escrita en letras doradas fue dejado afuera del sal\u00f3n de belleza Blossom Beauty Lounge, donde ocurri\u00f3 el asesinato de la influencer Valeria M\u00e1rquez. Testigos afirman que un [&hellip;]<\/p>\n","protected":false},"author":40,"featured_media":108735,"comment_status":"open","ping_status":"open","sticky":false,"template":"","format":"standard","meta":{"tdm_status":"","tdm_grid_status":"","footnotes":""},"categories":[39],"tags":[],"class_list":{"0":"post-108734","1":"post","2":"type-post","3":"status-publish","4":"format-standard","5":"has-post-thumbnail","7":"category-noticias-nacionales"},"yoast_head":"<!-- This site is optimized with the Yoast SEO plugin v27.5 - https:\/\/yoast.com\/product\/yoast-seo-wordpress\/ -->\n<title>Caso Valeria M\u00e1rquez: Dejan flores con la frase \u201cPerd\u00f3n\u201d afuera de su est\u00e9tica; Fiscal\u00eda investiga - Fuentes Fidedignas<\/title>\n<meta name=\"robots\" content=\"index, follow, max-snippet:-1, max-image-preview:large, max-video-preview:-1\" \/>\n<link rel=\"canonical\" href=\"https:\/\/fuentesfidedignas.com.mx\/index.php\/2025\/05\/19\/caso-valeria-marquez-dejan-flores-con-la-frase-perdon-afuera-de-su-estetica-fiscalia-investiga\/\" \/>\n<meta property=\"og:locale\" content=\"es_MX\" \/>\n<meta property=\"og:type\" content=\"article\" \/>\n<meta property=\"og:title\" content=\"Caso Valeria M\u00e1rquez: Dejan flores con la frase \u201cPerd\u00f3n\u201d afuera de su est\u00e9tica; Fiscal\u00eda investiga - Fuentes Fidedignas\" \/>\n<meta property=\"og:description\" content=\"La Fiscal\u00eda investiga el caso como feminicidio, con varias l\u00edneas de investigaci\u00f3n abiertas. Un arreglo floral con 24 rosas rojas y un list\u00f3n blanco con la palabra \u201cPerd\u00f3n\u201d escrita en letras doradas fue dejado afuera del sal\u00f3n de belleza Blossom Beauty Lounge, donde ocurri\u00f3 el asesinato de la influencer Valeria M\u00e1rquez. Testigos afirman que un [&hellip;]\" \/>\n<meta property=\"og:url\" content=\"https:\/\/fuentesfidedignas.com.mx\/index.php\/2025\/05\/19\/caso-valeria-marquez-dejan-flores-con-la-frase-perdon-afuera-de-su-estetica-fiscalia-investiga\/\" \/>\n<meta property=\"og:site_name\" content=\"Fuentes Fidedignas\" \/>\n<meta property=\"article:publisher\" content=\"https:\/\/www.facebook.com\/Fuentes-Fidedignas-368234489921644\" \/>\n<meta property=\"article:published_time\" content=\"2025-05-20T03:47:24+00:00\" \/>\n<meta property=\"article:modified_time\" content=\"2025-05-20T03:54:12+00:00\" \/>\n<meta property=\"og:image\" content=\"https:\/\/fuentesfidedignas.com.mx\/wp-content\/uploads\/2025\/05\/ramo-de-flores.jpg\" \/>\n\t<meta property=\"og:image:width\" content=\"600\" \/>\n\t<meta property=\"og:image:height\" content=\"400\" \/>\n\t<meta property=\"og:image:type\" content=\"image\/jpeg\" \/>\n<meta name=\"author\" content=\"El Imparcial\" \/>\n<meta name=\"twitter:card\" content=\"summary_large_image\" \/>\n<meta name=\"twitter:creator\" content=\"@fidedignas\" \/>\n<meta name=\"twitter:site\" content=\"@fidedignas\" \/>\n<meta name=\"twitter:label1\" content=\"Escrito por\" \/>\n\t<meta name=\"twitter:data1\" content=\"El Imparcial\" \/>\n\t<meta name=\"twitter:label2\" content=\"Tiempo de lectura\" \/>\n\t<meta name=\"twitter:data2\" content=\"2 minutos\" \/>\n<script type=\"application\/ld+json\" class=\"yoast-schema-graph\">{\"@context\":\"https:\\\/\\\/schema.org\",\"@graph\":[{\"@type\":\"Article\",\"@id\":\"https:\\\/\\\/fuentesfidedignas.com.mx\\\/index.php\\\/2025\\\/05\\\/19\\\/caso-valeria-marquez-dejan-flores-con-la-frase-perdon-afuera-de-su-estetica-fiscalia-investiga\\\/#article\",\"isPartOf\":{\"@id\":\"https:\\\/\\\/fuentesfidedignas.com.mx\\\/index.php\\\/2025\\\/05\\\/19\\\/caso-valeria-marquez-dejan-flores-con-la-frase-perdon-afuera-de-su-estetica-fiscalia-investiga\\\/\"},\"author\":{\"name\":\"El Imparcial\",\"@id\":\"https:\\\/\\\/fuentesfidedignas.com.mx\\\/#\\\/schema\\\/person\\\/ff4db17f8fd9c584e0cfc2a0c436b8a1\"},\"headline\":\"Caso Valeria M\u00e1rquez: Dejan flores con la frase \u201cPerd\u00f3n\u201d afuera de su est\u00e9tica; Fiscal\u00eda investiga\",\"datePublished\":\"2025-05-20T03:47:24+00:00\",\"dateModified\":\"2025-05-20T03:54:12+00:00\",\"mainEntityOfPage\":{\"@id\":\"https:\\\/\\\/fuentesfidedignas.com.mx\\\/index.php\\\/2025\\\/05\\\/19\\\/caso-valeria-marquez-dejan-flores-con-la-frase-perdon-afuera-de-su-estetica-fiscalia-investiga\\\/\"},\"wordCount\":430,\"commentCount\":0,\"publisher\":{\"@id\":\"https:\\\/\\\/fuentesfidedignas.com.mx\\\/#organization\"},\"image\":{\"@id\":\"https:\\\/\\\/fuentesfidedignas.com.mx\\\/index.php\\\/2025\\\/05\\\/19\\\/caso-valeria-marquez-dejan-flores-con-la-frase-perdon-afuera-de-su-estetica-fiscalia-investiga\\\/#primaryimage\"},\"thumbnailUrl\":\"https:\\\/\\\/fuentesfidedignas.com.mx\\\/wp-content\\\/uploads\\\/2025\\\/05\\\/ramo-de-flores.jpg\",\"articleSection\":[\"NOTICIAS NACIONALES\"],\"inLanguage\":\"es\",\"potentialAction\":[{\"@type\":\"CommentAction\",\"name\":\"Comment\",\"target\":[\"https:\\\/\\\/fuentesfidedignas.com.mx\\\/index.php\\\/2025\\\/05\\\/19\\\/caso-valeria-marquez-dejan-flores-con-la-frase-perdon-afuera-de-su-estetica-fiscalia-investiga\\\/#respond\"]}]},{\"@type\":\"WebPage\",\"@id\":\"https:\\\/\\\/fuentesfidedignas.com.mx\\\/index.php\\\/2025\\\/05\\\/19\\\/caso-valeria-marquez-dejan-flores-con-la-frase-perdon-afuera-de-su-estetica-fiscalia-investiga\\\/\",\"url\":\"https:\\\/\\\/fuentesfidedignas.com.mx\\\/index.php\\\/2025\\\/05\\\/19\\\/caso-valeria-marquez-dejan-flores-con-la-frase-perdon-afuera-de-su-estetica-fiscalia-investiga\\\/\",\"name\":\"Caso Valeria M\u00e1rquez: Dejan flores con la frase \u201cPerd\u00f3n\u201d afuera de su est\u00e9tica; Fiscal\u00eda investiga - Fuentes Fidedignas\",\"isPartOf\":{\"@id\":\"https:\\\/\\\/fuentesfidedignas.com.mx\\\/#website\"},\"primaryImageOfPage\":{\"@id\":\"https:\\\/\\\/fuentesfidedignas.com.mx\\\/index.php\\\/2025\\\/05\\\/19\\\/caso-valeria-marquez-dejan-flores-con-la-frase-perdon-afuera-de-su-estetica-fiscalia-investiga\\\/#primaryimage\"},\"image\":{\"@id\":\"https:\\\/\\\/fuentesfidedignas.com.mx\\\/index.php\\\/2025\\\/05\\\/19\\\/caso-valeria-marquez-dejan-flores-con-la-frase-perdon-afuera-de-su-estetica-fiscalia-investiga\\\/#primaryimage\"},\"thumbnailUrl\":\"https:\\\/\\\/fuentesfidedignas.com.mx\\\/wp-content\\\/uploads\\\/2025\\\/05\\\/ramo-de-flores.jpg\",\"datePublished\":\"2025-05-20T03:47:24+00:00\",\"dateModified\":\"2025-05-20T03:54:12+00:00\",\"breadcrumb\":{\"@id\":\"https:\\\/\\\/fuentesfidedignas.com.mx\\\/index.php\\\/2025\\\/05\\\/19\\\/caso-valeria-marquez-dejan-flores-con-la-frase-perdon-afuera-de-su-estetica-fiscalia-investiga\\\/#breadcrumb\"},\"inLanguage\":\"es\",\"potentialAction\":[{\"@type\":\"ReadAction\",\"target\":[\"https:\\\/\\\/fuentesfidedignas.com.mx\\\/index.php\\\/2025\\\/05\\\/19\\\/caso-valeria-marquez-dejan-flores-con-la-frase-perdon-afuera-de-su-estetica-fiscalia-investiga\\\/\"]}]},{\"@type\":\"ImageObject\",\"inLanguage\":\"es\",\"@id\":\"https:\\\/\\\/fuentesfidedignas.com.mx\\\/index.php\\\/2025\\\/05\\\/19\\\/caso-valeria-marquez-dejan-flores-con-la-frase-perdon-afuera-de-su-estetica-fiscalia-investiga\\\/#primaryimage\",\"url\":\"https:\\\/\\\/fuentesfidedignas.com.mx\\\/wp-content\\\/uploads\\\/2025\\\/05\\\/ramo-de-flores.jpg\",\"contentUrl\":\"https:\\\/\\\/fuentesfidedignas.com.mx\\\/wp-content\\\/uploads\\\/2025\\\/05\\\/ramo-de-flores.jpg\",\"width\":600,\"height\":400},{\"@type\":\"BreadcrumbList\",\"@id\":\"https:\\\/\\\/fuentesfidedignas.com.mx\\\/index.php\\\/2025\\\/05\\\/19\\\/caso-valeria-marquez-dejan-flores-con-la-frase-perdon-afuera-de-su-estetica-fiscalia-investiga\\\/#breadcrumb\",\"itemListElement\":[{\"@type\":\"ListItem\",\"position\":1,\"name\":\"Inicio\",\"item\":\"https:\\\/\\\/fuentesfidedignas.com.mx\\\/\"},{\"@type\":\"ListItem\",\"position\":2,\"name\":\"Caso Valeria M\u00e1rquez: Dejan flores con la frase \u201cPerd\u00f3n\u201d afuera de su est\u00e9tica; Fiscal\u00eda investiga\"}]},{\"@type\":\"WebSite\",\"@id\":\"https:\\\/\\\/fuentesfidedignas.com.mx\\\/#website\",\"url\":\"https:\\\/\\\/fuentesfidedignas.com.mx\\\/\",\"name\":\"Fuentes Fidedignas\",\"description\":\"Otro sitio realizado con WordPress\",\"publisher\":{\"@id\":\"https:\\\/\\\/fuentesfidedignas.com.mx\\\/#organization\"},\"potentialAction\":[{\"@type\":\"SearchAction\",\"target\":{\"@type\":\"EntryPoint\",\"urlTemplate\":\"https:\\\/\\\/fuentesfidedignas.com.mx\\\/?s={search_term_string}\"},\"query-input\":{\"@type\":\"PropertyValueSpecification\",\"valueRequired\":true,\"valueName\":\"search_term_string\"}}],\"inLanguage\":\"es\"},{\"@type\":\"Organization\",\"@id\":\"https:\\\/\\\/fuentesfidedignas.com.mx\\\/#organization\",\"name\":\"Fuentes Fidedignas\",\"url\":\"https:\\\/\\\/fuentesfidedignas.com.mx\\\/\",\"logo\":{\"@type\":\"ImageObject\",\"inLanguage\":\"es\",\"@id\":\"https:\\\/\\\/fuentesfidedignas.com.mx\\\/#\\\/schema\\\/logo\\\/image\\\/\",\"url\":\"https:\\\/\\\/fuentesfidedignas.com.mx\\\/wp-content\\\/uploads\\\/2021\\\/04\\\/logo-retina.png\",\"contentUrl\":\"https:\\\/\\\/fuentesfidedignas.com.mx\\\/wp-content\\\/uploads\\\/2021\\\/04\\\/logo-retina.png\",\"width\":280,\"height\":51,\"caption\":\"Fuentes Fidedignas\"},\"image\":{\"@id\":\"https:\\\/\\\/fuentesfidedignas.com.mx\\\/#\\\/schema\\\/logo\\\/image\\\/\"},\"sameAs\":[\"https:\\\/\\\/www.facebook.com\\\/Fuentes-Fidedignas-368234489921644\",\"https:\\\/\\\/x.com\\\/fidedignas\"]},{\"@type\":\"Person\",\"@id\":\"https:\\\/\\\/fuentesfidedignas.com.mx\\\/#\\\/schema\\\/person\\\/ff4db17f8fd9c584e0cfc2a0c436b8a1\",\"name\":\"El Imparcial\",\"image\":{\"@type\":\"ImageObject\",\"inLanguage\":\"es\",\"@id\":\"https:\\\/\\\/secure.gravatar.com\\\/avatar\\\/accd6807585a75316c237ee783498317be6f66ab34c47c940966f26a3f613161?s=96&d=mm&r=g\",\"url\":\"https:\\\/\\\/secure.gravatar.com\\\/avatar\\\/accd6807585a75316c237ee783498317be6f66ab34c47c940966f26a3f613161?s=96&d=mm&r=g\",\"contentUrl\":\"https:\\\/\\\/secure.gravatar.com\\\/avatar\\\/accd6807585a75316c237ee783498317be6f66ab34c47c940966f26a3f613161?s=96&d=mm&r=g\",\"caption\":\"El Imparcial\"},\"url\":\"https:\\\/\\\/fuentesfidedignas.com.mx\\\/index.php\\\/author\\\/imparcial\\\/\"}]}<\/script>\n<!-- \/ Yoast SEO plugin. -->","yoast_head_json":{"title":"Caso Valeria M\u00e1rquez: Dejan flores con la frase \u201cPerd\u00f3n\u201d afuera de su est\u00e9tica; Fiscal\u00eda investiga - Fuentes Fidedignas","robots":{"index":"index","follow":"follow","max-snippet":"max-snippet:-1","max-image-preview":"max-image-preview:large","max-video-preview":"max-video-preview:-1"},"canonical":"https:\/\/fuentesfidedignas.com.mx\/index.php\/2025\/05\/19\/caso-valeria-marquez-dejan-flores-con-la-frase-perdon-afuera-de-su-estetica-fiscalia-investiga\/","og_locale":"es_MX","og_type":"article","og_title":"Caso Valeria M\u00e1rquez: Dejan flores con la frase \u201cPerd\u00f3n\u201d afuera de su est\u00e9tica; Fiscal\u00eda investiga - Fuentes Fidedignas","og_description":"La Fiscal\u00eda investiga el caso como feminicidio, con varias l\u00edneas de investigaci\u00f3n abiertas. Un arreglo floral con 24 rosas rojas y un list\u00f3n blanco con la palabra \u201cPerd\u00f3n\u201d escrita en letras doradas fue dejado afuera del sal\u00f3n de belleza Blossom Beauty Lounge, donde ocurri\u00f3 el asesinato de la influencer Valeria M\u00e1rquez. Testigos afirman que un [&hellip;]","og_url":"https:\/\/fuentesfidedignas.com.mx\/index.php\/2025\/05\/19\/caso-valeria-marquez-dejan-flores-con-la-frase-perdon-afuera-de-su-estetica-fiscalia-investiga\/","og_site_name":"Fuentes Fidedignas","article_publisher":"https:\/\/www.facebook.com\/Fuentes-Fidedignas-368234489921644","article_published_time":"2025-05-20T03:47:24+00:00","article_modified_time":"2025-05-20T03:54:12+00:00","og_image":[{"width":600,"height":400,"url":"https:\/\/fuentesfidedignas.com.mx\/wp-content\/uploads\/2025\/05\/ramo-de-flores.jpg","type":"image\/jpeg"}],"author":"El Imparcial","twitter_card":"summary_large_image","twitter_creator":"@fidedignas","twitter_site":"@fidedignas","twitter_misc":{"Escrito por":"El Imparcial","Tiempo de lectura":"2 minutos"},"schema":{"@context":"https:\/\/schema.org","@graph":[{"@type":"Article","@id":"https:\/\/fuentesfidedignas.com.mx\/index.php\/2025\/05\/19\/caso-valeria-marquez-dejan-flores-con-la-frase-perdon-afuera-de-su-estetica-fiscalia-investiga\/#article","isPartOf":{"@id":"https:\/\/fuentesfidedignas.com.mx\/index.php\/2025\/05\/19\/caso-valeria-marquez-dejan-flores-con-la-frase-perdon-afuera-de-su-estetica-fiscalia-investiga\/"},"author":{"name":"El Imparcial","@id":"https:\/\/fuentesfidedignas.com.mx\/#\/schema\/person\/ff4db17f8fd9c584e0cfc2a0c436b8a1"},"headline":"Caso Valeria M\u00e1rquez: Dejan flores con la frase \u201cPerd\u00f3n\u201d afuera de su est\u00e9tica; Fiscal\u00eda investiga","datePublished":"2025-05-20T03:47:24+00:00","dateModified":"2025-05-20T03:54:12+00:00","mainEntityOfPage":{"@id":"https:\/\/fuentesfidedignas.com.mx\/index.php\/2025\/05\/19\/caso-valeria-marquez-dejan-flores-con-la-frase-perdon-afuera-de-su-estetica-fiscalia-investiga\/"},"wordCount":430,"commentCount":0,"publisher":{"@id":"https:\/\/fuentesfidedignas.com.mx\/#organization"},"image":{"@id":"https:\/\/fuentesfidedignas.com.mx\/index.php\/2025\/05\/19\/caso-valeria-marquez-dejan-flores-con-la-frase-perdon-afuera-de-su-estetica-fiscalia-investiga\/#primaryimage"},"thumbnailUrl":"https:\/\/fuentesfidedignas.com.mx\/wp-content\/uploads\/2025\/05\/ramo-de-flores.jpg","articleSection":["NOTICIAS NACIONALES"],"inLanguage":"es","potentialAction":[{"@type":"CommentAction","name":"Comment","target":["https:\/\/fuentesfidedignas.com.mx\/index.php\/2025\/05\/19\/caso-valeria-marquez-dejan-flores-con-la-frase-perdon-afuera-de-su-estetica-fiscalia-investiga\/#respond"]}]},{"@type":"WebPage","@id":"https:\/\/fuentesfidedignas.com.mx\/index.php\/2025\/05\/19\/caso-valeria-marquez-dejan-flores-con-la-frase-perdon-afuera-de-su-estetica-fiscalia-investiga\/","url":"https:\/\/fuentesfidedignas.com.mx\/index.php\/2025\/05\/19\/caso-valeria-marquez-dejan-flores-con-la-frase-perdon-afuera-de-su-estetica-fiscalia-investiga\/","name":"Caso Valeria M\u00e1rquez: Dejan flores con la frase \u201cPerd\u00f3n\u201d afuera de su est\u00e9tica; Fiscal\u00eda investiga - Fuentes Fidedignas","isPartOf":{"@id":"https:\/\/fuentesfidedignas.com.mx\/#website"},"primaryImageOfPage":{"@id":"https:\/\/fuentesfidedignas.com.mx\/index.php\/2025\/05\/19\/caso-valeria-marquez-dejan-flores-con-la-frase-perdon-afuera-de-su-estetica-fiscalia-investiga\/#primaryimage"},"image":{"@id":"https:\/\/fuentesfidedignas.com.mx\/index.php\/2025\/05\/19\/caso-valeria-marquez-dejan-flores-con-la-frase-perdon-afuera-de-su-estetica-fiscalia-investiga\/#primaryimage"},"thumbnailUrl":"https:\/\/fuentesfidedignas.com.mx\/wp-content\/uploads\/2025\/05\/ramo-de-flores.jpg","datePublished":"2025-05-20T03:47:24+00:00","dateModified":"2025-05-20T03:54:12+00:00","breadcrumb":{"@id":"https:\/\/fuentesfidedignas.com.mx\/index.php\/2025\/05\/19\/caso-valeria-marquez-dejan-flores-con-la-frase-perdon-afuera-de-su-estetica-fiscalia-investiga\/#breadcrumb"},"inLanguage":"es","potentialAction":[{"@type":"ReadAction","target":["https:\/\/fuentesfidedignas.com.mx\/index.php\/2025\/05\/19\/caso-valeria-marquez-dejan-flores-con-la-frase-perdon-afuera-de-su-estetica-fiscalia-investiga\/"]}]},{"@type":"ImageObject","inLanguage":"es","@id":"https:\/\/fuentesfidedignas.com.mx\/index.php\/2025\/05\/19\/caso-valeria-marquez-dejan-flores-con-la-frase-perdon-afuera-de-su-estetica-fiscalia-investiga\/#primaryimage","url":"https:\/\/fuentesfidedignas.com.mx\/wp-content\/uploads\/2025\/05\/ramo-de-flores.jpg","contentUrl":"https:\/\/fuentesfidedignas.com.mx\/wp-content\/uploads\/2025\/05\/ramo-de-flores.jpg","width":600,"height":400},{"@type":"BreadcrumbList","@id":"https:\/\/fuentesfidedignas.com.mx\/index.php\/2025\/05\/19\/caso-valeria-marquez-dejan-flores-con-la-frase-perdon-afuera-de-su-estetica-fiscalia-investiga\/#breadcrumb","itemListElement":[{"@type":"ListItem","position":1,"name":"Inicio","item":"https:\/\/fuentesfidedignas.com.mx\/"},{"@type":"ListItem","position":2,"name":"Caso Valeria M\u00e1rquez: Dejan flores con la frase \u201cPerd\u00f3n\u201d afuera de su est\u00e9tica; Fiscal\u00eda investiga"}]},{"@type":"WebSite","@id":"https:\/\/fuentesfidedignas.com.mx\/#website","url":"https:\/\/fuentesfidedignas.com.mx\/","name":"Fuentes Fidedignas","description":"Otro sitio realizado con WordPress","publisher":{"@id":"https:\/\/fuentesfidedignas.com.mx\/#organization"},"potentialAction":[{"@type":"SearchAction","target":{"@type":"EntryPoint","urlTemplate":"https:\/\/fuentesfidedignas.com.mx\/?s={search_term_string}"},"query-input":{"@type":"PropertyValueSpecification","valueRequired":true,"valueName":"search_term_string"}}],"inLanguage":"es"},{"@type":"Organization","@id":"https:\/\/fuentesfidedignas.com.mx\/#organization","name":"Fuentes Fidedignas","url":"https:\/\/fuentesfidedignas.com.mx\/","logo":{"@type":"ImageObject","inLanguage":"es","@id":"https:\/\/fuentesfidedignas.com.mx\/#\/schema\/logo\/image\/","url":"https:\/\/fuentesfidedignas.com.mx\/wp-content\/uploads\/2021\/04\/logo-retina.png","contentUrl":"https:\/\/fuentesfidedignas.com.mx\/wp-content\/uploads\/2021\/04\/logo-retina.png","width":280,"height":51,"caption":"Fuentes Fidedignas"},"image":{"@id":"https:\/\/fuentesfidedignas.com.mx\/#\/schema\/logo\/image\/"},"sameAs":["https:\/\/www.facebook.com\/Fuentes-Fidedignas-368234489921644","https:\/\/x.com\/fidedignas"]},{"@type":"Person","@id":"https:\/\/fuentesfidedignas.com.mx\/#\/schema\/person\/ff4db17f8fd9c584e0cfc2a0c436b8a1","name":"El Imparcial","image":{"@type":"ImageObject","inLanguage":"es","@id":"https:\/\/secure.gravatar.com\/avatar\/accd6807585a75316c237ee783498317be6f66ab34c47c940966f26a3f613161?s=96&d=mm&r=g","url":"https:\/\/secure.gravatar.com\/avatar\/accd6807585a75316c237ee783498317be6f66ab34c47c940966f26a3f613161?s=96&d=mm&r=g","contentUrl":"https:\/\/secure.gravatar.com\/avatar\/accd6807585a75316c237ee783498317be6f66ab34c47c940966f26a3f613161?s=96&d=mm&r=g","caption":"El Imparcial"},"url":"https:\/\/fuentesfidedignas.com.mx\/index.php\/author\/imparcial\/"}]}},"_links":{"self":[{"href":"https:\/\/fuentesfidedignas.com.mx\/index.php\/wp-json\/wp\/v2\/posts\/108734","targetHints":{"allow":["GET"]}}],"collection":[{"href":"https:\/\/fuentesfidedignas.com.mx\/index.php\/wp-json\/wp\/v2\/posts"}],"about":[{"href":"https:\/\/fuentesfidedignas.com.mx\/index.php\/wp-json\/wp\/v2\/types\/post"}],"author":[{"embeddable":true,"href":"https:\/\/fuentesfidedignas.com.mx\/index.php\/wp-json\/wp\/v2\/users\/40"}],"replies":[{"embeddable":true,"href":"https:\/\/fuentesfidedignas.com.mx\/index.php\/wp-json\/wp\/v2\/comments?post=108734"}],"version-history":[{"count":2,"href":"https:\/\/fuentesfidedignas.com.mx\/index.php\/wp-json\/wp\/v2\/posts\/108734\/revisions"}],"predecessor-version":[{"id":108737,"href":"https:\/\/fuentesfidedignas.com.mx\/index.php\/wp-json\/wp\/v2\/posts\/108734\/revisions\/108737"}],"wp:featuredmedia":[{"embeddable":true,"href":"https:\/\/fuentesfidedignas.com.mx\/index.php\/wp-json\/wp\/v2\/media\/108735"}],"wp:attachment":[{"href":"https:\/\/fuentesfidedignas.com.mx\/index.php\/wp-json\/wp\/v2\/media?parent=108734"}],"wp:term":[{"taxonomy":"category","embeddable":true,"href":"https:\/\/fuentesfidedignas.com.mx\/index.php\/wp-json\/wp\/v2\/categories?post=108734"},{"taxonomy":"post_tag","embeddable":true,"href":"https:\/\/fuentesfidedignas.com.mx\/index.php\/wp-json\/wp\/v2\/tags?post=108734"}],"curies":[{"name":"wp","href":"https:\/\/api.w.org\/{rel}","templated":true}]}}