{"id":10862,"date":"2021-08-26T07:57:38","date_gmt":"2021-08-26T14:57:38","guid":{"rendered":"https:\/\/fuentesfidedignas.com.mx\/?p=10862"},"modified":"2021-08-26T12:26:47","modified_gmt":"2021-08-26T19:26:47","slug":"elige-comision-a-juan-francisco-fierro-como-alcalde-sustituto-de-ahome","status":"publish","type":"post","link":"https:\/\/fuentesfidedignas.com.mx\/index.php\/2021\/08\/26\/elige-comision-a-juan-francisco-fierro-como-alcalde-sustituto-de-ahome\/","title":{"rendered":"Elige Comisi\u00f3n a Juan Francisco Fierro como alcalde sustituto de Ahome"},"content":{"rendered":"\n<p><strong><em>La vacante fue generada por la solicitud de separaci\u00f3n definitiva del cargo de Manuel Guillermo Chapman Moreno<\/em><\/strong><\/p>\n\n\n\n<p>Culiac\u00e1n, Sin. La Comisi\u00f3n de Puntos Constitucionales y Gobernaci\u00f3n del Congreso del Estado de Sinaloa eligi\u00f3 a Juan Francisco Fierro Gaxiola, Presidente Municipal Sustituto de Ahome.<\/p>\n\n\n\n<p>Fierro Gaxiola deber\u00e1 ejercer dicho cargo a partir de que rinda su toma de protesta ante esta Soberan\u00eda, hasta el d\u00eda que culmine el periodo del ejercicio constitucional de los actuales integrantes del Ayuntamiento de Ahome.<\/p>\n\n\n\n<p>El dictamen fue aprobado de forma un\u00e1nime por los diputados y diputadas, Horacio Lora Oliva, Ana Cecilia Moreno Romero, \u00c9dgar Augusto Gonz\u00e1lez Zatarain, Graciela Dom\u00ednguez Nava y Flora Isela Miranda Leal, presidente, secretaria y vocales, respectivamente, de la Comisi\u00f3n.<\/p>\n\n\n\n<p>A la Comisi\u00f3n le fue turnada para su estudio y an\u00e1lisis las constancias que integran el expediente formado en atenci\u00f3n a la falta absoluta que propicia una vacante de la titularidad de la Presidencia de Ahome.<\/p>\n\n\n\n<p>Vacante generada por la solicitud de separaci\u00f3n definitiva del cargo de Manuel Guillermo Chapman Moreno.<\/p>\n\n\n\n<p>De acuerdo al dictamen aprobado, se elige a Fierro Gaxiola por tener acreditados los requisitos que establece la Constituci\u00f3n Pol\u00edtica del Estado de Sinaloa, as\u00ed como por su experiencia y responsabilidad.<\/p>\n\n\n\n<p>Se ha desempe\u00f1ado como Auxiliar Operativo en la Secretar\u00eda del Ayuntamiento de Ahome, Actuario Fiscal en los Servicios de Administraci\u00f3n Tributaria de la Administraci\u00f3n Local de Recaudaci\u00f3n de Los Mochis, Agente del Ministerio P\u00fablico de la Federaci\u00f3n en la desaparecida Procuradur\u00eda General de la Rep\u00fablica y como Secretario del Ayuntamiento del Municipio de Ahome.<\/p>\n\n\n\n<p>En \u00e9l confluyen manifestaciones favorables, por lo que se le considera suficientemente capacitado para la conducci\u00f3n de las funciones de Presidente Municipal Sustituto del H. Ayuntamiento de Ahome, se expone en el dictamen aprobado.<\/p>\n","protected":false},"excerpt":{"rendered":"<p>La vacante fue generada por la solicitud de separaci\u00f3n definitiva del cargo de Manuel Guillermo Chapman Moreno Culiac\u00e1n, Sin. La Comisi\u00f3n de Puntos Constitucionales y Gobernaci\u00f3n del Congreso del Estado de Sinaloa eligi\u00f3 a Juan Francisco Fierro Gaxiola, Presidente Municipal Sustituto de Ahome. Fierro Gaxiola deber\u00e1 ejercer dicho cargo a partir de que rinda su [&hellip;]<\/p>\n","protected":false},"author":4,"featured_media":10863,"comment_status":"open","ping_status":"open","sticky":false,"template":"","format":"standard","meta":{"tdm_status":"","tdm_grid_status":"","footnotes":""},"categories":[1],"tags":[],"class_list":{"0":"post-10862","1":"post","2":"type-post","3":"status-publish","4":"format-standard","5":"has-post-thumbnail","7":"category-sin-categoria"},"yoast_head":"<!-- This site is optimized with the Yoast SEO plugin v27.5 - https:\/\/yoast.com\/product\/yoast-seo-wordpress\/ -->\n<title>Elige Comisi\u00f3n a Juan Francisco Fierro como alcalde sustituto de Ahome - Fuentes Fidedignas<\/title>\n<meta name=\"robots\" content=\"index, follow, max-snippet:-1, max-image-preview:large, max-video-preview:-1\" \/>\n<link rel=\"canonical\" href=\"https:\/\/fuentesfidedignas.com.mx\/index.php\/2021\/08\/26\/elige-comision-a-juan-francisco-fierro-como-alcalde-sustituto-de-ahome\/\" \/>\n<meta property=\"og:locale\" content=\"es_MX\" \/>\n<meta property=\"og:type\" content=\"article\" \/>\n<meta property=\"og:title\" content=\"Elige Comisi\u00f3n a Juan Francisco Fierro como alcalde sustituto de Ahome - Fuentes Fidedignas\" \/>\n<meta property=\"og:description\" content=\"La vacante fue generada por la solicitud de separaci\u00f3n definitiva del cargo de Manuel Guillermo Chapman Moreno Culiac\u00e1n, Sin. La Comisi\u00f3n de Puntos Constitucionales y Gobernaci\u00f3n del Congreso del Estado de Sinaloa eligi\u00f3 a Juan Francisco Fierro Gaxiola, Presidente Municipal Sustituto de Ahome. Fierro Gaxiola deber\u00e1 ejercer dicho cargo a partir de que rinda su [&hellip;]\" \/>\n<meta property=\"og:url\" content=\"https:\/\/fuentesfidedignas.com.mx\/index.php\/2021\/08\/26\/elige-comision-a-juan-francisco-fierro-como-alcalde-sustituto-de-ahome\/\" \/>\n<meta property=\"og:site_name\" content=\"Fuentes Fidedignas\" \/>\n<meta property=\"article:publisher\" content=\"https:\/\/www.facebook.com\/Fuentes-Fidedignas-368234489921644\" \/>\n<meta property=\"article:published_time\" content=\"2021-08-26T14:57:38+00:00\" \/>\n<meta property=\"article:modified_time\" content=\"2021-08-26T19:26:47+00:00\" \/>\n<meta property=\"og:image\" content=\"https:\/\/fuentesfidedignas.com.mx\/wp-content\/uploads\/2021\/08\/IMG-20210826-WA0000.jpg\" \/>\n\t<meta property=\"og:image:width\" content=\"1280\" \/>\n\t<meta property=\"og:image:height\" content=\"735\" \/>\n\t<meta property=\"og:image:type\" content=\"image\/jpeg\" \/>\n<meta name=\"author\" content=\"Redacci\u00f3n\" \/>\n<meta name=\"twitter:card\" content=\"summary_large_image\" \/>\n<meta name=\"twitter:creator\" content=\"@fidedignas\" \/>\n<meta name=\"twitter:site\" content=\"@fidedignas\" \/>\n<meta name=\"twitter:label1\" content=\"Escrito por\" \/>\n\t<meta name=\"twitter:data1\" content=\"Redacci\u00f3n\" \/>\n\t<meta name=\"twitter:label2\" content=\"Tiempo de lectura\" \/>\n\t<meta name=\"twitter:data2\" content=\"2 minutos\" \/>\n<script type=\"application\/ld+json\" class=\"yoast-schema-graph\">{\"@context\":\"https:\\\/\\\/schema.org\",\"@graph\":[{\"@type\":\"Article\",\"@id\":\"https:\\\/\\\/fuentesfidedignas.com.mx\\\/index.php\\\/2021\\\/08\\\/26\\\/elige-comision-a-juan-francisco-fierro-como-alcalde-sustituto-de-ahome\\\/#article\",\"isPartOf\":{\"@id\":\"https:\\\/\\\/fuentesfidedignas.com.mx\\\/index.php\\\/2021\\\/08\\\/26\\\/elige-comision-a-juan-francisco-fierro-como-alcalde-sustituto-de-ahome\\\/\"},\"author\":{\"name\":\"Redacci\u00f3n\",\"@id\":\"https:\\\/\\\/fuentesfidedignas.com.mx\\\/#\\\/schema\\\/person\\\/331be9283d37198e2acd5750279085b0\"},\"headline\":\"Elige Comisi\u00f3n a Juan Francisco Fierro como alcalde sustituto de Ahome\",\"datePublished\":\"2021-08-26T14:57:38+00:00\",\"dateModified\":\"2021-08-26T19:26:47+00:00\",\"mainEntityOfPage\":{\"@id\":\"https:\\\/\\\/fuentesfidedignas.com.mx\\\/index.php\\\/2021\\\/08\\\/26\\\/elige-comision-a-juan-francisco-fierro-como-alcalde-sustituto-de-ahome\\\/\"},\"wordCount\":326,\"commentCount\":0,\"publisher\":{\"@id\":\"https:\\\/\\\/fuentesfidedignas.com.mx\\\/#organization\"},\"image\":{\"@id\":\"https:\\\/\\\/fuentesfidedignas.com.mx\\\/index.php\\\/2021\\\/08\\\/26\\\/elige-comision-a-juan-francisco-fierro-como-alcalde-sustituto-de-ahome\\\/#primaryimage\"},\"thumbnailUrl\":\"https:\\\/\\\/fuentesfidedignas.com.mx\\\/wp-content\\\/uploads\\\/2021\\\/08\\\/IMG-20210826-WA0000.jpg\",\"inLanguage\":\"es\",\"potentialAction\":[{\"@type\":\"CommentAction\",\"name\":\"Comment\",\"target\":[\"https:\\\/\\\/fuentesfidedignas.com.mx\\\/index.php\\\/2021\\\/08\\\/26\\\/elige-comision-a-juan-francisco-fierro-como-alcalde-sustituto-de-ahome\\\/#respond\"]}]},{\"@type\":\"WebPage\",\"@id\":\"https:\\\/\\\/fuentesfidedignas.com.mx\\\/index.php\\\/2021\\\/08\\\/26\\\/elige-comision-a-juan-francisco-fierro-como-alcalde-sustituto-de-ahome\\\/\",\"url\":\"https:\\\/\\\/fuentesfidedignas.com.mx\\\/index.php\\\/2021\\\/08\\\/26\\\/elige-comision-a-juan-francisco-fierro-como-alcalde-sustituto-de-ahome\\\/\",\"name\":\"Elige Comisi\u00f3n a Juan Francisco Fierro como alcalde sustituto de Ahome - Fuentes Fidedignas\",\"isPartOf\":{\"@id\":\"https:\\\/\\\/fuentesfidedignas.com.mx\\\/#website\"},\"primaryImageOfPage\":{\"@id\":\"https:\\\/\\\/fuentesfidedignas.com.mx\\\/index.php\\\/2021\\\/08\\\/26\\\/elige-comision-a-juan-francisco-fierro-como-alcalde-sustituto-de-ahome\\\/#primaryimage\"},\"image\":{\"@id\":\"https:\\\/\\\/fuentesfidedignas.com.mx\\\/index.php\\\/2021\\\/08\\\/26\\\/elige-comision-a-juan-francisco-fierro-como-alcalde-sustituto-de-ahome\\\/#primaryimage\"},\"thumbnailUrl\":\"https:\\\/\\\/fuentesfidedignas.com.mx\\\/wp-content\\\/uploads\\\/2021\\\/08\\\/IMG-20210826-WA0000.jpg\",\"datePublished\":\"2021-08-26T14:57:38+00:00\",\"dateModified\":\"2021-08-26T19:26:47+00:00\",\"breadcrumb\":{\"@id\":\"https:\\\/\\\/fuentesfidedignas.com.mx\\\/index.php\\\/2021\\\/08\\\/26\\\/elige-comision-a-juan-francisco-fierro-como-alcalde-sustituto-de-ahome\\\/#breadcrumb\"},\"inLanguage\":\"es\",\"potentialAction\":[{\"@type\":\"ReadAction\",\"target\":[\"https:\\\/\\\/fuentesfidedignas.com.mx\\\/index.php\\\/2021\\\/08\\\/26\\\/elige-comision-a-juan-francisco-fierro-como-alcalde-sustituto-de-ahome\\\/\"]}]},{\"@type\":\"ImageObject\",\"inLanguage\":\"es\",\"@id\":\"https:\\\/\\\/fuentesfidedignas.com.mx\\\/index.php\\\/2021\\\/08\\\/26\\\/elige-comision-a-juan-francisco-fierro-como-alcalde-sustituto-de-ahome\\\/#primaryimage\",\"url\":\"https:\\\/\\\/fuentesfidedignas.com.mx\\\/wp-content\\\/uploads\\\/2021\\\/08\\\/IMG-20210826-WA0000.jpg\",\"contentUrl\":\"https:\\\/\\\/fuentesfidedignas.com.mx\\\/wp-content\\\/uploads\\\/2021\\\/08\\\/IMG-20210826-WA0000.jpg\",\"width\":1280,\"height\":735},{\"@type\":\"BreadcrumbList\",\"@id\":\"https:\\\/\\\/fuentesfidedignas.com.mx\\\/index.php\\\/2021\\\/08\\\/26\\\/elige-comision-a-juan-francisco-fierro-como-alcalde-sustituto-de-ahome\\\/#breadcrumb\",\"itemListElement\":[{\"@type\":\"ListItem\",\"position\":1,\"name\":\"Inicio\",\"item\":\"https:\\\/\\\/fuentesfidedignas.com.mx\\\/\"},{\"@type\":\"ListItem\",\"position\":2,\"name\":\"Elige Comisi\u00f3n a Juan Francisco Fierro como alcalde sustituto de Ahome\"}]},{\"@type\":\"WebSite\",\"@id\":\"https:\\\/\\\/fuentesfidedignas.com.mx\\\/#website\",\"url\":\"https:\\\/\\\/fuentesfidedignas.com.mx\\\/\",\"name\":\"Fuentes Fidedignas\",\"description\":\"Otro sitio realizado con WordPress\",\"publisher\":{\"@id\":\"https:\\\/\\\/fuentesfidedignas.com.mx\\\/#organization\"},\"potentialAction\":[{\"@type\":\"SearchAction\",\"target\":{\"@type\":\"EntryPoint\",\"urlTemplate\":\"https:\\\/\\\/fuentesfidedignas.com.mx\\\/?s={search_term_string}\"},\"query-input\":{\"@type\":\"PropertyValueSpecification\",\"valueRequired\":true,\"valueName\":\"search_term_string\"}}],\"inLanguage\":\"es\"},{\"@type\":\"Organization\",\"@id\":\"https:\\\/\\\/fuentesfidedignas.com.mx\\\/#organization\",\"name\":\"Fuentes Fidedignas\",\"url\":\"https:\\\/\\\/fuentesfidedignas.com.mx\\\/\",\"logo\":{\"@type\":\"ImageObject\",\"inLanguage\":\"es\",\"@id\":\"https:\\\/\\\/fuentesfidedignas.com.mx\\\/#\\\/schema\\\/logo\\\/image\\\/\",\"url\":\"https:\\\/\\\/fuentesfidedignas.com.mx\\\/wp-content\\\/uploads\\\/2021\\\/04\\\/logo-retina.png\",\"contentUrl\":\"https:\\\/\\\/fuentesfidedignas.com.mx\\\/wp-content\\\/uploads\\\/2021\\\/04\\\/logo-retina.png\",\"width\":280,\"height\":51,\"caption\":\"Fuentes Fidedignas\"},\"image\":{\"@id\":\"https:\\\/\\\/fuentesfidedignas.com.mx\\\/#\\\/schema\\\/logo\\\/image\\\/\"},\"sameAs\":[\"https:\\\/\\\/www.facebook.com\\\/Fuentes-Fidedignas-368234489921644\",\"https:\\\/\\\/x.com\\\/fidedignas\"]},{\"@type\":\"Person\",\"@id\":\"https:\\\/\\\/fuentesfidedignas.com.mx\\\/#\\\/schema\\\/person\\\/331be9283d37198e2acd5750279085b0\",\"name\":\"Redacci\u00f3n\",\"image\":{\"@type\":\"ImageObject\",\"inLanguage\":\"es\",\"@id\":\"https:\\\/\\\/secure.gravatar.com\\\/avatar\\\/f6d8782c11d12b2d4ad3fbb6931aeab5309937a4d6cd2fc9cfaa28a6396a5aec?s=96&d=mm&r=g\",\"url\":\"https:\\\/\\\/secure.gravatar.com\\\/avatar\\\/f6d8782c11d12b2d4ad3fbb6931aeab5309937a4d6cd2fc9cfaa28a6396a5aec?s=96&d=mm&r=g\",\"contentUrl\":\"https:\\\/\\\/secure.gravatar.com\\\/avatar\\\/f6d8782c11d12b2d4ad3fbb6931aeab5309937a4d6cd2fc9cfaa28a6396a5aec?s=96&d=mm&r=g\",\"caption\":\"Redacci\u00f3n\"},\"url\":\"https:\\\/\\\/fuentesfidedignas.com.mx\\\/index.php\\\/author\\\/redaccion\\\/\"}]}<\/script>\n<!-- \/ Yoast SEO plugin. -->","yoast_head_json":{"title":"Elige Comisi\u00f3n a Juan Francisco Fierro como alcalde sustituto de Ahome - Fuentes Fidedignas","robots":{"index":"index","follow":"follow","max-snippet":"max-snippet:-1","max-image-preview":"max-image-preview:large","max-video-preview":"max-video-preview:-1"},"canonical":"https:\/\/fuentesfidedignas.com.mx\/index.php\/2021\/08\/26\/elige-comision-a-juan-francisco-fierro-como-alcalde-sustituto-de-ahome\/","og_locale":"es_MX","og_type":"article","og_title":"Elige Comisi\u00f3n a Juan Francisco Fierro como alcalde sustituto de Ahome - Fuentes Fidedignas","og_description":"La vacante fue generada por la solicitud de separaci\u00f3n definitiva del cargo de Manuel Guillermo Chapman Moreno Culiac\u00e1n, Sin. La Comisi\u00f3n de Puntos Constitucionales y Gobernaci\u00f3n del Congreso del Estado de Sinaloa eligi\u00f3 a Juan Francisco Fierro Gaxiola, Presidente Municipal Sustituto de Ahome. Fierro Gaxiola deber\u00e1 ejercer dicho cargo a partir de que rinda su [&hellip;]","og_url":"https:\/\/fuentesfidedignas.com.mx\/index.php\/2021\/08\/26\/elige-comision-a-juan-francisco-fierro-como-alcalde-sustituto-de-ahome\/","og_site_name":"Fuentes Fidedignas","article_publisher":"https:\/\/www.facebook.com\/Fuentes-Fidedignas-368234489921644","article_published_time":"2021-08-26T14:57:38+00:00","article_modified_time":"2021-08-26T19:26:47+00:00","og_image":[{"width":1280,"height":735,"url":"https:\/\/fuentesfidedignas.com.mx\/wp-content\/uploads\/2021\/08\/IMG-20210826-WA0000.jpg","type":"image\/jpeg"}],"author":"Redacci\u00f3n","twitter_card":"summary_large_image","twitter_creator":"@fidedignas","twitter_site":"@fidedignas","twitter_misc":{"Escrito por":"Redacci\u00f3n","Tiempo de lectura":"2 minutos"},"schema":{"@context":"https:\/\/schema.org","@graph":[{"@type":"Article","@id":"https:\/\/fuentesfidedignas.com.mx\/index.php\/2021\/08\/26\/elige-comision-a-juan-francisco-fierro-como-alcalde-sustituto-de-ahome\/#article","isPartOf":{"@id":"https:\/\/fuentesfidedignas.com.mx\/index.php\/2021\/08\/26\/elige-comision-a-juan-francisco-fierro-como-alcalde-sustituto-de-ahome\/"},"author":{"name":"Redacci\u00f3n","@id":"https:\/\/fuentesfidedignas.com.mx\/#\/schema\/person\/331be9283d37198e2acd5750279085b0"},"headline":"Elige Comisi\u00f3n a Juan Francisco Fierro como alcalde sustituto de Ahome","datePublished":"2021-08-26T14:57:38+00:00","dateModified":"2021-08-26T19:26:47+00:00","mainEntityOfPage":{"@id":"https:\/\/fuentesfidedignas.com.mx\/index.php\/2021\/08\/26\/elige-comision-a-juan-francisco-fierro-como-alcalde-sustituto-de-ahome\/"},"wordCount":326,"commentCount":0,"publisher":{"@id":"https:\/\/fuentesfidedignas.com.mx\/#organization"},"image":{"@id":"https:\/\/fuentesfidedignas.com.mx\/index.php\/2021\/08\/26\/elige-comision-a-juan-francisco-fierro-como-alcalde-sustituto-de-ahome\/#primaryimage"},"thumbnailUrl":"https:\/\/fuentesfidedignas.com.mx\/wp-content\/uploads\/2021\/08\/IMG-20210826-WA0000.jpg","inLanguage":"es","potentialAction":[{"@type":"CommentAction","name":"Comment","target":["https:\/\/fuentesfidedignas.com.mx\/index.php\/2021\/08\/26\/elige-comision-a-juan-francisco-fierro-como-alcalde-sustituto-de-ahome\/#respond"]}]},{"@type":"WebPage","@id":"https:\/\/fuentesfidedignas.com.mx\/index.php\/2021\/08\/26\/elige-comision-a-juan-francisco-fierro-como-alcalde-sustituto-de-ahome\/","url":"https:\/\/fuentesfidedignas.com.mx\/index.php\/2021\/08\/26\/elige-comision-a-juan-francisco-fierro-como-alcalde-sustituto-de-ahome\/","name":"Elige Comisi\u00f3n a Juan Francisco Fierro como alcalde sustituto de Ahome - Fuentes Fidedignas","isPartOf":{"@id":"https:\/\/fuentesfidedignas.com.mx\/#website"},"primaryImageOfPage":{"@id":"https:\/\/fuentesfidedignas.com.mx\/index.php\/2021\/08\/26\/elige-comision-a-juan-francisco-fierro-como-alcalde-sustituto-de-ahome\/#primaryimage"},"image":{"@id":"https:\/\/fuentesfidedignas.com.mx\/index.php\/2021\/08\/26\/elige-comision-a-juan-francisco-fierro-como-alcalde-sustituto-de-ahome\/#primaryimage"},"thumbnailUrl":"https:\/\/fuentesfidedignas.com.mx\/wp-content\/uploads\/2021\/08\/IMG-20210826-WA0000.jpg","datePublished":"2021-08-26T14:57:38+00:00","dateModified":"2021-08-26T19:26:47+00:00","breadcrumb":{"@id":"https:\/\/fuentesfidedignas.com.mx\/index.php\/2021\/08\/26\/elige-comision-a-juan-francisco-fierro-como-alcalde-sustituto-de-ahome\/#breadcrumb"},"inLanguage":"es","potentialAction":[{"@type":"ReadAction","target":["https:\/\/fuentesfidedignas.com.mx\/index.php\/2021\/08\/26\/elige-comision-a-juan-francisco-fierro-como-alcalde-sustituto-de-ahome\/"]}]},{"@type":"ImageObject","inLanguage":"es","@id":"https:\/\/fuentesfidedignas.com.mx\/index.php\/2021\/08\/26\/elige-comision-a-juan-francisco-fierro-como-alcalde-sustituto-de-ahome\/#primaryimage","url":"https:\/\/fuentesfidedignas.com.mx\/wp-content\/uploads\/2021\/08\/IMG-20210826-WA0000.jpg","contentUrl":"https:\/\/fuentesfidedignas.com.mx\/wp-content\/uploads\/2021\/08\/IMG-20210826-WA0000.jpg","width":1280,"height":735},{"@type":"BreadcrumbList","@id":"https:\/\/fuentesfidedignas.com.mx\/index.php\/2021\/08\/26\/elige-comision-a-juan-francisco-fierro-como-alcalde-sustituto-de-ahome\/#breadcrumb","itemListElement":[{"@type":"ListItem","position":1,"name":"Inicio","item":"https:\/\/fuentesfidedignas.com.mx\/"},{"@type":"ListItem","position":2,"name":"Elige Comisi\u00f3n a Juan Francisco Fierro como alcalde sustituto de Ahome"}]},{"@type":"WebSite","@id":"https:\/\/fuentesfidedignas.com.mx\/#website","url":"https:\/\/fuentesfidedignas.com.mx\/","name":"Fuentes Fidedignas","description":"Otro sitio realizado con WordPress","publisher":{"@id":"https:\/\/fuentesfidedignas.com.mx\/#organization"},"potentialAction":[{"@type":"SearchAction","target":{"@type":"EntryPoint","urlTemplate":"https:\/\/fuentesfidedignas.com.mx\/?s={search_term_string}"},"query-input":{"@type":"PropertyValueSpecification","valueRequired":true,"valueName":"search_term_string"}}],"inLanguage":"es"},{"@type":"Organization","@id":"https:\/\/fuentesfidedignas.com.mx\/#organization","name":"Fuentes Fidedignas","url":"https:\/\/fuentesfidedignas.com.mx\/","logo":{"@type":"ImageObject","inLanguage":"es","@id":"https:\/\/fuentesfidedignas.com.mx\/#\/schema\/logo\/image\/","url":"https:\/\/fuentesfidedignas.com.mx\/wp-content\/uploads\/2021\/04\/logo-retina.png","contentUrl":"https:\/\/fuentesfidedignas.com.mx\/wp-content\/uploads\/2021\/04\/logo-retina.png","width":280,"height":51,"caption":"Fuentes Fidedignas"},"image":{"@id":"https:\/\/fuentesfidedignas.com.mx\/#\/schema\/logo\/image\/"},"sameAs":["https:\/\/www.facebook.com\/Fuentes-Fidedignas-368234489921644","https:\/\/x.com\/fidedignas"]},{"@type":"Person","@id":"https:\/\/fuentesfidedignas.com.mx\/#\/schema\/person\/331be9283d37198e2acd5750279085b0","name":"Redacci\u00f3n","image":{"@type":"ImageObject","inLanguage":"es","@id":"https:\/\/secure.gravatar.com\/avatar\/f6d8782c11d12b2d4ad3fbb6931aeab5309937a4d6cd2fc9cfaa28a6396a5aec?s=96&d=mm&r=g","url":"https:\/\/secure.gravatar.com\/avatar\/f6d8782c11d12b2d4ad3fbb6931aeab5309937a4d6cd2fc9cfaa28a6396a5aec?s=96&d=mm&r=g","contentUrl":"https:\/\/secure.gravatar.com\/avatar\/f6d8782c11d12b2d4ad3fbb6931aeab5309937a4d6cd2fc9cfaa28a6396a5aec?s=96&d=mm&r=g","caption":"Redacci\u00f3n"},"url":"https:\/\/fuentesfidedignas.com.mx\/index.php\/author\/redaccion\/"}]}},"_links":{"self":[{"href":"https:\/\/fuentesfidedignas.com.mx\/index.php\/wp-json\/wp\/v2\/posts\/10862","targetHints":{"allow":["GET"]}}],"collection":[{"href":"https:\/\/fuentesfidedignas.com.mx\/index.php\/wp-json\/wp\/v2\/posts"}],"about":[{"href":"https:\/\/fuentesfidedignas.com.mx\/index.php\/wp-json\/wp\/v2\/types\/post"}],"author":[{"embeddable":true,"href":"https:\/\/fuentesfidedignas.com.mx\/index.php\/wp-json\/wp\/v2\/users\/4"}],"replies":[{"embeddable":true,"href":"https:\/\/fuentesfidedignas.com.mx\/index.php\/wp-json\/wp\/v2\/comments?post=10862"}],"version-history":[{"count":1,"href":"https:\/\/fuentesfidedignas.com.mx\/index.php\/wp-json\/wp\/v2\/posts\/10862\/revisions"}],"predecessor-version":[{"id":10864,"href":"https:\/\/fuentesfidedignas.com.mx\/index.php\/wp-json\/wp\/v2\/posts\/10862\/revisions\/10864"}],"wp:featuredmedia":[{"embeddable":true,"href":"https:\/\/fuentesfidedignas.com.mx\/index.php\/wp-json\/wp\/v2\/media\/10863"}],"wp:attachment":[{"href":"https:\/\/fuentesfidedignas.com.mx\/index.php\/wp-json\/wp\/v2\/media?parent=10862"}],"wp:term":[{"taxonomy":"category","embeddable":true,"href":"https:\/\/fuentesfidedignas.com.mx\/index.php\/wp-json\/wp\/v2\/categories?post=10862"},{"taxonomy":"post_tag","embeddable":true,"href":"https:\/\/fuentesfidedignas.com.mx\/index.php\/wp-json\/wp\/v2\/tags?post=10862"}],"curies":[{"name":"wp","href":"https:\/\/api.w.org\/{rel}","templated":true}]}}