{"id":108615,"date":"2025-05-17T12:15:50","date_gmt":"2025-05-17T19:15:50","guid":{"rendered":"https:\/\/fuentesfidedignas.com.mx\/?p=108615"},"modified":"2025-05-17T13:18:42","modified_gmt":"2025-05-17T20:18:42","slug":"trump-filtra-el-audio-del-interrogatorio-a-biden-que-expuso-sus-problemas-de-memoria","status":"publish","type":"post","link":"https:\/\/fuentesfidedignas.com.mx\/index.php\/2025\/05\/17\/trump-filtra-el-audio-del-interrogatorio-a-biden-que-expuso-sus-problemas-de-memoria\/","title":{"rendered":"Trump filtra el audio del interrogatorio a Biden que expuso sus problemas de memoria"},"content":{"rendered":"\n<p><\/p>\n\n\n\n<p><strong><em>El audio grabado por la fiscal\u00eda en 2023 a Joe Biden ofrece una idea sobre el estado cognitivo del pol\u00edtico dem\u00f3crata<\/em><\/strong><\/p>\n\n\n\n<p>El Gobierno de Donald Trump filtr\u00f3 a la prensa el audio de los<strong>&nbsp;interrogatorios realizados por la fiscal\u00eda en 2023<\/strong>&nbsp;al entonces presidente estadounidense,&nbsp;<strong>Joe Biden,<\/strong>&nbsp;y que en su momento desataron un debate sobre el estado cognitivo del pol\u00edtico dem\u00f3crata.<\/p>\n\n\n\n<p>La grabaci\u00f3n publicada por el portal Axios tiene una duraci\u00f3n de m\u00e1s de cinco horas y en ella se evidencian momentos en los que Biden, que entonces ten\u00eda 80 a\u00f1os, presenta<strong>&nbsp;dificultades para recordar fechas clave,<\/strong>&nbsp;como la muerte de su hijo Beau o el a\u00f1o en el que dej\u00f3 de ser vicepresidente.<\/p>\n\n\n\n<figure class=\"wp-block-embed is-type-rich is-provider-twitter wp-block-embed-twitter\"><div class=\"wp-block-embed__wrapper\">\n<blockquote class=\"twitter-tweet\" data-width=\"550\" data-dnt=\"true\"><p lang=\"en\" dir=\"ltr\">( <a href=\"https:\/\/twitter.com\/realDonaldTrump?ref_src=twsrc%5Etfw\">@realDonaldTrump<\/a> &#8211; Truth Social Post )<br>( Donald J. Trump &#8211; May 16, 2025, 10:07 AM ET )<br><br>I see that Highly Overrated Bruce Springsteen goes to a Foreign Country to speak badly about the President of the United States. Never liked him, never liked his music, or his Radical Left\u2026 <a href=\"https:\/\/t.co\/rdMSCAzVda\">pic.twitter.com\/rdMSCAzVda<\/a><\/p>&mdash; Donald J. Trump \ud83c\uddfa\ud83c\uddf8 TRUTH POSTS (@TruthTrumpPosts) <a href=\"https:\/\/twitter.com\/TruthTrumpPosts\/status\/1923387087090254325?ref_src=twsrc%5Etfw\">May 16, 2025<\/a><\/blockquote><script async src=\"https:\/\/platform.twitter.com\/widgets.js\" charset=\"utf-8\"><\/script>\n<\/div><\/figure>\n\n\n\n<p>El fiscal especial&nbsp;<strong>Robert Hur<\/strong>&nbsp;interrog\u00f3 a Biden el&nbsp;<strong>8 y 9 de octubre de 2023<\/strong>&nbsp;como parte de una investigaci\u00f3n<strong>&nbsp;por el hallazgo de documentos clasificados en su residencia privada<\/strong>, correspondientes a su \u00e9poca como vicepresidente durante el mandato de&nbsp;<strong>Barack Obama.<\/strong><\/p>\n\n\n\n<p>Hur emiti\u00f3 en 2024 un informe en el que afirm\u00f3 que<strong>&nbsp;no hab\u00eda pruebas suficientes para procesar a Biden,<\/strong>&nbsp;pero tambi\u00e9n destac\u00f3 que su memoria era&nbsp;<strong>\u201csignificativamente limitada\u201d<\/strong>&nbsp;y especul\u00f3 con que ser\u00eda dif\u00edcil convencer a un jurado de condenarlo, debido a su imagen de \u201canciano con buenas intenciones y mala memoria\u201d.<\/p>\n\n\n\n<p>Ese informe, criticado en su momento por la Casa Blanca, supuso un duro golpe para las aspiraciones de Biden, quien buscaba su reelecci\u00f3n para un segundo mandato, mientras crec\u00edan las<strong>&nbsp;cr\u00edticas por su avanzada edad y las dudas sobre su estado cognitivo.<\/strong><\/p>\n\n\n\n<p>Biden acab\u00f3 abandonando la carrera electoral tras su pobre desempe\u00f1o en un debate con&nbsp;<a href=\"https:\/\/x.com\/realDonaldTrump\" target=\"_blank\" rel=\"noreferrer noopener\">Trump<\/a>&nbsp;y cedi\u00f3 el testigo a su vicepresidenta,&nbsp;<strong>Kamala Harris,<\/strong>&nbsp;quien fue derrotada en las urnas por el republicano.<\/p>\n\n\n\n<p>La filtraci\u00f3n del audio, que el anterior Gobierno se hab\u00eda negado a publicar, coincide con un momento en que el estado mental de Biden vuelve a estar en el centro del debate, debido a<strong>&nbsp;la publicaci\u00f3n de un libro que se\u00f1ala que su entorno encubri\u00f3 su aparente declive.<\/strong><\/p>\n\n\n\n<blockquote class=\"wp-block-quote is-layout-flow wp-block-quote-is-layout-flow\">\n<p>\u201cConozco a gente de 89, 90, 92 y 93 a\u00f1os que est\u00e1n perfectos. Pero Joe no es uno de ellos y lo escondieron\u201d, declar\u00f3 a la prensa Trump, de 78 a\u00f1os.<\/p>\n<\/blockquote>\n\n\n\n<p>A diferencia de Biden, Trump fue imputado, entre otros casos, por&nbsp;<strong>haber retenido de forma deliberada documentos clasificados<\/strong>&nbsp;de su primer mandato en la Casa Blanca (2017-2021), pero la fiscal\u00eda desech\u00f3 la acusaci\u00f3n tras su victoria electoral.<\/p>\n","protected":false},"excerpt":{"rendered":"<p>El audio grabado por la fiscal\u00eda en 2023 a Joe Biden ofrece una idea sobre el estado cognitivo del pol\u00edtico dem\u00f3crata El Gobierno de Donald Trump filtr\u00f3 a la prensa el audio de los&nbsp;interrogatorios realizados por la fiscal\u00eda en 2023&nbsp;al entonces presidente estadounidense,&nbsp;Joe Biden,&nbsp;y que en su momento desataron un debate sobre el estado cognitivo [&hellip;]<\/p>\n","protected":false},"author":22,"featured_media":108614,"comment_status":"closed","ping_status":"open","sticky":false,"template":"","format":"standard","meta":{"tdm_status":"","tdm_grid_status":"","footnotes":""},"categories":[39],"tags":[],"class_list":{"0":"post-108615","1":"post","2":"type-post","3":"status-publish","4":"format-standard","5":"has-post-thumbnail","7":"category-noticias-nacionales"},"yoast_head":"<!-- This site is optimized with the Yoast SEO plugin v27.5 - https:\/\/yoast.com\/product\/yoast-seo-wordpress\/ -->\n<title>Trump filtra el audio del interrogatorio a Biden que expuso sus problemas de memoria - Fuentes Fidedignas<\/title>\n<meta name=\"robots\" content=\"index, follow, max-snippet:-1, max-image-preview:large, max-video-preview:-1\" \/>\n<link rel=\"canonical\" href=\"https:\/\/fuentesfidedignas.com.mx\/index.php\/2025\/05\/17\/trump-filtra-el-audio-del-interrogatorio-a-biden-que-expuso-sus-problemas-de-memoria\/\" \/>\n<meta property=\"og:locale\" content=\"es_MX\" \/>\n<meta property=\"og:type\" content=\"article\" \/>\n<meta property=\"og:title\" content=\"Trump filtra el audio del interrogatorio a Biden que expuso sus problemas de memoria - Fuentes Fidedignas\" \/>\n<meta property=\"og:description\" content=\"El audio grabado por la fiscal\u00eda en 2023 a Joe Biden ofrece una idea sobre el estado cognitivo del pol\u00edtico dem\u00f3crata El Gobierno de Donald Trump filtr\u00f3 a la prensa el audio de los&nbsp;interrogatorios realizados por la fiscal\u00eda en 2023&nbsp;al entonces presidente estadounidense,&nbsp;Joe Biden,&nbsp;y que en su momento desataron un debate sobre el estado cognitivo [&hellip;]\" \/>\n<meta property=\"og:url\" content=\"https:\/\/fuentesfidedignas.com.mx\/index.php\/2025\/05\/17\/trump-filtra-el-audio-del-interrogatorio-a-biden-que-expuso-sus-problemas-de-memoria\/\" \/>\n<meta property=\"og:site_name\" content=\"Fuentes Fidedignas\" \/>\n<meta property=\"article:publisher\" content=\"https:\/\/www.facebook.com\/Fuentes-Fidedignas-368234489921644\" \/>\n<meta property=\"article:published_time\" content=\"2025-05-17T19:15:50+00:00\" \/>\n<meta property=\"article:modified_time\" content=\"2025-05-17T20:18:42+00:00\" \/>\n<meta property=\"og:image\" content=\"https:\/\/fuentesfidedignas.com.mx\/wp-content\/uploads\/2025\/05\/img_3029.jpg\" \/>\n\t<meta property=\"og:image:width\" content=\"600\" \/>\n\t<meta property=\"og:image:height\" content=\"337\" \/>\n\t<meta property=\"og:image:type\" content=\"image\/jpeg\" \/>\n<meta name=\"author\" content=\"EFE\" \/>\n<meta name=\"twitter:card\" content=\"summary_large_image\" \/>\n<meta name=\"twitter:creator\" content=\"@fidedignas\" \/>\n<meta name=\"twitter:site\" content=\"@fidedignas\" \/>\n<meta name=\"twitter:label1\" content=\"Escrito por\" \/>\n\t<meta name=\"twitter:data1\" content=\"EFE\" \/>\n\t<meta name=\"twitter:label2\" content=\"Tiempo de lectura\" \/>\n\t<meta name=\"twitter:data2\" content=\"2 minutos\" \/>\n<script type=\"application\/ld+json\" class=\"yoast-schema-graph\">{\"@context\":\"https:\\\/\\\/schema.org\",\"@graph\":[{\"@type\":\"Article\",\"@id\":\"https:\\\/\\\/fuentesfidedignas.com.mx\\\/index.php\\\/2025\\\/05\\\/17\\\/trump-filtra-el-audio-del-interrogatorio-a-biden-que-expuso-sus-problemas-de-memoria\\\/#article\",\"isPartOf\":{\"@id\":\"https:\\\/\\\/fuentesfidedignas.com.mx\\\/index.php\\\/2025\\\/05\\\/17\\\/trump-filtra-el-audio-del-interrogatorio-a-biden-que-expuso-sus-problemas-de-memoria\\\/\"},\"author\":{\"name\":\"EFE\",\"@id\":\"https:\\\/\\\/fuentesfidedignas.com.mx\\\/#\\\/schema\\\/person\\\/0d44615087b5a626d5d3f13afe31ac41\"},\"headline\":\"Trump filtra el audio del interrogatorio a Biden que expuso sus problemas de memoria\",\"datePublished\":\"2025-05-17T19:15:50+00:00\",\"dateModified\":\"2025-05-17T20:18:42+00:00\",\"mainEntityOfPage\":{\"@id\":\"https:\\\/\\\/fuentesfidedignas.com.mx\\\/index.php\\\/2025\\\/05\\\/17\\\/trump-filtra-el-audio-del-interrogatorio-a-biden-que-expuso-sus-problemas-de-memoria\\\/\"},\"wordCount\":501,\"publisher\":{\"@id\":\"https:\\\/\\\/fuentesfidedignas.com.mx\\\/#organization\"},\"image\":{\"@id\":\"https:\\\/\\\/fuentesfidedignas.com.mx\\\/index.php\\\/2025\\\/05\\\/17\\\/trump-filtra-el-audio-del-interrogatorio-a-biden-que-expuso-sus-problemas-de-memoria\\\/#primaryimage\"},\"thumbnailUrl\":\"https:\\\/\\\/fuentesfidedignas.com.mx\\\/wp-content\\\/uploads\\\/2025\\\/05\\\/img_3029.jpg\",\"articleSection\":[\"NOTICIAS NACIONALES\"],\"inLanguage\":\"es\"},{\"@type\":\"WebPage\",\"@id\":\"https:\\\/\\\/fuentesfidedignas.com.mx\\\/index.php\\\/2025\\\/05\\\/17\\\/trump-filtra-el-audio-del-interrogatorio-a-biden-que-expuso-sus-problemas-de-memoria\\\/\",\"url\":\"https:\\\/\\\/fuentesfidedignas.com.mx\\\/index.php\\\/2025\\\/05\\\/17\\\/trump-filtra-el-audio-del-interrogatorio-a-biden-que-expuso-sus-problemas-de-memoria\\\/\",\"name\":\"Trump filtra el audio del interrogatorio a Biden que expuso sus problemas de memoria - Fuentes Fidedignas\",\"isPartOf\":{\"@id\":\"https:\\\/\\\/fuentesfidedignas.com.mx\\\/#website\"},\"primaryImageOfPage\":{\"@id\":\"https:\\\/\\\/fuentesfidedignas.com.mx\\\/index.php\\\/2025\\\/05\\\/17\\\/trump-filtra-el-audio-del-interrogatorio-a-biden-que-expuso-sus-problemas-de-memoria\\\/#primaryimage\"},\"image\":{\"@id\":\"https:\\\/\\\/fuentesfidedignas.com.mx\\\/index.php\\\/2025\\\/05\\\/17\\\/trump-filtra-el-audio-del-interrogatorio-a-biden-que-expuso-sus-problemas-de-memoria\\\/#primaryimage\"},\"thumbnailUrl\":\"https:\\\/\\\/fuentesfidedignas.com.mx\\\/wp-content\\\/uploads\\\/2025\\\/05\\\/img_3029.jpg\",\"datePublished\":\"2025-05-17T19:15:50+00:00\",\"dateModified\":\"2025-05-17T20:18:42+00:00\",\"breadcrumb\":{\"@id\":\"https:\\\/\\\/fuentesfidedignas.com.mx\\\/index.php\\\/2025\\\/05\\\/17\\\/trump-filtra-el-audio-del-interrogatorio-a-biden-que-expuso-sus-problemas-de-memoria\\\/#breadcrumb\"},\"inLanguage\":\"es\",\"potentialAction\":[{\"@type\":\"ReadAction\",\"target\":[\"https:\\\/\\\/fuentesfidedignas.com.mx\\\/index.php\\\/2025\\\/05\\\/17\\\/trump-filtra-el-audio-del-interrogatorio-a-biden-que-expuso-sus-problemas-de-memoria\\\/\"]}]},{\"@type\":\"ImageObject\",\"inLanguage\":\"es\",\"@id\":\"https:\\\/\\\/fuentesfidedignas.com.mx\\\/index.php\\\/2025\\\/05\\\/17\\\/trump-filtra-el-audio-del-interrogatorio-a-biden-que-expuso-sus-problemas-de-memoria\\\/#primaryimage\",\"url\":\"https:\\\/\\\/fuentesfidedignas.com.mx\\\/wp-content\\\/uploads\\\/2025\\\/05\\\/img_3029.jpg\",\"contentUrl\":\"https:\\\/\\\/fuentesfidedignas.com.mx\\\/wp-content\\\/uploads\\\/2025\\\/05\\\/img_3029.jpg\",\"width\":600,\"height\":337},{\"@type\":\"BreadcrumbList\",\"@id\":\"https:\\\/\\\/fuentesfidedignas.com.mx\\\/index.php\\\/2025\\\/05\\\/17\\\/trump-filtra-el-audio-del-interrogatorio-a-biden-que-expuso-sus-problemas-de-memoria\\\/#breadcrumb\",\"itemListElement\":[{\"@type\":\"ListItem\",\"position\":1,\"name\":\"Inicio\",\"item\":\"https:\\\/\\\/fuentesfidedignas.com.mx\\\/\"},{\"@type\":\"ListItem\",\"position\":2,\"name\":\"Trump filtra el audio del interrogatorio a Biden que expuso sus problemas de memoria\"}]},{\"@type\":\"WebSite\",\"@id\":\"https:\\\/\\\/fuentesfidedignas.com.mx\\\/#website\",\"url\":\"https:\\\/\\\/fuentesfidedignas.com.mx\\\/\",\"name\":\"Fuentes Fidedignas\",\"description\":\"Otro sitio realizado con WordPress\",\"publisher\":{\"@id\":\"https:\\\/\\\/fuentesfidedignas.com.mx\\\/#organization\"},\"potentialAction\":[{\"@type\":\"SearchAction\",\"target\":{\"@type\":\"EntryPoint\",\"urlTemplate\":\"https:\\\/\\\/fuentesfidedignas.com.mx\\\/?s={search_term_string}\"},\"query-input\":{\"@type\":\"PropertyValueSpecification\",\"valueRequired\":true,\"valueName\":\"search_term_string\"}}],\"inLanguage\":\"es\"},{\"@type\":\"Organization\",\"@id\":\"https:\\\/\\\/fuentesfidedignas.com.mx\\\/#organization\",\"name\":\"Fuentes Fidedignas\",\"url\":\"https:\\\/\\\/fuentesfidedignas.com.mx\\\/\",\"logo\":{\"@type\":\"ImageObject\",\"inLanguage\":\"es\",\"@id\":\"https:\\\/\\\/fuentesfidedignas.com.mx\\\/#\\\/schema\\\/logo\\\/image\\\/\",\"url\":\"https:\\\/\\\/fuentesfidedignas.com.mx\\\/wp-content\\\/uploads\\\/2021\\\/04\\\/logo-retina.png\",\"contentUrl\":\"https:\\\/\\\/fuentesfidedignas.com.mx\\\/wp-content\\\/uploads\\\/2021\\\/04\\\/logo-retina.png\",\"width\":280,\"height\":51,\"caption\":\"Fuentes Fidedignas\"},\"image\":{\"@id\":\"https:\\\/\\\/fuentesfidedignas.com.mx\\\/#\\\/schema\\\/logo\\\/image\\\/\"},\"sameAs\":[\"https:\\\/\\\/www.facebook.com\\\/Fuentes-Fidedignas-368234489921644\",\"https:\\\/\\\/x.com\\\/fidedignas\"]},{\"@type\":\"Person\",\"@id\":\"https:\\\/\\\/fuentesfidedignas.com.mx\\\/#\\\/schema\\\/person\\\/0d44615087b5a626d5d3f13afe31ac41\",\"name\":\"EFE\",\"image\":{\"@type\":\"ImageObject\",\"inLanguage\":\"es\",\"@id\":\"https:\\\/\\\/secure.gravatar.com\\\/avatar\\\/7048c2d9b569d9bed55bb53ad23821e6e047aa66338fb6ea9868627bbb9f54e8?s=96&d=mm&r=g\",\"url\":\"https:\\\/\\\/secure.gravatar.com\\\/avatar\\\/7048c2d9b569d9bed55bb53ad23821e6e047aa66338fb6ea9868627bbb9f54e8?s=96&d=mm&r=g\",\"contentUrl\":\"https:\\\/\\\/secure.gravatar.com\\\/avatar\\\/7048c2d9b569d9bed55bb53ad23821e6e047aa66338fb6ea9868627bbb9f54e8?s=96&d=mm&r=g\",\"caption\":\"EFE\"},\"url\":\"https:\\\/\\\/fuentesfidedignas.com.mx\\\/index.php\\\/author\\\/efe\\\/\"}]}<\/script>\n<!-- \/ Yoast SEO plugin. -->","yoast_head_json":{"title":"Trump filtra el audio del interrogatorio a Biden que expuso sus problemas de memoria - Fuentes Fidedignas","robots":{"index":"index","follow":"follow","max-snippet":"max-snippet:-1","max-image-preview":"max-image-preview:large","max-video-preview":"max-video-preview:-1"},"canonical":"https:\/\/fuentesfidedignas.com.mx\/index.php\/2025\/05\/17\/trump-filtra-el-audio-del-interrogatorio-a-biden-que-expuso-sus-problemas-de-memoria\/","og_locale":"es_MX","og_type":"article","og_title":"Trump filtra el audio del interrogatorio a Biden que expuso sus problemas de memoria - Fuentes Fidedignas","og_description":"El audio grabado por la fiscal\u00eda en 2023 a Joe Biden ofrece una idea sobre el estado cognitivo del pol\u00edtico dem\u00f3crata El Gobierno de Donald Trump filtr\u00f3 a la prensa el audio de los&nbsp;interrogatorios realizados por la fiscal\u00eda en 2023&nbsp;al entonces presidente estadounidense,&nbsp;Joe Biden,&nbsp;y que en su momento desataron un debate sobre el estado cognitivo [&hellip;]","og_url":"https:\/\/fuentesfidedignas.com.mx\/index.php\/2025\/05\/17\/trump-filtra-el-audio-del-interrogatorio-a-biden-que-expuso-sus-problemas-de-memoria\/","og_site_name":"Fuentes Fidedignas","article_publisher":"https:\/\/www.facebook.com\/Fuentes-Fidedignas-368234489921644","article_published_time":"2025-05-17T19:15:50+00:00","article_modified_time":"2025-05-17T20:18:42+00:00","og_image":[{"width":600,"height":337,"url":"https:\/\/fuentesfidedignas.com.mx\/wp-content\/uploads\/2025\/05\/img_3029.jpg","type":"image\/jpeg"}],"author":"EFE","twitter_card":"summary_large_image","twitter_creator":"@fidedignas","twitter_site":"@fidedignas","twitter_misc":{"Escrito por":"EFE","Tiempo de lectura":"2 minutos"},"schema":{"@context":"https:\/\/schema.org","@graph":[{"@type":"Article","@id":"https:\/\/fuentesfidedignas.com.mx\/index.php\/2025\/05\/17\/trump-filtra-el-audio-del-interrogatorio-a-biden-que-expuso-sus-problemas-de-memoria\/#article","isPartOf":{"@id":"https:\/\/fuentesfidedignas.com.mx\/index.php\/2025\/05\/17\/trump-filtra-el-audio-del-interrogatorio-a-biden-que-expuso-sus-problemas-de-memoria\/"},"author":{"name":"EFE","@id":"https:\/\/fuentesfidedignas.com.mx\/#\/schema\/person\/0d44615087b5a626d5d3f13afe31ac41"},"headline":"Trump filtra el audio del interrogatorio a Biden que expuso sus problemas de memoria","datePublished":"2025-05-17T19:15:50+00:00","dateModified":"2025-05-17T20:18:42+00:00","mainEntityOfPage":{"@id":"https:\/\/fuentesfidedignas.com.mx\/index.php\/2025\/05\/17\/trump-filtra-el-audio-del-interrogatorio-a-biden-que-expuso-sus-problemas-de-memoria\/"},"wordCount":501,"publisher":{"@id":"https:\/\/fuentesfidedignas.com.mx\/#organization"},"image":{"@id":"https:\/\/fuentesfidedignas.com.mx\/index.php\/2025\/05\/17\/trump-filtra-el-audio-del-interrogatorio-a-biden-que-expuso-sus-problemas-de-memoria\/#primaryimage"},"thumbnailUrl":"https:\/\/fuentesfidedignas.com.mx\/wp-content\/uploads\/2025\/05\/img_3029.jpg","articleSection":["NOTICIAS NACIONALES"],"inLanguage":"es"},{"@type":"WebPage","@id":"https:\/\/fuentesfidedignas.com.mx\/index.php\/2025\/05\/17\/trump-filtra-el-audio-del-interrogatorio-a-biden-que-expuso-sus-problemas-de-memoria\/","url":"https:\/\/fuentesfidedignas.com.mx\/index.php\/2025\/05\/17\/trump-filtra-el-audio-del-interrogatorio-a-biden-que-expuso-sus-problemas-de-memoria\/","name":"Trump filtra el audio del interrogatorio a Biden que expuso sus problemas de memoria - Fuentes Fidedignas","isPartOf":{"@id":"https:\/\/fuentesfidedignas.com.mx\/#website"},"primaryImageOfPage":{"@id":"https:\/\/fuentesfidedignas.com.mx\/index.php\/2025\/05\/17\/trump-filtra-el-audio-del-interrogatorio-a-biden-que-expuso-sus-problemas-de-memoria\/#primaryimage"},"image":{"@id":"https:\/\/fuentesfidedignas.com.mx\/index.php\/2025\/05\/17\/trump-filtra-el-audio-del-interrogatorio-a-biden-que-expuso-sus-problemas-de-memoria\/#primaryimage"},"thumbnailUrl":"https:\/\/fuentesfidedignas.com.mx\/wp-content\/uploads\/2025\/05\/img_3029.jpg","datePublished":"2025-05-17T19:15:50+00:00","dateModified":"2025-05-17T20:18:42+00:00","breadcrumb":{"@id":"https:\/\/fuentesfidedignas.com.mx\/index.php\/2025\/05\/17\/trump-filtra-el-audio-del-interrogatorio-a-biden-que-expuso-sus-problemas-de-memoria\/#breadcrumb"},"inLanguage":"es","potentialAction":[{"@type":"ReadAction","target":["https:\/\/fuentesfidedignas.com.mx\/index.php\/2025\/05\/17\/trump-filtra-el-audio-del-interrogatorio-a-biden-que-expuso-sus-problemas-de-memoria\/"]}]},{"@type":"ImageObject","inLanguage":"es","@id":"https:\/\/fuentesfidedignas.com.mx\/index.php\/2025\/05\/17\/trump-filtra-el-audio-del-interrogatorio-a-biden-que-expuso-sus-problemas-de-memoria\/#primaryimage","url":"https:\/\/fuentesfidedignas.com.mx\/wp-content\/uploads\/2025\/05\/img_3029.jpg","contentUrl":"https:\/\/fuentesfidedignas.com.mx\/wp-content\/uploads\/2025\/05\/img_3029.jpg","width":600,"height":337},{"@type":"BreadcrumbList","@id":"https:\/\/fuentesfidedignas.com.mx\/index.php\/2025\/05\/17\/trump-filtra-el-audio-del-interrogatorio-a-biden-que-expuso-sus-problemas-de-memoria\/#breadcrumb","itemListElement":[{"@type":"ListItem","position":1,"name":"Inicio","item":"https:\/\/fuentesfidedignas.com.mx\/"},{"@type":"ListItem","position":2,"name":"Trump filtra el audio del interrogatorio a Biden que expuso sus problemas de memoria"}]},{"@type":"WebSite","@id":"https:\/\/fuentesfidedignas.com.mx\/#website","url":"https:\/\/fuentesfidedignas.com.mx\/","name":"Fuentes Fidedignas","description":"Otro sitio realizado con WordPress","publisher":{"@id":"https:\/\/fuentesfidedignas.com.mx\/#organization"},"potentialAction":[{"@type":"SearchAction","target":{"@type":"EntryPoint","urlTemplate":"https:\/\/fuentesfidedignas.com.mx\/?s={search_term_string}"},"query-input":{"@type":"PropertyValueSpecification","valueRequired":true,"valueName":"search_term_string"}}],"inLanguage":"es"},{"@type":"Organization","@id":"https:\/\/fuentesfidedignas.com.mx\/#organization","name":"Fuentes Fidedignas","url":"https:\/\/fuentesfidedignas.com.mx\/","logo":{"@type":"ImageObject","inLanguage":"es","@id":"https:\/\/fuentesfidedignas.com.mx\/#\/schema\/logo\/image\/","url":"https:\/\/fuentesfidedignas.com.mx\/wp-content\/uploads\/2021\/04\/logo-retina.png","contentUrl":"https:\/\/fuentesfidedignas.com.mx\/wp-content\/uploads\/2021\/04\/logo-retina.png","width":280,"height":51,"caption":"Fuentes Fidedignas"},"image":{"@id":"https:\/\/fuentesfidedignas.com.mx\/#\/schema\/logo\/image\/"},"sameAs":["https:\/\/www.facebook.com\/Fuentes-Fidedignas-368234489921644","https:\/\/x.com\/fidedignas"]},{"@type":"Person","@id":"https:\/\/fuentesfidedignas.com.mx\/#\/schema\/person\/0d44615087b5a626d5d3f13afe31ac41","name":"EFE","image":{"@type":"ImageObject","inLanguage":"es","@id":"https:\/\/secure.gravatar.com\/avatar\/7048c2d9b569d9bed55bb53ad23821e6e047aa66338fb6ea9868627bbb9f54e8?s=96&d=mm&r=g","url":"https:\/\/secure.gravatar.com\/avatar\/7048c2d9b569d9bed55bb53ad23821e6e047aa66338fb6ea9868627bbb9f54e8?s=96&d=mm&r=g","contentUrl":"https:\/\/secure.gravatar.com\/avatar\/7048c2d9b569d9bed55bb53ad23821e6e047aa66338fb6ea9868627bbb9f54e8?s=96&d=mm&r=g","caption":"EFE"},"url":"https:\/\/fuentesfidedignas.com.mx\/index.php\/author\/efe\/"}]}},"_links":{"self":[{"href":"https:\/\/fuentesfidedignas.com.mx\/index.php\/wp-json\/wp\/v2\/posts\/108615","targetHints":{"allow":["GET"]}}],"collection":[{"href":"https:\/\/fuentesfidedignas.com.mx\/index.php\/wp-json\/wp\/v2\/posts"}],"about":[{"href":"https:\/\/fuentesfidedignas.com.mx\/index.php\/wp-json\/wp\/v2\/types\/post"}],"author":[{"embeddable":true,"href":"https:\/\/fuentesfidedignas.com.mx\/index.php\/wp-json\/wp\/v2\/users\/22"}],"replies":[{"embeddable":true,"href":"https:\/\/fuentesfidedignas.com.mx\/index.php\/wp-json\/wp\/v2\/comments?post=108615"}],"version-history":[{"count":2,"href":"https:\/\/fuentesfidedignas.com.mx\/index.php\/wp-json\/wp\/v2\/posts\/108615\/revisions"}],"predecessor-version":[{"id":108617,"href":"https:\/\/fuentesfidedignas.com.mx\/index.php\/wp-json\/wp\/v2\/posts\/108615\/revisions\/108617"}],"wp:featuredmedia":[{"embeddable":true,"href":"https:\/\/fuentesfidedignas.com.mx\/index.php\/wp-json\/wp\/v2\/media\/108614"}],"wp:attachment":[{"href":"https:\/\/fuentesfidedignas.com.mx\/index.php\/wp-json\/wp\/v2\/media?parent=108615"}],"wp:term":[{"taxonomy":"category","embeddable":true,"href":"https:\/\/fuentesfidedignas.com.mx\/index.php\/wp-json\/wp\/v2\/categories?post=108615"},{"taxonomy":"post_tag","embeddable":true,"href":"https:\/\/fuentesfidedignas.com.mx\/index.php\/wp-json\/wp\/v2\/tags?post=108615"}],"curies":[{"name":"wp","href":"https:\/\/api.w.org\/{rel}","templated":true}]}}