{"id":108584,"date":"2025-05-17T05:15:00","date_gmt":"2025-05-17T12:15:00","guid":{"rendered":"https:\/\/fuentesfidedignas.com.mx\/?p=108584"},"modified":"2025-05-16T19:19:29","modified_gmt":"2025-05-17T02:19:29","slug":"mujer-con-muerte-cerebral-sigue-conectada-por-embarazo-y-ley-antiaborto","status":"publish","type":"post","link":"https:\/\/fuentesfidedignas.com.mx\/index.php\/2025\/05\/17\/mujer-con-muerte-cerebral-sigue-conectada-por-embarazo-y-ley-antiaborto\/","title":{"rendered":"Mujer con muerte cerebral sigue conectada por embarazo y ley antiaborto"},"content":{"rendered":"\n<p><strong><em>Adriana Smith, con muerte cerebral, es mantenida con vida en Georgia debido a estricta ley antiaborto.<\/em><\/strong><\/p>\n\n\n\n<p>El caso de Adriana Smith, una enfermera de 30 a\u00f1os y madre de un ni\u00f1o de siete, ha generado un intenso debate legal y \u00e9tico en Estados Unidos. Smith fue declarada con muerte cerebral en febrero de 2025, cuando ten\u00eda aproximadamente nueve semanas de embarazo, debido a co\u00e1gulos sangu\u00edneos en el cerebro.<\/p>\n\n\n\n<p>Desde entonces, ha sido mantenida en soporte vital en el Emory University Hospital en Atlanta, Georgia, con el objetivo de permitir que el feto alcance la viabilidad fuera del \u00fatero.<\/p>\n\n\n\n<p>Esta decisi\u00f3n deber\u00eda haber sido nuestra&#8221;, lament\u00f3 April Newkirk, madre de la afectada, en declaraciones a un medio de Georgia, sureste de Estados Unidos, donde ocurre el caso.<\/p>\n\n\n\n<p>Seg\u00fan explic\u00f3 la madre, su hija Adriana Smith, de 30 a\u00f1os, sufri\u00f3 en febrero un grave problema de salud que provoc\u00f3 la completa e irreversible paralizaci\u00f3n de su cerebro, aparentemente por un error m\u00e9dico.<\/p>\n\n\n\n<p>Newkirk sostuvo que el hospital la mantiene con vida desde entonces para cumplir con una ley de Georgia que proh\u00edbe los abortos a partir de la sexta semana de gestaci\u00f3n, cuando se estima que se puede detectar la primera actividad card\u00edaca en el feto.<\/p>\n\n\n\n<figure class=\"wp-block-embed is-type-rich is-provider-twitter wp-block-embed-twitter\"><div class=\"wp-block-embed__wrapper\">\n<blockquote class=\"twitter-tweet\" data-width=\"550\" data-dnt=\"true\"><p lang=\"en\" dir=\"ltr\">Adriana Smith has been brain dead for over 90 days, but Georgia law requires doctors to keep her body alive because she\u2019s pregnant. Her family says they\u2019ve been stripped of medical decision-making and want people to understand the human toll of laws that ignore grief, choice, and\u2026 <a href=\"https:\/\/t.co\/TkxuiZtowI\">pic.twitter.com\/TkxuiZtowI<\/a><\/p>&mdash; Ben Crump (@AttorneyCrump) <a href=\"https:\/\/twitter.com\/AttorneyCrump\/status\/1923045976257732984?ref_src=twsrc%5Etfw\">May 15, 2025<\/a><\/blockquote><script async src=\"https:\/\/platform.twitter.com\/widgets.js\" charset=\"utf-8\"><\/script>\n<\/div><\/figure>\n\n\n\n<p>Esta situaci\u00f3n ha sido impulsada por la estricta ley antiaborto del estado, conocida como la &#8220;Ley del Latido del Coraz\u00f3n&#8221;, que proh\u00edbe la interrupci\u00f3n del embarazo una vez que se detecta actividad card\u00edaca fetal, generalmente alrededor de las seis semanas de gestaci\u00f3n.<\/p>\n\n\n\n<p>April Newkirk, ha expresado su angustia y frustraci\u00f3n por no poder tomar decisiones m\u00e9dicas respecto al cuerpo de su hija. Newkirk ha declarado que se sienten atrapados en una situaci\u00f3n sin opciones, describiendo la experiencia como &#8220;tortura&#8221;.<\/p>\n\n\n\n<p>&#8220;No digo que hubi\u00e9ramos optado por interrumpir su embarazo, pero lo que s\u00ed digo es que deber\u00edamos haber tenido la opci\u00f3n&#8221;, insisti\u00f3 Newkirk.<\/p>\n\n\n\n<p>Seg\u00fan informes, Smith est\u00e1 conectada a aparatos de asistencia respiratoria para permitir que el feto crezca y nazca, aunque Newkirk asegura que los propios m\u00e9dicos no tienen certeza sobre la salud o viabilidad para el feto.<\/p>\n\n\n\n<p>Katie Watson, profesora de la Universidad Northwestern especializada en \u00e9tica m\u00e9dica y derechos reproductivos, sostiene que la legislaci\u00f3n criticada no se puede aplicar a este caso y es una &#8220;interpretaci\u00f3n err\u00f3nea&#8221; de las normas.<\/p>\n\n\n\n<p>El texto penaliza &#8220;las intervenciones m\u00e9dicas que interrumpen un embarazo (\u2026) y que est\u00e1n motivadas por la intenci\u00f3n de interrumpir un embarazo&#8221;, explic\u00f3 a la AFP el viernes, asegurando que eso no tiene &#8220;ninguna relaci\u00f3n&#8221; con el caso de Smith.<\/p>\n\n\n\n<p>Desde que la Corte Suprema de Estados Unidos, con su mayor\u00eda conservadora, anul\u00f3 la garant\u00eda federal del derecho al aborto en 2022, los estados han recuperado plena libertad para legislar en esta \u00e1rea.<\/p>\n\n\n\n<p><strong>Contra la ley antiaborto<\/strong><br>La familia ha iniciado una campa\u00f1a de recaudaci\u00f3n de fondos para cubrir los costos asociados con el prolongado soporte vital y el cuidado futuro del beb\u00e9, cuya salud y desarrollo a\u00fan son inciertos.<\/p>\n\n\n\n<p>Expertos legales y m\u00e9dicos han se\u00f1alado que la ley de Georgia no proporciona directrices claras para casos como el de Smith, donde la madre ha sido declarada legalmente muerta.<\/p>\n\n\n\n<p>Sin embargo, debido a que la ley otorga personalidad jur\u00eddica al feto, los m\u00e9dicos sienten la obligaci\u00f3n de mantener el soporte vital para preservar la vida fetal.<\/p>\n\n\n\n<p>Este caso ha resaltado las complejidades y posibles consecuencias no previstas de las legislaciones restrictivas sobre el aborto, especialmente en situaciones m\u00e9dicas excepcionales.<\/p>\n\n\n\n<p><\/p>\n","protected":false},"excerpt":{"rendered":"<p>Adriana Smith, con muerte cerebral, es mantenida con vida en Georgia debido a estricta ley antiaborto. El caso de Adriana Smith, una enfermera de 30 a\u00f1os y madre de un ni\u00f1o de siete, ha generado un intenso debate legal y \u00e9tico en Estados Unidos. Smith fue declarada con muerte cerebral en febrero de 2025, cuando [&hellip;]<\/p>\n","protected":false},"author":7,"featured_media":108585,"comment_status":"open","ping_status":"open","sticky":false,"template":"","format":"standard","meta":{"tdm_status":"","tdm_grid_status":"","footnotes":""},"categories":[40],"tags":[],"class_list":{"0":"post-108584","1":"post","2":"type-post","3":"status-publish","4":"format-standard","5":"has-post-thumbnail","7":"category-las-asombrosas"},"yoast_head":"<!-- This site is optimized with the Yoast SEO plugin v27.5 - https:\/\/yoast.com\/product\/yoast-seo-wordpress\/ -->\n<title>Mujer con muerte cerebral sigue conectada por embarazo y ley antiaborto - Fuentes Fidedignas<\/title>\n<meta name=\"robots\" content=\"index, follow, max-snippet:-1, max-image-preview:large, max-video-preview:-1\" \/>\n<link rel=\"canonical\" href=\"https:\/\/fuentesfidedignas.com.mx\/index.php\/2025\/05\/17\/mujer-con-muerte-cerebral-sigue-conectada-por-embarazo-y-ley-antiaborto\/\" \/>\n<meta property=\"og:locale\" content=\"es_MX\" \/>\n<meta property=\"og:type\" content=\"article\" \/>\n<meta property=\"og:title\" content=\"Mujer con muerte cerebral sigue conectada por embarazo y ley antiaborto - Fuentes Fidedignas\" \/>\n<meta property=\"og:description\" content=\"Adriana Smith, con muerte cerebral, es mantenida con vida en Georgia debido a estricta ley antiaborto. El caso de Adriana Smith, una enfermera de 30 a\u00f1os y madre de un ni\u00f1o de siete, ha generado un intenso debate legal y \u00e9tico en Estados Unidos. Smith fue declarada con muerte cerebral en febrero de 2025, cuando [&hellip;]\" \/>\n<meta property=\"og:url\" content=\"https:\/\/fuentesfidedignas.com.mx\/index.php\/2025\/05\/17\/mujer-con-muerte-cerebral-sigue-conectada-por-embarazo-y-ley-antiaborto\/\" \/>\n<meta property=\"og:site_name\" content=\"Fuentes Fidedignas\" \/>\n<meta property=\"article:publisher\" content=\"https:\/\/www.facebook.com\/Fuentes-Fidedignas-368234489921644\" \/>\n<meta property=\"article:published_time\" content=\"2025-05-17T12:15:00+00:00\" \/>\n<meta property=\"og:image\" content=\"https:\/\/fuentesfidedignas.com.mx\/wp-content\/uploads\/2025\/05\/brazo-canalizado.jpg\" \/>\n\t<meta property=\"og:image:width\" content=\"600\" \/>\n\t<meta property=\"og:image:height\" content=\"448\" \/>\n\t<meta property=\"og:image:type\" content=\"image\/jpeg\" \/>\n<meta name=\"author\" content=\"Exc\u00e9lsior\" \/>\n<meta name=\"twitter:card\" content=\"summary_large_image\" \/>\n<meta name=\"twitter:creator\" content=\"@fidedignas\" \/>\n<meta name=\"twitter:site\" content=\"@fidedignas\" \/>\n<meta name=\"twitter:label1\" content=\"Escrito por\" \/>\n\t<meta name=\"twitter:data1\" content=\"Exc\u00e9lsior\" \/>\n\t<meta name=\"twitter:label2\" content=\"Tiempo de lectura\" \/>\n\t<meta name=\"twitter:data2\" content=\"3 minutos\" \/>\n<script type=\"application\/ld+json\" class=\"yoast-schema-graph\">{\"@context\":\"https:\\\/\\\/schema.org\",\"@graph\":[{\"@type\":\"Article\",\"@id\":\"https:\\\/\\\/fuentesfidedignas.com.mx\\\/index.php\\\/2025\\\/05\\\/17\\\/mujer-con-muerte-cerebral-sigue-conectada-por-embarazo-y-ley-antiaborto\\\/#article\",\"isPartOf\":{\"@id\":\"https:\\\/\\\/fuentesfidedignas.com.mx\\\/index.php\\\/2025\\\/05\\\/17\\\/mujer-con-muerte-cerebral-sigue-conectada-por-embarazo-y-ley-antiaborto\\\/\"},\"author\":{\"name\":\"Exc\u00e9lsior\",\"@id\":\"https:\\\/\\\/fuentesfidedignas.com.mx\\\/#\\\/schema\\\/person\\\/ec4edd1fbf5efa3e44fce34fe2787780\"},\"headline\":\"Mujer con muerte cerebral sigue conectada por embarazo y ley antiaborto\",\"datePublished\":\"2025-05-17T12:15:00+00:00\",\"mainEntityOfPage\":{\"@id\":\"https:\\\/\\\/fuentesfidedignas.com.mx\\\/index.php\\\/2025\\\/05\\\/17\\\/mujer-con-muerte-cerebral-sigue-conectada-por-embarazo-y-ley-antiaborto\\\/\"},\"wordCount\":623,\"commentCount\":0,\"publisher\":{\"@id\":\"https:\\\/\\\/fuentesfidedignas.com.mx\\\/#organization\"},\"image\":{\"@id\":\"https:\\\/\\\/fuentesfidedignas.com.mx\\\/index.php\\\/2025\\\/05\\\/17\\\/mujer-con-muerte-cerebral-sigue-conectada-por-embarazo-y-ley-antiaborto\\\/#primaryimage\"},\"thumbnailUrl\":\"https:\\\/\\\/fuentesfidedignas.com.mx\\\/wp-content\\\/uploads\\\/2025\\\/05\\\/brazo-canalizado.jpg\",\"articleSection\":[\"LAS ASOMBROSAS\"],\"inLanguage\":\"es\",\"potentialAction\":[{\"@type\":\"CommentAction\",\"name\":\"Comment\",\"target\":[\"https:\\\/\\\/fuentesfidedignas.com.mx\\\/index.php\\\/2025\\\/05\\\/17\\\/mujer-con-muerte-cerebral-sigue-conectada-por-embarazo-y-ley-antiaborto\\\/#respond\"]}]},{\"@type\":\"WebPage\",\"@id\":\"https:\\\/\\\/fuentesfidedignas.com.mx\\\/index.php\\\/2025\\\/05\\\/17\\\/mujer-con-muerte-cerebral-sigue-conectada-por-embarazo-y-ley-antiaborto\\\/\",\"url\":\"https:\\\/\\\/fuentesfidedignas.com.mx\\\/index.php\\\/2025\\\/05\\\/17\\\/mujer-con-muerte-cerebral-sigue-conectada-por-embarazo-y-ley-antiaborto\\\/\",\"name\":\"Mujer con muerte cerebral sigue conectada por embarazo y ley antiaborto - Fuentes Fidedignas\",\"isPartOf\":{\"@id\":\"https:\\\/\\\/fuentesfidedignas.com.mx\\\/#website\"},\"primaryImageOfPage\":{\"@id\":\"https:\\\/\\\/fuentesfidedignas.com.mx\\\/index.php\\\/2025\\\/05\\\/17\\\/mujer-con-muerte-cerebral-sigue-conectada-por-embarazo-y-ley-antiaborto\\\/#primaryimage\"},\"image\":{\"@id\":\"https:\\\/\\\/fuentesfidedignas.com.mx\\\/index.php\\\/2025\\\/05\\\/17\\\/mujer-con-muerte-cerebral-sigue-conectada-por-embarazo-y-ley-antiaborto\\\/#primaryimage\"},\"thumbnailUrl\":\"https:\\\/\\\/fuentesfidedignas.com.mx\\\/wp-content\\\/uploads\\\/2025\\\/05\\\/brazo-canalizado.jpg\",\"datePublished\":\"2025-05-17T12:15:00+00:00\",\"breadcrumb\":{\"@id\":\"https:\\\/\\\/fuentesfidedignas.com.mx\\\/index.php\\\/2025\\\/05\\\/17\\\/mujer-con-muerte-cerebral-sigue-conectada-por-embarazo-y-ley-antiaborto\\\/#breadcrumb\"},\"inLanguage\":\"es\",\"potentialAction\":[{\"@type\":\"ReadAction\",\"target\":[\"https:\\\/\\\/fuentesfidedignas.com.mx\\\/index.php\\\/2025\\\/05\\\/17\\\/mujer-con-muerte-cerebral-sigue-conectada-por-embarazo-y-ley-antiaborto\\\/\"]}]},{\"@type\":\"ImageObject\",\"inLanguage\":\"es\",\"@id\":\"https:\\\/\\\/fuentesfidedignas.com.mx\\\/index.php\\\/2025\\\/05\\\/17\\\/mujer-con-muerte-cerebral-sigue-conectada-por-embarazo-y-ley-antiaborto\\\/#primaryimage\",\"url\":\"https:\\\/\\\/fuentesfidedignas.com.mx\\\/wp-content\\\/uploads\\\/2025\\\/05\\\/brazo-canalizado.jpg\",\"contentUrl\":\"https:\\\/\\\/fuentesfidedignas.com.mx\\\/wp-content\\\/uploads\\\/2025\\\/05\\\/brazo-canalizado.jpg\",\"width\":600,\"height\":448},{\"@type\":\"BreadcrumbList\",\"@id\":\"https:\\\/\\\/fuentesfidedignas.com.mx\\\/index.php\\\/2025\\\/05\\\/17\\\/mujer-con-muerte-cerebral-sigue-conectada-por-embarazo-y-ley-antiaborto\\\/#breadcrumb\",\"itemListElement\":[{\"@type\":\"ListItem\",\"position\":1,\"name\":\"Inicio\",\"item\":\"https:\\\/\\\/fuentesfidedignas.com.mx\\\/\"},{\"@type\":\"ListItem\",\"position\":2,\"name\":\"Mujer con muerte cerebral sigue conectada por embarazo y ley antiaborto\"}]},{\"@type\":\"WebSite\",\"@id\":\"https:\\\/\\\/fuentesfidedignas.com.mx\\\/#website\",\"url\":\"https:\\\/\\\/fuentesfidedignas.com.mx\\\/\",\"name\":\"Fuentes Fidedignas\",\"description\":\"Otro sitio realizado con WordPress\",\"publisher\":{\"@id\":\"https:\\\/\\\/fuentesfidedignas.com.mx\\\/#organization\"},\"potentialAction\":[{\"@type\":\"SearchAction\",\"target\":{\"@type\":\"EntryPoint\",\"urlTemplate\":\"https:\\\/\\\/fuentesfidedignas.com.mx\\\/?s={search_term_string}\"},\"query-input\":{\"@type\":\"PropertyValueSpecification\",\"valueRequired\":true,\"valueName\":\"search_term_string\"}}],\"inLanguage\":\"es\"},{\"@type\":\"Organization\",\"@id\":\"https:\\\/\\\/fuentesfidedignas.com.mx\\\/#organization\",\"name\":\"Fuentes Fidedignas\",\"url\":\"https:\\\/\\\/fuentesfidedignas.com.mx\\\/\",\"logo\":{\"@type\":\"ImageObject\",\"inLanguage\":\"es\",\"@id\":\"https:\\\/\\\/fuentesfidedignas.com.mx\\\/#\\\/schema\\\/logo\\\/image\\\/\",\"url\":\"https:\\\/\\\/fuentesfidedignas.com.mx\\\/wp-content\\\/uploads\\\/2021\\\/04\\\/logo-retina.png\",\"contentUrl\":\"https:\\\/\\\/fuentesfidedignas.com.mx\\\/wp-content\\\/uploads\\\/2021\\\/04\\\/logo-retina.png\",\"width\":280,\"height\":51,\"caption\":\"Fuentes Fidedignas\"},\"image\":{\"@id\":\"https:\\\/\\\/fuentesfidedignas.com.mx\\\/#\\\/schema\\\/logo\\\/image\\\/\"},\"sameAs\":[\"https:\\\/\\\/www.facebook.com\\\/Fuentes-Fidedignas-368234489921644\",\"https:\\\/\\\/x.com\\\/fidedignas\"]},{\"@type\":\"Person\",\"@id\":\"https:\\\/\\\/fuentesfidedignas.com.mx\\\/#\\\/schema\\\/person\\\/ec4edd1fbf5efa3e44fce34fe2787780\",\"name\":\"Exc\u00e9lsior\",\"image\":{\"@type\":\"ImageObject\",\"inLanguage\":\"es\",\"@id\":\"https:\\\/\\\/secure.gravatar.com\\\/avatar\\\/4b7ee9206b48be08447852b3f0814dbc7c0f3b51541b164f1464a2725614020b?s=96&d=mm&r=g\",\"url\":\"https:\\\/\\\/secure.gravatar.com\\\/avatar\\\/4b7ee9206b48be08447852b3f0814dbc7c0f3b51541b164f1464a2725614020b?s=96&d=mm&r=g\",\"contentUrl\":\"https:\\\/\\\/secure.gravatar.com\\\/avatar\\\/4b7ee9206b48be08447852b3f0814dbc7c0f3b51541b164f1464a2725614020b?s=96&d=mm&r=g\",\"caption\":\"Exc\u00e9lsior\"},\"url\":\"https:\\\/\\\/fuentesfidedignas.com.mx\\\/index.php\\\/author\\\/excelsior\\\/\"}]}<\/script>\n<!-- \/ Yoast SEO plugin. -->","yoast_head_json":{"title":"Mujer con muerte cerebral sigue conectada por embarazo y ley antiaborto - Fuentes Fidedignas","robots":{"index":"index","follow":"follow","max-snippet":"max-snippet:-1","max-image-preview":"max-image-preview:large","max-video-preview":"max-video-preview:-1"},"canonical":"https:\/\/fuentesfidedignas.com.mx\/index.php\/2025\/05\/17\/mujer-con-muerte-cerebral-sigue-conectada-por-embarazo-y-ley-antiaborto\/","og_locale":"es_MX","og_type":"article","og_title":"Mujer con muerte cerebral sigue conectada por embarazo y ley antiaborto - Fuentes Fidedignas","og_description":"Adriana Smith, con muerte cerebral, es mantenida con vida en Georgia debido a estricta ley antiaborto. El caso de Adriana Smith, una enfermera de 30 a\u00f1os y madre de un ni\u00f1o de siete, ha generado un intenso debate legal y \u00e9tico en Estados Unidos. Smith fue declarada con muerte cerebral en febrero de 2025, cuando [&hellip;]","og_url":"https:\/\/fuentesfidedignas.com.mx\/index.php\/2025\/05\/17\/mujer-con-muerte-cerebral-sigue-conectada-por-embarazo-y-ley-antiaborto\/","og_site_name":"Fuentes Fidedignas","article_publisher":"https:\/\/www.facebook.com\/Fuentes-Fidedignas-368234489921644","article_published_time":"2025-05-17T12:15:00+00:00","og_image":[{"width":600,"height":448,"url":"https:\/\/fuentesfidedignas.com.mx\/wp-content\/uploads\/2025\/05\/brazo-canalizado.jpg","type":"image\/jpeg"}],"author":"Exc\u00e9lsior","twitter_card":"summary_large_image","twitter_creator":"@fidedignas","twitter_site":"@fidedignas","twitter_misc":{"Escrito por":"Exc\u00e9lsior","Tiempo de lectura":"3 minutos"},"schema":{"@context":"https:\/\/schema.org","@graph":[{"@type":"Article","@id":"https:\/\/fuentesfidedignas.com.mx\/index.php\/2025\/05\/17\/mujer-con-muerte-cerebral-sigue-conectada-por-embarazo-y-ley-antiaborto\/#article","isPartOf":{"@id":"https:\/\/fuentesfidedignas.com.mx\/index.php\/2025\/05\/17\/mujer-con-muerte-cerebral-sigue-conectada-por-embarazo-y-ley-antiaborto\/"},"author":{"name":"Exc\u00e9lsior","@id":"https:\/\/fuentesfidedignas.com.mx\/#\/schema\/person\/ec4edd1fbf5efa3e44fce34fe2787780"},"headline":"Mujer con muerte cerebral sigue conectada por embarazo y ley antiaborto","datePublished":"2025-05-17T12:15:00+00:00","mainEntityOfPage":{"@id":"https:\/\/fuentesfidedignas.com.mx\/index.php\/2025\/05\/17\/mujer-con-muerte-cerebral-sigue-conectada-por-embarazo-y-ley-antiaborto\/"},"wordCount":623,"commentCount":0,"publisher":{"@id":"https:\/\/fuentesfidedignas.com.mx\/#organization"},"image":{"@id":"https:\/\/fuentesfidedignas.com.mx\/index.php\/2025\/05\/17\/mujer-con-muerte-cerebral-sigue-conectada-por-embarazo-y-ley-antiaborto\/#primaryimage"},"thumbnailUrl":"https:\/\/fuentesfidedignas.com.mx\/wp-content\/uploads\/2025\/05\/brazo-canalizado.jpg","articleSection":["LAS ASOMBROSAS"],"inLanguage":"es","potentialAction":[{"@type":"CommentAction","name":"Comment","target":["https:\/\/fuentesfidedignas.com.mx\/index.php\/2025\/05\/17\/mujer-con-muerte-cerebral-sigue-conectada-por-embarazo-y-ley-antiaborto\/#respond"]}]},{"@type":"WebPage","@id":"https:\/\/fuentesfidedignas.com.mx\/index.php\/2025\/05\/17\/mujer-con-muerte-cerebral-sigue-conectada-por-embarazo-y-ley-antiaborto\/","url":"https:\/\/fuentesfidedignas.com.mx\/index.php\/2025\/05\/17\/mujer-con-muerte-cerebral-sigue-conectada-por-embarazo-y-ley-antiaborto\/","name":"Mujer con muerte cerebral sigue conectada por embarazo y ley antiaborto - Fuentes Fidedignas","isPartOf":{"@id":"https:\/\/fuentesfidedignas.com.mx\/#website"},"primaryImageOfPage":{"@id":"https:\/\/fuentesfidedignas.com.mx\/index.php\/2025\/05\/17\/mujer-con-muerte-cerebral-sigue-conectada-por-embarazo-y-ley-antiaborto\/#primaryimage"},"image":{"@id":"https:\/\/fuentesfidedignas.com.mx\/index.php\/2025\/05\/17\/mujer-con-muerte-cerebral-sigue-conectada-por-embarazo-y-ley-antiaborto\/#primaryimage"},"thumbnailUrl":"https:\/\/fuentesfidedignas.com.mx\/wp-content\/uploads\/2025\/05\/brazo-canalizado.jpg","datePublished":"2025-05-17T12:15:00+00:00","breadcrumb":{"@id":"https:\/\/fuentesfidedignas.com.mx\/index.php\/2025\/05\/17\/mujer-con-muerte-cerebral-sigue-conectada-por-embarazo-y-ley-antiaborto\/#breadcrumb"},"inLanguage":"es","potentialAction":[{"@type":"ReadAction","target":["https:\/\/fuentesfidedignas.com.mx\/index.php\/2025\/05\/17\/mujer-con-muerte-cerebral-sigue-conectada-por-embarazo-y-ley-antiaborto\/"]}]},{"@type":"ImageObject","inLanguage":"es","@id":"https:\/\/fuentesfidedignas.com.mx\/index.php\/2025\/05\/17\/mujer-con-muerte-cerebral-sigue-conectada-por-embarazo-y-ley-antiaborto\/#primaryimage","url":"https:\/\/fuentesfidedignas.com.mx\/wp-content\/uploads\/2025\/05\/brazo-canalizado.jpg","contentUrl":"https:\/\/fuentesfidedignas.com.mx\/wp-content\/uploads\/2025\/05\/brazo-canalizado.jpg","width":600,"height":448},{"@type":"BreadcrumbList","@id":"https:\/\/fuentesfidedignas.com.mx\/index.php\/2025\/05\/17\/mujer-con-muerte-cerebral-sigue-conectada-por-embarazo-y-ley-antiaborto\/#breadcrumb","itemListElement":[{"@type":"ListItem","position":1,"name":"Inicio","item":"https:\/\/fuentesfidedignas.com.mx\/"},{"@type":"ListItem","position":2,"name":"Mujer con muerte cerebral sigue conectada por embarazo y ley antiaborto"}]},{"@type":"WebSite","@id":"https:\/\/fuentesfidedignas.com.mx\/#website","url":"https:\/\/fuentesfidedignas.com.mx\/","name":"Fuentes Fidedignas","description":"Otro sitio realizado con WordPress","publisher":{"@id":"https:\/\/fuentesfidedignas.com.mx\/#organization"},"potentialAction":[{"@type":"SearchAction","target":{"@type":"EntryPoint","urlTemplate":"https:\/\/fuentesfidedignas.com.mx\/?s={search_term_string}"},"query-input":{"@type":"PropertyValueSpecification","valueRequired":true,"valueName":"search_term_string"}}],"inLanguage":"es"},{"@type":"Organization","@id":"https:\/\/fuentesfidedignas.com.mx\/#organization","name":"Fuentes Fidedignas","url":"https:\/\/fuentesfidedignas.com.mx\/","logo":{"@type":"ImageObject","inLanguage":"es","@id":"https:\/\/fuentesfidedignas.com.mx\/#\/schema\/logo\/image\/","url":"https:\/\/fuentesfidedignas.com.mx\/wp-content\/uploads\/2021\/04\/logo-retina.png","contentUrl":"https:\/\/fuentesfidedignas.com.mx\/wp-content\/uploads\/2021\/04\/logo-retina.png","width":280,"height":51,"caption":"Fuentes Fidedignas"},"image":{"@id":"https:\/\/fuentesfidedignas.com.mx\/#\/schema\/logo\/image\/"},"sameAs":["https:\/\/www.facebook.com\/Fuentes-Fidedignas-368234489921644","https:\/\/x.com\/fidedignas"]},{"@type":"Person","@id":"https:\/\/fuentesfidedignas.com.mx\/#\/schema\/person\/ec4edd1fbf5efa3e44fce34fe2787780","name":"Exc\u00e9lsior","image":{"@type":"ImageObject","inLanguage":"es","@id":"https:\/\/secure.gravatar.com\/avatar\/4b7ee9206b48be08447852b3f0814dbc7c0f3b51541b164f1464a2725614020b?s=96&d=mm&r=g","url":"https:\/\/secure.gravatar.com\/avatar\/4b7ee9206b48be08447852b3f0814dbc7c0f3b51541b164f1464a2725614020b?s=96&d=mm&r=g","contentUrl":"https:\/\/secure.gravatar.com\/avatar\/4b7ee9206b48be08447852b3f0814dbc7c0f3b51541b164f1464a2725614020b?s=96&d=mm&r=g","caption":"Exc\u00e9lsior"},"url":"https:\/\/fuentesfidedignas.com.mx\/index.php\/author\/excelsior\/"}]}},"_links":{"self":[{"href":"https:\/\/fuentesfidedignas.com.mx\/index.php\/wp-json\/wp\/v2\/posts\/108584","targetHints":{"allow":["GET"]}}],"collection":[{"href":"https:\/\/fuentesfidedignas.com.mx\/index.php\/wp-json\/wp\/v2\/posts"}],"about":[{"href":"https:\/\/fuentesfidedignas.com.mx\/index.php\/wp-json\/wp\/v2\/types\/post"}],"author":[{"embeddable":true,"href":"https:\/\/fuentesfidedignas.com.mx\/index.php\/wp-json\/wp\/v2\/users\/7"}],"replies":[{"embeddable":true,"href":"https:\/\/fuentesfidedignas.com.mx\/index.php\/wp-json\/wp\/v2\/comments?post=108584"}],"version-history":[{"count":1,"href":"https:\/\/fuentesfidedignas.com.mx\/index.php\/wp-json\/wp\/v2\/posts\/108584\/revisions"}],"predecessor-version":[{"id":108586,"href":"https:\/\/fuentesfidedignas.com.mx\/index.php\/wp-json\/wp\/v2\/posts\/108584\/revisions\/108586"}],"wp:featuredmedia":[{"embeddable":true,"href":"https:\/\/fuentesfidedignas.com.mx\/index.php\/wp-json\/wp\/v2\/media\/108585"}],"wp:attachment":[{"href":"https:\/\/fuentesfidedignas.com.mx\/index.php\/wp-json\/wp\/v2\/media?parent=108584"}],"wp:term":[{"taxonomy":"category","embeddable":true,"href":"https:\/\/fuentesfidedignas.com.mx\/index.php\/wp-json\/wp\/v2\/categories?post=108584"},{"taxonomy":"post_tag","embeddable":true,"href":"https:\/\/fuentesfidedignas.com.mx\/index.php\/wp-json\/wp\/v2\/tags?post=108584"}],"curies":[{"name":"wp","href":"https:\/\/api.w.org\/{rel}","templated":true}]}}