{"id":108581,"date":"2025-05-17T05:20:00","date_gmt":"2025-05-17T12:20:00","guid":{"rendered":"https:\/\/fuentesfidedignas.com.mx\/?p=108581"},"modified":"2025-05-16T19:02:04","modified_gmt":"2025-05-17T02:02:04","slug":"no-me-paso-nada-se-arroja-al-suelo-para-reparar-el-carro-y-su-perra-piensa-lo-peor-video","status":"publish","type":"post","link":"https:\/\/fuentesfidedignas.com.mx\/index.php\/2025\/05\/17\/no-me-paso-nada-se-arroja-al-suelo-para-reparar-el-carro-y-su-perra-piensa-lo-peor-video\/","title":{"rendered":"&#8220;\u00a1No me pas\u00f3 nada!&#8221;: Se arroja al suelo para reparar el carro y su perra piensa lo peor (VIDEO)"},"content":{"rendered":"\n<p><strong><em>&#8220;Estoy trabajando. No tengo nada, estoy bien&#8221;, le explica.<\/em><\/strong><\/p>\n\n\n\n<p>Im\u00e1genes difundidas en redes muestran a un hombre de Argentina intentando calmar a su mascota, mientras ella se posa encima de \u00e9l creyendo que se hab\u00eda descompensado. &#8220;Estoy trabajando. No tengo nada, estoy bien&#8221;, le explica.<\/p>\n\n\n\n<figure class=\"wp-block-embed is-type-rich is-provider-twitter wp-block-embed-twitter\"><div class=\"wp-block-embed__wrapper\">\n<blockquote class=\"twitter-tweet\" data-width=\"550\" data-dnt=\"true\"><p lang=\"es\" dir=\"ltr\">Un hombre se tir\u00f3 al piso para arreglar su auto y su perra pens\u00f3 que le estaba pasando algo: &quot;No me pas\u00f3 nada, boluda, estoy bien&quot;. <a href=\"https:\/\/t.co\/SomdWDeI7e\">pic.twitter.com\/SomdWDeI7e<\/a><\/p>&mdash; MDZ Online (@mdzol) <a href=\"https:\/\/twitter.com\/mdzol\/status\/1920178368919515343?ref_src=twsrc%5Etfw\">May 7, 2025<\/a><\/blockquote><script async src=\"https:\/\/platform.twitter.com\/widgets.js\" charset=\"utf-8\"><\/script>\n<\/div><\/figure>\n","protected":false},"excerpt":{"rendered":"<p>&#8220;Estoy trabajando. No tengo nada, estoy bien&#8221;, le explica. Im\u00e1genes difundidas en redes muestran a un hombre de Argentina intentando calmar a su mascota, mientras ella se posa encima de \u00e9l creyendo que se hab\u00eda descompensado. &#8220;Estoy trabajando. No tengo nada, estoy bien&#8221;, le explica.<\/p>\n","protected":false},"author":38,"featured_media":108582,"comment_status":"open","ping_status":"open","sticky":false,"template":"","format":"standard","meta":{"tdm_status":"","tdm_grid_status":"","footnotes":""},"categories":[40],"tags":[],"class_list":{"0":"post-108581","1":"post","2":"type-post","3":"status-publish","4":"format-standard","5":"has-post-thumbnail","7":"category-las-asombrosas"},"yoast_head":"<!-- This site is optimized with the Yoast SEO plugin v27.5 - https:\/\/yoast.com\/product\/yoast-seo-wordpress\/ -->\n<title>&quot;\u00a1No me pas\u00f3 nada!&quot;: Se arroja al suelo para reparar el carro y su perra piensa lo peor (VIDEO) - Fuentes Fidedignas<\/title>\n<meta name=\"robots\" content=\"index, follow, max-snippet:-1, max-image-preview:large, max-video-preview:-1\" \/>\n<link rel=\"canonical\" href=\"https:\/\/fuentesfidedignas.com.mx\/index.php\/2025\/05\/17\/no-me-paso-nada-se-arroja-al-suelo-para-reparar-el-carro-y-su-perra-piensa-lo-peor-video\/\" \/>\n<meta property=\"og:locale\" content=\"es_MX\" \/>\n<meta property=\"og:type\" content=\"article\" \/>\n<meta property=\"og:title\" content=\"&quot;\u00a1No me pas\u00f3 nada!&quot;: Se arroja al suelo para reparar el carro y su perra piensa lo peor (VIDEO) - Fuentes Fidedignas\" \/>\n<meta property=\"og:description\" content=\"&#8220;Estoy trabajando. No tengo nada, estoy bien&#8221;, le explica. Im\u00e1genes difundidas en redes muestran a un hombre de Argentina intentando calmar a su mascota, mientras ella se posa encima de \u00e9l creyendo que se hab\u00eda descompensado. &#8220;Estoy trabajando. No tengo nada, estoy bien&#8221;, le explica.\" \/>\n<meta property=\"og:url\" content=\"https:\/\/fuentesfidedignas.com.mx\/index.php\/2025\/05\/17\/no-me-paso-nada-se-arroja-al-suelo-para-reparar-el-carro-y-su-perra-piensa-lo-peor-video\/\" \/>\n<meta property=\"og:site_name\" content=\"Fuentes Fidedignas\" \/>\n<meta property=\"article:publisher\" content=\"https:\/\/www.facebook.com\/Fuentes-Fidedignas-368234489921644\" \/>\n<meta property=\"article:published_time\" content=\"2025-05-17T12:20:00+00:00\" \/>\n<meta property=\"og:image\" content=\"https:\/\/fuentesfidedignas.com.mx\/wp-content\/uploads\/2025\/05\/perro-asustado.jpg\" \/>\n\t<meta property=\"og:image:width\" content=\"600\" \/>\n\t<meta property=\"og:image:height\" content=\"338\" \/>\n\t<meta property=\"og:image:type\" content=\"image\/jpeg\" \/>\n<meta name=\"author\" content=\"Actualidad RT\" \/>\n<meta name=\"twitter:card\" content=\"summary_large_image\" \/>\n<meta name=\"twitter:creator\" content=\"@fidedignas\" \/>\n<meta name=\"twitter:site\" content=\"@fidedignas\" \/>\n<meta name=\"twitter:label1\" content=\"Escrito por\" \/>\n\t<meta name=\"twitter:data1\" content=\"Actualidad RT\" \/>\n\t<meta name=\"twitter:label2\" content=\"Tiempo de lectura\" \/>\n\t<meta name=\"twitter:data2\" content=\"1 minuto\" \/>\n<script type=\"application\/ld+json\" class=\"yoast-schema-graph\">{\"@context\":\"https:\\\/\\\/schema.org\",\"@graph\":[{\"@type\":\"Article\",\"@id\":\"https:\\\/\\\/fuentesfidedignas.com.mx\\\/index.php\\\/2025\\\/05\\\/17\\\/no-me-paso-nada-se-arroja-al-suelo-para-reparar-el-carro-y-su-perra-piensa-lo-peor-video\\\/#article\",\"isPartOf\":{\"@id\":\"https:\\\/\\\/fuentesfidedignas.com.mx\\\/index.php\\\/2025\\\/05\\\/17\\\/no-me-paso-nada-se-arroja-al-suelo-para-reparar-el-carro-y-su-perra-piensa-lo-peor-video\\\/\"},\"author\":{\"name\":\"Actualidad RT\",\"@id\":\"https:\\\/\\\/fuentesfidedignas.com.mx\\\/#\\\/schema\\\/person\\\/eade03a5d4a96f9b557ac266e3d63718\"},\"headline\":\"&#8220;\u00a1No me pas\u00f3 nada!&#8221;: Se arroja al suelo para reparar el carro y su perra piensa lo peor (VIDEO)\",\"datePublished\":\"2025-05-17T12:20:00+00:00\",\"mainEntityOfPage\":{\"@id\":\"https:\\\/\\\/fuentesfidedignas.com.mx\\\/index.php\\\/2025\\\/05\\\/17\\\/no-me-paso-nada-se-arroja-al-suelo-para-reparar-el-carro-y-su-perra-piensa-lo-peor-video\\\/\"},\"wordCount\":71,\"commentCount\":0,\"publisher\":{\"@id\":\"https:\\\/\\\/fuentesfidedignas.com.mx\\\/#organization\"},\"image\":{\"@id\":\"https:\\\/\\\/fuentesfidedignas.com.mx\\\/index.php\\\/2025\\\/05\\\/17\\\/no-me-paso-nada-se-arroja-al-suelo-para-reparar-el-carro-y-su-perra-piensa-lo-peor-video\\\/#primaryimage\"},\"thumbnailUrl\":\"https:\\\/\\\/fuentesfidedignas.com.mx\\\/wp-content\\\/uploads\\\/2025\\\/05\\\/perro-asustado.jpg\",\"articleSection\":[\"LAS ASOMBROSAS\"],\"inLanguage\":\"es\",\"potentialAction\":[{\"@type\":\"CommentAction\",\"name\":\"Comment\",\"target\":[\"https:\\\/\\\/fuentesfidedignas.com.mx\\\/index.php\\\/2025\\\/05\\\/17\\\/no-me-paso-nada-se-arroja-al-suelo-para-reparar-el-carro-y-su-perra-piensa-lo-peor-video\\\/#respond\"]}]},{\"@type\":\"WebPage\",\"@id\":\"https:\\\/\\\/fuentesfidedignas.com.mx\\\/index.php\\\/2025\\\/05\\\/17\\\/no-me-paso-nada-se-arroja-al-suelo-para-reparar-el-carro-y-su-perra-piensa-lo-peor-video\\\/\",\"url\":\"https:\\\/\\\/fuentesfidedignas.com.mx\\\/index.php\\\/2025\\\/05\\\/17\\\/no-me-paso-nada-se-arroja-al-suelo-para-reparar-el-carro-y-su-perra-piensa-lo-peor-video\\\/\",\"name\":\"\\\"\u00a1No me pas\u00f3 nada!\\\": Se arroja al suelo para reparar el carro y su perra piensa lo peor (VIDEO) - Fuentes Fidedignas\",\"isPartOf\":{\"@id\":\"https:\\\/\\\/fuentesfidedignas.com.mx\\\/#website\"},\"primaryImageOfPage\":{\"@id\":\"https:\\\/\\\/fuentesfidedignas.com.mx\\\/index.php\\\/2025\\\/05\\\/17\\\/no-me-paso-nada-se-arroja-al-suelo-para-reparar-el-carro-y-su-perra-piensa-lo-peor-video\\\/#primaryimage\"},\"image\":{\"@id\":\"https:\\\/\\\/fuentesfidedignas.com.mx\\\/index.php\\\/2025\\\/05\\\/17\\\/no-me-paso-nada-se-arroja-al-suelo-para-reparar-el-carro-y-su-perra-piensa-lo-peor-video\\\/#primaryimage\"},\"thumbnailUrl\":\"https:\\\/\\\/fuentesfidedignas.com.mx\\\/wp-content\\\/uploads\\\/2025\\\/05\\\/perro-asustado.jpg\",\"datePublished\":\"2025-05-17T12:20:00+00:00\",\"breadcrumb\":{\"@id\":\"https:\\\/\\\/fuentesfidedignas.com.mx\\\/index.php\\\/2025\\\/05\\\/17\\\/no-me-paso-nada-se-arroja-al-suelo-para-reparar-el-carro-y-su-perra-piensa-lo-peor-video\\\/#breadcrumb\"},\"inLanguage\":\"es\",\"potentialAction\":[{\"@type\":\"ReadAction\",\"target\":[\"https:\\\/\\\/fuentesfidedignas.com.mx\\\/index.php\\\/2025\\\/05\\\/17\\\/no-me-paso-nada-se-arroja-al-suelo-para-reparar-el-carro-y-su-perra-piensa-lo-peor-video\\\/\"]}]},{\"@type\":\"ImageObject\",\"inLanguage\":\"es\",\"@id\":\"https:\\\/\\\/fuentesfidedignas.com.mx\\\/index.php\\\/2025\\\/05\\\/17\\\/no-me-paso-nada-se-arroja-al-suelo-para-reparar-el-carro-y-su-perra-piensa-lo-peor-video\\\/#primaryimage\",\"url\":\"https:\\\/\\\/fuentesfidedignas.com.mx\\\/wp-content\\\/uploads\\\/2025\\\/05\\\/perro-asustado.jpg\",\"contentUrl\":\"https:\\\/\\\/fuentesfidedignas.com.mx\\\/wp-content\\\/uploads\\\/2025\\\/05\\\/perro-asustado.jpg\",\"width\":600,\"height\":338},{\"@type\":\"BreadcrumbList\",\"@id\":\"https:\\\/\\\/fuentesfidedignas.com.mx\\\/index.php\\\/2025\\\/05\\\/17\\\/no-me-paso-nada-se-arroja-al-suelo-para-reparar-el-carro-y-su-perra-piensa-lo-peor-video\\\/#breadcrumb\",\"itemListElement\":[{\"@type\":\"ListItem\",\"position\":1,\"name\":\"Inicio\",\"item\":\"https:\\\/\\\/fuentesfidedignas.com.mx\\\/\"},{\"@type\":\"ListItem\",\"position\":2,\"name\":\"&#8220;\u00a1No me pas\u00f3 nada!&#8221;: Se arroja al suelo para reparar el carro y su perra piensa lo peor (VIDEO)\"}]},{\"@type\":\"WebSite\",\"@id\":\"https:\\\/\\\/fuentesfidedignas.com.mx\\\/#website\",\"url\":\"https:\\\/\\\/fuentesfidedignas.com.mx\\\/\",\"name\":\"Fuentes Fidedignas\",\"description\":\"Otro sitio realizado con WordPress\",\"publisher\":{\"@id\":\"https:\\\/\\\/fuentesfidedignas.com.mx\\\/#organization\"},\"potentialAction\":[{\"@type\":\"SearchAction\",\"target\":{\"@type\":\"EntryPoint\",\"urlTemplate\":\"https:\\\/\\\/fuentesfidedignas.com.mx\\\/?s={search_term_string}\"},\"query-input\":{\"@type\":\"PropertyValueSpecification\",\"valueRequired\":true,\"valueName\":\"search_term_string\"}}],\"inLanguage\":\"es\"},{\"@type\":\"Organization\",\"@id\":\"https:\\\/\\\/fuentesfidedignas.com.mx\\\/#organization\",\"name\":\"Fuentes Fidedignas\",\"url\":\"https:\\\/\\\/fuentesfidedignas.com.mx\\\/\",\"logo\":{\"@type\":\"ImageObject\",\"inLanguage\":\"es\",\"@id\":\"https:\\\/\\\/fuentesfidedignas.com.mx\\\/#\\\/schema\\\/logo\\\/image\\\/\",\"url\":\"https:\\\/\\\/fuentesfidedignas.com.mx\\\/wp-content\\\/uploads\\\/2021\\\/04\\\/logo-retina.png\",\"contentUrl\":\"https:\\\/\\\/fuentesfidedignas.com.mx\\\/wp-content\\\/uploads\\\/2021\\\/04\\\/logo-retina.png\",\"width\":280,\"height\":51,\"caption\":\"Fuentes Fidedignas\"},\"image\":{\"@id\":\"https:\\\/\\\/fuentesfidedignas.com.mx\\\/#\\\/schema\\\/logo\\\/image\\\/\"},\"sameAs\":[\"https:\\\/\\\/www.facebook.com\\\/Fuentes-Fidedignas-368234489921644\",\"https:\\\/\\\/x.com\\\/fidedignas\"]},{\"@type\":\"Person\",\"@id\":\"https:\\\/\\\/fuentesfidedignas.com.mx\\\/#\\\/schema\\\/person\\\/eade03a5d4a96f9b557ac266e3d63718\",\"name\":\"Actualidad RT\",\"image\":{\"@type\":\"ImageObject\",\"inLanguage\":\"es\",\"@id\":\"https:\\\/\\\/secure.gravatar.com\\\/avatar\\\/443e88260a6a7111cf83d7014ab1894f91a4053ffd4e9da37d79effad3a35c81?s=96&d=mm&r=g\",\"url\":\"https:\\\/\\\/secure.gravatar.com\\\/avatar\\\/443e88260a6a7111cf83d7014ab1894f91a4053ffd4e9da37d79effad3a35c81?s=96&d=mm&r=g\",\"contentUrl\":\"https:\\\/\\\/secure.gravatar.com\\\/avatar\\\/443e88260a6a7111cf83d7014ab1894f91a4053ffd4e9da37d79effad3a35c81?s=96&d=mm&r=g\",\"caption\":\"Actualidad RT\"},\"url\":\"https:\\\/\\\/fuentesfidedignas.com.mx\\\/index.php\\\/author\\\/actualidad\\\/\"}]}<\/script>\n<!-- \/ Yoast SEO plugin. -->","yoast_head_json":{"title":"\"\u00a1No me pas\u00f3 nada!\": Se arroja al suelo para reparar el carro y su perra piensa lo peor (VIDEO) - Fuentes Fidedignas","robots":{"index":"index","follow":"follow","max-snippet":"max-snippet:-1","max-image-preview":"max-image-preview:large","max-video-preview":"max-video-preview:-1"},"canonical":"https:\/\/fuentesfidedignas.com.mx\/index.php\/2025\/05\/17\/no-me-paso-nada-se-arroja-al-suelo-para-reparar-el-carro-y-su-perra-piensa-lo-peor-video\/","og_locale":"es_MX","og_type":"article","og_title":"\"\u00a1No me pas\u00f3 nada!\": Se arroja al suelo para reparar el carro y su perra piensa lo peor (VIDEO) - Fuentes Fidedignas","og_description":"&#8220;Estoy trabajando. No tengo nada, estoy bien&#8221;, le explica. Im\u00e1genes difundidas en redes muestran a un hombre de Argentina intentando calmar a su mascota, mientras ella se posa encima de \u00e9l creyendo que se hab\u00eda descompensado. &#8220;Estoy trabajando. No tengo nada, estoy bien&#8221;, le explica.","og_url":"https:\/\/fuentesfidedignas.com.mx\/index.php\/2025\/05\/17\/no-me-paso-nada-se-arroja-al-suelo-para-reparar-el-carro-y-su-perra-piensa-lo-peor-video\/","og_site_name":"Fuentes Fidedignas","article_publisher":"https:\/\/www.facebook.com\/Fuentes-Fidedignas-368234489921644","article_published_time":"2025-05-17T12:20:00+00:00","og_image":[{"width":600,"height":338,"url":"https:\/\/fuentesfidedignas.com.mx\/wp-content\/uploads\/2025\/05\/perro-asustado.jpg","type":"image\/jpeg"}],"author":"Actualidad RT","twitter_card":"summary_large_image","twitter_creator":"@fidedignas","twitter_site":"@fidedignas","twitter_misc":{"Escrito por":"Actualidad RT","Tiempo de lectura":"1 minuto"},"schema":{"@context":"https:\/\/schema.org","@graph":[{"@type":"Article","@id":"https:\/\/fuentesfidedignas.com.mx\/index.php\/2025\/05\/17\/no-me-paso-nada-se-arroja-al-suelo-para-reparar-el-carro-y-su-perra-piensa-lo-peor-video\/#article","isPartOf":{"@id":"https:\/\/fuentesfidedignas.com.mx\/index.php\/2025\/05\/17\/no-me-paso-nada-se-arroja-al-suelo-para-reparar-el-carro-y-su-perra-piensa-lo-peor-video\/"},"author":{"name":"Actualidad RT","@id":"https:\/\/fuentesfidedignas.com.mx\/#\/schema\/person\/eade03a5d4a96f9b557ac266e3d63718"},"headline":"&#8220;\u00a1No me pas\u00f3 nada!&#8221;: Se arroja al suelo para reparar el carro y su perra piensa lo peor (VIDEO)","datePublished":"2025-05-17T12:20:00+00:00","mainEntityOfPage":{"@id":"https:\/\/fuentesfidedignas.com.mx\/index.php\/2025\/05\/17\/no-me-paso-nada-se-arroja-al-suelo-para-reparar-el-carro-y-su-perra-piensa-lo-peor-video\/"},"wordCount":71,"commentCount":0,"publisher":{"@id":"https:\/\/fuentesfidedignas.com.mx\/#organization"},"image":{"@id":"https:\/\/fuentesfidedignas.com.mx\/index.php\/2025\/05\/17\/no-me-paso-nada-se-arroja-al-suelo-para-reparar-el-carro-y-su-perra-piensa-lo-peor-video\/#primaryimage"},"thumbnailUrl":"https:\/\/fuentesfidedignas.com.mx\/wp-content\/uploads\/2025\/05\/perro-asustado.jpg","articleSection":["LAS ASOMBROSAS"],"inLanguage":"es","potentialAction":[{"@type":"CommentAction","name":"Comment","target":["https:\/\/fuentesfidedignas.com.mx\/index.php\/2025\/05\/17\/no-me-paso-nada-se-arroja-al-suelo-para-reparar-el-carro-y-su-perra-piensa-lo-peor-video\/#respond"]}]},{"@type":"WebPage","@id":"https:\/\/fuentesfidedignas.com.mx\/index.php\/2025\/05\/17\/no-me-paso-nada-se-arroja-al-suelo-para-reparar-el-carro-y-su-perra-piensa-lo-peor-video\/","url":"https:\/\/fuentesfidedignas.com.mx\/index.php\/2025\/05\/17\/no-me-paso-nada-se-arroja-al-suelo-para-reparar-el-carro-y-su-perra-piensa-lo-peor-video\/","name":"\"\u00a1No me pas\u00f3 nada!\": Se arroja al suelo para reparar el carro y su perra piensa lo peor (VIDEO) - Fuentes Fidedignas","isPartOf":{"@id":"https:\/\/fuentesfidedignas.com.mx\/#website"},"primaryImageOfPage":{"@id":"https:\/\/fuentesfidedignas.com.mx\/index.php\/2025\/05\/17\/no-me-paso-nada-se-arroja-al-suelo-para-reparar-el-carro-y-su-perra-piensa-lo-peor-video\/#primaryimage"},"image":{"@id":"https:\/\/fuentesfidedignas.com.mx\/index.php\/2025\/05\/17\/no-me-paso-nada-se-arroja-al-suelo-para-reparar-el-carro-y-su-perra-piensa-lo-peor-video\/#primaryimage"},"thumbnailUrl":"https:\/\/fuentesfidedignas.com.mx\/wp-content\/uploads\/2025\/05\/perro-asustado.jpg","datePublished":"2025-05-17T12:20:00+00:00","breadcrumb":{"@id":"https:\/\/fuentesfidedignas.com.mx\/index.php\/2025\/05\/17\/no-me-paso-nada-se-arroja-al-suelo-para-reparar-el-carro-y-su-perra-piensa-lo-peor-video\/#breadcrumb"},"inLanguage":"es","potentialAction":[{"@type":"ReadAction","target":["https:\/\/fuentesfidedignas.com.mx\/index.php\/2025\/05\/17\/no-me-paso-nada-se-arroja-al-suelo-para-reparar-el-carro-y-su-perra-piensa-lo-peor-video\/"]}]},{"@type":"ImageObject","inLanguage":"es","@id":"https:\/\/fuentesfidedignas.com.mx\/index.php\/2025\/05\/17\/no-me-paso-nada-se-arroja-al-suelo-para-reparar-el-carro-y-su-perra-piensa-lo-peor-video\/#primaryimage","url":"https:\/\/fuentesfidedignas.com.mx\/wp-content\/uploads\/2025\/05\/perro-asustado.jpg","contentUrl":"https:\/\/fuentesfidedignas.com.mx\/wp-content\/uploads\/2025\/05\/perro-asustado.jpg","width":600,"height":338},{"@type":"BreadcrumbList","@id":"https:\/\/fuentesfidedignas.com.mx\/index.php\/2025\/05\/17\/no-me-paso-nada-se-arroja-al-suelo-para-reparar-el-carro-y-su-perra-piensa-lo-peor-video\/#breadcrumb","itemListElement":[{"@type":"ListItem","position":1,"name":"Inicio","item":"https:\/\/fuentesfidedignas.com.mx\/"},{"@type":"ListItem","position":2,"name":"&#8220;\u00a1No me pas\u00f3 nada!&#8221;: Se arroja al suelo para reparar el carro y su perra piensa lo peor (VIDEO)"}]},{"@type":"WebSite","@id":"https:\/\/fuentesfidedignas.com.mx\/#website","url":"https:\/\/fuentesfidedignas.com.mx\/","name":"Fuentes Fidedignas","description":"Otro sitio realizado con WordPress","publisher":{"@id":"https:\/\/fuentesfidedignas.com.mx\/#organization"},"potentialAction":[{"@type":"SearchAction","target":{"@type":"EntryPoint","urlTemplate":"https:\/\/fuentesfidedignas.com.mx\/?s={search_term_string}"},"query-input":{"@type":"PropertyValueSpecification","valueRequired":true,"valueName":"search_term_string"}}],"inLanguage":"es"},{"@type":"Organization","@id":"https:\/\/fuentesfidedignas.com.mx\/#organization","name":"Fuentes Fidedignas","url":"https:\/\/fuentesfidedignas.com.mx\/","logo":{"@type":"ImageObject","inLanguage":"es","@id":"https:\/\/fuentesfidedignas.com.mx\/#\/schema\/logo\/image\/","url":"https:\/\/fuentesfidedignas.com.mx\/wp-content\/uploads\/2021\/04\/logo-retina.png","contentUrl":"https:\/\/fuentesfidedignas.com.mx\/wp-content\/uploads\/2021\/04\/logo-retina.png","width":280,"height":51,"caption":"Fuentes Fidedignas"},"image":{"@id":"https:\/\/fuentesfidedignas.com.mx\/#\/schema\/logo\/image\/"},"sameAs":["https:\/\/www.facebook.com\/Fuentes-Fidedignas-368234489921644","https:\/\/x.com\/fidedignas"]},{"@type":"Person","@id":"https:\/\/fuentesfidedignas.com.mx\/#\/schema\/person\/eade03a5d4a96f9b557ac266e3d63718","name":"Actualidad RT","image":{"@type":"ImageObject","inLanguage":"es","@id":"https:\/\/secure.gravatar.com\/avatar\/443e88260a6a7111cf83d7014ab1894f91a4053ffd4e9da37d79effad3a35c81?s=96&d=mm&r=g","url":"https:\/\/secure.gravatar.com\/avatar\/443e88260a6a7111cf83d7014ab1894f91a4053ffd4e9da37d79effad3a35c81?s=96&d=mm&r=g","contentUrl":"https:\/\/secure.gravatar.com\/avatar\/443e88260a6a7111cf83d7014ab1894f91a4053ffd4e9da37d79effad3a35c81?s=96&d=mm&r=g","caption":"Actualidad RT"},"url":"https:\/\/fuentesfidedignas.com.mx\/index.php\/author\/actualidad\/"}]}},"_links":{"self":[{"href":"https:\/\/fuentesfidedignas.com.mx\/index.php\/wp-json\/wp\/v2\/posts\/108581","targetHints":{"allow":["GET"]}}],"collection":[{"href":"https:\/\/fuentesfidedignas.com.mx\/index.php\/wp-json\/wp\/v2\/posts"}],"about":[{"href":"https:\/\/fuentesfidedignas.com.mx\/index.php\/wp-json\/wp\/v2\/types\/post"}],"author":[{"embeddable":true,"href":"https:\/\/fuentesfidedignas.com.mx\/index.php\/wp-json\/wp\/v2\/users\/38"}],"replies":[{"embeddable":true,"href":"https:\/\/fuentesfidedignas.com.mx\/index.php\/wp-json\/wp\/v2\/comments?post=108581"}],"version-history":[{"count":1,"href":"https:\/\/fuentesfidedignas.com.mx\/index.php\/wp-json\/wp\/v2\/posts\/108581\/revisions"}],"predecessor-version":[{"id":108583,"href":"https:\/\/fuentesfidedignas.com.mx\/index.php\/wp-json\/wp\/v2\/posts\/108581\/revisions\/108583"}],"wp:featuredmedia":[{"embeddable":true,"href":"https:\/\/fuentesfidedignas.com.mx\/index.php\/wp-json\/wp\/v2\/media\/108582"}],"wp:attachment":[{"href":"https:\/\/fuentesfidedignas.com.mx\/index.php\/wp-json\/wp\/v2\/media?parent=108581"}],"wp:term":[{"taxonomy":"category","embeddable":true,"href":"https:\/\/fuentesfidedignas.com.mx\/index.php\/wp-json\/wp\/v2\/categories?post=108581"},{"taxonomy":"post_tag","embeddable":true,"href":"https:\/\/fuentesfidedignas.com.mx\/index.php\/wp-json\/wp\/v2\/tags?post=108581"}],"curies":[{"name":"wp","href":"https:\/\/api.w.org\/{rel}","templated":true}]}}