{"id":108576,"date":"2025-05-16T18:18:17","date_gmt":"2025-05-17T01:18:17","guid":{"rendered":"https:\/\/fuentesfidedignas.com.mx\/?p=108576"},"modified":"2025-05-16T18:18:21","modified_gmt":"2025-05-17T01:18:21","slug":"vicente-fox-llama-a-no-votar-en-la-eleccion-judicial-2025-no-es-democracia-es-control-absoluto","status":"publish","type":"post","link":"https:\/\/fuentesfidedignas.com.mx\/index.php\/2025\/05\/16\/vicente-fox-llama-a-no-votar-en-la-eleccion-judicial-2025-no-es-democracia-es-control-absoluto\/","title":{"rendered":"Vicente Fox llama a no votar en la elecci\u00f3n judicial 2025: \u2018No es democracia, es control absoluto\u2019"},"content":{"rendered":"\n<p><strong><em>El expresidente panista afirm\u00f3 que los jueces \u201cno ofrecen propuestas, no hacen campa\u00f1as y no deben favores\u201d.<\/em><\/strong><\/p>\n\n\n\n<p>A s\u00f3lo dos semanas de que se lleve a cabo la Elecci\u00f3n Judicial 2025, el expresidente Vicente Fox hizo un llamado a la ciudadan\u00eda a no participar en el proceso democr\u00e1tico del pr\u00f3ximo domingo 1 de junio.<\/p>\n\n\n\n<p>\u201cToda mi vida he llamado a votar\u2026 pero el 1\u00b0 de junio no estar\u00e1s ejerciendo tu voto, estar\u00e1s legitimando una farsa\u201c, escribi\u00f3 Fox en su cuenta de X.<\/p>\n\n\n\n<p>En una clara actitud de rechazo hacia la elecci\u00f3n de jueces, magistrados y ministros, el panista afirm\u00f3 que los juzgadores no ofrecen propuestas, no hacen campa\u00f1as y no deben favores.<\/p>\n\n\n\n<p>\u201c\u00a1Esto no es democracia, es control absoluto!\u201c, sentenci\u00f3 en la red social y llam\u00f3 a defender el estado de derecho.<\/p>\n\n\n\n<blockquote class=\"twitter-tweet\"><p lang=\"es\" dir=\"ltr\">TODA MI VIDA HE LLAMADO A VOTAR\u2026<br>PERO EL 1\u00b0 DE JUNIO, NO ESTAR\u00c1S EJERCIENDO TU VOTO, ESTAR\u00c1S LEGITIMANDO UNA FARSA.<br>LOS JUECES NO OFRECEN PROPUESTAS, NO HACEN CAMPA\u00d1A, NO DEBEN DEBER FAVORES \u00a1ESTO NO ES DEMOCRACIA, ES CONTROL ABSOLUTO! \u00a1DEFENDAMOS EL ESTADO DE DERECHO!<\/p>&mdash; Vicente Fox Quesada (@VicenteFoxQue) <a href=\"https:\/\/twitter.com\/VicenteFoxQue\/status\/1923362811406635271?ref_src=twsrc%5Etfw\">May 16, 2025<\/a><\/blockquote> <script async src=\"https:\/\/platform.twitter.com\/widgets.js\" charset=\"utf-8\"><\/script>\n\n\n\n<p><strong>Presidenta del INE \u2018estalla\u2019 contra cr\u00edticas a la elecci\u00f3n judicial<\/strong><br>La presidenta del Instituto Nacional Electoral (INE), Guadalupe Taddei, calific\u00f3 de \u201cirresponsables, lamentables y graves\u201d las declaraciones de exconsejeros del \u00f3rgano electoral en las que advierten de \u201cciertos riesgos\u201d en las elecciones judiciales del 1 de junio, entre ellos, el fraude y el fin del instituto.<\/p>\n\n\n\n<p>En distintos foros y oportunidades, los exconsejeros presidentes del entonces Instituto Federal Electoral (IFE), Mar\u00eda Marv\u00e1n (2002-2006) y del INE, Lorenzo C\u00f3rdova (2014-2023), criticaron la elecci\u00f3n del Poder Judicial promovida por el expresidente Andr\u00e9s Manuel L\u00f3pez Obrador.<\/p>\n\n\n\n<p>C\u00f3rdova sostuvo que la elecci\u00f3n \u201ces absurda y solo tiene el prop\u00f3sito de adue\u00f1arse del Poder Judicial\u201d, mientras que Marv\u00e1n se\u00f1al\u00f3 la falta de certeza en las reglas de la elecci\u00f3n, la ruptura de las garant\u00edas y de la integridad electoral.<\/p>\n\n\n\n<p>\u201cEs muy lamentable, que quienes ya no est\u00e9n, en su calidad de exconsejeros, opinen sobre lo que est\u00e1 sucediendo en este proceso que, adem\u00e1s, jam\u00e1s les toc\u00f3 realizar\u201d, dijo Taddei en conferencia de prensa.<\/p>\n\n\n\n<p>La responsable del INE calific\u00f3 de \u201cgrave\u201d estas declaraciones y record\u00f3 que el instituto enfrenta un nuevo proceso.<\/p>\n\n\n\n<p>Asimismo, indic\u00f3 que las \u201copiniones de car\u00e1cter pol\u00edtico revestidas de conocimiento electoral\u201d no es lo que le corresponde hacer a los exconsejeros.<\/p>\n\n\n\n<p>\u201cA nosotros nos toca garantizarle a los ciudadanos que el INE est\u00e1 a punto de celebrar con \u00e9xito operativo, log\u00edstico y procedimental, el primer proceso electoral del Poder Judicial de la Federaci\u00f3n (PJF)\u201d, afirm\u00f3 la consejera presidenta.<\/p>\n","protected":false},"excerpt":{"rendered":"<p>El expresidente panista afirm\u00f3 que los jueces \u201cno ofrecen propuestas, no hacen campa\u00f1as y no deben favores\u201d. A s\u00f3lo dos semanas de que se lleve a cabo la Elecci\u00f3n Judicial 2025, el expresidente Vicente Fox hizo un llamado a la ciudadan\u00eda a no participar en el proceso democr\u00e1tico del pr\u00f3ximo domingo 1 de junio. \u201cToda [&hellip;]<\/p>\n","protected":false},"author":21,"featured_media":67240,"comment_status":"open","ping_status":"open","sticky":false,"template":"","format":"standard","meta":{"tdm_status":"","tdm_grid_status":"","footnotes":""},"categories":[39],"tags":[],"class_list":{"0":"post-108576","1":"post","2":"type-post","3":"status-publish","4":"format-standard","5":"has-post-thumbnail","7":"category-noticias-nacionales"},"yoast_head":"<!-- This site is optimized with the Yoast SEO plugin v27.5 - https:\/\/yoast.com\/product\/yoast-seo-wordpress\/ -->\n<title>Vicente Fox llama a no votar en la elecci\u00f3n judicial 2025: \u2018No es democracia, es control absoluto\u2019 - Fuentes Fidedignas<\/title>\n<meta name=\"robots\" content=\"index, follow, max-snippet:-1, max-image-preview:large, max-video-preview:-1\" \/>\n<link rel=\"canonical\" href=\"https:\/\/fuentesfidedignas.com.mx\/index.php\/2025\/05\/16\/vicente-fox-llama-a-no-votar-en-la-eleccion-judicial-2025-no-es-democracia-es-control-absoluto\/\" \/>\n<meta property=\"og:locale\" content=\"es_MX\" \/>\n<meta property=\"og:type\" content=\"article\" \/>\n<meta property=\"og:title\" content=\"Vicente Fox llama a no votar en la elecci\u00f3n judicial 2025: \u2018No es democracia, es control absoluto\u2019 - Fuentes Fidedignas\" \/>\n<meta property=\"og:description\" content=\"El expresidente panista afirm\u00f3 que los jueces \u201cno ofrecen propuestas, no hacen campa\u00f1as y no deben favores\u201d. A s\u00f3lo dos semanas de que se lleve a cabo la Elecci\u00f3n Judicial 2025, el expresidente Vicente Fox hizo un llamado a la ciudadan\u00eda a no participar en el proceso democr\u00e1tico del pr\u00f3ximo domingo 1 de junio. \u201cToda [&hellip;]\" \/>\n<meta property=\"og:url\" content=\"https:\/\/fuentesfidedignas.com.mx\/index.php\/2025\/05\/16\/vicente-fox-llama-a-no-votar-en-la-eleccion-judicial-2025-no-es-democracia-es-control-absoluto\/\" \/>\n<meta property=\"og:site_name\" content=\"Fuentes Fidedignas\" \/>\n<meta property=\"article:publisher\" content=\"https:\/\/www.facebook.com\/Fuentes-Fidedignas-368234489921644\" \/>\n<meta property=\"article:published_time\" content=\"2025-05-17T01:18:17+00:00\" \/>\n<meta property=\"article:modified_time\" content=\"2025-05-17T01:18:21+00:00\" \/>\n<meta property=\"og:image\" content=\"https:\/\/fuentesfidedignas.com.mx\/wp-content\/uploads\/2023\/11\/V_FOX.jpg\" \/>\n\t<meta property=\"og:image:width\" content=\"1000\" \/>\n\t<meta property=\"og:image:height\" content=\"582\" \/>\n\t<meta property=\"og:image:type\" content=\"image\/jpeg\" \/>\n<meta name=\"author\" content=\"El Financiero\" \/>\n<meta name=\"twitter:card\" content=\"summary_large_image\" \/>\n<meta name=\"twitter:creator\" content=\"@fidedignas\" \/>\n<meta name=\"twitter:site\" content=\"@fidedignas\" \/>\n<meta name=\"twitter:label1\" content=\"Escrito por\" \/>\n\t<meta name=\"twitter:data1\" content=\"El Financiero\" \/>\n\t<meta name=\"twitter:label2\" content=\"Tiempo de lectura\" \/>\n\t<meta name=\"twitter:data2\" content=\"2 minutos\" \/>\n<script type=\"application\/ld+json\" class=\"yoast-schema-graph\">{\"@context\":\"https:\\\/\\\/schema.org\",\"@graph\":[{\"@type\":\"Article\",\"@id\":\"https:\\\/\\\/fuentesfidedignas.com.mx\\\/index.php\\\/2025\\\/05\\\/16\\\/vicente-fox-llama-a-no-votar-en-la-eleccion-judicial-2025-no-es-democracia-es-control-absoluto\\\/#article\",\"isPartOf\":{\"@id\":\"https:\\\/\\\/fuentesfidedignas.com.mx\\\/index.php\\\/2025\\\/05\\\/16\\\/vicente-fox-llama-a-no-votar-en-la-eleccion-judicial-2025-no-es-democracia-es-control-absoluto\\\/\"},\"author\":{\"name\":\"El Financiero\",\"@id\":\"https:\\\/\\\/fuentesfidedignas.com.mx\\\/#\\\/schema\\\/person\\\/494f7e0dce8dfaaec5b64f16615b78e9\"},\"headline\":\"Vicente Fox llama a no votar en la elecci\u00f3n judicial 2025: \u2018No es democracia, es control absoluto\u2019\",\"datePublished\":\"2025-05-17T01:18:17+00:00\",\"dateModified\":\"2025-05-17T01:18:21+00:00\",\"mainEntityOfPage\":{\"@id\":\"https:\\\/\\\/fuentesfidedignas.com.mx\\\/index.php\\\/2025\\\/05\\\/16\\\/vicente-fox-llama-a-no-votar-en-la-eleccion-judicial-2025-no-es-democracia-es-control-absoluto\\\/\"},\"wordCount\":476,\"commentCount\":0,\"publisher\":{\"@id\":\"https:\\\/\\\/fuentesfidedignas.com.mx\\\/#organization\"},\"image\":{\"@id\":\"https:\\\/\\\/fuentesfidedignas.com.mx\\\/index.php\\\/2025\\\/05\\\/16\\\/vicente-fox-llama-a-no-votar-en-la-eleccion-judicial-2025-no-es-democracia-es-control-absoluto\\\/#primaryimage\"},\"thumbnailUrl\":\"https:\\\/\\\/fuentesfidedignas.com.mx\\\/wp-content\\\/uploads\\\/2023\\\/11\\\/V_FOX.jpg\",\"articleSection\":[\"NOTICIAS NACIONALES\"],\"inLanguage\":\"es\",\"potentialAction\":[{\"@type\":\"CommentAction\",\"name\":\"Comment\",\"target\":[\"https:\\\/\\\/fuentesfidedignas.com.mx\\\/index.php\\\/2025\\\/05\\\/16\\\/vicente-fox-llama-a-no-votar-en-la-eleccion-judicial-2025-no-es-democracia-es-control-absoluto\\\/#respond\"]}]},{\"@type\":\"WebPage\",\"@id\":\"https:\\\/\\\/fuentesfidedignas.com.mx\\\/index.php\\\/2025\\\/05\\\/16\\\/vicente-fox-llama-a-no-votar-en-la-eleccion-judicial-2025-no-es-democracia-es-control-absoluto\\\/\",\"url\":\"https:\\\/\\\/fuentesfidedignas.com.mx\\\/index.php\\\/2025\\\/05\\\/16\\\/vicente-fox-llama-a-no-votar-en-la-eleccion-judicial-2025-no-es-democracia-es-control-absoluto\\\/\",\"name\":\"Vicente Fox llama a no votar en la elecci\u00f3n judicial 2025: \u2018No es democracia, es control absoluto\u2019 - Fuentes Fidedignas\",\"isPartOf\":{\"@id\":\"https:\\\/\\\/fuentesfidedignas.com.mx\\\/#website\"},\"primaryImageOfPage\":{\"@id\":\"https:\\\/\\\/fuentesfidedignas.com.mx\\\/index.php\\\/2025\\\/05\\\/16\\\/vicente-fox-llama-a-no-votar-en-la-eleccion-judicial-2025-no-es-democracia-es-control-absoluto\\\/#primaryimage\"},\"image\":{\"@id\":\"https:\\\/\\\/fuentesfidedignas.com.mx\\\/index.php\\\/2025\\\/05\\\/16\\\/vicente-fox-llama-a-no-votar-en-la-eleccion-judicial-2025-no-es-democracia-es-control-absoluto\\\/#primaryimage\"},\"thumbnailUrl\":\"https:\\\/\\\/fuentesfidedignas.com.mx\\\/wp-content\\\/uploads\\\/2023\\\/11\\\/V_FOX.jpg\",\"datePublished\":\"2025-05-17T01:18:17+00:00\",\"dateModified\":\"2025-05-17T01:18:21+00:00\",\"breadcrumb\":{\"@id\":\"https:\\\/\\\/fuentesfidedignas.com.mx\\\/index.php\\\/2025\\\/05\\\/16\\\/vicente-fox-llama-a-no-votar-en-la-eleccion-judicial-2025-no-es-democracia-es-control-absoluto\\\/#breadcrumb\"},\"inLanguage\":\"es\",\"potentialAction\":[{\"@type\":\"ReadAction\",\"target\":[\"https:\\\/\\\/fuentesfidedignas.com.mx\\\/index.php\\\/2025\\\/05\\\/16\\\/vicente-fox-llama-a-no-votar-en-la-eleccion-judicial-2025-no-es-democracia-es-control-absoluto\\\/\"]}]},{\"@type\":\"ImageObject\",\"inLanguage\":\"es\",\"@id\":\"https:\\\/\\\/fuentesfidedignas.com.mx\\\/index.php\\\/2025\\\/05\\\/16\\\/vicente-fox-llama-a-no-votar-en-la-eleccion-judicial-2025-no-es-democracia-es-control-absoluto\\\/#primaryimage\",\"url\":\"https:\\\/\\\/fuentesfidedignas.com.mx\\\/wp-content\\\/uploads\\\/2023\\\/11\\\/V_FOX.jpg\",\"contentUrl\":\"https:\\\/\\\/fuentesfidedignas.com.mx\\\/wp-content\\\/uploads\\\/2023\\\/11\\\/V_FOX.jpg\",\"width\":1000,\"height\":582},{\"@type\":\"BreadcrumbList\",\"@id\":\"https:\\\/\\\/fuentesfidedignas.com.mx\\\/index.php\\\/2025\\\/05\\\/16\\\/vicente-fox-llama-a-no-votar-en-la-eleccion-judicial-2025-no-es-democracia-es-control-absoluto\\\/#breadcrumb\",\"itemListElement\":[{\"@type\":\"ListItem\",\"position\":1,\"name\":\"Inicio\",\"item\":\"https:\\\/\\\/fuentesfidedignas.com.mx\\\/\"},{\"@type\":\"ListItem\",\"position\":2,\"name\":\"Vicente Fox llama a no votar en la elecci\u00f3n judicial 2025: \u2018No es democracia, es control absoluto\u2019\"}]},{\"@type\":\"WebSite\",\"@id\":\"https:\\\/\\\/fuentesfidedignas.com.mx\\\/#website\",\"url\":\"https:\\\/\\\/fuentesfidedignas.com.mx\\\/\",\"name\":\"Fuentes Fidedignas\",\"description\":\"Otro sitio realizado con WordPress\",\"publisher\":{\"@id\":\"https:\\\/\\\/fuentesfidedignas.com.mx\\\/#organization\"},\"potentialAction\":[{\"@type\":\"SearchAction\",\"target\":{\"@type\":\"EntryPoint\",\"urlTemplate\":\"https:\\\/\\\/fuentesfidedignas.com.mx\\\/?s={search_term_string}\"},\"query-input\":{\"@type\":\"PropertyValueSpecification\",\"valueRequired\":true,\"valueName\":\"search_term_string\"}}],\"inLanguage\":\"es\"},{\"@type\":\"Organization\",\"@id\":\"https:\\\/\\\/fuentesfidedignas.com.mx\\\/#organization\",\"name\":\"Fuentes Fidedignas\",\"url\":\"https:\\\/\\\/fuentesfidedignas.com.mx\\\/\",\"logo\":{\"@type\":\"ImageObject\",\"inLanguage\":\"es\",\"@id\":\"https:\\\/\\\/fuentesfidedignas.com.mx\\\/#\\\/schema\\\/logo\\\/image\\\/\",\"url\":\"https:\\\/\\\/fuentesfidedignas.com.mx\\\/wp-content\\\/uploads\\\/2021\\\/04\\\/logo-retina.png\",\"contentUrl\":\"https:\\\/\\\/fuentesfidedignas.com.mx\\\/wp-content\\\/uploads\\\/2021\\\/04\\\/logo-retina.png\",\"width\":280,\"height\":51,\"caption\":\"Fuentes Fidedignas\"},\"image\":{\"@id\":\"https:\\\/\\\/fuentesfidedignas.com.mx\\\/#\\\/schema\\\/logo\\\/image\\\/\"},\"sameAs\":[\"https:\\\/\\\/www.facebook.com\\\/Fuentes-Fidedignas-368234489921644\",\"https:\\\/\\\/x.com\\\/fidedignas\"]},{\"@type\":\"Person\",\"@id\":\"https:\\\/\\\/fuentesfidedignas.com.mx\\\/#\\\/schema\\\/person\\\/494f7e0dce8dfaaec5b64f16615b78e9\",\"name\":\"El Financiero\",\"image\":{\"@type\":\"ImageObject\",\"inLanguage\":\"es\",\"@id\":\"https:\\\/\\\/secure.gravatar.com\\\/avatar\\\/88c0f3f2079389318ef8dd35c22cb997212aa89646e357ba59b318db26ed91a9?s=96&d=mm&r=g\",\"url\":\"https:\\\/\\\/secure.gravatar.com\\\/avatar\\\/88c0f3f2079389318ef8dd35c22cb997212aa89646e357ba59b318db26ed91a9?s=96&d=mm&r=g\",\"contentUrl\":\"https:\\\/\\\/secure.gravatar.com\\\/avatar\\\/88c0f3f2079389318ef8dd35c22cb997212aa89646e357ba59b318db26ed91a9?s=96&d=mm&r=g\",\"caption\":\"El Financiero\"},\"url\":\"https:\\\/\\\/fuentesfidedignas.com.mx\\\/index.php\\\/author\\\/financiero\\\/\"}]}<\/script>\n<!-- \/ Yoast SEO plugin. -->","yoast_head_json":{"title":"Vicente Fox llama a no votar en la elecci\u00f3n judicial 2025: \u2018No es democracia, es control absoluto\u2019 - Fuentes Fidedignas","robots":{"index":"index","follow":"follow","max-snippet":"max-snippet:-1","max-image-preview":"max-image-preview:large","max-video-preview":"max-video-preview:-1"},"canonical":"https:\/\/fuentesfidedignas.com.mx\/index.php\/2025\/05\/16\/vicente-fox-llama-a-no-votar-en-la-eleccion-judicial-2025-no-es-democracia-es-control-absoluto\/","og_locale":"es_MX","og_type":"article","og_title":"Vicente Fox llama a no votar en la elecci\u00f3n judicial 2025: \u2018No es democracia, es control absoluto\u2019 - Fuentes Fidedignas","og_description":"El expresidente panista afirm\u00f3 que los jueces \u201cno ofrecen propuestas, no hacen campa\u00f1as y no deben favores\u201d. A s\u00f3lo dos semanas de que se lleve a cabo la Elecci\u00f3n Judicial 2025, el expresidente Vicente Fox hizo un llamado a la ciudadan\u00eda a no participar en el proceso democr\u00e1tico del pr\u00f3ximo domingo 1 de junio. \u201cToda [&hellip;]","og_url":"https:\/\/fuentesfidedignas.com.mx\/index.php\/2025\/05\/16\/vicente-fox-llama-a-no-votar-en-la-eleccion-judicial-2025-no-es-democracia-es-control-absoluto\/","og_site_name":"Fuentes Fidedignas","article_publisher":"https:\/\/www.facebook.com\/Fuentes-Fidedignas-368234489921644","article_published_time":"2025-05-17T01:18:17+00:00","article_modified_time":"2025-05-17T01:18:21+00:00","og_image":[{"width":1000,"height":582,"url":"https:\/\/fuentesfidedignas.com.mx\/wp-content\/uploads\/2023\/11\/V_FOX.jpg","type":"image\/jpeg"}],"author":"El Financiero","twitter_card":"summary_large_image","twitter_creator":"@fidedignas","twitter_site":"@fidedignas","twitter_misc":{"Escrito por":"El Financiero","Tiempo de lectura":"2 minutos"},"schema":{"@context":"https:\/\/schema.org","@graph":[{"@type":"Article","@id":"https:\/\/fuentesfidedignas.com.mx\/index.php\/2025\/05\/16\/vicente-fox-llama-a-no-votar-en-la-eleccion-judicial-2025-no-es-democracia-es-control-absoluto\/#article","isPartOf":{"@id":"https:\/\/fuentesfidedignas.com.mx\/index.php\/2025\/05\/16\/vicente-fox-llama-a-no-votar-en-la-eleccion-judicial-2025-no-es-democracia-es-control-absoluto\/"},"author":{"name":"El Financiero","@id":"https:\/\/fuentesfidedignas.com.mx\/#\/schema\/person\/494f7e0dce8dfaaec5b64f16615b78e9"},"headline":"Vicente Fox llama a no votar en la elecci\u00f3n judicial 2025: \u2018No es democracia, es control absoluto\u2019","datePublished":"2025-05-17T01:18:17+00:00","dateModified":"2025-05-17T01:18:21+00:00","mainEntityOfPage":{"@id":"https:\/\/fuentesfidedignas.com.mx\/index.php\/2025\/05\/16\/vicente-fox-llama-a-no-votar-en-la-eleccion-judicial-2025-no-es-democracia-es-control-absoluto\/"},"wordCount":476,"commentCount":0,"publisher":{"@id":"https:\/\/fuentesfidedignas.com.mx\/#organization"},"image":{"@id":"https:\/\/fuentesfidedignas.com.mx\/index.php\/2025\/05\/16\/vicente-fox-llama-a-no-votar-en-la-eleccion-judicial-2025-no-es-democracia-es-control-absoluto\/#primaryimage"},"thumbnailUrl":"https:\/\/fuentesfidedignas.com.mx\/wp-content\/uploads\/2023\/11\/V_FOX.jpg","articleSection":["NOTICIAS NACIONALES"],"inLanguage":"es","potentialAction":[{"@type":"CommentAction","name":"Comment","target":["https:\/\/fuentesfidedignas.com.mx\/index.php\/2025\/05\/16\/vicente-fox-llama-a-no-votar-en-la-eleccion-judicial-2025-no-es-democracia-es-control-absoluto\/#respond"]}]},{"@type":"WebPage","@id":"https:\/\/fuentesfidedignas.com.mx\/index.php\/2025\/05\/16\/vicente-fox-llama-a-no-votar-en-la-eleccion-judicial-2025-no-es-democracia-es-control-absoluto\/","url":"https:\/\/fuentesfidedignas.com.mx\/index.php\/2025\/05\/16\/vicente-fox-llama-a-no-votar-en-la-eleccion-judicial-2025-no-es-democracia-es-control-absoluto\/","name":"Vicente Fox llama a no votar en la elecci\u00f3n judicial 2025: \u2018No es democracia, es control absoluto\u2019 - Fuentes Fidedignas","isPartOf":{"@id":"https:\/\/fuentesfidedignas.com.mx\/#website"},"primaryImageOfPage":{"@id":"https:\/\/fuentesfidedignas.com.mx\/index.php\/2025\/05\/16\/vicente-fox-llama-a-no-votar-en-la-eleccion-judicial-2025-no-es-democracia-es-control-absoluto\/#primaryimage"},"image":{"@id":"https:\/\/fuentesfidedignas.com.mx\/index.php\/2025\/05\/16\/vicente-fox-llama-a-no-votar-en-la-eleccion-judicial-2025-no-es-democracia-es-control-absoluto\/#primaryimage"},"thumbnailUrl":"https:\/\/fuentesfidedignas.com.mx\/wp-content\/uploads\/2023\/11\/V_FOX.jpg","datePublished":"2025-05-17T01:18:17+00:00","dateModified":"2025-05-17T01:18:21+00:00","breadcrumb":{"@id":"https:\/\/fuentesfidedignas.com.mx\/index.php\/2025\/05\/16\/vicente-fox-llama-a-no-votar-en-la-eleccion-judicial-2025-no-es-democracia-es-control-absoluto\/#breadcrumb"},"inLanguage":"es","potentialAction":[{"@type":"ReadAction","target":["https:\/\/fuentesfidedignas.com.mx\/index.php\/2025\/05\/16\/vicente-fox-llama-a-no-votar-en-la-eleccion-judicial-2025-no-es-democracia-es-control-absoluto\/"]}]},{"@type":"ImageObject","inLanguage":"es","@id":"https:\/\/fuentesfidedignas.com.mx\/index.php\/2025\/05\/16\/vicente-fox-llama-a-no-votar-en-la-eleccion-judicial-2025-no-es-democracia-es-control-absoluto\/#primaryimage","url":"https:\/\/fuentesfidedignas.com.mx\/wp-content\/uploads\/2023\/11\/V_FOX.jpg","contentUrl":"https:\/\/fuentesfidedignas.com.mx\/wp-content\/uploads\/2023\/11\/V_FOX.jpg","width":1000,"height":582},{"@type":"BreadcrumbList","@id":"https:\/\/fuentesfidedignas.com.mx\/index.php\/2025\/05\/16\/vicente-fox-llama-a-no-votar-en-la-eleccion-judicial-2025-no-es-democracia-es-control-absoluto\/#breadcrumb","itemListElement":[{"@type":"ListItem","position":1,"name":"Inicio","item":"https:\/\/fuentesfidedignas.com.mx\/"},{"@type":"ListItem","position":2,"name":"Vicente Fox llama a no votar en la elecci\u00f3n judicial 2025: \u2018No es democracia, es control absoluto\u2019"}]},{"@type":"WebSite","@id":"https:\/\/fuentesfidedignas.com.mx\/#website","url":"https:\/\/fuentesfidedignas.com.mx\/","name":"Fuentes Fidedignas","description":"Otro sitio realizado con WordPress","publisher":{"@id":"https:\/\/fuentesfidedignas.com.mx\/#organization"},"potentialAction":[{"@type":"SearchAction","target":{"@type":"EntryPoint","urlTemplate":"https:\/\/fuentesfidedignas.com.mx\/?s={search_term_string}"},"query-input":{"@type":"PropertyValueSpecification","valueRequired":true,"valueName":"search_term_string"}}],"inLanguage":"es"},{"@type":"Organization","@id":"https:\/\/fuentesfidedignas.com.mx\/#organization","name":"Fuentes Fidedignas","url":"https:\/\/fuentesfidedignas.com.mx\/","logo":{"@type":"ImageObject","inLanguage":"es","@id":"https:\/\/fuentesfidedignas.com.mx\/#\/schema\/logo\/image\/","url":"https:\/\/fuentesfidedignas.com.mx\/wp-content\/uploads\/2021\/04\/logo-retina.png","contentUrl":"https:\/\/fuentesfidedignas.com.mx\/wp-content\/uploads\/2021\/04\/logo-retina.png","width":280,"height":51,"caption":"Fuentes Fidedignas"},"image":{"@id":"https:\/\/fuentesfidedignas.com.mx\/#\/schema\/logo\/image\/"},"sameAs":["https:\/\/www.facebook.com\/Fuentes-Fidedignas-368234489921644","https:\/\/x.com\/fidedignas"]},{"@type":"Person","@id":"https:\/\/fuentesfidedignas.com.mx\/#\/schema\/person\/494f7e0dce8dfaaec5b64f16615b78e9","name":"El Financiero","image":{"@type":"ImageObject","inLanguage":"es","@id":"https:\/\/secure.gravatar.com\/avatar\/88c0f3f2079389318ef8dd35c22cb997212aa89646e357ba59b318db26ed91a9?s=96&d=mm&r=g","url":"https:\/\/secure.gravatar.com\/avatar\/88c0f3f2079389318ef8dd35c22cb997212aa89646e357ba59b318db26ed91a9?s=96&d=mm&r=g","contentUrl":"https:\/\/secure.gravatar.com\/avatar\/88c0f3f2079389318ef8dd35c22cb997212aa89646e357ba59b318db26ed91a9?s=96&d=mm&r=g","caption":"El Financiero"},"url":"https:\/\/fuentesfidedignas.com.mx\/index.php\/author\/financiero\/"}]}},"_links":{"self":[{"href":"https:\/\/fuentesfidedignas.com.mx\/index.php\/wp-json\/wp\/v2\/posts\/108576","targetHints":{"allow":["GET"]}}],"collection":[{"href":"https:\/\/fuentesfidedignas.com.mx\/index.php\/wp-json\/wp\/v2\/posts"}],"about":[{"href":"https:\/\/fuentesfidedignas.com.mx\/index.php\/wp-json\/wp\/v2\/types\/post"}],"author":[{"embeddable":true,"href":"https:\/\/fuentesfidedignas.com.mx\/index.php\/wp-json\/wp\/v2\/users\/21"}],"replies":[{"embeddable":true,"href":"https:\/\/fuentesfidedignas.com.mx\/index.php\/wp-json\/wp\/v2\/comments?post=108576"}],"version-history":[{"count":1,"href":"https:\/\/fuentesfidedignas.com.mx\/index.php\/wp-json\/wp\/v2\/posts\/108576\/revisions"}],"predecessor-version":[{"id":108577,"href":"https:\/\/fuentesfidedignas.com.mx\/index.php\/wp-json\/wp\/v2\/posts\/108576\/revisions\/108577"}],"wp:featuredmedia":[{"embeddable":true,"href":"https:\/\/fuentesfidedignas.com.mx\/index.php\/wp-json\/wp\/v2\/media\/67240"}],"wp:attachment":[{"href":"https:\/\/fuentesfidedignas.com.mx\/index.php\/wp-json\/wp\/v2\/media?parent=108576"}],"wp:term":[{"taxonomy":"category","embeddable":true,"href":"https:\/\/fuentesfidedignas.com.mx\/index.php\/wp-json\/wp\/v2\/categories?post=108576"},{"taxonomy":"post_tag","embeddable":true,"href":"https:\/\/fuentesfidedignas.com.mx\/index.php\/wp-json\/wp\/v2\/tags?post=108576"}],"curies":[{"name":"wp","href":"https:\/\/api.w.org\/{rel}","templated":true}]}}