{"id":108529,"date":"2025-05-16T07:37:51","date_gmt":"2025-05-16T14:37:51","guid":{"rendered":"https:\/\/fuentesfidedignas.com.mx\/?p=108529"},"modified":"2025-05-16T07:37:55","modified_gmt":"2025-05-16T14:37:55","slug":"exdiputado-de-morena-pierde-apelacion-y-ratifican-sentencia-de-22-anos-por-violacion-a-menor","status":"publish","type":"post","link":"https:\/\/fuentesfidedignas.com.mx\/index.php\/2025\/05\/16\/exdiputado-de-morena-pierde-apelacion-y-ratifican-sentencia-de-22-anos-por-violacion-a-menor\/","title":{"rendered":"Exdiputado de Morena pierde apelaci\u00f3n y ratifican sentencia de 22 a\u00f1os por violaci\u00f3n a menor"},"content":{"rendered":"\n<p><strong><em>El exdiputado federal de Morena, Benjam\u00edn Sa\u00fal Huerta, perdi\u00f3 un recurso de apelaci\u00f3n, y tendr\u00e1 que pasar 22 a\u00f1os en prisi\u00f3n por el delito de violaci\u00f3n contra una menor de edad.<\/em><\/strong><\/p>\n\n\n\n<p>Este 15 de mayo de 2025, se dio a conocer que el ex diputado de Morena, Benjam\u00edn Sa\u00fal Huerta, permanecer\u00e1 22 a\u00f1os tras las rejas luego de que se acreditara su culpabilidad por el delito de abuso sexual contra un menor de edad.<\/p>\n\n\n\n<p>El caso finalmente ha llegado a su fin y culmin\u00f3 en que el morenista pasar\u00e1 22 a\u00f1os en prisi\u00f3n, por un delito de \u00edndole sexual.<\/p>\n\n\n\n<p><strong>\u00bfC\u00f3mo se confirm\u00f3 la sentencia para el ex diputado Sa\u00fal Huerta?<\/strong><br>De acuerdo con la informaci\u00f3n emitida por las autoridades, magistrados del Poder Judicial (PJ) ratificaron la condena en contra del ex diputado, la cual hab\u00eda apelado previamente.<\/p>\n\n\n\n<p>Adem\u00e1s, esto termina por ratificar la sentencia que ya se le hab\u00eda otorgado en febrero del a\u00f1o 2024, sin embargo, Sa\u00fal Huerta no logr\u00f3 que procediera, por lo que deber\u00e1 de enfrentar los pr\u00f3ximos a\u00f1os en prisi\u00f3n.<\/p>\n\n\n\n<figure class=\"wp-block-image size-large\"><img decoding=\"async\" width=\"512\" height=\"1024\" src=\"https:\/\/fuentesfidedignas.com.mx\/wp-content\/uploads\/2025\/05\/image-3-7-512x1024.jpg\" alt=\"\" class=\"wp-image-108530\" srcset=\"https:\/\/fuentesfidedignas.com.mx\/wp-content\/uploads\/2025\/05\/image-3-7-512x1024.jpg 512w, https:\/\/fuentesfidedignas.com.mx\/wp-content\/uploads\/2025\/05\/image-3-7-150x300.jpg 150w, https:\/\/fuentesfidedignas.com.mx\/wp-content\/uploads\/2025\/05\/image-3-7-210x420.jpg 210w, https:\/\/fuentesfidedignas.com.mx\/wp-content\/uploads\/2025\/05\/image-3-7-420x840.jpg 420w, https:\/\/fuentesfidedignas.com.mx\/wp-content\/uploads\/2025\/05\/image-3-7-300x600.jpg 300w, https:\/\/fuentesfidedignas.com.mx\/wp-content\/uploads\/2025\/05\/image-3-7-600x1201.jpg 600w, https:\/\/fuentesfidedignas.com.mx\/wp-content\/uploads\/2025\/05\/image-3-7-696x1393.jpg 696w, https:\/\/fuentesfidedignas.com.mx\/wp-content\/uploads\/2025\/05\/image-3-7.jpg 750w\" sizes=\"(max-width: 512px) 100vw, 512px\" \/><\/figure>\n\n\n\n<p><strong>\u00bfQu\u00e9 delito cometi\u00f3 Sa\u00fal Huerta?<\/strong><br>Seg\u00fan la informaci\u00f3n que surgi\u00f3 en torno a este caso, el ex diputado Sa\u00fal Huerta habr\u00eda violado a un adolescente en el estado de Puebla, en el a\u00f1o 2021.<\/p>\n\n\n\n<p>Por ello, tras varios meses de investigaci\u00f3n, se logr\u00f3 comprobar que el morenista si hab\u00eda cometido este delito, por lo que se inici\u00f3 una demanda en su contra y las autoridades determinaron que su impugnaci\u00f3n iba a proceder.<\/p>\n\n\n\n<p><strong>\u00bfHay m\u00e1s casos contra Sa\u00fal Huerta?<\/strong><br>Es importante destacar que, actualmente, Sa\u00fal Huerta enfrenta al menos dos procesos adicionales por agresiones sexuales contra otros menores de entre 13 y 16 a\u00f1os, situaci\u00f3n que podr\u00eda extender el tiempo que permanezca tras las rejas.<\/p>\n\n\n\n<p>Cabe mencionar que estas acusaciones lo se\u00f1alan como un violador en potencia, ya que se presume que al menos 4 personas han sido sus v\u00edctimas, aunque a\u00fan falta por confirmarse los otros casos, mismos que posiblemente se confirmen a lo largo de los pr\u00f3ximos d\u00edas.<\/p>\n","protected":false},"excerpt":{"rendered":"<p>El exdiputado federal de Morena, Benjam\u00edn Sa\u00fal Huerta, perdi\u00f3 un recurso de apelaci\u00f3n, y tendr\u00e1 que pasar 22 a\u00f1os en prisi\u00f3n por el delito de violaci\u00f3n contra una menor de edad. Este 15 de mayo de 2025, se dio a conocer que el ex diputado de Morena, Benjam\u00edn Sa\u00fal Huerta, permanecer\u00e1 22 a\u00f1os tras las [&hellip;]<\/p>\n","protected":false},"author":191,"featured_media":108531,"comment_status":"open","ping_status":"open","sticky":false,"template":"","format":"standard","meta":{"tdm_status":"","tdm_grid_status":"","footnotes":""},"categories":[39],"tags":[],"class_list":{"0":"post-108529","1":"post","2":"type-post","3":"status-publish","4":"format-standard","5":"has-post-thumbnail","7":"category-noticias-nacionales"},"yoast_head":"<!-- This site is optimized with the Yoast SEO plugin v27.5 - https:\/\/yoast.com\/product\/yoast-seo-wordpress\/ -->\n<title>Exdiputado de Morena pierde apelaci\u00f3n y ratifican sentencia de 22 a\u00f1os por violaci\u00f3n a menor - Fuentes Fidedignas<\/title>\n<meta name=\"robots\" content=\"index, follow, max-snippet:-1, max-image-preview:large, max-video-preview:-1\" \/>\n<link rel=\"canonical\" href=\"https:\/\/fuentesfidedignas.com.mx\/index.php\/2025\/05\/16\/exdiputado-de-morena-pierde-apelacion-y-ratifican-sentencia-de-22-anos-por-violacion-a-menor\/\" \/>\n<meta property=\"og:locale\" content=\"es_MX\" \/>\n<meta property=\"og:type\" content=\"article\" \/>\n<meta property=\"og:title\" content=\"Exdiputado de Morena pierde apelaci\u00f3n y ratifican sentencia de 22 a\u00f1os por violaci\u00f3n a menor - Fuentes Fidedignas\" \/>\n<meta property=\"og:description\" content=\"El exdiputado federal de Morena, Benjam\u00edn Sa\u00fal Huerta, perdi\u00f3 un recurso de apelaci\u00f3n, y tendr\u00e1 que pasar 22 a\u00f1os en prisi\u00f3n por el delito de violaci\u00f3n contra una menor de edad. Este 15 de mayo de 2025, se dio a conocer que el ex diputado de Morena, Benjam\u00edn Sa\u00fal Huerta, permanecer\u00e1 22 a\u00f1os tras las [&hellip;]\" \/>\n<meta property=\"og:url\" content=\"https:\/\/fuentesfidedignas.com.mx\/index.php\/2025\/05\/16\/exdiputado-de-morena-pierde-apelacion-y-ratifican-sentencia-de-22-anos-por-violacion-a-menor\/\" \/>\n<meta property=\"og:site_name\" content=\"Fuentes Fidedignas\" \/>\n<meta property=\"article:publisher\" content=\"https:\/\/www.facebook.com\/Fuentes-Fidedignas-368234489921644\" \/>\n<meta property=\"article:published_time\" content=\"2025-05-16T14:37:51+00:00\" \/>\n<meta property=\"article:modified_time\" content=\"2025-05-16T14:37:55+00:00\" \/>\n<meta property=\"og:image\" content=\"https:\/\/fuentesfidedignas.com.mx\/wp-content\/uploads\/2025\/05\/saul-huerta.jpg\" \/>\n\t<meta property=\"og:image:width\" content=\"600\" \/>\n\t<meta property=\"og:image:height\" content=\"337\" \/>\n\t<meta property=\"og:image:type\" content=\"image\/jpeg\" \/>\n<meta name=\"author\" content=\"Posta\" \/>\n<meta name=\"twitter:card\" content=\"summary_large_image\" \/>\n<meta name=\"twitter:creator\" content=\"@fidedignas\" \/>\n<meta name=\"twitter:site\" content=\"@fidedignas\" \/>\n<meta name=\"twitter:label1\" content=\"Escrito por\" \/>\n\t<meta name=\"twitter:data1\" content=\"Posta\" \/>\n\t<meta name=\"twitter:label2\" content=\"Tiempo de lectura\" \/>\n\t<meta name=\"twitter:data2\" content=\"2 minutos\" \/>\n<script type=\"application\/ld+json\" class=\"yoast-schema-graph\">{\"@context\":\"https:\\\/\\\/schema.org\",\"@graph\":[{\"@type\":\"Article\",\"@id\":\"https:\\\/\\\/fuentesfidedignas.com.mx\\\/index.php\\\/2025\\\/05\\\/16\\\/exdiputado-de-morena-pierde-apelacion-y-ratifican-sentencia-de-22-anos-por-violacion-a-menor\\\/#article\",\"isPartOf\":{\"@id\":\"https:\\\/\\\/fuentesfidedignas.com.mx\\\/index.php\\\/2025\\\/05\\\/16\\\/exdiputado-de-morena-pierde-apelacion-y-ratifican-sentencia-de-22-anos-por-violacion-a-menor\\\/\"},\"author\":{\"name\":\"Posta\",\"@id\":\"https:\\\/\\\/fuentesfidedignas.com.mx\\\/#\\\/schema\\\/person\\\/ffa9c667372f3b028bd3afdedfc6cb16\"},\"headline\":\"Exdiputado de Morena pierde apelaci\u00f3n y ratifican sentencia de 22 a\u00f1os por violaci\u00f3n a menor\",\"datePublished\":\"2025-05-16T14:37:51+00:00\",\"dateModified\":\"2025-05-16T14:37:55+00:00\",\"mainEntityOfPage\":{\"@id\":\"https:\\\/\\\/fuentesfidedignas.com.mx\\\/index.php\\\/2025\\\/05\\\/16\\\/exdiputado-de-morena-pierde-apelacion-y-ratifican-sentencia-de-22-anos-por-violacion-a-menor\\\/\"},\"wordCount\":382,\"commentCount\":0,\"publisher\":{\"@id\":\"https:\\\/\\\/fuentesfidedignas.com.mx\\\/#organization\"},\"image\":{\"@id\":\"https:\\\/\\\/fuentesfidedignas.com.mx\\\/index.php\\\/2025\\\/05\\\/16\\\/exdiputado-de-morena-pierde-apelacion-y-ratifican-sentencia-de-22-anos-por-violacion-a-menor\\\/#primaryimage\"},\"thumbnailUrl\":\"https:\\\/\\\/fuentesfidedignas.com.mx\\\/wp-content\\\/uploads\\\/2025\\\/05\\\/saul-huerta.jpg\",\"articleSection\":[\"NOTICIAS NACIONALES\"],\"inLanguage\":\"es\",\"potentialAction\":[{\"@type\":\"CommentAction\",\"name\":\"Comment\",\"target\":[\"https:\\\/\\\/fuentesfidedignas.com.mx\\\/index.php\\\/2025\\\/05\\\/16\\\/exdiputado-de-morena-pierde-apelacion-y-ratifican-sentencia-de-22-anos-por-violacion-a-menor\\\/#respond\"]}]},{\"@type\":\"WebPage\",\"@id\":\"https:\\\/\\\/fuentesfidedignas.com.mx\\\/index.php\\\/2025\\\/05\\\/16\\\/exdiputado-de-morena-pierde-apelacion-y-ratifican-sentencia-de-22-anos-por-violacion-a-menor\\\/\",\"url\":\"https:\\\/\\\/fuentesfidedignas.com.mx\\\/index.php\\\/2025\\\/05\\\/16\\\/exdiputado-de-morena-pierde-apelacion-y-ratifican-sentencia-de-22-anos-por-violacion-a-menor\\\/\",\"name\":\"Exdiputado de Morena pierde apelaci\u00f3n y ratifican sentencia de 22 a\u00f1os por violaci\u00f3n a menor - Fuentes Fidedignas\",\"isPartOf\":{\"@id\":\"https:\\\/\\\/fuentesfidedignas.com.mx\\\/#website\"},\"primaryImageOfPage\":{\"@id\":\"https:\\\/\\\/fuentesfidedignas.com.mx\\\/index.php\\\/2025\\\/05\\\/16\\\/exdiputado-de-morena-pierde-apelacion-y-ratifican-sentencia-de-22-anos-por-violacion-a-menor\\\/#primaryimage\"},\"image\":{\"@id\":\"https:\\\/\\\/fuentesfidedignas.com.mx\\\/index.php\\\/2025\\\/05\\\/16\\\/exdiputado-de-morena-pierde-apelacion-y-ratifican-sentencia-de-22-anos-por-violacion-a-menor\\\/#primaryimage\"},\"thumbnailUrl\":\"https:\\\/\\\/fuentesfidedignas.com.mx\\\/wp-content\\\/uploads\\\/2025\\\/05\\\/saul-huerta.jpg\",\"datePublished\":\"2025-05-16T14:37:51+00:00\",\"dateModified\":\"2025-05-16T14:37:55+00:00\",\"breadcrumb\":{\"@id\":\"https:\\\/\\\/fuentesfidedignas.com.mx\\\/index.php\\\/2025\\\/05\\\/16\\\/exdiputado-de-morena-pierde-apelacion-y-ratifican-sentencia-de-22-anos-por-violacion-a-menor\\\/#breadcrumb\"},\"inLanguage\":\"es\",\"potentialAction\":[{\"@type\":\"ReadAction\",\"target\":[\"https:\\\/\\\/fuentesfidedignas.com.mx\\\/index.php\\\/2025\\\/05\\\/16\\\/exdiputado-de-morena-pierde-apelacion-y-ratifican-sentencia-de-22-anos-por-violacion-a-menor\\\/\"]}]},{\"@type\":\"ImageObject\",\"inLanguage\":\"es\",\"@id\":\"https:\\\/\\\/fuentesfidedignas.com.mx\\\/index.php\\\/2025\\\/05\\\/16\\\/exdiputado-de-morena-pierde-apelacion-y-ratifican-sentencia-de-22-anos-por-violacion-a-menor\\\/#primaryimage\",\"url\":\"https:\\\/\\\/fuentesfidedignas.com.mx\\\/wp-content\\\/uploads\\\/2025\\\/05\\\/saul-huerta.jpg\",\"contentUrl\":\"https:\\\/\\\/fuentesfidedignas.com.mx\\\/wp-content\\\/uploads\\\/2025\\\/05\\\/saul-huerta.jpg\",\"width\":600,\"height\":337},{\"@type\":\"BreadcrumbList\",\"@id\":\"https:\\\/\\\/fuentesfidedignas.com.mx\\\/index.php\\\/2025\\\/05\\\/16\\\/exdiputado-de-morena-pierde-apelacion-y-ratifican-sentencia-de-22-anos-por-violacion-a-menor\\\/#breadcrumb\",\"itemListElement\":[{\"@type\":\"ListItem\",\"position\":1,\"name\":\"Inicio\",\"item\":\"https:\\\/\\\/fuentesfidedignas.com.mx\\\/\"},{\"@type\":\"ListItem\",\"position\":2,\"name\":\"Exdiputado de Morena pierde apelaci\u00f3n y ratifican sentencia de 22 a\u00f1os por violaci\u00f3n a menor\"}]},{\"@type\":\"WebSite\",\"@id\":\"https:\\\/\\\/fuentesfidedignas.com.mx\\\/#website\",\"url\":\"https:\\\/\\\/fuentesfidedignas.com.mx\\\/\",\"name\":\"Fuentes Fidedignas\",\"description\":\"Otro sitio realizado con WordPress\",\"publisher\":{\"@id\":\"https:\\\/\\\/fuentesfidedignas.com.mx\\\/#organization\"},\"potentialAction\":[{\"@type\":\"SearchAction\",\"target\":{\"@type\":\"EntryPoint\",\"urlTemplate\":\"https:\\\/\\\/fuentesfidedignas.com.mx\\\/?s={search_term_string}\"},\"query-input\":{\"@type\":\"PropertyValueSpecification\",\"valueRequired\":true,\"valueName\":\"search_term_string\"}}],\"inLanguage\":\"es\"},{\"@type\":\"Organization\",\"@id\":\"https:\\\/\\\/fuentesfidedignas.com.mx\\\/#organization\",\"name\":\"Fuentes Fidedignas\",\"url\":\"https:\\\/\\\/fuentesfidedignas.com.mx\\\/\",\"logo\":{\"@type\":\"ImageObject\",\"inLanguage\":\"es\",\"@id\":\"https:\\\/\\\/fuentesfidedignas.com.mx\\\/#\\\/schema\\\/logo\\\/image\\\/\",\"url\":\"https:\\\/\\\/fuentesfidedignas.com.mx\\\/wp-content\\\/uploads\\\/2021\\\/04\\\/logo-retina.png\",\"contentUrl\":\"https:\\\/\\\/fuentesfidedignas.com.mx\\\/wp-content\\\/uploads\\\/2021\\\/04\\\/logo-retina.png\",\"width\":280,\"height\":51,\"caption\":\"Fuentes Fidedignas\"},\"image\":{\"@id\":\"https:\\\/\\\/fuentesfidedignas.com.mx\\\/#\\\/schema\\\/logo\\\/image\\\/\"},\"sameAs\":[\"https:\\\/\\\/www.facebook.com\\\/Fuentes-Fidedignas-368234489921644\",\"https:\\\/\\\/x.com\\\/fidedignas\"]},{\"@type\":\"Person\",\"@id\":\"https:\\\/\\\/fuentesfidedignas.com.mx\\\/#\\\/schema\\\/person\\\/ffa9c667372f3b028bd3afdedfc6cb16\",\"name\":\"Posta\",\"image\":{\"@type\":\"ImageObject\",\"inLanguage\":\"es\",\"@id\":\"https:\\\/\\\/secure.gravatar.com\\\/avatar\\\/f0744679186670455e2e337052f0b00a5a7f991925145494b74e4f16be569f35?s=96&d=mm&r=g\",\"url\":\"https:\\\/\\\/secure.gravatar.com\\\/avatar\\\/f0744679186670455e2e337052f0b00a5a7f991925145494b74e4f16be569f35?s=96&d=mm&r=g\",\"contentUrl\":\"https:\\\/\\\/secure.gravatar.com\\\/avatar\\\/f0744679186670455e2e337052f0b00a5a7f991925145494b74e4f16be569f35?s=96&d=mm&r=g\",\"caption\":\"Posta\"},\"url\":\"https:\\\/\\\/fuentesfidedignas.com.mx\\\/index.php\\\/author\\\/posta\\\/\"}]}<\/script>\n<!-- \/ Yoast SEO plugin. -->","yoast_head_json":{"title":"Exdiputado de Morena pierde apelaci\u00f3n y ratifican sentencia de 22 a\u00f1os por violaci\u00f3n a menor - Fuentes Fidedignas","robots":{"index":"index","follow":"follow","max-snippet":"max-snippet:-1","max-image-preview":"max-image-preview:large","max-video-preview":"max-video-preview:-1"},"canonical":"https:\/\/fuentesfidedignas.com.mx\/index.php\/2025\/05\/16\/exdiputado-de-morena-pierde-apelacion-y-ratifican-sentencia-de-22-anos-por-violacion-a-menor\/","og_locale":"es_MX","og_type":"article","og_title":"Exdiputado de Morena pierde apelaci\u00f3n y ratifican sentencia de 22 a\u00f1os por violaci\u00f3n a menor - Fuentes Fidedignas","og_description":"El exdiputado federal de Morena, Benjam\u00edn Sa\u00fal Huerta, perdi\u00f3 un recurso de apelaci\u00f3n, y tendr\u00e1 que pasar 22 a\u00f1os en prisi\u00f3n por el delito de violaci\u00f3n contra una menor de edad. Este 15 de mayo de 2025, se dio a conocer que el ex diputado de Morena, Benjam\u00edn Sa\u00fal Huerta, permanecer\u00e1 22 a\u00f1os tras las [&hellip;]","og_url":"https:\/\/fuentesfidedignas.com.mx\/index.php\/2025\/05\/16\/exdiputado-de-morena-pierde-apelacion-y-ratifican-sentencia-de-22-anos-por-violacion-a-menor\/","og_site_name":"Fuentes Fidedignas","article_publisher":"https:\/\/www.facebook.com\/Fuentes-Fidedignas-368234489921644","article_published_time":"2025-05-16T14:37:51+00:00","article_modified_time":"2025-05-16T14:37:55+00:00","og_image":[{"width":600,"height":337,"url":"https:\/\/fuentesfidedignas.com.mx\/wp-content\/uploads\/2025\/05\/saul-huerta.jpg","type":"image\/jpeg"}],"author":"Posta","twitter_card":"summary_large_image","twitter_creator":"@fidedignas","twitter_site":"@fidedignas","twitter_misc":{"Escrito por":"Posta","Tiempo de lectura":"2 minutos"},"schema":{"@context":"https:\/\/schema.org","@graph":[{"@type":"Article","@id":"https:\/\/fuentesfidedignas.com.mx\/index.php\/2025\/05\/16\/exdiputado-de-morena-pierde-apelacion-y-ratifican-sentencia-de-22-anos-por-violacion-a-menor\/#article","isPartOf":{"@id":"https:\/\/fuentesfidedignas.com.mx\/index.php\/2025\/05\/16\/exdiputado-de-morena-pierde-apelacion-y-ratifican-sentencia-de-22-anos-por-violacion-a-menor\/"},"author":{"name":"Posta","@id":"https:\/\/fuentesfidedignas.com.mx\/#\/schema\/person\/ffa9c667372f3b028bd3afdedfc6cb16"},"headline":"Exdiputado de Morena pierde apelaci\u00f3n y ratifican sentencia de 22 a\u00f1os por violaci\u00f3n a menor","datePublished":"2025-05-16T14:37:51+00:00","dateModified":"2025-05-16T14:37:55+00:00","mainEntityOfPage":{"@id":"https:\/\/fuentesfidedignas.com.mx\/index.php\/2025\/05\/16\/exdiputado-de-morena-pierde-apelacion-y-ratifican-sentencia-de-22-anos-por-violacion-a-menor\/"},"wordCount":382,"commentCount":0,"publisher":{"@id":"https:\/\/fuentesfidedignas.com.mx\/#organization"},"image":{"@id":"https:\/\/fuentesfidedignas.com.mx\/index.php\/2025\/05\/16\/exdiputado-de-morena-pierde-apelacion-y-ratifican-sentencia-de-22-anos-por-violacion-a-menor\/#primaryimage"},"thumbnailUrl":"https:\/\/fuentesfidedignas.com.mx\/wp-content\/uploads\/2025\/05\/saul-huerta.jpg","articleSection":["NOTICIAS NACIONALES"],"inLanguage":"es","potentialAction":[{"@type":"CommentAction","name":"Comment","target":["https:\/\/fuentesfidedignas.com.mx\/index.php\/2025\/05\/16\/exdiputado-de-morena-pierde-apelacion-y-ratifican-sentencia-de-22-anos-por-violacion-a-menor\/#respond"]}]},{"@type":"WebPage","@id":"https:\/\/fuentesfidedignas.com.mx\/index.php\/2025\/05\/16\/exdiputado-de-morena-pierde-apelacion-y-ratifican-sentencia-de-22-anos-por-violacion-a-menor\/","url":"https:\/\/fuentesfidedignas.com.mx\/index.php\/2025\/05\/16\/exdiputado-de-morena-pierde-apelacion-y-ratifican-sentencia-de-22-anos-por-violacion-a-menor\/","name":"Exdiputado de Morena pierde apelaci\u00f3n y ratifican sentencia de 22 a\u00f1os por violaci\u00f3n a menor - Fuentes Fidedignas","isPartOf":{"@id":"https:\/\/fuentesfidedignas.com.mx\/#website"},"primaryImageOfPage":{"@id":"https:\/\/fuentesfidedignas.com.mx\/index.php\/2025\/05\/16\/exdiputado-de-morena-pierde-apelacion-y-ratifican-sentencia-de-22-anos-por-violacion-a-menor\/#primaryimage"},"image":{"@id":"https:\/\/fuentesfidedignas.com.mx\/index.php\/2025\/05\/16\/exdiputado-de-morena-pierde-apelacion-y-ratifican-sentencia-de-22-anos-por-violacion-a-menor\/#primaryimage"},"thumbnailUrl":"https:\/\/fuentesfidedignas.com.mx\/wp-content\/uploads\/2025\/05\/saul-huerta.jpg","datePublished":"2025-05-16T14:37:51+00:00","dateModified":"2025-05-16T14:37:55+00:00","breadcrumb":{"@id":"https:\/\/fuentesfidedignas.com.mx\/index.php\/2025\/05\/16\/exdiputado-de-morena-pierde-apelacion-y-ratifican-sentencia-de-22-anos-por-violacion-a-menor\/#breadcrumb"},"inLanguage":"es","potentialAction":[{"@type":"ReadAction","target":["https:\/\/fuentesfidedignas.com.mx\/index.php\/2025\/05\/16\/exdiputado-de-morena-pierde-apelacion-y-ratifican-sentencia-de-22-anos-por-violacion-a-menor\/"]}]},{"@type":"ImageObject","inLanguage":"es","@id":"https:\/\/fuentesfidedignas.com.mx\/index.php\/2025\/05\/16\/exdiputado-de-morena-pierde-apelacion-y-ratifican-sentencia-de-22-anos-por-violacion-a-menor\/#primaryimage","url":"https:\/\/fuentesfidedignas.com.mx\/wp-content\/uploads\/2025\/05\/saul-huerta.jpg","contentUrl":"https:\/\/fuentesfidedignas.com.mx\/wp-content\/uploads\/2025\/05\/saul-huerta.jpg","width":600,"height":337},{"@type":"BreadcrumbList","@id":"https:\/\/fuentesfidedignas.com.mx\/index.php\/2025\/05\/16\/exdiputado-de-morena-pierde-apelacion-y-ratifican-sentencia-de-22-anos-por-violacion-a-menor\/#breadcrumb","itemListElement":[{"@type":"ListItem","position":1,"name":"Inicio","item":"https:\/\/fuentesfidedignas.com.mx\/"},{"@type":"ListItem","position":2,"name":"Exdiputado de Morena pierde apelaci\u00f3n y ratifican sentencia de 22 a\u00f1os por violaci\u00f3n a menor"}]},{"@type":"WebSite","@id":"https:\/\/fuentesfidedignas.com.mx\/#website","url":"https:\/\/fuentesfidedignas.com.mx\/","name":"Fuentes Fidedignas","description":"Otro sitio realizado con WordPress","publisher":{"@id":"https:\/\/fuentesfidedignas.com.mx\/#organization"},"potentialAction":[{"@type":"SearchAction","target":{"@type":"EntryPoint","urlTemplate":"https:\/\/fuentesfidedignas.com.mx\/?s={search_term_string}"},"query-input":{"@type":"PropertyValueSpecification","valueRequired":true,"valueName":"search_term_string"}}],"inLanguage":"es"},{"@type":"Organization","@id":"https:\/\/fuentesfidedignas.com.mx\/#organization","name":"Fuentes Fidedignas","url":"https:\/\/fuentesfidedignas.com.mx\/","logo":{"@type":"ImageObject","inLanguage":"es","@id":"https:\/\/fuentesfidedignas.com.mx\/#\/schema\/logo\/image\/","url":"https:\/\/fuentesfidedignas.com.mx\/wp-content\/uploads\/2021\/04\/logo-retina.png","contentUrl":"https:\/\/fuentesfidedignas.com.mx\/wp-content\/uploads\/2021\/04\/logo-retina.png","width":280,"height":51,"caption":"Fuentes Fidedignas"},"image":{"@id":"https:\/\/fuentesfidedignas.com.mx\/#\/schema\/logo\/image\/"},"sameAs":["https:\/\/www.facebook.com\/Fuentes-Fidedignas-368234489921644","https:\/\/x.com\/fidedignas"]},{"@type":"Person","@id":"https:\/\/fuentesfidedignas.com.mx\/#\/schema\/person\/ffa9c667372f3b028bd3afdedfc6cb16","name":"Posta","image":{"@type":"ImageObject","inLanguage":"es","@id":"https:\/\/secure.gravatar.com\/avatar\/f0744679186670455e2e337052f0b00a5a7f991925145494b74e4f16be569f35?s=96&d=mm&r=g","url":"https:\/\/secure.gravatar.com\/avatar\/f0744679186670455e2e337052f0b00a5a7f991925145494b74e4f16be569f35?s=96&d=mm&r=g","contentUrl":"https:\/\/secure.gravatar.com\/avatar\/f0744679186670455e2e337052f0b00a5a7f991925145494b74e4f16be569f35?s=96&d=mm&r=g","caption":"Posta"},"url":"https:\/\/fuentesfidedignas.com.mx\/index.php\/author\/posta\/"}]}},"_links":{"self":[{"href":"https:\/\/fuentesfidedignas.com.mx\/index.php\/wp-json\/wp\/v2\/posts\/108529","targetHints":{"allow":["GET"]}}],"collection":[{"href":"https:\/\/fuentesfidedignas.com.mx\/index.php\/wp-json\/wp\/v2\/posts"}],"about":[{"href":"https:\/\/fuentesfidedignas.com.mx\/index.php\/wp-json\/wp\/v2\/types\/post"}],"author":[{"embeddable":true,"href":"https:\/\/fuentesfidedignas.com.mx\/index.php\/wp-json\/wp\/v2\/users\/191"}],"replies":[{"embeddable":true,"href":"https:\/\/fuentesfidedignas.com.mx\/index.php\/wp-json\/wp\/v2\/comments?post=108529"}],"version-history":[{"count":1,"href":"https:\/\/fuentesfidedignas.com.mx\/index.php\/wp-json\/wp\/v2\/posts\/108529\/revisions"}],"predecessor-version":[{"id":108532,"href":"https:\/\/fuentesfidedignas.com.mx\/index.php\/wp-json\/wp\/v2\/posts\/108529\/revisions\/108532"}],"wp:featuredmedia":[{"embeddable":true,"href":"https:\/\/fuentesfidedignas.com.mx\/index.php\/wp-json\/wp\/v2\/media\/108531"}],"wp:attachment":[{"href":"https:\/\/fuentesfidedignas.com.mx\/index.php\/wp-json\/wp\/v2\/media?parent=108529"}],"wp:term":[{"taxonomy":"category","embeddable":true,"href":"https:\/\/fuentesfidedignas.com.mx\/index.php\/wp-json\/wp\/v2\/categories?post=108529"},{"taxonomy":"post_tag","embeddable":true,"href":"https:\/\/fuentesfidedignas.com.mx\/index.php\/wp-json\/wp\/v2\/tags?post=108529"}],"curies":[{"name":"wp","href":"https:\/\/api.w.org\/{rel}","templated":true}]}}