{"id":108526,"date":"2025-05-16T07:26:29","date_gmt":"2025-05-16T14:26:29","guid":{"rendered":"https:\/\/fuentesfidedignas.com.mx\/?p=108526"},"modified":"2025-05-16T07:26:37","modified_gmt":"2025-05-16T14:26:37","slug":"una-de-cada-3-personas-lgbt-en-mexico-ha-tenido-intentos-de-suicidio-ong","status":"publish","type":"post","link":"https:\/\/fuentesfidedignas.com.mx\/index.php\/2025\/05\/16\/una-de-cada-3-personas-lgbt-en-mexico-ha-tenido-intentos-de-suicidio-ong\/","title":{"rendered":"Una de cada 3 personas LGBT+ en M\u00e9xico ha tenido intentos de suicidio: ONG"},"content":{"rendered":"\n<p><strong><em>Las personas LGBT reportan que sus ideas suicidas han estado relacionadas con la violencia y el rechazo familiar que enfrentan.<\/em><\/strong><\/p>\n\n\n\n<p>Una de cada tres personas LGBT+ en M\u00e9xico ha pensado o intentado suicidarse, seg\u00fan destacaron este mi\u00e9rcoles activistas y organizaciones civiles, al presentar un cortometraje en el marco del D\u00eda Internacional contra la LGTBIfobia que se conmemora el 17 de mayo.<\/p>\n\n\n\n<p>Rodrigo Moheno, presidente de la Federaci\u00f3n Mexicana de Educaci\u00f3n Sexual y Sexolog\u00eda (Femess), se\u00f1al\u00f3 que el 28.7 por ciento de las personas de la diversidad sexogen\u00e9rica mayores de 15 a\u00f1os han tenido ideas o intentos de suicidio a lo largo de su vida, seg\u00fan datos de 2021 del Instituto Nacional de Estad\u00edstica y Geograf\u00eda (Inegi).<\/p>\n\n\n\n<p>Adem\u00e1s, apunt\u00f3 que, seg\u00fan la organizaci\u00f3n The Trevor Project en M\u00e9xico, m\u00e1s de la mitad, el 53 por ciento, de las juventudes LGBTI consideraron el suicidio en 2024.<\/p>\n\n\n\n<p>Mientras que cuatro de cada cinco j\u00f3venes LGTBI reportaron que su intento de suicidio estuvo relacionado con un rechazo familiar, violencia o discriminaci\u00f3n, y tres de cada cinco, con problemas en la escuela, tambi\u00e9n derivados de discriminaci\u00f3n, detall\u00f3 Moheno.<\/p>\n\n\n\n<p>Asimismo, resalt\u00f3 que tras intentar suicidarse, el 58 por ciento de las juventudes LGBTI no le cont\u00f3 a nadie lo ocurrido, y del 42 por ciento que fueron si lo extern\u00f3, solo el 16 por ciento acudi\u00f3 a terapia.<\/p>\n\n\n\n<p>\u201cEstas cifras, que m\u00e1s all\u00e1 de estad\u00edstica son personas con nombre, apellido, mam\u00e1, pap\u00e1, nos subrayan la importancia de crear espacios seguros y de apoyo para las personas de la diversidad\u201d, afirm\u00f3 Moheno.<\/p>\n\n\n\n<p>Advirti\u00f3 adem\u00e1s de la necesidad de estrategias efectivas de prevenci\u00f3n del suicidio para poder detectarlo antes de que ocurra.<\/p>\n\n\n\n<p>Por ello, destac\u00f3 que el cortometraje \u2018M\u00e1s que palabras\u2019 busca invitar a la reflexi\u00f3n \u201csobre las historias reales que hay detr\u00e1s de las estad\u00edsticas\u201d.<\/p>\n\n\n\n<p>M\u00e1s que un suicidio:<\/p>\n\n\n\n<p>El director del cortometraje de aproximadamente 2 minutos, Gerard Mates, explic\u00f3 que el proyecto naci\u00f3 ante el creciente rechazo y discursos de odio contra la comunidad LGTBI, que han recrudecido la \u201cproblem\u00e1tica silenciosa\u201d del suicidio.<\/p>\n\n\n\n<p>\u201cComo ten\u00edamos cada vez m\u00e1s casos alarmantes de amigos y familiares, decidimos poner esta problem\u00e1tica encima de la mesa\u201d, comparti\u00f3 Mates.<\/p>\n\n\n\n<p>No obstante, resalt\u00f3 que el enfoque del corto \u201cest\u00e1 dirigido principalmente a la gente fuera de la comunidad\u201d, que generalmente est\u00e1 \u201calienada de esta problem\u00e1tica\u201d.<\/p>\n\n\n\n<p>\u201cContamos esta historia para denunciar, s\u00ed, pero tambi\u00e9n para invitar al entendimiento, para abrir una puerta a la empat\u00eda, al di\u00e1logo y a la acci\u00f3n, para que quienes est\u00e1n fuera miren hacia dentro y para que quienes estamos dentro sepamos que no estamos solos\u201d, zanj\u00f3.<\/p>\n\n\n\n<p>El corto forma parte de una campa\u00f1a por lanzarse el 17 de mayo, D\u00eda Internacional contra la Homofobia, la Transfobia, Lesbofobia y la Bifobia (IDAHOBIT), con el apoyo de las organizaciones El Armario Abierto, Asociaci\u00f3n Mundial para la Salud Sexual, Catatonia, Grey, Fundaci\u00f3n M\u00e9xico Vivo, Asociaci\u00f3n Internacional de Familias por la Diversidad Sexual y The Trevor Project.<\/p>\n\n\n\n<p>Adem\u00e1s de instituciones como el Fondo de Poblaci\u00f3n de las Naciones Unidas, la Comisi\u00f3n de Diversidad de la C\u00e1mara de Diputados de M\u00e9xico, la Embajada de Espa\u00f1a en M\u00e9xico, el Inegi, Sico y Gilead Sciences M\u00e9xico.<\/p>\n","protected":false},"excerpt":{"rendered":"<p>Las personas LGBT reportan que sus ideas suicidas han estado relacionadas con la violencia y el rechazo familiar que enfrentan. Una de cada tres personas LGBT+ en M\u00e9xico ha pensado o intentado suicidarse, seg\u00fan destacaron este mi\u00e9rcoles activistas y organizaciones civiles, al presentar un cortometraje en el marco del D\u00eda Internacional contra la LGTBIfobia que [&hellip;]<\/p>\n","protected":false},"author":22,"featured_media":108527,"comment_status":"open","ping_status":"open","sticky":false,"template":"","format":"standard","meta":{"tdm_status":"","tdm_grid_status":"","footnotes":""},"categories":[35,36],"tags":[],"class_list":{"0":"post-108526","1":"post","2":"type-post","3":"status-publish","4":"format-standard","5":"has-post-thumbnail","7":"category-amor-es-amor","8":"category-semanales"},"yoast_head":"<!-- This site is optimized with the Yoast SEO plugin v27.5 - https:\/\/yoast.com\/product\/yoast-seo-wordpress\/ -->\n<title>Una de cada 3 personas LGBT+ en M\u00e9xico ha tenido intentos de suicidio: ONG - Fuentes Fidedignas<\/title>\n<meta name=\"robots\" content=\"index, follow, max-snippet:-1, max-image-preview:large, max-video-preview:-1\" \/>\n<link rel=\"canonical\" href=\"https:\/\/fuentesfidedignas.com.mx\/index.php\/2025\/05\/16\/una-de-cada-3-personas-lgbt-en-mexico-ha-tenido-intentos-de-suicidio-ong\/\" \/>\n<meta property=\"og:locale\" content=\"es_MX\" \/>\n<meta property=\"og:type\" content=\"article\" \/>\n<meta property=\"og:title\" content=\"Una de cada 3 personas LGBT+ en M\u00e9xico ha tenido intentos de suicidio: ONG - Fuentes Fidedignas\" \/>\n<meta property=\"og:description\" content=\"Las personas LGBT reportan que sus ideas suicidas han estado relacionadas con la violencia y el rechazo familiar que enfrentan. Una de cada tres personas LGBT+ en M\u00e9xico ha pensado o intentado suicidarse, seg\u00fan destacaron este mi\u00e9rcoles activistas y organizaciones civiles, al presentar un cortometraje en el marco del D\u00eda Internacional contra la LGTBIfobia que [&hellip;]\" \/>\n<meta property=\"og:url\" content=\"https:\/\/fuentesfidedignas.com.mx\/index.php\/2025\/05\/16\/una-de-cada-3-personas-lgbt-en-mexico-ha-tenido-intentos-de-suicidio-ong\/\" \/>\n<meta property=\"og:site_name\" content=\"Fuentes Fidedignas\" \/>\n<meta property=\"article:publisher\" content=\"https:\/\/www.facebook.com\/Fuentes-Fidedignas-368234489921644\" \/>\n<meta property=\"article:published_time\" content=\"2025-05-16T14:26:29+00:00\" \/>\n<meta property=\"article:modified_time\" content=\"2025-05-16T14:26:37+00:00\" \/>\n<meta property=\"og:image\" content=\"https:\/\/fuentesfidedignas.com.mx\/wp-content\/uploads\/2025\/05\/marcha-orgullo-LGBT.jpg\" \/>\n\t<meta property=\"og:image:width\" content=\"600\" \/>\n\t<meta property=\"og:image:height\" content=\"333\" \/>\n\t<meta property=\"og:image:type\" content=\"image\/jpeg\" \/>\n<meta name=\"author\" content=\"EFE\" \/>\n<meta name=\"twitter:card\" content=\"summary_large_image\" \/>\n<meta name=\"twitter:creator\" content=\"@fidedignas\" \/>\n<meta name=\"twitter:site\" content=\"@fidedignas\" \/>\n<meta name=\"twitter:label1\" content=\"Escrito por\" \/>\n\t<meta name=\"twitter:data1\" content=\"EFE\" \/>\n\t<meta name=\"twitter:label2\" content=\"Tiempo de lectura\" \/>\n\t<meta name=\"twitter:data2\" content=\"3 minutos\" \/>\n<script type=\"application\/ld+json\" class=\"yoast-schema-graph\">{\"@context\":\"https:\\\/\\\/schema.org\",\"@graph\":[{\"@type\":\"Article\",\"@id\":\"https:\\\/\\\/fuentesfidedignas.com.mx\\\/index.php\\\/2025\\\/05\\\/16\\\/una-de-cada-3-personas-lgbt-en-mexico-ha-tenido-intentos-de-suicidio-ong\\\/#article\",\"isPartOf\":{\"@id\":\"https:\\\/\\\/fuentesfidedignas.com.mx\\\/index.php\\\/2025\\\/05\\\/16\\\/una-de-cada-3-personas-lgbt-en-mexico-ha-tenido-intentos-de-suicidio-ong\\\/\"},\"author\":{\"name\":\"EFE\",\"@id\":\"https:\\\/\\\/fuentesfidedignas.com.mx\\\/#\\\/schema\\\/person\\\/0d44615087b5a626d5d3f13afe31ac41\"},\"headline\":\"Una de cada 3 personas LGBT+ en M\u00e9xico ha tenido intentos de suicidio: ONG\",\"datePublished\":\"2025-05-16T14:26:29+00:00\",\"dateModified\":\"2025-05-16T14:26:37+00:00\",\"mainEntityOfPage\":{\"@id\":\"https:\\\/\\\/fuentesfidedignas.com.mx\\\/index.php\\\/2025\\\/05\\\/16\\\/una-de-cada-3-personas-lgbt-en-mexico-ha-tenido-intentos-de-suicidio-ong\\\/\"},\"wordCount\":579,\"commentCount\":0,\"publisher\":{\"@id\":\"https:\\\/\\\/fuentesfidedignas.com.mx\\\/#organization\"},\"image\":{\"@id\":\"https:\\\/\\\/fuentesfidedignas.com.mx\\\/index.php\\\/2025\\\/05\\\/16\\\/una-de-cada-3-personas-lgbt-en-mexico-ha-tenido-intentos-de-suicidio-ong\\\/#primaryimage\"},\"thumbnailUrl\":\"https:\\\/\\\/fuentesfidedignas.com.mx\\\/wp-content\\\/uploads\\\/2025\\\/05\\\/marcha-orgullo-LGBT.jpg\",\"articleSection\":[\"AMOR ES AMOR\",\"SEMANALES\"],\"inLanguage\":\"es\",\"potentialAction\":[{\"@type\":\"CommentAction\",\"name\":\"Comment\",\"target\":[\"https:\\\/\\\/fuentesfidedignas.com.mx\\\/index.php\\\/2025\\\/05\\\/16\\\/una-de-cada-3-personas-lgbt-en-mexico-ha-tenido-intentos-de-suicidio-ong\\\/#respond\"]}]},{\"@type\":\"WebPage\",\"@id\":\"https:\\\/\\\/fuentesfidedignas.com.mx\\\/index.php\\\/2025\\\/05\\\/16\\\/una-de-cada-3-personas-lgbt-en-mexico-ha-tenido-intentos-de-suicidio-ong\\\/\",\"url\":\"https:\\\/\\\/fuentesfidedignas.com.mx\\\/index.php\\\/2025\\\/05\\\/16\\\/una-de-cada-3-personas-lgbt-en-mexico-ha-tenido-intentos-de-suicidio-ong\\\/\",\"name\":\"Una de cada 3 personas LGBT+ en M\u00e9xico ha tenido intentos de suicidio: ONG - Fuentes Fidedignas\",\"isPartOf\":{\"@id\":\"https:\\\/\\\/fuentesfidedignas.com.mx\\\/#website\"},\"primaryImageOfPage\":{\"@id\":\"https:\\\/\\\/fuentesfidedignas.com.mx\\\/index.php\\\/2025\\\/05\\\/16\\\/una-de-cada-3-personas-lgbt-en-mexico-ha-tenido-intentos-de-suicidio-ong\\\/#primaryimage\"},\"image\":{\"@id\":\"https:\\\/\\\/fuentesfidedignas.com.mx\\\/index.php\\\/2025\\\/05\\\/16\\\/una-de-cada-3-personas-lgbt-en-mexico-ha-tenido-intentos-de-suicidio-ong\\\/#primaryimage\"},\"thumbnailUrl\":\"https:\\\/\\\/fuentesfidedignas.com.mx\\\/wp-content\\\/uploads\\\/2025\\\/05\\\/marcha-orgullo-LGBT.jpg\",\"datePublished\":\"2025-05-16T14:26:29+00:00\",\"dateModified\":\"2025-05-16T14:26:37+00:00\",\"breadcrumb\":{\"@id\":\"https:\\\/\\\/fuentesfidedignas.com.mx\\\/index.php\\\/2025\\\/05\\\/16\\\/una-de-cada-3-personas-lgbt-en-mexico-ha-tenido-intentos-de-suicidio-ong\\\/#breadcrumb\"},\"inLanguage\":\"es\",\"potentialAction\":[{\"@type\":\"ReadAction\",\"target\":[\"https:\\\/\\\/fuentesfidedignas.com.mx\\\/index.php\\\/2025\\\/05\\\/16\\\/una-de-cada-3-personas-lgbt-en-mexico-ha-tenido-intentos-de-suicidio-ong\\\/\"]}]},{\"@type\":\"ImageObject\",\"inLanguage\":\"es\",\"@id\":\"https:\\\/\\\/fuentesfidedignas.com.mx\\\/index.php\\\/2025\\\/05\\\/16\\\/una-de-cada-3-personas-lgbt-en-mexico-ha-tenido-intentos-de-suicidio-ong\\\/#primaryimage\",\"url\":\"https:\\\/\\\/fuentesfidedignas.com.mx\\\/wp-content\\\/uploads\\\/2025\\\/05\\\/marcha-orgullo-LGBT.jpg\",\"contentUrl\":\"https:\\\/\\\/fuentesfidedignas.com.mx\\\/wp-content\\\/uploads\\\/2025\\\/05\\\/marcha-orgullo-LGBT.jpg\",\"width\":600,\"height\":333},{\"@type\":\"BreadcrumbList\",\"@id\":\"https:\\\/\\\/fuentesfidedignas.com.mx\\\/index.php\\\/2025\\\/05\\\/16\\\/una-de-cada-3-personas-lgbt-en-mexico-ha-tenido-intentos-de-suicidio-ong\\\/#breadcrumb\",\"itemListElement\":[{\"@type\":\"ListItem\",\"position\":1,\"name\":\"Inicio\",\"item\":\"https:\\\/\\\/fuentesfidedignas.com.mx\\\/\"},{\"@type\":\"ListItem\",\"position\":2,\"name\":\"Una de cada 3 personas LGBT+ en M\u00e9xico ha tenido intentos de suicidio: ONG\"}]},{\"@type\":\"WebSite\",\"@id\":\"https:\\\/\\\/fuentesfidedignas.com.mx\\\/#website\",\"url\":\"https:\\\/\\\/fuentesfidedignas.com.mx\\\/\",\"name\":\"Fuentes Fidedignas\",\"description\":\"Otro sitio realizado con WordPress\",\"publisher\":{\"@id\":\"https:\\\/\\\/fuentesfidedignas.com.mx\\\/#organization\"},\"potentialAction\":[{\"@type\":\"SearchAction\",\"target\":{\"@type\":\"EntryPoint\",\"urlTemplate\":\"https:\\\/\\\/fuentesfidedignas.com.mx\\\/?s={search_term_string}\"},\"query-input\":{\"@type\":\"PropertyValueSpecification\",\"valueRequired\":true,\"valueName\":\"search_term_string\"}}],\"inLanguage\":\"es\"},{\"@type\":\"Organization\",\"@id\":\"https:\\\/\\\/fuentesfidedignas.com.mx\\\/#organization\",\"name\":\"Fuentes Fidedignas\",\"url\":\"https:\\\/\\\/fuentesfidedignas.com.mx\\\/\",\"logo\":{\"@type\":\"ImageObject\",\"inLanguage\":\"es\",\"@id\":\"https:\\\/\\\/fuentesfidedignas.com.mx\\\/#\\\/schema\\\/logo\\\/image\\\/\",\"url\":\"https:\\\/\\\/fuentesfidedignas.com.mx\\\/wp-content\\\/uploads\\\/2021\\\/04\\\/logo-retina.png\",\"contentUrl\":\"https:\\\/\\\/fuentesfidedignas.com.mx\\\/wp-content\\\/uploads\\\/2021\\\/04\\\/logo-retina.png\",\"width\":280,\"height\":51,\"caption\":\"Fuentes Fidedignas\"},\"image\":{\"@id\":\"https:\\\/\\\/fuentesfidedignas.com.mx\\\/#\\\/schema\\\/logo\\\/image\\\/\"},\"sameAs\":[\"https:\\\/\\\/www.facebook.com\\\/Fuentes-Fidedignas-368234489921644\",\"https:\\\/\\\/x.com\\\/fidedignas\"]},{\"@type\":\"Person\",\"@id\":\"https:\\\/\\\/fuentesfidedignas.com.mx\\\/#\\\/schema\\\/person\\\/0d44615087b5a626d5d3f13afe31ac41\",\"name\":\"EFE\",\"image\":{\"@type\":\"ImageObject\",\"inLanguage\":\"es\",\"@id\":\"https:\\\/\\\/secure.gravatar.com\\\/avatar\\\/7048c2d9b569d9bed55bb53ad23821e6e047aa66338fb6ea9868627bbb9f54e8?s=96&d=mm&r=g\",\"url\":\"https:\\\/\\\/secure.gravatar.com\\\/avatar\\\/7048c2d9b569d9bed55bb53ad23821e6e047aa66338fb6ea9868627bbb9f54e8?s=96&d=mm&r=g\",\"contentUrl\":\"https:\\\/\\\/secure.gravatar.com\\\/avatar\\\/7048c2d9b569d9bed55bb53ad23821e6e047aa66338fb6ea9868627bbb9f54e8?s=96&d=mm&r=g\",\"caption\":\"EFE\"},\"url\":\"https:\\\/\\\/fuentesfidedignas.com.mx\\\/index.php\\\/author\\\/efe\\\/\"}]}<\/script>\n<!-- \/ Yoast SEO plugin. -->","yoast_head_json":{"title":"Una de cada 3 personas LGBT+ en M\u00e9xico ha tenido intentos de suicidio: ONG - Fuentes Fidedignas","robots":{"index":"index","follow":"follow","max-snippet":"max-snippet:-1","max-image-preview":"max-image-preview:large","max-video-preview":"max-video-preview:-1"},"canonical":"https:\/\/fuentesfidedignas.com.mx\/index.php\/2025\/05\/16\/una-de-cada-3-personas-lgbt-en-mexico-ha-tenido-intentos-de-suicidio-ong\/","og_locale":"es_MX","og_type":"article","og_title":"Una de cada 3 personas LGBT+ en M\u00e9xico ha tenido intentos de suicidio: ONG - Fuentes Fidedignas","og_description":"Las personas LGBT reportan que sus ideas suicidas han estado relacionadas con la violencia y el rechazo familiar que enfrentan. Una de cada tres personas LGBT+ en M\u00e9xico ha pensado o intentado suicidarse, seg\u00fan destacaron este mi\u00e9rcoles activistas y organizaciones civiles, al presentar un cortometraje en el marco del D\u00eda Internacional contra la LGTBIfobia que [&hellip;]","og_url":"https:\/\/fuentesfidedignas.com.mx\/index.php\/2025\/05\/16\/una-de-cada-3-personas-lgbt-en-mexico-ha-tenido-intentos-de-suicidio-ong\/","og_site_name":"Fuentes Fidedignas","article_publisher":"https:\/\/www.facebook.com\/Fuentes-Fidedignas-368234489921644","article_published_time":"2025-05-16T14:26:29+00:00","article_modified_time":"2025-05-16T14:26:37+00:00","og_image":[{"width":600,"height":333,"url":"https:\/\/fuentesfidedignas.com.mx\/wp-content\/uploads\/2025\/05\/marcha-orgullo-LGBT.jpg","type":"image\/jpeg"}],"author":"EFE","twitter_card":"summary_large_image","twitter_creator":"@fidedignas","twitter_site":"@fidedignas","twitter_misc":{"Escrito por":"EFE","Tiempo de lectura":"3 minutos"},"schema":{"@context":"https:\/\/schema.org","@graph":[{"@type":"Article","@id":"https:\/\/fuentesfidedignas.com.mx\/index.php\/2025\/05\/16\/una-de-cada-3-personas-lgbt-en-mexico-ha-tenido-intentos-de-suicidio-ong\/#article","isPartOf":{"@id":"https:\/\/fuentesfidedignas.com.mx\/index.php\/2025\/05\/16\/una-de-cada-3-personas-lgbt-en-mexico-ha-tenido-intentos-de-suicidio-ong\/"},"author":{"name":"EFE","@id":"https:\/\/fuentesfidedignas.com.mx\/#\/schema\/person\/0d44615087b5a626d5d3f13afe31ac41"},"headline":"Una de cada 3 personas LGBT+ en M\u00e9xico ha tenido intentos de suicidio: ONG","datePublished":"2025-05-16T14:26:29+00:00","dateModified":"2025-05-16T14:26:37+00:00","mainEntityOfPage":{"@id":"https:\/\/fuentesfidedignas.com.mx\/index.php\/2025\/05\/16\/una-de-cada-3-personas-lgbt-en-mexico-ha-tenido-intentos-de-suicidio-ong\/"},"wordCount":579,"commentCount":0,"publisher":{"@id":"https:\/\/fuentesfidedignas.com.mx\/#organization"},"image":{"@id":"https:\/\/fuentesfidedignas.com.mx\/index.php\/2025\/05\/16\/una-de-cada-3-personas-lgbt-en-mexico-ha-tenido-intentos-de-suicidio-ong\/#primaryimage"},"thumbnailUrl":"https:\/\/fuentesfidedignas.com.mx\/wp-content\/uploads\/2025\/05\/marcha-orgullo-LGBT.jpg","articleSection":["AMOR ES AMOR","SEMANALES"],"inLanguage":"es","potentialAction":[{"@type":"CommentAction","name":"Comment","target":["https:\/\/fuentesfidedignas.com.mx\/index.php\/2025\/05\/16\/una-de-cada-3-personas-lgbt-en-mexico-ha-tenido-intentos-de-suicidio-ong\/#respond"]}]},{"@type":"WebPage","@id":"https:\/\/fuentesfidedignas.com.mx\/index.php\/2025\/05\/16\/una-de-cada-3-personas-lgbt-en-mexico-ha-tenido-intentos-de-suicidio-ong\/","url":"https:\/\/fuentesfidedignas.com.mx\/index.php\/2025\/05\/16\/una-de-cada-3-personas-lgbt-en-mexico-ha-tenido-intentos-de-suicidio-ong\/","name":"Una de cada 3 personas LGBT+ en M\u00e9xico ha tenido intentos de suicidio: ONG - Fuentes Fidedignas","isPartOf":{"@id":"https:\/\/fuentesfidedignas.com.mx\/#website"},"primaryImageOfPage":{"@id":"https:\/\/fuentesfidedignas.com.mx\/index.php\/2025\/05\/16\/una-de-cada-3-personas-lgbt-en-mexico-ha-tenido-intentos-de-suicidio-ong\/#primaryimage"},"image":{"@id":"https:\/\/fuentesfidedignas.com.mx\/index.php\/2025\/05\/16\/una-de-cada-3-personas-lgbt-en-mexico-ha-tenido-intentos-de-suicidio-ong\/#primaryimage"},"thumbnailUrl":"https:\/\/fuentesfidedignas.com.mx\/wp-content\/uploads\/2025\/05\/marcha-orgullo-LGBT.jpg","datePublished":"2025-05-16T14:26:29+00:00","dateModified":"2025-05-16T14:26:37+00:00","breadcrumb":{"@id":"https:\/\/fuentesfidedignas.com.mx\/index.php\/2025\/05\/16\/una-de-cada-3-personas-lgbt-en-mexico-ha-tenido-intentos-de-suicidio-ong\/#breadcrumb"},"inLanguage":"es","potentialAction":[{"@type":"ReadAction","target":["https:\/\/fuentesfidedignas.com.mx\/index.php\/2025\/05\/16\/una-de-cada-3-personas-lgbt-en-mexico-ha-tenido-intentos-de-suicidio-ong\/"]}]},{"@type":"ImageObject","inLanguage":"es","@id":"https:\/\/fuentesfidedignas.com.mx\/index.php\/2025\/05\/16\/una-de-cada-3-personas-lgbt-en-mexico-ha-tenido-intentos-de-suicidio-ong\/#primaryimage","url":"https:\/\/fuentesfidedignas.com.mx\/wp-content\/uploads\/2025\/05\/marcha-orgullo-LGBT.jpg","contentUrl":"https:\/\/fuentesfidedignas.com.mx\/wp-content\/uploads\/2025\/05\/marcha-orgullo-LGBT.jpg","width":600,"height":333},{"@type":"BreadcrumbList","@id":"https:\/\/fuentesfidedignas.com.mx\/index.php\/2025\/05\/16\/una-de-cada-3-personas-lgbt-en-mexico-ha-tenido-intentos-de-suicidio-ong\/#breadcrumb","itemListElement":[{"@type":"ListItem","position":1,"name":"Inicio","item":"https:\/\/fuentesfidedignas.com.mx\/"},{"@type":"ListItem","position":2,"name":"Una de cada 3 personas LGBT+ en M\u00e9xico ha tenido intentos de suicidio: ONG"}]},{"@type":"WebSite","@id":"https:\/\/fuentesfidedignas.com.mx\/#website","url":"https:\/\/fuentesfidedignas.com.mx\/","name":"Fuentes Fidedignas","description":"Otro sitio realizado con WordPress","publisher":{"@id":"https:\/\/fuentesfidedignas.com.mx\/#organization"},"potentialAction":[{"@type":"SearchAction","target":{"@type":"EntryPoint","urlTemplate":"https:\/\/fuentesfidedignas.com.mx\/?s={search_term_string}"},"query-input":{"@type":"PropertyValueSpecification","valueRequired":true,"valueName":"search_term_string"}}],"inLanguage":"es"},{"@type":"Organization","@id":"https:\/\/fuentesfidedignas.com.mx\/#organization","name":"Fuentes Fidedignas","url":"https:\/\/fuentesfidedignas.com.mx\/","logo":{"@type":"ImageObject","inLanguage":"es","@id":"https:\/\/fuentesfidedignas.com.mx\/#\/schema\/logo\/image\/","url":"https:\/\/fuentesfidedignas.com.mx\/wp-content\/uploads\/2021\/04\/logo-retina.png","contentUrl":"https:\/\/fuentesfidedignas.com.mx\/wp-content\/uploads\/2021\/04\/logo-retina.png","width":280,"height":51,"caption":"Fuentes Fidedignas"},"image":{"@id":"https:\/\/fuentesfidedignas.com.mx\/#\/schema\/logo\/image\/"},"sameAs":["https:\/\/www.facebook.com\/Fuentes-Fidedignas-368234489921644","https:\/\/x.com\/fidedignas"]},{"@type":"Person","@id":"https:\/\/fuentesfidedignas.com.mx\/#\/schema\/person\/0d44615087b5a626d5d3f13afe31ac41","name":"EFE","image":{"@type":"ImageObject","inLanguage":"es","@id":"https:\/\/secure.gravatar.com\/avatar\/7048c2d9b569d9bed55bb53ad23821e6e047aa66338fb6ea9868627bbb9f54e8?s=96&d=mm&r=g","url":"https:\/\/secure.gravatar.com\/avatar\/7048c2d9b569d9bed55bb53ad23821e6e047aa66338fb6ea9868627bbb9f54e8?s=96&d=mm&r=g","contentUrl":"https:\/\/secure.gravatar.com\/avatar\/7048c2d9b569d9bed55bb53ad23821e6e047aa66338fb6ea9868627bbb9f54e8?s=96&d=mm&r=g","caption":"EFE"},"url":"https:\/\/fuentesfidedignas.com.mx\/index.php\/author\/efe\/"}]}},"_links":{"self":[{"href":"https:\/\/fuentesfidedignas.com.mx\/index.php\/wp-json\/wp\/v2\/posts\/108526","targetHints":{"allow":["GET"]}}],"collection":[{"href":"https:\/\/fuentesfidedignas.com.mx\/index.php\/wp-json\/wp\/v2\/posts"}],"about":[{"href":"https:\/\/fuentesfidedignas.com.mx\/index.php\/wp-json\/wp\/v2\/types\/post"}],"author":[{"embeddable":true,"href":"https:\/\/fuentesfidedignas.com.mx\/index.php\/wp-json\/wp\/v2\/users\/22"}],"replies":[{"embeddable":true,"href":"https:\/\/fuentesfidedignas.com.mx\/index.php\/wp-json\/wp\/v2\/comments?post=108526"}],"version-history":[{"count":1,"href":"https:\/\/fuentesfidedignas.com.mx\/index.php\/wp-json\/wp\/v2\/posts\/108526\/revisions"}],"predecessor-version":[{"id":108528,"href":"https:\/\/fuentesfidedignas.com.mx\/index.php\/wp-json\/wp\/v2\/posts\/108526\/revisions\/108528"}],"wp:featuredmedia":[{"embeddable":true,"href":"https:\/\/fuentesfidedignas.com.mx\/index.php\/wp-json\/wp\/v2\/media\/108527"}],"wp:attachment":[{"href":"https:\/\/fuentesfidedignas.com.mx\/index.php\/wp-json\/wp\/v2\/media?parent=108526"}],"wp:term":[{"taxonomy":"category","embeddable":true,"href":"https:\/\/fuentesfidedignas.com.mx\/index.php\/wp-json\/wp\/v2\/categories?post=108526"},{"taxonomy":"post_tag","embeddable":true,"href":"https:\/\/fuentesfidedignas.com.mx\/index.php\/wp-json\/wp\/v2\/tags?post=108526"}],"curies":[{"name":"wp","href":"https:\/\/api.w.org\/{rel}","templated":true}]}}