{"id":10846,"date":"2021-08-26T06:01:38","date_gmt":"2021-08-26T13:01:38","guid":{"rendered":"https:\/\/fuentesfidedignas.com.mx\/?p=10846"},"modified":"2021-08-26T06:01:40","modified_gmt":"2021-08-26T13:01:40","slug":"no-estamos-obligados-a-cumplir-politica-permanecer-en-mexico-sre","status":"publish","type":"post","link":"https:\/\/fuentesfidedignas.com.mx\/index.php\/2021\/08\/26\/no-estamos-obligados-a-cumplir-politica-permanecer-en-mexico-sre\/","title":{"rendered":"No estamos obligados a cumplir pol\u00edtica \u2018Permanecer en M\u00e9xico\u2019: SRE"},"content":{"rendered":"\n<p><br><strong><em>Roberto Velasco, jefe de la Unidad para Am\u00e9rica del Norte de la SRE, asegur\u00f3 que el pa\u00eds no est\u00e1 obligado a seguir con la pol\u00edtica de EU &#8216;Permanecer en M\u00e9xico&#8217;<br><\/em><\/strong><br>Ciudad de M\u00e9xico.- El gobierno de M\u00e9xico asegur\u00f3 que no est\u00e1 obligado a acatar la orden de la Corte Suprema estadounidense para mantener una pol\u00edtica migratoria implementada por el expresidente Donald Trump que oblig\u00f3 a miles de solicitantes de asilo a permanecer en el pa\u00eds latinoamericano a la espera de sus audiencias en Estados Unidos.<\/p>\n\n\n\n<p>La Corte neg\u00f3 el martes la propuesta del actual mandatario estadounidense, Joe Biden, de rescindir la medida ordenada por Trump conocida como \u201cPermanecer en M\u00e9xico\u201d, llamada formalmente como el programa Protocolos de Protecci\u00f3n a Migrantes (MPP).<\/p>\n\n\n\n<p>El fin de este programa por parte de Biden fue su primer paso importante para desmantelar las pol\u00edticas migratorias de la era Trump luego de que asumi\u00f3 el cargo en enero y se comprometi\u00f3 a implementar un enfoque m\u00e1s humano para lidiar con la migraci\u00f3n masiva.<\/p>\n\n\n\n<p>\u201cLa Secretar\u00eda de Relaciones Exteriores enfatiza que una decisi\u00f3n judicial de ese tipo no obliga a M\u00e9xico y que su pol\u00edtica migratoria se dise\u00f1a y ejecuta de manera soberana\u201d, asever\u00f3 Roberto Velasco, jefe de la Unidad para Am\u00e9rica del Norte de la Canciller\u00eda.<\/p>\n\n\n\n<p>\u201cEn consecuencia, el fallo de la Suprema Corte de Estados Unidos no tiene una implicaci\u00f3n directa en la gesti\u00f3n migratoria del gobierno de M\u00e9xico\u201d, agreg\u00f3 en mensaje a trav\u00e9s de Twitter.<\/p>\n\n\n\n<p>Velasco dijo que ambas naciones comenzar\u00e1n un di\u00e1logo t\u00e9cnico para evaluar los escenarios posibles en el manejo ordenado de los flujos migratorios a trav\u00e9s de la frontera com\u00fan.<\/p>\n\n\n\n<p>El Departamento de Seguridad Nacional de Estados Unidos lament\u00f3 la decisi\u00f3n de la Corte Suprema y dijo que continuar\u00eda \u201cimpugnando en\u00e9rgicamente\u201d el dictamen del juez.<\/p>\n\n\n\n<p>En los \u00faltimos meses, los arrestos de migrantes tratando de cruzar la frontera de Estados Unidos con M\u00e9xico han alcanzado m\u00e1ximos de 20 a\u00f1os.<\/p>\n","protected":false},"excerpt":{"rendered":"<p>Roberto Velasco, jefe de la Unidad para Am\u00e9rica del Norte de la SRE, asegur\u00f3 que el pa\u00eds no est\u00e1 obligado a seguir con la pol\u00edtica de EU &#8216;Permanecer en M\u00e9xico&#8217;Ciudad de M\u00e9xico.- El gobierno de M\u00e9xico asegur\u00f3 que no est\u00e1 obligado a acatar la orden de la Corte Suprema estadounidense para mantener una pol\u00edtica migratoria [&hellip;]<\/p>\n","protected":false},"author":5,"featured_media":10847,"comment_status":"open","ping_status":"open","sticky":false,"template":"","format":"standard","meta":{"tdm_status":"","tdm_grid_status":"","footnotes":""},"categories":[39],"tags":[],"class_list":{"0":"post-10846","1":"post","2":"type-post","3":"status-publish","4":"format-standard","5":"has-post-thumbnail","7":"category-noticias-nacionales"},"yoast_head":"<!-- This site is optimized with the Yoast SEO plugin v27.5 - https:\/\/yoast.com\/product\/yoast-seo-wordpress\/ -->\n<title>No estamos obligados a cumplir pol\u00edtica \u2018Permanecer en M\u00e9xico\u2019: SRE - Fuentes Fidedignas<\/title>\n<meta name=\"robots\" content=\"index, follow, max-snippet:-1, max-image-preview:large, max-video-preview:-1\" \/>\n<link rel=\"canonical\" href=\"https:\/\/fuentesfidedignas.com.mx\/index.php\/2021\/08\/26\/no-estamos-obligados-a-cumplir-politica-permanecer-en-mexico-sre\/\" \/>\n<meta property=\"og:locale\" content=\"es_MX\" \/>\n<meta property=\"og:type\" content=\"article\" \/>\n<meta property=\"og:title\" content=\"No estamos obligados a cumplir pol\u00edtica \u2018Permanecer en M\u00e9xico\u2019: SRE - Fuentes Fidedignas\" \/>\n<meta property=\"og:description\" content=\"Roberto Velasco, jefe de la Unidad para Am\u00e9rica del Norte de la SRE, asegur\u00f3 que el pa\u00eds no est\u00e1 obligado a seguir con la pol\u00edtica de EU &#8216;Permanecer en M\u00e9xico&#8217;Ciudad de M\u00e9xico.- El gobierno de M\u00e9xico asegur\u00f3 que no est\u00e1 obligado a acatar la orden de la Corte Suprema estadounidense para mantener una pol\u00edtica migratoria [&hellip;]\" \/>\n<meta property=\"og:url\" content=\"https:\/\/fuentesfidedignas.com.mx\/index.php\/2021\/08\/26\/no-estamos-obligados-a-cumplir-politica-permanecer-en-mexico-sre\/\" \/>\n<meta property=\"og:site_name\" content=\"Fuentes Fidedignas\" \/>\n<meta property=\"article:publisher\" content=\"https:\/\/www.facebook.com\/Fuentes-Fidedignas-368234489921644\" \/>\n<meta property=\"article:published_time\" content=\"2021-08-26T13:01:38+00:00\" \/>\n<meta property=\"article:modified_time\" content=\"2021-08-26T13:01:40+00:00\" \/>\n<meta property=\"og:image\" content=\"https:\/\/fuentesfidedignas.com.mx\/wp-content\/uploads\/2021\/08\/Web-Migrantes-frontera-Me\u0301xico-Estado-Unidos2-768x432-1.jpg\" \/>\n\t<meta property=\"og:image:width\" content=\"768\" \/>\n\t<meta property=\"og:image:height\" content=\"432\" \/>\n\t<meta property=\"og:image:type\" content=\"image\/jpeg\" \/>\n<meta name=\"author\" content=\"Forbes\" \/>\n<meta name=\"twitter:card\" content=\"summary_large_image\" \/>\n<meta name=\"twitter:creator\" content=\"@fidedignas\" \/>\n<meta name=\"twitter:site\" content=\"@fidedignas\" \/>\n<meta name=\"twitter:label1\" content=\"Escrito por\" \/>\n\t<meta name=\"twitter:data1\" content=\"Forbes\" \/>\n\t<meta name=\"twitter:label2\" content=\"Tiempo de lectura\" \/>\n\t<meta name=\"twitter:data2\" content=\"2 minutos\" \/>\n<script type=\"application\/ld+json\" class=\"yoast-schema-graph\">{\"@context\":\"https:\\\/\\\/schema.org\",\"@graph\":[{\"@type\":\"Article\",\"@id\":\"https:\\\/\\\/fuentesfidedignas.com.mx\\\/index.php\\\/2021\\\/08\\\/26\\\/no-estamos-obligados-a-cumplir-politica-permanecer-en-mexico-sre\\\/#article\",\"isPartOf\":{\"@id\":\"https:\\\/\\\/fuentesfidedignas.com.mx\\\/index.php\\\/2021\\\/08\\\/26\\\/no-estamos-obligados-a-cumplir-politica-permanecer-en-mexico-sre\\\/\"},\"author\":{\"name\":\"Forbes\",\"@id\":\"https:\\\/\\\/fuentesfidedignas.com.mx\\\/#\\\/schema\\\/person\\\/5623d53fe2e579d825b1679734abcc44\"},\"headline\":\"No estamos obligados a cumplir pol\u00edtica \u2018Permanecer en M\u00e9xico\u2019: SRE\",\"datePublished\":\"2021-08-26T13:01:38+00:00\",\"dateModified\":\"2021-08-26T13:01:40+00:00\",\"mainEntityOfPage\":{\"@id\":\"https:\\\/\\\/fuentesfidedignas.com.mx\\\/index.php\\\/2021\\\/08\\\/26\\\/no-estamos-obligados-a-cumplir-politica-permanecer-en-mexico-sre\\\/\"},\"wordCount\":365,\"commentCount\":0,\"publisher\":{\"@id\":\"https:\\\/\\\/fuentesfidedignas.com.mx\\\/#organization\"},\"image\":{\"@id\":\"https:\\\/\\\/fuentesfidedignas.com.mx\\\/index.php\\\/2021\\\/08\\\/26\\\/no-estamos-obligados-a-cumplir-politica-permanecer-en-mexico-sre\\\/#primaryimage\"},\"thumbnailUrl\":\"https:\\\/\\\/fuentesfidedignas.com.mx\\\/wp-content\\\/uploads\\\/2021\\\/08\\\/Web-Migrantes-frontera-Me\u0301xico-Estado-Unidos2-768x432-1.jpg\",\"articleSection\":[\"NOTICIAS NACIONALES\"],\"inLanguage\":\"es\",\"potentialAction\":[{\"@type\":\"CommentAction\",\"name\":\"Comment\",\"target\":[\"https:\\\/\\\/fuentesfidedignas.com.mx\\\/index.php\\\/2021\\\/08\\\/26\\\/no-estamos-obligados-a-cumplir-politica-permanecer-en-mexico-sre\\\/#respond\"]}]},{\"@type\":\"WebPage\",\"@id\":\"https:\\\/\\\/fuentesfidedignas.com.mx\\\/index.php\\\/2021\\\/08\\\/26\\\/no-estamos-obligados-a-cumplir-politica-permanecer-en-mexico-sre\\\/\",\"url\":\"https:\\\/\\\/fuentesfidedignas.com.mx\\\/index.php\\\/2021\\\/08\\\/26\\\/no-estamos-obligados-a-cumplir-politica-permanecer-en-mexico-sre\\\/\",\"name\":\"No estamos obligados a cumplir pol\u00edtica \u2018Permanecer en M\u00e9xico\u2019: SRE - Fuentes Fidedignas\",\"isPartOf\":{\"@id\":\"https:\\\/\\\/fuentesfidedignas.com.mx\\\/#website\"},\"primaryImageOfPage\":{\"@id\":\"https:\\\/\\\/fuentesfidedignas.com.mx\\\/index.php\\\/2021\\\/08\\\/26\\\/no-estamos-obligados-a-cumplir-politica-permanecer-en-mexico-sre\\\/#primaryimage\"},\"image\":{\"@id\":\"https:\\\/\\\/fuentesfidedignas.com.mx\\\/index.php\\\/2021\\\/08\\\/26\\\/no-estamos-obligados-a-cumplir-politica-permanecer-en-mexico-sre\\\/#primaryimage\"},\"thumbnailUrl\":\"https:\\\/\\\/fuentesfidedignas.com.mx\\\/wp-content\\\/uploads\\\/2021\\\/08\\\/Web-Migrantes-frontera-Me\u0301xico-Estado-Unidos2-768x432-1.jpg\",\"datePublished\":\"2021-08-26T13:01:38+00:00\",\"dateModified\":\"2021-08-26T13:01:40+00:00\",\"breadcrumb\":{\"@id\":\"https:\\\/\\\/fuentesfidedignas.com.mx\\\/index.php\\\/2021\\\/08\\\/26\\\/no-estamos-obligados-a-cumplir-politica-permanecer-en-mexico-sre\\\/#breadcrumb\"},\"inLanguage\":\"es\",\"potentialAction\":[{\"@type\":\"ReadAction\",\"target\":[\"https:\\\/\\\/fuentesfidedignas.com.mx\\\/index.php\\\/2021\\\/08\\\/26\\\/no-estamos-obligados-a-cumplir-politica-permanecer-en-mexico-sre\\\/\"]}]},{\"@type\":\"ImageObject\",\"inLanguage\":\"es\",\"@id\":\"https:\\\/\\\/fuentesfidedignas.com.mx\\\/index.php\\\/2021\\\/08\\\/26\\\/no-estamos-obligados-a-cumplir-politica-permanecer-en-mexico-sre\\\/#primaryimage\",\"url\":\"https:\\\/\\\/fuentesfidedignas.com.mx\\\/wp-content\\\/uploads\\\/2021\\\/08\\\/Web-Migrantes-frontera-Me\u0301xico-Estado-Unidos2-768x432-1.jpg\",\"contentUrl\":\"https:\\\/\\\/fuentesfidedignas.com.mx\\\/wp-content\\\/uploads\\\/2021\\\/08\\\/Web-Migrantes-frontera-Me\u0301xico-Estado-Unidos2-768x432-1.jpg\",\"width\":768,\"height\":432,\"caption\":\"Asylum-seeking migrants' families listen to an U.S. Border Patrol agent after crossing the Rio Grande river into the United States from Mexico in Roma, Texas, U.S. April 7, 2021. Picture taken April 7, 2021. REUTERS\\\/Go Nakamura\"},{\"@type\":\"BreadcrumbList\",\"@id\":\"https:\\\/\\\/fuentesfidedignas.com.mx\\\/index.php\\\/2021\\\/08\\\/26\\\/no-estamos-obligados-a-cumplir-politica-permanecer-en-mexico-sre\\\/#breadcrumb\",\"itemListElement\":[{\"@type\":\"ListItem\",\"position\":1,\"name\":\"Inicio\",\"item\":\"https:\\\/\\\/fuentesfidedignas.com.mx\\\/\"},{\"@type\":\"ListItem\",\"position\":2,\"name\":\"No estamos obligados a cumplir pol\u00edtica \u2018Permanecer en M\u00e9xico\u2019: SRE\"}]},{\"@type\":\"WebSite\",\"@id\":\"https:\\\/\\\/fuentesfidedignas.com.mx\\\/#website\",\"url\":\"https:\\\/\\\/fuentesfidedignas.com.mx\\\/\",\"name\":\"Fuentes Fidedignas\",\"description\":\"Otro sitio realizado con WordPress\",\"publisher\":{\"@id\":\"https:\\\/\\\/fuentesfidedignas.com.mx\\\/#organization\"},\"potentialAction\":[{\"@type\":\"SearchAction\",\"target\":{\"@type\":\"EntryPoint\",\"urlTemplate\":\"https:\\\/\\\/fuentesfidedignas.com.mx\\\/?s={search_term_string}\"},\"query-input\":{\"@type\":\"PropertyValueSpecification\",\"valueRequired\":true,\"valueName\":\"search_term_string\"}}],\"inLanguage\":\"es\"},{\"@type\":\"Organization\",\"@id\":\"https:\\\/\\\/fuentesfidedignas.com.mx\\\/#organization\",\"name\":\"Fuentes Fidedignas\",\"url\":\"https:\\\/\\\/fuentesfidedignas.com.mx\\\/\",\"logo\":{\"@type\":\"ImageObject\",\"inLanguage\":\"es\",\"@id\":\"https:\\\/\\\/fuentesfidedignas.com.mx\\\/#\\\/schema\\\/logo\\\/image\\\/\",\"url\":\"https:\\\/\\\/fuentesfidedignas.com.mx\\\/wp-content\\\/uploads\\\/2021\\\/04\\\/logo-retina.png\",\"contentUrl\":\"https:\\\/\\\/fuentesfidedignas.com.mx\\\/wp-content\\\/uploads\\\/2021\\\/04\\\/logo-retina.png\",\"width\":280,\"height\":51,\"caption\":\"Fuentes Fidedignas\"},\"image\":{\"@id\":\"https:\\\/\\\/fuentesfidedignas.com.mx\\\/#\\\/schema\\\/logo\\\/image\\\/\"},\"sameAs\":[\"https:\\\/\\\/www.facebook.com\\\/Fuentes-Fidedignas-368234489921644\",\"https:\\\/\\\/x.com\\\/fidedignas\"]},{\"@type\":\"Person\",\"@id\":\"https:\\\/\\\/fuentesfidedignas.com.mx\\\/#\\\/schema\\\/person\\\/5623d53fe2e579d825b1679734abcc44\",\"name\":\"Forbes\",\"image\":{\"@type\":\"ImageObject\",\"inLanguage\":\"es\",\"@id\":\"https:\\\/\\\/secure.gravatar.com\\\/avatar\\\/87ce3dd4e41e60c22a79c758614f01a6bc2469255fc936ec7b15efb9bb5cb66f?s=96&d=mm&r=g\",\"url\":\"https:\\\/\\\/secure.gravatar.com\\\/avatar\\\/87ce3dd4e41e60c22a79c758614f01a6bc2469255fc936ec7b15efb9bb5cb66f?s=96&d=mm&r=g\",\"contentUrl\":\"https:\\\/\\\/secure.gravatar.com\\\/avatar\\\/87ce3dd4e41e60c22a79c758614f01a6bc2469255fc936ec7b15efb9bb5cb66f?s=96&d=mm&r=g\",\"caption\":\"Forbes\"},\"url\":\"https:\\\/\\\/fuentesfidedignas.com.mx\\\/index.php\\\/author\\\/forbes\\\/\"}]}<\/script>\n<!-- \/ Yoast SEO plugin. -->","yoast_head_json":{"title":"No estamos obligados a cumplir pol\u00edtica \u2018Permanecer en M\u00e9xico\u2019: SRE - Fuentes Fidedignas","robots":{"index":"index","follow":"follow","max-snippet":"max-snippet:-1","max-image-preview":"max-image-preview:large","max-video-preview":"max-video-preview:-1"},"canonical":"https:\/\/fuentesfidedignas.com.mx\/index.php\/2021\/08\/26\/no-estamos-obligados-a-cumplir-politica-permanecer-en-mexico-sre\/","og_locale":"es_MX","og_type":"article","og_title":"No estamos obligados a cumplir pol\u00edtica \u2018Permanecer en M\u00e9xico\u2019: SRE - Fuentes Fidedignas","og_description":"Roberto Velasco, jefe de la Unidad para Am\u00e9rica del Norte de la SRE, asegur\u00f3 que el pa\u00eds no est\u00e1 obligado a seguir con la pol\u00edtica de EU &#8216;Permanecer en M\u00e9xico&#8217;Ciudad de M\u00e9xico.- El gobierno de M\u00e9xico asegur\u00f3 que no est\u00e1 obligado a acatar la orden de la Corte Suprema estadounidense para mantener una pol\u00edtica migratoria [&hellip;]","og_url":"https:\/\/fuentesfidedignas.com.mx\/index.php\/2021\/08\/26\/no-estamos-obligados-a-cumplir-politica-permanecer-en-mexico-sre\/","og_site_name":"Fuentes Fidedignas","article_publisher":"https:\/\/www.facebook.com\/Fuentes-Fidedignas-368234489921644","article_published_time":"2021-08-26T13:01:38+00:00","article_modified_time":"2021-08-26T13:01:40+00:00","og_image":[{"width":768,"height":432,"url":"https:\/\/fuentesfidedignas.com.mx\/wp-content\/uploads\/2021\/08\/Web-Migrantes-frontera-Me\u0301xico-Estado-Unidos2-768x432-1.jpg","type":"image\/jpeg"}],"author":"Forbes","twitter_card":"summary_large_image","twitter_creator":"@fidedignas","twitter_site":"@fidedignas","twitter_misc":{"Escrito por":"Forbes","Tiempo de lectura":"2 minutos"},"schema":{"@context":"https:\/\/schema.org","@graph":[{"@type":"Article","@id":"https:\/\/fuentesfidedignas.com.mx\/index.php\/2021\/08\/26\/no-estamos-obligados-a-cumplir-politica-permanecer-en-mexico-sre\/#article","isPartOf":{"@id":"https:\/\/fuentesfidedignas.com.mx\/index.php\/2021\/08\/26\/no-estamos-obligados-a-cumplir-politica-permanecer-en-mexico-sre\/"},"author":{"name":"Forbes","@id":"https:\/\/fuentesfidedignas.com.mx\/#\/schema\/person\/5623d53fe2e579d825b1679734abcc44"},"headline":"No estamos obligados a cumplir pol\u00edtica \u2018Permanecer en M\u00e9xico\u2019: SRE","datePublished":"2021-08-26T13:01:38+00:00","dateModified":"2021-08-26T13:01:40+00:00","mainEntityOfPage":{"@id":"https:\/\/fuentesfidedignas.com.mx\/index.php\/2021\/08\/26\/no-estamos-obligados-a-cumplir-politica-permanecer-en-mexico-sre\/"},"wordCount":365,"commentCount":0,"publisher":{"@id":"https:\/\/fuentesfidedignas.com.mx\/#organization"},"image":{"@id":"https:\/\/fuentesfidedignas.com.mx\/index.php\/2021\/08\/26\/no-estamos-obligados-a-cumplir-politica-permanecer-en-mexico-sre\/#primaryimage"},"thumbnailUrl":"https:\/\/fuentesfidedignas.com.mx\/wp-content\/uploads\/2021\/08\/Web-Migrantes-frontera-Me\u0301xico-Estado-Unidos2-768x432-1.jpg","articleSection":["NOTICIAS NACIONALES"],"inLanguage":"es","potentialAction":[{"@type":"CommentAction","name":"Comment","target":["https:\/\/fuentesfidedignas.com.mx\/index.php\/2021\/08\/26\/no-estamos-obligados-a-cumplir-politica-permanecer-en-mexico-sre\/#respond"]}]},{"@type":"WebPage","@id":"https:\/\/fuentesfidedignas.com.mx\/index.php\/2021\/08\/26\/no-estamos-obligados-a-cumplir-politica-permanecer-en-mexico-sre\/","url":"https:\/\/fuentesfidedignas.com.mx\/index.php\/2021\/08\/26\/no-estamos-obligados-a-cumplir-politica-permanecer-en-mexico-sre\/","name":"No estamos obligados a cumplir pol\u00edtica \u2018Permanecer en M\u00e9xico\u2019: SRE - Fuentes Fidedignas","isPartOf":{"@id":"https:\/\/fuentesfidedignas.com.mx\/#website"},"primaryImageOfPage":{"@id":"https:\/\/fuentesfidedignas.com.mx\/index.php\/2021\/08\/26\/no-estamos-obligados-a-cumplir-politica-permanecer-en-mexico-sre\/#primaryimage"},"image":{"@id":"https:\/\/fuentesfidedignas.com.mx\/index.php\/2021\/08\/26\/no-estamos-obligados-a-cumplir-politica-permanecer-en-mexico-sre\/#primaryimage"},"thumbnailUrl":"https:\/\/fuentesfidedignas.com.mx\/wp-content\/uploads\/2021\/08\/Web-Migrantes-frontera-Me\u0301xico-Estado-Unidos2-768x432-1.jpg","datePublished":"2021-08-26T13:01:38+00:00","dateModified":"2021-08-26T13:01:40+00:00","breadcrumb":{"@id":"https:\/\/fuentesfidedignas.com.mx\/index.php\/2021\/08\/26\/no-estamos-obligados-a-cumplir-politica-permanecer-en-mexico-sre\/#breadcrumb"},"inLanguage":"es","potentialAction":[{"@type":"ReadAction","target":["https:\/\/fuentesfidedignas.com.mx\/index.php\/2021\/08\/26\/no-estamos-obligados-a-cumplir-politica-permanecer-en-mexico-sre\/"]}]},{"@type":"ImageObject","inLanguage":"es","@id":"https:\/\/fuentesfidedignas.com.mx\/index.php\/2021\/08\/26\/no-estamos-obligados-a-cumplir-politica-permanecer-en-mexico-sre\/#primaryimage","url":"https:\/\/fuentesfidedignas.com.mx\/wp-content\/uploads\/2021\/08\/Web-Migrantes-frontera-Me\u0301xico-Estado-Unidos2-768x432-1.jpg","contentUrl":"https:\/\/fuentesfidedignas.com.mx\/wp-content\/uploads\/2021\/08\/Web-Migrantes-frontera-Me\u0301xico-Estado-Unidos2-768x432-1.jpg","width":768,"height":432,"caption":"Asylum-seeking migrants' families listen to an U.S. Border Patrol agent after crossing the Rio Grande river into the United States from Mexico in Roma, Texas, U.S. April 7, 2021. Picture taken April 7, 2021. REUTERS\/Go Nakamura"},{"@type":"BreadcrumbList","@id":"https:\/\/fuentesfidedignas.com.mx\/index.php\/2021\/08\/26\/no-estamos-obligados-a-cumplir-politica-permanecer-en-mexico-sre\/#breadcrumb","itemListElement":[{"@type":"ListItem","position":1,"name":"Inicio","item":"https:\/\/fuentesfidedignas.com.mx\/"},{"@type":"ListItem","position":2,"name":"No estamos obligados a cumplir pol\u00edtica \u2018Permanecer en M\u00e9xico\u2019: SRE"}]},{"@type":"WebSite","@id":"https:\/\/fuentesfidedignas.com.mx\/#website","url":"https:\/\/fuentesfidedignas.com.mx\/","name":"Fuentes Fidedignas","description":"Otro sitio realizado con WordPress","publisher":{"@id":"https:\/\/fuentesfidedignas.com.mx\/#organization"},"potentialAction":[{"@type":"SearchAction","target":{"@type":"EntryPoint","urlTemplate":"https:\/\/fuentesfidedignas.com.mx\/?s={search_term_string}"},"query-input":{"@type":"PropertyValueSpecification","valueRequired":true,"valueName":"search_term_string"}}],"inLanguage":"es"},{"@type":"Organization","@id":"https:\/\/fuentesfidedignas.com.mx\/#organization","name":"Fuentes Fidedignas","url":"https:\/\/fuentesfidedignas.com.mx\/","logo":{"@type":"ImageObject","inLanguage":"es","@id":"https:\/\/fuentesfidedignas.com.mx\/#\/schema\/logo\/image\/","url":"https:\/\/fuentesfidedignas.com.mx\/wp-content\/uploads\/2021\/04\/logo-retina.png","contentUrl":"https:\/\/fuentesfidedignas.com.mx\/wp-content\/uploads\/2021\/04\/logo-retina.png","width":280,"height":51,"caption":"Fuentes Fidedignas"},"image":{"@id":"https:\/\/fuentesfidedignas.com.mx\/#\/schema\/logo\/image\/"},"sameAs":["https:\/\/www.facebook.com\/Fuentes-Fidedignas-368234489921644","https:\/\/x.com\/fidedignas"]},{"@type":"Person","@id":"https:\/\/fuentesfidedignas.com.mx\/#\/schema\/person\/5623d53fe2e579d825b1679734abcc44","name":"Forbes","image":{"@type":"ImageObject","inLanguage":"es","@id":"https:\/\/secure.gravatar.com\/avatar\/87ce3dd4e41e60c22a79c758614f01a6bc2469255fc936ec7b15efb9bb5cb66f?s=96&d=mm&r=g","url":"https:\/\/secure.gravatar.com\/avatar\/87ce3dd4e41e60c22a79c758614f01a6bc2469255fc936ec7b15efb9bb5cb66f?s=96&d=mm&r=g","contentUrl":"https:\/\/secure.gravatar.com\/avatar\/87ce3dd4e41e60c22a79c758614f01a6bc2469255fc936ec7b15efb9bb5cb66f?s=96&d=mm&r=g","caption":"Forbes"},"url":"https:\/\/fuentesfidedignas.com.mx\/index.php\/author\/forbes\/"}]}},"_links":{"self":[{"href":"https:\/\/fuentesfidedignas.com.mx\/index.php\/wp-json\/wp\/v2\/posts\/10846","targetHints":{"allow":["GET"]}}],"collection":[{"href":"https:\/\/fuentesfidedignas.com.mx\/index.php\/wp-json\/wp\/v2\/posts"}],"about":[{"href":"https:\/\/fuentesfidedignas.com.mx\/index.php\/wp-json\/wp\/v2\/types\/post"}],"author":[{"embeddable":true,"href":"https:\/\/fuentesfidedignas.com.mx\/index.php\/wp-json\/wp\/v2\/users\/5"}],"replies":[{"embeddable":true,"href":"https:\/\/fuentesfidedignas.com.mx\/index.php\/wp-json\/wp\/v2\/comments?post=10846"}],"version-history":[{"count":1,"href":"https:\/\/fuentesfidedignas.com.mx\/index.php\/wp-json\/wp\/v2\/posts\/10846\/revisions"}],"predecessor-version":[{"id":10848,"href":"https:\/\/fuentesfidedignas.com.mx\/index.php\/wp-json\/wp\/v2\/posts\/10846\/revisions\/10848"}],"wp:featuredmedia":[{"embeddable":true,"href":"https:\/\/fuentesfidedignas.com.mx\/index.php\/wp-json\/wp\/v2\/media\/10847"}],"wp:attachment":[{"href":"https:\/\/fuentesfidedignas.com.mx\/index.php\/wp-json\/wp\/v2\/media?parent=10846"}],"wp:term":[{"taxonomy":"category","embeddable":true,"href":"https:\/\/fuentesfidedignas.com.mx\/index.php\/wp-json\/wp\/v2\/categories?post=10846"},{"taxonomy":"post_tag","embeddable":true,"href":"https:\/\/fuentesfidedignas.com.mx\/index.php\/wp-json\/wp\/v2\/tags?post=10846"}],"curies":[{"name":"wp","href":"https:\/\/api.w.org\/{rel}","templated":true}]}}