{"id":10843,"date":"2021-08-26T05:44:29","date_gmt":"2021-08-26T12:44:29","guid":{"rendered":"https:\/\/fuentesfidedignas.com.mx\/?p=10843"},"modified":"2021-08-26T05:44:32","modified_gmt":"2021-08-26T12:44:32","slug":"pandemia-dispara-82-las-muertes-en-enero-marzo-en-mexico-inegi","status":"publish","type":"post","link":"https:\/\/fuentesfidedignas.com.mx\/index.php\/2021\/08\/26\/pandemia-dispara-82-las-muertes-en-enero-marzo-en-mexico-inegi\/","title":{"rendered":"Pandemia dispara 82% las muertes en enero-marzo en M\u00e9xico: Inegi"},"content":{"rendered":"\n<p><strong><em>Las entidades federativas que presentaron las mayores magnitudes en la tasa de defunciones por cada 10 mil habitantes fueron la Ciudad de M\u00e9xico, con 60; Morelos, con 41; Tlaxcala y Guanajuato, ambas con 35, y Puebla, con 34<\/em><\/strong><\/p>\n\n\n\n<p>Ciudad de M\u00e9xico. La segunda ola de la pandemia por Covid-19 (enero-marzo de 2021) dispar\u00f3 82 por ciento anual las defunciones totales en M\u00e9xico, al registrarse de manera preliminar 368 mil 906, luego de que en el mismo periodo de 2020 se contabilizaron 202 mil 728 muertes por todas las causas, revel\u00f3 el Instituto Nacional de Estad\u00edstica y Geograf\u00eda (Inegi).<\/p>\n\n\n\n<p>La alerta roja por un repunte de contagios por coronavirus inici\u00f3 a mediados de diciembre de 2020, pero la segunda ola de la pandemia no fue una copia sim\u00e9trica del pico de mayo del a\u00f1o pasado, ya que en enero de este a\u00f1o se dio el segundo pico, el m\u00e1s severo seg\u00fan registros oficiales, de contagios y muertes.<\/p>\n\n\n\n<p>Las entidades federativas que presentaron las mayores magnitudes en la tasa de defunciones registradas entre enero y marzo de 2021 por cada 10 mil habitantes fueron la Ciudad de M\u00e9xico, con 60; Morelos, con 41; Tlaxcala y Guanajuato, ambas con 35, y Puebla, con 34.<\/p>\n\n\n\n<p>Para el periodo de referencia, 58.72 por ciento (216 mil 614) de las defunciones registradas correspondi\u00f3 a hombres, mientras que 41.26 por ciento (152 mil 216) correspondi\u00f3 a mujeres; en 76 casos no se especific\u00f3 el sexo.<\/p>\n\n\n\n<p>Las defunciones registradas entre enero y marzo de 2021 en M\u00e9xico registraron una tasa de 29 por cada 10 mil habitantes; en ese mismo lapso de 2020, la tasa fue de 16.1, con cifras preliminares.<\/p>\n\n\n\n<p><strong>Exceso de mortalidad<\/strong><br>Un elemento que resalta el reporte que dio a conocer hoy el Inegi sobre las \u201cCaracter\u00edsticas de las defunciones registradas en M\u00e9xico durante enero a marzo de 2021 (preliminar)\u201d, es que entre enero de 2020 y marzo de 2021 se registr\u00f3 un exceso de mortalidad por todas las causas de 497 mil 476 defunciones, equivalente a 52.9 por ciento de las muertes esperadas.<\/p>\n\n\n\n<p>\u201cEl grupo interinstitucional de la Secretar\u00eda de Salud estima 478 mil 169 muertes\u201d, precis\u00f3 Julio Santaella, presidente del Inegi.<\/p>\n\n\n\n<p>\u201cA partir de la metodolog\u00eda de la Organizaci\u00f3n Panamericana de la Salud (OPS), basada en canales end\u00e9micos y semanas epidemiol\u00f3gicas, durante el periodo de 2015 a 2019, se esperaban de enero de 2020 a marzo de 2021 un total de 940 mil 329 defunciones y ocurrieron un mill\u00f3n 437 mil 805, por lo que con base en estos resultados se tiene un exceso de mortalidad por todas las causas de 497 mil 476, equivalente a 52.9 por ciento\u201d, describi\u00f3 el Inegi.<\/p>\n","protected":false},"excerpt":{"rendered":"<p>Las entidades federativas que presentaron las mayores magnitudes en la tasa de defunciones por cada 10 mil habitantes fueron la Ciudad de M\u00e9xico, con 60; Morelos, con 41; Tlaxcala y Guanajuato, ambas con 35, y Puebla, con 34 Ciudad de M\u00e9xico. La segunda ola de la pandemia por Covid-19 (enero-marzo de 2021) dispar\u00f3 82 por [&hellip;]<\/p>\n","protected":false},"author":45,"featured_media":10844,"comment_status":"open","ping_status":"open","sticky":false,"template":"","format":"standard","meta":{"tdm_status":"","tdm_grid_status":"","footnotes":""},"categories":[39],"tags":[],"class_list":{"0":"post-10843","1":"post","2":"type-post","3":"status-publish","4":"format-standard","5":"has-post-thumbnail","7":"category-noticias-nacionales"},"yoast_head":"<!-- This site is optimized with the Yoast SEO plugin v27.4 - https:\/\/yoast.com\/product\/yoast-seo-wordpress\/ -->\n<title>Pandemia dispara 82% las muertes en enero-marzo en M\u00e9xico: Inegi - Fuentes Fidedignas<\/title>\n<meta name=\"robots\" content=\"index, follow, max-snippet:-1, max-image-preview:large, max-video-preview:-1\" \/>\n<link rel=\"canonical\" href=\"https:\/\/fuentesfidedignas.com.mx\/index.php\/2021\/08\/26\/pandemia-dispara-82-las-muertes-en-enero-marzo-en-mexico-inegi\/\" \/>\n<meta property=\"og:locale\" content=\"es_MX\" \/>\n<meta property=\"og:type\" content=\"article\" \/>\n<meta property=\"og:title\" content=\"Pandemia dispara 82% las muertes en enero-marzo en M\u00e9xico: Inegi - Fuentes Fidedignas\" \/>\n<meta property=\"og:description\" content=\"Las entidades federativas que presentaron las mayores magnitudes en la tasa de defunciones por cada 10 mil habitantes fueron la Ciudad de M\u00e9xico, con 60; Morelos, con 41; Tlaxcala y Guanajuato, ambas con 35, y Puebla, con 34 Ciudad de M\u00e9xico. La segunda ola de la pandemia por Covid-19 (enero-marzo de 2021) dispar\u00f3 82 por [&hellip;]\" \/>\n<meta property=\"og:url\" content=\"https:\/\/fuentesfidedignas.com.mx\/index.php\/2021\/08\/26\/pandemia-dispara-82-las-muertes-en-enero-marzo-en-mexico-inegi\/\" \/>\n<meta property=\"og:site_name\" content=\"Fuentes Fidedignas\" \/>\n<meta property=\"article:publisher\" content=\"https:\/\/www.facebook.com\/Fuentes-Fidedignas-368234489921644\" \/>\n<meta property=\"article:published_time\" content=\"2021-08-26T12:44:29+00:00\" \/>\n<meta property=\"article:modified_time\" content=\"2021-08-26T12:44:32+00:00\" \/>\n<meta property=\"og:image\" content=\"https:\/\/fuentesfidedignas.com.mx\/wp-content\/uploads\/2021\/08\/image_large-24.jpeg\" \/>\n\t<meta property=\"og:image:width\" content=\"960\" \/>\n\t<meta property=\"og:image:height\" content=\"720\" \/>\n\t<meta property=\"og:image:type\" content=\"image\/jpeg\" \/>\n<meta name=\"author\" content=\"La Jornada\" \/>\n<meta name=\"twitter:card\" content=\"summary_large_image\" \/>\n<meta name=\"twitter:creator\" content=\"@fidedignas\" \/>\n<meta name=\"twitter:site\" content=\"@fidedignas\" \/>\n<meta name=\"twitter:label1\" content=\"Escrito por\" \/>\n\t<meta name=\"twitter:data1\" content=\"La Jornada\" \/>\n\t<meta name=\"twitter:label2\" content=\"Tiempo de lectura\" \/>\n\t<meta name=\"twitter:data2\" content=\"2 minutos\" \/>\n<script type=\"application\/ld+json\" class=\"yoast-schema-graph\">{\"@context\":\"https:\\\/\\\/schema.org\",\"@graph\":[{\"@type\":\"Article\",\"@id\":\"https:\\\/\\\/fuentesfidedignas.com.mx\\\/index.php\\\/2021\\\/08\\\/26\\\/pandemia-dispara-82-las-muertes-en-enero-marzo-en-mexico-inegi\\\/#article\",\"isPartOf\":{\"@id\":\"https:\\\/\\\/fuentesfidedignas.com.mx\\\/index.php\\\/2021\\\/08\\\/26\\\/pandemia-dispara-82-las-muertes-en-enero-marzo-en-mexico-inegi\\\/\"},\"author\":{\"name\":\"La Jornada\",\"@id\":\"https:\\\/\\\/fuentesfidedignas.com.mx\\\/#\\\/schema\\\/person\\\/87eacee4072e149fccc7de67f9634f35\"},\"headline\":\"Pandemia dispara 82% las muertes en enero-marzo en M\u00e9xico: Inegi\",\"datePublished\":\"2021-08-26T12:44:29+00:00\",\"dateModified\":\"2021-08-26T12:44:32+00:00\",\"mainEntityOfPage\":{\"@id\":\"https:\\\/\\\/fuentesfidedignas.com.mx\\\/index.php\\\/2021\\\/08\\\/26\\\/pandemia-dispara-82-las-muertes-en-enero-marzo-en-mexico-inegi\\\/\"},\"wordCount\":419,\"commentCount\":0,\"publisher\":{\"@id\":\"https:\\\/\\\/fuentesfidedignas.com.mx\\\/#organization\"},\"image\":{\"@id\":\"https:\\\/\\\/fuentesfidedignas.com.mx\\\/index.php\\\/2021\\\/08\\\/26\\\/pandemia-dispara-82-las-muertes-en-enero-marzo-en-mexico-inegi\\\/#primaryimage\"},\"thumbnailUrl\":\"https:\\\/\\\/fuentesfidedignas.com.mx\\\/wp-content\\\/uploads\\\/2021\\\/08\\\/image_large-24.jpeg\",\"articleSection\":[\"NOTICIAS NACIONALES\"],\"inLanguage\":\"es\",\"potentialAction\":[{\"@type\":\"CommentAction\",\"name\":\"Comment\",\"target\":[\"https:\\\/\\\/fuentesfidedignas.com.mx\\\/index.php\\\/2021\\\/08\\\/26\\\/pandemia-dispara-82-las-muertes-en-enero-marzo-en-mexico-inegi\\\/#respond\"]}]},{\"@type\":\"WebPage\",\"@id\":\"https:\\\/\\\/fuentesfidedignas.com.mx\\\/index.php\\\/2021\\\/08\\\/26\\\/pandemia-dispara-82-las-muertes-en-enero-marzo-en-mexico-inegi\\\/\",\"url\":\"https:\\\/\\\/fuentesfidedignas.com.mx\\\/index.php\\\/2021\\\/08\\\/26\\\/pandemia-dispara-82-las-muertes-en-enero-marzo-en-mexico-inegi\\\/\",\"name\":\"Pandemia dispara 82% las muertes en enero-marzo en M\u00e9xico: Inegi - Fuentes Fidedignas\",\"isPartOf\":{\"@id\":\"https:\\\/\\\/fuentesfidedignas.com.mx\\\/#website\"},\"primaryImageOfPage\":{\"@id\":\"https:\\\/\\\/fuentesfidedignas.com.mx\\\/index.php\\\/2021\\\/08\\\/26\\\/pandemia-dispara-82-las-muertes-en-enero-marzo-en-mexico-inegi\\\/#primaryimage\"},\"image\":{\"@id\":\"https:\\\/\\\/fuentesfidedignas.com.mx\\\/index.php\\\/2021\\\/08\\\/26\\\/pandemia-dispara-82-las-muertes-en-enero-marzo-en-mexico-inegi\\\/#primaryimage\"},\"thumbnailUrl\":\"https:\\\/\\\/fuentesfidedignas.com.mx\\\/wp-content\\\/uploads\\\/2021\\\/08\\\/image_large-24.jpeg\",\"datePublished\":\"2021-08-26T12:44:29+00:00\",\"dateModified\":\"2021-08-26T12:44:32+00:00\",\"breadcrumb\":{\"@id\":\"https:\\\/\\\/fuentesfidedignas.com.mx\\\/index.php\\\/2021\\\/08\\\/26\\\/pandemia-dispara-82-las-muertes-en-enero-marzo-en-mexico-inegi\\\/#breadcrumb\"},\"inLanguage\":\"es\",\"potentialAction\":[{\"@type\":\"ReadAction\",\"target\":[\"https:\\\/\\\/fuentesfidedignas.com.mx\\\/index.php\\\/2021\\\/08\\\/26\\\/pandemia-dispara-82-las-muertes-en-enero-marzo-en-mexico-inegi\\\/\"]}]},{\"@type\":\"ImageObject\",\"inLanguage\":\"es\",\"@id\":\"https:\\\/\\\/fuentesfidedignas.com.mx\\\/index.php\\\/2021\\\/08\\\/26\\\/pandemia-dispara-82-las-muertes-en-enero-marzo-en-mexico-inegi\\\/#primaryimage\",\"url\":\"https:\\\/\\\/fuentesfidedignas.com.mx\\\/wp-content\\\/uploads\\\/2021\\\/08\\\/image_large-24.jpeg\",\"contentUrl\":\"https:\\\/\\\/fuentesfidedignas.com.mx\\\/wp-content\\\/uploads\\\/2021\\\/08\\\/image_large-24.jpeg\",\"width\":960,\"height\":720},{\"@type\":\"BreadcrumbList\",\"@id\":\"https:\\\/\\\/fuentesfidedignas.com.mx\\\/index.php\\\/2021\\\/08\\\/26\\\/pandemia-dispara-82-las-muertes-en-enero-marzo-en-mexico-inegi\\\/#breadcrumb\",\"itemListElement\":[{\"@type\":\"ListItem\",\"position\":1,\"name\":\"Inicio\",\"item\":\"https:\\\/\\\/fuentesfidedignas.com.mx\\\/\"},{\"@type\":\"ListItem\",\"position\":2,\"name\":\"Pandemia dispara 82% las muertes en enero-marzo en M\u00e9xico: Inegi\"}]},{\"@type\":\"WebSite\",\"@id\":\"https:\\\/\\\/fuentesfidedignas.com.mx\\\/#website\",\"url\":\"https:\\\/\\\/fuentesfidedignas.com.mx\\\/\",\"name\":\"Fuentes Fidedignas\",\"description\":\"Otro sitio realizado con WordPress\",\"publisher\":{\"@id\":\"https:\\\/\\\/fuentesfidedignas.com.mx\\\/#organization\"},\"potentialAction\":[{\"@type\":\"SearchAction\",\"target\":{\"@type\":\"EntryPoint\",\"urlTemplate\":\"https:\\\/\\\/fuentesfidedignas.com.mx\\\/?s={search_term_string}\"},\"query-input\":{\"@type\":\"PropertyValueSpecification\",\"valueRequired\":true,\"valueName\":\"search_term_string\"}}],\"inLanguage\":\"es\"},{\"@type\":\"Organization\",\"@id\":\"https:\\\/\\\/fuentesfidedignas.com.mx\\\/#organization\",\"name\":\"Fuentes Fidedignas\",\"url\":\"https:\\\/\\\/fuentesfidedignas.com.mx\\\/\",\"logo\":{\"@type\":\"ImageObject\",\"inLanguage\":\"es\",\"@id\":\"https:\\\/\\\/fuentesfidedignas.com.mx\\\/#\\\/schema\\\/logo\\\/image\\\/\",\"url\":\"https:\\\/\\\/fuentesfidedignas.com.mx\\\/wp-content\\\/uploads\\\/2021\\\/04\\\/logo-retina.png\",\"contentUrl\":\"https:\\\/\\\/fuentesfidedignas.com.mx\\\/wp-content\\\/uploads\\\/2021\\\/04\\\/logo-retina.png\",\"width\":280,\"height\":51,\"caption\":\"Fuentes Fidedignas\"},\"image\":{\"@id\":\"https:\\\/\\\/fuentesfidedignas.com.mx\\\/#\\\/schema\\\/logo\\\/image\\\/\"},\"sameAs\":[\"https:\\\/\\\/www.facebook.com\\\/Fuentes-Fidedignas-368234489921644\",\"https:\\\/\\\/x.com\\\/fidedignas\"]},{\"@type\":\"Person\",\"@id\":\"https:\\\/\\\/fuentesfidedignas.com.mx\\\/#\\\/schema\\\/person\\\/87eacee4072e149fccc7de67f9634f35\",\"name\":\"La Jornada\",\"image\":{\"@type\":\"ImageObject\",\"inLanguage\":\"es\",\"@id\":\"https:\\\/\\\/secure.gravatar.com\\\/avatar\\\/2b09f15a418e222775ffd645761e3fcecd1fb9d7a38a3ba858adf349aab82c7c?s=96&d=mm&r=g\",\"url\":\"https:\\\/\\\/secure.gravatar.com\\\/avatar\\\/2b09f15a418e222775ffd645761e3fcecd1fb9d7a38a3ba858adf349aab82c7c?s=96&d=mm&r=g\",\"contentUrl\":\"https:\\\/\\\/secure.gravatar.com\\\/avatar\\\/2b09f15a418e222775ffd645761e3fcecd1fb9d7a38a3ba858adf349aab82c7c?s=96&d=mm&r=g\",\"caption\":\"La Jornada\"},\"url\":\"https:\\\/\\\/fuentesfidedignas.com.mx\\\/index.php\\\/author\\\/jornada\\\/\"}]}<\/script>\n<!-- \/ Yoast SEO plugin. -->","yoast_head_json":{"title":"Pandemia dispara 82% las muertes en enero-marzo en M\u00e9xico: Inegi - Fuentes Fidedignas","robots":{"index":"index","follow":"follow","max-snippet":"max-snippet:-1","max-image-preview":"max-image-preview:large","max-video-preview":"max-video-preview:-1"},"canonical":"https:\/\/fuentesfidedignas.com.mx\/index.php\/2021\/08\/26\/pandemia-dispara-82-las-muertes-en-enero-marzo-en-mexico-inegi\/","og_locale":"es_MX","og_type":"article","og_title":"Pandemia dispara 82% las muertes en enero-marzo en M\u00e9xico: Inegi - Fuentes Fidedignas","og_description":"Las entidades federativas que presentaron las mayores magnitudes en la tasa de defunciones por cada 10 mil habitantes fueron la Ciudad de M\u00e9xico, con 60; Morelos, con 41; Tlaxcala y Guanajuato, ambas con 35, y Puebla, con 34 Ciudad de M\u00e9xico. La segunda ola de la pandemia por Covid-19 (enero-marzo de 2021) dispar\u00f3 82 por [&hellip;]","og_url":"https:\/\/fuentesfidedignas.com.mx\/index.php\/2021\/08\/26\/pandemia-dispara-82-las-muertes-en-enero-marzo-en-mexico-inegi\/","og_site_name":"Fuentes Fidedignas","article_publisher":"https:\/\/www.facebook.com\/Fuentes-Fidedignas-368234489921644","article_published_time":"2021-08-26T12:44:29+00:00","article_modified_time":"2021-08-26T12:44:32+00:00","og_image":[{"width":960,"height":720,"url":"https:\/\/fuentesfidedignas.com.mx\/wp-content\/uploads\/2021\/08\/image_large-24.jpeg","type":"image\/jpeg"}],"author":"La Jornada","twitter_card":"summary_large_image","twitter_creator":"@fidedignas","twitter_site":"@fidedignas","twitter_misc":{"Escrito por":"La Jornada","Tiempo de lectura":"2 minutos"},"schema":{"@context":"https:\/\/schema.org","@graph":[{"@type":"Article","@id":"https:\/\/fuentesfidedignas.com.mx\/index.php\/2021\/08\/26\/pandemia-dispara-82-las-muertes-en-enero-marzo-en-mexico-inegi\/#article","isPartOf":{"@id":"https:\/\/fuentesfidedignas.com.mx\/index.php\/2021\/08\/26\/pandemia-dispara-82-las-muertes-en-enero-marzo-en-mexico-inegi\/"},"author":{"name":"La Jornada","@id":"https:\/\/fuentesfidedignas.com.mx\/#\/schema\/person\/87eacee4072e149fccc7de67f9634f35"},"headline":"Pandemia dispara 82% las muertes en enero-marzo en M\u00e9xico: Inegi","datePublished":"2021-08-26T12:44:29+00:00","dateModified":"2021-08-26T12:44:32+00:00","mainEntityOfPage":{"@id":"https:\/\/fuentesfidedignas.com.mx\/index.php\/2021\/08\/26\/pandemia-dispara-82-las-muertes-en-enero-marzo-en-mexico-inegi\/"},"wordCount":419,"commentCount":0,"publisher":{"@id":"https:\/\/fuentesfidedignas.com.mx\/#organization"},"image":{"@id":"https:\/\/fuentesfidedignas.com.mx\/index.php\/2021\/08\/26\/pandemia-dispara-82-las-muertes-en-enero-marzo-en-mexico-inegi\/#primaryimage"},"thumbnailUrl":"https:\/\/fuentesfidedignas.com.mx\/wp-content\/uploads\/2021\/08\/image_large-24.jpeg","articleSection":["NOTICIAS NACIONALES"],"inLanguage":"es","potentialAction":[{"@type":"CommentAction","name":"Comment","target":["https:\/\/fuentesfidedignas.com.mx\/index.php\/2021\/08\/26\/pandemia-dispara-82-las-muertes-en-enero-marzo-en-mexico-inegi\/#respond"]}]},{"@type":"WebPage","@id":"https:\/\/fuentesfidedignas.com.mx\/index.php\/2021\/08\/26\/pandemia-dispara-82-las-muertes-en-enero-marzo-en-mexico-inegi\/","url":"https:\/\/fuentesfidedignas.com.mx\/index.php\/2021\/08\/26\/pandemia-dispara-82-las-muertes-en-enero-marzo-en-mexico-inegi\/","name":"Pandemia dispara 82% las muertes en enero-marzo en M\u00e9xico: Inegi - Fuentes Fidedignas","isPartOf":{"@id":"https:\/\/fuentesfidedignas.com.mx\/#website"},"primaryImageOfPage":{"@id":"https:\/\/fuentesfidedignas.com.mx\/index.php\/2021\/08\/26\/pandemia-dispara-82-las-muertes-en-enero-marzo-en-mexico-inegi\/#primaryimage"},"image":{"@id":"https:\/\/fuentesfidedignas.com.mx\/index.php\/2021\/08\/26\/pandemia-dispara-82-las-muertes-en-enero-marzo-en-mexico-inegi\/#primaryimage"},"thumbnailUrl":"https:\/\/fuentesfidedignas.com.mx\/wp-content\/uploads\/2021\/08\/image_large-24.jpeg","datePublished":"2021-08-26T12:44:29+00:00","dateModified":"2021-08-26T12:44:32+00:00","breadcrumb":{"@id":"https:\/\/fuentesfidedignas.com.mx\/index.php\/2021\/08\/26\/pandemia-dispara-82-las-muertes-en-enero-marzo-en-mexico-inegi\/#breadcrumb"},"inLanguage":"es","potentialAction":[{"@type":"ReadAction","target":["https:\/\/fuentesfidedignas.com.mx\/index.php\/2021\/08\/26\/pandemia-dispara-82-las-muertes-en-enero-marzo-en-mexico-inegi\/"]}]},{"@type":"ImageObject","inLanguage":"es","@id":"https:\/\/fuentesfidedignas.com.mx\/index.php\/2021\/08\/26\/pandemia-dispara-82-las-muertes-en-enero-marzo-en-mexico-inegi\/#primaryimage","url":"https:\/\/fuentesfidedignas.com.mx\/wp-content\/uploads\/2021\/08\/image_large-24.jpeg","contentUrl":"https:\/\/fuentesfidedignas.com.mx\/wp-content\/uploads\/2021\/08\/image_large-24.jpeg","width":960,"height":720},{"@type":"BreadcrumbList","@id":"https:\/\/fuentesfidedignas.com.mx\/index.php\/2021\/08\/26\/pandemia-dispara-82-las-muertes-en-enero-marzo-en-mexico-inegi\/#breadcrumb","itemListElement":[{"@type":"ListItem","position":1,"name":"Inicio","item":"https:\/\/fuentesfidedignas.com.mx\/"},{"@type":"ListItem","position":2,"name":"Pandemia dispara 82% las muertes en enero-marzo en M\u00e9xico: Inegi"}]},{"@type":"WebSite","@id":"https:\/\/fuentesfidedignas.com.mx\/#website","url":"https:\/\/fuentesfidedignas.com.mx\/","name":"Fuentes Fidedignas","description":"Otro sitio realizado con WordPress","publisher":{"@id":"https:\/\/fuentesfidedignas.com.mx\/#organization"},"potentialAction":[{"@type":"SearchAction","target":{"@type":"EntryPoint","urlTemplate":"https:\/\/fuentesfidedignas.com.mx\/?s={search_term_string}"},"query-input":{"@type":"PropertyValueSpecification","valueRequired":true,"valueName":"search_term_string"}}],"inLanguage":"es"},{"@type":"Organization","@id":"https:\/\/fuentesfidedignas.com.mx\/#organization","name":"Fuentes Fidedignas","url":"https:\/\/fuentesfidedignas.com.mx\/","logo":{"@type":"ImageObject","inLanguage":"es","@id":"https:\/\/fuentesfidedignas.com.mx\/#\/schema\/logo\/image\/","url":"https:\/\/fuentesfidedignas.com.mx\/wp-content\/uploads\/2021\/04\/logo-retina.png","contentUrl":"https:\/\/fuentesfidedignas.com.mx\/wp-content\/uploads\/2021\/04\/logo-retina.png","width":280,"height":51,"caption":"Fuentes Fidedignas"},"image":{"@id":"https:\/\/fuentesfidedignas.com.mx\/#\/schema\/logo\/image\/"},"sameAs":["https:\/\/www.facebook.com\/Fuentes-Fidedignas-368234489921644","https:\/\/x.com\/fidedignas"]},{"@type":"Person","@id":"https:\/\/fuentesfidedignas.com.mx\/#\/schema\/person\/87eacee4072e149fccc7de67f9634f35","name":"La Jornada","image":{"@type":"ImageObject","inLanguage":"es","@id":"https:\/\/secure.gravatar.com\/avatar\/2b09f15a418e222775ffd645761e3fcecd1fb9d7a38a3ba858adf349aab82c7c?s=96&d=mm&r=g","url":"https:\/\/secure.gravatar.com\/avatar\/2b09f15a418e222775ffd645761e3fcecd1fb9d7a38a3ba858adf349aab82c7c?s=96&d=mm&r=g","contentUrl":"https:\/\/secure.gravatar.com\/avatar\/2b09f15a418e222775ffd645761e3fcecd1fb9d7a38a3ba858adf349aab82c7c?s=96&d=mm&r=g","caption":"La Jornada"},"url":"https:\/\/fuentesfidedignas.com.mx\/index.php\/author\/jornada\/"}]}},"_links":{"self":[{"href":"https:\/\/fuentesfidedignas.com.mx\/index.php\/wp-json\/wp\/v2\/posts\/10843","targetHints":{"allow":["GET"]}}],"collection":[{"href":"https:\/\/fuentesfidedignas.com.mx\/index.php\/wp-json\/wp\/v2\/posts"}],"about":[{"href":"https:\/\/fuentesfidedignas.com.mx\/index.php\/wp-json\/wp\/v2\/types\/post"}],"author":[{"embeddable":true,"href":"https:\/\/fuentesfidedignas.com.mx\/index.php\/wp-json\/wp\/v2\/users\/45"}],"replies":[{"embeddable":true,"href":"https:\/\/fuentesfidedignas.com.mx\/index.php\/wp-json\/wp\/v2\/comments?post=10843"}],"version-history":[{"count":1,"href":"https:\/\/fuentesfidedignas.com.mx\/index.php\/wp-json\/wp\/v2\/posts\/10843\/revisions"}],"predecessor-version":[{"id":10845,"href":"https:\/\/fuentesfidedignas.com.mx\/index.php\/wp-json\/wp\/v2\/posts\/10843\/revisions\/10845"}],"wp:featuredmedia":[{"embeddable":true,"href":"https:\/\/fuentesfidedignas.com.mx\/index.php\/wp-json\/wp\/v2\/media\/10844"}],"wp:attachment":[{"href":"https:\/\/fuentesfidedignas.com.mx\/index.php\/wp-json\/wp\/v2\/media?parent=10843"}],"wp:term":[{"taxonomy":"category","embeddable":true,"href":"https:\/\/fuentesfidedignas.com.mx\/index.php\/wp-json\/wp\/v2\/categories?post=10843"},{"taxonomy":"post_tag","embeddable":true,"href":"https:\/\/fuentesfidedignas.com.mx\/index.php\/wp-json\/wp\/v2\/tags?post=10843"}],"curies":[{"name":"wp","href":"https:\/\/api.w.org\/{rel}","templated":true}]}}