{"id":108423,"date":"2025-05-15T07:35:38","date_gmt":"2025-05-15T14:35:38","guid":{"rendered":"https:\/\/fuentesfidedignas.com.mx\/?p=108423"},"modified":"2025-05-15T07:50:26","modified_gmt":"2025-05-15T14:50:26","slug":"es-falsa-la-foto-sheinbaum-desmiente-que-agentes-de-eu-participen-en-operativos-en-mexico","status":"publish","type":"post","link":"https:\/\/fuentesfidedignas.com.mx\/index.php\/2025\/05\/15\/es-falsa-la-foto-sheinbaum-desmiente-que-agentes-de-eu-participen-en-operativos-en-mexico\/","title":{"rendered":"\u201cEs falsa la nota\u201d: Sheinbaum desmiente que agentes de EU participen en operativos en M\u00e9xico"},"content":{"rendered":"\n<p><strong><em>La presidencia Sheinbaum desminti\u00f3 la presencia de agentes estadounidenses durante operativos en territorio mexicano<\/em><\/strong><\/p>\n\n\n\n<p>En la conferencia matutina de Palacio Nacional, Sheinbaum Pardo dej\u00f3 en claro que son falsas las im\u00e1genes publicadas en medios de comunicaci\u00f3n donde agentes estadounidenses participan en operativos en territorio nacional.<\/p>\n\n\n\n<p>&#8220;Es falsa, y esa fotograf\u00eda que sale en primera plana de la jornada no corresponde a ninguna operaci\u00f3n en M\u00e9xico\u201d, indic\u00f3.<\/p>\n\n\n\n<p>\u201cDesde hace muchos a\u00f1os, desde que estuvo el presidente L\u00f3pez Obrador y a la fecha, no participa ni coordinando elementos de alguna agencia en alg\u00fan operativo en nuestro territorio\u201d, puntualiz\u00f3.<\/p>\n\n\n\n<p>La mandataria mexicana se refiri\u00f3 a las im\u00e1genes publicadas en la previa por el Servicio de Inmigraci\u00f3n y Control de Aduanas de EE.UU. (ICE, por sus siglas en ingl\u00e9s), y que fue replicada por la Embajada de EE.UU. en M\u00e9xico, en donde se detalla que agentes estadounidenses lideraron una operaci\u00f3n en Sinaloa para desmantelar tres laboratorios clandestinos.<\/p>\n\n\n\n<p>\u201cEntonces, esa fotograf\u00eda que se est\u00e1 viendo, \u00bfde d\u00f3nde sali\u00f3 esa fotograf\u00eda primero? Si hay elementos de otro pa\u00eds de EU, de alguna agencia, y segundo, esa fotograf\u00eda, \u00bfa qu\u00e9 corresponde? Pero no es una fotograf\u00eda que corresponda a lo que viene ah\u00ed en esa publicaci\u00f3n\u201d, refiri\u00f3 Sheinbaum Pardo.<\/p>\n\n\n\n<p>\u201cNo hay subordinaci\u00f3n, ni participaci\u00f3n de elementos de alguna agencia de EE.UU. en alg\u00fan operativo (en M\u00e9xico). Y eso es a lo que me refer\u00eda ayer: que cambiaron las cosas, antes era muy distinto. Durante los periodos, o durante el periodo neoliberal, de los Gobiernos del neoliberalismo, y particularmente en la \u00e9poca de Calder\u00f3n, se abri\u00f3 la posibilidad de que se entrara, a que operaran las propias agencias en los operativos, eso desde que lleg\u00f3 el presidente L\u00f3pez Obrador ya no ocurri\u00f3\u201d, agreg\u00f3.<\/p>\n\n\n\n<p>&#8220;A EE.UU. no le gusta o a las agencias en particular que no puedan entrar como entraban antes. Ellos quisieran seguir operando como en el periodo del neoliberalismo, en el periodo de Calder\u00f3n. Es decir, desde que lleg\u00f3 la 4T la relaci\u00f3n con Estados Unidos y sus agencias es distinta\u201d, lanz\u00f3.<\/p>\n\n\n\n<p>La presidenta de M\u00e9xico dej\u00f3 en claro esta ma\u00f1ana que no se permitir\u00e1 una violaci\u00f3n a la soberan\u00eda de M\u00e9xico y que no se dejar\u00e1n presionar por EE.UU.<\/p>\n\n\n\n<p>&#8220;Nosotros no vamos a permitir la violaci\u00f3n a nuestra soberan\u00eda, eso es todo. Es una relaci\u00f3n de respeto que hasta ahora se ha mantenido con el presidente Trump. Que el pueblo de M\u00e9xico sepa que esa fotograf\u00eda no corresponde a lo que dice el texto.\u201d, declar\u00f3.<\/p>\n\n\n\n<p>\u201cPresi\u00f3n no (por parte de EE.UU.), nosotros tenemos muy claro nuestro principios, lo que representa la ley y nuestro mandato popular. Entonces no hay presi\u00f3n, sencillamente s\u00ed es importante que el pueblo de M\u00e9xico siempre sepa esto, y que bajo ninguna circunstancia se va a permitir el injerencismo o la violaci\u00f3n a nuestra soberan\u00eda\u201d, recalc\u00f3.<\/p>\n","protected":false},"excerpt":{"rendered":"<p>La presidencia Sheinbaum desminti\u00f3 la presencia de agentes estadounidenses durante operativos en territorio mexicano En la conferencia matutina de Palacio Nacional, Sheinbaum Pardo dej\u00f3 en claro que son falsas las im\u00e1genes publicadas en medios de comunicaci\u00f3n donde agentes estadounidenses participan en operativos en territorio nacional. &#8220;Es falsa, y esa fotograf\u00eda que sale en primera plana [&hellip;]<\/p>\n","protected":false},"author":47,"featured_media":103963,"comment_status":"open","ping_status":"open","sticky":false,"template":"","format":"standard","meta":{"tdm_status":"","tdm_grid_status":"","footnotes":""},"categories":[39],"tags":[],"class_list":{"0":"post-108423","1":"post","2":"type-post","3":"status-publish","4":"format-standard","5":"has-post-thumbnail","7":"category-noticias-nacionales"},"yoast_head":"<!-- This site is optimized with the Yoast SEO plugin v27.4 - https:\/\/yoast.com\/product\/yoast-seo-wordpress\/ -->\n<title>\u201cEs falsa la nota\u201d: Sheinbaum desmiente que agentes de EU participen en operativos en M\u00e9xico - Fuentes Fidedignas<\/title>\n<meta name=\"robots\" content=\"index, follow, max-snippet:-1, max-image-preview:large, max-video-preview:-1\" \/>\n<link rel=\"canonical\" href=\"https:\/\/fuentesfidedignas.com.mx\/index.php\/2025\/05\/15\/es-falsa-la-foto-sheinbaum-desmiente-que-agentes-de-eu-participen-en-operativos-en-mexico\/\" \/>\n<meta property=\"og:locale\" content=\"es_MX\" \/>\n<meta property=\"og:type\" content=\"article\" \/>\n<meta property=\"og:title\" content=\"\u201cEs falsa la nota\u201d: Sheinbaum desmiente que agentes de EU participen en operativos en M\u00e9xico - Fuentes Fidedignas\" \/>\n<meta property=\"og:description\" content=\"La presidencia Sheinbaum desminti\u00f3 la presencia de agentes estadounidenses durante operativos en territorio mexicano En la conferencia matutina de Palacio Nacional, Sheinbaum Pardo dej\u00f3 en claro que son falsas las im\u00e1genes publicadas en medios de comunicaci\u00f3n donde agentes estadounidenses participan en operativos en territorio nacional. &#8220;Es falsa, y esa fotograf\u00eda que sale en primera plana [&hellip;]\" \/>\n<meta property=\"og:url\" content=\"https:\/\/fuentesfidedignas.com.mx\/index.php\/2025\/05\/15\/es-falsa-la-foto-sheinbaum-desmiente-que-agentes-de-eu-participen-en-operativos-en-mexico\/\" \/>\n<meta property=\"og:site_name\" content=\"Fuentes Fidedignas\" \/>\n<meta property=\"article:publisher\" content=\"https:\/\/www.facebook.com\/Fuentes-Fidedignas-368234489921644\" \/>\n<meta property=\"article:published_time\" content=\"2025-05-15T14:35:38+00:00\" \/>\n<meta property=\"article:modified_time\" content=\"2025-05-15T14:50:26+00:00\" \/>\n<meta property=\"og:image\" content=\"https:\/\/fuentesfidedignas.com.mx\/wp-content\/uploads\/2025\/03\/claudia_sheinmbaum1.jpg\" \/>\n\t<meta property=\"og:image:width\" content=\"600\" \/>\n\t<meta property=\"og:image:height\" content=\"405\" \/>\n\t<meta property=\"og:image:type\" content=\"image\/jpeg\" \/>\n<meta name=\"author\" content=\"L\u00f3pez D\u00f3riga\" \/>\n<meta name=\"twitter:card\" content=\"summary_large_image\" \/>\n<meta name=\"twitter:creator\" content=\"@fidedignas\" \/>\n<meta name=\"twitter:site\" content=\"@fidedignas\" \/>\n<meta name=\"twitter:label1\" content=\"Escrito por\" \/>\n\t<meta name=\"twitter:data1\" content=\"L\u00f3pez D\u00f3riga\" \/>\n\t<meta name=\"twitter:label2\" content=\"Tiempo de lectura\" \/>\n\t<meta name=\"twitter:data2\" content=\"3 minutos\" \/>\n<script type=\"application\/ld+json\" class=\"yoast-schema-graph\">{\"@context\":\"https:\\\/\\\/schema.org\",\"@graph\":[{\"@type\":\"Article\",\"@id\":\"https:\\\/\\\/fuentesfidedignas.com.mx\\\/index.php\\\/2025\\\/05\\\/15\\\/es-falsa-la-foto-sheinbaum-desmiente-que-agentes-de-eu-participen-en-operativos-en-mexico\\\/#article\",\"isPartOf\":{\"@id\":\"https:\\\/\\\/fuentesfidedignas.com.mx\\\/index.php\\\/2025\\\/05\\\/15\\\/es-falsa-la-foto-sheinbaum-desmiente-que-agentes-de-eu-participen-en-operativos-en-mexico\\\/\"},\"author\":{\"name\":\"L\u00f3pez D\u00f3riga\",\"@id\":\"https:\\\/\\\/fuentesfidedignas.com.mx\\\/#\\\/schema\\\/person\\\/67d852f0557c8509146a4b9ddebd543a\"},\"headline\":\"\u201cEs falsa la nota\u201d: Sheinbaum desmiente que agentes de EU participen en operativos en M\u00e9xico\",\"datePublished\":\"2025-05-15T14:35:38+00:00\",\"dateModified\":\"2025-05-15T14:50:26+00:00\",\"mainEntityOfPage\":{\"@id\":\"https:\\\/\\\/fuentesfidedignas.com.mx\\\/index.php\\\/2025\\\/05\\\/15\\\/es-falsa-la-foto-sheinbaum-desmiente-que-agentes-de-eu-participen-en-operativos-en-mexico\\\/\"},\"wordCount\":532,\"commentCount\":0,\"publisher\":{\"@id\":\"https:\\\/\\\/fuentesfidedignas.com.mx\\\/#organization\"},\"image\":{\"@id\":\"https:\\\/\\\/fuentesfidedignas.com.mx\\\/index.php\\\/2025\\\/05\\\/15\\\/es-falsa-la-foto-sheinbaum-desmiente-que-agentes-de-eu-participen-en-operativos-en-mexico\\\/#primaryimage\"},\"thumbnailUrl\":\"https:\\\/\\\/fuentesfidedignas.com.mx\\\/wp-content\\\/uploads\\\/2025\\\/03\\\/claudia_sheinmbaum1.jpg\",\"articleSection\":[\"NOTICIAS NACIONALES\"],\"inLanguage\":\"es\",\"potentialAction\":[{\"@type\":\"CommentAction\",\"name\":\"Comment\",\"target\":[\"https:\\\/\\\/fuentesfidedignas.com.mx\\\/index.php\\\/2025\\\/05\\\/15\\\/es-falsa-la-foto-sheinbaum-desmiente-que-agentes-de-eu-participen-en-operativos-en-mexico\\\/#respond\"]}]},{\"@type\":\"WebPage\",\"@id\":\"https:\\\/\\\/fuentesfidedignas.com.mx\\\/index.php\\\/2025\\\/05\\\/15\\\/es-falsa-la-foto-sheinbaum-desmiente-que-agentes-de-eu-participen-en-operativos-en-mexico\\\/\",\"url\":\"https:\\\/\\\/fuentesfidedignas.com.mx\\\/index.php\\\/2025\\\/05\\\/15\\\/es-falsa-la-foto-sheinbaum-desmiente-que-agentes-de-eu-participen-en-operativos-en-mexico\\\/\",\"name\":\"\u201cEs falsa la nota\u201d: Sheinbaum desmiente que agentes de EU participen en operativos en M\u00e9xico - Fuentes Fidedignas\",\"isPartOf\":{\"@id\":\"https:\\\/\\\/fuentesfidedignas.com.mx\\\/#website\"},\"primaryImageOfPage\":{\"@id\":\"https:\\\/\\\/fuentesfidedignas.com.mx\\\/index.php\\\/2025\\\/05\\\/15\\\/es-falsa-la-foto-sheinbaum-desmiente-que-agentes-de-eu-participen-en-operativos-en-mexico\\\/#primaryimage\"},\"image\":{\"@id\":\"https:\\\/\\\/fuentesfidedignas.com.mx\\\/index.php\\\/2025\\\/05\\\/15\\\/es-falsa-la-foto-sheinbaum-desmiente-que-agentes-de-eu-participen-en-operativos-en-mexico\\\/#primaryimage\"},\"thumbnailUrl\":\"https:\\\/\\\/fuentesfidedignas.com.mx\\\/wp-content\\\/uploads\\\/2025\\\/03\\\/claudia_sheinmbaum1.jpg\",\"datePublished\":\"2025-05-15T14:35:38+00:00\",\"dateModified\":\"2025-05-15T14:50:26+00:00\",\"breadcrumb\":{\"@id\":\"https:\\\/\\\/fuentesfidedignas.com.mx\\\/index.php\\\/2025\\\/05\\\/15\\\/es-falsa-la-foto-sheinbaum-desmiente-que-agentes-de-eu-participen-en-operativos-en-mexico\\\/#breadcrumb\"},\"inLanguage\":\"es\",\"potentialAction\":[{\"@type\":\"ReadAction\",\"target\":[\"https:\\\/\\\/fuentesfidedignas.com.mx\\\/index.php\\\/2025\\\/05\\\/15\\\/es-falsa-la-foto-sheinbaum-desmiente-que-agentes-de-eu-participen-en-operativos-en-mexico\\\/\"]}]},{\"@type\":\"ImageObject\",\"inLanguage\":\"es\",\"@id\":\"https:\\\/\\\/fuentesfidedignas.com.mx\\\/index.php\\\/2025\\\/05\\\/15\\\/es-falsa-la-foto-sheinbaum-desmiente-que-agentes-de-eu-participen-en-operativos-en-mexico\\\/#primaryimage\",\"url\":\"https:\\\/\\\/fuentesfidedignas.com.mx\\\/wp-content\\\/uploads\\\/2025\\\/03\\\/claudia_sheinmbaum1.jpg\",\"contentUrl\":\"https:\\\/\\\/fuentesfidedignas.com.mx\\\/wp-content\\\/uploads\\\/2025\\\/03\\\/claudia_sheinmbaum1.jpg\",\"width\":600,\"height\":405},{\"@type\":\"BreadcrumbList\",\"@id\":\"https:\\\/\\\/fuentesfidedignas.com.mx\\\/index.php\\\/2025\\\/05\\\/15\\\/es-falsa-la-foto-sheinbaum-desmiente-que-agentes-de-eu-participen-en-operativos-en-mexico\\\/#breadcrumb\",\"itemListElement\":[{\"@type\":\"ListItem\",\"position\":1,\"name\":\"Inicio\",\"item\":\"https:\\\/\\\/fuentesfidedignas.com.mx\\\/\"},{\"@type\":\"ListItem\",\"position\":2,\"name\":\"\u201cEs falsa la nota\u201d: Sheinbaum desmiente que agentes de EU participen en operativos en M\u00e9xico\"}]},{\"@type\":\"WebSite\",\"@id\":\"https:\\\/\\\/fuentesfidedignas.com.mx\\\/#website\",\"url\":\"https:\\\/\\\/fuentesfidedignas.com.mx\\\/\",\"name\":\"Fuentes Fidedignas\",\"description\":\"Otro sitio realizado con WordPress\",\"publisher\":{\"@id\":\"https:\\\/\\\/fuentesfidedignas.com.mx\\\/#organization\"},\"potentialAction\":[{\"@type\":\"SearchAction\",\"target\":{\"@type\":\"EntryPoint\",\"urlTemplate\":\"https:\\\/\\\/fuentesfidedignas.com.mx\\\/?s={search_term_string}\"},\"query-input\":{\"@type\":\"PropertyValueSpecification\",\"valueRequired\":true,\"valueName\":\"search_term_string\"}}],\"inLanguage\":\"es\"},{\"@type\":\"Organization\",\"@id\":\"https:\\\/\\\/fuentesfidedignas.com.mx\\\/#organization\",\"name\":\"Fuentes Fidedignas\",\"url\":\"https:\\\/\\\/fuentesfidedignas.com.mx\\\/\",\"logo\":{\"@type\":\"ImageObject\",\"inLanguage\":\"es\",\"@id\":\"https:\\\/\\\/fuentesfidedignas.com.mx\\\/#\\\/schema\\\/logo\\\/image\\\/\",\"url\":\"https:\\\/\\\/fuentesfidedignas.com.mx\\\/wp-content\\\/uploads\\\/2021\\\/04\\\/logo-retina.png\",\"contentUrl\":\"https:\\\/\\\/fuentesfidedignas.com.mx\\\/wp-content\\\/uploads\\\/2021\\\/04\\\/logo-retina.png\",\"width\":280,\"height\":51,\"caption\":\"Fuentes Fidedignas\"},\"image\":{\"@id\":\"https:\\\/\\\/fuentesfidedignas.com.mx\\\/#\\\/schema\\\/logo\\\/image\\\/\"},\"sameAs\":[\"https:\\\/\\\/www.facebook.com\\\/Fuentes-Fidedignas-368234489921644\",\"https:\\\/\\\/x.com\\\/fidedignas\"]},{\"@type\":\"Person\",\"@id\":\"https:\\\/\\\/fuentesfidedignas.com.mx\\\/#\\\/schema\\\/person\\\/67d852f0557c8509146a4b9ddebd543a\",\"name\":\"L\u00f3pez D\u00f3riga\",\"image\":{\"@type\":\"ImageObject\",\"inLanguage\":\"es\",\"@id\":\"https:\\\/\\\/secure.gravatar.com\\\/avatar\\\/e525b06574ca18b33cded59dfe5778d6c823b9513154eff47da551b0551bdd1e?s=96&d=mm&r=g\",\"url\":\"https:\\\/\\\/secure.gravatar.com\\\/avatar\\\/e525b06574ca18b33cded59dfe5778d6c823b9513154eff47da551b0551bdd1e?s=96&d=mm&r=g\",\"contentUrl\":\"https:\\\/\\\/secure.gravatar.com\\\/avatar\\\/e525b06574ca18b33cded59dfe5778d6c823b9513154eff47da551b0551bdd1e?s=96&d=mm&r=g\",\"caption\":\"L\u00f3pez D\u00f3riga\"},\"url\":\"https:\\\/\\\/fuentesfidedignas.com.mx\\\/index.php\\\/author\\\/doriga\\\/\"}]}<\/script>\n<!-- \/ Yoast SEO plugin. -->","yoast_head_json":{"title":"\u201cEs falsa la nota\u201d: Sheinbaum desmiente que agentes de EU participen en operativos en M\u00e9xico - Fuentes Fidedignas","robots":{"index":"index","follow":"follow","max-snippet":"max-snippet:-1","max-image-preview":"max-image-preview:large","max-video-preview":"max-video-preview:-1"},"canonical":"https:\/\/fuentesfidedignas.com.mx\/index.php\/2025\/05\/15\/es-falsa-la-foto-sheinbaum-desmiente-que-agentes-de-eu-participen-en-operativos-en-mexico\/","og_locale":"es_MX","og_type":"article","og_title":"\u201cEs falsa la nota\u201d: Sheinbaum desmiente que agentes de EU participen en operativos en M\u00e9xico - Fuentes Fidedignas","og_description":"La presidencia Sheinbaum desminti\u00f3 la presencia de agentes estadounidenses durante operativos en territorio mexicano En la conferencia matutina de Palacio Nacional, Sheinbaum Pardo dej\u00f3 en claro que son falsas las im\u00e1genes publicadas en medios de comunicaci\u00f3n donde agentes estadounidenses participan en operativos en territorio nacional. &#8220;Es falsa, y esa fotograf\u00eda que sale en primera plana [&hellip;]","og_url":"https:\/\/fuentesfidedignas.com.mx\/index.php\/2025\/05\/15\/es-falsa-la-foto-sheinbaum-desmiente-que-agentes-de-eu-participen-en-operativos-en-mexico\/","og_site_name":"Fuentes Fidedignas","article_publisher":"https:\/\/www.facebook.com\/Fuentes-Fidedignas-368234489921644","article_published_time":"2025-05-15T14:35:38+00:00","article_modified_time":"2025-05-15T14:50:26+00:00","og_image":[{"width":600,"height":405,"url":"https:\/\/fuentesfidedignas.com.mx\/wp-content\/uploads\/2025\/03\/claudia_sheinmbaum1.jpg","type":"image\/jpeg"}],"author":"L\u00f3pez D\u00f3riga","twitter_card":"summary_large_image","twitter_creator":"@fidedignas","twitter_site":"@fidedignas","twitter_misc":{"Escrito por":"L\u00f3pez D\u00f3riga","Tiempo de lectura":"3 minutos"},"schema":{"@context":"https:\/\/schema.org","@graph":[{"@type":"Article","@id":"https:\/\/fuentesfidedignas.com.mx\/index.php\/2025\/05\/15\/es-falsa-la-foto-sheinbaum-desmiente-que-agentes-de-eu-participen-en-operativos-en-mexico\/#article","isPartOf":{"@id":"https:\/\/fuentesfidedignas.com.mx\/index.php\/2025\/05\/15\/es-falsa-la-foto-sheinbaum-desmiente-que-agentes-de-eu-participen-en-operativos-en-mexico\/"},"author":{"name":"L\u00f3pez D\u00f3riga","@id":"https:\/\/fuentesfidedignas.com.mx\/#\/schema\/person\/67d852f0557c8509146a4b9ddebd543a"},"headline":"\u201cEs falsa la nota\u201d: Sheinbaum desmiente que agentes de EU participen en operativos en M\u00e9xico","datePublished":"2025-05-15T14:35:38+00:00","dateModified":"2025-05-15T14:50:26+00:00","mainEntityOfPage":{"@id":"https:\/\/fuentesfidedignas.com.mx\/index.php\/2025\/05\/15\/es-falsa-la-foto-sheinbaum-desmiente-que-agentes-de-eu-participen-en-operativos-en-mexico\/"},"wordCount":532,"commentCount":0,"publisher":{"@id":"https:\/\/fuentesfidedignas.com.mx\/#organization"},"image":{"@id":"https:\/\/fuentesfidedignas.com.mx\/index.php\/2025\/05\/15\/es-falsa-la-foto-sheinbaum-desmiente-que-agentes-de-eu-participen-en-operativos-en-mexico\/#primaryimage"},"thumbnailUrl":"https:\/\/fuentesfidedignas.com.mx\/wp-content\/uploads\/2025\/03\/claudia_sheinmbaum1.jpg","articleSection":["NOTICIAS NACIONALES"],"inLanguage":"es","potentialAction":[{"@type":"CommentAction","name":"Comment","target":["https:\/\/fuentesfidedignas.com.mx\/index.php\/2025\/05\/15\/es-falsa-la-foto-sheinbaum-desmiente-que-agentes-de-eu-participen-en-operativos-en-mexico\/#respond"]}]},{"@type":"WebPage","@id":"https:\/\/fuentesfidedignas.com.mx\/index.php\/2025\/05\/15\/es-falsa-la-foto-sheinbaum-desmiente-que-agentes-de-eu-participen-en-operativos-en-mexico\/","url":"https:\/\/fuentesfidedignas.com.mx\/index.php\/2025\/05\/15\/es-falsa-la-foto-sheinbaum-desmiente-que-agentes-de-eu-participen-en-operativos-en-mexico\/","name":"\u201cEs falsa la nota\u201d: Sheinbaum desmiente que agentes de EU participen en operativos en M\u00e9xico - Fuentes Fidedignas","isPartOf":{"@id":"https:\/\/fuentesfidedignas.com.mx\/#website"},"primaryImageOfPage":{"@id":"https:\/\/fuentesfidedignas.com.mx\/index.php\/2025\/05\/15\/es-falsa-la-foto-sheinbaum-desmiente-que-agentes-de-eu-participen-en-operativos-en-mexico\/#primaryimage"},"image":{"@id":"https:\/\/fuentesfidedignas.com.mx\/index.php\/2025\/05\/15\/es-falsa-la-foto-sheinbaum-desmiente-que-agentes-de-eu-participen-en-operativos-en-mexico\/#primaryimage"},"thumbnailUrl":"https:\/\/fuentesfidedignas.com.mx\/wp-content\/uploads\/2025\/03\/claudia_sheinmbaum1.jpg","datePublished":"2025-05-15T14:35:38+00:00","dateModified":"2025-05-15T14:50:26+00:00","breadcrumb":{"@id":"https:\/\/fuentesfidedignas.com.mx\/index.php\/2025\/05\/15\/es-falsa-la-foto-sheinbaum-desmiente-que-agentes-de-eu-participen-en-operativos-en-mexico\/#breadcrumb"},"inLanguage":"es","potentialAction":[{"@type":"ReadAction","target":["https:\/\/fuentesfidedignas.com.mx\/index.php\/2025\/05\/15\/es-falsa-la-foto-sheinbaum-desmiente-que-agentes-de-eu-participen-en-operativos-en-mexico\/"]}]},{"@type":"ImageObject","inLanguage":"es","@id":"https:\/\/fuentesfidedignas.com.mx\/index.php\/2025\/05\/15\/es-falsa-la-foto-sheinbaum-desmiente-que-agentes-de-eu-participen-en-operativos-en-mexico\/#primaryimage","url":"https:\/\/fuentesfidedignas.com.mx\/wp-content\/uploads\/2025\/03\/claudia_sheinmbaum1.jpg","contentUrl":"https:\/\/fuentesfidedignas.com.mx\/wp-content\/uploads\/2025\/03\/claudia_sheinmbaum1.jpg","width":600,"height":405},{"@type":"BreadcrumbList","@id":"https:\/\/fuentesfidedignas.com.mx\/index.php\/2025\/05\/15\/es-falsa-la-foto-sheinbaum-desmiente-que-agentes-de-eu-participen-en-operativos-en-mexico\/#breadcrumb","itemListElement":[{"@type":"ListItem","position":1,"name":"Inicio","item":"https:\/\/fuentesfidedignas.com.mx\/"},{"@type":"ListItem","position":2,"name":"\u201cEs falsa la nota\u201d: Sheinbaum desmiente que agentes de EU participen en operativos en M\u00e9xico"}]},{"@type":"WebSite","@id":"https:\/\/fuentesfidedignas.com.mx\/#website","url":"https:\/\/fuentesfidedignas.com.mx\/","name":"Fuentes Fidedignas","description":"Otro sitio realizado con WordPress","publisher":{"@id":"https:\/\/fuentesfidedignas.com.mx\/#organization"},"potentialAction":[{"@type":"SearchAction","target":{"@type":"EntryPoint","urlTemplate":"https:\/\/fuentesfidedignas.com.mx\/?s={search_term_string}"},"query-input":{"@type":"PropertyValueSpecification","valueRequired":true,"valueName":"search_term_string"}}],"inLanguage":"es"},{"@type":"Organization","@id":"https:\/\/fuentesfidedignas.com.mx\/#organization","name":"Fuentes Fidedignas","url":"https:\/\/fuentesfidedignas.com.mx\/","logo":{"@type":"ImageObject","inLanguage":"es","@id":"https:\/\/fuentesfidedignas.com.mx\/#\/schema\/logo\/image\/","url":"https:\/\/fuentesfidedignas.com.mx\/wp-content\/uploads\/2021\/04\/logo-retina.png","contentUrl":"https:\/\/fuentesfidedignas.com.mx\/wp-content\/uploads\/2021\/04\/logo-retina.png","width":280,"height":51,"caption":"Fuentes Fidedignas"},"image":{"@id":"https:\/\/fuentesfidedignas.com.mx\/#\/schema\/logo\/image\/"},"sameAs":["https:\/\/www.facebook.com\/Fuentes-Fidedignas-368234489921644","https:\/\/x.com\/fidedignas"]},{"@type":"Person","@id":"https:\/\/fuentesfidedignas.com.mx\/#\/schema\/person\/67d852f0557c8509146a4b9ddebd543a","name":"L\u00f3pez D\u00f3riga","image":{"@type":"ImageObject","inLanguage":"es","@id":"https:\/\/secure.gravatar.com\/avatar\/e525b06574ca18b33cded59dfe5778d6c823b9513154eff47da551b0551bdd1e?s=96&d=mm&r=g","url":"https:\/\/secure.gravatar.com\/avatar\/e525b06574ca18b33cded59dfe5778d6c823b9513154eff47da551b0551bdd1e?s=96&d=mm&r=g","contentUrl":"https:\/\/secure.gravatar.com\/avatar\/e525b06574ca18b33cded59dfe5778d6c823b9513154eff47da551b0551bdd1e?s=96&d=mm&r=g","caption":"L\u00f3pez D\u00f3riga"},"url":"https:\/\/fuentesfidedignas.com.mx\/index.php\/author\/doriga\/"}]}},"_links":{"self":[{"href":"https:\/\/fuentesfidedignas.com.mx\/index.php\/wp-json\/wp\/v2\/posts\/108423","targetHints":{"allow":["GET"]}}],"collection":[{"href":"https:\/\/fuentesfidedignas.com.mx\/index.php\/wp-json\/wp\/v2\/posts"}],"about":[{"href":"https:\/\/fuentesfidedignas.com.mx\/index.php\/wp-json\/wp\/v2\/types\/post"}],"author":[{"embeddable":true,"href":"https:\/\/fuentesfidedignas.com.mx\/index.php\/wp-json\/wp\/v2\/users\/47"}],"replies":[{"embeddable":true,"href":"https:\/\/fuentesfidedignas.com.mx\/index.php\/wp-json\/wp\/v2\/comments?post=108423"}],"version-history":[{"count":4,"href":"https:\/\/fuentesfidedignas.com.mx\/index.php\/wp-json\/wp\/v2\/posts\/108423\/revisions"}],"predecessor-version":[{"id":108430,"href":"https:\/\/fuentesfidedignas.com.mx\/index.php\/wp-json\/wp\/v2\/posts\/108423\/revisions\/108430"}],"wp:featuredmedia":[{"embeddable":true,"href":"https:\/\/fuentesfidedignas.com.mx\/index.php\/wp-json\/wp\/v2\/media\/103963"}],"wp:attachment":[{"href":"https:\/\/fuentesfidedignas.com.mx\/index.php\/wp-json\/wp\/v2\/media?parent=108423"}],"wp:term":[{"taxonomy":"category","embeddable":true,"href":"https:\/\/fuentesfidedignas.com.mx\/index.php\/wp-json\/wp\/v2\/categories?post=108423"},{"taxonomy":"post_tag","embeddable":true,"href":"https:\/\/fuentesfidedignas.com.mx\/index.php\/wp-json\/wp\/v2\/tags?post=108423"}],"curies":[{"name":"wp","href":"https:\/\/api.w.org\/{rel}","templated":true}]}}