{"id":108401,"date":"2025-05-15T05:30:00","date_gmt":"2025-05-15T12:30:00","guid":{"rendered":"https:\/\/fuentesfidedignas.com.mx\/?p=108401"},"modified":"2025-05-14T20:35:08","modified_gmt":"2025-05-15T03:35:08","slug":"hermanos-bailan-el-raton-vaquero-frente-a-la-tumba-de-su-madre-un-video-alegre-y-triste","status":"publish","type":"post","link":"https:\/\/fuentesfidedignas.com.mx\/index.php\/2025\/05\/15\/hermanos-bailan-el-raton-vaquero-frente-a-la-tumba-de-su-madre-un-video-alegre-y-triste\/","title":{"rendered":"Hermanos bailan &#8216;El Rat\u00f3n Vaquero&#8217; frente a la tumba de su madre; &#8220;un VIDEO alegre y triste&#8221;"},"content":{"rendered":"\n<p><strong><em>El clip compartido en TikTok ya suma m\u00e1s de dos millones de reproducciones y miles de comentarios.<\/em><\/strong><\/p>\n\n\n\n<p>En redes sociales se volvi\u00f3 viral un video que muestra a un grupo de hermanos bailando frente a la tumba de su madre la popular canci\u00f3n infantil &#8216;El Rat\u00f3n Vaquero&#8217;.<\/p>\n\n\n\n<p>En tan solo un par de d\u00edas, el video compartido en la red social ha logrado acumulado m\u00e1s de 2 millones de visualizaciones y miles de comentarios de usuarios conmovidos por el tierno gesto.<\/p>\n\n\n\n<p>Fue durante el pasado 10 de mayo, D\u00eda de las Madres, cuando el usuario @Meman23d comparti\u00f3 el video en su cuenta de TikTok.&nbsp;<\/p>\n\n\n\n<p>La publicaci\u00f3n en TikTok muestra a cuatro hermanos bailando la popular coreograf\u00eda que suele bailarse por estudiantes y sus profesoras en esta importante fecha.<\/p>\n\n\n\n<p>Usuarios en redes sociales consideraron este detalle como &#8220;\u00fanico&#8221; y llenaron de mensajes de apoyo a los cuatro hermanos, quienes ya no tienen a su madre con vida.<\/p>\n\n\n\n<blockquote class=\"tiktok-embed\" cite=\"https:\/\/www.tiktok.com\/@meman23dm\/video\/7502868165471341840\" data-video-id=\"7502868165471341840\" style=\"max-width: 605px;min-width: 325px;\" > <section> <a target=\"_blank\" title=\"@meman23dm\" href=\"https:\/\/www.tiktok.com\/@meman23dm?refer=embed\">@meman23dm<\/a> <p><\/p> <a target=\"_blank\" title=\"\u266c EL RAT\u00d3N VAQUERO - \u2728Programas infantiles\u2728\" href=\"https:\/\/www.tiktok.com\/music\/EL-RAT\u00d3N-VAQUERO-6992399895126952709?refer=embed\">\u266c EL RAT\u00d3N VAQUERO &#8211; \u2728Programas infantiles\u2728<\/a> <\/section> <\/blockquote> <script async src=\"https:\/\/www.tiktok.com\/embed.js\"><\/script>\n\n\n\n<p>De igual forma, el clip ha servido para que usuarios reflexionen para valorar a sus madres.<\/p>\n\n\n\n<p><strong>\u00bfPor qu\u00e9 se baila &#8216;El Rat\u00f3n Vaquero&#8217;?<\/strong><br>El &#8216;Rat\u00f3n Vaquero&#8217; es una de las canciones m\u00e1s populares de Cri-Cri, el famoso compositor infantil mexicano. Su ritmo animado, letra simp\u00e1tica y personaje carism\u00e1tico lo han convertido en un cl\u00e1sico de festivales escolares y celebraciones infantiles.<\/p>\n\n\n\n<p>Se baila principalmente en preescolares y primarias porque permite a los ni\u00f1os desarrollar coordinaci\u00f3n, ritmo y expresi\u00f3n corporal. Adem\u00e1s, el personaje del rat\u00f3n con sombrero vaquero resulta ideal para disfraces y presentaciones l\u00fadicas que encantan tanto a chicos como a grandes.<\/p>\n","protected":false},"excerpt":{"rendered":"<p>El clip compartido en TikTok ya suma m\u00e1s de dos millones de reproducciones y miles de comentarios. En redes sociales se volvi\u00f3 viral un video que muestra a un grupo de hermanos bailando frente a la tumba de su madre la popular canci\u00f3n infantil &#8216;El Rat\u00f3n Vaquero&#8217;. En tan solo un par de d\u00edas, el [&hellip;]<\/p>\n","protected":false},"author":9,"featured_media":108402,"comment_status":"open","ping_status":"open","sticky":false,"template":"","format":"standard","meta":{"tdm_status":"","tdm_grid_status":"","footnotes":""},"categories":[40],"tags":[],"class_list":{"0":"post-108401","1":"post","2":"type-post","3":"status-publish","4":"format-standard","5":"has-post-thumbnail","7":"category-las-asombrosas"},"yoast_head":"<!-- This site is optimized with the Yoast SEO plugin v27.4 - https:\/\/yoast.com\/product\/yoast-seo-wordpress\/ -->\n<title>Hermanos bailan &#039;El Rat\u00f3n Vaquero&#039; frente a la tumba de su madre; &quot;un VIDEO alegre y triste&quot; - Fuentes Fidedignas<\/title>\n<meta name=\"robots\" content=\"index, follow, max-snippet:-1, max-image-preview:large, max-video-preview:-1\" \/>\n<link rel=\"canonical\" href=\"https:\/\/fuentesfidedignas.com.mx\/index.php\/2025\/05\/15\/hermanos-bailan-el-raton-vaquero-frente-a-la-tumba-de-su-madre-un-video-alegre-y-triste\/\" \/>\n<meta property=\"og:locale\" content=\"es_MX\" \/>\n<meta property=\"og:type\" content=\"article\" \/>\n<meta property=\"og:title\" content=\"Hermanos bailan &#039;El Rat\u00f3n Vaquero&#039; frente a la tumba de su madre; &quot;un VIDEO alegre y triste&quot; - Fuentes Fidedignas\" \/>\n<meta property=\"og:description\" content=\"El clip compartido en TikTok ya suma m\u00e1s de dos millones de reproducciones y miles de comentarios. En redes sociales se volvi\u00f3 viral un video que muestra a un grupo de hermanos bailando frente a la tumba de su madre la popular canci\u00f3n infantil &#8216;El Rat\u00f3n Vaquero&#8217;. En tan solo un par de d\u00edas, el [&hellip;]\" \/>\n<meta property=\"og:url\" content=\"https:\/\/fuentesfidedignas.com.mx\/index.php\/2025\/05\/15\/hermanos-bailan-el-raton-vaquero-frente-a-la-tumba-de-su-madre-un-video-alegre-y-triste\/\" \/>\n<meta property=\"og:site_name\" content=\"Fuentes Fidedignas\" \/>\n<meta property=\"article:publisher\" content=\"https:\/\/www.facebook.com\/Fuentes-Fidedignas-368234489921644\" \/>\n<meta property=\"article:published_time\" content=\"2025-05-15T12:30:00+00:00\" \/>\n<meta property=\"og:image\" content=\"https:\/\/fuentesfidedignas.com.mx\/wp-content\/uploads\/2025\/05\/baile_mama.jpg\" \/>\n\t<meta property=\"og:image:width\" content=\"600\" \/>\n\t<meta property=\"og:image:height\" content=\"336\" \/>\n\t<meta property=\"og:image:type\" content=\"image\/jpeg\" \/>\n<meta name=\"author\" content=\"Milenio\" \/>\n<meta name=\"twitter:card\" content=\"summary_large_image\" \/>\n<meta name=\"twitter:creator\" content=\"@fidedignas\" \/>\n<meta name=\"twitter:site\" content=\"@fidedignas\" \/>\n<meta name=\"twitter:label1\" content=\"Escrito por\" \/>\n\t<meta name=\"twitter:data1\" content=\"Milenio\" \/>\n\t<meta name=\"twitter:label2\" content=\"Tiempo de lectura\" \/>\n\t<meta name=\"twitter:data2\" content=\"2 minutos\" \/>\n<script type=\"application\/ld+json\" class=\"yoast-schema-graph\">{\"@context\":\"https:\\\/\\\/schema.org\",\"@graph\":[{\"@type\":\"Article\",\"@id\":\"https:\\\/\\\/fuentesfidedignas.com.mx\\\/index.php\\\/2025\\\/05\\\/15\\\/hermanos-bailan-el-raton-vaquero-frente-a-la-tumba-de-su-madre-un-video-alegre-y-triste\\\/#article\",\"isPartOf\":{\"@id\":\"https:\\\/\\\/fuentesfidedignas.com.mx\\\/index.php\\\/2025\\\/05\\\/15\\\/hermanos-bailan-el-raton-vaquero-frente-a-la-tumba-de-su-madre-un-video-alegre-y-triste\\\/\"},\"author\":{\"name\":\"Milenio\",\"@id\":\"https:\\\/\\\/fuentesfidedignas.com.mx\\\/#\\\/schema\\\/person\\\/47ec0135738f4b0c7495f06a77a2c976\"},\"headline\":\"Hermanos bailan &#8216;El Rat\u00f3n Vaquero&#8217; frente a la tumba de su madre; &#8220;un VIDEO alegre y triste&#8221;\",\"datePublished\":\"2025-05-15T12:30:00+00:00\",\"mainEntityOfPage\":{\"@id\":\"https:\\\/\\\/fuentesfidedignas.com.mx\\\/index.php\\\/2025\\\/05\\\/15\\\/hermanos-bailan-el-raton-vaquero-frente-a-la-tumba-de-su-madre-un-video-alegre-y-triste\\\/\"},\"wordCount\":304,\"commentCount\":0,\"publisher\":{\"@id\":\"https:\\\/\\\/fuentesfidedignas.com.mx\\\/#organization\"},\"image\":{\"@id\":\"https:\\\/\\\/fuentesfidedignas.com.mx\\\/index.php\\\/2025\\\/05\\\/15\\\/hermanos-bailan-el-raton-vaquero-frente-a-la-tumba-de-su-madre-un-video-alegre-y-triste\\\/#primaryimage\"},\"thumbnailUrl\":\"https:\\\/\\\/fuentesfidedignas.com.mx\\\/wp-content\\\/uploads\\\/2025\\\/05\\\/baile_mama.jpg\",\"articleSection\":[\"LAS ASOMBROSAS\"],\"inLanguage\":\"es\",\"potentialAction\":[{\"@type\":\"CommentAction\",\"name\":\"Comment\",\"target\":[\"https:\\\/\\\/fuentesfidedignas.com.mx\\\/index.php\\\/2025\\\/05\\\/15\\\/hermanos-bailan-el-raton-vaquero-frente-a-la-tumba-de-su-madre-un-video-alegre-y-triste\\\/#respond\"]}]},{\"@type\":\"WebPage\",\"@id\":\"https:\\\/\\\/fuentesfidedignas.com.mx\\\/index.php\\\/2025\\\/05\\\/15\\\/hermanos-bailan-el-raton-vaquero-frente-a-la-tumba-de-su-madre-un-video-alegre-y-triste\\\/\",\"url\":\"https:\\\/\\\/fuentesfidedignas.com.mx\\\/index.php\\\/2025\\\/05\\\/15\\\/hermanos-bailan-el-raton-vaquero-frente-a-la-tumba-de-su-madre-un-video-alegre-y-triste\\\/\",\"name\":\"Hermanos bailan 'El Rat\u00f3n Vaquero' frente a la tumba de su madre; \\\"un VIDEO alegre y triste\\\" - Fuentes Fidedignas\",\"isPartOf\":{\"@id\":\"https:\\\/\\\/fuentesfidedignas.com.mx\\\/#website\"},\"primaryImageOfPage\":{\"@id\":\"https:\\\/\\\/fuentesfidedignas.com.mx\\\/index.php\\\/2025\\\/05\\\/15\\\/hermanos-bailan-el-raton-vaquero-frente-a-la-tumba-de-su-madre-un-video-alegre-y-triste\\\/#primaryimage\"},\"image\":{\"@id\":\"https:\\\/\\\/fuentesfidedignas.com.mx\\\/index.php\\\/2025\\\/05\\\/15\\\/hermanos-bailan-el-raton-vaquero-frente-a-la-tumba-de-su-madre-un-video-alegre-y-triste\\\/#primaryimage\"},\"thumbnailUrl\":\"https:\\\/\\\/fuentesfidedignas.com.mx\\\/wp-content\\\/uploads\\\/2025\\\/05\\\/baile_mama.jpg\",\"datePublished\":\"2025-05-15T12:30:00+00:00\",\"breadcrumb\":{\"@id\":\"https:\\\/\\\/fuentesfidedignas.com.mx\\\/index.php\\\/2025\\\/05\\\/15\\\/hermanos-bailan-el-raton-vaquero-frente-a-la-tumba-de-su-madre-un-video-alegre-y-triste\\\/#breadcrumb\"},\"inLanguage\":\"es\",\"potentialAction\":[{\"@type\":\"ReadAction\",\"target\":[\"https:\\\/\\\/fuentesfidedignas.com.mx\\\/index.php\\\/2025\\\/05\\\/15\\\/hermanos-bailan-el-raton-vaquero-frente-a-la-tumba-de-su-madre-un-video-alegre-y-triste\\\/\"]}]},{\"@type\":\"ImageObject\",\"inLanguage\":\"es\",\"@id\":\"https:\\\/\\\/fuentesfidedignas.com.mx\\\/index.php\\\/2025\\\/05\\\/15\\\/hermanos-bailan-el-raton-vaquero-frente-a-la-tumba-de-su-madre-un-video-alegre-y-triste\\\/#primaryimage\",\"url\":\"https:\\\/\\\/fuentesfidedignas.com.mx\\\/wp-content\\\/uploads\\\/2025\\\/05\\\/baile_mama.jpg\",\"contentUrl\":\"https:\\\/\\\/fuentesfidedignas.com.mx\\\/wp-content\\\/uploads\\\/2025\\\/05\\\/baile_mama.jpg\",\"width\":600,\"height\":336},{\"@type\":\"BreadcrumbList\",\"@id\":\"https:\\\/\\\/fuentesfidedignas.com.mx\\\/index.php\\\/2025\\\/05\\\/15\\\/hermanos-bailan-el-raton-vaquero-frente-a-la-tumba-de-su-madre-un-video-alegre-y-triste\\\/#breadcrumb\",\"itemListElement\":[{\"@type\":\"ListItem\",\"position\":1,\"name\":\"Inicio\",\"item\":\"https:\\\/\\\/fuentesfidedignas.com.mx\\\/\"},{\"@type\":\"ListItem\",\"position\":2,\"name\":\"Hermanos bailan &#8216;El Rat\u00f3n Vaquero&#8217; frente a la tumba de su madre; &#8220;un VIDEO alegre y triste&#8221;\"}]},{\"@type\":\"WebSite\",\"@id\":\"https:\\\/\\\/fuentesfidedignas.com.mx\\\/#website\",\"url\":\"https:\\\/\\\/fuentesfidedignas.com.mx\\\/\",\"name\":\"Fuentes Fidedignas\",\"description\":\"Otro sitio realizado con WordPress\",\"publisher\":{\"@id\":\"https:\\\/\\\/fuentesfidedignas.com.mx\\\/#organization\"},\"potentialAction\":[{\"@type\":\"SearchAction\",\"target\":{\"@type\":\"EntryPoint\",\"urlTemplate\":\"https:\\\/\\\/fuentesfidedignas.com.mx\\\/?s={search_term_string}\"},\"query-input\":{\"@type\":\"PropertyValueSpecification\",\"valueRequired\":true,\"valueName\":\"search_term_string\"}}],\"inLanguage\":\"es\"},{\"@type\":\"Organization\",\"@id\":\"https:\\\/\\\/fuentesfidedignas.com.mx\\\/#organization\",\"name\":\"Fuentes Fidedignas\",\"url\":\"https:\\\/\\\/fuentesfidedignas.com.mx\\\/\",\"logo\":{\"@type\":\"ImageObject\",\"inLanguage\":\"es\",\"@id\":\"https:\\\/\\\/fuentesfidedignas.com.mx\\\/#\\\/schema\\\/logo\\\/image\\\/\",\"url\":\"https:\\\/\\\/fuentesfidedignas.com.mx\\\/wp-content\\\/uploads\\\/2021\\\/04\\\/logo-retina.png\",\"contentUrl\":\"https:\\\/\\\/fuentesfidedignas.com.mx\\\/wp-content\\\/uploads\\\/2021\\\/04\\\/logo-retina.png\",\"width\":280,\"height\":51,\"caption\":\"Fuentes Fidedignas\"},\"image\":{\"@id\":\"https:\\\/\\\/fuentesfidedignas.com.mx\\\/#\\\/schema\\\/logo\\\/image\\\/\"},\"sameAs\":[\"https:\\\/\\\/www.facebook.com\\\/Fuentes-Fidedignas-368234489921644\",\"https:\\\/\\\/x.com\\\/fidedignas\"]},{\"@type\":\"Person\",\"@id\":\"https:\\\/\\\/fuentesfidedignas.com.mx\\\/#\\\/schema\\\/person\\\/47ec0135738f4b0c7495f06a77a2c976\",\"name\":\"Milenio\",\"image\":{\"@type\":\"ImageObject\",\"inLanguage\":\"es\",\"@id\":\"https:\\\/\\\/secure.gravatar.com\\\/avatar\\\/acabf7b54753e51c2c76457954577c236b3b764789b19879565769739d1e4a75?s=96&d=mm&r=g\",\"url\":\"https:\\\/\\\/secure.gravatar.com\\\/avatar\\\/acabf7b54753e51c2c76457954577c236b3b764789b19879565769739d1e4a75?s=96&d=mm&r=g\",\"contentUrl\":\"https:\\\/\\\/secure.gravatar.com\\\/avatar\\\/acabf7b54753e51c2c76457954577c236b3b764789b19879565769739d1e4a75?s=96&d=mm&r=g\",\"caption\":\"Milenio\"},\"url\":\"https:\\\/\\\/fuentesfidedignas.com.mx\\\/index.php\\\/author\\\/milenio\\\/\"}]}<\/script>\n<!-- \/ Yoast SEO plugin. -->","yoast_head_json":{"title":"Hermanos bailan 'El Rat\u00f3n Vaquero' frente a la tumba de su madre; \"un VIDEO alegre y triste\" - Fuentes Fidedignas","robots":{"index":"index","follow":"follow","max-snippet":"max-snippet:-1","max-image-preview":"max-image-preview:large","max-video-preview":"max-video-preview:-1"},"canonical":"https:\/\/fuentesfidedignas.com.mx\/index.php\/2025\/05\/15\/hermanos-bailan-el-raton-vaquero-frente-a-la-tumba-de-su-madre-un-video-alegre-y-triste\/","og_locale":"es_MX","og_type":"article","og_title":"Hermanos bailan 'El Rat\u00f3n Vaquero' frente a la tumba de su madre; \"un VIDEO alegre y triste\" - Fuentes Fidedignas","og_description":"El clip compartido en TikTok ya suma m\u00e1s de dos millones de reproducciones y miles de comentarios. En redes sociales se volvi\u00f3 viral un video que muestra a un grupo de hermanos bailando frente a la tumba de su madre la popular canci\u00f3n infantil &#8216;El Rat\u00f3n Vaquero&#8217;. En tan solo un par de d\u00edas, el [&hellip;]","og_url":"https:\/\/fuentesfidedignas.com.mx\/index.php\/2025\/05\/15\/hermanos-bailan-el-raton-vaquero-frente-a-la-tumba-de-su-madre-un-video-alegre-y-triste\/","og_site_name":"Fuentes Fidedignas","article_publisher":"https:\/\/www.facebook.com\/Fuentes-Fidedignas-368234489921644","article_published_time":"2025-05-15T12:30:00+00:00","og_image":[{"width":600,"height":336,"url":"https:\/\/fuentesfidedignas.com.mx\/wp-content\/uploads\/2025\/05\/baile_mama.jpg","type":"image\/jpeg"}],"author":"Milenio","twitter_card":"summary_large_image","twitter_creator":"@fidedignas","twitter_site":"@fidedignas","twitter_misc":{"Escrito por":"Milenio","Tiempo de lectura":"2 minutos"},"schema":{"@context":"https:\/\/schema.org","@graph":[{"@type":"Article","@id":"https:\/\/fuentesfidedignas.com.mx\/index.php\/2025\/05\/15\/hermanos-bailan-el-raton-vaquero-frente-a-la-tumba-de-su-madre-un-video-alegre-y-triste\/#article","isPartOf":{"@id":"https:\/\/fuentesfidedignas.com.mx\/index.php\/2025\/05\/15\/hermanos-bailan-el-raton-vaquero-frente-a-la-tumba-de-su-madre-un-video-alegre-y-triste\/"},"author":{"name":"Milenio","@id":"https:\/\/fuentesfidedignas.com.mx\/#\/schema\/person\/47ec0135738f4b0c7495f06a77a2c976"},"headline":"Hermanos bailan &#8216;El Rat\u00f3n Vaquero&#8217; frente a la tumba de su madre; &#8220;un VIDEO alegre y triste&#8221;","datePublished":"2025-05-15T12:30:00+00:00","mainEntityOfPage":{"@id":"https:\/\/fuentesfidedignas.com.mx\/index.php\/2025\/05\/15\/hermanos-bailan-el-raton-vaquero-frente-a-la-tumba-de-su-madre-un-video-alegre-y-triste\/"},"wordCount":304,"commentCount":0,"publisher":{"@id":"https:\/\/fuentesfidedignas.com.mx\/#organization"},"image":{"@id":"https:\/\/fuentesfidedignas.com.mx\/index.php\/2025\/05\/15\/hermanos-bailan-el-raton-vaquero-frente-a-la-tumba-de-su-madre-un-video-alegre-y-triste\/#primaryimage"},"thumbnailUrl":"https:\/\/fuentesfidedignas.com.mx\/wp-content\/uploads\/2025\/05\/baile_mama.jpg","articleSection":["LAS ASOMBROSAS"],"inLanguage":"es","potentialAction":[{"@type":"CommentAction","name":"Comment","target":["https:\/\/fuentesfidedignas.com.mx\/index.php\/2025\/05\/15\/hermanos-bailan-el-raton-vaquero-frente-a-la-tumba-de-su-madre-un-video-alegre-y-triste\/#respond"]}]},{"@type":"WebPage","@id":"https:\/\/fuentesfidedignas.com.mx\/index.php\/2025\/05\/15\/hermanos-bailan-el-raton-vaquero-frente-a-la-tumba-de-su-madre-un-video-alegre-y-triste\/","url":"https:\/\/fuentesfidedignas.com.mx\/index.php\/2025\/05\/15\/hermanos-bailan-el-raton-vaquero-frente-a-la-tumba-de-su-madre-un-video-alegre-y-triste\/","name":"Hermanos bailan 'El Rat\u00f3n Vaquero' frente a la tumba de su madre; \"un VIDEO alegre y triste\" - Fuentes Fidedignas","isPartOf":{"@id":"https:\/\/fuentesfidedignas.com.mx\/#website"},"primaryImageOfPage":{"@id":"https:\/\/fuentesfidedignas.com.mx\/index.php\/2025\/05\/15\/hermanos-bailan-el-raton-vaquero-frente-a-la-tumba-de-su-madre-un-video-alegre-y-triste\/#primaryimage"},"image":{"@id":"https:\/\/fuentesfidedignas.com.mx\/index.php\/2025\/05\/15\/hermanos-bailan-el-raton-vaquero-frente-a-la-tumba-de-su-madre-un-video-alegre-y-triste\/#primaryimage"},"thumbnailUrl":"https:\/\/fuentesfidedignas.com.mx\/wp-content\/uploads\/2025\/05\/baile_mama.jpg","datePublished":"2025-05-15T12:30:00+00:00","breadcrumb":{"@id":"https:\/\/fuentesfidedignas.com.mx\/index.php\/2025\/05\/15\/hermanos-bailan-el-raton-vaquero-frente-a-la-tumba-de-su-madre-un-video-alegre-y-triste\/#breadcrumb"},"inLanguage":"es","potentialAction":[{"@type":"ReadAction","target":["https:\/\/fuentesfidedignas.com.mx\/index.php\/2025\/05\/15\/hermanos-bailan-el-raton-vaquero-frente-a-la-tumba-de-su-madre-un-video-alegre-y-triste\/"]}]},{"@type":"ImageObject","inLanguage":"es","@id":"https:\/\/fuentesfidedignas.com.mx\/index.php\/2025\/05\/15\/hermanos-bailan-el-raton-vaquero-frente-a-la-tumba-de-su-madre-un-video-alegre-y-triste\/#primaryimage","url":"https:\/\/fuentesfidedignas.com.mx\/wp-content\/uploads\/2025\/05\/baile_mama.jpg","contentUrl":"https:\/\/fuentesfidedignas.com.mx\/wp-content\/uploads\/2025\/05\/baile_mama.jpg","width":600,"height":336},{"@type":"BreadcrumbList","@id":"https:\/\/fuentesfidedignas.com.mx\/index.php\/2025\/05\/15\/hermanos-bailan-el-raton-vaquero-frente-a-la-tumba-de-su-madre-un-video-alegre-y-triste\/#breadcrumb","itemListElement":[{"@type":"ListItem","position":1,"name":"Inicio","item":"https:\/\/fuentesfidedignas.com.mx\/"},{"@type":"ListItem","position":2,"name":"Hermanos bailan &#8216;El Rat\u00f3n Vaquero&#8217; frente a la tumba de su madre; &#8220;un VIDEO alegre y triste&#8221;"}]},{"@type":"WebSite","@id":"https:\/\/fuentesfidedignas.com.mx\/#website","url":"https:\/\/fuentesfidedignas.com.mx\/","name":"Fuentes Fidedignas","description":"Otro sitio realizado con WordPress","publisher":{"@id":"https:\/\/fuentesfidedignas.com.mx\/#organization"},"potentialAction":[{"@type":"SearchAction","target":{"@type":"EntryPoint","urlTemplate":"https:\/\/fuentesfidedignas.com.mx\/?s={search_term_string}"},"query-input":{"@type":"PropertyValueSpecification","valueRequired":true,"valueName":"search_term_string"}}],"inLanguage":"es"},{"@type":"Organization","@id":"https:\/\/fuentesfidedignas.com.mx\/#organization","name":"Fuentes Fidedignas","url":"https:\/\/fuentesfidedignas.com.mx\/","logo":{"@type":"ImageObject","inLanguage":"es","@id":"https:\/\/fuentesfidedignas.com.mx\/#\/schema\/logo\/image\/","url":"https:\/\/fuentesfidedignas.com.mx\/wp-content\/uploads\/2021\/04\/logo-retina.png","contentUrl":"https:\/\/fuentesfidedignas.com.mx\/wp-content\/uploads\/2021\/04\/logo-retina.png","width":280,"height":51,"caption":"Fuentes Fidedignas"},"image":{"@id":"https:\/\/fuentesfidedignas.com.mx\/#\/schema\/logo\/image\/"},"sameAs":["https:\/\/www.facebook.com\/Fuentes-Fidedignas-368234489921644","https:\/\/x.com\/fidedignas"]},{"@type":"Person","@id":"https:\/\/fuentesfidedignas.com.mx\/#\/schema\/person\/47ec0135738f4b0c7495f06a77a2c976","name":"Milenio","image":{"@type":"ImageObject","inLanguage":"es","@id":"https:\/\/secure.gravatar.com\/avatar\/acabf7b54753e51c2c76457954577c236b3b764789b19879565769739d1e4a75?s=96&d=mm&r=g","url":"https:\/\/secure.gravatar.com\/avatar\/acabf7b54753e51c2c76457954577c236b3b764789b19879565769739d1e4a75?s=96&d=mm&r=g","contentUrl":"https:\/\/secure.gravatar.com\/avatar\/acabf7b54753e51c2c76457954577c236b3b764789b19879565769739d1e4a75?s=96&d=mm&r=g","caption":"Milenio"},"url":"https:\/\/fuentesfidedignas.com.mx\/index.php\/author\/milenio\/"}]}},"_links":{"self":[{"href":"https:\/\/fuentesfidedignas.com.mx\/index.php\/wp-json\/wp\/v2\/posts\/108401","targetHints":{"allow":["GET"]}}],"collection":[{"href":"https:\/\/fuentesfidedignas.com.mx\/index.php\/wp-json\/wp\/v2\/posts"}],"about":[{"href":"https:\/\/fuentesfidedignas.com.mx\/index.php\/wp-json\/wp\/v2\/types\/post"}],"author":[{"embeddable":true,"href":"https:\/\/fuentesfidedignas.com.mx\/index.php\/wp-json\/wp\/v2\/users\/9"}],"replies":[{"embeddable":true,"href":"https:\/\/fuentesfidedignas.com.mx\/index.php\/wp-json\/wp\/v2\/comments?post=108401"}],"version-history":[{"count":1,"href":"https:\/\/fuentesfidedignas.com.mx\/index.php\/wp-json\/wp\/v2\/posts\/108401\/revisions"}],"predecessor-version":[{"id":108403,"href":"https:\/\/fuentesfidedignas.com.mx\/index.php\/wp-json\/wp\/v2\/posts\/108401\/revisions\/108403"}],"wp:featuredmedia":[{"embeddable":true,"href":"https:\/\/fuentesfidedignas.com.mx\/index.php\/wp-json\/wp\/v2\/media\/108402"}],"wp:attachment":[{"href":"https:\/\/fuentesfidedignas.com.mx\/index.php\/wp-json\/wp\/v2\/media?parent=108401"}],"wp:term":[{"taxonomy":"category","embeddable":true,"href":"https:\/\/fuentesfidedignas.com.mx\/index.php\/wp-json\/wp\/v2\/categories?post=108401"},{"taxonomy":"post_tag","embeddable":true,"href":"https:\/\/fuentesfidedignas.com.mx\/index.php\/wp-json\/wp\/v2\/tags?post=108401"}],"curies":[{"name":"wp","href":"https:\/\/api.w.org\/{rel}","templated":true}]}}