{"id":108297,"date":"2025-05-13T15:58:42","date_gmt":"2025-05-13T22:58:42","guid":{"rendered":"https:\/\/fuentesfidedignas.com.mx\/?p=108297"},"modified":"2025-05-13T15:58:45","modified_gmt":"2025-05-13T22:58:45","slug":"asesinan-a-exdiputado-del-pri-en-cafeteria-de-zapopan","status":"publish","type":"post","link":"https:\/\/fuentesfidedignas.com.mx\/index.php\/2025\/05\/13\/asesinan-a-exdiputado-del-pri-en-cafeteria-de-zapopan\/","title":{"rendered":"Asesinan a exdiputado del PRI en cafeter\u00eda de Zapopan"},"content":{"rendered":"\n<p><strong><em>El homicidio de Luis Armando C\u00f3rdova se suma a los de otros dos pol\u00edticos ocurridos en los \u00faltimos d\u00edas, pero en el estado Veracruz.<\/em><\/strong><\/p>\n\n\n\n<p>Un exdiputado federal y militante del Partido Revolucionario Institucional (PRI) fue asesinado a balazos este martes en una cafeter\u00eda de Zapopan, Jalisco.<\/p>\n\n\n\n<p>El homicidio de Luis Armando C\u00f3rdova se suma a los de otros dos pol\u00edticos ocurridos en los \u00faltimos d\u00edas en el estado Veracruz.<\/p>\n\n\n\n<p>C\u00f3rdova era secretario del PRI en Jalisco y se desempe\u00f1\u00f3 como diputado entre 2012 y 2015.<\/p>\n\n\n\n<p>&#8220;Exigimos justicia. La inseguridad est\u00e1 desbordada. \u00a1El pueblo no merece vivir con miedo!&#8221;, se\u00f1al\u00f3 el PRI.<\/p>\n\n\n\n<p>Por su parte, la fiscal\u00eda de Jalisco anunci\u00f3 la apertura de una investigaci\u00f3n.<\/p>\n\n\n\n<p>&#8220;Ya se revisan c\u00e1maras de videovigilancia, entrevistas y otros indicios para identificar a los agresores, quienes habr\u00edan huido a bordo de una motocicleta&#8221;, se\u00f1al\u00f3 la entidad.<\/p>\n\n\n\n<p>Jalisco es sacudido frecuentemente por enfrentamientos armados y desapariciones. El estado es considerado el basti\u00f3n del C\u00e1rtel Jalisco Nueva Generaci\u00f3n (CJNG), uno de los m\u00e1s poderosos de M\u00e9xico y designado como terrorista por Estados Unidos.<\/p>\n\n\n\n<p>Los asesinatos de pol\u00edticos en M\u00e9xico suelen multiplicarse en medio de las campa\u00f1as electorales. Seg\u00fan analistas, se trata de una estrategia del crimen organizado para asegurarse el control de alcald\u00edas y otros cargos de elecci\u00f3n popular.<\/p>\n\n\n\n<p>La noche del pasado lunes fue asesinado Esteban Alfonseca, exalcalde de Actopan (Veracruz), apenas un d\u00eda despu\u00e9s de que Yesenia Lara, candidata a la alcald\u00eda de Texistepec, en el mismo estado, fuera baleada cuando marchaba acompa\u00f1ada por una caravana de simpatizantes. Ambos pertenec\u00edan al partido oficialista Morena..<\/p>\n\n\n\n<p>Veracruz, cuya ubicaci\u00f3n sobre la costa del Golfo de M\u00e9xico lo convierte en un territorio apetecido por los c\u00e1rteles del narcotr\u00e1fico, celebrar\u00e1 elecciones el pr\u00f3ximo 1 de junio para renovar autoridades en 212 municipios.<\/p>\n","protected":false},"excerpt":{"rendered":"<p>El homicidio de Luis Armando C\u00f3rdova se suma a los de otros dos pol\u00edticos ocurridos en los \u00faltimos d\u00edas, pero en el estado Veracruz. Un exdiputado federal y militante del Partido Revolucionario Institucional (PRI) fue asesinado a balazos este martes en una cafeter\u00eda de Zapopan, Jalisco. El homicidio de Luis Armando C\u00f3rdova se suma a [&hellip;]<\/p>\n","protected":false},"author":44,"featured_media":14805,"comment_status":"open","ping_status":"open","sticky":false,"template":"","format":"standard","meta":{"tdm_status":"","tdm_grid_status":"","footnotes":""},"categories":[39],"tags":[],"class_list":{"0":"post-108297","1":"post","2":"type-post","3":"status-publish","4":"format-standard","5":"has-post-thumbnail","7":"category-noticias-nacionales"},"yoast_head":"<!-- This site is optimized with the Yoast SEO plugin v27.5 - https:\/\/yoast.com\/product\/yoast-seo-wordpress\/ -->\n<title>Asesinan a exdiputado del PRI en cafeter\u00eda de Zapopan - Fuentes Fidedignas<\/title>\n<meta name=\"robots\" content=\"index, follow, max-snippet:-1, max-image-preview:large, max-video-preview:-1\" \/>\n<link rel=\"canonical\" href=\"https:\/\/fuentesfidedignas.com.mx\/index.php\/2025\/05\/13\/asesinan-a-exdiputado-del-pri-en-cafeteria-de-zapopan\/\" \/>\n<meta property=\"og:locale\" content=\"es_MX\" \/>\n<meta property=\"og:type\" content=\"article\" \/>\n<meta property=\"og:title\" content=\"Asesinan a exdiputado del PRI en cafeter\u00eda de Zapopan - Fuentes Fidedignas\" \/>\n<meta property=\"og:description\" content=\"El homicidio de Luis Armando C\u00f3rdova se suma a los de otros dos pol\u00edticos ocurridos en los \u00faltimos d\u00edas, pero en el estado Veracruz. Un exdiputado federal y militante del Partido Revolucionario Institucional (PRI) fue asesinado a balazos este martes en una cafeter\u00eda de Zapopan, Jalisco. El homicidio de Luis Armando C\u00f3rdova se suma a [&hellip;]\" \/>\n<meta property=\"og:url\" content=\"https:\/\/fuentesfidedignas.com.mx\/index.php\/2025\/05\/13\/asesinan-a-exdiputado-del-pri-en-cafeteria-de-zapopan\/\" \/>\n<meta property=\"og:site_name\" content=\"Fuentes Fidedignas\" \/>\n<meta property=\"article:publisher\" content=\"https:\/\/www.facebook.com\/Fuentes-Fidedignas-368234489921644\" \/>\n<meta property=\"article:published_time\" content=\"2025-05-13T22:58:42+00:00\" \/>\n<meta property=\"article:modified_time\" content=\"2025-05-13T22:58:45+00:00\" \/>\n<meta property=\"og:image\" content=\"https:\/\/fuentesfidedignas.com.mx\/wp-content\/uploads\/2021\/10\/casquillos.jpeg\" \/>\n\t<meta property=\"og:image:width\" content=\"1280\" \/>\n\t<meta property=\"og:image:height\" content=\"853\" \/>\n\t<meta property=\"og:image:type\" content=\"image\/jpeg\" \/>\n<meta name=\"author\" content=\"El Economista\" \/>\n<meta name=\"twitter:card\" content=\"summary_large_image\" \/>\n<meta name=\"twitter:creator\" content=\"@fidedignas\" \/>\n<meta name=\"twitter:site\" content=\"@fidedignas\" \/>\n<meta name=\"twitter:label1\" content=\"Escrito por\" \/>\n\t<meta name=\"twitter:data1\" content=\"El Economista\" \/>\n\t<meta name=\"twitter:label2\" content=\"Tiempo de lectura\" \/>\n\t<meta name=\"twitter:data2\" content=\"2 minutos\" \/>\n<script type=\"application\/ld+json\" class=\"yoast-schema-graph\">{\"@context\":\"https:\\\/\\\/schema.org\",\"@graph\":[{\"@type\":\"Article\",\"@id\":\"https:\\\/\\\/fuentesfidedignas.com.mx\\\/index.php\\\/2025\\\/05\\\/13\\\/asesinan-a-exdiputado-del-pri-en-cafeteria-de-zapopan\\\/#article\",\"isPartOf\":{\"@id\":\"https:\\\/\\\/fuentesfidedignas.com.mx\\\/index.php\\\/2025\\\/05\\\/13\\\/asesinan-a-exdiputado-del-pri-en-cafeteria-de-zapopan\\\/\"},\"author\":{\"name\":\"El Economista\",\"@id\":\"https:\\\/\\\/fuentesfidedignas.com.mx\\\/#\\\/schema\\\/person\\\/6af43e831c61354ecb5ffe61c99a9bf1\"},\"headline\":\"Asesinan a exdiputado del PRI en cafeter\u00eda de Zapopan\",\"datePublished\":\"2025-05-13T22:58:42+00:00\",\"dateModified\":\"2025-05-13T22:58:45+00:00\",\"mainEntityOfPage\":{\"@id\":\"https:\\\/\\\/fuentesfidedignas.com.mx\\\/index.php\\\/2025\\\/05\\\/13\\\/asesinan-a-exdiputado-del-pri-en-cafeteria-de-zapopan\\\/\"},\"wordCount\":333,\"commentCount\":0,\"publisher\":{\"@id\":\"https:\\\/\\\/fuentesfidedignas.com.mx\\\/#organization\"},\"image\":{\"@id\":\"https:\\\/\\\/fuentesfidedignas.com.mx\\\/index.php\\\/2025\\\/05\\\/13\\\/asesinan-a-exdiputado-del-pri-en-cafeteria-de-zapopan\\\/#primaryimage\"},\"thumbnailUrl\":\"https:\\\/\\\/fuentesfidedignas.com.mx\\\/wp-content\\\/uploads\\\/2021\\\/10\\\/casquillos.jpeg\",\"articleSection\":[\"NOTICIAS NACIONALES\"],\"inLanguage\":\"es\",\"potentialAction\":[{\"@type\":\"CommentAction\",\"name\":\"Comment\",\"target\":[\"https:\\\/\\\/fuentesfidedignas.com.mx\\\/index.php\\\/2025\\\/05\\\/13\\\/asesinan-a-exdiputado-del-pri-en-cafeteria-de-zapopan\\\/#respond\"]}]},{\"@type\":\"WebPage\",\"@id\":\"https:\\\/\\\/fuentesfidedignas.com.mx\\\/index.php\\\/2025\\\/05\\\/13\\\/asesinan-a-exdiputado-del-pri-en-cafeteria-de-zapopan\\\/\",\"url\":\"https:\\\/\\\/fuentesfidedignas.com.mx\\\/index.php\\\/2025\\\/05\\\/13\\\/asesinan-a-exdiputado-del-pri-en-cafeteria-de-zapopan\\\/\",\"name\":\"Asesinan a exdiputado del PRI en cafeter\u00eda de Zapopan - Fuentes Fidedignas\",\"isPartOf\":{\"@id\":\"https:\\\/\\\/fuentesfidedignas.com.mx\\\/#website\"},\"primaryImageOfPage\":{\"@id\":\"https:\\\/\\\/fuentesfidedignas.com.mx\\\/index.php\\\/2025\\\/05\\\/13\\\/asesinan-a-exdiputado-del-pri-en-cafeteria-de-zapopan\\\/#primaryimage\"},\"image\":{\"@id\":\"https:\\\/\\\/fuentesfidedignas.com.mx\\\/index.php\\\/2025\\\/05\\\/13\\\/asesinan-a-exdiputado-del-pri-en-cafeteria-de-zapopan\\\/#primaryimage\"},\"thumbnailUrl\":\"https:\\\/\\\/fuentesfidedignas.com.mx\\\/wp-content\\\/uploads\\\/2021\\\/10\\\/casquillos.jpeg\",\"datePublished\":\"2025-05-13T22:58:42+00:00\",\"dateModified\":\"2025-05-13T22:58:45+00:00\",\"breadcrumb\":{\"@id\":\"https:\\\/\\\/fuentesfidedignas.com.mx\\\/index.php\\\/2025\\\/05\\\/13\\\/asesinan-a-exdiputado-del-pri-en-cafeteria-de-zapopan\\\/#breadcrumb\"},\"inLanguage\":\"es\",\"potentialAction\":[{\"@type\":\"ReadAction\",\"target\":[\"https:\\\/\\\/fuentesfidedignas.com.mx\\\/index.php\\\/2025\\\/05\\\/13\\\/asesinan-a-exdiputado-del-pri-en-cafeteria-de-zapopan\\\/\"]}]},{\"@type\":\"ImageObject\",\"inLanguage\":\"es\",\"@id\":\"https:\\\/\\\/fuentesfidedignas.com.mx\\\/index.php\\\/2025\\\/05\\\/13\\\/asesinan-a-exdiputado-del-pri-en-cafeteria-de-zapopan\\\/#primaryimage\",\"url\":\"https:\\\/\\\/fuentesfidedignas.com.mx\\\/wp-content\\\/uploads\\\/2021\\\/10\\\/casquillos.jpeg\",\"contentUrl\":\"https:\\\/\\\/fuentesfidedignas.com.mx\\\/wp-content\\\/uploads\\\/2021\\\/10\\\/casquillos.jpeg\",\"width\":1280,\"height\":853},{\"@type\":\"BreadcrumbList\",\"@id\":\"https:\\\/\\\/fuentesfidedignas.com.mx\\\/index.php\\\/2025\\\/05\\\/13\\\/asesinan-a-exdiputado-del-pri-en-cafeteria-de-zapopan\\\/#breadcrumb\",\"itemListElement\":[{\"@type\":\"ListItem\",\"position\":1,\"name\":\"Inicio\",\"item\":\"https:\\\/\\\/fuentesfidedignas.com.mx\\\/\"},{\"@type\":\"ListItem\",\"position\":2,\"name\":\"Asesinan a exdiputado del PRI en cafeter\u00eda de Zapopan\"}]},{\"@type\":\"WebSite\",\"@id\":\"https:\\\/\\\/fuentesfidedignas.com.mx\\\/#website\",\"url\":\"https:\\\/\\\/fuentesfidedignas.com.mx\\\/\",\"name\":\"Fuentes Fidedignas\",\"description\":\"Otro sitio realizado con WordPress\",\"publisher\":{\"@id\":\"https:\\\/\\\/fuentesfidedignas.com.mx\\\/#organization\"},\"potentialAction\":[{\"@type\":\"SearchAction\",\"target\":{\"@type\":\"EntryPoint\",\"urlTemplate\":\"https:\\\/\\\/fuentesfidedignas.com.mx\\\/?s={search_term_string}\"},\"query-input\":{\"@type\":\"PropertyValueSpecification\",\"valueRequired\":true,\"valueName\":\"search_term_string\"}}],\"inLanguage\":\"es\"},{\"@type\":\"Organization\",\"@id\":\"https:\\\/\\\/fuentesfidedignas.com.mx\\\/#organization\",\"name\":\"Fuentes Fidedignas\",\"url\":\"https:\\\/\\\/fuentesfidedignas.com.mx\\\/\",\"logo\":{\"@type\":\"ImageObject\",\"inLanguage\":\"es\",\"@id\":\"https:\\\/\\\/fuentesfidedignas.com.mx\\\/#\\\/schema\\\/logo\\\/image\\\/\",\"url\":\"https:\\\/\\\/fuentesfidedignas.com.mx\\\/wp-content\\\/uploads\\\/2021\\\/04\\\/logo-retina.png\",\"contentUrl\":\"https:\\\/\\\/fuentesfidedignas.com.mx\\\/wp-content\\\/uploads\\\/2021\\\/04\\\/logo-retina.png\",\"width\":280,\"height\":51,\"caption\":\"Fuentes Fidedignas\"},\"image\":{\"@id\":\"https:\\\/\\\/fuentesfidedignas.com.mx\\\/#\\\/schema\\\/logo\\\/image\\\/\"},\"sameAs\":[\"https:\\\/\\\/www.facebook.com\\\/Fuentes-Fidedignas-368234489921644\",\"https:\\\/\\\/x.com\\\/fidedignas\"]},{\"@type\":\"Person\",\"@id\":\"https:\\\/\\\/fuentesfidedignas.com.mx\\\/#\\\/schema\\\/person\\\/6af43e831c61354ecb5ffe61c99a9bf1\",\"name\":\"El Economista\",\"image\":{\"@type\":\"ImageObject\",\"inLanguage\":\"es\",\"@id\":\"https:\\\/\\\/secure.gravatar.com\\\/avatar\\\/cdb633edc72997b061038aff7c4738bf3a38a4e4089c4c7ba9509ccee48b1447?s=96&d=mm&r=g\",\"url\":\"https:\\\/\\\/secure.gravatar.com\\\/avatar\\\/cdb633edc72997b061038aff7c4738bf3a38a4e4089c4c7ba9509ccee48b1447?s=96&d=mm&r=g\",\"contentUrl\":\"https:\\\/\\\/secure.gravatar.com\\\/avatar\\\/cdb633edc72997b061038aff7c4738bf3a38a4e4089c4c7ba9509ccee48b1447?s=96&d=mm&r=g\",\"caption\":\"El Economista\"},\"url\":\"https:\\\/\\\/fuentesfidedignas.com.mx\\\/index.php\\\/author\\\/economista\\\/\"}]}<\/script>\n<!-- \/ Yoast SEO plugin. -->","yoast_head_json":{"title":"Asesinan a exdiputado del PRI en cafeter\u00eda de Zapopan - Fuentes Fidedignas","robots":{"index":"index","follow":"follow","max-snippet":"max-snippet:-1","max-image-preview":"max-image-preview:large","max-video-preview":"max-video-preview:-1"},"canonical":"https:\/\/fuentesfidedignas.com.mx\/index.php\/2025\/05\/13\/asesinan-a-exdiputado-del-pri-en-cafeteria-de-zapopan\/","og_locale":"es_MX","og_type":"article","og_title":"Asesinan a exdiputado del PRI en cafeter\u00eda de Zapopan - Fuentes Fidedignas","og_description":"El homicidio de Luis Armando C\u00f3rdova se suma a los de otros dos pol\u00edticos ocurridos en los \u00faltimos d\u00edas, pero en el estado Veracruz. Un exdiputado federal y militante del Partido Revolucionario Institucional (PRI) fue asesinado a balazos este martes en una cafeter\u00eda de Zapopan, Jalisco. El homicidio de Luis Armando C\u00f3rdova se suma a [&hellip;]","og_url":"https:\/\/fuentesfidedignas.com.mx\/index.php\/2025\/05\/13\/asesinan-a-exdiputado-del-pri-en-cafeteria-de-zapopan\/","og_site_name":"Fuentes Fidedignas","article_publisher":"https:\/\/www.facebook.com\/Fuentes-Fidedignas-368234489921644","article_published_time":"2025-05-13T22:58:42+00:00","article_modified_time":"2025-05-13T22:58:45+00:00","og_image":[{"width":1280,"height":853,"url":"https:\/\/fuentesfidedignas.com.mx\/wp-content\/uploads\/2021\/10\/casquillos.jpeg","type":"image\/jpeg"}],"author":"El Economista","twitter_card":"summary_large_image","twitter_creator":"@fidedignas","twitter_site":"@fidedignas","twitter_misc":{"Escrito por":"El Economista","Tiempo de lectura":"2 minutos"},"schema":{"@context":"https:\/\/schema.org","@graph":[{"@type":"Article","@id":"https:\/\/fuentesfidedignas.com.mx\/index.php\/2025\/05\/13\/asesinan-a-exdiputado-del-pri-en-cafeteria-de-zapopan\/#article","isPartOf":{"@id":"https:\/\/fuentesfidedignas.com.mx\/index.php\/2025\/05\/13\/asesinan-a-exdiputado-del-pri-en-cafeteria-de-zapopan\/"},"author":{"name":"El Economista","@id":"https:\/\/fuentesfidedignas.com.mx\/#\/schema\/person\/6af43e831c61354ecb5ffe61c99a9bf1"},"headline":"Asesinan a exdiputado del PRI en cafeter\u00eda de Zapopan","datePublished":"2025-05-13T22:58:42+00:00","dateModified":"2025-05-13T22:58:45+00:00","mainEntityOfPage":{"@id":"https:\/\/fuentesfidedignas.com.mx\/index.php\/2025\/05\/13\/asesinan-a-exdiputado-del-pri-en-cafeteria-de-zapopan\/"},"wordCount":333,"commentCount":0,"publisher":{"@id":"https:\/\/fuentesfidedignas.com.mx\/#organization"},"image":{"@id":"https:\/\/fuentesfidedignas.com.mx\/index.php\/2025\/05\/13\/asesinan-a-exdiputado-del-pri-en-cafeteria-de-zapopan\/#primaryimage"},"thumbnailUrl":"https:\/\/fuentesfidedignas.com.mx\/wp-content\/uploads\/2021\/10\/casquillos.jpeg","articleSection":["NOTICIAS NACIONALES"],"inLanguage":"es","potentialAction":[{"@type":"CommentAction","name":"Comment","target":["https:\/\/fuentesfidedignas.com.mx\/index.php\/2025\/05\/13\/asesinan-a-exdiputado-del-pri-en-cafeteria-de-zapopan\/#respond"]}]},{"@type":"WebPage","@id":"https:\/\/fuentesfidedignas.com.mx\/index.php\/2025\/05\/13\/asesinan-a-exdiputado-del-pri-en-cafeteria-de-zapopan\/","url":"https:\/\/fuentesfidedignas.com.mx\/index.php\/2025\/05\/13\/asesinan-a-exdiputado-del-pri-en-cafeteria-de-zapopan\/","name":"Asesinan a exdiputado del PRI en cafeter\u00eda de Zapopan - Fuentes Fidedignas","isPartOf":{"@id":"https:\/\/fuentesfidedignas.com.mx\/#website"},"primaryImageOfPage":{"@id":"https:\/\/fuentesfidedignas.com.mx\/index.php\/2025\/05\/13\/asesinan-a-exdiputado-del-pri-en-cafeteria-de-zapopan\/#primaryimage"},"image":{"@id":"https:\/\/fuentesfidedignas.com.mx\/index.php\/2025\/05\/13\/asesinan-a-exdiputado-del-pri-en-cafeteria-de-zapopan\/#primaryimage"},"thumbnailUrl":"https:\/\/fuentesfidedignas.com.mx\/wp-content\/uploads\/2021\/10\/casquillos.jpeg","datePublished":"2025-05-13T22:58:42+00:00","dateModified":"2025-05-13T22:58:45+00:00","breadcrumb":{"@id":"https:\/\/fuentesfidedignas.com.mx\/index.php\/2025\/05\/13\/asesinan-a-exdiputado-del-pri-en-cafeteria-de-zapopan\/#breadcrumb"},"inLanguage":"es","potentialAction":[{"@type":"ReadAction","target":["https:\/\/fuentesfidedignas.com.mx\/index.php\/2025\/05\/13\/asesinan-a-exdiputado-del-pri-en-cafeteria-de-zapopan\/"]}]},{"@type":"ImageObject","inLanguage":"es","@id":"https:\/\/fuentesfidedignas.com.mx\/index.php\/2025\/05\/13\/asesinan-a-exdiputado-del-pri-en-cafeteria-de-zapopan\/#primaryimage","url":"https:\/\/fuentesfidedignas.com.mx\/wp-content\/uploads\/2021\/10\/casquillos.jpeg","contentUrl":"https:\/\/fuentesfidedignas.com.mx\/wp-content\/uploads\/2021\/10\/casquillos.jpeg","width":1280,"height":853},{"@type":"BreadcrumbList","@id":"https:\/\/fuentesfidedignas.com.mx\/index.php\/2025\/05\/13\/asesinan-a-exdiputado-del-pri-en-cafeteria-de-zapopan\/#breadcrumb","itemListElement":[{"@type":"ListItem","position":1,"name":"Inicio","item":"https:\/\/fuentesfidedignas.com.mx\/"},{"@type":"ListItem","position":2,"name":"Asesinan a exdiputado del PRI en cafeter\u00eda de Zapopan"}]},{"@type":"WebSite","@id":"https:\/\/fuentesfidedignas.com.mx\/#website","url":"https:\/\/fuentesfidedignas.com.mx\/","name":"Fuentes Fidedignas","description":"Otro sitio realizado con WordPress","publisher":{"@id":"https:\/\/fuentesfidedignas.com.mx\/#organization"},"potentialAction":[{"@type":"SearchAction","target":{"@type":"EntryPoint","urlTemplate":"https:\/\/fuentesfidedignas.com.mx\/?s={search_term_string}"},"query-input":{"@type":"PropertyValueSpecification","valueRequired":true,"valueName":"search_term_string"}}],"inLanguage":"es"},{"@type":"Organization","@id":"https:\/\/fuentesfidedignas.com.mx\/#organization","name":"Fuentes Fidedignas","url":"https:\/\/fuentesfidedignas.com.mx\/","logo":{"@type":"ImageObject","inLanguage":"es","@id":"https:\/\/fuentesfidedignas.com.mx\/#\/schema\/logo\/image\/","url":"https:\/\/fuentesfidedignas.com.mx\/wp-content\/uploads\/2021\/04\/logo-retina.png","contentUrl":"https:\/\/fuentesfidedignas.com.mx\/wp-content\/uploads\/2021\/04\/logo-retina.png","width":280,"height":51,"caption":"Fuentes Fidedignas"},"image":{"@id":"https:\/\/fuentesfidedignas.com.mx\/#\/schema\/logo\/image\/"},"sameAs":["https:\/\/www.facebook.com\/Fuentes-Fidedignas-368234489921644","https:\/\/x.com\/fidedignas"]},{"@type":"Person","@id":"https:\/\/fuentesfidedignas.com.mx\/#\/schema\/person\/6af43e831c61354ecb5ffe61c99a9bf1","name":"El Economista","image":{"@type":"ImageObject","inLanguage":"es","@id":"https:\/\/secure.gravatar.com\/avatar\/cdb633edc72997b061038aff7c4738bf3a38a4e4089c4c7ba9509ccee48b1447?s=96&d=mm&r=g","url":"https:\/\/secure.gravatar.com\/avatar\/cdb633edc72997b061038aff7c4738bf3a38a4e4089c4c7ba9509ccee48b1447?s=96&d=mm&r=g","contentUrl":"https:\/\/secure.gravatar.com\/avatar\/cdb633edc72997b061038aff7c4738bf3a38a4e4089c4c7ba9509ccee48b1447?s=96&d=mm&r=g","caption":"El Economista"},"url":"https:\/\/fuentesfidedignas.com.mx\/index.php\/author\/economista\/"}]}},"_links":{"self":[{"href":"https:\/\/fuentesfidedignas.com.mx\/index.php\/wp-json\/wp\/v2\/posts\/108297","targetHints":{"allow":["GET"]}}],"collection":[{"href":"https:\/\/fuentesfidedignas.com.mx\/index.php\/wp-json\/wp\/v2\/posts"}],"about":[{"href":"https:\/\/fuentesfidedignas.com.mx\/index.php\/wp-json\/wp\/v2\/types\/post"}],"author":[{"embeddable":true,"href":"https:\/\/fuentesfidedignas.com.mx\/index.php\/wp-json\/wp\/v2\/users\/44"}],"replies":[{"embeddable":true,"href":"https:\/\/fuentesfidedignas.com.mx\/index.php\/wp-json\/wp\/v2\/comments?post=108297"}],"version-history":[{"count":1,"href":"https:\/\/fuentesfidedignas.com.mx\/index.php\/wp-json\/wp\/v2\/posts\/108297\/revisions"}],"predecessor-version":[{"id":108298,"href":"https:\/\/fuentesfidedignas.com.mx\/index.php\/wp-json\/wp\/v2\/posts\/108297\/revisions\/108298"}],"wp:featuredmedia":[{"embeddable":true,"href":"https:\/\/fuentesfidedignas.com.mx\/index.php\/wp-json\/wp\/v2\/media\/14805"}],"wp:attachment":[{"href":"https:\/\/fuentesfidedignas.com.mx\/index.php\/wp-json\/wp\/v2\/media?parent=108297"}],"wp:term":[{"taxonomy":"category","embeddable":true,"href":"https:\/\/fuentesfidedignas.com.mx\/index.php\/wp-json\/wp\/v2\/categories?post=108297"},{"taxonomy":"post_tag","embeddable":true,"href":"https:\/\/fuentesfidedignas.com.mx\/index.php\/wp-json\/wp\/v2\/tags?post=108297"}],"curies":[{"name":"wp","href":"https:\/\/api.w.org\/{rel}","templated":true}]}}