{"id":108271,"date":"2025-05-13T11:19:53","date_gmt":"2025-05-13T18:19:53","guid":{"rendered":"https:\/\/fuentesfidedignas.com.mx\/?p=108271"},"modified":"2025-05-13T11:19:53","modified_gmt":"2025-05-13T18:19:53","slug":"acusa-eu-a-lideres-del-cartel-de-sinaloa-por-narcoterrorismo","status":"publish","type":"post","link":"https:\/\/fuentesfidedignas.com.mx\/index.php\/2025\/05\/13\/acusa-eu-a-lideres-del-cartel-de-sinaloa-por-narcoterrorismo\/","title":{"rendered":"Acusa EU a l\u00edderes del C\u00e1rtel de Sinaloa por narcoterrorismo"},"content":{"rendered":"\n<p><br><strong><em>Esta es la primera vez que Estados Unidos formaliz\u00f3 una acusaci\u00f3n por cargos de narcoterrorismo en contra integrantes de un c\u00e1rtel mexicano<\/em><\/strong><\/p>\n\n\n\n<p>El&nbsp;<strong>Departamento de Justicia<\/strong>&nbsp;de los<strong>&nbsp;Estados Unidos<\/strong>&nbsp;hizo p\u00fablica una acusaci\u00f3n contra varios l\u00edderes del&nbsp;<strong>C\u00e1rtel de Sinaloa<\/strong>&nbsp;por el delito de&nbsp;<strong>narcoterrorismo<\/strong>.<\/p>\n\n\n\n<p>Esta es la primera vez que Estados Unidos formaliz\u00f3 una acusaci\u00f3n por cargos de narcoterrorismo en contra integrantes de un&nbsp;c\u00e1rtel mexicano.<\/p>\n\n\n\n<p>Los se\u00f1alados por el Gobierno de EE.UU. son&nbsp;<strong>Pedro Inzunza Noriega<\/strong>, alias&nbsp;<em><strong>Sagitario<\/strong><\/em>, y su hijo&nbsp;<strong>Pedro Inzunza Coronel<\/strong>, alias&nbsp;<em><strong>Pich\u00f3n<\/strong><\/em>, adem\u00e1s de otros integrantes del C\u00e1rtel de Sinaloa.<\/p>\n\n\n\n<p>\u201cSe les describe como l\u00edderes de una de las m\u00e1s grandes y sofisticadas redes de producci\u00f3n de fentanilo en el mundo, por parte de la facci\u00f3n Beltr\u00e1n Leyva del C\u00e1rtel de Sinaloa\u201d, apunt\u00f3 el fiscal para el Distrito Sur de California,&nbsp;<strong>Adam Gordon, e<\/strong>n una conferencia de prensa.<\/p>\n\n\n\n<p>\u201cSi act\u00faas como terrorista. No te debes sorprender que te acusen de serlo\u201d, puntualiz\u00f3.<\/p>\n\n\n\n<p>Autoridades federales de M\u00e9xico han detallado que&nbsp;<em>Pich\u00f3n<\/em>&nbsp;lidera una c\u00e9lula de narcotr\u00e1fico vinculada a los Beltr\u00e1n Leyva, con presencia en&nbsp;<strong>Los Mochis<\/strong>, Sinaloa, adem\u00e1s de que se le vincula con&nbsp;<strong>Fausto Isidro Meza Flores<\/strong>, tambi\u00e9n conocido como&nbsp;<strong>Chapo Isidro<\/strong>, uno de los principales l\u00edderes de la organizaci\u00f3n delictiva.<\/p>\n\n\n\n<p>Por su parte, Inzunza Noriega encabez\u00f3 durante m\u00e1s de una d\u00e9cada una red dedicada al tr\u00e1fico de drogas, el lavado de dinero y actos de terrorismo relacionados con la delincuencia organizada. Fue sancionado en diciembre de 2023 por la Oficina de Control de Activos Extranjeros (<strong>OFAC<\/strong>) del Departamento del Tesoro estadounidense.<\/p>\n","protected":false},"excerpt":{"rendered":"<p>Esta es la primera vez que Estados Unidos formaliz\u00f3 una acusaci\u00f3n por cargos de narcoterrorismo en contra integrantes de un c\u00e1rtel mexicano El&nbsp;Departamento de Justicia&nbsp;de los&nbsp;Estados Unidos&nbsp;hizo p\u00fablica una acusaci\u00f3n contra varios l\u00edderes del&nbsp;C\u00e1rtel de Sinaloa&nbsp;por el delito de&nbsp;narcoterrorismo. Esta es la primera vez que Estados Unidos formaliz\u00f3 una acusaci\u00f3n por cargos de narcoterrorismo en [&hellip;]<\/p>\n","protected":false},"author":47,"featured_media":55271,"comment_status":"closed","ping_status":"open","sticky":false,"template":"","format":"standard","meta":{"tdm_status":"","tdm_grid_status":"","footnotes":""},"categories":[39],"tags":[],"class_list":{"0":"post-108271","1":"post","2":"type-post","3":"status-publish","4":"format-standard","5":"has-post-thumbnail","7":"category-noticias-nacionales"},"yoast_head":"<!-- This site is optimized with the Yoast SEO plugin v27.4 - https:\/\/yoast.com\/product\/yoast-seo-wordpress\/ -->\n<title>Acusa EU a l\u00edderes del C\u00e1rtel de Sinaloa por narcoterrorismo - Fuentes Fidedignas<\/title>\n<meta name=\"robots\" content=\"index, follow, max-snippet:-1, max-image-preview:large, max-video-preview:-1\" \/>\n<link rel=\"canonical\" href=\"https:\/\/fuentesfidedignas.com.mx\/index.php\/2025\/05\/13\/acusa-eu-a-lideres-del-cartel-de-sinaloa-por-narcoterrorismo\/\" \/>\n<meta property=\"og:locale\" content=\"es_MX\" \/>\n<meta property=\"og:type\" content=\"article\" \/>\n<meta property=\"og:title\" content=\"Acusa EU a l\u00edderes del C\u00e1rtel de Sinaloa por narcoterrorismo - Fuentes Fidedignas\" \/>\n<meta property=\"og:description\" content=\"Esta es la primera vez que Estados Unidos formaliz\u00f3 una acusaci\u00f3n por cargos de narcoterrorismo en contra integrantes de un c\u00e1rtel mexicano El&nbsp;Departamento de Justicia&nbsp;de los&nbsp;Estados Unidos&nbsp;hizo p\u00fablica una acusaci\u00f3n contra varios l\u00edderes del&nbsp;C\u00e1rtel de Sinaloa&nbsp;por el delito de&nbsp;narcoterrorismo. Esta es la primera vez que Estados Unidos formaliz\u00f3 una acusaci\u00f3n por cargos de narcoterrorismo en [&hellip;]\" \/>\n<meta property=\"og:url\" content=\"https:\/\/fuentesfidedignas.com.mx\/index.php\/2025\/05\/13\/acusa-eu-a-lideres-del-cartel-de-sinaloa-por-narcoterrorismo\/\" \/>\n<meta property=\"og:site_name\" content=\"Fuentes Fidedignas\" \/>\n<meta property=\"article:publisher\" content=\"https:\/\/www.facebook.com\/Fuentes-Fidedignas-368234489921644\" \/>\n<meta property=\"article:published_time\" content=\"2025-05-13T18:19:53+00:00\" \/>\n<meta property=\"og:image\" content=\"https:\/\/fuentesfidedignas.com.mx\/wp-content\/uploads\/2023\/08\/CARTEL_SIN.jpg\" \/>\n\t<meta property=\"og:image:width\" content=\"1029\" \/>\n\t<meta property=\"og:image:height\" content=\"621\" \/>\n\t<meta property=\"og:image:type\" content=\"image\/jpeg\" \/>\n<meta name=\"author\" content=\"L\u00f3pez D\u00f3riga\" \/>\n<meta name=\"twitter:card\" content=\"summary_large_image\" \/>\n<meta name=\"twitter:creator\" content=\"@fidedignas\" \/>\n<meta name=\"twitter:site\" content=\"@fidedignas\" \/>\n<meta name=\"twitter:label1\" content=\"Escrito por\" \/>\n\t<meta name=\"twitter:data1\" content=\"L\u00f3pez D\u00f3riga\" \/>\n\t<meta name=\"twitter:label2\" content=\"Tiempo de lectura\" \/>\n\t<meta name=\"twitter:data2\" content=\"2 minutos\" \/>\n<script type=\"application\/ld+json\" class=\"yoast-schema-graph\">{\"@context\":\"https:\\\/\\\/schema.org\",\"@graph\":[{\"@type\":\"Article\",\"@id\":\"https:\\\/\\\/fuentesfidedignas.com.mx\\\/index.php\\\/2025\\\/05\\\/13\\\/acusa-eu-a-lideres-del-cartel-de-sinaloa-por-narcoterrorismo\\\/#article\",\"isPartOf\":{\"@id\":\"https:\\\/\\\/fuentesfidedignas.com.mx\\\/index.php\\\/2025\\\/05\\\/13\\\/acusa-eu-a-lideres-del-cartel-de-sinaloa-por-narcoterrorismo\\\/\"},\"author\":{\"name\":\"L\u00f3pez D\u00f3riga\",\"@id\":\"https:\\\/\\\/fuentesfidedignas.com.mx\\\/#\\\/schema\\\/person\\\/67d852f0557c8509146a4b9ddebd543a\"},\"headline\":\"Acusa EU a l\u00edderes del C\u00e1rtel de Sinaloa por narcoterrorismo\",\"datePublished\":\"2025-05-13T18:19:53+00:00\",\"mainEntityOfPage\":{\"@id\":\"https:\\\/\\\/fuentesfidedignas.com.mx\\\/index.php\\\/2025\\\/05\\\/13\\\/acusa-eu-a-lideres-del-cartel-de-sinaloa-por-narcoterrorismo\\\/\"},\"wordCount\":320,\"publisher\":{\"@id\":\"https:\\\/\\\/fuentesfidedignas.com.mx\\\/#organization\"},\"image\":{\"@id\":\"https:\\\/\\\/fuentesfidedignas.com.mx\\\/index.php\\\/2025\\\/05\\\/13\\\/acusa-eu-a-lideres-del-cartel-de-sinaloa-por-narcoterrorismo\\\/#primaryimage\"},\"thumbnailUrl\":\"https:\\\/\\\/fuentesfidedignas.com.mx\\\/wp-content\\\/uploads\\\/2023\\\/08\\\/CARTEL_SIN.jpg\",\"articleSection\":[\"NOTICIAS NACIONALES\"],\"inLanguage\":\"es\"},{\"@type\":\"WebPage\",\"@id\":\"https:\\\/\\\/fuentesfidedignas.com.mx\\\/index.php\\\/2025\\\/05\\\/13\\\/acusa-eu-a-lideres-del-cartel-de-sinaloa-por-narcoterrorismo\\\/\",\"url\":\"https:\\\/\\\/fuentesfidedignas.com.mx\\\/index.php\\\/2025\\\/05\\\/13\\\/acusa-eu-a-lideres-del-cartel-de-sinaloa-por-narcoterrorismo\\\/\",\"name\":\"Acusa EU a l\u00edderes del C\u00e1rtel de Sinaloa por narcoterrorismo - Fuentes Fidedignas\",\"isPartOf\":{\"@id\":\"https:\\\/\\\/fuentesfidedignas.com.mx\\\/#website\"},\"primaryImageOfPage\":{\"@id\":\"https:\\\/\\\/fuentesfidedignas.com.mx\\\/index.php\\\/2025\\\/05\\\/13\\\/acusa-eu-a-lideres-del-cartel-de-sinaloa-por-narcoterrorismo\\\/#primaryimage\"},\"image\":{\"@id\":\"https:\\\/\\\/fuentesfidedignas.com.mx\\\/index.php\\\/2025\\\/05\\\/13\\\/acusa-eu-a-lideres-del-cartel-de-sinaloa-por-narcoterrorismo\\\/#primaryimage\"},\"thumbnailUrl\":\"https:\\\/\\\/fuentesfidedignas.com.mx\\\/wp-content\\\/uploads\\\/2023\\\/08\\\/CARTEL_SIN.jpg\",\"datePublished\":\"2025-05-13T18:19:53+00:00\",\"breadcrumb\":{\"@id\":\"https:\\\/\\\/fuentesfidedignas.com.mx\\\/index.php\\\/2025\\\/05\\\/13\\\/acusa-eu-a-lideres-del-cartel-de-sinaloa-por-narcoterrorismo\\\/#breadcrumb\"},\"inLanguage\":\"es\",\"potentialAction\":[{\"@type\":\"ReadAction\",\"target\":[\"https:\\\/\\\/fuentesfidedignas.com.mx\\\/index.php\\\/2025\\\/05\\\/13\\\/acusa-eu-a-lideres-del-cartel-de-sinaloa-por-narcoterrorismo\\\/\"]}]},{\"@type\":\"ImageObject\",\"inLanguage\":\"es\",\"@id\":\"https:\\\/\\\/fuentesfidedignas.com.mx\\\/index.php\\\/2025\\\/05\\\/13\\\/acusa-eu-a-lideres-del-cartel-de-sinaloa-por-narcoterrorismo\\\/#primaryimage\",\"url\":\"https:\\\/\\\/fuentesfidedignas.com.mx\\\/wp-content\\\/uploads\\\/2023\\\/08\\\/CARTEL_SIN.jpg\",\"contentUrl\":\"https:\\\/\\\/fuentesfidedignas.com.mx\\\/wp-content\\\/uploads\\\/2023\\\/08\\\/CARTEL_SIN.jpg\",\"width\":1029,\"height\":621},{\"@type\":\"BreadcrumbList\",\"@id\":\"https:\\\/\\\/fuentesfidedignas.com.mx\\\/index.php\\\/2025\\\/05\\\/13\\\/acusa-eu-a-lideres-del-cartel-de-sinaloa-por-narcoterrorismo\\\/#breadcrumb\",\"itemListElement\":[{\"@type\":\"ListItem\",\"position\":1,\"name\":\"Inicio\",\"item\":\"https:\\\/\\\/fuentesfidedignas.com.mx\\\/\"},{\"@type\":\"ListItem\",\"position\":2,\"name\":\"Acusa EU a l\u00edderes del C\u00e1rtel de Sinaloa por narcoterrorismo\"}]},{\"@type\":\"WebSite\",\"@id\":\"https:\\\/\\\/fuentesfidedignas.com.mx\\\/#website\",\"url\":\"https:\\\/\\\/fuentesfidedignas.com.mx\\\/\",\"name\":\"Fuentes Fidedignas\",\"description\":\"Otro sitio realizado con WordPress\",\"publisher\":{\"@id\":\"https:\\\/\\\/fuentesfidedignas.com.mx\\\/#organization\"},\"potentialAction\":[{\"@type\":\"SearchAction\",\"target\":{\"@type\":\"EntryPoint\",\"urlTemplate\":\"https:\\\/\\\/fuentesfidedignas.com.mx\\\/?s={search_term_string}\"},\"query-input\":{\"@type\":\"PropertyValueSpecification\",\"valueRequired\":true,\"valueName\":\"search_term_string\"}}],\"inLanguage\":\"es\"},{\"@type\":\"Organization\",\"@id\":\"https:\\\/\\\/fuentesfidedignas.com.mx\\\/#organization\",\"name\":\"Fuentes Fidedignas\",\"url\":\"https:\\\/\\\/fuentesfidedignas.com.mx\\\/\",\"logo\":{\"@type\":\"ImageObject\",\"inLanguage\":\"es\",\"@id\":\"https:\\\/\\\/fuentesfidedignas.com.mx\\\/#\\\/schema\\\/logo\\\/image\\\/\",\"url\":\"https:\\\/\\\/fuentesfidedignas.com.mx\\\/wp-content\\\/uploads\\\/2021\\\/04\\\/logo-retina.png\",\"contentUrl\":\"https:\\\/\\\/fuentesfidedignas.com.mx\\\/wp-content\\\/uploads\\\/2021\\\/04\\\/logo-retina.png\",\"width\":280,\"height\":51,\"caption\":\"Fuentes Fidedignas\"},\"image\":{\"@id\":\"https:\\\/\\\/fuentesfidedignas.com.mx\\\/#\\\/schema\\\/logo\\\/image\\\/\"},\"sameAs\":[\"https:\\\/\\\/www.facebook.com\\\/Fuentes-Fidedignas-368234489921644\",\"https:\\\/\\\/x.com\\\/fidedignas\"]},{\"@type\":\"Person\",\"@id\":\"https:\\\/\\\/fuentesfidedignas.com.mx\\\/#\\\/schema\\\/person\\\/67d852f0557c8509146a4b9ddebd543a\",\"name\":\"L\u00f3pez D\u00f3riga\",\"image\":{\"@type\":\"ImageObject\",\"inLanguage\":\"es\",\"@id\":\"https:\\\/\\\/secure.gravatar.com\\\/avatar\\\/e525b06574ca18b33cded59dfe5778d6c823b9513154eff47da551b0551bdd1e?s=96&d=mm&r=g\",\"url\":\"https:\\\/\\\/secure.gravatar.com\\\/avatar\\\/e525b06574ca18b33cded59dfe5778d6c823b9513154eff47da551b0551bdd1e?s=96&d=mm&r=g\",\"contentUrl\":\"https:\\\/\\\/secure.gravatar.com\\\/avatar\\\/e525b06574ca18b33cded59dfe5778d6c823b9513154eff47da551b0551bdd1e?s=96&d=mm&r=g\",\"caption\":\"L\u00f3pez D\u00f3riga\"},\"url\":\"https:\\\/\\\/fuentesfidedignas.com.mx\\\/index.php\\\/author\\\/doriga\\\/\"}]}<\/script>\n<!-- \/ Yoast SEO plugin. -->","yoast_head_json":{"title":"Acusa EU a l\u00edderes del C\u00e1rtel de Sinaloa por narcoterrorismo - Fuentes Fidedignas","robots":{"index":"index","follow":"follow","max-snippet":"max-snippet:-1","max-image-preview":"max-image-preview:large","max-video-preview":"max-video-preview:-1"},"canonical":"https:\/\/fuentesfidedignas.com.mx\/index.php\/2025\/05\/13\/acusa-eu-a-lideres-del-cartel-de-sinaloa-por-narcoterrorismo\/","og_locale":"es_MX","og_type":"article","og_title":"Acusa EU a l\u00edderes del C\u00e1rtel de Sinaloa por narcoterrorismo - Fuentes Fidedignas","og_description":"Esta es la primera vez que Estados Unidos formaliz\u00f3 una acusaci\u00f3n por cargos de narcoterrorismo en contra integrantes de un c\u00e1rtel mexicano El&nbsp;Departamento de Justicia&nbsp;de los&nbsp;Estados Unidos&nbsp;hizo p\u00fablica una acusaci\u00f3n contra varios l\u00edderes del&nbsp;C\u00e1rtel de Sinaloa&nbsp;por el delito de&nbsp;narcoterrorismo. Esta es la primera vez que Estados Unidos formaliz\u00f3 una acusaci\u00f3n por cargos de narcoterrorismo en [&hellip;]","og_url":"https:\/\/fuentesfidedignas.com.mx\/index.php\/2025\/05\/13\/acusa-eu-a-lideres-del-cartel-de-sinaloa-por-narcoterrorismo\/","og_site_name":"Fuentes Fidedignas","article_publisher":"https:\/\/www.facebook.com\/Fuentes-Fidedignas-368234489921644","article_published_time":"2025-05-13T18:19:53+00:00","og_image":[{"width":1029,"height":621,"url":"https:\/\/fuentesfidedignas.com.mx\/wp-content\/uploads\/2023\/08\/CARTEL_SIN.jpg","type":"image\/jpeg"}],"author":"L\u00f3pez D\u00f3riga","twitter_card":"summary_large_image","twitter_creator":"@fidedignas","twitter_site":"@fidedignas","twitter_misc":{"Escrito por":"L\u00f3pez D\u00f3riga","Tiempo de lectura":"2 minutos"},"schema":{"@context":"https:\/\/schema.org","@graph":[{"@type":"Article","@id":"https:\/\/fuentesfidedignas.com.mx\/index.php\/2025\/05\/13\/acusa-eu-a-lideres-del-cartel-de-sinaloa-por-narcoterrorismo\/#article","isPartOf":{"@id":"https:\/\/fuentesfidedignas.com.mx\/index.php\/2025\/05\/13\/acusa-eu-a-lideres-del-cartel-de-sinaloa-por-narcoterrorismo\/"},"author":{"name":"L\u00f3pez D\u00f3riga","@id":"https:\/\/fuentesfidedignas.com.mx\/#\/schema\/person\/67d852f0557c8509146a4b9ddebd543a"},"headline":"Acusa EU a l\u00edderes del C\u00e1rtel de Sinaloa por narcoterrorismo","datePublished":"2025-05-13T18:19:53+00:00","mainEntityOfPage":{"@id":"https:\/\/fuentesfidedignas.com.mx\/index.php\/2025\/05\/13\/acusa-eu-a-lideres-del-cartel-de-sinaloa-por-narcoterrorismo\/"},"wordCount":320,"publisher":{"@id":"https:\/\/fuentesfidedignas.com.mx\/#organization"},"image":{"@id":"https:\/\/fuentesfidedignas.com.mx\/index.php\/2025\/05\/13\/acusa-eu-a-lideres-del-cartel-de-sinaloa-por-narcoterrorismo\/#primaryimage"},"thumbnailUrl":"https:\/\/fuentesfidedignas.com.mx\/wp-content\/uploads\/2023\/08\/CARTEL_SIN.jpg","articleSection":["NOTICIAS NACIONALES"],"inLanguage":"es"},{"@type":"WebPage","@id":"https:\/\/fuentesfidedignas.com.mx\/index.php\/2025\/05\/13\/acusa-eu-a-lideres-del-cartel-de-sinaloa-por-narcoterrorismo\/","url":"https:\/\/fuentesfidedignas.com.mx\/index.php\/2025\/05\/13\/acusa-eu-a-lideres-del-cartel-de-sinaloa-por-narcoterrorismo\/","name":"Acusa EU a l\u00edderes del C\u00e1rtel de Sinaloa por narcoterrorismo - Fuentes Fidedignas","isPartOf":{"@id":"https:\/\/fuentesfidedignas.com.mx\/#website"},"primaryImageOfPage":{"@id":"https:\/\/fuentesfidedignas.com.mx\/index.php\/2025\/05\/13\/acusa-eu-a-lideres-del-cartel-de-sinaloa-por-narcoterrorismo\/#primaryimage"},"image":{"@id":"https:\/\/fuentesfidedignas.com.mx\/index.php\/2025\/05\/13\/acusa-eu-a-lideres-del-cartel-de-sinaloa-por-narcoterrorismo\/#primaryimage"},"thumbnailUrl":"https:\/\/fuentesfidedignas.com.mx\/wp-content\/uploads\/2023\/08\/CARTEL_SIN.jpg","datePublished":"2025-05-13T18:19:53+00:00","breadcrumb":{"@id":"https:\/\/fuentesfidedignas.com.mx\/index.php\/2025\/05\/13\/acusa-eu-a-lideres-del-cartel-de-sinaloa-por-narcoterrorismo\/#breadcrumb"},"inLanguage":"es","potentialAction":[{"@type":"ReadAction","target":["https:\/\/fuentesfidedignas.com.mx\/index.php\/2025\/05\/13\/acusa-eu-a-lideres-del-cartel-de-sinaloa-por-narcoterrorismo\/"]}]},{"@type":"ImageObject","inLanguage":"es","@id":"https:\/\/fuentesfidedignas.com.mx\/index.php\/2025\/05\/13\/acusa-eu-a-lideres-del-cartel-de-sinaloa-por-narcoterrorismo\/#primaryimage","url":"https:\/\/fuentesfidedignas.com.mx\/wp-content\/uploads\/2023\/08\/CARTEL_SIN.jpg","contentUrl":"https:\/\/fuentesfidedignas.com.mx\/wp-content\/uploads\/2023\/08\/CARTEL_SIN.jpg","width":1029,"height":621},{"@type":"BreadcrumbList","@id":"https:\/\/fuentesfidedignas.com.mx\/index.php\/2025\/05\/13\/acusa-eu-a-lideres-del-cartel-de-sinaloa-por-narcoterrorismo\/#breadcrumb","itemListElement":[{"@type":"ListItem","position":1,"name":"Inicio","item":"https:\/\/fuentesfidedignas.com.mx\/"},{"@type":"ListItem","position":2,"name":"Acusa EU a l\u00edderes del C\u00e1rtel de Sinaloa por narcoterrorismo"}]},{"@type":"WebSite","@id":"https:\/\/fuentesfidedignas.com.mx\/#website","url":"https:\/\/fuentesfidedignas.com.mx\/","name":"Fuentes Fidedignas","description":"Otro sitio realizado con WordPress","publisher":{"@id":"https:\/\/fuentesfidedignas.com.mx\/#organization"},"potentialAction":[{"@type":"SearchAction","target":{"@type":"EntryPoint","urlTemplate":"https:\/\/fuentesfidedignas.com.mx\/?s={search_term_string}"},"query-input":{"@type":"PropertyValueSpecification","valueRequired":true,"valueName":"search_term_string"}}],"inLanguage":"es"},{"@type":"Organization","@id":"https:\/\/fuentesfidedignas.com.mx\/#organization","name":"Fuentes Fidedignas","url":"https:\/\/fuentesfidedignas.com.mx\/","logo":{"@type":"ImageObject","inLanguage":"es","@id":"https:\/\/fuentesfidedignas.com.mx\/#\/schema\/logo\/image\/","url":"https:\/\/fuentesfidedignas.com.mx\/wp-content\/uploads\/2021\/04\/logo-retina.png","contentUrl":"https:\/\/fuentesfidedignas.com.mx\/wp-content\/uploads\/2021\/04\/logo-retina.png","width":280,"height":51,"caption":"Fuentes Fidedignas"},"image":{"@id":"https:\/\/fuentesfidedignas.com.mx\/#\/schema\/logo\/image\/"},"sameAs":["https:\/\/www.facebook.com\/Fuentes-Fidedignas-368234489921644","https:\/\/x.com\/fidedignas"]},{"@type":"Person","@id":"https:\/\/fuentesfidedignas.com.mx\/#\/schema\/person\/67d852f0557c8509146a4b9ddebd543a","name":"L\u00f3pez D\u00f3riga","image":{"@type":"ImageObject","inLanguage":"es","@id":"https:\/\/secure.gravatar.com\/avatar\/e525b06574ca18b33cded59dfe5778d6c823b9513154eff47da551b0551bdd1e?s=96&d=mm&r=g","url":"https:\/\/secure.gravatar.com\/avatar\/e525b06574ca18b33cded59dfe5778d6c823b9513154eff47da551b0551bdd1e?s=96&d=mm&r=g","contentUrl":"https:\/\/secure.gravatar.com\/avatar\/e525b06574ca18b33cded59dfe5778d6c823b9513154eff47da551b0551bdd1e?s=96&d=mm&r=g","caption":"L\u00f3pez D\u00f3riga"},"url":"https:\/\/fuentesfidedignas.com.mx\/index.php\/author\/doriga\/"}]}},"_links":{"self":[{"href":"https:\/\/fuentesfidedignas.com.mx\/index.php\/wp-json\/wp\/v2\/posts\/108271","targetHints":{"allow":["GET"]}}],"collection":[{"href":"https:\/\/fuentesfidedignas.com.mx\/index.php\/wp-json\/wp\/v2\/posts"}],"about":[{"href":"https:\/\/fuentesfidedignas.com.mx\/index.php\/wp-json\/wp\/v2\/types\/post"}],"author":[{"embeddable":true,"href":"https:\/\/fuentesfidedignas.com.mx\/index.php\/wp-json\/wp\/v2\/users\/47"}],"replies":[{"embeddable":true,"href":"https:\/\/fuentesfidedignas.com.mx\/index.php\/wp-json\/wp\/v2\/comments?post=108271"}],"version-history":[{"count":1,"href":"https:\/\/fuentesfidedignas.com.mx\/index.php\/wp-json\/wp\/v2\/posts\/108271\/revisions"}],"predecessor-version":[{"id":108272,"href":"https:\/\/fuentesfidedignas.com.mx\/index.php\/wp-json\/wp\/v2\/posts\/108271\/revisions\/108272"}],"wp:featuredmedia":[{"embeddable":true,"href":"https:\/\/fuentesfidedignas.com.mx\/index.php\/wp-json\/wp\/v2\/media\/55271"}],"wp:attachment":[{"href":"https:\/\/fuentesfidedignas.com.mx\/index.php\/wp-json\/wp\/v2\/media?parent=108271"}],"wp:term":[{"taxonomy":"category","embeddable":true,"href":"https:\/\/fuentesfidedignas.com.mx\/index.php\/wp-json\/wp\/v2\/categories?post=108271"},{"taxonomy":"post_tag","embeddable":true,"href":"https:\/\/fuentesfidedignas.com.mx\/index.php\/wp-json\/wp\/v2\/tags?post=108271"}],"curies":[{"name":"wp","href":"https:\/\/api.w.org\/{rel}","templated":true}]}}