{"id":108203,"date":"2025-05-12T15:54:03","date_gmt":"2025-05-12T22:54:03","guid":{"rendered":"https:\/\/fuentesfidedignas.com.mx\/?p=108203"},"modified":"2025-05-12T15:54:03","modified_gmt":"2025-05-12T22:54:03","slug":"este-miercoles-14-de-mayo-realizaran-el-aquaton-2025-una-gota-de-agua-una-gota-de-vida","status":"publish","type":"post","link":"https:\/\/fuentesfidedignas.com.mx\/index.php\/2025\/05\/12\/este-miercoles-14-de-mayo-realizaran-el-aquaton-2025-una-gota-de-agua-una-gota-de-vida\/","title":{"rendered":"Este mi\u00e9rcoles 14 de mayo realizar\u00e1n el AQUAT\u00d3N 2025: \u201cuna gota de agua, una gota de vida\u201d"},"content":{"rendered":"\n<p><em>Sociedad, gobierno y DIF Sinaloa se unen por cuarto a\u00f1o consecutivo para apoyar a m\u00e1s de 200 comunidades afectadas por la sequ\u00eda<\/em><\/p>\n\n\n\n<p>Culiac\u00e1n, Sinaloa.- La cita es este mi\u00e9rcoles 14 de mayo, y el motivo es claro: donar agua, donar vida. El Gobierno del Estado y el Sistema DIF Sinaloa, encabezado por la Dra. Eneyda Rocha Ruiz, convocan a la ciudadan\u00eda a sumarse con solidaridad al AQUAT\u00d3N 2025, una jornada que busca recaudar agua potable y donativos econ\u00f3micos para atender a m\u00e1s de 200 comunidades sinaloenses que hoy enfrentan la dura realidad de la sequ\u00eda.<\/p>\n\n\n\n<p>La jornada ser\u00e1 de 6:00 de la ma\u00f1ana a 5:00 de la tarde en la explanada de Palacio de Gobierno en Culiac\u00e1n. Ah\u00ed, las personas podr\u00e1n llevar agua en cualquier presentaci\u00f3n para consumo humano. Quienes lo prefieran, podr\u00e1n hacer su donativo econ\u00f3mico mediante transferencia bancaria a la cuenta BBVA 012730001109758264, agregando en el concepto la leyenda \u201cAQUAT\u00d3N 2025\u201d.<\/p>\n\n\n\n<p>Desde temprana hora, se habilitar\u00e1 tambi\u00e9n un Drive Thru sobre la Av. de los Insurgentes, para facilitar la entrega sin necesidad de bajarse del autom\u00f3vil.<\/p>\n\n\n\n<p>\u201cUna gota de agua, una gota de vida\u201d, expres\u00f3 Eneyda Rocha Ruiz durante su intervenci\u00f3n en la conferencia \u201cLa Semanera\u201d, donde hizo un llamado fuerte y claro: \u201cla ayuda no puede esperar, y como sociedad debemos responder con empat\u00eda y uni\u00f3n\u201d.<\/p>\n\n\n\n<p>La entrega del vital l\u00edquido a las comunidades iniciar\u00e1 el 15 de mayo, y se atender\u00e1n los 20 municipios del estado. La meta no es solo igualar lo hecho en ediciones pasadas, sino superarla, como lo manifest\u00f3 el gobernador Rub\u00e9n Rocha Moya, quien reafirm\u00f3 su compromiso con las y los sinaloenses m\u00e1s afectados.<\/p>\n","protected":false},"excerpt":{"rendered":"<p>Sociedad, gobierno y DIF Sinaloa se unen por cuarto a\u00f1o consecutivo para apoyar a m\u00e1s de 200 comunidades afectadas por la sequ\u00eda Culiac\u00e1n, Sinaloa.- La cita es este mi\u00e9rcoles 14 de mayo, y el motivo es claro: donar agua, donar vida. El Gobierno del Estado y el Sistema DIF Sinaloa, encabezado por la Dra. Eneyda [&hellip;]<\/p>\n","protected":false},"author":11,"featured_media":49996,"comment_status":"closed","ping_status":"open","sticky":false,"template":"","format":"standard","meta":{"tdm_status":"","tdm_grid_status":"","footnotes":""},"categories":[37],"tags":[],"class_list":{"0":"post-108203","1":"post","2":"type-post","3":"status-publish","4":"format-standard","5":"has-post-thumbnail","7":"category-nota-principal"},"yoast_head":"<!-- This site is optimized with the Yoast SEO plugin v27.5 - https:\/\/yoast.com\/product\/yoast-seo-wordpress\/ -->\n<title>Este mi\u00e9rcoles 14 de mayo realizar\u00e1n el AQUAT\u00d3N 2025: \u201cuna gota de agua, una gota de vida\u201d - Fuentes Fidedignas<\/title>\n<meta name=\"robots\" content=\"index, follow, max-snippet:-1, max-image-preview:large, max-video-preview:-1\" \/>\n<link rel=\"canonical\" href=\"https:\/\/fuentesfidedignas.com.mx\/index.php\/2025\/05\/12\/este-miercoles-14-de-mayo-realizaran-el-aquaton-2025-una-gota-de-agua-una-gota-de-vida\/\" \/>\n<meta property=\"og:locale\" content=\"es_MX\" \/>\n<meta property=\"og:type\" content=\"article\" \/>\n<meta property=\"og:title\" content=\"Este mi\u00e9rcoles 14 de mayo realizar\u00e1n el AQUAT\u00d3N 2025: \u201cuna gota de agua, una gota de vida\u201d - Fuentes Fidedignas\" \/>\n<meta property=\"og:description\" content=\"Sociedad, gobierno y DIF Sinaloa se unen por cuarto a\u00f1o consecutivo para apoyar a m\u00e1s de 200 comunidades afectadas por la sequ\u00eda Culiac\u00e1n, Sinaloa.- La cita es este mi\u00e9rcoles 14 de mayo, y el motivo es claro: donar agua, donar vida. El Gobierno del Estado y el Sistema DIF Sinaloa, encabezado por la Dra. Eneyda [&hellip;]\" \/>\n<meta property=\"og:url\" content=\"https:\/\/fuentesfidedignas.com.mx\/index.php\/2025\/05\/12\/este-miercoles-14-de-mayo-realizaran-el-aquaton-2025-una-gota-de-agua-una-gota-de-vida\/\" \/>\n<meta property=\"og:site_name\" content=\"Fuentes Fidedignas\" \/>\n<meta property=\"article:publisher\" content=\"https:\/\/www.facebook.com\/Fuentes-Fidedignas-368234489921644\" \/>\n<meta property=\"article:published_time\" content=\"2025-05-12T22:54:03+00:00\" \/>\n<meta property=\"og:image\" content=\"https:\/\/fuentesfidedignas.com.mx\/wp-content\/uploads\/2023\/06\/1-aquaton.jpeg\" \/>\n\t<meta property=\"og:image:width\" content=\"1024\" \/>\n\t<meta property=\"og:image:height\" content=\"681\" \/>\n\t<meta property=\"og:image:type\" content=\"image\/jpeg\" \/>\n<meta name=\"author\" content=\"Marissa Palafox\" \/>\n<meta name=\"twitter:card\" content=\"summary_large_image\" \/>\n<meta name=\"twitter:creator\" content=\"@fidedignas\" \/>\n<meta name=\"twitter:site\" content=\"@fidedignas\" \/>\n<meta name=\"twitter:label1\" content=\"Escrito por\" \/>\n\t<meta name=\"twitter:data1\" content=\"Marissa Palafox\" \/>\n\t<meta name=\"twitter:label2\" content=\"Tiempo de lectura\" \/>\n\t<meta name=\"twitter:data2\" content=\"1 minuto\" \/>\n<script type=\"application\/ld+json\" class=\"yoast-schema-graph\">{\"@context\":\"https:\\\/\\\/schema.org\",\"@graph\":[{\"@type\":\"Article\",\"@id\":\"https:\\\/\\\/fuentesfidedignas.com.mx\\\/index.php\\\/2025\\\/05\\\/12\\\/este-miercoles-14-de-mayo-realizaran-el-aquaton-2025-una-gota-de-agua-una-gota-de-vida\\\/#article\",\"isPartOf\":{\"@id\":\"https:\\\/\\\/fuentesfidedignas.com.mx\\\/index.php\\\/2025\\\/05\\\/12\\\/este-miercoles-14-de-mayo-realizaran-el-aquaton-2025-una-gota-de-agua-una-gota-de-vida\\\/\"},\"author\":{\"name\":\"Marissa Palafox\",\"@id\":\"https:\\\/\\\/fuentesfidedignas.com.mx\\\/#\\\/schema\\\/person\\\/2c10028b4a30078c05a056a215342ab9\"},\"headline\":\"Este mi\u00e9rcoles 14 de mayo realizar\u00e1n el AQUAT\u00d3N 2025: \u201cuna gota de agua, una gota de vida\u201d\",\"datePublished\":\"2025-05-12T22:54:03+00:00\",\"mainEntityOfPage\":{\"@id\":\"https:\\\/\\\/fuentesfidedignas.com.mx\\\/index.php\\\/2025\\\/05\\\/12\\\/este-miercoles-14-de-mayo-realizaran-el-aquaton-2025-una-gota-de-agua-una-gota-de-vida\\\/\"},\"wordCount\":307,\"publisher\":{\"@id\":\"https:\\\/\\\/fuentesfidedignas.com.mx\\\/#organization\"},\"image\":{\"@id\":\"https:\\\/\\\/fuentesfidedignas.com.mx\\\/index.php\\\/2025\\\/05\\\/12\\\/este-miercoles-14-de-mayo-realizaran-el-aquaton-2025-una-gota-de-agua-una-gota-de-vida\\\/#primaryimage\"},\"thumbnailUrl\":\"https:\\\/\\\/fuentesfidedignas.com.mx\\\/wp-content\\\/uploads\\\/2023\\\/06\\\/1-aquaton.jpeg\",\"articleSection\":[\"NOTA PRINCIPAL\"],\"inLanguage\":\"es\"},{\"@type\":\"WebPage\",\"@id\":\"https:\\\/\\\/fuentesfidedignas.com.mx\\\/index.php\\\/2025\\\/05\\\/12\\\/este-miercoles-14-de-mayo-realizaran-el-aquaton-2025-una-gota-de-agua-una-gota-de-vida\\\/\",\"url\":\"https:\\\/\\\/fuentesfidedignas.com.mx\\\/index.php\\\/2025\\\/05\\\/12\\\/este-miercoles-14-de-mayo-realizaran-el-aquaton-2025-una-gota-de-agua-una-gota-de-vida\\\/\",\"name\":\"Este mi\u00e9rcoles 14 de mayo realizar\u00e1n el AQUAT\u00d3N 2025: \u201cuna gota de agua, una gota de vida\u201d - Fuentes Fidedignas\",\"isPartOf\":{\"@id\":\"https:\\\/\\\/fuentesfidedignas.com.mx\\\/#website\"},\"primaryImageOfPage\":{\"@id\":\"https:\\\/\\\/fuentesfidedignas.com.mx\\\/index.php\\\/2025\\\/05\\\/12\\\/este-miercoles-14-de-mayo-realizaran-el-aquaton-2025-una-gota-de-agua-una-gota-de-vida\\\/#primaryimage\"},\"image\":{\"@id\":\"https:\\\/\\\/fuentesfidedignas.com.mx\\\/index.php\\\/2025\\\/05\\\/12\\\/este-miercoles-14-de-mayo-realizaran-el-aquaton-2025-una-gota-de-agua-una-gota-de-vida\\\/#primaryimage\"},\"thumbnailUrl\":\"https:\\\/\\\/fuentesfidedignas.com.mx\\\/wp-content\\\/uploads\\\/2023\\\/06\\\/1-aquaton.jpeg\",\"datePublished\":\"2025-05-12T22:54:03+00:00\",\"breadcrumb\":{\"@id\":\"https:\\\/\\\/fuentesfidedignas.com.mx\\\/index.php\\\/2025\\\/05\\\/12\\\/este-miercoles-14-de-mayo-realizaran-el-aquaton-2025-una-gota-de-agua-una-gota-de-vida\\\/#breadcrumb\"},\"inLanguage\":\"es\",\"potentialAction\":[{\"@type\":\"ReadAction\",\"target\":[\"https:\\\/\\\/fuentesfidedignas.com.mx\\\/index.php\\\/2025\\\/05\\\/12\\\/este-miercoles-14-de-mayo-realizaran-el-aquaton-2025-una-gota-de-agua-una-gota-de-vida\\\/\"]}]},{\"@type\":\"ImageObject\",\"inLanguage\":\"es\",\"@id\":\"https:\\\/\\\/fuentesfidedignas.com.mx\\\/index.php\\\/2025\\\/05\\\/12\\\/este-miercoles-14-de-mayo-realizaran-el-aquaton-2025-una-gota-de-agua-una-gota-de-vida\\\/#primaryimage\",\"url\":\"https:\\\/\\\/fuentesfidedignas.com.mx\\\/wp-content\\\/uploads\\\/2023\\\/06\\\/1-aquaton.jpeg\",\"contentUrl\":\"https:\\\/\\\/fuentesfidedignas.com.mx\\\/wp-content\\\/uploads\\\/2023\\\/06\\\/1-aquaton.jpeg\",\"width\":1024,\"height\":681},{\"@type\":\"BreadcrumbList\",\"@id\":\"https:\\\/\\\/fuentesfidedignas.com.mx\\\/index.php\\\/2025\\\/05\\\/12\\\/este-miercoles-14-de-mayo-realizaran-el-aquaton-2025-una-gota-de-agua-una-gota-de-vida\\\/#breadcrumb\",\"itemListElement\":[{\"@type\":\"ListItem\",\"position\":1,\"name\":\"Inicio\",\"item\":\"https:\\\/\\\/fuentesfidedignas.com.mx\\\/\"},{\"@type\":\"ListItem\",\"position\":2,\"name\":\"Este mi\u00e9rcoles 14 de mayo realizar\u00e1n el AQUAT\u00d3N 2025: \u201cuna gota de agua, una gota de vida\u201d\"}]},{\"@type\":\"WebSite\",\"@id\":\"https:\\\/\\\/fuentesfidedignas.com.mx\\\/#website\",\"url\":\"https:\\\/\\\/fuentesfidedignas.com.mx\\\/\",\"name\":\"Fuentes Fidedignas\",\"description\":\"Otro sitio realizado con WordPress\",\"publisher\":{\"@id\":\"https:\\\/\\\/fuentesfidedignas.com.mx\\\/#organization\"},\"potentialAction\":[{\"@type\":\"SearchAction\",\"target\":{\"@type\":\"EntryPoint\",\"urlTemplate\":\"https:\\\/\\\/fuentesfidedignas.com.mx\\\/?s={search_term_string}\"},\"query-input\":{\"@type\":\"PropertyValueSpecification\",\"valueRequired\":true,\"valueName\":\"search_term_string\"}}],\"inLanguage\":\"es\"},{\"@type\":\"Organization\",\"@id\":\"https:\\\/\\\/fuentesfidedignas.com.mx\\\/#organization\",\"name\":\"Fuentes Fidedignas\",\"url\":\"https:\\\/\\\/fuentesfidedignas.com.mx\\\/\",\"logo\":{\"@type\":\"ImageObject\",\"inLanguage\":\"es\",\"@id\":\"https:\\\/\\\/fuentesfidedignas.com.mx\\\/#\\\/schema\\\/logo\\\/image\\\/\",\"url\":\"https:\\\/\\\/fuentesfidedignas.com.mx\\\/wp-content\\\/uploads\\\/2021\\\/04\\\/logo-retina.png\",\"contentUrl\":\"https:\\\/\\\/fuentesfidedignas.com.mx\\\/wp-content\\\/uploads\\\/2021\\\/04\\\/logo-retina.png\",\"width\":280,\"height\":51,\"caption\":\"Fuentes Fidedignas\"},\"image\":{\"@id\":\"https:\\\/\\\/fuentesfidedignas.com.mx\\\/#\\\/schema\\\/logo\\\/image\\\/\"},\"sameAs\":[\"https:\\\/\\\/www.facebook.com\\\/Fuentes-Fidedignas-368234489921644\",\"https:\\\/\\\/x.com\\\/fidedignas\"]},{\"@type\":\"Person\",\"@id\":\"https:\\\/\\\/fuentesfidedignas.com.mx\\\/#\\\/schema\\\/person\\\/2c10028b4a30078c05a056a215342ab9\",\"name\":\"Marissa Palafox\",\"image\":{\"@type\":\"ImageObject\",\"inLanguage\":\"es\",\"@id\":\"https:\\\/\\\/secure.gravatar.com\\\/avatar\\\/20a43bdb2f2db10f20b22d4e98b96eb027faf98f7f76d29854dc5fab46d1cf71?s=96&d=mm&r=g\",\"url\":\"https:\\\/\\\/secure.gravatar.com\\\/avatar\\\/20a43bdb2f2db10f20b22d4e98b96eb027faf98f7f76d29854dc5fab46d1cf71?s=96&d=mm&r=g\",\"contentUrl\":\"https:\\\/\\\/secure.gravatar.com\\\/avatar\\\/20a43bdb2f2db10f20b22d4e98b96eb027faf98f7f76d29854dc5fab46d1cf71?s=96&d=mm&r=g\",\"caption\":\"Marissa Palafox\"},\"url\":\"https:\\\/\\\/fuentesfidedignas.com.mx\\\/index.php\\\/author\\\/marissa\\\/\"}]}<\/script>\n<!-- \/ Yoast SEO plugin. -->","yoast_head_json":{"title":"Este mi\u00e9rcoles 14 de mayo realizar\u00e1n el AQUAT\u00d3N 2025: \u201cuna gota de agua, una gota de vida\u201d - Fuentes Fidedignas","robots":{"index":"index","follow":"follow","max-snippet":"max-snippet:-1","max-image-preview":"max-image-preview:large","max-video-preview":"max-video-preview:-1"},"canonical":"https:\/\/fuentesfidedignas.com.mx\/index.php\/2025\/05\/12\/este-miercoles-14-de-mayo-realizaran-el-aquaton-2025-una-gota-de-agua-una-gota-de-vida\/","og_locale":"es_MX","og_type":"article","og_title":"Este mi\u00e9rcoles 14 de mayo realizar\u00e1n el AQUAT\u00d3N 2025: \u201cuna gota de agua, una gota de vida\u201d - Fuentes Fidedignas","og_description":"Sociedad, gobierno y DIF Sinaloa se unen por cuarto a\u00f1o consecutivo para apoyar a m\u00e1s de 200 comunidades afectadas por la sequ\u00eda Culiac\u00e1n, Sinaloa.- La cita es este mi\u00e9rcoles 14 de mayo, y el motivo es claro: donar agua, donar vida. El Gobierno del Estado y el Sistema DIF Sinaloa, encabezado por la Dra. Eneyda [&hellip;]","og_url":"https:\/\/fuentesfidedignas.com.mx\/index.php\/2025\/05\/12\/este-miercoles-14-de-mayo-realizaran-el-aquaton-2025-una-gota-de-agua-una-gota-de-vida\/","og_site_name":"Fuentes Fidedignas","article_publisher":"https:\/\/www.facebook.com\/Fuentes-Fidedignas-368234489921644","article_published_time":"2025-05-12T22:54:03+00:00","og_image":[{"width":1024,"height":681,"url":"https:\/\/fuentesfidedignas.com.mx\/wp-content\/uploads\/2023\/06\/1-aquaton.jpeg","type":"image\/jpeg"}],"author":"Marissa Palafox","twitter_card":"summary_large_image","twitter_creator":"@fidedignas","twitter_site":"@fidedignas","twitter_misc":{"Escrito por":"Marissa Palafox","Tiempo de lectura":"1 minuto"},"schema":{"@context":"https:\/\/schema.org","@graph":[{"@type":"Article","@id":"https:\/\/fuentesfidedignas.com.mx\/index.php\/2025\/05\/12\/este-miercoles-14-de-mayo-realizaran-el-aquaton-2025-una-gota-de-agua-una-gota-de-vida\/#article","isPartOf":{"@id":"https:\/\/fuentesfidedignas.com.mx\/index.php\/2025\/05\/12\/este-miercoles-14-de-mayo-realizaran-el-aquaton-2025-una-gota-de-agua-una-gota-de-vida\/"},"author":{"name":"Marissa Palafox","@id":"https:\/\/fuentesfidedignas.com.mx\/#\/schema\/person\/2c10028b4a30078c05a056a215342ab9"},"headline":"Este mi\u00e9rcoles 14 de mayo realizar\u00e1n el AQUAT\u00d3N 2025: \u201cuna gota de agua, una gota de vida\u201d","datePublished":"2025-05-12T22:54:03+00:00","mainEntityOfPage":{"@id":"https:\/\/fuentesfidedignas.com.mx\/index.php\/2025\/05\/12\/este-miercoles-14-de-mayo-realizaran-el-aquaton-2025-una-gota-de-agua-una-gota-de-vida\/"},"wordCount":307,"publisher":{"@id":"https:\/\/fuentesfidedignas.com.mx\/#organization"},"image":{"@id":"https:\/\/fuentesfidedignas.com.mx\/index.php\/2025\/05\/12\/este-miercoles-14-de-mayo-realizaran-el-aquaton-2025-una-gota-de-agua-una-gota-de-vida\/#primaryimage"},"thumbnailUrl":"https:\/\/fuentesfidedignas.com.mx\/wp-content\/uploads\/2023\/06\/1-aquaton.jpeg","articleSection":["NOTA PRINCIPAL"],"inLanguage":"es"},{"@type":"WebPage","@id":"https:\/\/fuentesfidedignas.com.mx\/index.php\/2025\/05\/12\/este-miercoles-14-de-mayo-realizaran-el-aquaton-2025-una-gota-de-agua-una-gota-de-vida\/","url":"https:\/\/fuentesfidedignas.com.mx\/index.php\/2025\/05\/12\/este-miercoles-14-de-mayo-realizaran-el-aquaton-2025-una-gota-de-agua-una-gota-de-vida\/","name":"Este mi\u00e9rcoles 14 de mayo realizar\u00e1n el AQUAT\u00d3N 2025: \u201cuna gota de agua, una gota de vida\u201d - Fuentes Fidedignas","isPartOf":{"@id":"https:\/\/fuentesfidedignas.com.mx\/#website"},"primaryImageOfPage":{"@id":"https:\/\/fuentesfidedignas.com.mx\/index.php\/2025\/05\/12\/este-miercoles-14-de-mayo-realizaran-el-aquaton-2025-una-gota-de-agua-una-gota-de-vida\/#primaryimage"},"image":{"@id":"https:\/\/fuentesfidedignas.com.mx\/index.php\/2025\/05\/12\/este-miercoles-14-de-mayo-realizaran-el-aquaton-2025-una-gota-de-agua-una-gota-de-vida\/#primaryimage"},"thumbnailUrl":"https:\/\/fuentesfidedignas.com.mx\/wp-content\/uploads\/2023\/06\/1-aquaton.jpeg","datePublished":"2025-05-12T22:54:03+00:00","breadcrumb":{"@id":"https:\/\/fuentesfidedignas.com.mx\/index.php\/2025\/05\/12\/este-miercoles-14-de-mayo-realizaran-el-aquaton-2025-una-gota-de-agua-una-gota-de-vida\/#breadcrumb"},"inLanguage":"es","potentialAction":[{"@type":"ReadAction","target":["https:\/\/fuentesfidedignas.com.mx\/index.php\/2025\/05\/12\/este-miercoles-14-de-mayo-realizaran-el-aquaton-2025-una-gota-de-agua-una-gota-de-vida\/"]}]},{"@type":"ImageObject","inLanguage":"es","@id":"https:\/\/fuentesfidedignas.com.mx\/index.php\/2025\/05\/12\/este-miercoles-14-de-mayo-realizaran-el-aquaton-2025-una-gota-de-agua-una-gota-de-vida\/#primaryimage","url":"https:\/\/fuentesfidedignas.com.mx\/wp-content\/uploads\/2023\/06\/1-aquaton.jpeg","contentUrl":"https:\/\/fuentesfidedignas.com.mx\/wp-content\/uploads\/2023\/06\/1-aquaton.jpeg","width":1024,"height":681},{"@type":"BreadcrumbList","@id":"https:\/\/fuentesfidedignas.com.mx\/index.php\/2025\/05\/12\/este-miercoles-14-de-mayo-realizaran-el-aquaton-2025-una-gota-de-agua-una-gota-de-vida\/#breadcrumb","itemListElement":[{"@type":"ListItem","position":1,"name":"Inicio","item":"https:\/\/fuentesfidedignas.com.mx\/"},{"@type":"ListItem","position":2,"name":"Este mi\u00e9rcoles 14 de mayo realizar\u00e1n el AQUAT\u00d3N 2025: \u201cuna gota de agua, una gota de vida\u201d"}]},{"@type":"WebSite","@id":"https:\/\/fuentesfidedignas.com.mx\/#website","url":"https:\/\/fuentesfidedignas.com.mx\/","name":"Fuentes Fidedignas","description":"Otro sitio realizado con WordPress","publisher":{"@id":"https:\/\/fuentesfidedignas.com.mx\/#organization"},"potentialAction":[{"@type":"SearchAction","target":{"@type":"EntryPoint","urlTemplate":"https:\/\/fuentesfidedignas.com.mx\/?s={search_term_string}"},"query-input":{"@type":"PropertyValueSpecification","valueRequired":true,"valueName":"search_term_string"}}],"inLanguage":"es"},{"@type":"Organization","@id":"https:\/\/fuentesfidedignas.com.mx\/#organization","name":"Fuentes Fidedignas","url":"https:\/\/fuentesfidedignas.com.mx\/","logo":{"@type":"ImageObject","inLanguage":"es","@id":"https:\/\/fuentesfidedignas.com.mx\/#\/schema\/logo\/image\/","url":"https:\/\/fuentesfidedignas.com.mx\/wp-content\/uploads\/2021\/04\/logo-retina.png","contentUrl":"https:\/\/fuentesfidedignas.com.mx\/wp-content\/uploads\/2021\/04\/logo-retina.png","width":280,"height":51,"caption":"Fuentes Fidedignas"},"image":{"@id":"https:\/\/fuentesfidedignas.com.mx\/#\/schema\/logo\/image\/"},"sameAs":["https:\/\/www.facebook.com\/Fuentes-Fidedignas-368234489921644","https:\/\/x.com\/fidedignas"]},{"@type":"Person","@id":"https:\/\/fuentesfidedignas.com.mx\/#\/schema\/person\/2c10028b4a30078c05a056a215342ab9","name":"Marissa Palafox","image":{"@type":"ImageObject","inLanguage":"es","@id":"https:\/\/secure.gravatar.com\/avatar\/20a43bdb2f2db10f20b22d4e98b96eb027faf98f7f76d29854dc5fab46d1cf71?s=96&d=mm&r=g","url":"https:\/\/secure.gravatar.com\/avatar\/20a43bdb2f2db10f20b22d4e98b96eb027faf98f7f76d29854dc5fab46d1cf71?s=96&d=mm&r=g","contentUrl":"https:\/\/secure.gravatar.com\/avatar\/20a43bdb2f2db10f20b22d4e98b96eb027faf98f7f76d29854dc5fab46d1cf71?s=96&d=mm&r=g","caption":"Marissa Palafox"},"url":"https:\/\/fuentesfidedignas.com.mx\/index.php\/author\/marissa\/"}]}},"_links":{"self":[{"href":"https:\/\/fuentesfidedignas.com.mx\/index.php\/wp-json\/wp\/v2\/posts\/108203","targetHints":{"allow":["GET"]}}],"collection":[{"href":"https:\/\/fuentesfidedignas.com.mx\/index.php\/wp-json\/wp\/v2\/posts"}],"about":[{"href":"https:\/\/fuentesfidedignas.com.mx\/index.php\/wp-json\/wp\/v2\/types\/post"}],"author":[{"embeddable":true,"href":"https:\/\/fuentesfidedignas.com.mx\/index.php\/wp-json\/wp\/v2\/users\/11"}],"replies":[{"embeddable":true,"href":"https:\/\/fuentesfidedignas.com.mx\/index.php\/wp-json\/wp\/v2\/comments?post=108203"}],"version-history":[{"count":1,"href":"https:\/\/fuentesfidedignas.com.mx\/index.php\/wp-json\/wp\/v2\/posts\/108203\/revisions"}],"predecessor-version":[{"id":108204,"href":"https:\/\/fuentesfidedignas.com.mx\/index.php\/wp-json\/wp\/v2\/posts\/108203\/revisions\/108204"}],"wp:featuredmedia":[{"embeddable":true,"href":"https:\/\/fuentesfidedignas.com.mx\/index.php\/wp-json\/wp\/v2\/media\/49996"}],"wp:attachment":[{"href":"https:\/\/fuentesfidedignas.com.mx\/index.php\/wp-json\/wp\/v2\/media?parent=108203"}],"wp:term":[{"taxonomy":"category","embeddable":true,"href":"https:\/\/fuentesfidedignas.com.mx\/index.php\/wp-json\/wp\/v2\/categories?post=108203"},{"taxonomy":"post_tag","embeddable":true,"href":"https:\/\/fuentesfidedignas.com.mx\/index.php\/wp-json\/wp\/v2\/tags?post=108203"}],"curies":[{"name":"wp","href":"https:\/\/api.w.org\/{rel}","templated":true}]}}