{"id":108172,"date":"2025-05-12T08:46:58","date_gmt":"2025-05-12T15:46:58","guid":{"rendered":"https:\/\/fuentesfidedignas.com.mx\/?p=108172"},"modified":"2025-05-12T08:47:02","modified_gmt":"2025-05-12T15:47:02","slug":"desarmemos-las-palabras-y-ayudaremos-a-desarmar-la-tierra-leon-xiv-a-periodistas","status":"publish","type":"post","link":"https:\/\/fuentesfidedignas.com.mx\/index.php\/2025\/05\/12\/desarmemos-las-palabras-y-ayudaremos-a-desarmar-la-tierra-leon-xiv-a-periodistas\/","title":{"rendered":"\u201cDesarmemos las palabras y ayudaremos a desarmar la Tierra\u201d: Le\u00f3n XIV a periodistas"},"content":{"rendered":"\n<p><strong><em>Le\u00f3n XIV concedi\u00f3 este lunes una audiencia a periodistas en el aula Pablo VI del Vaticano, la primera desde que fue elegido papa<\/em><\/strong><\/p>\n\n\n\n<p>El papa Le\u00f3n XIV pidi\u00f3 a los medios de comunicaci\u00f3n que elija \u201ccon conciencia y valent\u00eda el camino de una comunicaci\u00f3n de paz\u201d y agreg\u00f3: \u201cDesarmemos las palabras y ayudaremos a desarmar la Tierra\u201d, en la audiencia que concedi\u00f3 a los periodistas que informaron del c\u00f3nclave en el que se le eligi\u00f3.<\/p>\n\n\n\n<iframe loading=\"lazy\" width=\"728\" height=\"600\" src=\"https:\/\/www.youtube.com\/embed\/AU5DAc5QyQc\" title=\"2025.05.12 - Audience of Pope Leo XIV with media\" frameborder=\"0\" allow=\"accelerometer; autoplay; clipboard-write; encrypted-media; gyroscope; picture-in-picture; web-share\" referrerpolicy=\"strict-origin-when-cross-origin\" allowfullscreen><\/iframe>\n\n\n\n<p>En la primera audiencia que celebra, c\u00f3mo hizo tambi\u00e9n Francisco al inicio de su pontificado, el primer papa estadounidense reuni\u00f3 en el aula Pablo VI del Vaticano a varios miles de comunicadores a quienes se\u00f1al\u00f3 que \u201cvivimos tiempos dif\u00edciles de navegar y de contar, que suponen un desaf\u00edo para todos nosotros y del que no debemos escapar\u201d.<\/p>\n\n\n\n<p>Y, destac\u00f3, que \u201cal contrario, nos piden a cada uno de nosotros, en nuestros diferentes roles y servicios, que nunca nos rindamos ante la mediocridad\u201d.<\/p>\n\n\n\n<p>Le\u00f3n XIV afirm\u00f3 que \u201clo que hace falta no es una comunicaci\u00f3n ruidosa y muscular , sino una comunicaci\u00f3n capaz de escuchar, de recoger la voz de los d\u00e9biles que no tienen voz\u201d.<\/p>\n\n\n\n<p>&#8220;Desarmemos las palabras y ayudaremos a desarmar la Tierra. La comunicaci\u00f3n desarmada y desarmante nos permite compartir una visi\u00f3n diferente del mundo y actuar de un modo coherente con nuestra dignidad humana\u201d, dijo el papa, que en su primer discurso tras ser elegido el 8 de mayo tambi\u00e9n pidi\u00f3 \u201cuna paz desarmada y desarmante\u201d.<\/p>\n\n\n\n<p>Y agreg\u00f3: \u201cEst\u00e1n en primera l\u00ednea narrando conflictos y esperanzas de paz, situaciones de injusticia y pobreza, y el trabajo silencioso de muchos por un mundo mejor. Para esto os pido que elij\u00e1is con conciencia y valent\u00eda el camino de una comunicaci\u00f3n de paz\u201d.<\/p>\n\n\n\n<p>&#8220;No puede haber comunicaci\u00f3n ni periodismo al margen del tiempo y de la historia\u201d, dijo y record\u00f3 la frase de San Agust\u00edn, ya que \u00e9l es agustiniano: \u201cVivamos bien y los tiempos ser\u00e1n buenos. Nosotros somos los tiempos\u201d.<\/p>\n\n\n\n<p>A los periodistas, que aplaudieron en varios momentos del discurso, explic\u00f3 que hoy, \u201cuno de los desaf\u00edos m\u00e1s importantes es promover una comunicaci\u00f3n capaz de ayudarnos a escapar de la \u2018Torre de Babel\u2019 en la que a veces nos encontramos, de la confusi\u00f3n de lenguajes sin amor, a menudo ideol\u00f3gicos o sesgados\u201d<\/p>\n\n\n\n<p>Y por tanto subray\u00f3 que \u201clas palabras que usan y el estilo que adoptan, es importante\u201d.\u201d La comunicaci\u00f3n, de hecho, no es solo la transmisi\u00f3n de informaci\u00f3n, sino la creaci\u00f3n de una cultura, de entornos humanos y digitales que se conviertan en espacios de di\u00e1logo y confrontaci\u00f3n\u201d, agreg\u00f3.<\/p>\n\n\n\n<p>Y sobre todo, subray\u00f3 ante la evoluci\u00f3n tecnol\u00f3gica y la inteligencia artificial \u201cque con su inmenso potencial, que exige, sin embargo, responsabilidad y discernimiento para orientar las herramientas al bien de todos, para que puedan producir beneficios para la humanidad\u201d.<\/p>\n\n\n\n<p>Le\u00f3n XIV fue recibido a su entrada del aula Pablo VI con un fuerte aplauso por los periodistas y brome\u00f3 diciendo que esperaba que el aplauso tambi\u00e9n llegase al final de su discurso.<\/p>\n","protected":false},"excerpt":{"rendered":"<p>Le\u00f3n XIV concedi\u00f3 este lunes una audiencia a periodistas en el aula Pablo VI del Vaticano, la primera desde que fue elegido papa El papa Le\u00f3n XIV pidi\u00f3 a los medios de comunicaci\u00f3n que elija \u201ccon conciencia y valent\u00eda el camino de una comunicaci\u00f3n de paz\u201d y agreg\u00f3: \u201cDesarmemos las palabras y ayudaremos a desarmar [&hellip;]<\/p>\n","protected":false},"author":22,"featured_media":108173,"comment_status":"open","ping_status":"open","sticky":false,"template":"","format":"standard","meta":{"tdm_status":"","tdm_grid_status":"","footnotes":""},"categories":[39],"tags":[],"class_list":{"0":"post-108172","1":"post","2":"type-post","3":"status-publish","4":"format-standard","5":"has-post-thumbnail","7":"category-noticias-nacionales"},"yoast_head":"<!-- This site is optimized with the Yoast SEO plugin v27.5 - https:\/\/yoast.com\/product\/yoast-seo-wordpress\/ -->\n<title>\u201cDesarmemos las palabras y ayudaremos a desarmar la Tierra\u201d: Le\u00f3n XIV a periodistas - Fuentes Fidedignas<\/title>\n<meta name=\"robots\" content=\"index, follow, max-snippet:-1, max-image-preview:large, max-video-preview:-1\" \/>\n<link rel=\"canonical\" href=\"https:\/\/fuentesfidedignas.com.mx\/index.php\/2025\/05\/12\/desarmemos-las-palabras-y-ayudaremos-a-desarmar-la-tierra-leon-xiv-a-periodistas\/\" \/>\n<meta property=\"og:locale\" content=\"es_MX\" \/>\n<meta property=\"og:type\" content=\"article\" \/>\n<meta property=\"og:title\" content=\"\u201cDesarmemos las palabras y ayudaremos a desarmar la Tierra\u201d: Le\u00f3n XIV a periodistas - Fuentes Fidedignas\" \/>\n<meta property=\"og:description\" content=\"Le\u00f3n XIV concedi\u00f3 este lunes una audiencia a periodistas en el aula Pablo VI del Vaticano, la primera desde que fue elegido papa El papa Le\u00f3n XIV pidi\u00f3 a los medios de comunicaci\u00f3n que elija \u201ccon conciencia y valent\u00eda el camino de una comunicaci\u00f3n de paz\u201d y agreg\u00f3: \u201cDesarmemos las palabras y ayudaremos a desarmar [&hellip;]\" \/>\n<meta property=\"og:url\" content=\"https:\/\/fuentesfidedignas.com.mx\/index.php\/2025\/05\/12\/desarmemos-las-palabras-y-ayudaremos-a-desarmar-la-tierra-leon-xiv-a-periodistas\/\" \/>\n<meta property=\"og:site_name\" content=\"Fuentes Fidedignas\" \/>\n<meta property=\"article:publisher\" content=\"https:\/\/www.facebook.com\/Fuentes-Fidedignas-368234489921644\" \/>\n<meta property=\"article:published_time\" content=\"2025-05-12T15:46:58+00:00\" \/>\n<meta property=\"article:modified_time\" content=\"2025-05-12T15:47:02+00:00\" \/>\n<meta property=\"og:image\" content=\"https:\/\/fuentesfidedignas.com.mx\/wp-content\/uploads\/2025\/05\/papa-leon-xiv-periodistas-audiencia.jpg\" \/>\n\t<meta property=\"og:image:width\" content=\"600\" \/>\n\t<meta property=\"og:image:height\" content=\"400\" \/>\n\t<meta property=\"og:image:type\" content=\"image\/jpeg\" \/>\n<meta name=\"author\" content=\"EFE\" \/>\n<meta name=\"twitter:card\" content=\"summary_large_image\" \/>\n<meta name=\"twitter:creator\" content=\"@fidedignas\" \/>\n<meta name=\"twitter:site\" content=\"@fidedignas\" \/>\n<meta name=\"twitter:label1\" content=\"Escrito por\" \/>\n\t<meta name=\"twitter:data1\" content=\"EFE\" \/>\n\t<meta name=\"twitter:label2\" content=\"Tiempo de lectura\" \/>\n\t<meta name=\"twitter:data2\" content=\"3 minutos\" \/>\n<script type=\"application\/ld+json\" class=\"yoast-schema-graph\">{\"@context\":\"https:\\\/\\\/schema.org\",\"@graph\":[{\"@type\":\"Article\",\"@id\":\"https:\\\/\\\/fuentesfidedignas.com.mx\\\/index.php\\\/2025\\\/05\\\/12\\\/desarmemos-las-palabras-y-ayudaremos-a-desarmar-la-tierra-leon-xiv-a-periodistas\\\/#article\",\"isPartOf\":{\"@id\":\"https:\\\/\\\/fuentesfidedignas.com.mx\\\/index.php\\\/2025\\\/05\\\/12\\\/desarmemos-las-palabras-y-ayudaremos-a-desarmar-la-tierra-leon-xiv-a-periodistas\\\/\"},\"author\":{\"name\":\"EFE\",\"@id\":\"https:\\\/\\\/fuentesfidedignas.com.mx\\\/#\\\/schema\\\/person\\\/0d44615087b5a626d5d3f13afe31ac41\"},\"headline\":\"\u201cDesarmemos las palabras y ayudaremos a desarmar la Tierra\u201d: Le\u00f3n XIV a periodistas\",\"datePublished\":\"2025-05-12T15:46:58+00:00\",\"dateModified\":\"2025-05-12T15:47:02+00:00\",\"mainEntityOfPage\":{\"@id\":\"https:\\\/\\\/fuentesfidedignas.com.mx\\\/index.php\\\/2025\\\/05\\\/12\\\/desarmemos-las-palabras-y-ayudaremos-a-desarmar-la-tierra-leon-xiv-a-periodistas\\\/\"},\"wordCount\":552,\"commentCount\":0,\"publisher\":{\"@id\":\"https:\\\/\\\/fuentesfidedignas.com.mx\\\/#organization\"},\"image\":{\"@id\":\"https:\\\/\\\/fuentesfidedignas.com.mx\\\/index.php\\\/2025\\\/05\\\/12\\\/desarmemos-las-palabras-y-ayudaremos-a-desarmar-la-tierra-leon-xiv-a-periodistas\\\/#primaryimage\"},\"thumbnailUrl\":\"https:\\\/\\\/fuentesfidedignas.com.mx\\\/wp-content\\\/uploads\\\/2025\\\/05\\\/papa-leon-xiv-periodistas-audiencia.jpg\",\"articleSection\":[\"NOTICIAS NACIONALES\"],\"inLanguage\":\"es\",\"potentialAction\":[{\"@type\":\"CommentAction\",\"name\":\"Comment\",\"target\":[\"https:\\\/\\\/fuentesfidedignas.com.mx\\\/index.php\\\/2025\\\/05\\\/12\\\/desarmemos-las-palabras-y-ayudaremos-a-desarmar-la-tierra-leon-xiv-a-periodistas\\\/#respond\"]}]},{\"@type\":\"WebPage\",\"@id\":\"https:\\\/\\\/fuentesfidedignas.com.mx\\\/index.php\\\/2025\\\/05\\\/12\\\/desarmemos-las-palabras-y-ayudaremos-a-desarmar-la-tierra-leon-xiv-a-periodistas\\\/\",\"url\":\"https:\\\/\\\/fuentesfidedignas.com.mx\\\/index.php\\\/2025\\\/05\\\/12\\\/desarmemos-las-palabras-y-ayudaremos-a-desarmar-la-tierra-leon-xiv-a-periodistas\\\/\",\"name\":\"\u201cDesarmemos las palabras y ayudaremos a desarmar la Tierra\u201d: Le\u00f3n XIV a periodistas - Fuentes Fidedignas\",\"isPartOf\":{\"@id\":\"https:\\\/\\\/fuentesfidedignas.com.mx\\\/#website\"},\"primaryImageOfPage\":{\"@id\":\"https:\\\/\\\/fuentesfidedignas.com.mx\\\/index.php\\\/2025\\\/05\\\/12\\\/desarmemos-las-palabras-y-ayudaremos-a-desarmar-la-tierra-leon-xiv-a-periodistas\\\/#primaryimage\"},\"image\":{\"@id\":\"https:\\\/\\\/fuentesfidedignas.com.mx\\\/index.php\\\/2025\\\/05\\\/12\\\/desarmemos-las-palabras-y-ayudaremos-a-desarmar-la-tierra-leon-xiv-a-periodistas\\\/#primaryimage\"},\"thumbnailUrl\":\"https:\\\/\\\/fuentesfidedignas.com.mx\\\/wp-content\\\/uploads\\\/2025\\\/05\\\/papa-leon-xiv-periodistas-audiencia.jpg\",\"datePublished\":\"2025-05-12T15:46:58+00:00\",\"dateModified\":\"2025-05-12T15:47:02+00:00\",\"breadcrumb\":{\"@id\":\"https:\\\/\\\/fuentesfidedignas.com.mx\\\/index.php\\\/2025\\\/05\\\/12\\\/desarmemos-las-palabras-y-ayudaremos-a-desarmar-la-tierra-leon-xiv-a-periodistas\\\/#breadcrumb\"},\"inLanguage\":\"es\",\"potentialAction\":[{\"@type\":\"ReadAction\",\"target\":[\"https:\\\/\\\/fuentesfidedignas.com.mx\\\/index.php\\\/2025\\\/05\\\/12\\\/desarmemos-las-palabras-y-ayudaremos-a-desarmar-la-tierra-leon-xiv-a-periodistas\\\/\"]}]},{\"@type\":\"ImageObject\",\"inLanguage\":\"es\",\"@id\":\"https:\\\/\\\/fuentesfidedignas.com.mx\\\/index.php\\\/2025\\\/05\\\/12\\\/desarmemos-las-palabras-y-ayudaremos-a-desarmar-la-tierra-leon-xiv-a-periodistas\\\/#primaryimage\",\"url\":\"https:\\\/\\\/fuentesfidedignas.com.mx\\\/wp-content\\\/uploads\\\/2025\\\/05\\\/papa-leon-xiv-periodistas-audiencia.jpg\",\"contentUrl\":\"https:\\\/\\\/fuentesfidedignas.com.mx\\\/wp-content\\\/uploads\\\/2025\\\/05\\\/papa-leon-xiv-periodistas-audiencia.jpg\",\"width\":600,\"height\":400},{\"@type\":\"BreadcrumbList\",\"@id\":\"https:\\\/\\\/fuentesfidedignas.com.mx\\\/index.php\\\/2025\\\/05\\\/12\\\/desarmemos-las-palabras-y-ayudaremos-a-desarmar-la-tierra-leon-xiv-a-periodistas\\\/#breadcrumb\",\"itemListElement\":[{\"@type\":\"ListItem\",\"position\":1,\"name\":\"Inicio\",\"item\":\"https:\\\/\\\/fuentesfidedignas.com.mx\\\/\"},{\"@type\":\"ListItem\",\"position\":2,\"name\":\"\u201cDesarmemos las palabras y ayudaremos a desarmar la Tierra\u201d: Le\u00f3n XIV a periodistas\"}]},{\"@type\":\"WebSite\",\"@id\":\"https:\\\/\\\/fuentesfidedignas.com.mx\\\/#website\",\"url\":\"https:\\\/\\\/fuentesfidedignas.com.mx\\\/\",\"name\":\"Fuentes Fidedignas\",\"description\":\"Otro sitio realizado con WordPress\",\"publisher\":{\"@id\":\"https:\\\/\\\/fuentesfidedignas.com.mx\\\/#organization\"},\"potentialAction\":[{\"@type\":\"SearchAction\",\"target\":{\"@type\":\"EntryPoint\",\"urlTemplate\":\"https:\\\/\\\/fuentesfidedignas.com.mx\\\/?s={search_term_string}\"},\"query-input\":{\"@type\":\"PropertyValueSpecification\",\"valueRequired\":true,\"valueName\":\"search_term_string\"}}],\"inLanguage\":\"es\"},{\"@type\":\"Organization\",\"@id\":\"https:\\\/\\\/fuentesfidedignas.com.mx\\\/#organization\",\"name\":\"Fuentes Fidedignas\",\"url\":\"https:\\\/\\\/fuentesfidedignas.com.mx\\\/\",\"logo\":{\"@type\":\"ImageObject\",\"inLanguage\":\"es\",\"@id\":\"https:\\\/\\\/fuentesfidedignas.com.mx\\\/#\\\/schema\\\/logo\\\/image\\\/\",\"url\":\"https:\\\/\\\/fuentesfidedignas.com.mx\\\/wp-content\\\/uploads\\\/2021\\\/04\\\/logo-retina.png\",\"contentUrl\":\"https:\\\/\\\/fuentesfidedignas.com.mx\\\/wp-content\\\/uploads\\\/2021\\\/04\\\/logo-retina.png\",\"width\":280,\"height\":51,\"caption\":\"Fuentes Fidedignas\"},\"image\":{\"@id\":\"https:\\\/\\\/fuentesfidedignas.com.mx\\\/#\\\/schema\\\/logo\\\/image\\\/\"},\"sameAs\":[\"https:\\\/\\\/www.facebook.com\\\/Fuentes-Fidedignas-368234489921644\",\"https:\\\/\\\/x.com\\\/fidedignas\"]},{\"@type\":\"Person\",\"@id\":\"https:\\\/\\\/fuentesfidedignas.com.mx\\\/#\\\/schema\\\/person\\\/0d44615087b5a626d5d3f13afe31ac41\",\"name\":\"EFE\",\"image\":{\"@type\":\"ImageObject\",\"inLanguage\":\"es\",\"@id\":\"https:\\\/\\\/secure.gravatar.com\\\/avatar\\\/7048c2d9b569d9bed55bb53ad23821e6e047aa66338fb6ea9868627bbb9f54e8?s=96&d=mm&r=g\",\"url\":\"https:\\\/\\\/secure.gravatar.com\\\/avatar\\\/7048c2d9b569d9bed55bb53ad23821e6e047aa66338fb6ea9868627bbb9f54e8?s=96&d=mm&r=g\",\"contentUrl\":\"https:\\\/\\\/secure.gravatar.com\\\/avatar\\\/7048c2d9b569d9bed55bb53ad23821e6e047aa66338fb6ea9868627bbb9f54e8?s=96&d=mm&r=g\",\"caption\":\"EFE\"},\"url\":\"https:\\\/\\\/fuentesfidedignas.com.mx\\\/index.php\\\/author\\\/efe\\\/\"}]}<\/script>\n<!-- \/ Yoast SEO plugin. -->","yoast_head_json":{"title":"\u201cDesarmemos las palabras y ayudaremos a desarmar la Tierra\u201d: Le\u00f3n XIV a periodistas - Fuentes Fidedignas","robots":{"index":"index","follow":"follow","max-snippet":"max-snippet:-1","max-image-preview":"max-image-preview:large","max-video-preview":"max-video-preview:-1"},"canonical":"https:\/\/fuentesfidedignas.com.mx\/index.php\/2025\/05\/12\/desarmemos-las-palabras-y-ayudaremos-a-desarmar-la-tierra-leon-xiv-a-periodistas\/","og_locale":"es_MX","og_type":"article","og_title":"\u201cDesarmemos las palabras y ayudaremos a desarmar la Tierra\u201d: Le\u00f3n XIV a periodistas - Fuentes Fidedignas","og_description":"Le\u00f3n XIV concedi\u00f3 este lunes una audiencia a periodistas en el aula Pablo VI del Vaticano, la primera desde que fue elegido papa El papa Le\u00f3n XIV pidi\u00f3 a los medios de comunicaci\u00f3n que elija \u201ccon conciencia y valent\u00eda el camino de una comunicaci\u00f3n de paz\u201d y agreg\u00f3: \u201cDesarmemos las palabras y ayudaremos a desarmar [&hellip;]","og_url":"https:\/\/fuentesfidedignas.com.mx\/index.php\/2025\/05\/12\/desarmemos-las-palabras-y-ayudaremos-a-desarmar-la-tierra-leon-xiv-a-periodistas\/","og_site_name":"Fuentes Fidedignas","article_publisher":"https:\/\/www.facebook.com\/Fuentes-Fidedignas-368234489921644","article_published_time":"2025-05-12T15:46:58+00:00","article_modified_time":"2025-05-12T15:47:02+00:00","og_image":[{"width":600,"height":400,"url":"https:\/\/fuentesfidedignas.com.mx\/wp-content\/uploads\/2025\/05\/papa-leon-xiv-periodistas-audiencia.jpg","type":"image\/jpeg"}],"author":"EFE","twitter_card":"summary_large_image","twitter_creator":"@fidedignas","twitter_site":"@fidedignas","twitter_misc":{"Escrito por":"EFE","Tiempo de lectura":"3 minutos"},"schema":{"@context":"https:\/\/schema.org","@graph":[{"@type":"Article","@id":"https:\/\/fuentesfidedignas.com.mx\/index.php\/2025\/05\/12\/desarmemos-las-palabras-y-ayudaremos-a-desarmar-la-tierra-leon-xiv-a-periodistas\/#article","isPartOf":{"@id":"https:\/\/fuentesfidedignas.com.mx\/index.php\/2025\/05\/12\/desarmemos-las-palabras-y-ayudaremos-a-desarmar-la-tierra-leon-xiv-a-periodistas\/"},"author":{"name":"EFE","@id":"https:\/\/fuentesfidedignas.com.mx\/#\/schema\/person\/0d44615087b5a626d5d3f13afe31ac41"},"headline":"\u201cDesarmemos las palabras y ayudaremos a desarmar la Tierra\u201d: Le\u00f3n XIV a periodistas","datePublished":"2025-05-12T15:46:58+00:00","dateModified":"2025-05-12T15:47:02+00:00","mainEntityOfPage":{"@id":"https:\/\/fuentesfidedignas.com.mx\/index.php\/2025\/05\/12\/desarmemos-las-palabras-y-ayudaremos-a-desarmar-la-tierra-leon-xiv-a-periodistas\/"},"wordCount":552,"commentCount":0,"publisher":{"@id":"https:\/\/fuentesfidedignas.com.mx\/#organization"},"image":{"@id":"https:\/\/fuentesfidedignas.com.mx\/index.php\/2025\/05\/12\/desarmemos-las-palabras-y-ayudaremos-a-desarmar-la-tierra-leon-xiv-a-periodistas\/#primaryimage"},"thumbnailUrl":"https:\/\/fuentesfidedignas.com.mx\/wp-content\/uploads\/2025\/05\/papa-leon-xiv-periodistas-audiencia.jpg","articleSection":["NOTICIAS NACIONALES"],"inLanguage":"es","potentialAction":[{"@type":"CommentAction","name":"Comment","target":["https:\/\/fuentesfidedignas.com.mx\/index.php\/2025\/05\/12\/desarmemos-las-palabras-y-ayudaremos-a-desarmar-la-tierra-leon-xiv-a-periodistas\/#respond"]}]},{"@type":"WebPage","@id":"https:\/\/fuentesfidedignas.com.mx\/index.php\/2025\/05\/12\/desarmemos-las-palabras-y-ayudaremos-a-desarmar-la-tierra-leon-xiv-a-periodistas\/","url":"https:\/\/fuentesfidedignas.com.mx\/index.php\/2025\/05\/12\/desarmemos-las-palabras-y-ayudaremos-a-desarmar-la-tierra-leon-xiv-a-periodistas\/","name":"\u201cDesarmemos las palabras y ayudaremos a desarmar la Tierra\u201d: Le\u00f3n XIV a periodistas - Fuentes Fidedignas","isPartOf":{"@id":"https:\/\/fuentesfidedignas.com.mx\/#website"},"primaryImageOfPage":{"@id":"https:\/\/fuentesfidedignas.com.mx\/index.php\/2025\/05\/12\/desarmemos-las-palabras-y-ayudaremos-a-desarmar-la-tierra-leon-xiv-a-periodistas\/#primaryimage"},"image":{"@id":"https:\/\/fuentesfidedignas.com.mx\/index.php\/2025\/05\/12\/desarmemos-las-palabras-y-ayudaremos-a-desarmar-la-tierra-leon-xiv-a-periodistas\/#primaryimage"},"thumbnailUrl":"https:\/\/fuentesfidedignas.com.mx\/wp-content\/uploads\/2025\/05\/papa-leon-xiv-periodistas-audiencia.jpg","datePublished":"2025-05-12T15:46:58+00:00","dateModified":"2025-05-12T15:47:02+00:00","breadcrumb":{"@id":"https:\/\/fuentesfidedignas.com.mx\/index.php\/2025\/05\/12\/desarmemos-las-palabras-y-ayudaremos-a-desarmar-la-tierra-leon-xiv-a-periodistas\/#breadcrumb"},"inLanguage":"es","potentialAction":[{"@type":"ReadAction","target":["https:\/\/fuentesfidedignas.com.mx\/index.php\/2025\/05\/12\/desarmemos-las-palabras-y-ayudaremos-a-desarmar-la-tierra-leon-xiv-a-periodistas\/"]}]},{"@type":"ImageObject","inLanguage":"es","@id":"https:\/\/fuentesfidedignas.com.mx\/index.php\/2025\/05\/12\/desarmemos-las-palabras-y-ayudaremos-a-desarmar-la-tierra-leon-xiv-a-periodistas\/#primaryimage","url":"https:\/\/fuentesfidedignas.com.mx\/wp-content\/uploads\/2025\/05\/papa-leon-xiv-periodistas-audiencia.jpg","contentUrl":"https:\/\/fuentesfidedignas.com.mx\/wp-content\/uploads\/2025\/05\/papa-leon-xiv-periodistas-audiencia.jpg","width":600,"height":400},{"@type":"BreadcrumbList","@id":"https:\/\/fuentesfidedignas.com.mx\/index.php\/2025\/05\/12\/desarmemos-las-palabras-y-ayudaremos-a-desarmar-la-tierra-leon-xiv-a-periodistas\/#breadcrumb","itemListElement":[{"@type":"ListItem","position":1,"name":"Inicio","item":"https:\/\/fuentesfidedignas.com.mx\/"},{"@type":"ListItem","position":2,"name":"\u201cDesarmemos las palabras y ayudaremos a desarmar la Tierra\u201d: Le\u00f3n XIV a periodistas"}]},{"@type":"WebSite","@id":"https:\/\/fuentesfidedignas.com.mx\/#website","url":"https:\/\/fuentesfidedignas.com.mx\/","name":"Fuentes Fidedignas","description":"Otro sitio realizado con WordPress","publisher":{"@id":"https:\/\/fuentesfidedignas.com.mx\/#organization"},"potentialAction":[{"@type":"SearchAction","target":{"@type":"EntryPoint","urlTemplate":"https:\/\/fuentesfidedignas.com.mx\/?s={search_term_string}"},"query-input":{"@type":"PropertyValueSpecification","valueRequired":true,"valueName":"search_term_string"}}],"inLanguage":"es"},{"@type":"Organization","@id":"https:\/\/fuentesfidedignas.com.mx\/#organization","name":"Fuentes Fidedignas","url":"https:\/\/fuentesfidedignas.com.mx\/","logo":{"@type":"ImageObject","inLanguage":"es","@id":"https:\/\/fuentesfidedignas.com.mx\/#\/schema\/logo\/image\/","url":"https:\/\/fuentesfidedignas.com.mx\/wp-content\/uploads\/2021\/04\/logo-retina.png","contentUrl":"https:\/\/fuentesfidedignas.com.mx\/wp-content\/uploads\/2021\/04\/logo-retina.png","width":280,"height":51,"caption":"Fuentes Fidedignas"},"image":{"@id":"https:\/\/fuentesfidedignas.com.mx\/#\/schema\/logo\/image\/"},"sameAs":["https:\/\/www.facebook.com\/Fuentes-Fidedignas-368234489921644","https:\/\/x.com\/fidedignas"]},{"@type":"Person","@id":"https:\/\/fuentesfidedignas.com.mx\/#\/schema\/person\/0d44615087b5a626d5d3f13afe31ac41","name":"EFE","image":{"@type":"ImageObject","inLanguage":"es","@id":"https:\/\/secure.gravatar.com\/avatar\/7048c2d9b569d9bed55bb53ad23821e6e047aa66338fb6ea9868627bbb9f54e8?s=96&d=mm&r=g","url":"https:\/\/secure.gravatar.com\/avatar\/7048c2d9b569d9bed55bb53ad23821e6e047aa66338fb6ea9868627bbb9f54e8?s=96&d=mm&r=g","contentUrl":"https:\/\/secure.gravatar.com\/avatar\/7048c2d9b569d9bed55bb53ad23821e6e047aa66338fb6ea9868627bbb9f54e8?s=96&d=mm&r=g","caption":"EFE"},"url":"https:\/\/fuentesfidedignas.com.mx\/index.php\/author\/efe\/"}]}},"_links":{"self":[{"href":"https:\/\/fuentesfidedignas.com.mx\/index.php\/wp-json\/wp\/v2\/posts\/108172","targetHints":{"allow":["GET"]}}],"collection":[{"href":"https:\/\/fuentesfidedignas.com.mx\/index.php\/wp-json\/wp\/v2\/posts"}],"about":[{"href":"https:\/\/fuentesfidedignas.com.mx\/index.php\/wp-json\/wp\/v2\/types\/post"}],"author":[{"embeddable":true,"href":"https:\/\/fuentesfidedignas.com.mx\/index.php\/wp-json\/wp\/v2\/users\/22"}],"replies":[{"embeddable":true,"href":"https:\/\/fuentesfidedignas.com.mx\/index.php\/wp-json\/wp\/v2\/comments?post=108172"}],"version-history":[{"count":1,"href":"https:\/\/fuentesfidedignas.com.mx\/index.php\/wp-json\/wp\/v2\/posts\/108172\/revisions"}],"predecessor-version":[{"id":108174,"href":"https:\/\/fuentesfidedignas.com.mx\/index.php\/wp-json\/wp\/v2\/posts\/108172\/revisions\/108174"}],"wp:featuredmedia":[{"embeddable":true,"href":"https:\/\/fuentesfidedignas.com.mx\/index.php\/wp-json\/wp\/v2\/media\/108173"}],"wp:attachment":[{"href":"https:\/\/fuentesfidedignas.com.mx\/index.php\/wp-json\/wp\/v2\/media?parent=108172"}],"wp:term":[{"taxonomy":"category","embeddable":true,"href":"https:\/\/fuentesfidedignas.com.mx\/index.php\/wp-json\/wp\/v2\/categories?post=108172"},{"taxonomy":"post_tag","embeddable":true,"href":"https:\/\/fuentesfidedignas.com.mx\/index.php\/wp-json\/wp\/v2\/tags?post=108172"}],"curies":[{"name":"wp","href":"https:\/\/api.w.org\/{rel}","templated":true}]}}