{"id":108142,"date":"2025-05-12T05:58:00","date_gmt":"2025-05-12T12:58:00","guid":{"rendered":"https:\/\/fuentesfidedignas.com.mx\/?p=108142"},"modified":"2025-05-11T21:02:08","modified_gmt":"2025-05-12T04:02:08","slug":"hallan-documentos-nazis-en-archivos-de-la-corte-suprema-argentina","status":"publish","type":"post","link":"https:\/\/fuentesfidedignas.com.mx\/index.php\/2025\/05\/12\/hallan-documentos-nazis-en-archivos-de-la-corte-suprema-argentina\/","title":{"rendered":"Hallan documentos nazis en archivos de la Corte Suprema Argentina"},"content":{"rendered":"\n<p><strong><em>Las cajas, siete en total, fueron abiertas el viernes 9 y su contenido resguardado para ser clasificado, documentado y preservado por orden del tribunal supremo para investigar si pueden aportar informaci\u00f3n relevante respecto a sucesos vinculados con el Holocausto o a la fuga de nazis hacia Argentina.<\/em><\/strong><\/p>\n\n\n\n<p>La justicia argentina hall\u00f3 cientos de documentos y fichas de afiliaci\u00f3n a organizaciones nazis en cajas resguardadas en el archivo de la Corte Suprema relativas a una causa iniciada en 1941, revel\u00f3 este domingo el diario Clar\u00edn.<\/p>\n\n\n\n<p>Las cajas, siete en total, fueron abiertas el viernes 9 y su contenido resguardado para ser clasificado, documentado y preservado por orden del tribunal supremo para investigar si pueden aportar informaci\u00f3n relevante respecto a sucesos vinculados con el Holocausto o a la fuga de nazis hacia Argentina.<\/p>\n\n\n\n<p>De acuerdo a la investigaci\u00f3n period\u00edstica, una primera inspecci\u00f3n del contenido revel\u00f3 la existencia de elementos de propaganda nazi, fotograf\u00edas y centenares de libretas de afiliaci\u00f3n a la llamada Uni\u00f3n Alemana de Gremios, con la esv\u00e1stica en el frente rodeada por un engranaje, seg\u00fan muestran fotograf\u00edas publicadas por Clar\u00edn.<\/p>\n\n\n\n<p>Algunos documentos est\u00e1n muy deteriorados y otros en buen estado de preservaci\u00f3n, seg\u00fan muestran las im\u00e1genes.<\/p>\n\n\n\n<p>Las cajas fueron halladas en el subsuelo del Palacio de Tribunales de la capital argentina, lugar donde se archiva documentaci\u00f3n no digitalizada de viejas causas. La Corte Suprema no divulg\u00f3 informaci\u00f3n al respecto.<\/p>\n\n\n\n<p>De las tareas de inventario y preservaci\u00f3n participa el Museo del Holocausto, cuyos representantes estuvieron presentes en la apertura de las cajas el viernes \u00faltimo junto con el presidente de la Corte Suprema, Horacio Rosatti, indic\u00f3 la fuente.<\/p>\n\n\n\n<p>De acuerdo a la prensa local, los documentos pertenecen a una causa iniciada en 1941 cuando la Aduana retuvo un cargamento enviado a la embajada alemana en Buenos Aires desde la legaci\u00f3n germana de Tokio.<\/p>\n\n\n\n<p>La entonces Comisi\u00f3n Especial Investigadora de las Actividades Anti-Argentina del Congreso, luego disuelta, solicit\u00f3 la intervenci\u00f3n de la justicia para investigar si las cajas conten\u00edan elementos que pudieran comprometer la pol\u00edtica de neutralidad argentina en la Segunda Guerra Mundial.<\/p>\n\n\n\n<p>En ese contexto las cajas con la documentaci\u00f3n fueron abiertas y quedaron bajo resguardo judicial por d\u00e9cadas.<\/p>\n\n\n\n<p>Despu\u00e9s de la guerra, criminales nazis como Josef Mengele y Adolf Eichmann huyeron hacia Argentina, adem\u00e1s de cientos de colaboracionistas alemanes.<\/p>\n\n\n\n<p>El 1 de abril pasado Argentina envi\u00f3 archivos clasificados a Estados Unidos para colaborar con las investigaciones del Centro Simon Wiesenthal sobre el Holocausto, seg\u00fan inform\u00f3 entonces el ministro de Defensa, Luis Petri.<\/p>\n\n\n\n<p>Se estima que miles de nazis pasaron o se refugiaron en Argentina luego de la guerra.<\/p>\n\n\n\n<p>Los casos m\u00e1s resonantes fueron los de Eichman, capturado en Buenos Aires en 1960 y juzgado y ejecutado en Israel; Mengele, m\u00e9dico conocido por sus experimentos con prisioneros, que se ocult\u00f3 en Argentina y luego huy\u00f3 a Paraguay y Brasil, donde muri\u00f3; y Erich Priebke, responsable de la matanza de las Fosas Ardeatinas en 1944 durante la ocupaci\u00f3n alemana de Italia.<\/p>\n\n\n\n<p>Priebke fue arrestado en Argentina y extraditado a Italia en 1995, donde muri\u00f3 en 2013 en la c\u00e1rcel, purgando una condeno a cadena perpetua.<\/p>\n","protected":false},"excerpt":{"rendered":"<p>Las cajas, siete en total, fueron abiertas el viernes 9 y su contenido resguardado para ser clasificado, documentado y preservado por orden del tribunal supremo para investigar si pueden aportar informaci\u00f3n relevante respecto a sucesos vinculados con el Holocausto o a la fuga de nazis hacia Argentina. La justicia argentina hall\u00f3 cientos de documentos y [&hellip;]<\/p>\n","protected":false},"author":44,"featured_media":108143,"comment_status":"open","ping_status":"open","sticky":false,"template":"","format":"standard","meta":{"tdm_status":"","tdm_grid_status":"","footnotes":""},"categories":[40],"tags":[],"class_list":{"0":"post-108142","1":"post","2":"type-post","3":"status-publish","4":"format-standard","5":"has-post-thumbnail","7":"category-las-asombrosas"},"yoast_head":"<!-- This site is optimized with the Yoast SEO plugin v27.5 - https:\/\/yoast.com\/product\/yoast-seo-wordpress\/ -->\n<title>Hallan documentos nazis en archivos de la Corte Suprema Argentina - Fuentes Fidedignas<\/title>\n<meta name=\"robots\" content=\"index, follow, max-snippet:-1, max-image-preview:large, max-video-preview:-1\" \/>\n<link rel=\"canonical\" href=\"https:\/\/fuentesfidedignas.com.mx\/index.php\/2025\/05\/12\/hallan-documentos-nazis-en-archivos-de-la-corte-suprema-argentina\/\" \/>\n<meta property=\"og:locale\" content=\"es_MX\" \/>\n<meta property=\"og:type\" content=\"article\" \/>\n<meta property=\"og:title\" content=\"Hallan documentos nazis en archivos de la Corte Suprema Argentina - Fuentes Fidedignas\" \/>\n<meta property=\"og:description\" content=\"Las cajas, siete en total, fueron abiertas el viernes 9 y su contenido resguardado para ser clasificado, documentado y preservado por orden del tribunal supremo para investigar si pueden aportar informaci\u00f3n relevante respecto a sucesos vinculados con el Holocausto o a la fuga de nazis hacia Argentina. La justicia argentina hall\u00f3 cientos de documentos y [&hellip;]\" \/>\n<meta property=\"og:url\" content=\"https:\/\/fuentesfidedignas.com.mx\/index.php\/2025\/05\/12\/hallan-documentos-nazis-en-archivos-de-la-corte-suprema-argentina\/\" \/>\n<meta property=\"og:site_name\" content=\"Fuentes Fidedignas\" \/>\n<meta property=\"article:publisher\" content=\"https:\/\/www.facebook.com\/Fuentes-Fidedignas-368234489921644\" \/>\n<meta property=\"article:published_time\" content=\"2025-05-12T12:58:00+00:00\" \/>\n<meta property=\"og:image\" content=\"https:\/\/fuentesfidedignas.com.mx\/wp-content\/uploads\/2025\/05\/AA1EzCTY.jpeg\" \/>\n\t<meta property=\"og:image:width\" content=\"600\" \/>\n\t<meta property=\"og:image:height\" content=\"400\" \/>\n\t<meta property=\"og:image:type\" content=\"image\/jpeg\" \/>\n<meta name=\"author\" content=\"El Economista\" \/>\n<meta name=\"twitter:card\" content=\"summary_large_image\" \/>\n<meta name=\"twitter:creator\" content=\"@fidedignas\" \/>\n<meta name=\"twitter:site\" content=\"@fidedignas\" \/>\n<meta name=\"twitter:label1\" content=\"Escrito por\" \/>\n\t<meta name=\"twitter:data1\" content=\"El Economista\" \/>\n\t<meta name=\"twitter:label2\" content=\"Tiempo de lectura\" \/>\n\t<meta name=\"twitter:data2\" content=\"3 minutos\" \/>\n<script type=\"application\/ld+json\" class=\"yoast-schema-graph\">{\"@context\":\"https:\\\/\\\/schema.org\",\"@graph\":[{\"@type\":\"Article\",\"@id\":\"https:\\\/\\\/fuentesfidedignas.com.mx\\\/index.php\\\/2025\\\/05\\\/12\\\/hallan-documentos-nazis-en-archivos-de-la-corte-suprema-argentina\\\/#article\",\"isPartOf\":{\"@id\":\"https:\\\/\\\/fuentesfidedignas.com.mx\\\/index.php\\\/2025\\\/05\\\/12\\\/hallan-documentos-nazis-en-archivos-de-la-corte-suprema-argentina\\\/\"},\"author\":{\"name\":\"El Economista\",\"@id\":\"https:\\\/\\\/fuentesfidedignas.com.mx\\\/#\\\/schema\\\/person\\\/6af43e831c61354ecb5ffe61c99a9bf1\"},\"headline\":\"Hallan documentos nazis en archivos de la Corte Suprema Argentina\",\"datePublished\":\"2025-05-12T12:58:00+00:00\",\"mainEntityOfPage\":{\"@id\":\"https:\\\/\\\/fuentesfidedignas.com.mx\\\/index.php\\\/2025\\\/05\\\/12\\\/hallan-documentos-nazis-en-archivos-de-la-corte-suprema-argentina\\\/\"},\"wordCount\":549,\"commentCount\":0,\"publisher\":{\"@id\":\"https:\\\/\\\/fuentesfidedignas.com.mx\\\/#organization\"},\"image\":{\"@id\":\"https:\\\/\\\/fuentesfidedignas.com.mx\\\/index.php\\\/2025\\\/05\\\/12\\\/hallan-documentos-nazis-en-archivos-de-la-corte-suprema-argentina\\\/#primaryimage\"},\"thumbnailUrl\":\"https:\\\/\\\/fuentesfidedignas.com.mx\\\/wp-content\\\/uploads\\\/2025\\\/05\\\/AA1EzCTY.jpeg\",\"articleSection\":[\"LAS ASOMBROSAS\"],\"inLanguage\":\"es\",\"potentialAction\":[{\"@type\":\"CommentAction\",\"name\":\"Comment\",\"target\":[\"https:\\\/\\\/fuentesfidedignas.com.mx\\\/index.php\\\/2025\\\/05\\\/12\\\/hallan-documentos-nazis-en-archivos-de-la-corte-suprema-argentina\\\/#respond\"]}]},{\"@type\":\"WebPage\",\"@id\":\"https:\\\/\\\/fuentesfidedignas.com.mx\\\/index.php\\\/2025\\\/05\\\/12\\\/hallan-documentos-nazis-en-archivos-de-la-corte-suprema-argentina\\\/\",\"url\":\"https:\\\/\\\/fuentesfidedignas.com.mx\\\/index.php\\\/2025\\\/05\\\/12\\\/hallan-documentos-nazis-en-archivos-de-la-corte-suprema-argentina\\\/\",\"name\":\"Hallan documentos nazis en archivos de la Corte Suprema Argentina - Fuentes Fidedignas\",\"isPartOf\":{\"@id\":\"https:\\\/\\\/fuentesfidedignas.com.mx\\\/#website\"},\"primaryImageOfPage\":{\"@id\":\"https:\\\/\\\/fuentesfidedignas.com.mx\\\/index.php\\\/2025\\\/05\\\/12\\\/hallan-documentos-nazis-en-archivos-de-la-corte-suprema-argentina\\\/#primaryimage\"},\"image\":{\"@id\":\"https:\\\/\\\/fuentesfidedignas.com.mx\\\/index.php\\\/2025\\\/05\\\/12\\\/hallan-documentos-nazis-en-archivos-de-la-corte-suprema-argentina\\\/#primaryimage\"},\"thumbnailUrl\":\"https:\\\/\\\/fuentesfidedignas.com.mx\\\/wp-content\\\/uploads\\\/2025\\\/05\\\/AA1EzCTY.jpeg\",\"datePublished\":\"2025-05-12T12:58:00+00:00\",\"breadcrumb\":{\"@id\":\"https:\\\/\\\/fuentesfidedignas.com.mx\\\/index.php\\\/2025\\\/05\\\/12\\\/hallan-documentos-nazis-en-archivos-de-la-corte-suprema-argentina\\\/#breadcrumb\"},\"inLanguage\":\"es\",\"potentialAction\":[{\"@type\":\"ReadAction\",\"target\":[\"https:\\\/\\\/fuentesfidedignas.com.mx\\\/index.php\\\/2025\\\/05\\\/12\\\/hallan-documentos-nazis-en-archivos-de-la-corte-suprema-argentina\\\/\"]}]},{\"@type\":\"ImageObject\",\"inLanguage\":\"es\",\"@id\":\"https:\\\/\\\/fuentesfidedignas.com.mx\\\/index.php\\\/2025\\\/05\\\/12\\\/hallan-documentos-nazis-en-archivos-de-la-corte-suprema-argentina\\\/#primaryimage\",\"url\":\"https:\\\/\\\/fuentesfidedignas.com.mx\\\/wp-content\\\/uploads\\\/2025\\\/05\\\/AA1EzCTY.jpeg\",\"contentUrl\":\"https:\\\/\\\/fuentesfidedignas.com.mx\\\/wp-content\\\/uploads\\\/2025\\\/05\\\/AA1EzCTY.jpeg\",\"width\":600,\"height\":400},{\"@type\":\"BreadcrumbList\",\"@id\":\"https:\\\/\\\/fuentesfidedignas.com.mx\\\/index.php\\\/2025\\\/05\\\/12\\\/hallan-documentos-nazis-en-archivos-de-la-corte-suprema-argentina\\\/#breadcrumb\",\"itemListElement\":[{\"@type\":\"ListItem\",\"position\":1,\"name\":\"Inicio\",\"item\":\"https:\\\/\\\/fuentesfidedignas.com.mx\\\/\"},{\"@type\":\"ListItem\",\"position\":2,\"name\":\"Hallan documentos nazis en archivos de la Corte Suprema Argentina\"}]},{\"@type\":\"WebSite\",\"@id\":\"https:\\\/\\\/fuentesfidedignas.com.mx\\\/#website\",\"url\":\"https:\\\/\\\/fuentesfidedignas.com.mx\\\/\",\"name\":\"Fuentes Fidedignas\",\"description\":\"Otro sitio realizado con WordPress\",\"publisher\":{\"@id\":\"https:\\\/\\\/fuentesfidedignas.com.mx\\\/#organization\"},\"potentialAction\":[{\"@type\":\"SearchAction\",\"target\":{\"@type\":\"EntryPoint\",\"urlTemplate\":\"https:\\\/\\\/fuentesfidedignas.com.mx\\\/?s={search_term_string}\"},\"query-input\":{\"@type\":\"PropertyValueSpecification\",\"valueRequired\":true,\"valueName\":\"search_term_string\"}}],\"inLanguage\":\"es\"},{\"@type\":\"Organization\",\"@id\":\"https:\\\/\\\/fuentesfidedignas.com.mx\\\/#organization\",\"name\":\"Fuentes Fidedignas\",\"url\":\"https:\\\/\\\/fuentesfidedignas.com.mx\\\/\",\"logo\":{\"@type\":\"ImageObject\",\"inLanguage\":\"es\",\"@id\":\"https:\\\/\\\/fuentesfidedignas.com.mx\\\/#\\\/schema\\\/logo\\\/image\\\/\",\"url\":\"https:\\\/\\\/fuentesfidedignas.com.mx\\\/wp-content\\\/uploads\\\/2021\\\/04\\\/logo-retina.png\",\"contentUrl\":\"https:\\\/\\\/fuentesfidedignas.com.mx\\\/wp-content\\\/uploads\\\/2021\\\/04\\\/logo-retina.png\",\"width\":280,\"height\":51,\"caption\":\"Fuentes Fidedignas\"},\"image\":{\"@id\":\"https:\\\/\\\/fuentesfidedignas.com.mx\\\/#\\\/schema\\\/logo\\\/image\\\/\"},\"sameAs\":[\"https:\\\/\\\/www.facebook.com\\\/Fuentes-Fidedignas-368234489921644\",\"https:\\\/\\\/x.com\\\/fidedignas\"]},{\"@type\":\"Person\",\"@id\":\"https:\\\/\\\/fuentesfidedignas.com.mx\\\/#\\\/schema\\\/person\\\/6af43e831c61354ecb5ffe61c99a9bf1\",\"name\":\"El Economista\",\"image\":{\"@type\":\"ImageObject\",\"inLanguage\":\"es\",\"@id\":\"https:\\\/\\\/secure.gravatar.com\\\/avatar\\\/cdb633edc72997b061038aff7c4738bf3a38a4e4089c4c7ba9509ccee48b1447?s=96&d=mm&r=g\",\"url\":\"https:\\\/\\\/secure.gravatar.com\\\/avatar\\\/cdb633edc72997b061038aff7c4738bf3a38a4e4089c4c7ba9509ccee48b1447?s=96&d=mm&r=g\",\"contentUrl\":\"https:\\\/\\\/secure.gravatar.com\\\/avatar\\\/cdb633edc72997b061038aff7c4738bf3a38a4e4089c4c7ba9509ccee48b1447?s=96&d=mm&r=g\",\"caption\":\"El Economista\"},\"url\":\"https:\\\/\\\/fuentesfidedignas.com.mx\\\/index.php\\\/author\\\/economista\\\/\"}]}<\/script>\n<!-- \/ Yoast SEO plugin. -->","yoast_head_json":{"title":"Hallan documentos nazis en archivos de la Corte Suprema Argentina - Fuentes Fidedignas","robots":{"index":"index","follow":"follow","max-snippet":"max-snippet:-1","max-image-preview":"max-image-preview:large","max-video-preview":"max-video-preview:-1"},"canonical":"https:\/\/fuentesfidedignas.com.mx\/index.php\/2025\/05\/12\/hallan-documentos-nazis-en-archivos-de-la-corte-suprema-argentina\/","og_locale":"es_MX","og_type":"article","og_title":"Hallan documentos nazis en archivos de la Corte Suprema Argentina - Fuentes Fidedignas","og_description":"Las cajas, siete en total, fueron abiertas el viernes 9 y su contenido resguardado para ser clasificado, documentado y preservado por orden del tribunal supremo para investigar si pueden aportar informaci\u00f3n relevante respecto a sucesos vinculados con el Holocausto o a la fuga de nazis hacia Argentina. La justicia argentina hall\u00f3 cientos de documentos y [&hellip;]","og_url":"https:\/\/fuentesfidedignas.com.mx\/index.php\/2025\/05\/12\/hallan-documentos-nazis-en-archivos-de-la-corte-suprema-argentina\/","og_site_name":"Fuentes Fidedignas","article_publisher":"https:\/\/www.facebook.com\/Fuentes-Fidedignas-368234489921644","article_published_time":"2025-05-12T12:58:00+00:00","og_image":[{"width":600,"height":400,"url":"https:\/\/fuentesfidedignas.com.mx\/wp-content\/uploads\/2025\/05\/AA1EzCTY.jpeg","type":"image\/jpeg"}],"author":"El Economista","twitter_card":"summary_large_image","twitter_creator":"@fidedignas","twitter_site":"@fidedignas","twitter_misc":{"Escrito por":"El Economista","Tiempo de lectura":"3 minutos"},"schema":{"@context":"https:\/\/schema.org","@graph":[{"@type":"Article","@id":"https:\/\/fuentesfidedignas.com.mx\/index.php\/2025\/05\/12\/hallan-documentos-nazis-en-archivos-de-la-corte-suprema-argentina\/#article","isPartOf":{"@id":"https:\/\/fuentesfidedignas.com.mx\/index.php\/2025\/05\/12\/hallan-documentos-nazis-en-archivos-de-la-corte-suprema-argentina\/"},"author":{"name":"El Economista","@id":"https:\/\/fuentesfidedignas.com.mx\/#\/schema\/person\/6af43e831c61354ecb5ffe61c99a9bf1"},"headline":"Hallan documentos nazis en archivos de la Corte Suprema Argentina","datePublished":"2025-05-12T12:58:00+00:00","mainEntityOfPage":{"@id":"https:\/\/fuentesfidedignas.com.mx\/index.php\/2025\/05\/12\/hallan-documentos-nazis-en-archivos-de-la-corte-suprema-argentina\/"},"wordCount":549,"commentCount":0,"publisher":{"@id":"https:\/\/fuentesfidedignas.com.mx\/#organization"},"image":{"@id":"https:\/\/fuentesfidedignas.com.mx\/index.php\/2025\/05\/12\/hallan-documentos-nazis-en-archivos-de-la-corte-suprema-argentina\/#primaryimage"},"thumbnailUrl":"https:\/\/fuentesfidedignas.com.mx\/wp-content\/uploads\/2025\/05\/AA1EzCTY.jpeg","articleSection":["LAS ASOMBROSAS"],"inLanguage":"es","potentialAction":[{"@type":"CommentAction","name":"Comment","target":["https:\/\/fuentesfidedignas.com.mx\/index.php\/2025\/05\/12\/hallan-documentos-nazis-en-archivos-de-la-corte-suprema-argentina\/#respond"]}]},{"@type":"WebPage","@id":"https:\/\/fuentesfidedignas.com.mx\/index.php\/2025\/05\/12\/hallan-documentos-nazis-en-archivos-de-la-corte-suprema-argentina\/","url":"https:\/\/fuentesfidedignas.com.mx\/index.php\/2025\/05\/12\/hallan-documentos-nazis-en-archivos-de-la-corte-suprema-argentina\/","name":"Hallan documentos nazis en archivos de la Corte Suprema Argentina - Fuentes Fidedignas","isPartOf":{"@id":"https:\/\/fuentesfidedignas.com.mx\/#website"},"primaryImageOfPage":{"@id":"https:\/\/fuentesfidedignas.com.mx\/index.php\/2025\/05\/12\/hallan-documentos-nazis-en-archivos-de-la-corte-suprema-argentina\/#primaryimage"},"image":{"@id":"https:\/\/fuentesfidedignas.com.mx\/index.php\/2025\/05\/12\/hallan-documentos-nazis-en-archivos-de-la-corte-suprema-argentina\/#primaryimage"},"thumbnailUrl":"https:\/\/fuentesfidedignas.com.mx\/wp-content\/uploads\/2025\/05\/AA1EzCTY.jpeg","datePublished":"2025-05-12T12:58:00+00:00","breadcrumb":{"@id":"https:\/\/fuentesfidedignas.com.mx\/index.php\/2025\/05\/12\/hallan-documentos-nazis-en-archivos-de-la-corte-suprema-argentina\/#breadcrumb"},"inLanguage":"es","potentialAction":[{"@type":"ReadAction","target":["https:\/\/fuentesfidedignas.com.mx\/index.php\/2025\/05\/12\/hallan-documentos-nazis-en-archivos-de-la-corte-suprema-argentina\/"]}]},{"@type":"ImageObject","inLanguage":"es","@id":"https:\/\/fuentesfidedignas.com.mx\/index.php\/2025\/05\/12\/hallan-documentos-nazis-en-archivos-de-la-corte-suprema-argentina\/#primaryimage","url":"https:\/\/fuentesfidedignas.com.mx\/wp-content\/uploads\/2025\/05\/AA1EzCTY.jpeg","contentUrl":"https:\/\/fuentesfidedignas.com.mx\/wp-content\/uploads\/2025\/05\/AA1EzCTY.jpeg","width":600,"height":400},{"@type":"BreadcrumbList","@id":"https:\/\/fuentesfidedignas.com.mx\/index.php\/2025\/05\/12\/hallan-documentos-nazis-en-archivos-de-la-corte-suprema-argentina\/#breadcrumb","itemListElement":[{"@type":"ListItem","position":1,"name":"Inicio","item":"https:\/\/fuentesfidedignas.com.mx\/"},{"@type":"ListItem","position":2,"name":"Hallan documentos nazis en archivos de la Corte Suprema Argentina"}]},{"@type":"WebSite","@id":"https:\/\/fuentesfidedignas.com.mx\/#website","url":"https:\/\/fuentesfidedignas.com.mx\/","name":"Fuentes Fidedignas","description":"Otro sitio realizado con WordPress","publisher":{"@id":"https:\/\/fuentesfidedignas.com.mx\/#organization"},"potentialAction":[{"@type":"SearchAction","target":{"@type":"EntryPoint","urlTemplate":"https:\/\/fuentesfidedignas.com.mx\/?s={search_term_string}"},"query-input":{"@type":"PropertyValueSpecification","valueRequired":true,"valueName":"search_term_string"}}],"inLanguage":"es"},{"@type":"Organization","@id":"https:\/\/fuentesfidedignas.com.mx\/#organization","name":"Fuentes Fidedignas","url":"https:\/\/fuentesfidedignas.com.mx\/","logo":{"@type":"ImageObject","inLanguage":"es","@id":"https:\/\/fuentesfidedignas.com.mx\/#\/schema\/logo\/image\/","url":"https:\/\/fuentesfidedignas.com.mx\/wp-content\/uploads\/2021\/04\/logo-retina.png","contentUrl":"https:\/\/fuentesfidedignas.com.mx\/wp-content\/uploads\/2021\/04\/logo-retina.png","width":280,"height":51,"caption":"Fuentes Fidedignas"},"image":{"@id":"https:\/\/fuentesfidedignas.com.mx\/#\/schema\/logo\/image\/"},"sameAs":["https:\/\/www.facebook.com\/Fuentes-Fidedignas-368234489921644","https:\/\/x.com\/fidedignas"]},{"@type":"Person","@id":"https:\/\/fuentesfidedignas.com.mx\/#\/schema\/person\/6af43e831c61354ecb5ffe61c99a9bf1","name":"El Economista","image":{"@type":"ImageObject","inLanguage":"es","@id":"https:\/\/secure.gravatar.com\/avatar\/cdb633edc72997b061038aff7c4738bf3a38a4e4089c4c7ba9509ccee48b1447?s=96&d=mm&r=g","url":"https:\/\/secure.gravatar.com\/avatar\/cdb633edc72997b061038aff7c4738bf3a38a4e4089c4c7ba9509ccee48b1447?s=96&d=mm&r=g","contentUrl":"https:\/\/secure.gravatar.com\/avatar\/cdb633edc72997b061038aff7c4738bf3a38a4e4089c4c7ba9509ccee48b1447?s=96&d=mm&r=g","caption":"El Economista"},"url":"https:\/\/fuentesfidedignas.com.mx\/index.php\/author\/economista\/"}]}},"_links":{"self":[{"href":"https:\/\/fuentesfidedignas.com.mx\/index.php\/wp-json\/wp\/v2\/posts\/108142","targetHints":{"allow":["GET"]}}],"collection":[{"href":"https:\/\/fuentesfidedignas.com.mx\/index.php\/wp-json\/wp\/v2\/posts"}],"about":[{"href":"https:\/\/fuentesfidedignas.com.mx\/index.php\/wp-json\/wp\/v2\/types\/post"}],"author":[{"embeddable":true,"href":"https:\/\/fuentesfidedignas.com.mx\/index.php\/wp-json\/wp\/v2\/users\/44"}],"replies":[{"embeddable":true,"href":"https:\/\/fuentesfidedignas.com.mx\/index.php\/wp-json\/wp\/v2\/comments?post=108142"}],"version-history":[{"count":1,"href":"https:\/\/fuentesfidedignas.com.mx\/index.php\/wp-json\/wp\/v2\/posts\/108142\/revisions"}],"predecessor-version":[{"id":108144,"href":"https:\/\/fuentesfidedignas.com.mx\/index.php\/wp-json\/wp\/v2\/posts\/108142\/revisions\/108144"}],"wp:featuredmedia":[{"embeddable":true,"href":"https:\/\/fuentesfidedignas.com.mx\/index.php\/wp-json\/wp\/v2\/media\/108143"}],"wp:attachment":[{"href":"https:\/\/fuentesfidedignas.com.mx\/index.php\/wp-json\/wp\/v2\/media?parent=108142"}],"wp:term":[{"taxonomy":"category","embeddable":true,"href":"https:\/\/fuentesfidedignas.com.mx\/index.php\/wp-json\/wp\/v2\/categories?post=108142"},{"taxonomy":"post_tag","embeddable":true,"href":"https:\/\/fuentesfidedignas.com.mx\/index.php\/wp-json\/wp\/v2\/tags?post=108142"}],"curies":[{"name":"wp","href":"https:\/\/api.w.org\/{rel}","templated":true}]}}