{"id":108105,"date":"2025-05-11T11:21:38","date_gmt":"2025-05-11T18:21:38","guid":{"rendered":"https:\/\/fuentesfidedignas.com.mx\/?p=108105"},"modified":"2025-05-11T11:21:41","modified_gmt":"2025-05-11T18:21:41","slug":"gobierno-de-eu-revoca-visas-de-turista-a-gobernadora-de-bc-y-su-esposo","status":"publish","type":"post","link":"https:\/\/fuentesfidedignas.com.mx\/index.php\/2025\/05\/11\/gobierno-de-eu-revoca-visas-de-turista-a-gobernadora-de-bc-y-su-esposo\/","title":{"rendered":"Gobierno de EU revoca visas de turista a gobernadora de BC y su esposo"},"content":{"rendered":"\n<p><strong><em>La mandataria estatal advirti\u00f3 que su esposo enfrentaba una situaci\u00f3n y \u201ccomo en toda vida compartida, esa circunstancia tambi\u00e9n me ha alcanzado\u201d.<\/em><\/strong><\/p>\n\n\n\n<p>La gobernadora de Baja California, Marina del Pilar \u00c1vila Olmeda, y su esposo, Carlos Torres Torres, confirmaron que el gobierno de los Estados Unidos les revoc\u00f3 sus visas de turista.<\/p>\n\n\n\n<p>El primero en dar a conocerlo fue Torres Torres, encargado de proyectos estrat\u00e9gicos del gobierno estatal y de los ayuntamientos de Tijuana y Mexicali.<\/p>\n\n\n\n<p>En sus redes sociales, public\u00f3 que fue notificado \u201cpor autoridades consulares de Estados Unidos sobre la revocaci\u00f3n de mi visa de no inmigrante\u201d, y que la medida responde a \u201cdisposiciones internas del Departamento de Estado\u201d.<\/p>\n\n\n\n<p>M\u00e1s tarde, la mandataria estatal inform\u00f3 que tambi\u00e9n recibi\u00f3 una notificaci\u00f3n similar.<\/p>\n\n\n\n<p>\u201cMi esposo, Carlos, ha enfrentado una situaci\u00f3n, y como en toda vida compartida, esa circunstancia tambi\u00e9n me ha alcanzado\u201d, escribi\u00f3 \u00c1vila Olmeda, quien est\u00e1 por cumplir cuatro a\u00f1os al frente de su administraci\u00f3n.<\/p>\n\n\n\n<p>\u201cEstoy segura y conf\u00edo plenamente que la situaci\u00f3n se va a aclarar satisfactoriamente para ambos\u201d, refiri\u00f3. Adem\u00e1s, reiter\u00f3 que lo respalda en lo personal, moral y pol\u00edtico. \u201cPorque s\u00e9 qui\u00e9n es y porque nunca ha dejado de dar la cara ni de asumir con responsabilidad lo que no le toca\u201d, agreg\u00f3.<\/p>\n\n\n\n<blockquote class=\"twitter-tweet\"><p lang=\"es\" dir=\"ltr\">En estos d\u00edas he sido testigo, una vez m\u00e1s, de lo que verdaderamente significa el amor, la entereza y la lealtad.<br>Mi esposo, Carlos, ha enfrentado una situaci\u00f3n, y como en toda vida compartida, esa circunstancia tambi\u00e9n me ha alcanzado.<br>Poco tiempo despu\u00e9s de la medida consular\u2026<\/p>&mdash; Marina del Pilar (@MarinadelPilar) <a href=\"https:\/\/twitter.com\/MarinadelPilar\/status\/1921448213120262398?ref_src=twsrc%5Etfw\">May 11, 2025<\/a><\/blockquote> <script async src=\"https:\/\/platform.twitter.com\/widgets.js\" charset=\"utf-8\"><\/script>\n\n\n\n<p>Afirm\u00f3 que este episodio ocurre en un contexto binacional complejo que requiere templanza, y garantiz\u00f3 que seguir\u00e1 gobernando con firmeza.<\/p>\n\n\n\n<p>\u201cMi gobierno seguir\u00e1 trabajando incansablemente para atender los retos que enfrentamos en beneficio de las y los bajacalifornianos\u201d, concluy\u00f3.<\/p>\n\n\n\n<p>Apenas el pasado 26 de abril, la gobernadora asisti\u00f3 a la ciudad de San Diego, California, Estados Unidos, a la inauguraci\u00f3n del\u00a0Tianguis Tur\u00edstico 2025, que se realiz\u00f3 en Baja California y el viernes pasado se reuni\u00f3 con el c\u00f3nsul de Estados Unidos en Tijuana.<\/p>\n\n\n\n<p>Por su parte, Torres Torres aclar\u00f3 que el procedimiento no implica acusaci\u00f3n o investigaci\u00f3n, y que ya inici\u00f3 tr\u00e1mites legales para revertirlo.<\/p>\n\n\n\n<p>\u201cLamento profundamente que esta situaci\u00f3n haya tenido consecuencias para mi esposa, Marina del Pilar, quien \u2014a pesar de no haber provocado nada\u2014 la ha enfrentado con serenidad, firmeza y sin perder nunca la empat\u00eda que la define\u201d, indic\u00f3.<\/p>\n\n\n\n<p>Hasta el momento, Morena en la entidad, partido en el que militan ambos, no ha emitido ning\u00fan pronunciamiento oficial.<\/p>\n\n\n\n<p><\/p>\n","protected":false},"excerpt":{"rendered":"<p>La mandataria estatal advirti\u00f3 que su esposo enfrentaba una situaci\u00f3n y \u201ccomo en toda vida compartida, esa circunstancia tambi\u00e9n me ha alcanzado\u201d. La gobernadora de Baja California, Marina del Pilar \u00c1vila Olmeda, y su esposo, Carlos Torres Torres, confirmaron que el gobierno de los Estados Unidos les revoc\u00f3 sus visas de turista. El primero en [&hellip;]<\/p>\n","protected":false},"author":9,"featured_media":108106,"comment_status":"open","ping_status":"open","sticky":false,"template":"","format":"standard","meta":{"tdm_status":"","tdm_grid_status":"","footnotes":""},"categories":[39],"tags":[],"class_list":{"0":"post-108105","1":"post","2":"type-post","3":"status-publish","4":"format-standard","5":"has-post-thumbnail","7":"category-noticias-nacionales"},"yoast_head":"<!-- This site is optimized with the Yoast SEO plugin v27.4 - https:\/\/yoast.com\/product\/yoast-seo-wordpress\/ -->\n<title>Gobierno de EU revoca visas de turista a gobernadora de BC y su esposo - Fuentes Fidedignas<\/title>\n<meta name=\"robots\" content=\"index, follow, max-snippet:-1, max-image-preview:large, max-video-preview:-1\" \/>\n<link rel=\"canonical\" href=\"https:\/\/fuentesfidedignas.com.mx\/index.php\/2025\/05\/11\/gobierno-de-eu-revoca-visas-de-turista-a-gobernadora-de-bc-y-su-esposo\/\" \/>\n<meta property=\"og:locale\" content=\"es_MX\" \/>\n<meta property=\"og:type\" content=\"article\" \/>\n<meta property=\"og:title\" content=\"Gobierno de EU revoca visas de turista a gobernadora de BC y su esposo - Fuentes Fidedignas\" \/>\n<meta property=\"og:description\" content=\"La mandataria estatal advirti\u00f3 que su esposo enfrentaba una situaci\u00f3n y \u201ccomo en toda vida compartida, esa circunstancia tambi\u00e9n me ha alcanzado\u201d. La gobernadora de Baja California, Marina del Pilar \u00c1vila Olmeda, y su esposo, Carlos Torres Torres, confirmaron que el gobierno de los Estados Unidos les revoc\u00f3 sus visas de turista. El primero en [&hellip;]\" \/>\n<meta property=\"og:url\" content=\"https:\/\/fuentesfidedignas.com.mx\/index.php\/2025\/05\/11\/gobierno-de-eu-revoca-visas-de-turista-a-gobernadora-de-bc-y-su-esposo\/\" \/>\n<meta property=\"og:site_name\" content=\"Fuentes Fidedignas\" \/>\n<meta property=\"article:publisher\" content=\"https:\/\/www.facebook.com\/Fuentes-Fidedignas-368234489921644\" \/>\n<meta property=\"article:published_time\" content=\"2025-05-11T18:21:38+00:00\" \/>\n<meta property=\"article:modified_time\" content=\"2025-05-11T18:21:41+00:00\" \/>\n<meta property=\"og:image\" content=\"https:\/\/fuentesfidedignas.com.mx\/wp-content\/uploads\/2025\/05\/gobernadora-BC.jpg\" \/>\n\t<meta property=\"og:image:width\" content=\"600\" \/>\n\t<meta property=\"og:image:height\" content=\"344\" \/>\n\t<meta property=\"og:image:type\" content=\"image\/jpeg\" \/>\n<meta name=\"author\" content=\"Milenio\" \/>\n<meta name=\"twitter:card\" content=\"summary_large_image\" \/>\n<meta name=\"twitter:creator\" content=\"@fidedignas\" \/>\n<meta name=\"twitter:site\" content=\"@fidedignas\" \/>\n<meta name=\"twitter:label1\" content=\"Escrito por\" \/>\n\t<meta name=\"twitter:data1\" content=\"Milenio\" \/>\n\t<meta name=\"twitter:label2\" content=\"Tiempo de lectura\" \/>\n\t<meta name=\"twitter:data2\" content=\"2 minutos\" \/>\n<script type=\"application\/ld+json\" class=\"yoast-schema-graph\">{\"@context\":\"https:\\\/\\\/schema.org\",\"@graph\":[{\"@type\":\"Article\",\"@id\":\"https:\\\/\\\/fuentesfidedignas.com.mx\\\/index.php\\\/2025\\\/05\\\/11\\\/gobierno-de-eu-revoca-visas-de-turista-a-gobernadora-de-bc-y-su-esposo\\\/#article\",\"isPartOf\":{\"@id\":\"https:\\\/\\\/fuentesfidedignas.com.mx\\\/index.php\\\/2025\\\/05\\\/11\\\/gobierno-de-eu-revoca-visas-de-turista-a-gobernadora-de-bc-y-su-esposo\\\/\"},\"author\":{\"name\":\"Milenio\",\"@id\":\"https:\\\/\\\/fuentesfidedignas.com.mx\\\/#\\\/schema\\\/person\\\/47ec0135738f4b0c7495f06a77a2c976\"},\"headline\":\"Gobierno de EU revoca visas de turista a gobernadora de BC y su esposo\",\"datePublished\":\"2025-05-11T18:21:38+00:00\",\"dateModified\":\"2025-05-11T18:21:41+00:00\",\"mainEntityOfPage\":{\"@id\":\"https:\\\/\\\/fuentesfidedignas.com.mx\\\/index.php\\\/2025\\\/05\\\/11\\\/gobierno-de-eu-revoca-visas-de-turista-a-gobernadora-de-bc-y-su-esposo\\\/\"},\"wordCount\":465,\"commentCount\":0,\"publisher\":{\"@id\":\"https:\\\/\\\/fuentesfidedignas.com.mx\\\/#organization\"},\"image\":{\"@id\":\"https:\\\/\\\/fuentesfidedignas.com.mx\\\/index.php\\\/2025\\\/05\\\/11\\\/gobierno-de-eu-revoca-visas-de-turista-a-gobernadora-de-bc-y-su-esposo\\\/#primaryimage\"},\"thumbnailUrl\":\"https:\\\/\\\/fuentesfidedignas.com.mx\\\/wp-content\\\/uploads\\\/2025\\\/05\\\/gobernadora-BC.jpg\",\"articleSection\":[\"NOTICIAS NACIONALES\"],\"inLanguage\":\"es\",\"potentialAction\":[{\"@type\":\"CommentAction\",\"name\":\"Comment\",\"target\":[\"https:\\\/\\\/fuentesfidedignas.com.mx\\\/index.php\\\/2025\\\/05\\\/11\\\/gobierno-de-eu-revoca-visas-de-turista-a-gobernadora-de-bc-y-su-esposo\\\/#respond\"]}]},{\"@type\":\"WebPage\",\"@id\":\"https:\\\/\\\/fuentesfidedignas.com.mx\\\/index.php\\\/2025\\\/05\\\/11\\\/gobierno-de-eu-revoca-visas-de-turista-a-gobernadora-de-bc-y-su-esposo\\\/\",\"url\":\"https:\\\/\\\/fuentesfidedignas.com.mx\\\/index.php\\\/2025\\\/05\\\/11\\\/gobierno-de-eu-revoca-visas-de-turista-a-gobernadora-de-bc-y-su-esposo\\\/\",\"name\":\"Gobierno de EU revoca visas de turista a gobernadora de BC y su esposo - Fuentes Fidedignas\",\"isPartOf\":{\"@id\":\"https:\\\/\\\/fuentesfidedignas.com.mx\\\/#website\"},\"primaryImageOfPage\":{\"@id\":\"https:\\\/\\\/fuentesfidedignas.com.mx\\\/index.php\\\/2025\\\/05\\\/11\\\/gobierno-de-eu-revoca-visas-de-turista-a-gobernadora-de-bc-y-su-esposo\\\/#primaryimage\"},\"image\":{\"@id\":\"https:\\\/\\\/fuentesfidedignas.com.mx\\\/index.php\\\/2025\\\/05\\\/11\\\/gobierno-de-eu-revoca-visas-de-turista-a-gobernadora-de-bc-y-su-esposo\\\/#primaryimage\"},\"thumbnailUrl\":\"https:\\\/\\\/fuentesfidedignas.com.mx\\\/wp-content\\\/uploads\\\/2025\\\/05\\\/gobernadora-BC.jpg\",\"datePublished\":\"2025-05-11T18:21:38+00:00\",\"dateModified\":\"2025-05-11T18:21:41+00:00\",\"breadcrumb\":{\"@id\":\"https:\\\/\\\/fuentesfidedignas.com.mx\\\/index.php\\\/2025\\\/05\\\/11\\\/gobierno-de-eu-revoca-visas-de-turista-a-gobernadora-de-bc-y-su-esposo\\\/#breadcrumb\"},\"inLanguage\":\"es\",\"potentialAction\":[{\"@type\":\"ReadAction\",\"target\":[\"https:\\\/\\\/fuentesfidedignas.com.mx\\\/index.php\\\/2025\\\/05\\\/11\\\/gobierno-de-eu-revoca-visas-de-turista-a-gobernadora-de-bc-y-su-esposo\\\/\"]}]},{\"@type\":\"ImageObject\",\"inLanguage\":\"es\",\"@id\":\"https:\\\/\\\/fuentesfidedignas.com.mx\\\/index.php\\\/2025\\\/05\\\/11\\\/gobierno-de-eu-revoca-visas-de-turista-a-gobernadora-de-bc-y-su-esposo\\\/#primaryimage\",\"url\":\"https:\\\/\\\/fuentesfidedignas.com.mx\\\/wp-content\\\/uploads\\\/2025\\\/05\\\/gobernadora-BC.jpg\",\"contentUrl\":\"https:\\\/\\\/fuentesfidedignas.com.mx\\\/wp-content\\\/uploads\\\/2025\\\/05\\\/gobernadora-BC.jpg\",\"width\":600,\"height\":344},{\"@type\":\"BreadcrumbList\",\"@id\":\"https:\\\/\\\/fuentesfidedignas.com.mx\\\/index.php\\\/2025\\\/05\\\/11\\\/gobierno-de-eu-revoca-visas-de-turista-a-gobernadora-de-bc-y-su-esposo\\\/#breadcrumb\",\"itemListElement\":[{\"@type\":\"ListItem\",\"position\":1,\"name\":\"Inicio\",\"item\":\"https:\\\/\\\/fuentesfidedignas.com.mx\\\/\"},{\"@type\":\"ListItem\",\"position\":2,\"name\":\"Gobierno de EU revoca visas de turista a gobernadora de BC y su esposo\"}]},{\"@type\":\"WebSite\",\"@id\":\"https:\\\/\\\/fuentesfidedignas.com.mx\\\/#website\",\"url\":\"https:\\\/\\\/fuentesfidedignas.com.mx\\\/\",\"name\":\"Fuentes Fidedignas\",\"description\":\"Otro sitio realizado con WordPress\",\"publisher\":{\"@id\":\"https:\\\/\\\/fuentesfidedignas.com.mx\\\/#organization\"},\"potentialAction\":[{\"@type\":\"SearchAction\",\"target\":{\"@type\":\"EntryPoint\",\"urlTemplate\":\"https:\\\/\\\/fuentesfidedignas.com.mx\\\/?s={search_term_string}\"},\"query-input\":{\"@type\":\"PropertyValueSpecification\",\"valueRequired\":true,\"valueName\":\"search_term_string\"}}],\"inLanguage\":\"es\"},{\"@type\":\"Organization\",\"@id\":\"https:\\\/\\\/fuentesfidedignas.com.mx\\\/#organization\",\"name\":\"Fuentes Fidedignas\",\"url\":\"https:\\\/\\\/fuentesfidedignas.com.mx\\\/\",\"logo\":{\"@type\":\"ImageObject\",\"inLanguage\":\"es\",\"@id\":\"https:\\\/\\\/fuentesfidedignas.com.mx\\\/#\\\/schema\\\/logo\\\/image\\\/\",\"url\":\"https:\\\/\\\/fuentesfidedignas.com.mx\\\/wp-content\\\/uploads\\\/2021\\\/04\\\/logo-retina.png\",\"contentUrl\":\"https:\\\/\\\/fuentesfidedignas.com.mx\\\/wp-content\\\/uploads\\\/2021\\\/04\\\/logo-retina.png\",\"width\":280,\"height\":51,\"caption\":\"Fuentes Fidedignas\"},\"image\":{\"@id\":\"https:\\\/\\\/fuentesfidedignas.com.mx\\\/#\\\/schema\\\/logo\\\/image\\\/\"},\"sameAs\":[\"https:\\\/\\\/www.facebook.com\\\/Fuentes-Fidedignas-368234489921644\",\"https:\\\/\\\/x.com\\\/fidedignas\"]},{\"@type\":\"Person\",\"@id\":\"https:\\\/\\\/fuentesfidedignas.com.mx\\\/#\\\/schema\\\/person\\\/47ec0135738f4b0c7495f06a77a2c976\",\"name\":\"Milenio\",\"image\":{\"@type\":\"ImageObject\",\"inLanguage\":\"es\",\"@id\":\"https:\\\/\\\/secure.gravatar.com\\\/avatar\\\/acabf7b54753e51c2c76457954577c236b3b764789b19879565769739d1e4a75?s=96&d=mm&r=g\",\"url\":\"https:\\\/\\\/secure.gravatar.com\\\/avatar\\\/acabf7b54753e51c2c76457954577c236b3b764789b19879565769739d1e4a75?s=96&d=mm&r=g\",\"contentUrl\":\"https:\\\/\\\/secure.gravatar.com\\\/avatar\\\/acabf7b54753e51c2c76457954577c236b3b764789b19879565769739d1e4a75?s=96&d=mm&r=g\",\"caption\":\"Milenio\"},\"url\":\"https:\\\/\\\/fuentesfidedignas.com.mx\\\/index.php\\\/author\\\/milenio\\\/\"}]}<\/script>\n<!-- \/ Yoast SEO plugin. -->","yoast_head_json":{"title":"Gobierno de EU revoca visas de turista a gobernadora de BC y su esposo - Fuentes Fidedignas","robots":{"index":"index","follow":"follow","max-snippet":"max-snippet:-1","max-image-preview":"max-image-preview:large","max-video-preview":"max-video-preview:-1"},"canonical":"https:\/\/fuentesfidedignas.com.mx\/index.php\/2025\/05\/11\/gobierno-de-eu-revoca-visas-de-turista-a-gobernadora-de-bc-y-su-esposo\/","og_locale":"es_MX","og_type":"article","og_title":"Gobierno de EU revoca visas de turista a gobernadora de BC y su esposo - Fuentes Fidedignas","og_description":"La mandataria estatal advirti\u00f3 que su esposo enfrentaba una situaci\u00f3n y \u201ccomo en toda vida compartida, esa circunstancia tambi\u00e9n me ha alcanzado\u201d. La gobernadora de Baja California, Marina del Pilar \u00c1vila Olmeda, y su esposo, Carlos Torres Torres, confirmaron que el gobierno de los Estados Unidos les revoc\u00f3 sus visas de turista. El primero en [&hellip;]","og_url":"https:\/\/fuentesfidedignas.com.mx\/index.php\/2025\/05\/11\/gobierno-de-eu-revoca-visas-de-turista-a-gobernadora-de-bc-y-su-esposo\/","og_site_name":"Fuentes Fidedignas","article_publisher":"https:\/\/www.facebook.com\/Fuentes-Fidedignas-368234489921644","article_published_time":"2025-05-11T18:21:38+00:00","article_modified_time":"2025-05-11T18:21:41+00:00","og_image":[{"width":600,"height":344,"url":"https:\/\/fuentesfidedignas.com.mx\/wp-content\/uploads\/2025\/05\/gobernadora-BC.jpg","type":"image\/jpeg"}],"author":"Milenio","twitter_card":"summary_large_image","twitter_creator":"@fidedignas","twitter_site":"@fidedignas","twitter_misc":{"Escrito por":"Milenio","Tiempo de lectura":"2 minutos"},"schema":{"@context":"https:\/\/schema.org","@graph":[{"@type":"Article","@id":"https:\/\/fuentesfidedignas.com.mx\/index.php\/2025\/05\/11\/gobierno-de-eu-revoca-visas-de-turista-a-gobernadora-de-bc-y-su-esposo\/#article","isPartOf":{"@id":"https:\/\/fuentesfidedignas.com.mx\/index.php\/2025\/05\/11\/gobierno-de-eu-revoca-visas-de-turista-a-gobernadora-de-bc-y-su-esposo\/"},"author":{"name":"Milenio","@id":"https:\/\/fuentesfidedignas.com.mx\/#\/schema\/person\/47ec0135738f4b0c7495f06a77a2c976"},"headline":"Gobierno de EU revoca visas de turista a gobernadora de BC y su esposo","datePublished":"2025-05-11T18:21:38+00:00","dateModified":"2025-05-11T18:21:41+00:00","mainEntityOfPage":{"@id":"https:\/\/fuentesfidedignas.com.mx\/index.php\/2025\/05\/11\/gobierno-de-eu-revoca-visas-de-turista-a-gobernadora-de-bc-y-su-esposo\/"},"wordCount":465,"commentCount":0,"publisher":{"@id":"https:\/\/fuentesfidedignas.com.mx\/#organization"},"image":{"@id":"https:\/\/fuentesfidedignas.com.mx\/index.php\/2025\/05\/11\/gobierno-de-eu-revoca-visas-de-turista-a-gobernadora-de-bc-y-su-esposo\/#primaryimage"},"thumbnailUrl":"https:\/\/fuentesfidedignas.com.mx\/wp-content\/uploads\/2025\/05\/gobernadora-BC.jpg","articleSection":["NOTICIAS NACIONALES"],"inLanguage":"es","potentialAction":[{"@type":"CommentAction","name":"Comment","target":["https:\/\/fuentesfidedignas.com.mx\/index.php\/2025\/05\/11\/gobierno-de-eu-revoca-visas-de-turista-a-gobernadora-de-bc-y-su-esposo\/#respond"]}]},{"@type":"WebPage","@id":"https:\/\/fuentesfidedignas.com.mx\/index.php\/2025\/05\/11\/gobierno-de-eu-revoca-visas-de-turista-a-gobernadora-de-bc-y-su-esposo\/","url":"https:\/\/fuentesfidedignas.com.mx\/index.php\/2025\/05\/11\/gobierno-de-eu-revoca-visas-de-turista-a-gobernadora-de-bc-y-su-esposo\/","name":"Gobierno de EU revoca visas de turista a gobernadora de BC y su esposo - Fuentes Fidedignas","isPartOf":{"@id":"https:\/\/fuentesfidedignas.com.mx\/#website"},"primaryImageOfPage":{"@id":"https:\/\/fuentesfidedignas.com.mx\/index.php\/2025\/05\/11\/gobierno-de-eu-revoca-visas-de-turista-a-gobernadora-de-bc-y-su-esposo\/#primaryimage"},"image":{"@id":"https:\/\/fuentesfidedignas.com.mx\/index.php\/2025\/05\/11\/gobierno-de-eu-revoca-visas-de-turista-a-gobernadora-de-bc-y-su-esposo\/#primaryimage"},"thumbnailUrl":"https:\/\/fuentesfidedignas.com.mx\/wp-content\/uploads\/2025\/05\/gobernadora-BC.jpg","datePublished":"2025-05-11T18:21:38+00:00","dateModified":"2025-05-11T18:21:41+00:00","breadcrumb":{"@id":"https:\/\/fuentesfidedignas.com.mx\/index.php\/2025\/05\/11\/gobierno-de-eu-revoca-visas-de-turista-a-gobernadora-de-bc-y-su-esposo\/#breadcrumb"},"inLanguage":"es","potentialAction":[{"@type":"ReadAction","target":["https:\/\/fuentesfidedignas.com.mx\/index.php\/2025\/05\/11\/gobierno-de-eu-revoca-visas-de-turista-a-gobernadora-de-bc-y-su-esposo\/"]}]},{"@type":"ImageObject","inLanguage":"es","@id":"https:\/\/fuentesfidedignas.com.mx\/index.php\/2025\/05\/11\/gobierno-de-eu-revoca-visas-de-turista-a-gobernadora-de-bc-y-su-esposo\/#primaryimage","url":"https:\/\/fuentesfidedignas.com.mx\/wp-content\/uploads\/2025\/05\/gobernadora-BC.jpg","contentUrl":"https:\/\/fuentesfidedignas.com.mx\/wp-content\/uploads\/2025\/05\/gobernadora-BC.jpg","width":600,"height":344},{"@type":"BreadcrumbList","@id":"https:\/\/fuentesfidedignas.com.mx\/index.php\/2025\/05\/11\/gobierno-de-eu-revoca-visas-de-turista-a-gobernadora-de-bc-y-su-esposo\/#breadcrumb","itemListElement":[{"@type":"ListItem","position":1,"name":"Inicio","item":"https:\/\/fuentesfidedignas.com.mx\/"},{"@type":"ListItem","position":2,"name":"Gobierno de EU revoca visas de turista a gobernadora de BC y su esposo"}]},{"@type":"WebSite","@id":"https:\/\/fuentesfidedignas.com.mx\/#website","url":"https:\/\/fuentesfidedignas.com.mx\/","name":"Fuentes Fidedignas","description":"Otro sitio realizado con WordPress","publisher":{"@id":"https:\/\/fuentesfidedignas.com.mx\/#organization"},"potentialAction":[{"@type":"SearchAction","target":{"@type":"EntryPoint","urlTemplate":"https:\/\/fuentesfidedignas.com.mx\/?s={search_term_string}"},"query-input":{"@type":"PropertyValueSpecification","valueRequired":true,"valueName":"search_term_string"}}],"inLanguage":"es"},{"@type":"Organization","@id":"https:\/\/fuentesfidedignas.com.mx\/#organization","name":"Fuentes Fidedignas","url":"https:\/\/fuentesfidedignas.com.mx\/","logo":{"@type":"ImageObject","inLanguage":"es","@id":"https:\/\/fuentesfidedignas.com.mx\/#\/schema\/logo\/image\/","url":"https:\/\/fuentesfidedignas.com.mx\/wp-content\/uploads\/2021\/04\/logo-retina.png","contentUrl":"https:\/\/fuentesfidedignas.com.mx\/wp-content\/uploads\/2021\/04\/logo-retina.png","width":280,"height":51,"caption":"Fuentes Fidedignas"},"image":{"@id":"https:\/\/fuentesfidedignas.com.mx\/#\/schema\/logo\/image\/"},"sameAs":["https:\/\/www.facebook.com\/Fuentes-Fidedignas-368234489921644","https:\/\/x.com\/fidedignas"]},{"@type":"Person","@id":"https:\/\/fuentesfidedignas.com.mx\/#\/schema\/person\/47ec0135738f4b0c7495f06a77a2c976","name":"Milenio","image":{"@type":"ImageObject","inLanguage":"es","@id":"https:\/\/secure.gravatar.com\/avatar\/acabf7b54753e51c2c76457954577c236b3b764789b19879565769739d1e4a75?s=96&d=mm&r=g","url":"https:\/\/secure.gravatar.com\/avatar\/acabf7b54753e51c2c76457954577c236b3b764789b19879565769739d1e4a75?s=96&d=mm&r=g","contentUrl":"https:\/\/secure.gravatar.com\/avatar\/acabf7b54753e51c2c76457954577c236b3b764789b19879565769739d1e4a75?s=96&d=mm&r=g","caption":"Milenio"},"url":"https:\/\/fuentesfidedignas.com.mx\/index.php\/author\/milenio\/"}]}},"_links":{"self":[{"href":"https:\/\/fuentesfidedignas.com.mx\/index.php\/wp-json\/wp\/v2\/posts\/108105","targetHints":{"allow":["GET"]}}],"collection":[{"href":"https:\/\/fuentesfidedignas.com.mx\/index.php\/wp-json\/wp\/v2\/posts"}],"about":[{"href":"https:\/\/fuentesfidedignas.com.mx\/index.php\/wp-json\/wp\/v2\/types\/post"}],"author":[{"embeddable":true,"href":"https:\/\/fuentesfidedignas.com.mx\/index.php\/wp-json\/wp\/v2\/users\/9"}],"replies":[{"embeddable":true,"href":"https:\/\/fuentesfidedignas.com.mx\/index.php\/wp-json\/wp\/v2\/comments?post=108105"}],"version-history":[{"count":1,"href":"https:\/\/fuentesfidedignas.com.mx\/index.php\/wp-json\/wp\/v2\/posts\/108105\/revisions"}],"predecessor-version":[{"id":108107,"href":"https:\/\/fuentesfidedignas.com.mx\/index.php\/wp-json\/wp\/v2\/posts\/108105\/revisions\/108107"}],"wp:featuredmedia":[{"embeddable":true,"href":"https:\/\/fuentesfidedignas.com.mx\/index.php\/wp-json\/wp\/v2\/media\/108106"}],"wp:attachment":[{"href":"https:\/\/fuentesfidedignas.com.mx\/index.php\/wp-json\/wp\/v2\/media?parent=108105"}],"wp:term":[{"taxonomy":"category","embeddable":true,"href":"https:\/\/fuentesfidedignas.com.mx\/index.php\/wp-json\/wp\/v2\/categories?post=108105"},{"taxonomy":"post_tag","embeddable":true,"href":"https:\/\/fuentesfidedignas.com.mx\/index.php\/wp-json\/wp\/v2\/tags?post=108105"}],"curies":[{"name":"wp","href":"https:\/\/api.w.org\/{rel}","templated":true}]}}