{"id":108085,"date":"2025-05-10T15:16:09","date_gmt":"2025-05-10T22:16:09","guid":{"rendered":"https:\/\/fuentesfidedignas.com.mx\/?p=108085"},"modified":"2025-05-10T15:16:53","modified_gmt":"2025-05-10T22:16:53","slug":"madres-buscadoras-conmemoran-el-10-de-mayo-con-protestas-en-varios-estados","status":"publish","type":"post","link":"https:\/\/fuentesfidedignas.com.mx\/index.php\/2025\/05\/10\/madres-buscadoras-conmemoran-el-10-de-mayo-con-protestas-en-varios-estados\/","title":{"rendered":"Madres buscadoras conmemoran el 10 de mayo con protestas en varios estados"},"content":{"rendered":"\n<p><\/p>\n\n\n\n<p><strong><em>En varias ciudades, madres buscadoras realizaron manifestaciones este 10 de mayo para exigir la localizaci\u00f3n de sus familiares desaparecidos<\/em><\/strong><\/p>\n\n\n\n<p>Miles de&nbsp;<strong>mexicanas<\/strong>&nbsp;marcharon este s\u00e1bado, en el marco del&nbsp;<strong>D\u00eda de las Madres<\/strong>, para exigir verdad, justicia y reparaci\u00f3n por lo m\u00e1s de 127 mil&nbsp;<strong>desaparecidos<\/strong>&nbsp;en el pa\u00eds y que no se desaparezca ni se asesine a las personas que se dedican a la b\u00fasqueda de sus seres queridos.<\/p>\n\n\n\n<p class=\"sc__font-paragraph\">En las escalinatas de la catedral en<strong>&nbsp;Culiac\u00e1n, Sinaloa,<\/strong>colectivos colocaron cientos de fotograf\u00edas de personas desaparecidas<\/p>\n\n\n\n<p class=\"sc__font-paragraph\">\u201cEste 10 de mayo deb\u00eda de ser la reina de la casa, pero ando buscando a mi hijo\u201d, se pudo leer en uno de los textos.<\/p>\n\n\n\n<p>CDMX<\/p>\n\n\n\n<p>\u201cEstamos muertos en vida, no nos sabe la comida, no nos sabe la vida\u201d, confiesan H\u00e9ctor y Teresa \u00c1guila, una pareja que busca desde hace dos a\u00f1os a su hijo, un joven de 27 a\u00f1os que desapareci\u00f3 en&nbsp;<strong>Jalisco<\/strong>, estado donde se ubica el<strong>&nbsp;rancho Izaguirre<\/strong>, el presunto \u201ccampo de adiestramiento\u201d del Cartel Jalisco Nueva Generaci\u00f3n (<strong>CJNG<\/strong>).<\/p>\n\n\n\n<figure class=\"wp-block-embed\"><div class=\"wp-block-embed__wrapper\">\nhttps:\/\/x.com\/article19mxca\/status\/1921243679496269933?s=46\n<\/div><\/figure>\n\n\n\n<p>Ambos recorrieron el pa\u00eds para llegar a la \u2018<strong>XIII Marcha nacional de madres buscadoras<\/strong>\u2019, que arranc\u00f3 en el Monumento a la Madre y finaliz\u00f3 en el \u00c1ngel de la Independencia de la Ciudad de M\u00e9xico.<\/p>\n\n\n\n<p>Entre cientos de pancartas y nombres de desaparecidos, la familia de H\u00e9ctor \u00c1guila pidi\u00f3 a grito abierto que \u201clas autoridades federales hagan algo en materia de la desaparici\u00f3n forzada, porque dicen que no existe\u201d.<\/p>\n\n\n\n<blockquote class=\"wp-block-quote is-layout-flow wp-block-quote-is-layout-flow\">\n<p>\u201cQuisiera que (las autoridades) nos acompa\u00f1en un d\u00eda a Jalisco (\u2026) y vean c\u00f3mo est\u00e1n matando a las madres buscadoras; en el mes de abril nos mataron a dos, tenemos miedo\u201d, afirma H\u00e9ctor, refiri\u00e9ndose a asesinatos como el de la buscadora Mar\u00eda del Carmen Morales y su hijo Jaime Daniel Ram\u00edrez.<\/p>\n<\/blockquote>\n\n\n\n<h3 class=\"wp-block-heading\">El miedo de buscar y ser asesinado<\/h3>\n\n\n\n<p>Gloria Carmona, madre buscadora del<strong>&nbsp;Colectivo Amor por los Desaparecidos en Tamaulipas<\/strong>&nbsp;y que no localiza a su hijo, Bernardo Iv\u00e1n P\u00e9rez, desde 2021, dijo a EFE que el miedo a ser asesinada es latente.<\/p>\n\n\n\n<p>\u201cHe trabajado en campo con mis manos. Hemos tenido que sacar a muchas personas que, hasta el momento, no s\u00e9 qui\u00e9nes son. Tengo una frustraci\u00f3n muy grande, porque, a pesar de todo lo que hemos sacado en dos a\u00f1os, no tengo una respuesta\u201d, confirma con un nudo en la garganta al saber que ya van m\u00e1s de 29 personas buscadoras asesinadas en M\u00e9xico.<\/p>\n\n\n\n<p>Carmona, al igual que muchos familiares, es responsable del hallazgo de restos de desaparecidos en fosas clandestinas.<\/p>\n\n\n\n<p>Sobre esta labor relata que ha encontrado \u201cosamentas, piezas dentales y kilos de huesitos calcinados\u201d, los cuales muchas veces le hacen \u201cperder la fe\u201d de ver de nuevo a su hijo con vida.<\/p>\n\n\n\n<p>Son las madres las que est\u00e1n buscando \u201ccon sus manos, picos y palas\u201d, porque en este pa\u00eds, explica la directora ejecutiva de Amnist\u00eda Internacional (AI) M\u00e9xico, Edith Olivares Ferreto, \u201cel Estado no busca a las personas desaparecidas\u201d.<\/p>\n\n\n\n<p>Por eso, contin\u00faa, \u201cesperar\u00eda que cuando lleguemos al \u00c1ngel de la Independencia est\u00e9 la presidenta de&nbsp;<strong>M\u00e9xico,&nbsp;<a href=\"https:\/\/x.com\/Claudiashein\" target=\"_blank\" rel=\"noreferrer noopener\">Claudia<\/a>&nbsp;Sheinbaum<\/strong>, para recibirlas y para decirles c\u00f3mo les va a reparar el da\u00f1o por toda la violencia\u201d.<\/p>\n\n\n\n<h3 class=\"wp-block-heading\">B\u00fasqueda \u201cmultigeneracional\u201d<\/h3>\n\n\n\n<p>En la marcha, hab\u00eda familias que llevan m\u00e1s de cuatro sexenios presidenciales -desde el exmandatario Felipe Calder\u00f3n (2006-2012) hasta el actual- esperando una respuesta por parte del Estado mexicano, y reconocen que \u201cel tema de los derechos humanos es muy lento\u201d.<\/p>\n\n\n\n<p>Ese es el caso de Dan F\u00e9rnandez, hijo de una madre buscadora y hermano de Dan Jeremeel, quien desapareci\u00f3 hace 17 a\u00f1os en Coahuila y, despu\u00e9s de casi dos d\u00e9cadas de b\u00fasqueda, advierte que sus hijos ya se est\u00e1n involucrando en las pesquisas al ser un \u201ctema multigeneracional\u201d.<\/p>\n\n\n\n<p>\u201cEmpezaron las madres, seguimos los hijos y ahora van los nietos. Desgraciadamente muchas madres y padres fallecieron sin saber la suerte de su hija o hijo y nos toca a nosotros tomar esa estafeta\u201d, sostiene.<\/p>\n\n\n\n<p>Araceli Rodr\u00edguez, quien egres\u00f3 como maestra en derecho penal tras la desaparici\u00f3n de su hijo Luis \u00c1ngel hace 13 a\u00f1os en Michoac\u00e1n, se\u00f1ala que mientras las personas que buscan siguen vivas\u201c jam\u00e1s\u201d dejan de buscar ni de prepararse para encontrarles.<\/p>\n\n\n\n<p>Y es que, afirma, despu\u00e9s de tanto tiempo \u201cconviertes tu dolor en causa. Cuando mi hijo desapareci\u00f3 yo solo ten\u00eda (hab\u00eda estudiado) la primaria\u201d, concluy\u00f3.<\/p>\n\n\n\n<h3 class=\"wp-block-heading\">Otros estados<\/h3>\n\n\n\n<p>En&nbsp;<strong>Ciudad Ju\u00e1rez, Chihuahua<\/strong>, se realiz\u00f3 este s\u00e1bado la manifestaci\u00f3n denominada \u201cLas Madres Llegar\u00e1n a Verdad\u201d, donde diversas organizaciones marcharon en la zona centro partieron hacia la Catedral, donde se ofici\u00f3 una misa.<\/p>\n\n\n\n<p>La noche del viernes 9 de mayo en Chihuahua capital se realiz\u00f3 una vigilia en la Plaza del \u00c1ngel or las y los familiares de personas desaparecidas que han muerto o fueron asesinadas.<\/p>\n\n\n\n<p>En&nbsp;<strong>Cuernavaca, Morelos<\/strong>, se llev\u00f3 a cabo una marcha parti\u00f3 desde la iglesia de El Calvario hacia la zona centro.<\/p>\n\n\n\n<p>Al llegar al Palacio de Gobierno, donde solicitaron audiencia con la gobernadora Margarita Gonz\u00e1lez para atender la problem\u00e1tica de las desapariciones.<\/p>\n\n\n\n<p class=\"sc__font-paragraph\">\u201cEste 10 de mayo deb\u00eda de ser la reina de la casa, pero ando buscando a mi hijo\u201d, se pudo leer en uno de los textos.<\/p>\n\n\n\n<p>En las principales calles de<strong>&nbsp;Xalapa, en Veracruz<\/strong>, cientos de personas marcharon con la exigencia de que las autoridades busquen a sus familiares desaparecidos.<\/p>\n\n\n\n<p class=\"sc__font-paragraph\">&nbsp;\u201cSheinbaum, Roc\u00edo, \u00bfest\u00e1n celebrado? Yo no, a mi hijo estoy buscando\u201d, fueron algunas de las consignas de este s\u00e1bado 10 de mayo.<\/p>\n","protected":false},"excerpt":{"rendered":"<p>En varias ciudades, madres buscadoras realizaron manifestaciones este 10 de mayo para exigir la localizaci\u00f3n de sus familiares desaparecidos Miles de&nbsp;mexicanas&nbsp;marcharon este s\u00e1bado, en el marco del&nbsp;D\u00eda de las Madres, para exigir verdad, justicia y reparaci\u00f3n por lo m\u00e1s de 127 mil&nbsp;desaparecidos&nbsp;en el pa\u00eds y que no se desaparezca ni se asesine a las personas [&hellip;]<\/p>\n","protected":false},"author":22,"featured_media":108084,"comment_status":"closed","ping_status":"open","sticky":false,"template":"","format":"standard","meta":{"tdm_status":"","tdm_grid_status":"","footnotes":""},"categories":[37],"tags":[],"class_list":{"0":"post-108085","1":"post","2":"type-post","3":"status-publish","4":"format-standard","5":"has-post-thumbnail","7":"category-nota-principal"},"yoast_head":"<!-- This site is optimized with the Yoast SEO plugin v27.5 - https:\/\/yoast.com\/product\/yoast-seo-wordpress\/ -->\n<title>Madres buscadoras conmemoran el 10 de mayo con protestas en varios estados - Fuentes Fidedignas<\/title>\n<meta name=\"robots\" content=\"index, follow, max-snippet:-1, max-image-preview:large, max-video-preview:-1\" \/>\n<link rel=\"canonical\" href=\"https:\/\/fuentesfidedignas.com.mx\/index.php\/2025\/05\/10\/madres-buscadoras-conmemoran-el-10-de-mayo-con-protestas-en-varios-estados\/\" \/>\n<meta property=\"og:locale\" content=\"es_MX\" \/>\n<meta property=\"og:type\" content=\"article\" \/>\n<meta property=\"og:title\" content=\"Madres buscadoras conmemoran el 10 de mayo con protestas en varios estados - Fuentes Fidedignas\" \/>\n<meta property=\"og:description\" content=\"En varias ciudades, madres buscadoras realizaron manifestaciones este 10 de mayo para exigir la localizaci\u00f3n de sus familiares desaparecidos Miles de&nbsp;mexicanas&nbsp;marcharon este s\u00e1bado, en el marco del&nbsp;D\u00eda de las Madres, para exigir verdad, justicia y reparaci\u00f3n por lo m\u00e1s de 127 mil&nbsp;desaparecidos&nbsp;en el pa\u00eds y que no se desaparezca ni se asesine a las personas [&hellip;]\" \/>\n<meta property=\"og:url\" content=\"https:\/\/fuentesfidedignas.com.mx\/index.php\/2025\/05\/10\/madres-buscadoras-conmemoran-el-10-de-mayo-con-protestas-en-varios-estados\/\" \/>\n<meta property=\"og:site_name\" content=\"Fuentes Fidedignas\" \/>\n<meta property=\"article:publisher\" content=\"https:\/\/www.facebook.com\/Fuentes-Fidedignas-368234489921644\" \/>\n<meta property=\"article:published_time\" content=\"2025-05-10T22:16:09+00:00\" \/>\n<meta property=\"article:modified_time\" content=\"2025-05-10T22:16:53+00:00\" \/>\n<meta property=\"og:image\" content=\"https:\/\/fuentesfidedignas.com.mx\/wp-content\/uploads\/2025\/05\/img_1881-1.jpg\" \/>\n\t<meta property=\"og:image:width\" content=\"1536\" \/>\n\t<meta property=\"og:image:height\" content=\"1024\" \/>\n\t<meta property=\"og:image:type\" content=\"image\/jpeg\" \/>\n<meta name=\"author\" content=\"EFE\" \/>\n<meta name=\"twitter:card\" content=\"summary_large_image\" \/>\n<meta name=\"twitter:creator\" content=\"@fidedignas\" \/>\n<meta name=\"twitter:site\" content=\"@fidedignas\" \/>\n<meta name=\"twitter:label1\" content=\"Escrito por\" \/>\n\t<meta name=\"twitter:data1\" content=\"EFE\" \/>\n\t<meta name=\"twitter:label2\" content=\"Tiempo de lectura\" \/>\n\t<meta name=\"twitter:data2\" content=\"5 minutos\" \/>\n<script type=\"application\/ld+json\" class=\"yoast-schema-graph\">{\"@context\":\"https:\\\/\\\/schema.org\",\"@graph\":[{\"@type\":\"Article\",\"@id\":\"https:\\\/\\\/fuentesfidedignas.com.mx\\\/index.php\\\/2025\\\/05\\\/10\\\/madres-buscadoras-conmemoran-el-10-de-mayo-con-protestas-en-varios-estados\\\/#article\",\"isPartOf\":{\"@id\":\"https:\\\/\\\/fuentesfidedignas.com.mx\\\/index.php\\\/2025\\\/05\\\/10\\\/madres-buscadoras-conmemoran-el-10-de-mayo-con-protestas-en-varios-estados\\\/\"},\"author\":{\"name\":\"EFE\",\"@id\":\"https:\\\/\\\/fuentesfidedignas.com.mx\\\/#\\\/schema\\\/person\\\/0d44615087b5a626d5d3f13afe31ac41\"},\"headline\":\"Madres buscadoras conmemoran el 10 de mayo con protestas en varios estados\",\"datePublished\":\"2025-05-10T22:16:09+00:00\",\"dateModified\":\"2025-05-10T22:16:53+00:00\",\"mainEntityOfPage\":{\"@id\":\"https:\\\/\\\/fuentesfidedignas.com.mx\\\/index.php\\\/2025\\\/05\\\/10\\\/madres-buscadoras-conmemoran-el-10-de-mayo-con-protestas-en-varios-estados\\\/\"},\"wordCount\":984,\"publisher\":{\"@id\":\"https:\\\/\\\/fuentesfidedignas.com.mx\\\/#organization\"},\"image\":{\"@id\":\"https:\\\/\\\/fuentesfidedignas.com.mx\\\/index.php\\\/2025\\\/05\\\/10\\\/madres-buscadoras-conmemoran-el-10-de-mayo-con-protestas-en-varios-estados\\\/#primaryimage\"},\"thumbnailUrl\":\"https:\\\/\\\/fuentesfidedignas.com.mx\\\/wp-content\\\/uploads\\\/2025\\\/05\\\/img_1881-1.jpg\",\"articleSection\":[\"NOTA PRINCIPAL\"],\"inLanguage\":\"es\"},{\"@type\":\"WebPage\",\"@id\":\"https:\\\/\\\/fuentesfidedignas.com.mx\\\/index.php\\\/2025\\\/05\\\/10\\\/madres-buscadoras-conmemoran-el-10-de-mayo-con-protestas-en-varios-estados\\\/\",\"url\":\"https:\\\/\\\/fuentesfidedignas.com.mx\\\/index.php\\\/2025\\\/05\\\/10\\\/madres-buscadoras-conmemoran-el-10-de-mayo-con-protestas-en-varios-estados\\\/\",\"name\":\"Madres buscadoras conmemoran el 10 de mayo con protestas en varios estados - Fuentes Fidedignas\",\"isPartOf\":{\"@id\":\"https:\\\/\\\/fuentesfidedignas.com.mx\\\/#website\"},\"primaryImageOfPage\":{\"@id\":\"https:\\\/\\\/fuentesfidedignas.com.mx\\\/index.php\\\/2025\\\/05\\\/10\\\/madres-buscadoras-conmemoran-el-10-de-mayo-con-protestas-en-varios-estados\\\/#primaryimage\"},\"image\":{\"@id\":\"https:\\\/\\\/fuentesfidedignas.com.mx\\\/index.php\\\/2025\\\/05\\\/10\\\/madres-buscadoras-conmemoran-el-10-de-mayo-con-protestas-en-varios-estados\\\/#primaryimage\"},\"thumbnailUrl\":\"https:\\\/\\\/fuentesfidedignas.com.mx\\\/wp-content\\\/uploads\\\/2025\\\/05\\\/img_1881-1.jpg\",\"datePublished\":\"2025-05-10T22:16:09+00:00\",\"dateModified\":\"2025-05-10T22:16:53+00:00\",\"breadcrumb\":{\"@id\":\"https:\\\/\\\/fuentesfidedignas.com.mx\\\/index.php\\\/2025\\\/05\\\/10\\\/madres-buscadoras-conmemoran-el-10-de-mayo-con-protestas-en-varios-estados\\\/#breadcrumb\"},\"inLanguage\":\"es\",\"potentialAction\":[{\"@type\":\"ReadAction\",\"target\":[\"https:\\\/\\\/fuentesfidedignas.com.mx\\\/index.php\\\/2025\\\/05\\\/10\\\/madres-buscadoras-conmemoran-el-10-de-mayo-con-protestas-en-varios-estados\\\/\"]}]},{\"@type\":\"ImageObject\",\"inLanguage\":\"es\",\"@id\":\"https:\\\/\\\/fuentesfidedignas.com.mx\\\/index.php\\\/2025\\\/05\\\/10\\\/madres-buscadoras-conmemoran-el-10-de-mayo-con-protestas-en-varios-estados\\\/#primaryimage\",\"url\":\"https:\\\/\\\/fuentesfidedignas.com.mx\\\/wp-content\\\/uploads\\\/2025\\\/05\\\/img_1881-1.jpg\",\"contentUrl\":\"https:\\\/\\\/fuentesfidedignas.com.mx\\\/wp-content\\\/uploads\\\/2025\\\/05\\\/img_1881-1.jpg\",\"width\":1536,\"height\":1024},{\"@type\":\"BreadcrumbList\",\"@id\":\"https:\\\/\\\/fuentesfidedignas.com.mx\\\/index.php\\\/2025\\\/05\\\/10\\\/madres-buscadoras-conmemoran-el-10-de-mayo-con-protestas-en-varios-estados\\\/#breadcrumb\",\"itemListElement\":[{\"@type\":\"ListItem\",\"position\":1,\"name\":\"Inicio\",\"item\":\"https:\\\/\\\/fuentesfidedignas.com.mx\\\/\"},{\"@type\":\"ListItem\",\"position\":2,\"name\":\"Madres buscadoras conmemoran el 10 de mayo con protestas en varios estados\"}]},{\"@type\":\"WebSite\",\"@id\":\"https:\\\/\\\/fuentesfidedignas.com.mx\\\/#website\",\"url\":\"https:\\\/\\\/fuentesfidedignas.com.mx\\\/\",\"name\":\"Fuentes Fidedignas\",\"description\":\"Otro sitio realizado con WordPress\",\"publisher\":{\"@id\":\"https:\\\/\\\/fuentesfidedignas.com.mx\\\/#organization\"},\"potentialAction\":[{\"@type\":\"SearchAction\",\"target\":{\"@type\":\"EntryPoint\",\"urlTemplate\":\"https:\\\/\\\/fuentesfidedignas.com.mx\\\/?s={search_term_string}\"},\"query-input\":{\"@type\":\"PropertyValueSpecification\",\"valueRequired\":true,\"valueName\":\"search_term_string\"}}],\"inLanguage\":\"es\"},{\"@type\":\"Organization\",\"@id\":\"https:\\\/\\\/fuentesfidedignas.com.mx\\\/#organization\",\"name\":\"Fuentes Fidedignas\",\"url\":\"https:\\\/\\\/fuentesfidedignas.com.mx\\\/\",\"logo\":{\"@type\":\"ImageObject\",\"inLanguage\":\"es\",\"@id\":\"https:\\\/\\\/fuentesfidedignas.com.mx\\\/#\\\/schema\\\/logo\\\/image\\\/\",\"url\":\"https:\\\/\\\/fuentesfidedignas.com.mx\\\/wp-content\\\/uploads\\\/2021\\\/04\\\/logo-retina.png\",\"contentUrl\":\"https:\\\/\\\/fuentesfidedignas.com.mx\\\/wp-content\\\/uploads\\\/2021\\\/04\\\/logo-retina.png\",\"width\":280,\"height\":51,\"caption\":\"Fuentes Fidedignas\"},\"image\":{\"@id\":\"https:\\\/\\\/fuentesfidedignas.com.mx\\\/#\\\/schema\\\/logo\\\/image\\\/\"},\"sameAs\":[\"https:\\\/\\\/www.facebook.com\\\/Fuentes-Fidedignas-368234489921644\",\"https:\\\/\\\/x.com\\\/fidedignas\"]},{\"@type\":\"Person\",\"@id\":\"https:\\\/\\\/fuentesfidedignas.com.mx\\\/#\\\/schema\\\/person\\\/0d44615087b5a626d5d3f13afe31ac41\",\"name\":\"EFE\",\"image\":{\"@type\":\"ImageObject\",\"inLanguage\":\"es\",\"@id\":\"https:\\\/\\\/secure.gravatar.com\\\/avatar\\\/7048c2d9b569d9bed55bb53ad23821e6e047aa66338fb6ea9868627bbb9f54e8?s=96&d=mm&r=g\",\"url\":\"https:\\\/\\\/secure.gravatar.com\\\/avatar\\\/7048c2d9b569d9bed55bb53ad23821e6e047aa66338fb6ea9868627bbb9f54e8?s=96&d=mm&r=g\",\"contentUrl\":\"https:\\\/\\\/secure.gravatar.com\\\/avatar\\\/7048c2d9b569d9bed55bb53ad23821e6e047aa66338fb6ea9868627bbb9f54e8?s=96&d=mm&r=g\",\"caption\":\"EFE\"},\"url\":\"https:\\\/\\\/fuentesfidedignas.com.mx\\\/index.php\\\/author\\\/efe\\\/\"}]}<\/script>\n<!-- \/ Yoast SEO plugin. -->","yoast_head_json":{"title":"Madres buscadoras conmemoran el 10 de mayo con protestas en varios estados - Fuentes Fidedignas","robots":{"index":"index","follow":"follow","max-snippet":"max-snippet:-1","max-image-preview":"max-image-preview:large","max-video-preview":"max-video-preview:-1"},"canonical":"https:\/\/fuentesfidedignas.com.mx\/index.php\/2025\/05\/10\/madres-buscadoras-conmemoran-el-10-de-mayo-con-protestas-en-varios-estados\/","og_locale":"es_MX","og_type":"article","og_title":"Madres buscadoras conmemoran el 10 de mayo con protestas en varios estados - Fuentes Fidedignas","og_description":"En varias ciudades, madres buscadoras realizaron manifestaciones este 10 de mayo para exigir la localizaci\u00f3n de sus familiares desaparecidos Miles de&nbsp;mexicanas&nbsp;marcharon este s\u00e1bado, en el marco del&nbsp;D\u00eda de las Madres, para exigir verdad, justicia y reparaci\u00f3n por lo m\u00e1s de 127 mil&nbsp;desaparecidos&nbsp;en el pa\u00eds y que no se desaparezca ni se asesine a las personas [&hellip;]","og_url":"https:\/\/fuentesfidedignas.com.mx\/index.php\/2025\/05\/10\/madres-buscadoras-conmemoran-el-10-de-mayo-con-protestas-en-varios-estados\/","og_site_name":"Fuentes Fidedignas","article_publisher":"https:\/\/www.facebook.com\/Fuentes-Fidedignas-368234489921644","article_published_time":"2025-05-10T22:16:09+00:00","article_modified_time":"2025-05-10T22:16:53+00:00","og_image":[{"width":1536,"height":1024,"url":"https:\/\/fuentesfidedignas.com.mx\/wp-content\/uploads\/2025\/05\/img_1881-1.jpg","type":"image\/jpeg"}],"author":"EFE","twitter_card":"summary_large_image","twitter_creator":"@fidedignas","twitter_site":"@fidedignas","twitter_misc":{"Escrito por":"EFE","Tiempo de lectura":"5 minutos"},"schema":{"@context":"https:\/\/schema.org","@graph":[{"@type":"Article","@id":"https:\/\/fuentesfidedignas.com.mx\/index.php\/2025\/05\/10\/madres-buscadoras-conmemoran-el-10-de-mayo-con-protestas-en-varios-estados\/#article","isPartOf":{"@id":"https:\/\/fuentesfidedignas.com.mx\/index.php\/2025\/05\/10\/madres-buscadoras-conmemoran-el-10-de-mayo-con-protestas-en-varios-estados\/"},"author":{"name":"EFE","@id":"https:\/\/fuentesfidedignas.com.mx\/#\/schema\/person\/0d44615087b5a626d5d3f13afe31ac41"},"headline":"Madres buscadoras conmemoran el 10 de mayo con protestas en varios estados","datePublished":"2025-05-10T22:16:09+00:00","dateModified":"2025-05-10T22:16:53+00:00","mainEntityOfPage":{"@id":"https:\/\/fuentesfidedignas.com.mx\/index.php\/2025\/05\/10\/madres-buscadoras-conmemoran-el-10-de-mayo-con-protestas-en-varios-estados\/"},"wordCount":984,"publisher":{"@id":"https:\/\/fuentesfidedignas.com.mx\/#organization"},"image":{"@id":"https:\/\/fuentesfidedignas.com.mx\/index.php\/2025\/05\/10\/madres-buscadoras-conmemoran-el-10-de-mayo-con-protestas-en-varios-estados\/#primaryimage"},"thumbnailUrl":"https:\/\/fuentesfidedignas.com.mx\/wp-content\/uploads\/2025\/05\/img_1881-1.jpg","articleSection":["NOTA PRINCIPAL"],"inLanguage":"es"},{"@type":"WebPage","@id":"https:\/\/fuentesfidedignas.com.mx\/index.php\/2025\/05\/10\/madres-buscadoras-conmemoran-el-10-de-mayo-con-protestas-en-varios-estados\/","url":"https:\/\/fuentesfidedignas.com.mx\/index.php\/2025\/05\/10\/madres-buscadoras-conmemoran-el-10-de-mayo-con-protestas-en-varios-estados\/","name":"Madres buscadoras conmemoran el 10 de mayo con protestas en varios estados - Fuentes Fidedignas","isPartOf":{"@id":"https:\/\/fuentesfidedignas.com.mx\/#website"},"primaryImageOfPage":{"@id":"https:\/\/fuentesfidedignas.com.mx\/index.php\/2025\/05\/10\/madres-buscadoras-conmemoran-el-10-de-mayo-con-protestas-en-varios-estados\/#primaryimage"},"image":{"@id":"https:\/\/fuentesfidedignas.com.mx\/index.php\/2025\/05\/10\/madres-buscadoras-conmemoran-el-10-de-mayo-con-protestas-en-varios-estados\/#primaryimage"},"thumbnailUrl":"https:\/\/fuentesfidedignas.com.mx\/wp-content\/uploads\/2025\/05\/img_1881-1.jpg","datePublished":"2025-05-10T22:16:09+00:00","dateModified":"2025-05-10T22:16:53+00:00","breadcrumb":{"@id":"https:\/\/fuentesfidedignas.com.mx\/index.php\/2025\/05\/10\/madres-buscadoras-conmemoran-el-10-de-mayo-con-protestas-en-varios-estados\/#breadcrumb"},"inLanguage":"es","potentialAction":[{"@type":"ReadAction","target":["https:\/\/fuentesfidedignas.com.mx\/index.php\/2025\/05\/10\/madres-buscadoras-conmemoran-el-10-de-mayo-con-protestas-en-varios-estados\/"]}]},{"@type":"ImageObject","inLanguage":"es","@id":"https:\/\/fuentesfidedignas.com.mx\/index.php\/2025\/05\/10\/madres-buscadoras-conmemoran-el-10-de-mayo-con-protestas-en-varios-estados\/#primaryimage","url":"https:\/\/fuentesfidedignas.com.mx\/wp-content\/uploads\/2025\/05\/img_1881-1.jpg","contentUrl":"https:\/\/fuentesfidedignas.com.mx\/wp-content\/uploads\/2025\/05\/img_1881-1.jpg","width":1536,"height":1024},{"@type":"BreadcrumbList","@id":"https:\/\/fuentesfidedignas.com.mx\/index.php\/2025\/05\/10\/madres-buscadoras-conmemoran-el-10-de-mayo-con-protestas-en-varios-estados\/#breadcrumb","itemListElement":[{"@type":"ListItem","position":1,"name":"Inicio","item":"https:\/\/fuentesfidedignas.com.mx\/"},{"@type":"ListItem","position":2,"name":"Madres buscadoras conmemoran el 10 de mayo con protestas en varios estados"}]},{"@type":"WebSite","@id":"https:\/\/fuentesfidedignas.com.mx\/#website","url":"https:\/\/fuentesfidedignas.com.mx\/","name":"Fuentes Fidedignas","description":"Otro sitio realizado con WordPress","publisher":{"@id":"https:\/\/fuentesfidedignas.com.mx\/#organization"},"potentialAction":[{"@type":"SearchAction","target":{"@type":"EntryPoint","urlTemplate":"https:\/\/fuentesfidedignas.com.mx\/?s={search_term_string}"},"query-input":{"@type":"PropertyValueSpecification","valueRequired":true,"valueName":"search_term_string"}}],"inLanguage":"es"},{"@type":"Organization","@id":"https:\/\/fuentesfidedignas.com.mx\/#organization","name":"Fuentes Fidedignas","url":"https:\/\/fuentesfidedignas.com.mx\/","logo":{"@type":"ImageObject","inLanguage":"es","@id":"https:\/\/fuentesfidedignas.com.mx\/#\/schema\/logo\/image\/","url":"https:\/\/fuentesfidedignas.com.mx\/wp-content\/uploads\/2021\/04\/logo-retina.png","contentUrl":"https:\/\/fuentesfidedignas.com.mx\/wp-content\/uploads\/2021\/04\/logo-retina.png","width":280,"height":51,"caption":"Fuentes Fidedignas"},"image":{"@id":"https:\/\/fuentesfidedignas.com.mx\/#\/schema\/logo\/image\/"},"sameAs":["https:\/\/www.facebook.com\/Fuentes-Fidedignas-368234489921644","https:\/\/x.com\/fidedignas"]},{"@type":"Person","@id":"https:\/\/fuentesfidedignas.com.mx\/#\/schema\/person\/0d44615087b5a626d5d3f13afe31ac41","name":"EFE","image":{"@type":"ImageObject","inLanguage":"es","@id":"https:\/\/secure.gravatar.com\/avatar\/7048c2d9b569d9bed55bb53ad23821e6e047aa66338fb6ea9868627bbb9f54e8?s=96&d=mm&r=g","url":"https:\/\/secure.gravatar.com\/avatar\/7048c2d9b569d9bed55bb53ad23821e6e047aa66338fb6ea9868627bbb9f54e8?s=96&d=mm&r=g","contentUrl":"https:\/\/secure.gravatar.com\/avatar\/7048c2d9b569d9bed55bb53ad23821e6e047aa66338fb6ea9868627bbb9f54e8?s=96&d=mm&r=g","caption":"EFE"},"url":"https:\/\/fuentesfidedignas.com.mx\/index.php\/author\/efe\/"}]}},"_links":{"self":[{"href":"https:\/\/fuentesfidedignas.com.mx\/index.php\/wp-json\/wp\/v2\/posts\/108085","targetHints":{"allow":["GET"]}}],"collection":[{"href":"https:\/\/fuentesfidedignas.com.mx\/index.php\/wp-json\/wp\/v2\/posts"}],"about":[{"href":"https:\/\/fuentesfidedignas.com.mx\/index.php\/wp-json\/wp\/v2\/types\/post"}],"author":[{"embeddable":true,"href":"https:\/\/fuentesfidedignas.com.mx\/index.php\/wp-json\/wp\/v2\/users\/22"}],"replies":[{"embeddable":true,"href":"https:\/\/fuentesfidedignas.com.mx\/index.php\/wp-json\/wp\/v2\/comments?post=108085"}],"version-history":[{"count":2,"href":"https:\/\/fuentesfidedignas.com.mx\/index.php\/wp-json\/wp\/v2\/posts\/108085\/revisions"}],"predecessor-version":[{"id":108087,"href":"https:\/\/fuentesfidedignas.com.mx\/index.php\/wp-json\/wp\/v2\/posts\/108085\/revisions\/108087"}],"wp:featuredmedia":[{"embeddable":true,"href":"https:\/\/fuentesfidedignas.com.mx\/index.php\/wp-json\/wp\/v2\/media\/108084"}],"wp:attachment":[{"href":"https:\/\/fuentesfidedignas.com.mx\/index.php\/wp-json\/wp\/v2\/media?parent=108085"}],"wp:term":[{"taxonomy":"category","embeddable":true,"href":"https:\/\/fuentesfidedignas.com.mx\/index.php\/wp-json\/wp\/v2\/categories?post=108085"},{"taxonomy":"post_tag","embeddable":true,"href":"https:\/\/fuentesfidedignas.com.mx\/index.php\/wp-json\/wp\/v2\/tags?post=108085"}],"curies":[{"name":"wp","href":"https:\/\/api.w.org\/{rel}","templated":true}]}}