{"id":108057,"date":"2025-05-10T05:04:00","date_gmt":"2025-05-10T12:04:00","guid":{"rendered":"https:\/\/fuentesfidedignas.com.mx\/?p=108057"},"modified":"2025-05-09T22:16:51","modified_gmt":"2025-05-10T05:16:51","slug":"piden-pension-al-papa-le-hacen-la-prueba-de-adn-y-no-era-hijo-de-el-ni-de-ella","status":"publish","type":"post","link":"https:\/\/fuentesfidedignas.com.mx\/index.php\/2025\/05\/10\/piden-pension-al-papa-le-hacen-la-prueba-de-adn-y-no-era-hijo-de-el-ni-de-ella\/","title":{"rendered":"Piden pensi\u00f3n al pap\u00e1, le hacen la prueba de ADN y no era hijo de \u00e9l, ni de ella"},"content":{"rendered":"\n<p><strong><em>Ruth recibi\u00f3 la noticia justo cuando planeaba comprar los \u00fatiles.<\/em><\/strong><\/p>\n\n\n\n<p>CAJAMARCA, Per\u00fa.- \u2014 A veces, ni la ley alcanza para reparar el vac\u00edo que deja un error irreparable. Dos familias peruanas enfrentan hoy un dolor inconmensurable tras descubrir que, durante m\u00e1s de seis a\u00f1os, criaron a ni\u00f1os que no nacieron de sus cuerpos.<\/p>\n\n\n\n<p>Un intercambio de reci\u00e9n nacidos ocurrido en un hospital p\u00fablico de la sierra peruana ha marcado para siempre a Ruth Cieza y Mar\u00eda Chilc\u00f3n, quienes esta semana se vieron obligadas a entregar a los hijos que durante a\u00f1os consideraron propios.<\/p>\n\n\n\n<p>El 24 de diciembre de 2018, ambas mujeres dieron a luz con pocos minutos de diferencia en el Hospital General de Ja\u00e9n, en la regi\u00f3n de Cajamarca. Lo que deber\u00eda haber sido una Navidad de dicha se transform\u00f3, a\u00f1os despu\u00e9s, en una pesadilla que las dej\u00f3 devastadas.<\/p>\n\n\n\n<iframe loading=\"lazy\" width=\"560\" height=\"315\" src=\"https:\/\/www.youtube.com\/embed\/ABs3d3IrYHI\" title=\"Negligencia en Salud  \u00bfQu\u00e9 Pas\u00f3 con Ruth y Mar\u00eda en Per\u00fa\" frameborder=\"0\" allow=\"accelerometer; autoplay; clipboard-write; encrypted-media; gyroscope; picture-in-picture; web-share\" referrerpolicy=\"strict-origin-when-cross-origin\" allowfullscreen><\/iframe>\n\n\n\n<p>La verdad sali\u00f3 a la luz cuando Ruth Cieza, tras separarse del padre del menor que criaba, le interpuso una demanda de pensi\u00f3n alimenticia. Como parte del proceso legal, se practicaron pruebas de ADN, seg\u00fan publica El Pa\u00eds.<\/p>\n\n\n\n<p>El resultado fue desconcertante: ni ella ni su expareja eran los padres biol\u00f3gicos del ni\u00f1o. La confusi\u00f3n fue tal que decidieron repetir el an\u00e1lisis, pero el segundo resultado confirm\u00f3 el primero.<\/p>\n\n\n\n<p><strong>Solicitan pruebas de ADN y descubren impactante verdad<\/strong><br>Ante la incertidumbre, un fiscal solicit\u00f3 pruebas de ADN para las mujeres que hab\u00edan dado a luz en el mismo hospital antes y despu\u00e9s de Cieza.<\/p>\n\n\n\n<p>La investigaci\u00f3n revel\u00f3 que el hijo que criaba Cieza pertenec\u00eda biol\u00f3gicamente a Mar\u00eda Chilc\u00f3n, una mujer del campo que vive en el distrito de Chirinos, a 67 kil\u00f3metros de Ja\u00e9n.<\/p>\n\n\n\n<p>La revelaci\u00f3n fue un golpe demoledor. Ruth recibi\u00f3 la noticia justo cuando planeaba comprar los \u00fatiles escolares de su hijo, quien estaba por iniciar la primaria.<\/p>\n\n\n\n<p><strong>Juez decreta \u201cintercambio\u201d de hijos<\/strong><br>El juez Andy Herrera tom\u00f3 una decisi\u00f3n contundente: las partidas de nacimiento de ambos menores deb\u00edan anularse y reemplazarse con los nombres de sus verdaderos padres biol\u00f3gicos. Pero lo m\u00e1s dif\u00edcil a\u00fan estaba por ocurrir: las madres tendr\u00edan que intercambiar a los ni\u00f1os.<\/p>\n\n\n\n<p>El intercambio se llev\u00f3 a cabo a mitad de semana en medio de l\u00e1grimas, un momento desgarrador que fue captado por un canal de televisi\u00f3n local. Mientras las mujeres lloraban desconsoladas, los ni\u00f1os, ajenos al drama, jugaban con un tel\u00e9fono celular.<\/p>\n\n\n\n<p>&#8220;Me estoy adaptando a mi ni\u00f1o que naci\u00f3 de m\u00ed, al que me lo han tra\u00eddo, y, al mismo tiempo extra\u00f1o a mi hijito, que se fue al campo a vivir con su verdadera mam\u00e1. No puedo sacarme de la cabeza el recuerdo de mi hijito que se fue\u201d, declara Ruth Cieza a The Associated Press.<\/p>\n\n\n\n<p><strong>Mar\u00eda Chilc\u00f3n, por su parte, vive su propio calvario.<\/strong><\/p>\n\n\n\n<p>&#8220;No s\u00e9 qu\u00e9 hacer, Dios m\u00edo, quiero que me ayuden. Uno no quiere irse y el otro no quiere quedarse\u201d, declar\u00f3 desde su hogar rural.<\/p>\n\n\n\n<p>Chilc\u00f3n tambi\u00e9n record\u00f3 un episodio que, con los a\u00f1os, cobr\u00f3 un sentido desgarrador. Cont\u00f3 que, tras el parto, le dijo a las enfermeras que el beb\u00e9 que le entregaron no era suyo, pero sus advertencias fueron ignoradas.<\/p>\n\n\n\n<p>&#8220;Todo el dolor que estamos pasando es por el hospital y las enfermeras. Yo nunca voy a olvidar lo que me dijeron\u201d, afirm\u00f3, denunciando que una de las enfermeras incluso la llam\u00f3 loca.<\/p>\n\n\n\n<p><strong>Demandan al hospital Ja\u00e9n<\/strong><br>Ambas familias han emprendido acciones legales contra el Hospital General de Ja\u00e9n, argumentando que las autoridades del centro m\u00e9dico no solo no acudieron a las audiencias judiciales, sino que tampoco ofrecieron disculpas formales.<\/p>\n\n\n\n<p>Mientras el proceso avanza, Ruth y Mar\u00eda reciben acompa\u00f1amiento psicol\u00f3gico para enfrentar este dif\u00edcil episodio.<\/p>\n\n\n\n<p>A pesar de haber recuperado a los hijos que gestaron, deben ahora aprender a despedirse emocionalmente de los ni\u00f1os a quienes dedicaron seis a\u00f1os de amor y cuidado. Uno tendr\u00e1 que adaptarse a la vida urbana, mientras el otro se ajustar\u00e1 a la vida rural.<\/p>\n","protected":false},"excerpt":{"rendered":"<p>Ruth recibi\u00f3 la noticia justo cuando planeaba comprar los \u00fatiles. CAJAMARCA, Per\u00fa.- \u2014 A veces, ni la ley alcanza para reparar el vac\u00edo que deja un error irreparable. Dos familias peruanas enfrentan hoy un dolor inconmensurable tras descubrir que, durante m\u00e1s de seis a\u00f1os, criaron a ni\u00f1os que no nacieron de sus cuerpos. Un intercambio [&hellip;]<\/p>\n","protected":false},"author":40,"featured_media":108058,"comment_status":"open","ping_status":"open","sticky":false,"template":"","format":"standard","meta":{"tdm_status":"","tdm_grid_status":"","footnotes":""},"categories":[40],"tags":[],"class_list":{"0":"post-108057","1":"post","2":"type-post","3":"status-publish","4":"format-standard","5":"has-post-thumbnail","7":"category-las-asombrosas"},"yoast_head":"<!-- This site is optimized with the Yoast SEO plugin v27.5 - https:\/\/yoast.com\/product\/yoast-seo-wordpress\/ -->\n<title>Piden pensi\u00f3n al pap\u00e1, le hacen la prueba de ADN y no era hijo de \u00e9l, ni de ella - Fuentes Fidedignas<\/title>\n<meta name=\"robots\" content=\"index, follow, max-snippet:-1, max-image-preview:large, max-video-preview:-1\" \/>\n<link rel=\"canonical\" href=\"https:\/\/fuentesfidedignas.com.mx\/index.php\/2025\/05\/10\/piden-pension-al-papa-le-hacen-la-prueba-de-adn-y-no-era-hijo-de-el-ni-de-ella\/\" \/>\n<meta property=\"og:locale\" content=\"es_MX\" \/>\n<meta property=\"og:type\" content=\"article\" \/>\n<meta property=\"og:title\" content=\"Piden pensi\u00f3n al pap\u00e1, le hacen la prueba de ADN y no era hijo de \u00e9l, ni de ella - Fuentes Fidedignas\" \/>\n<meta property=\"og:description\" content=\"Ruth recibi\u00f3 la noticia justo cuando planeaba comprar los \u00fatiles. CAJAMARCA, Per\u00fa.- \u2014 A veces, ni la ley alcanza para reparar el vac\u00edo que deja un error irreparable. Dos familias peruanas enfrentan hoy un dolor inconmensurable tras descubrir que, durante m\u00e1s de seis a\u00f1os, criaron a ni\u00f1os que no nacieron de sus cuerpos. Un intercambio [&hellip;]\" \/>\n<meta property=\"og:url\" content=\"https:\/\/fuentesfidedignas.com.mx\/index.php\/2025\/05\/10\/piden-pension-al-papa-le-hacen-la-prueba-de-adn-y-no-era-hijo-de-el-ni-de-ella\/\" \/>\n<meta property=\"og:site_name\" content=\"Fuentes Fidedignas\" \/>\n<meta property=\"article:publisher\" content=\"https:\/\/www.facebook.com\/Fuentes-Fidedignas-368234489921644\" \/>\n<meta property=\"article:published_time\" content=\"2025-05-10T12:04:00+00:00\" \/>\n<meta property=\"og:image\" content=\"https:\/\/fuentesfidedignas.com.mx\/wp-content\/uploads\/2025\/05\/prueba-de-adn.jpg\" \/>\n\t<meta property=\"og:image:width\" content=\"600\" \/>\n\t<meta property=\"og:image:height\" content=\"449\" \/>\n\t<meta property=\"og:image:type\" content=\"image\/jpeg\" \/>\n<meta name=\"author\" content=\"El Imparcial\" \/>\n<meta name=\"twitter:card\" content=\"summary_large_image\" \/>\n<meta name=\"twitter:creator\" content=\"@fidedignas\" \/>\n<meta name=\"twitter:site\" content=\"@fidedignas\" \/>\n<meta name=\"twitter:label1\" content=\"Escrito por\" \/>\n\t<meta name=\"twitter:data1\" content=\"El Imparcial\" \/>\n\t<meta name=\"twitter:label2\" content=\"Tiempo de lectura\" \/>\n\t<meta name=\"twitter:data2\" content=\"4 minutos\" \/>\n<script type=\"application\/ld+json\" class=\"yoast-schema-graph\">{\"@context\":\"https:\\\/\\\/schema.org\",\"@graph\":[{\"@type\":\"Article\",\"@id\":\"https:\\\/\\\/fuentesfidedignas.com.mx\\\/index.php\\\/2025\\\/05\\\/10\\\/piden-pension-al-papa-le-hacen-la-prueba-de-adn-y-no-era-hijo-de-el-ni-de-ella\\\/#article\",\"isPartOf\":{\"@id\":\"https:\\\/\\\/fuentesfidedignas.com.mx\\\/index.php\\\/2025\\\/05\\\/10\\\/piden-pension-al-papa-le-hacen-la-prueba-de-adn-y-no-era-hijo-de-el-ni-de-ella\\\/\"},\"author\":{\"name\":\"El Imparcial\",\"@id\":\"https:\\\/\\\/fuentesfidedignas.com.mx\\\/#\\\/schema\\\/person\\\/ff4db17f8fd9c584e0cfc2a0c436b8a1\"},\"headline\":\"Piden pensi\u00f3n al pap\u00e1, le hacen la prueba de ADN y no era hijo de \u00e9l, ni de ella\",\"datePublished\":\"2025-05-10T12:04:00+00:00\",\"mainEntityOfPage\":{\"@id\":\"https:\\\/\\\/fuentesfidedignas.com.mx\\\/index.php\\\/2025\\\/05\\\/10\\\/piden-pension-al-papa-le-hacen-la-prueba-de-adn-y-no-era-hijo-de-el-ni-de-ella\\\/\"},\"wordCount\":723,\"commentCount\":0,\"publisher\":{\"@id\":\"https:\\\/\\\/fuentesfidedignas.com.mx\\\/#organization\"},\"image\":{\"@id\":\"https:\\\/\\\/fuentesfidedignas.com.mx\\\/index.php\\\/2025\\\/05\\\/10\\\/piden-pension-al-papa-le-hacen-la-prueba-de-adn-y-no-era-hijo-de-el-ni-de-ella\\\/#primaryimage\"},\"thumbnailUrl\":\"https:\\\/\\\/fuentesfidedignas.com.mx\\\/wp-content\\\/uploads\\\/2025\\\/05\\\/prueba-de-adn.jpg\",\"articleSection\":[\"LAS ASOMBROSAS\"],\"inLanguage\":\"es\",\"potentialAction\":[{\"@type\":\"CommentAction\",\"name\":\"Comment\",\"target\":[\"https:\\\/\\\/fuentesfidedignas.com.mx\\\/index.php\\\/2025\\\/05\\\/10\\\/piden-pension-al-papa-le-hacen-la-prueba-de-adn-y-no-era-hijo-de-el-ni-de-ella\\\/#respond\"]}]},{\"@type\":\"WebPage\",\"@id\":\"https:\\\/\\\/fuentesfidedignas.com.mx\\\/index.php\\\/2025\\\/05\\\/10\\\/piden-pension-al-papa-le-hacen-la-prueba-de-adn-y-no-era-hijo-de-el-ni-de-ella\\\/\",\"url\":\"https:\\\/\\\/fuentesfidedignas.com.mx\\\/index.php\\\/2025\\\/05\\\/10\\\/piden-pension-al-papa-le-hacen-la-prueba-de-adn-y-no-era-hijo-de-el-ni-de-ella\\\/\",\"name\":\"Piden pensi\u00f3n al pap\u00e1, le hacen la prueba de ADN y no era hijo de \u00e9l, ni de ella - Fuentes Fidedignas\",\"isPartOf\":{\"@id\":\"https:\\\/\\\/fuentesfidedignas.com.mx\\\/#website\"},\"primaryImageOfPage\":{\"@id\":\"https:\\\/\\\/fuentesfidedignas.com.mx\\\/index.php\\\/2025\\\/05\\\/10\\\/piden-pension-al-papa-le-hacen-la-prueba-de-adn-y-no-era-hijo-de-el-ni-de-ella\\\/#primaryimage\"},\"image\":{\"@id\":\"https:\\\/\\\/fuentesfidedignas.com.mx\\\/index.php\\\/2025\\\/05\\\/10\\\/piden-pension-al-papa-le-hacen-la-prueba-de-adn-y-no-era-hijo-de-el-ni-de-ella\\\/#primaryimage\"},\"thumbnailUrl\":\"https:\\\/\\\/fuentesfidedignas.com.mx\\\/wp-content\\\/uploads\\\/2025\\\/05\\\/prueba-de-adn.jpg\",\"datePublished\":\"2025-05-10T12:04:00+00:00\",\"breadcrumb\":{\"@id\":\"https:\\\/\\\/fuentesfidedignas.com.mx\\\/index.php\\\/2025\\\/05\\\/10\\\/piden-pension-al-papa-le-hacen-la-prueba-de-adn-y-no-era-hijo-de-el-ni-de-ella\\\/#breadcrumb\"},\"inLanguage\":\"es\",\"potentialAction\":[{\"@type\":\"ReadAction\",\"target\":[\"https:\\\/\\\/fuentesfidedignas.com.mx\\\/index.php\\\/2025\\\/05\\\/10\\\/piden-pension-al-papa-le-hacen-la-prueba-de-adn-y-no-era-hijo-de-el-ni-de-ella\\\/\"]}]},{\"@type\":\"ImageObject\",\"inLanguage\":\"es\",\"@id\":\"https:\\\/\\\/fuentesfidedignas.com.mx\\\/index.php\\\/2025\\\/05\\\/10\\\/piden-pension-al-papa-le-hacen-la-prueba-de-adn-y-no-era-hijo-de-el-ni-de-ella\\\/#primaryimage\",\"url\":\"https:\\\/\\\/fuentesfidedignas.com.mx\\\/wp-content\\\/uploads\\\/2025\\\/05\\\/prueba-de-adn.jpg\",\"contentUrl\":\"https:\\\/\\\/fuentesfidedignas.com.mx\\\/wp-content\\\/uploads\\\/2025\\\/05\\\/prueba-de-adn.jpg\",\"width\":600,\"height\":449},{\"@type\":\"BreadcrumbList\",\"@id\":\"https:\\\/\\\/fuentesfidedignas.com.mx\\\/index.php\\\/2025\\\/05\\\/10\\\/piden-pension-al-papa-le-hacen-la-prueba-de-adn-y-no-era-hijo-de-el-ni-de-ella\\\/#breadcrumb\",\"itemListElement\":[{\"@type\":\"ListItem\",\"position\":1,\"name\":\"Inicio\",\"item\":\"https:\\\/\\\/fuentesfidedignas.com.mx\\\/\"},{\"@type\":\"ListItem\",\"position\":2,\"name\":\"Piden pensi\u00f3n al pap\u00e1, le hacen la prueba de ADN y no era hijo de \u00e9l, ni de ella\"}]},{\"@type\":\"WebSite\",\"@id\":\"https:\\\/\\\/fuentesfidedignas.com.mx\\\/#website\",\"url\":\"https:\\\/\\\/fuentesfidedignas.com.mx\\\/\",\"name\":\"Fuentes Fidedignas\",\"description\":\"Otro sitio realizado con WordPress\",\"publisher\":{\"@id\":\"https:\\\/\\\/fuentesfidedignas.com.mx\\\/#organization\"},\"potentialAction\":[{\"@type\":\"SearchAction\",\"target\":{\"@type\":\"EntryPoint\",\"urlTemplate\":\"https:\\\/\\\/fuentesfidedignas.com.mx\\\/?s={search_term_string}\"},\"query-input\":{\"@type\":\"PropertyValueSpecification\",\"valueRequired\":true,\"valueName\":\"search_term_string\"}}],\"inLanguage\":\"es\"},{\"@type\":\"Organization\",\"@id\":\"https:\\\/\\\/fuentesfidedignas.com.mx\\\/#organization\",\"name\":\"Fuentes Fidedignas\",\"url\":\"https:\\\/\\\/fuentesfidedignas.com.mx\\\/\",\"logo\":{\"@type\":\"ImageObject\",\"inLanguage\":\"es\",\"@id\":\"https:\\\/\\\/fuentesfidedignas.com.mx\\\/#\\\/schema\\\/logo\\\/image\\\/\",\"url\":\"https:\\\/\\\/fuentesfidedignas.com.mx\\\/wp-content\\\/uploads\\\/2021\\\/04\\\/logo-retina.png\",\"contentUrl\":\"https:\\\/\\\/fuentesfidedignas.com.mx\\\/wp-content\\\/uploads\\\/2021\\\/04\\\/logo-retina.png\",\"width\":280,\"height\":51,\"caption\":\"Fuentes Fidedignas\"},\"image\":{\"@id\":\"https:\\\/\\\/fuentesfidedignas.com.mx\\\/#\\\/schema\\\/logo\\\/image\\\/\"},\"sameAs\":[\"https:\\\/\\\/www.facebook.com\\\/Fuentes-Fidedignas-368234489921644\",\"https:\\\/\\\/x.com\\\/fidedignas\"]},{\"@type\":\"Person\",\"@id\":\"https:\\\/\\\/fuentesfidedignas.com.mx\\\/#\\\/schema\\\/person\\\/ff4db17f8fd9c584e0cfc2a0c436b8a1\",\"name\":\"El Imparcial\",\"image\":{\"@type\":\"ImageObject\",\"inLanguage\":\"es\",\"@id\":\"https:\\\/\\\/secure.gravatar.com\\\/avatar\\\/accd6807585a75316c237ee783498317be6f66ab34c47c940966f26a3f613161?s=96&d=mm&r=g\",\"url\":\"https:\\\/\\\/secure.gravatar.com\\\/avatar\\\/accd6807585a75316c237ee783498317be6f66ab34c47c940966f26a3f613161?s=96&d=mm&r=g\",\"contentUrl\":\"https:\\\/\\\/secure.gravatar.com\\\/avatar\\\/accd6807585a75316c237ee783498317be6f66ab34c47c940966f26a3f613161?s=96&d=mm&r=g\",\"caption\":\"El Imparcial\"},\"url\":\"https:\\\/\\\/fuentesfidedignas.com.mx\\\/index.php\\\/author\\\/imparcial\\\/\"}]}<\/script>\n<!-- \/ Yoast SEO plugin. -->","yoast_head_json":{"title":"Piden pensi\u00f3n al pap\u00e1, le hacen la prueba de ADN y no era hijo de \u00e9l, ni de ella - Fuentes Fidedignas","robots":{"index":"index","follow":"follow","max-snippet":"max-snippet:-1","max-image-preview":"max-image-preview:large","max-video-preview":"max-video-preview:-1"},"canonical":"https:\/\/fuentesfidedignas.com.mx\/index.php\/2025\/05\/10\/piden-pension-al-papa-le-hacen-la-prueba-de-adn-y-no-era-hijo-de-el-ni-de-ella\/","og_locale":"es_MX","og_type":"article","og_title":"Piden pensi\u00f3n al pap\u00e1, le hacen la prueba de ADN y no era hijo de \u00e9l, ni de ella - Fuentes Fidedignas","og_description":"Ruth recibi\u00f3 la noticia justo cuando planeaba comprar los \u00fatiles. CAJAMARCA, Per\u00fa.- \u2014 A veces, ni la ley alcanza para reparar el vac\u00edo que deja un error irreparable. Dos familias peruanas enfrentan hoy un dolor inconmensurable tras descubrir que, durante m\u00e1s de seis a\u00f1os, criaron a ni\u00f1os que no nacieron de sus cuerpos. Un intercambio [&hellip;]","og_url":"https:\/\/fuentesfidedignas.com.mx\/index.php\/2025\/05\/10\/piden-pension-al-papa-le-hacen-la-prueba-de-adn-y-no-era-hijo-de-el-ni-de-ella\/","og_site_name":"Fuentes Fidedignas","article_publisher":"https:\/\/www.facebook.com\/Fuentes-Fidedignas-368234489921644","article_published_time":"2025-05-10T12:04:00+00:00","og_image":[{"width":600,"height":449,"url":"https:\/\/fuentesfidedignas.com.mx\/wp-content\/uploads\/2025\/05\/prueba-de-adn.jpg","type":"image\/jpeg"}],"author":"El Imparcial","twitter_card":"summary_large_image","twitter_creator":"@fidedignas","twitter_site":"@fidedignas","twitter_misc":{"Escrito por":"El Imparcial","Tiempo de lectura":"4 minutos"},"schema":{"@context":"https:\/\/schema.org","@graph":[{"@type":"Article","@id":"https:\/\/fuentesfidedignas.com.mx\/index.php\/2025\/05\/10\/piden-pension-al-papa-le-hacen-la-prueba-de-adn-y-no-era-hijo-de-el-ni-de-ella\/#article","isPartOf":{"@id":"https:\/\/fuentesfidedignas.com.mx\/index.php\/2025\/05\/10\/piden-pension-al-papa-le-hacen-la-prueba-de-adn-y-no-era-hijo-de-el-ni-de-ella\/"},"author":{"name":"El Imparcial","@id":"https:\/\/fuentesfidedignas.com.mx\/#\/schema\/person\/ff4db17f8fd9c584e0cfc2a0c436b8a1"},"headline":"Piden pensi\u00f3n al pap\u00e1, le hacen la prueba de ADN y no era hijo de \u00e9l, ni de ella","datePublished":"2025-05-10T12:04:00+00:00","mainEntityOfPage":{"@id":"https:\/\/fuentesfidedignas.com.mx\/index.php\/2025\/05\/10\/piden-pension-al-papa-le-hacen-la-prueba-de-adn-y-no-era-hijo-de-el-ni-de-ella\/"},"wordCount":723,"commentCount":0,"publisher":{"@id":"https:\/\/fuentesfidedignas.com.mx\/#organization"},"image":{"@id":"https:\/\/fuentesfidedignas.com.mx\/index.php\/2025\/05\/10\/piden-pension-al-papa-le-hacen-la-prueba-de-adn-y-no-era-hijo-de-el-ni-de-ella\/#primaryimage"},"thumbnailUrl":"https:\/\/fuentesfidedignas.com.mx\/wp-content\/uploads\/2025\/05\/prueba-de-adn.jpg","articleSection":["LAS ASOMBROSAS"],"inLanguage":"es","potentialAction":[{"@type":"CommentAction","name":"Comment","target":["https:\/\/fuentesfidedignas.com.mx\/index.php\/2025\/05\/10\/piden-pension-al-papa-le-hacen-la-prueba-de-adn-y-no-era-hijo-de-el-ni-de-ella\/#respond"]}]},{"@type":"WebPage","@id":"https:\/\/fuentesfidedignas.com.mx\/index.php\/2025\/05\/10\/piden-pension-al-papa-le-hacen-la-prueba-de-adn-y-no-era-hijo-de-el-ni-de-ella\/","url":"https:\/\/fuentesfidedignas.com.mx\/index.php\/2025\/05\/10\/piden-pension-al-papa-le-hacen-la-prueba-de-adn-y-no-era-hijo-de-el-ni-de-ella\/","name":"Piden pensi\u00f3n al pap\u00e1, le hacen la prueba de ADN y no era hijo de \u00e9l, ni de ella - Fuentes Fidedignas","isPartOf":{"@id":"https:\/\/fuentesfidedignas.com.mx\/#website"},"primaryImageOfPage":{"@id":"https:\/\/fuentesfidedignas.com.mx\/index.php\/2025\/05\/10\/piden-pension-al-papa-le-hacen-la-prueba-de-adn-y-no-era-hijo-de-el-ni-de-ella\/#primaryimage"},"image":{"@id":"https:\/\/fuentesfidedignas.com.mx\/index.php\/2025\/05\/10\/piden-pension-al-papa-le-hacen-la-prueba-de-adn-y-no-era-hijo-de-el-ni-de-ella\/#primaryimage"},"thumbnailUrl":"https:\/\/fuentesfidedignas.com.mx\/wp-content\/uploads\/2025\/05\/prueba-de-adn.jpg","datePublished":"2025-05-10T12:04:00+00:00","breadcrumb":{"@id":"https:\/\/fuentesfidedignas.com.mx\/index.php\/2025\/05\/10\/piden-pension-al-papa-le-hacen-la-prueba-de-adn-y-no-era-hijo-de-el-ni-de-ella\/#breadcrumb"},"inLanguage":"es","potentialAction":[{"@type":"ReadAction","target":["https:\/\/fuentesfidedignas.com.mx\/index.php\/2025\/05\/10\/piden-pension-al-papa-le-hacen-la-prueba-de-adn-y-no-era-hijo-de-el-ni-de-ella\/"]}]},{"@type":"ImageObject","inLanguage":"es","@id":"https:\/\/fuentesfidedignas.com.mx\/index.php\/2025\/05\/10\/piden-pension-al-papa-le-hacen-la-prueba-de-adn-y-no-era-hijo-de-el-ni-de-ella\/#primaryimage","url":"https:\/\/fuentesfidedignas.com.mx\/wp-content\/uploads\/2025\/05\/prueba-de-adn.jpg","contentUrl":"https:\/\/fuentesfidedignas.com.mx\/wp-content\/uploads\/2025\/05\/prueba-de-adn.jpg","width":600,"height":449},{"@type":"BreadcrumbList","@id":"https:\/\/fuentesfidedignas.com.mx\/index.php\/2025\/05\/10\/piden-pension-al-papa-le-hacen-la-prueba-de-adn-y-no-era-hijo-de-el-ni-de-ella\/#breadcrumb","itemListElement":[{"@type":"ListItem","position":1,"name":"Inicio","item":"https:\/\/fuentesfidedignas.com.mx\/"},{"@type":"ListItem","position":2,"name":"Piden pensi\u00f3n al pap\u00e1, le hacen la prueba de ADN y no era hijo de \u00e9l, ni de ella"}]},{"@type":"WebSite","@id":"https:\/\/fuentesfidedignas.com.mx\/#website","url":"https:\/\/fuentesfidedignas.com.mx\/","name":"Fuentes Fidedignas","description":"Otro sitio realizado con WordPress","publisher":{"@id":"https:\/\/fuentesfidedignas.com.mx\/#organization"},"potentialAction":[{"@type":"SearchAction","target":{"@type":"EntryPoint","urlTemplate":"https:\/\/fuentesfidedignas.com.mx\/?s={search_term_string}"},"query-input":{"@type":"PropertyValueSpecification","valueRequired":true,"valueName":"search_term_string"}}],"inLanguage":"es"},{"@type":"Organization","@id":"https:\/\/fuentesfidedignas.com.mx\/#organization","name":"Fuentes Fidedignas","url":"https:\/\/fuentesfidedignas.com.mx\/","logo":{"@type":"ImageObject","inLanguage":"es","@id":"https:\/\/fuentesfidedignas.com.mx\/#\/schema\/logo\/image\/","url":"https:\/\/fuentesfidedignas.com.mx\/wp-content\/uploads\/2021\/04\/logo-retina.png","contentUrl":"https:\/\/fuentesfidedignas.com.mx\/wp-content\/uploads\/2021\/04\/logo-retina.png","width":280,"height":51,"caption":"Fuentes Fidedignas"},"image":{"@id":"https:\/\/fuentesfidedignas.com.mx\/#\/schema\/logo\/image\/"},"sameAs":["https:\/\/www.facebook.com\/Fuentes-Fidedignas-368234489921644","https:\/\/x.com\/fidedignas"]},{"@type":"Person","@id":"https:\/\/fuentesfidedignas.com.mx\/#\/schema\/person\/ff4db17f8fd9c584e0cfc2a0c436b8a1","name":"El Imparcial","image":{"@type":"ImageObject","inLanguage":"es","@id":"https:\/\/secure.gravatar.com\/avatar\/accd6807585a75316c237ee783498317be6f66ab34c47c940966f26a3f613161?s=96&d=mm&r=g","url":"https:\/\/secure.gravatar.com\/avatar\/accd6807585a75316c237ee783498317be6f66ab34c47c940966f26a3f613161?s=96&d=mm&r=g","contentUrl":"https:\/\/secure.gravatar.com\/avatar\/accd6807585a75316c237ee783498317be6f66ab34c47c940966f26a3f613161?s=96&d=mm&r=g","caption":"El Imparcial"},"url":"https:\/\/fuentesfidedignas.com.mx\/index.php\/author\/imparcial\/"}]}},"_links":{"self":[{"href":"https:\/\/fuentesfidedignas.com.mx\/index.php\/wp-json\/wp\/v2\/posts\/108057","targetHints":{"allow":["GET"]}}],"collection":[{"href":"https:\/\/fuentesfidedignas.com.mx\/index.php\/wp-json\/wp\/v2\/posts"}],"about":[{"href":"https:\/\/fuentesfidedignas.com.mx\/index.php\/wp-json\/wp\/v2\/types\/post"}],"author":[{"embeddable":true,"href":"https:\/\/fuentesfidedignas.com.mx\/index.php\/wp-json\/wp\/v2\/users\/40"}],"replies":[{"embeddable":true,"href":"https:\/\/fuentesfidedignas.com.mx\/index.php\/wp-json\/wp\/v2\/comments?post=108057"}],"version-history":[{"count":1,"href":"https:\/\/fuentesfidedignas.com.mx\/index.php\/wp-json\/wp\/v2\/posts\/108057\/revisions"}],"predecessor-version":[{"id":108059,"href":"https:\/\/fuentesfidedignas.com.mx\/index.php\/wp-json\/wp\/v2\/posts\/108057\/revisions\/108059"}],"wp:featuredmedia":[{"embeddable":true,"href":"https:\/\/fuentesfidedignas.com.mx\/index.php\/wp-json\/wp\/v2\/media\/108058"}],"wp:attachment":[{"href":"https:\/\/fuentesfidedignas.com.mx\/index.php\/wp-json\/wp\/v2\/media?parent=108057"}],"wp:term":[{"taxonomy":"category","embeddable":true,"href":"https:\/\/fuentesfidedignas.com.mx\/index.php\/wp-json\/wp\/v2\/categories?post=108057"},{"taxonomy":"post_tag","embeddable":true,"href":"https:\/\/fuentesfidedignas.com.mx\/index.php\/wp-json\/wp\/v2\/tags?post=108057"}],"curies":[{"name":"wp","href":"https:\/\/api.w.org\/{rel}","templated":true}]}}