{"id":107873,"date":"2025-05-08T06:41:58","date_gmt":"2025-05-08T13:41:58","guid":{"rendered":"https:\/\/fuentesfidedignas.com.mx\/?p=107873"},"modified":"2025-05-08T09:48:56","modified_gmt":"2025-05-08T16:48:56","slug":"fumata-negra-tras-votaciones-en-el-segundo-dia-del-conclave","status":"publish","type":"post","link":"https:\/\/fuentesfidedignas.com.mx\/index.php\/2025\/05\/08\/fumata-negra-tras-votaciones-en-el-segundo-dia-del-conclave\/","title":{"rendered":"Fumata negra tras votaciones en el segundo d\u00eda del c\u00f3nclave"},"content":{"rendered":"\n<p><strong><em>Las primeras votaciones del segundo d\u00eda del c\u00f3nclave derivaron en una fumata negra, lo que significa que todav\u00eda no hay papa<\/em><\/strong><\/p>\n\n\n\n<p>Los 133 cardenales no consiguieron elegir a un nuevo papa despu\u00e9s de las primeras dos votaciones celebradas del jueves 8 de mayo en la Capilla Sixtina, en el segundo d\u00eda del c\u00f3nclave.<\/p>\n\n\n\n<figure class=\"wp-block-embed is-type-rich is-provider-twitter wp-block-embed-twitter\"><div class=\"wp-block-embed__wrapper\">\n<blockquote class=\"twitter-tweet\" data-width=\"550\" data-dnt=\"true\"><p lang=\"es\" dir=\"ltr\"><a href=\"https:\/\/twitter.com\/hashtag\/Ampliaci%C3%B3n?src=hash&amp;ref_src=twsrc%5Etfw\">#Ampliaci\u00f3n<\/a> Los 133 cardenales no consiguieron elegir a un nuevo papa despu\u00e9s de las dos votaciones celebradas en la ma\u00f1ana del jueves en la Capilla Sixtina<a href=\"https:\/\/t.co\/dOAYif7pjs\">https:\/\/t.co\/dOAYif7pjs<\/a><br><br>Video de Vatican News <a href=\"https:\/\/t.co\/yaGv4f6faV\">pic.twitter.com\/yaGv4f6faV<\/a><\/p>&mdash; Joaqu\u00edn L\u00f3pez-D\u00f3riga (@lopezdoriga) <a href=\"https:\/\/twitter.com\/lopezdoriga\/status\/1920418938619326597?ref_src=twsrc%5Etfw\">May 8, 2025<\/a><\/blockquote><script async src=\"https:\/\/platform.twitter.com\/widgets.js\" charset=\"utf-8\"><\/script>\n<\/div><\/figure>\n\n\n\n<p>La fumata negra sali\u00f3 por la chimenea de la Capilla Sixtina en punto de las 11:50 h local (3:50 h tiempo del Centro de M\u00e9xico), en medio de una gran expectaci\u00f3n ante los cientos de fieles que se congregaban en la plaza de San Pedro para presenciar el momento en directo.<\/p>\n\n\n\n<p>El humo negro que sorprendi\u00f3 a las m\u00e1s de 10 mil personas que se hab\u00edan concentrado en la plaza de San Pedro en espera de las votaciones.<\/p>\n\n\n\n<p>Los 133 cardenales electores empezaron a votar alrededor de las 9:30 h local y como manda la constituci\u00f3n apost\u00f3lica que rige todo el proceso s\u00f3lo se queman las papeletas tras dos votaciones negativas.<\/p>\n\n\n\n<p>La malana de este jueves 8 de mayo los 133 cardenales electores \u2013 menores de ochenta a\u00f1os \u2013 tiene programadas otras dos votaciones, a la espera de que en la chimenea ubicada sobre la Capilla Sixtina despida una fumata blanca.<\/p>\n\n\n\n<p>Eso ser\u00eda indicativo de que un cardenal ha obtenido al menos dos tercios de los votos y se convertir\u00e1 en pont\u00edfice, aunque para oficializarlo tiene que aceptar el encargo y decir con qu\u00e9 nombre quiere ser llamado.<\/p>\n\n\n\n<p>Solo entonces se anuncia al mundo la elecci\u00f3n de un nuevo papa y se abre un peque\u00f1o lapso hasta que se asoma al balc\u00f3n central de la plaza de San Pedro.<\/p>\n\n\n\n<p>La normativa establece que en los tres primeros d\u00edas del c\u00f3nclave se celebren dos votaciones por la ma\u00f1ana y dos por la tarde.<\/p>\n\n\n\n<p>Si tras esos tres d\u00edas ninguno ha alcanzado los votos necesarios, se proceder\u00e1 a una jornada de reflexi\u00f3n y plegarias en la que no se votar\u00e1, que ser\u00eda el pr\u00f3ximo domingo. Despu\u00e9s volver\u00e1n a celebrarse tres tandas de siete votaciones, con sus respectivas pausas.<\/p>\n","protected":false},"excerpt":{"rendered":"<p>Las primeras votaciones del segundo d\u00eda del c\u00f3nclave derivaron en una fumata negra, lo que significa que todav\u00eda no hay papa Los 133 cardenales no consiguieron elegir a un nuevo papa despu\u00e9s de las primeras dos votaciones celebradas del jueves 8 de mayo en la Capilla Sixtina, en el segundo d\u00eda del c\u00f3nclave. La fumata [&hellip;]<\/p>\n","protected":false},"author":47,"featured_media":107874,"comment_status":"open","ping_status":"open","sticky":false,"template":"","format":"standard","meta":{"tdm_status":"","tdm_grid_status":"","footnotes":""},"categories":[],"tags":[],"class_list":["post-107873","post","type-post","status-publish","format-standard","has-post-thumbnail"],"yoast_head":"<!-- This site is optimized with the Yoast SEO plugin v27.4 - https:\/\/yoast.com\/product\/yoast-seo-wordpress\/ -->\n<title>Fumata negra tras votaciones en el segundo d\u00eda del c\u00f3nclave - Fuentes Fidedignas<\/title>\n<meta name=\"robots\" content=\"index, follow, max-snippet:-1, max-image-preview:large, max-video-preview:-1\" \/>\n<link rel=\"canonical\" href=\"https:\/\/fuentesfidedignas.com.mx\/index.php\/2025\/05\/08\/fumata-negra-tras-votaciones-en-el-segundo-dia-del-conclave\/\" \/>\n<meta property=\"og:locale\" content=\"es_MX\" \/>\n<meta property=\"og:type\" content=\"article\" \/>\n<meta property=\"og:title\" content=\"Fumata negra tras votaciones en el segundo d\u00eda del c\u00f3nclave - Fuentes Fidedignas\" \/>\n<meta property=\"og:description\" content=\"Las primeras votaciones del segundo d\u00eda del c\u00f3nclave derivaron en una fumata negra, lo que significa que todav\u00eda no hay papa Los 133 cardenales no consiguieron elegir a un nuevo papa despu\u00e9s de las primeras dos votaciones celebradas del jueves 8 de mayo en la Capilla Sixtina, en el segundo d\u00eda del c\u00f3nclave. La fumata [&hellip;]\" \/>\n<meta property=\"og:url\" content=\"https:\/\/fuentesfidedignas.com.mx\/index.php\/2025\/05\/08\/fumata-negra-tras-votaciones-en-el-segundo-dia-del-conclave\/\" \/>\n<meta property=\"og:site_name\" content=\"Fuentes Fidedignas\" \/>\n<meta property=\"article:publisher\" content=\"https:\/\/www.facebook.com\/Fuentes-Fidedignas-368234489921644\" \/>\n<meta property=\"article:published_time\" content=\"2025-05-08T13:41:58+00:00\" \/>\n<meta property=\"article:modified_time\" content=\"2025-05-08T16:48:56+00:00\" \/>\n<meta property=\"og:image\" content=\"https:\/\/fuentesfidedignas.com.mx\/wp-content\/uploads\/2025\/05\/fumata_vaticano.jpg\" \/>\n\t<meta property=\"og:image:width\" content=\"647\" \/>\n\t<meta property=\"og:image:height\" content=\"400\" \/>\n\t<meta property=\"og:image:type\" content=\"image\/jpeg\" \/>\n<meta name=\"author\" content=\"L\u00f3pez D\u00f3riga\" \/>\n<meta name=\"twitter:card\" content=\"summary_large_image\" \/>\n<meta name=\"twitter:creator\" content=\"@fidedignas\" \/>\n<meta name=\"twitter:site\" content=\"@fidedignas\" \/>\n<meta name=\"twitter:label1\" content=\"Escrito por\" \/>\n\t<meta name=\"twitter:data1\" content=\"L\u00f3pez D\u00f3riga\" \/>\n\t<meta name=\"twitter:label2\" content=\"Tiempo de lectura\" \/>\n\t<meta name=\"twitter:data2\" content=\"2 minutos\" \/>\n<script type=\"application\/ld+json\" class=\"yoast-schema-graph\">{\"@context\":\"https:\\\/\\\/schema.org\",\"@graph\":[{\"@type\":\"Article\",\"@id\":\"https:\\\/\\\/fuentesfidedignas.com.mx\\\/index.php\\\/2025\\\/05\\\/08\\\/fumata-negra-tras-votaciones-en-el-segundo-dia-del-conclave\\\/#article\",\"isPartOf\":{\"@id\":\"https:\\\/\\\/fuentesfidedignas.com.mx\\\/index.php\\\/2025\\\/05\\\/08\\\/fumata-negra-tras-votaciones-en-el-segundo-dia-del-conclave\\\/\"},\"author\":{\"name\":\"L\u00f3pez D\u00f3riga\",\"@id\":\"https:\\\/\\\/fuentesfidedignas.com.mx\\\/#\\\/schema\\\/person\\\/67d852f0557c8509146a4b9ddebd543a\"},\"headline\":\"Fumata negra tras votaciones en el segundo d\u00eda del c\u00f3nclave\",\"datePublished\":\"2025-05-08T13:41:58+00:00\",\"dateModified\":\"2025-05-08T16:48:56+00:00\",\"mainEntityOfPage\":{\"@id\":\"https:\\\/\\\/fuentesfidedignas.com.mx\\\/index.php\\\/2025\\\/05\\\/08\\\/fumata-negra-tras-votaciones-en-el-segundo-dia-del-conclave\\\/\"},\"wordCount\":373,\"commentCount\":0,\"publisher\":{\"@id\":\"https:\\\/\\\/fuentesfidedignas.com.mx\\\/#organization\"},\"image\":{\"@id\":\"https:\\\/\\\/fuentesfidedignas.com.mx\\\/index.php\\\/2025\\\/05\\\/08\\\/fumata-negra-tras-votaciones-en-el-segundo-dia-del-conclave\\\/#primaryimage\"},\"thumbnailUrl\":\"https:\\\/\\\/fuentesfidedignas.com.mx\\\/wp-content\\\/uploads\\\/2025\\\/05\\\/fumata_vaticano.jpg\",\"inLanguage\":\"es\",\"potentialAction\":[{\"@type\":\"CommentAction\",\"name\":\"Comment\",\"target\":[\"https:\\\/\\\/fuentesfidedignas.com.mx\\\/index.php\\\/2025\\\/05\\\/08\\\/fumata-negra-tras-votaciones-en-el-segundo-dia-del-conclave\\\/#respond\"]}]},{\"@type\":\"WebPage\",\"@id\":\"https:\\\/\\\/fuentesfidedignas.com.mx\\\/index.php\\\/2025\\\/05\\\/08\\\/fumata-negra-tras-votaciones-en-el-segundo-dia-del-conclave\\\/\",\"url\":\"https:\\\/\\\/fuentesfidedignas.com.mx\\\/index.php\\\/2025\\\/05\\\/08\\\/fumata-negra-tras-votaciones-en-el-segundo-dia-del-conclave\\\/\",\"name\":\"Fumata negra tras votaciones en el segundo d\u00eda del c\u00f3nclave - Fuentes Fidedignas\",\"isPartOf\":{\"@id\":\"https:\\\/\\\/fuentesfidedignas.com.mx\\\/#website\"},\"primaryImageOfPage\":{\"@id\":\"https:\\\/\\\/fuentesfidedignas.com.mx\\\/index.php\\\/2025\\\/05\\\/08\\\/fumata-negra-tras-votaciones-en-el-segundo-dia-del-conclave\\\/#primaryimage\"},\"image\":{\"@id\":\"https:\\\/\\\/fuentesfidedignas.com.mx\\\/index.php\\\/2025\\\/05\\\/08\\\/fumata-negra-tras-votaciones-en-el-segundo-dia-del-conclave\\\/#primaryimage\"},\"thumbnailUrl\":\"https:\\\/\\\/fuentesfidedignas.com.mx\\\/wp-content\\\/uploads\\\/2025\\\/05\\\/fumata_vaticano.jpg\",\"datePublished\":\"2025-05-08T13:41:58+00:00\",\"dateModified\":\"2025-05-08T16:48:56+00:00\",\"breadcrumb\":{\"@id\":\"https:\\\/\\\/fuentesfidedignas.com.mx\\\/index.php\\\/2025\\\/05\\\/08\\\/fumata-negra-tras-votaciones-en-el-segundo-dia-del-conclave\\\/#breadcrumb\"},\"inLanguage\":\"es\",\"potentialAction\":[{\"@type\":\"ReadAction\",\"target\":[\"https:\\\/\\\/fuentesfidedignas.com.mx\\\/index.php\\\/2025\\\/05\\\/08\\\/fumata-negra-tras-votaciones-en-el-segundo-dia-del-conclave\\\/\"]}]},{\"@type\":\"ImageObject\",\"inLanguage\":\"es\",\"@id\":\"https:\\\/\\\/fuentesfidedignas.com.mx\\\/index.php\\\/2025\\\/05\\\/08\\\/fumata-negra-tras-votaciones-en-el-segundo-dia-del-conclave\\\/#primaryimage\",\"url\":\"https:\\\/\\\/fuentesfidedignas.com.mx\\\/wp-content\\\/uploads\\\/2025\\\/05\\\/fumata_vaticano.jpg\",\"contentUrl\":\"https:\\\/\\\/fuentesfidedignas.com.mx\\\/wp-content\\\/uploads\\\/2025\\\/05\\\/fumata_vaticano.jpg\",\"width\":647,\"height\":400},{\"@type\":\"BreadcrumbList\",\"@id\":\"https:\\\/\\\/fuentesfidedignas.com.mx\\\/index.php\\\/2025\\\/05\\\/08\\\/fumata-negra-tras-votaciones-en-el-segundo-dia-del-conclave\\\/#breadcrumb\",\"itemListElement\":[{\"@type\":\"ListItem\",\"position\":1,\"name\":\"Inicio\",\"item\":\"https:\\\/\\\/fuentesfidedignas.com.mx\\\/\"},{\"@type\":\"ListItem\",\"position\":2,\"name\":\"Fumata negra tras votaciones en el segundo d\u00eda del c\u00f3nclave\"}]},{\"@type\":\"WebSite\",\"@id\":\"https:\\\/\\\/fuentesfidedignas.com.mx\\\/#website\",\"url\":\"https:\\\/\\\/fuentesfidedignas.com.mx\\\/\",\"name\":\"Fuentes Fidedignas\",\"description\":\"Otro sitio realizado con WordPress\",\"publisher\":{\"@id\":\"https:\\\/\\\/fuentesfidedignas.com.mx\\\/#organization\"},\"potentialAction\":[{\"@type\":\"SearchAction\",\"target\":{\"@type\":\"EntryPoint\",\"urlTemplate\":\"https:\\\/\\\/fuentesfidedignas.com.mx\\\/?s={search_term_string}\"},\"query-input\":{\"@type\":\"PropertyValueSpecification\",\"valueRequired\":true,\"valueName\":\"search_term_string\"}}],\"inLanguage\":\"es\"},{\"@type\":\"Organization\",\"@id\":\"https:\\\/\\\/fuentesfidedignas.com.mx\\\/#organization\",\"name\":\"Fuentes Fidedignas\",\"url\":\"https:\\\/\\\/fuentesfidedignas.com.mx\\\/\",\"logo\":{\"@type\":\"ImageObject\",\"inLanguage\":\"es\",\"@id\":\"https:\\\/\\\/fuentesfidedignas.com.mx\\\/#\\\/schema\\\/logo\\\/image\\\/\",\"url\":\"https:\\\/\\\/fuentesfidedignas.com.mx\\\/wp-content\\\/uploads\\\/2021\\\/04\\\/logo-retina.png\",\"contentUrl\":\"https:\\\/\\\/fuentesfidedignas.com.mx\\\/wp-content\\\/uploads\\\/2021\\\/04\\\/logo-retina.png\",\"width\":280,\"height\":51,\"caption\":\"Fuentes Fidedignas\"},\"image\":{\"@id\":\"https:\\\/\\\/fuentesfidedignas.com.mx\\\/#\\\/schema\\\/logo\\\/image\\\/\"},\"sameAs\":[\"https:\\\/\\\/www.facebook.com\\\/Fuentes-Fidedignas-368234489921644\",\"https:\\\/\\\/x.com\\\/fidedignas\"]},{\"@type\":\"Person\",\"@id\":\"https:\\\/\\\/fuentesfidedignas.com.mx\\\/#\\\/schema\\\/person\\\/67d852f0557c8509146a4b9ddebd543a\",\"name\":\"L\u00f3pez D\u00f3riga\",\"image\":{\"@type\":\"ImageObject\",\"inLanguage\":\"es\",\"@id\":\"https:\\\/\\\/secure.gravatar.com\\\/avatar\\\/e525b06574ca18b33cded59dfe5778d6c823b9513154eff47da551b0551bdd1e?s=96&d=mm&r=g\",\"url\":\"https:\\\/\\\/secure.gravatar.com\\\/avatar\\\/e525b06574ca18b33cded59dfe5778d6c823b9513154eff47da551b0551bdd1e?s=96&d=mm&r=g\",\"contentUrl\":\"https:\\\/\\\/secure.gravatar.com\\\/avatar\\\/e525b06574ca18b33cded59dfe5778d6c823b9513154eff47da551b0551bdd1e?s=96&d=mm&r=g\",\"caption\":\"L\u00f3pez D\u00f3riga\"},\"url\":\"https:\\\/\\\/fuentesfidedignas.com.mx\\\/index.php\\\/author\\\/doriga\\\/\"}]}<\/script>\n<!-- \/ Yoast SEO plugin. -->","yoast_head_json":{"title":"Fumata negra tras votaciones en el segundo d\u00eda del c\u00f3nclave - Fuentes Fidedignas","robots":{"index":"index","follow":"follow","max-snippet":"max-snippet:-1","max-image-preview":"max-image-preview:large","max-video-preview":"max-video-preview:-1"},"canonical":"https:\/\/fuentesfidedignas.com.mx\/index.php\/2025\/05\/08\/fumata-negra-tras-votaciones-en-el-segundo-dia-del-conclave\/","og_locale":"es_MX","og_type":"article","og_title":"Fumata negra tras votaciones en el segundo d\u00eda del c\u00f3nclave - Fuentes Fidedignas","og_description":"Las primeras votaciones del segundo d\u00eda del c\u00f3nclave derivaron en una fumata negra, lo que significa que todav\u00eda no hay papa Los 133 cardenales no consiguieron elegir a un nuevo papa despu\u00e9s de las primeras dos votaciones celebradas del jueves 8 de mayo en la Capilla Sixtina, en el segundo d\u00eda del c\u00f3nclave. La fumata [&hellip;]","og_url":"https:\/\/fuentesfidedignas.com.mx\/index.php\/2025\/05\/08\/fumata-negra-tras-votaciones-en-el-segundo-dia-del-conclave\/","og_site_name":"Fuentes Fidedignas","article_publisher":"https:\/\/www.facebook.com\/Fuentes-Fidedignas-368234489921644","article_published_time":"2025-05-08T13:41:58+00:00","article_modified_time":"2025-05-08T16:48:56+00:00","og_image":[{"width":647,"height":400,"url":"https:\/\/fuentesfidedignas.com.mx\/wp-content\/uploads\/2025\/05\/fumata_vaticano.jpg","type":"image\/jpeg"}],"author":"L\u00f3pez D\u00f3riga","twitter_card":"summary_large_image","twitter_creator":"@fidedignas","twitter_site":"@fidedignas","twitter_misc":{"Escrito por":"L\u00f3pez D\u00f3riga","Tiempo de lectura":"2 minutos"},"schema":{"@context":"https:\/\/schema.org","@graph":[{"@type":"Article","@id":"https:\/\/fuentesfidedignas.com.mx\/index.php\/2025\/05\/08\/fumata-negra-tras-votaciones-en-el-segundo-dia-del-conclave\/#article","isPartOf":{"@id":"https:\/\/fuentesfidedignas.com.mx\/index.php\/2025\/05\/08\/fumata-negra-tras-votaciones-en-el-segundo-dia-del-conclave\/"},"author":{"name":"L\u00f3pez D\u00f3riga","@id":"https:\/\/fuentesfidedignas.com.mx\/#\/schema\/person\/67d852f0557c8509146a4b9ddebd543a"},"headline":"Fumata negra tras votaciones en el segundo d\u00eda del c\u00f3nclave","datePublished":"2025-05-08T13:41:58+00:00","dateModified":"2025-05-08T16:48:56+00:00","mainEntityOfPage":{"@id":"https:\/\/fuentesfidedignas.com.mx\/index.php\/2025\/05\/08\/fumata-negra-tras-votaciones-en-el-segundo-dia-del-conclave\/"},"wordCount":373,"commentCount":0,"publisher":{"@id":"https:\/\/fuentesfidedignas.com.mx\/#organization"},"image":{"@id":"https:\/\/fuentesfidedignas.com.mx\/index.php\/2025\/05\/08\/fumata-negra-tras-votaciones-en-el-segundo-dia-del-conclave\/#primaryimage"},"thumbnailUrl":"https:\/\/fuentesfidedignas.com.mx\/wp-content\/uploads\/2025\/05\/fumata_vaticano.jpg","inLanguage":"es","potentialAction":[{"@type":"CommentAction","name":"Comment","target":["https:\/\/fuentesfidedignas.com.mx\/index.php\/2025\/05\/08\/fumata-negra-tras-votaciones-en-el-segundo-dia-del-conclave\/#respond"]}]},{"@type":"WebPage","@id":"https:\/\/fuentesfidedignas.com.mx\/index.php\/2025\/05\/08\/fumata-negra-tras-votaciones-en-el-segundo-dia-del-conclave\/","url":"https:\/\/fuentesfidedignas.com.mx\/index.php\/2025\/05\/08\/fumata-negra-tras-votaciones-en-el-segundo-dia-del-conclave\/","name":"Fumata negra tras votaciones en el segundo d\u00eda del c\u00f3nclave - Fuentes Fidedignas","isPartOf":{"@id":"https:\/\/fuentesfidedignas.com.mx\/#website"},"primaryImageOfPage":{"@id":"https:\/\/fuentesfidedignas.com.mx\/index.php\/2025\/05\/08\/fumata-negra-tras-votaciones-en-el-segundo-dia-del-conclave\/#primaryimage"},"image":{"@id":"https:\/\/fuentesfidedignas.com.mx\/index.php\/2025\/05\/08\/fumata-negra-tras-votaciones-en-el-segundo-dia-del-conclave\/#primaryimage"},"thumbnailUrl":"https:\/\/fuentesfidedignas.com.mx\/wp-content\/uploads\/2025\/05\/fumata_vaticano.jpg","datePublished":"2025-05-08T13:41:58+00:00","dateModified":"2025-05-08T16:48:56+00:00","breadcrumb":{"@id":"https:\/\/fuentesfidedignas.com.mx\/index.php\/2025\/05\/08\/fumata-negra-tras-votaciones-en-el-segundo-dia-del-conclave\/#breadcrumb"},"inLanguage":"es","potentialAction":[{"@type":"ReadAction","target":["https:\/\/fuentesfidedignas.com.mx\/index.php\/2025\/05\/08\/fumata-negra-tras-votaciones-en-el-segundo-dia-del-conclave\/"]}]},{"@type":"ImageObject","inLanguage":"es","@id":"https:\/\/fuentesfidedignas.com.mx\/index.php\/2025\/05\/08\/fumata-negra-tras-votaciones-en-el-segundo-dia-del-conclave\/#primaryimage","url":"https:\/\/fuentesfidedignas.com.mx\/wp-content\/uploads\/2025\/05\/fumata_vaticano.jpg","contentUrl":"https:\/\/fuentesfidedignas.com.mx\/wp-content\/uploads\/2025\/05\/fumata_vaticano.jpg","width":647,"height":400},{"@type":"BreadcrumbList","@id":"https:\/\/fuentesfidedignas.com.mx\/index.php\/2025\/05\/08\/fumata-negra-tras-votaciones-en-el-segundo-dia-del-conclave\/#breadcrumb","itemListElement":[{"@type":"ListItem","position":1,"name":"Inicio","item":"https:\/\/fuentesfidedignas.com.mx\/"},{"@type":"ListItem","position":2,"name":"Fumata negra tras votaciones en el segundo d\u00eda del c\u00f3nclave"}]},{"@type":"WebSite","@id":"https:\/\/fuentesfidedignas.com.mx\/#website","url":"https:\/\/fuentesfidedignas.com.mx\/","name":"Fuentes Fidedignas","description":"Otro sitio realizado con WordPress","publisher":{"@id":"https:\/\/fuentesfidedignas.com.mx\/#organization"},"potentialAction":[{"@type":"SearchAction","target":{"@type":"EntryPoint","urlTemplate":"https:\/\/fuentesfidedignas.com.mx\/?s={search_term_string}"},"query-input":{"@type":"PropertyValueSpecification","valueRequired":true,"valueName":"search_term_string"}}],"inLanguage":"es"},{"@type":"Organization","@id":"https:\/\/fuentesfidedignas.com.mx\/#organization","name":"Fuentes Fidedignas","url":"https:\/\/fuentesfidedignas.com.mx\/","logo":{"@type":"ImageObject","inLanguage":"es","@id":"https:\/\/fuentesfidedignas.com.mx\/#\/schema\/logo\/image\/","url":"https:\/\/fuentesfidedignas.com.mx\/wp-content\/uploads\/2021\/04\/logo-retina.png","contentUrl":"https:\/\/fuentesfidedignas.com.mx\/wp-content\/uploads\/2021\/04\/logo-retina.png","width":280,"height":51,"caption":"Fuentes Fidedignas"},"image":{"@id":"https:\/\/fuentesfidedignas.com.mx\/#\/schema\/logo\/image\/"},"sameAs":["https:\/\/www.facebook.com\/Fuentes-Fidedignas-368234489921644","https:\/\/x.com\/fidedignas"]},{"@type":"Person","@id":"https:\/\/fuentesfidedignas.com.mx\/#\/schema\/person\/67d852f0557c8509146a4b9ddebd543a","name":"L\u00f3pez D\u00f3riga","image":{"@type":"ImageObject","inLanguage":"es","@id":"https:\/\/secure.gravatar.com\/avatar\/e525b06574ca18b33cded59dfe5778d6c823b9513154eff47da551b0551bdd1e?s=96&d=mm&r=g","url":"https:\/\/secure.gravatar.com\/avatar\/e525b06574ca18b33cded59dfe5778d6c823b9513154eff47da551b0551bdd1e?s=96&d=mm&r=g","contentUrl":"https:\/\/secure.gravatar.com\/avatar\/e525b06574ca18b33cded59dfe5778d6c823b9513154eff47da551b0551bdd1e?s=96&d=mm&r=g","caption":"L\u00f3pez D\u00f3riga"},"url":"https:\/\/fuentesfidedignas.com.mx\/index.php\/author\/doriga\/"}]}},"_links":{"self":[{"href":"https:\/\/fuentesfidedignas.com.mx\/index.php\/wp-json\/wp\/v2\/posts\/107873","targetHints":{"allow":["GET"]}}],"collection":[{"href":"https:\/\/fuentesfidedignas.com.mx\/index.php\/wp-json\/wp\/v2\/posts"}],"about":[{"href":"https:\/\/fuentesfidedignas.com.mx\/index.php\/wp-json\/wp\/v2\/types\/post"}],"author":[{"embeddable":true,"href":"https:\/\/fuentesfidedignas.com.mx\/index.php\/wp-json\/wp\/v2\/users\/47"}],"replies":[{"embeddable":true,"href":"https:\/\/fuentesfidedignas.com.mx\/index.php\/wp-json\/wp\/v2\/comments?post=107873"}],"version-history":[{"count":1,"href":"https:\/\/fuentesfidedignas.com.mx\/index.php\/wp-json\/wp\/v2\/posts\/107873\/revisions"}],"predecessor-version":[{"id":107875,"href":"https:\/\/fuentesfidedignas.com.mx\/index.php\/wp-json\/wp\/v2\/posts\/107873\/revisions\/107875"}],"wp:featuredmedia":[{"embeddable":true,"href":"https:\/\/fuentesfidedignas.com.mx\/index.php\/wp-json\/wp\/v2\/media\/107874"}],"wp:attachment":[{"href":"https:\/\/fuentesfidedignas.com.mx\/index.php\/wp-json\/wp\/v2\/media?parent=107873"}],"wp:term":[{"taxonomy":"category","embeddable":true,"href":"https:\/\/fuentesfidedignas.com.mx\/index.php\/wp-json\/wp\/v2\/categories?post=107873"},{"taxonomy":"post_tag","embeddable":true,"href":"https:\/\/fuentesfidedignas.com.mx\/index.php\/wp-json\/wp\/v2\/tags?post=107873"}],"curies":[{"name":"wp","href":"https:\/\/api.w.org\/{rel}","templated":true}]}}