{"id":107852,"date":"2025-05-07T19:52:09","date_gmt":"2025-05-08T02:52:09","guid":{"rendered":"https:\/\/fuentesfidedignas.com.mx\/?p=107852"},"modified":"2025-05-07T19:52:12","modified_gmt":"2025-05-08T02:52:12","slug":"canal-veintidos-el-canal-de-las-culturas-de-mexico-se-renueva","status":"publish","type":"post","link":"https:\/\/fuentesfidedignas.com.mx\/index.php\/2025\/05\/07\/canal-veintidos-el-canal-de-las-culturas-de-mexico-se-renueva\/","title":{"rendered":"Canal Veintid\u00f3s, el canal de las culturas de M\u00e9xico, se renueva"},"content":{"rendered":"\n<p><strong><em>A partir del 12 mayo, Canal Veintid\u00f3s renueva su imagen y programaci\u00f3n con m\u00e1s de 10 estrenos,\u00a0nuevas temporadas\u00a0y otros cambios significativos<\/em><\/strong><\/p>\n\n\n\n<p>Ciudad de M\u00e9xico.- Canal Veintid\u00f3s, el Canal de las Culturas de M\u00e9xico, renueva su compromiso con la audiencia y, por ello, ampl\u00eda el enfoque de su programaci\u00f3n con estrenos de producciones propias que buscan promover la soberan\u00eda cultural, descentralizarla y dar voz al entretenimiento con prestigio, es decir, producciones colectivas que abren el micr\u00f3fono a quienes construyen y fortalecen la riqueza cultural de nuestro pa\u00eds y que, a trav\u00e9s de nuestra se\u00f1al, nos ayudar\u00e1n a llevar a M\u00e9xico a pantalla.<\/p>\n\n\n\n<p>Programas de revista, cr\u00f3nicas, video podcasts, debates y m\u00e1s, son parte de los estrenos que llegan a la pantalla con l\u00edneas tem\u00e1ticas que van desde la soberan\u00eda del relato nacional, la libertad de expresi\u00f3n, el cambio clim\u00e1tico, la cultura alimentaria, la di\u00e1spora y derechos humanos, hasta el deporte.<\/p>\n\n\n\n<p>Adem\u00e1s, como parte de este cambio, renueva su noticiario cultural Noticias 22 y abre espacio a Culturas Veintid\u00f3s, que busca brindar acceso al arte, a las ciencias, a las humanidades y a la actualidad mediante el disfrute y la comprensi\u00f3n: democratizar las culturas. En ese espacio, ahora conducido por Luisa Iglesias y Claudio Mart\u00ednez, habr\u00e1 entrevistas con especialistas, artistas y pensadores; rese\u00f1as de libros, cine y m\u00fasica; ensayos y reportajes que exploran las intersecciones del arte, la ciencia, las causas sociales, as\u00ed como cr\u00f3nicas contadas por las audiencias. Culturas Veintid\u00f3s inicia este gran cambio a partir del lunes 12 de mayo, en vivo a las 20 horas.<\/p>\n\n\n\n<p>El relanzamiento del ahora Canal Veintid\u00f3s se centra en cada uno de los espacios a los que la televisora ha abierto sus contenidos, poniendo especial atenci\u00f3n en la demanda de transformaci\u00f3n cultural que cada vez es m\u00e1s veloz. Por ello, nuestros cambios se extienden a todas nuestras pantallas, incluyendo nuestras plataformas digitales. A trav\u00e9s de esta actualizaci\u00f3n, la pantalla se vuelve m\u00e1s cercana, \u00e1gil y din\u00e1mica. Descentralizar conlleva una gran responsabilidad y, en estos esfuerzos, el Canal de las Culturas de M\u00e9xico busca mejorar la experiencia de los televidentes, quienes merecen calidad en cada uno de los formatos que se presentan.<\/p>\n\n\n\n<p>A lo largo de casi 32 a\u00f1os de existencia, Canal Veintid\u00f3s ha sido una se\u00f1al clave para llevar las expresiones culturales a cada rinc\u00f3n, por ello, hoy vuelve la mirada a las m\u00faltiples y variadas culturas de M\u00e9xico; porque sus culturas unen, celebran, incluyen y sorprenden.<\/p>\n","protected":false},"excerpt":{"rendered":"<p>A partir del 12 mayo, Canal Veintid\u00f3s renueva su imagen y programaci\u00f3n con m\u00e1s de 10 estrenos,\u00a0nuevas temporadas\u00a0y otros cambios significativos Ciudad de M\u00e9xico.- Canal Veintid\u00f3s, el Canal de las Culturas de M\u00e9xico, renueva su compromiso con la audiencia y, por ello, ampl\u00eda el enfoque de su programaci\u00f3n con estrenos de producciones propias que buscan [&hellip;]<\/p>\n","protected":false},"author":4,"featured_media":107855,"comment_status":"open","ping_status":"open","sticky":false,"template":"","format":"standard","meta":{"tdm_status":"","tdm_grid_status":"","footnotes":""},"categories":[39],"tags":[],"class_list":{"0":"post-107852","1":"post","2":"type-post","3":"status-publish","4":"format-standard","5":"has-post-thumbnail","7":"category-noticias-nacionales"},"yoast_head":"<!-- This site is optimized with the Yoast SEO plugin v27.5 - https:\/\/yoast.com\/product\/yoast-seo-wordpress\/ -->\n<title>Canal Veintid\u00f3s, el canal de las culturas de M\u00e9xico, se renueva - Fuentes Fidedignas<\/title>\n<meta name=\"robots\" content=\"index, follow, max-snippet:-1, max-image-preview:large, max-video-preview:-1\" \/>\n<link rel=\"canonical\" href=\"https:\/\/fuentesfidedignas.com.mx\/index.php\/2025\/05\/07\/canal-veintidos-el-canal-de-las-culturas-de-mexico-se-renueva\/\" \/>\n<meta property=\"og:locale\" content=\"es_MX\" \/>\n<meta property=\"og:type\" content=\"article\" \/>\n<meta property=\"og:title\" content=\"Canal Veintid\u00f3s, el canal de las culturas de M\u00e9xico, se renueva - Fuentes Fidedignas\" \/>\n<meta property=\"og:description\" content=\"A partir del 12 mayo, Canal Veintid\u00f3s renueva su imagen y programaci\u00f3n con m\u00e1s de 10 estrenos,\u00a0nuevas temporadas\u00a0y otros cambios significativos Ciudad de M\u00e9xico.- Canal Veintid\u00f3s, el Canal de las Culturas de M\u00e9xico, renueva su compromiso con la audiencia y, por ello, ampl\u00eda el enfoque de su programaci\u00f3n con estrenos de producciones propias que buscan [&hellip;]\" \/>\n<meta property=\"og:url\" content=\"https:\/\/fuentesfidedignas.com.mx\/index.php\/2025\/05\/07\/canal-veintidos-el-canal-de-las-culturas-de-mexico-se-renueva\/\" \/>\n<meta property=\"og:site_name\" content=\"Fuentes Fidedignas\" \/>\n<meta property=\"article:publisher\" content=\"https:\/\/www.facebook.com\/Fuentes-Fidedignas-368234489921644\" \/>\n<meta property=\"article:published_time\" content=\"2025-05-08T02:52:09+00:00\" \/>\n<meta property=\"article:modified_time\" content=\"2025-05-08T02:52:12+00:00\" \/>\n<meta property=\"og:image\" content=\"https:\/\/fuentesfidedignas.com.mx\/wp-content\/uploads\/2025\/05\/canal-22.jpg\" \/>\n\t<meta property=\"og:image:width\" content=\"600\" \/>\n\t<meta property=\"og:image:height\" content=\"336\" \/>\n\t<meta property=\"og:image:type\" content=\"image\/jpeg\" \/>\n<meta name=\"author\" content=\"Redacci\u00f3n\" \/>\n<meta name=\"twitter:card\" content=\"summary_large_image\" \/>\n<meta name=\"twitter:creator\" content=\"@fidedignas\" \/>\n<meta name=\"twitter:site\" content=\"@fidedignas\" \/>\n<meta name=\"twitter:label1\" content=\"Escrito por\" \/>\n\t<meta name=\"twitter:data1\" content=\"Redacci\u00f3n\" \/>\n\t<meta name=\"twitter:label2\" content=\"Tiempo de lectura\" \/>\n\t<meta name=\"twitter:data2\" content=\"3 minutos\" \/>\n<script type=\"application\/ld+json\" class=\"yoast-schema-graph\">{\"@context\":\"https:\\\/\\\/schema.org\",\"@graph\":[{\"@type\":\"Article\",\"@id\":\"https:\\\/\\\/fuentesfidedignas.com.mx\\\/index.php\\\/2025\\\/05\\\/07\\\/canal-veintidos-el-canal-de-las-culturas-de-mexico-se-renueva\\\/#article\",\"isPartOf\":{\"@id\":\"https:\\\/\\\/fuentesfidedignas.com.mx\\\/index.php\\\/2025\\\/05\\\/07\\\/canal-veintidos-el-canal-de-las-culturas-de-mexico-se-renueva\\\/\"},\"author\":{\"name\":\"Redacci\u00f3n\",\"@id\":\"https:\\\/\\\/fuentesfidedignas.com.mx\\\/#\\\/schema\\\/person\\\/331be9283d37198e2acd5750279085b0\"},\"headline\":\"Canal Veintid\u00f3s, el canal de las culturas de M\u00e9xico, se renueva\",\"datePublished\":\"2025-05-08T02:52:09+00:00\",\"dateModified\":\"2025-05-08T02:52:12+00:00\",\"mainEntityOfPage\":{\"@id\":\"https:\\\/\\\/fuentesfidedignas.com.mx\\\/index.php\\\/2025\\\/05\\\/07\\\/canal-veintidos-el-canal-de-las-culturas-de-mexico-se-renueva\\\/\"},\"wordCount\":459,\"commentCount\":0,\"publisher\":{\"@id\":\"https:\\\/\\\/fuentesfidedignas.com.mx\\\/#organization\"},\"image\":{\"@id\":\"https:\\\/\\\/fuentesfidedignas.com.mx\\\/index.php\\\/2025\\\/05\\\/07\\\/canal-veintidos-el-canal-de-las-culturas-de-mexico-se-renueva\\\/#primaryimage\"},\"thumbnailUrl\":\"https:\\\/\\\/fuentesfidedignas.com.mx\\\/wp-content\\\/uploads\\\/2025\\\/05\\\/canal-22.jpg\",\"articleSection\":[\"NOTICIAS NACIONALES\"],\"inLanguage\":\"es\",\"potentialAction\":[{\"@type\":\"CommentAction\",\"name\":\"Comment\",\"target\":[\"https:\\\/\\\/fuentesfidedignas.com.mx\\\/index.php\\\/2025\\\/05\\\/07\\\/canal-veintidos-el-canal-de-las-culturas-de-mexico-se-renueva\\\/#respond\"]}]},{\"@type\":\"WebPage\",\"@id\":\"https:\\\/\\\/fuentesfidedignas.com.mx\\\/index.php\\\/2025\\\/05\\\/07\\\/canal-veintidos-el-canal-de-las-culturas-de-mexico-se-renueva\\\/\",\"url\":\"https:\\\/\\\/fuentesfidedignas.com.mx\\\/index.php\\\/2025\\\/05\\\/07\\\/canal-veintidos-el-canal-de-las-culturas-de-mexico-se-renueva\\\/\",\"name\":\"Canal Veintid\u00f3s, el canal de las culturas de M\u00e9xico, se renueva - Fuentes Fidedignas\",\"isPartOf\":{\"@id\":\"https:\\\/\\\/fuentesfidedignas.com.mx\\\/#website\"},\"primaryImageOfPage\":{\"@id\":\"https:\\\/\\\/fuentesfidedignas.com.mx\\\/index.php\\\/2025\\\/05\\\/07\\\/canal-veintidos-el-canal-de-las-culturas-de-mexico-se-renueva\\\/#primaryimage\"},\"image\":{\"@id\":\"https:\\\/\\\/fuentesfidedignas.com.mx\\\/index.php\\\/2025\\\/05\\\/07\\\/canal-veintidos-el-canal-de-las-culturas-de-mexico-se-renueva\\\/#primaryimage\"},\"thumbnailUrl\":\"https:\\\/\\\/fuentesfidedignas.com.mx\\\/wp-content\\\/uploads\\\/2025\\\/05\\\/canal-22.jpg\",\"datePublished\":\"2025-05-08T02:52:09+00:00\",\"dateModified\":\"2025-05-08T02:52:12+00:00\",\"breadcrumb\":{\"@id\":\"https:\\\/\\\/fuentesfidedignas.com.mx\\\/index.php\\\/2025\\\/05\\\/07\\\/canal-veintidos-el-canal-de-las-culturas-de-mexico-se-renueva\\\/#breadcrumb\"},\"inLanguage\":\"es\",\"potentialAction\":[{\"@type\":\"ReadAction\",\"target\":[\"https:\\\/\\\/fuentesfidedignas.com.mx\\\/index.php\\\/2025\\\/05\\\/07\\\/canal-veintidos-el-canal-de-las-culturas-de-mexico-se-renueva\\\/\"]}]},{\"@type\":\"ImageObject\",\"inLanguage\":\"es\",\"@id\":\"https:\\\/\\\/fuentesfidedignas.com.mx\\\/index.php\\\/2025\\\/05\\\/07\\\/canal-veintidos-el-canal-de-las-culturas-de-mexico-se-renueva\\\/#primaryimage\",\"url\":\"https:\\\/\\\/fuentesfidedignas.com.mx\\\/wp-content\\\/uploads\\\/2025\\\/05\\\/canal-22.jpg\",\"contentUrl\":\"https:\\\/\\\/fuentesfidedignas.com.mx\\\/wp-content\\\/uploads\\\/2025\\\/05\\\/canal-22.jpg\",\"width\":600,\"height\":336},{\"@type\":\"BreadcrumbList\",\"@id\":\"https:\\\/\\\/fuentesfidedignas.com.mx\\\/index.php\\\/2025\\\/05\\\/07\\\/canal-veintidos-el-canal-de-las-culturas-de-mexico-se-renueva\\\/#breadcrumb\",\"itemListElement\":[{\"@type\":\"ListItem\",\"position\":1,\"name\":\"Inicio\",\"item\":\"https:\\\/\\\/fuentesfidedignas.com.mx\\\/\"},{\"@type\":\"ListItem\",\"position\":2,\"name\":\"Canal Veintid\u00f3s, el canal de las culturas de M\u00e9xico, se renueva\"}]},{\"@type\":\"WebSite\",\"@id\":\"https:\\\/\\\/fuentesfidedignas.com.mx\\\/#website\",\"url\":\"https:\\\/\\\/fuentesfidedignas.com.mx\\\/\",\"name\":\"Fuentes Fidedignas\",\"description\":\"Otro sitio realizado con WordPress\",\"publisher\":{\"@id\":\"https:\\\/\\\/fuentesfidedignas.com.mx\\\/#organization\"},\"potentialAction\":[{\"@type\":\"SearchAction\",\"target\":{\"@type\":\"EntryPoint\",\"urlTemplate\":\"https:\\\/\\\/fuentesfidedignas.com.mx\\\/?s={search_term_string}\"},\"query-input\":{\"@type\":\"PropertyValueSpecification\",\"valueRequired\":true,\"valueName\":\"search_term_string\"}}],\"inLanguage\":\"es\"},{\"@type\":\"Organization\",\"@id\":\"https:\\\/\\\/fuentesfidedignas.com.mx\\\/#organization\",\"name\":\"Fuentes Fidedignas\",\"url\":\"https:\\\/\\\/fuentesfidedignas.com.mx\\\/\",\"logo\":{\"@type\":\"ImageObject\",\"inLanguage\":\"es\",\"@id\":\"https:\\\/\\\/fuentesfidedignas.com.mx\\\/#\\\/schema\\\/logo\\\/image\\\/\",\"url\":\"https:\\\/\\\/fuentesfidedignas.com.mx\\\/wp-content\\\/uploads\\\/2021\\\/04\\\/logo-retina.png\",\"contentUrl\":\"https:\\\/\\\/fuentesfidedignas.com.mx\\\/wp-content\\\/uploads\\\/2021\\\/04\\\/logo-retina.png\",\"width\":280,\"height\":51,\"caption\":\"Fuentes Fidedignas\"},\"image\":{\"@id\":\"https:\\\/\\\/fuentesfidedignas.com.mx\\\/#\\\/schema\\\/logo\\\/image\\\/\"},\"sameAs\":[\"https:\\\/\\\/www.facebook.com\\\/Fuentes-Fidedignas-368234489921644\",\"https:\\\/\\\/x.com\\\/fidedignas\"]},{\"@type\":\"Person\",\"@id\":\"https:\\\/\\\/fuentesfidedignas.com.mx\\\/#\\\/schema\\\/person\\\/331be9283d37198e2acd5750279085b0\",\"name\":\"Redacci\u00f3n\",\"image\":{\"@type\":\"ImageObject\",\"inLanguage\":\"es\",\"@id\":\"https:\\\/\\\/secure.gravatar.com\\\/avatar\\\/f6d8782c11d12b2d4ad3fbb6931aeab5309937a4d6cd2fc9cfaa28a6396a5aec?s=96&d=mm&r=g\",\"url\":\"https:\\\/\\\/secure.gravatar.com\\\/avatar\\\/f6d8782c11d12b2d4ad3fbb6931aeab5309937a4d6cd2fc9cfaa28a6396a5aec?s=96&d=mm&r=g\",\"contentUrl\":\"https:\\\/\\\/secure.gravatar.com\\\/avatar\\\/f6d8782c11d12b2d4ad3fbb6931aeab5309937a4d6cd2fc9cfaa28a6396a5aec?s=96&d=mm&r=g\",\"caption\":\"Redacci\u00f3n\"},\"url\":\"https:\\\/\\\/fuentesfidedignas.com.mx\\\/index.php\\\/author\\\/redaccion\\\/\"}]}<\/script>\n<!-- \/ Yoast SEO plugin. -->","yoast_head_json":{"title":"Canal Veintid\u00f3s, el canal de las culturas de M\u00e9xico, se renueva - Fuentes Fidedignas","robots":{"index":"index","follow":"follow","max-snippet":"max-snippet:-1","max-image-preview":"max-image-preview:large","max-video-preview":"max-video-preview:-1"},"canonical":"https:\/\/fuentesfidedignas.com.mx\/index.php\/2025\/05\/07\/canal-veintidos-el-canal-de-las-culturas-de-mexico-se-renueva\/","og_locale":"es_MX","og_type":"article","og_title":"Canal Veintid\u00f3s, el canal de las culturas de M\u00e9xico, se renueva - Fuentes Fidedignas","og_description":"A partir del 12 mayo, Canal Veintid\u00f3s renueva su imagen y programaci\u00f3n con m\u00e1s de 10 estrenos,\u00a0nuevas temporadas\u00a0y otros cambios significativos Ciudad de M\u00e9xico.- Canal Veintid\u00f3s, el Canal de las Culturas de M\u00e9xico, renueva su compromiso con la audiencia y, por ello, ampl\u00eda el enfoque de su programaci\u00f3n con estrenos de producciones propias que buscan [&hellip;]","og_url":"https:\/\/fuentesfidedignas.com.mx\/index.php\/2025\/05\/07\/canal-veintidos-el-canal-de-las-culturas-de-mexico-se-renueva\/","og_site_name":"Fuentes Fidedignas","article_publisher":"https:\/\/www.facebook.com\/Fuentes-Fidedignas-368234489921644","article_published_time":"2025-05-08T02:52:09+00:00","article_modified_time":"2025-05-08T02:52:12+00:00","og_image":[{"width":600,"height":336,"url":"https:\/\/fuentesfidedignas.com.mx\/wp-content\/uploads\/2025\/05\/canal-22.jpg","type":"image\/jpeg"}],"author":"Redacci\u00f3n","twitter_card":"summary_large_image","twitter_creator":"@fidedignas","twitter_site":"@fidedignas","twitter_misc":{"Escrito por":"Redacci\u00f3n","Tiempo de lectura":"3 minutos"},"schema":{"@context":"https:\/\/schema.org","@graph":[{"@type":"Article","@id":"https:\/\/fuentesfidedignas.com.mx\/index.php\/2025\/05\/07\/canal-veintidos-el-canal-de-las-culturas-de-mexico-se-renueva\/#article","isPartOf":{"@id":"https:\/\/fuentesfidedignas.com.mx\/index.php\/2025\/05\/07\/canal-veintidos-el-canal-de-las-culturas-de-mexico-se-renueva\/"},"author":{"name":"Redacci\u00f3n","@id":"https:\/\/fuentesfidedignas.com.mx\/#\/schema\/person\/331be9283d37198e2acd5750279085b0"},"headline":"Canal Veintid\u00f3s, el canal de las culturas de M\u00e9xico, se renueva","datePublished":"2025-05-08T02:52:09+00:00","dateModified":"2025-05-08T02:52:12+00:00","mainEntityOfPage":{"@id":"https:\/\/fuentesfidedignas.com.mx\/index.php\/2025\/05\/07\/canal-veintidos-el-canal-de-las-culturas-de-mexico-se-renueva\/"},"wordCount":459,"commentCount":0,"publisher":{"@id":"https:\/\/fuentesfidedignas.com.mx\/#organization"},"image":{"@id":"https:\/\/fuentesfidedignas.com.mx\/index.php\/2025\/05\/07\/canal-veintidos-el-canal-de-las-culturas-de-mexico-se-renueva\/#primaryimage"},"thumbnailUrl":"https:\/\/fuentesfidedignas.com.mx\/wp-content\/uploads\/2025\/05\/canal-22.jpg","articleSection":["NOTICIAS NACIONALES"],"inLanguage":"es","potentialAction":[{"@type":"CommentAction","name":"Comment","target":["https:\/\/fuentesfidedignas.com.mx\/index.php\/2025\/05\/07\/canal-veintidos-el-canal-de-las-culturas-de-mexico-se-renueva\/#respond"]}]},{"@type":"WebPage","@id":"https:\/\/fuentesfidedignas.com.mx\/index.php\/2025\/05\/07\/canal-veintidos-el-canal-de-las-culturas-de-mexico-se-renueva\/","url":"https:\/\/fuentesfidedignas.com.mx\/index.php\/2025\/05\/07\/canal-veintidos-el-canal-de-las-culturas-de-mexico-se-renueva\/","name":"Canal Veintid\u00f3s, el canal de las culturas de M\u00e9xico, se renueva - Fuentes Fidedignas","isPartOf":{"@id":"https:\/\/fuentesfidedignas.com.mx\/#website"},"primaryImageOfPage":{"@id":"https:\/\/fuentesfidedignas.com.mx\/index.php\/2025\/05\/07\/canal-veintidos-el-canal-de-las-culturas-de-mexico-se-renueva\/#primaryimage"},"image":{"@id":"https:\/\/fuentesfidedignas.com.mx\/index.php\/2025\/05\/07\/canal-veintidos-el-canal-de-las-culturas-de-mexico-se-renueva\/#primaryimage"},"thumbnailUrl":"https:\/\/fuentesfidedignas.com.mx\/wp-content\/uploads\/2025\/05\/canal-22.jpg","datePublished":"2025-05-08T02:52:09+00:00","dateModified":"2025-05-08T02:52:12+00:00","breadcrumb":{"@id":"https:\/\/fuentesfidedignas.com.mx\/index.php\/2025\/05\/07\/canal-veintidos-el-canal-de-las-culturas-de-mexico-se-renueva\/#breadcrumb"},"inLanguage":"es","potentialAction":[{"@type":"ReadAction","target":["https:\/\/fuentesfidedignas.com.mx\/index.php\/2025\/05\/07\/canal-veintidos-el-canal-de-las-culturas-de-mexico-se-renueva\/"]}]},{"@type":"ImageObject","inLanguage":"es","@id":"https:\/\/fuentesfidedignas.com.mx\/index.php\/2025\/05\/07\/canal-veintidos-el-canal-de-las-culturas-de-mexico-se-renueva\/#primaryimage","url":"https:\/\/fuentesfidedignas.com.mx\/wp-content\/uploads\/2025\/05\/canal-22.jpg","contentUrl":"https:\/\/fuentesfidedignas.com.mx\/wp-content\/uploads\/2025\/05\/canal-22.jpg","width":600,"height":336},{"@type":"BreadcrumbList","@id":"https:\/\/fuentesfidedignas.com.mx\/index.php\/2025\/05\/07\/canal-veintidos-el-canal-de-las-culturas-de-mexico-se-renueva\/#breadcrumb","itemListElement":[{"@type":"ListItem","position":1,"name":"Inicio","item":"https:\/\/fuentesfidedignas.com.mx\/"},{"@type":"ListItem","position":2,"name":"Canal Veintid\u00f3s, el canal de las culturas de M\u00e9xico, se renueva"}]},{"@type":"WebSite","@id":"https:\/\/fuentesfidedignas.com.mx\/#website","url":"https:\/\/fuentesfidedignas.com.mx\/","name":"Fuentes Fidedignas","description":"Otro sitio realizado con WordPress","publisher":{"@id":"https:\/\/fuentesfidedignas.com.mx\/#organization"},"potentialAction":[{"@type":"SearchAction","target":{"@type":"EntryPoint","urlTemplate":"https:\/\/fuentesfidedignas.com.mx\/?s={search_term_string}"},"query-input":{"@type":"PropertyValueSpecification","valueRequired":true,"valueName":"search_term_string"}}],"inLanguage":"es"},{"@type":"Organization","@id":"https:\/\/fuentesfidedignas.com.mx\/#organization","name":"Fuentes Fidedignas","url":"https:\/\/fuentesfidedignas.com.mx\/","logo":{"@type":"ImageObject","inLanguage":"es","@id":"https:\/\/fuentesfidedignas.com.mx\/#\/schema\/logo\/image\/","url":"https:\/\/fuentesfidedignas.com.mx\/wp-content\/uploads\/2021\/04\/logo-retina.png","contentUrl":"https:\/\/fuentesfidedignas.com.mx\/wp-content\/uploads\/2021\/04\/logo-retina.png","width":280,"height":51,"caption":"Fuentes Fidedignas"},"image":{"@id":"https:\/\/fuentesfidedignas.com.mx\/#\/schema\/logo\/image\/"},"sameAs":["https:\/\/www.facebook.com\/Fuentes-Fidedignas-368234489921644","https:\/\/x.com\/fidedignas"]},{"@type":"Person","@id":"https:\/\/fuentesfidedignas.com.mx\/#\/schema\/person\/331be9283d37198e2acd5750279085b0","name":"Redacci\u00f3n","image":{"@type":"ImageObject","inLanguage":"es","@id":"https:\/\/secure.gravatar.com\/avatar\/f6d8782c11d12b2d4ad3fbb6931aeab5309937a4d6cd2fc9cfaa28a6396a5aec?s=96&d=mm&r=g","url":"https:\/\/secure.gravatar.com\/avatar\/f6d8782c11d12b2d4ad3fbb6931aeab5309937a4d6cd2fc9cfaa28a6396a5aec?s=96&d=mm&r=g","contentUrl":"https:\/\/secure.gravatar.com\/avatar\/f6d8782c11d12b2d4ad3fbb6931aeab5309937a4d6cd2fc9cfaa28a6396a5aec?s=96&d=mm&r=g","caption":"Redacci\u00f3n"},"url":"https:\/\/fuentesfidedignas.com.mx\/index.php\/author\/redaccion\/"}]}},"_links":{"self":[{"href":"https:\/\/fuentesfidedignas.com.mx\/index.php\/wp-json\/wp\/v2\/posts\/107852","targetHints":{"allow":["GET"]}}],"collection":[{"href":"https:\/\/fuentesfidedignas.com.mx\/index.php\/wp-json\/wp\/v2\/posts"}],"about":[{"href":"https:\/\/fuentesfidedignas.com.mx\/index.php\/wp-json\/wp\/v2\/types\/post"}],"author":[{"embeddable":true,"href":"https:\/\/fuentesfidedignas.com.mx\/index.php\/wp-json\/wp\/v2\/users\/4"}],"replies":[{"embeddable":true,"href":"https:\/\/fuentesfidedignas.com.mx\/index.php\/wp-json\/wp\/v2\/comments?post=107852"}],"version-history":[{"count":1,"href":"https:\/\/fuentesfidedignas.com.mx\/index.php\/wp-json\/wp\/v2\/posts\/107852\/revisions"}],"predecessor-version":[{"id":107856,"href":"https:\/\/fuentesfidedignas.com.mx\/index.php\/wp-json\/wp\/v2\/posts\/107852\/revisions\/107856"}],"wp:featuredmedia":[{"embeddable":true,"href":"https:\/\/fuentesfidedignas.com.mx\/index.php\/wp-json\/wp\/v2\/media\/107855"}],"wp:attachment":[{"href":"https:\/\/fuentesfidedignas.com.mx\/index.php\/wp-json\/wp\/v2\/media?parent=107852"}],"wp:term":[{"taxonomy":"category","embeddable":true,"href":"https:\/\/fuentesfidedignas.com.mx\/index.php\/wp-json\/wp\/v2\/categories?post=107852"},{"taxonomy":"post_tag","embeddable":true,"href":"https:\/\/fuentesfidedignas.com.mx\/index.php\/wp-json\/wp\/v2\/tags?post=107852"}],"curies":[{"name":"wp","href":"https:\/\/api.w.org\/{rel}","templated":true}]}}