{"id":10784,"date":"2021-08-25T13:23:36","date_gmt":"2021-08-25T20:23:36","guid":{"rendered":"https:\/\/fuentesfidedignas.com.mx\/?p=10784"},"modified":"2021-08-25T13:23:38","modified_gmt":"2021-08-25T20:23:38","slug":"afganos-refugiados-en-mexico-recibiran-visa-humanitaria","status":"publish","type":"post","link":"https:\/\/fuentesfidedignas.com.mx\/index.php\/2021\/08\/25\/afganos-refugiados-en-mexico-recibiran-visa-humanitaria\/","title":{"rendered":"Afganos refugiados en M\u00e9xico recibir\u00e1n visa humanitaria"},"content":{"rendered":"\n<p><strong><em>Martha Delgado, subsecretaria de Asuntos Multilaterales de la canciller\u00eda detall\u00f3 que ayer lleg\u00f3 a M\u00e9xico el equipo de rob\u00f3tica y esta madrugada arribaron 124 periodistas y sus familias procedentes de Qatar<\/em><\/strong><\/p>\n\n\n\n<p>Ciudad de M\u00e9xico.- Los 130 afganos que lograron salir de su pa\u00eds ante el regreso del Talib\u00e1n al poder y que en las \u00faltimas horas arribaron a M\u00e9xico, tendr\u00e1n una visa humanitaria hasta por 180 d\u00edas, despu\u00e9s de lo cual pueden tener la opci\u00f3n de una extensi\u00f3n, dijo Martha Delgado, subsecretaria de Asuntos Multilaterales y Derechos Humanos de la Secretar\u00eda de Relaciones Exteriores de M\u00e9xico.<\/p>\n\n\n\n<p>\u201cTodos tienen un estatus de una visa humanitaria en M\u00e9xico, tiene una vigencia de 180 d\u00edas prorrogables y a partir de su llegada aqu\u00ed hay una red de apoyo importante\u2026 tienen este espacio de libertad y serenidad para pensar qu\u00e9 es lo que sigue, pueden decidir irse a otro pa\u00eds, pueden decidir permanecer en M\u00e9xico, pero esta es una decisi\u00f3n de ellos\u201d, dijo.<\/p>\n\n\n\n<p>En entrevistas con Pascal Beltr\u00e1n del R\u00edo, para Imagen Radio, la subsecretaria de Asuntos Multilaterales de la canciller\u00eda detall\u00f3 que ayer martes lleg\u00f3 a M\u00e9xico el equipo de rob\u00f3tica y durante esta madrugada arribaron 124 periodistas y sus familias procedentes de Qatar, financiado por diferentes organizaciones.<\/p>\n\n\n\n<p>\u201cLos procesos son diferentes, en el primer caso, de las ni\u00f1as (de rob\u00f3tica) la Subsecretaria tiene arreglada toda la situaci\u00f3n para que puedan estar aqu\u00ed y en el caso de los periodistas, est\u00e1n tambi\u00e9n cobijados por organismos civiles y sus propios colegas del The New York Times\u201d, explic\u00f3.<\/p>\n\n\n\n<p>Esta ma\u00f1ana, el canciller Marcelo Ebrard inform\u00f3 a trav\u00e9s de sus redes sociales que el gobierno de M\u00e9xico recibi\u00f3 este mi\u00e9rcoles a un grupo de 124 personas, conformado por reporteros que trabajaban en Afganist\u00e1n y sus familiares, que solicitaron visas humanitarias tras la toma del poder por los talibanes.<\/p>\n\n\n\n<p><\/p>\n","protected":false},"excerpt":{"rendered":"<p>Martha Delgado, subsecretaria de Asuntos Multilaterales de la canciller\u00eda detall\u00f3 que ayer lleg\u00f3 a M\u00e9xico el equipo de rob\u00f3tica y esta madrugada arribaron 124 periodistas y sus familias procedentes de Qatar Ciudad de M\u00e9xico.- Los 130 afganos que lograron salir de su pa\u00eds ante el regreso del Talib\u00e1n al poder y que en las \u00faltimas [&hellip;]<\/p>\n","protected":false},"author":7,"featured_media":10785,"comment_status":"open","ping_status":"open","sticky":false,"template":"","format":"standard","meta":{"tdm_status":"","tdm_grid_status":"","footnotes":""},"categories":[39],"tags":[138,1723,1725,1724],"class_list":{"0":"post-10784","1":"post","2":"type-post","3":"status-publish","4":"format-standard","5":"has-post-thumbnail","7":"category-noticias-nacionales","8":"tag-afganistan","9":"tag-afganos","10":"tag-qatar","11":"tag-visa-humanitaria"},"yoast_head":"<!-- This site is optimized with the Yoast SEO plugin v27.5 - https:\/\/yoast.com\/product\/yoast-seo-wordpress\/ -->\n<title>Afganos refugiados en M\u00e9xico recibir\u00e1n visa humanitaria - Fuentes Fidedignas<\/title>\n<meta name=\"robots\" content=\"index, follow, max-snippet:-1, max-image-preview:large, max-video-preview:-1\" \/>\n<link rel=\"canonical\" href=\"https:\/\/fuentesfidedignas.com.mx\/index.php\/2021\/08\/25\/afganos-refugiados-en-mexico-recibiran-visa-humanitaria\/\" \/>\n<meta property=\"og:locale\" content=\"es_MX\" \/>\n<meta property=\"og:type\" content=\"article\" \/>\n<meta property=\"og:title\" content=\"Afganos refugiados en M\u00e9xico recibir\u00e1n visa humanitaria - Fuentes Fidedignas\" \/>\n<meta property=\"og:description\" content=\"Martha Delgado, subsecretaria de Asuntos Multilaterales de la canciller\u00eda detall\u00f3 que ayer lleg\u00f3 a M\u00e9xico el equipo de rob\u00f3tica y esta madrugada arribaron 124 periodistas y sus familias procedentes de Qatar Ciudad de M\u00e9xico.- Los 130 afganos que lograron salir de su pa\u00eds ante el regreso del Talib\u00e1n al poder y que en las \u00faltimas [&hellip;]\" \/>\n<meta property=\"og:url\" content=\"https:\/\/fuentesfidedignas.com.mx\/index.php\/2021\/08\/25\/afganos-refugiados-en-mexico-recibiran-visa-humanitaria\/\" \/>\n<meta property=\"og:site_name\" content=\"Fuentes Fidedignas\" \/>\n<meta property=\"article:publisher\" content=\"https:\/\/www.facebook.com\/Fuentes-Fidedignas-368234489921644\" \/>\n<meta property=\"article:published_time\" content=\"2021-08-25T20:23:36+00:00\" \/>\n<meta property=\"article:modified_time\" content=\"2021-08-25T20:23:38+00:00\" \/>\n<meta property=\"og:image\" content=\"https:\/\/fuentesfidedignas.com.mx\/wp-content\/uploads\/2021\/08\/AFGANOS_1.jpg\" \/>\n\t<meta property=\"og:image:width\" content=\"800\" \/>\n\t<meta property=\"og:image:height\" content=\"600\" \/>\n\t<meta property=\"og:image:type\" content=\"image\/jpeg\" \/>\n<meta name=\"author\" content=\"Exc\u00e9lsior\" \/>\n<meta name=\"twitter:card\" content=\"summary_large_image\" \/>\n<meta name=\"twitter:creator\" content=\"@fidedignas\" \/>\n<meta name=\"twitter:site\" content=\"@fidedignas\" \/>\n<meta name=\"twitter:label1\" content=\"Escrito por\" \/>\n\t<meta name=\"twitter:data1\" content=\"Exc\u00e9lsior\" \/>\n\t<meta name=\"twitter:label2\" content=\"Tiempo de lectura\" \/>\n\t<meta name=\"twitter:data2\" content=\"2 minutos\" \/>\n<script type=\"application\/ld+json\" class=\"yoast-schema-graph\">{\"@context\":\"https:\\\/\\\/schema.org\",\"@graph\":[{\"@type\":\"Article\",\"@id\":\"https:\\\/\\\/fuentesfidedignas.com.mx\\\/index.php\\\/2021\\\/08\\\/25\\\/afganos-refugiados-en-mexico-recibiran-visa-humanitaria\\\/#article\",\"isPartOf\":{\"@id\":\"https:\\\/\\\/fuentesfidedignas.com.mx\\\/index.php\\\/2021\\\/08\\\/25\\\/afganos-refugiados-en-mexico-recibiran-visa-humanitaria\\\/\"},\"author\":{\"name\":\"Exc\u00e9lsior\",\"@id\":\"https:\\\/\\\/fuentesfidedignas.com.mx\\\/#\\\/schema\\\/person\\\/ec4edd1fbf5efa3e44fce34fe2787780\"},\"headline\":\"Afganos refugiados en M\u00e9xico recibir\u00e1n visa humanitaria\",\"datePublished\":\"2021-08-25T20:23:36+00:00\",\"dateModified\":\"2021-08-25T20:23:38+00:00\",\"mainEntityOfPage\":{\"@id\":\"https:\\\/\\\/fuentesfidedignas.com.mx\\\/index.php\\\/2021\\\/08\\\/25\\\/afganos-refugiados-en-mexico-recibiran-visa-humanitaria\\\/\"},\"wordCount\":340,\"commentCount\":0,\"publisher\":{\"@id\":\"https:\\\/\\\/fuentesfidedignas.com.mx\\\/#organization\"},\"image\":{\"@id\":\"https:\\\/\\\/fuentesfidedignas.com.mx\\\/index.php\\\/2021\\\/08\\\/25\\\/afganos-refugiados-en-mexico-recibiran-visa-humanitaria\\\/#primaryimage\"},\"thumbnailUrl\":\"https:\\\/\\\/fuentesfidedignas.com.mx\\\/wp-content\\\/uploads\\\/2021\\\/08\\\/AFGANOS_1.jpg\",\"keywords\":[\"Afganist\u00e1n\",\"Afganos\",\"Qatar\",\"Visa humanitaria\"],\"articleSection\":[\"NOTICIAS NACIONALES\"],\"inLanguage\":\"es\",\"potentialAction\":[{\"@type\":\"CommentAction\",\"name\":\"Comment\",\"target\":[\"https:\\\/\\\/fuentesfidedignas.com.mx\\\/index.php\\\/2021\\\/08\\\/25\\\/afganos-refugiados-en-mexico-recibiran-visa-humanitaria\\\/#respond\"]}]},{\"@type\":\"WebPage\",\"@id\":\"https:\\\/\\\/fuentesfidedignas.com.mx\\\/index.php\\\/2021\\\/08\\\/25\\\/afganos-refugiados-en-mexico-recibiran-visa-humanitaria\\\/\",\"url\":\"https:\\\/\\\/fuentesfidedignas.com.mx\\\/index.php\\\/2021\\\/08\\\/25\\\/afganos-refugiados-en-mexico-recibiran-visa-humanitaria\\\/\",\"name\":\"Afganos refugiados en M\u00e9xico recibir\u00e1n visa humanitaria - Fuentes Fidedignas\",\"isPartOf\":{\"@id\":\"https:\\\/\\\/fuentesfidedignas.com.mx\\\/#website\"},\"primaryImageOfPage\":{\"@id\":\"https:\\\/\\\/fuentesfidedignas.com.mx\\\/index.php\\\/2021\\\/08\\\/25\\\/afganos-refugiados-en-mexico-recibiran-visa-humanitaria\\\/#primaryimage\"},\"image\":{\"@id\":\"https:\\\/\\\/fuentesfidedignas.com.mx\\\/index.php\\\/2021\\\/08\\\/25\\\/afganos-refugiados-en-mexico-recibiran-visa-humanitaria\\\/#primaryimage\"},\"thumbnailUrl\":\"https:\\\/\\\/fuentesfidedignas.com.mx\\\/wp-content\\\/uploads\\\/2021\\\/08\\\/AFGANOS_1.jpg\",\"datePublished\":\"2021-08-25T20:23:36+00:00\",\"dateModified\":\"2021-08-25T20:23:38+00:00\",\"breadcrumb\":{\"@id\":\"https:\\\/\\\/fuentesfidedignas.com.mx\\\/index.php\\\/2021\\\/08\\\/25\\\/afganos-refugiados-en-mexico-recibiran-visa-humanitaria\\\/#breadcrumb\"},\"inLanguage\":\"es\",\"potentialAction\":[{\"@type\":\"ReadAction\",\"target\":[\"https:\\\/\\\/fuentesfidedignas.com.mx\\\/index.php\\\/2021\\\/08\\\/25\\\/afganos-refugiados-en-mexico-recibiran-visa-humanitaria\\\/\"]}]},{\"@type\":\"ImageObject\",\"inLanguage\":\"es\",\"@id\":\"https:\\\/\\\/fuentesfidedignas.com.mx\\\/index.php\\\/2021\\\/08\\\/25\\\/afganos-refugiados-en-mexico-recibiran-visa-humanitaria\\\/#primaryimage\",\"url\":\"https:\\\/\\\/fuentesfidedignas.com.mx\\\/wp-content\\\/uploads\\\/2021\\\/08\\\/AFGANOS_1.jpg\",\"contentUrl\":\"https:\\\/\\\/fuentesfidedignas.com.mx\\\/wp-content\\\/uploads\\\/2021\\\/08\\\/AFGANOS_1.jpg\",\"width\":800,\"height\":600},{\"@type\":\"BreadcrumbList\",\"@id\":\"https:\\\/\\\/fuentesfidedignas.com.mx\\\/index.php\\\/2021\\\/08\\\/25\\\/afganos-refugiados-en-mexico-recibiran-visa-humanitaria\\\/#breadcrumb\",\"itemListElement\":[{\"@type\":\"ListItem\",\"position\":1,\"name\":\"Inicio\",\"item\":\"https:\\\/\\\/fuentesfidedignas.com.mx\\\/\"},{\"@type\":\"ListItem\",\"position\":2,\"name\":\"Afganos refugiados en M\u00e9xico recibir\u00e1n visa humanitaria\"}]},{\"@type\":\"WebSite\",\"@id\":\"https:\\\/\\\/fuentesfidedignas.com.mx\\\/#website\",\"url\":\"https:\\\/\\\/fuentesfidedignas.com.mx\\\/\",\"name\":\"Fuentes Fidedignas\",\"description\":\"Otro sitio realizado con WordPress\",\"publisher\":{\"@id\":\"https:\\\/\\\/fuentesfidedignas.com.mx\\\/#organization\"},\"potentialAction\":[{\"@type\":\"SearchAction\",\"target\":{\"@type\":\"EntryPoint\",\"urlTemplate\":\"https:\\\/\\\/fuentesfidedignas.com.mx\\\/?s={search_term_string}\"},\"query-input\":{\"@type\":\"PropertyValueSpecification\",\"valueRequired\":true,\"valueName\":\"search_term_string\"}}],\"inLanguage\":\"es\"},{\"@type\":\"Organization\",\"@id\":\"https:\\\/\\\/fuentesfidedignas.com.mx\\\/#organization\",\"name\":\"Fuentes Fidedignas\",\"url\":\"https:\\\/\\\/fuentesfidedignas.com.mx\\\/\",\"logo\":{\"@type\":\"ImageObject\",\"inLanguage\":\"es\",\"@id\":\"https:\\\/\\\/fuentesfidedignas.com.mx\\\/#\\\/schema\\\/logo\\\/image\\\/\",\"url\":\"https:\\\/\\\/fuentesfidedignas.com.mx\\\/wp-content\\\/uploads\\\/2021\\\/04\\\/logo-retina.png\",\"contentUrl\":\"https:\\\/\\\/fuentesfidedignas.com.mx\\\/wp-content\\\/uploads\\\/2021\\\/04\\\/logo-retina.png\",\"width\":280,\"height\":51,\"caption\":\"Fuentes Fidedignas\"},\"image\":{\"@id\":\"https:\\\/\\\/fuentesfidedignas.com.mx\\\/#\\\/schema\\\/logo\\\/image\\\/\"},\"sameAs\":[\"https:\\\/\\\/www.facebook.com\\\/Fuentes-Fidedignas-368234489921644\",\"https:\\\/\\\/x.com\\\/fidedignas\"]},{\"@type\":\"Person\",\"@id\":\"https:\\\/\\\/fuentesfidedignas.com.mx\\\/#\\\/schema\\\/person\\\/ec4edd1fbf5efa3e44fce34fe2787780\",\"name\":\"Exc\u00e9lsior\",\"image\":{\"@type\":\"ImageObject\",\"inLanguage\":\"es\",\"@id\":\"https:\\\/\\\/secure.gravatar.com\\\/avatar\\\/4b7ee9206b48be08447852b3f0814dbc7c0f3b51541b164f1464a2725614020b?s=96&d=mm&r=g\",\"url\":\"https:\\\/\\\/secure.gravatar.com\\\/avatar\\\/4b7ee9206b48be08447852b3f0814dbc7c0f3b51541b164f1464a2725614020b?s=96&d=mm&r=g\",\"contentUrl\":\"https:\\\/\\\/secure.gravatar.com\\\/avatar\\\/4b7ee9206b48be08447852b3f0814dbc7c0f3b51541b164f1464a2725614020b?s=96&d=mm&r=g\",\"caption\":\"Exc\u00e9lsior\"},\"url\":\"https:\\\/\\\/fuentesfidedignas.com.mx\\\/index.php\\\/author\\\/excelsior\\\/\"}]}<\/script>\n<!-- \/ Yoast SEO plugin. -->","yoast_head_json":{"title":"Afganos refugiados en M\u00e9xico recibir\u00e1n visa humanitaria - Fuentes Fidedignas","robots":{"index":"index","follow":"follow","max-snippet":"max-snippet:-1","max-image-preview":"max-image-preview:large","max-video-preview":"max-video-preview:-1"},"canonical":"https:\/\/fuentesfidedignas.com.mx\/index.php\/2021\/08\/25\/afganos-refugiados-en-mexico-recibiran-visa-humanitaria\/","og_locale":"es_MX","og_type":"article","og_title":"Afganos refugiados en M\u00e9xico recibir\u00e1n visa humanitaria - Fuentes Fidedignas","og_description":"Martha Delgado, subsecretaria de Asuntos Multilaterales de la canciller\u00eda detall\u00f3 que ayer lleg\u00f3 a M\u00e9xico el equipo de rob\u00f3tica y esta madrugada arribaron 124 periodistas y sus familias procedentes de Qatar Ciudad de M\u00e9xico.- Los 130 afganos que lograron salir de su pa\u00eds ante el regreso del Talib\u00e1n al poder y que en las \u00faltimas [&hellip;]","og_url":"https:\/\/fuentesfidedignas.com.mx\/index.php\/2021\/08\/25\/afganos-refugiados-en-mexico-recibiran-visa-humanitaria\/","og_site_name":"Fuentes Fidedignas","article_publisher":"https:\/\/www.facebook.com\/Fuentes-Fidedignas-368234489921644","article_published_time":"2021-08-25T20:23:36+00:00","article_modified_time":"2021-08-25T20:23:38+00:00","og_image":[{"width":800,"height":600,"url":"https:\/\/fuentesfidedignas.com.mx\/wp-content\/uploads\/2021\/08\/AFGANOS_1.jpg","type":"image\/jpeg"}],"author":"Exc\u00e9lsior","twitter_card":"summary_large_image","twitter_creator":"@fidedignas","twitter_site":"@fidedignas","twitter_misc":{"Escrito por":"Exc\u00e9lsior","Tiempo de lectura":"2 minutos"},"schema":{"@context":"https:\/\/schema.org","@graph":[{"@type":"Article","@id":"https:\/\/fuentesfidedignas.com.mx\/index.php\/2021\/08\/25\/afganos-refugiados-en-mexico-recibiran-visa-humanitaria\/#article","isPartOf":{"@id":"https:\/\/fuentesfidedignas.com.mx\/index.php\/2021\/08\/25\/afganos-refugiados-en-mexico-recibiran-visa-humanitaria\/"},"author":{"name":"Exc\u00e9lsior","@id":"https:\/\/fuentesfidedignas.com.mx\/#\/schema\/person\/ec4edd1fbf5efa3e44fce34fe2787780"},"headline":"Afganos refugiados en M\u00e9xico recibir\u00e1n visa humanitaria","datePublished":"2021-08-25T20:23:36+00:00","dateModified":"2021-08-25T20:23:38+00:00","mainEntityOfPage":{"@id":"https:\/\/fuentesfidedignas.com.mx\/index.php\/2021\/08\/25\/afganos-refugiados-en-mexico-recibiran-visa-humanitaria\/"},"wordCount":340,"commentCount":0,"publisher":{"@id":"https:\/\/fuentesfidedignas.com.mx\/#organization"},"image":{"@id":"https:\/\/fuentesfidedignas.com.mx\/index.php\/2021\/08\/25\/afganos-refugiados-en-mexico-recibiran-visa-humanitaria\/#primaryimage"},"thumbnailUrl":"https:\/\/fuentesfidedignas.com.mx\/wp-content\/uploads\/2021\/08\/AFGANOS_1.jpg","keywords":["Afganist\u00e1n","Afganos","Qatar","Visa humanitaria"],"articleSection":["NOTICIAS NACIONALES"],"inLanguage":"es","potentialAction":[{"@type":"CommentAction","name":"Comment","target":["https:\/\/fuentesfidedignas.com.mx\/index.php\/2021\/08\/25\/afganos-refugiados-en-mexico-recibiran-visa-humanitaria\/#respond"]}]},{"@type":"WebPage","@id":"https:\/\/fuentesfidedignas.com.mx\/index.php\/2021\/08\/25\/afganos-refugiados-en-mexico-recibiran-visa-humanitaria\/","url":"https:\/\/fuentesfidedignas.com.mx\/index.php\/2021\/08\/25\/afganos-refugiados-en-mexico-recibiran-visa-humanitaria\/","name":"Afganos refugiados en M\u00e9xico recibir\u00e1n visa humanitaria - Fuentes Fidedignas","isPartOf":{"@id":"https:\/\/fuentesfidedignas.com.mx\/#website"},"primaryImageOfPage":{"@id":"https:\/\/fuentesfidedignas.com.mx\/index.php\/2021\/08\/25\/afganos-refugiados-en-mexico-recibiran-visa-humanitaria\/#primaryimage"},"image":{"@id":"https:\/\/fuentesfidedignas.com.mx\/index.php\/2021\/08\/25\/afganos-refugiados-en-mexico-recibiran-visa-humanitaria\/#primaryimage"},"thumbnailUrl":"https:\/\/fuentesfidedignas.com.mx\/wp-content\/uploads\/2021\/08\/AFGANOS_1.jpg","datePublished":"2021-08-25T20:23:36+00:00","dateModified":"2021-08-25T20:23:38+00:00","breadcrumb":{"@id":"https:\/\/fuentesfidedignas.com.mx\/index.php\/2021\/08\/25\/afganos-refugiados-en-mexico-recibiran-visa-humanitaria\/#breadcrumb"},"inLanguage":"es","potentialAction":[{"@type":"ReadAction","target":["https:\/\/fuentesfidedignas.com.mx\/index.php\/2021\/08\/25\/afganos-refugiados-en-mexico-recibiran-visa-humanitaria\/"]}]},{"@type":"ImageObject","inLanguage":"es","@id":"https:\/\/fuentesfidedignas.com.mx\/index.php\/2021\/08\/25\/afganos-refugiados-en-mexico-recibiran-visa-humanitaria\/#primaryimage","url":"https:\/\/fuentesfidedignas.com.mx\/wp-content\/uploads\/2021\/08\/AFGANOS_1.jpg","contentUrl":"https:\/\/fuentesfidedignas.com.mx\/wp-content\/uploads\/2021\/08\/AFGANOS_1.jpg","width":800,"height":600},{"@type":"BreadcrumbList","@id":"https:\/\/fuentesfidedignas.com.mx\/index.php\/2021\/08\/25\/afganos-refugiados-en-mexico-recibiran-visa-humanitaria\/#breadcrumb","itemListElement":[{"@type":"ListItem","position":1,"name":"Inicio","item":"https:\/\/fuentesfidedignas.com.mx\/"},{"@type":"ListItem","position":2,"name":"Afganos refugiados en M\u00e9xico recibir\u00e1n visa humanitaria"}]},{"@type":"WebSite","@id":"https:\/\/fuentesfidedignas.com.mx\/#website","url":"https:\/\/fuentesfidedignas.com.mx\/","name":"Fuentes Fidedignas","description":"Otro sitio realizado con WordPress","publisher":{"@id":"https:\/\/fuentesfidedignas.com.mx\/#organization"},"potentialAction":[{"@type":"SearchAction","target":{"@type":"EntryPoint","urlTemplate":"https:\/\/fuentesfidedignas.com.mx\/?s={search_term_string}"},"query-input":{"@type":"PropertyValueSpecification","valueRequired":true,"valueName":"search_term_string"}}],"inLanguage":"es"},{"@type":"Organization","@id":"https:\/\/fuentesfidedignas.com.mx\/#organization","name":"Fuentes Fidedignas","url":"https:\/\/fuentesfidedignas.com.mx\/","logo":{"@type":"ImageObject","inLanguage":"es","@id":"https:\/\/fuentesfidedignas.com.mx\/#\/schema\/logo\/image\/","url":"https:\/\/fuentesfidedignas.com.mx\/wp-content\/uploads\/2021\/04\/logo-retina.png","contentUrl":"https:\/\/fuentesfidedignas.com.mx\/wp-content\/uploads\/2021\/04\/logo-retina.png","width":280,"height":51,"caption":"Fuentes Fidedignas"},"image":{"@id":"https:\/\/fuentesfidedignas.com.mx\/#\/schema\/logo\/image\/"},"sameAs":["https:\/\/www.facebook.com\/Fuentes-Fidedignas-368234489921644","https:\/\/x.com\/fidedignas"]},{"@type":"Person","@id":"https:\/\/fuentesfidedignas.com.mx\/#\/schema\/person\/ec4edd1fbf5efa3e44fce34fe2787780","name":"Exc\u00e9lsior","image":{"@type":"ImageObject","inLanguage":"es","@id":"https:\/\/secure.gravatar.com\/avatar\/4b7ee9206b48be08447852b3f0814dbc7c0f3b51541b164f1464a2725614020b?s=96&d=mm&r=g","url":"https:\/\/secure.gravatar.com\/avatar\/4b7ee9206b48be08447852b3f0814dbc7c0f3b51541b164f1464a2725614020b?s=96&d=mm&r=g","contentUrl":"https:\/\/secure.gravatar.com\/avatar\/4b7ee9206b48be08447852b3f0814dbc7c0f3b51541b164f1464a2725614020b?s=96&d=mm&r=g","caption":"Exc\u00e9lsior"},"url":"https:\/\/fuentesfidedignas.com.mx\/index.php\/author\/excelsior\/"}]}},"_links":{"self":[{"href":"https:\/\/fuentesfidedignas.com.mx\/index.php\/wp-json\/wp\/v2\/posts\/10784","targetHints":{"allow":["GET"]}}],"collection":[{"href":"https:\/\/fuentesfidedignas.com.mx\/index.php\/wp-json\/wp\/v2\/posts"}],"about":[{"href":"https:\/\/fuentesfidedignas.com.mx\/index.php\/wp-json\/wp\/v2\/types\/post"}],"author":[{"embeddable":true,"href":"https:\/\/fuentesfidedignas.com.mx\/index.php\/wp-json\/wp\/v2\/users\/7"}],"replies":[{"embeddable":true,"href":"https:\/\/fuentesfidedignas.com.mx\/index.php\/wp-json\/wp\/v2\/comments?post=10784"}],"version-history":[{"count":1,"href":"https:\/\/fuentesfidedignas.com.mx\/index.php\/wp-json\/wp\/v2\/posts\/10784\/revisions"}],"predecessor-version":[{"id":10786,"href":"https:\/\/fuentesfidedignas.com.mx\/index.php\/wp-json\/wp\/v2\/posts\/10784\/revisions\/10786"}],"wp:featuredmedia":[{"embeddable":true,"href":"https:\/\/fuentesfidedignas.com.mx\/index.php\/wp-json\/wp\/v2\/media\/10785"}],"wp:attachment":[{"href":"https:\/\/fuentesfidedignas.com.mx\/index.php\/wp-json\/wp\/v2\/media?parent=10784"}],"wp:term":[{"taxonomy":"category","embeddable":true,"href":"https:\/\/fuentesfidedignas.com.mx\/index.php\/wp-json\/wp\/v2\/categories?post=10784"},{"taxonomy":"post_tag","embeddable":true,"href":"https:\/\/fuentesfidedignas.com.mx\/index.php\/wp-json\/wp\/v2\/tags?post=10784"}],"curies":[{"name":"wp","href":"https:\/\/api.w.org\/{rel}","templated":true}]}}